{"id":7748,"date":"2025-07-25T13:39:16","date_gmt":"2025-07-25T12:39:16","guid":{"rendered":"https:\/\/www.smedemokrati.sk\/?p=7748"},"modified":"2025-07-25T13:39:33","modified_gmt":"2025-07-25T12:39:33","slug":"matus-sutaj-estok-musi-odstupit-a-policia-ho-musi-vysetrovat","status":"publish","type":"post","link":"https:\/\/www.smedemokrati.sk\/cs\/matus-sutaj-estok-musi-odstupit-a-policia-ho-musi-vysetrovat\/","title":{"rendered":"Mat\u00fa\u0161 \u0160utaj E\u0161tok mus\u00ed odst\u00fapi\u0165 a pol\u00edcia ho mus\u00ed vy\u0161etrova\u0165"},"content":{"rendered":"<div id=\"fb-root\"><\/div>\n\n<p><strong>Mat\u00fa\u0161 \u0160utaj E\u0161tok sa po priznan\u00ed z\u00e1mern\u00e9ho poru\u0161enia z\u00e1kona mus\u00ed vzda\u0165 mand\u00e1tu ministra. Demokrati hovoria, \u017ee pr\u00edpad mus\u00ed riadne pre\u0161etri\u0165 pol\u00edcia a pozornos\u0165 by mu mal venova\u0165 aj gener\u00e1lny prokur\u00e1tor Maro\u0161 \u017dilinka. Strana takto reaguje na vyjadrenie predsedu Hlasu a z\u00e1rove\u0148 ministra vn\u00fatra Mat\u00fa\u0161a \u0160utaja E\u0161toka, \u017ee financie, ktor\u00e9 strane darovala sestra Petra Pellegriniho, neboli vyk\u00e1zan\u00e9 tak, ako k\u00e1\u017ee z\u00e1kon, preto\u017ee by si z nich robila \u017earty satirick\u00e1 str\u00e1nka Zomri.<\/strong><\/p>\n\n\n\n<p><em>\u201eToto je absurdn\u00e9. Najprv sa nieko\u013eko dn\u00ed vyhov\u00e1raj\u00fa predstavitelia Hlasu a nemaj\u00fa ani to\u013eko chochmesu, aby si aspo\u0148 skoordinovali stanovisk\u00e1, preto\u017ee ka\u017ed\u00fd podal in\u00e9 vysvetlenie. A potom sa predseda Hlasu prizn\u00e1, \u017ee z\u00e1merne poru\u0161il z\u00e1kon. Ak je pol\u00edcia e\u0161te ako-tak nezaujat\u00e1 a postupuje v\u00fdlu\u010dne pod\u013ea predpisov, mus\u00ed za\u010da\u0165 kona\u0165 sama. Tie\u017e budeme sledova\u0165, ako zareaguje gener\u00e1lny prokur\u00e1tor, preto\u017ee je nemyslite\u013en\u00e9, aby osoba, ktor\u00e1 m\u00e1 na starosti policajn\u00fd zbor, z\u00e1merne poru\u0161ovala z\u00e1kon a zostala bez riadneho vy\u0161etrenia. Po\u010dk\u00e1me nieko\u013eko dn\u00ed a ak sa vec nepohne, pod\u00e1me trestn\u00e9 ozn\u00e1menie,\u201c<\/em>&nbsp;hovor\u00ed Jaroslav Na\u010f, predseda Demokratov, ktor\u00fd z\u00e1rove\u0148 menoval 20 konkr\u00e9tnych k\u00e1uz, pre ktor\u00e9 mal Mat\u00fa\u0161 \u0160utaj E\u0161tok u\u017e d\u00e1vno odst\u00fapi\u0165. Vyzval preto ministra vn\u00fatra, aby tak okam\u017eite urobil v s\u00favislosti so zjavne pochybn\u00fdm financovan\u00edm strany.<\/p>\n\n\n\n<p><em>\u201eT\u00e1to v\u00fdzva z na\u0161ej strany je absol\u00fatne jasn\u00e1 a argument obhajoby poru\u0161enia z\u00e1kona je neuverite\u013en\u00fd, &#8222;lebo Zomri&#8220;. Mo\u017eno ak by \u0160utaja E\u0161toka vyzvali na odst\u00fapenie pr\u00e1ve zo Zomri, tak by odst\u00fapil. Evidentne cel\u00e9 vysvetlenie p\u00f4\u017ei\u010dky od pani Pellegrini je klamstvo. Kto m\u00e1 e\u0161te veri\u0165 ministrovi vn\u00fatra a prezidentovi tejto krajiny? Najprv to bola administrat\u00edvna chyba, potom ich upozornila \u0160t\u00e1tna volebn\u00e1 komisia, teraz je to zrazu strat\u00e9gia, &#8222;lebo Zomri&#8220;. Ak by bolo v\u0161etko s kostoln\u00fdm poriadkom, ak\u00fd probl\u00e9m je poveda\u0165, \u017ee tu je firma sestry p\u00e1na Pellegriniho, ktorej sa dar\u00ed a ktor\u00e1 sa rozhodla podpori\u0165 svojho brata? Bolo by to jasn\u00e9 a pochopite\u013en\u00e9. Ale zrejme to bolo inak. To len potvrdzuje na\u0161e tvrdenia, \u017ee cel\u00e1 prezidentsk\u00e1 kampa\u0148 nebola f\u00e9rov\u00e1 a \u017ee s prib\u00fadaj\u00facim \u010dasom budeme e\u0161te prekvapen\u00ed, kto s\u00fa hlavn\u00ed sponzori a financovatelia \u0160utaja E\u0161toka a Hlasu,\u201c<\/em>\u00a0uzatv\u00e1ra t\u00e9mu Juraj \u0160eliga, podpredseda strany.<\/p>\n\n\n<div class=\"fb-video\" data-href=\"https:\/\/fb.watch\/B2_G2elDON\" data-allowfullscreen=\"true\" data-autoplay=\"false\" data-width=\"\" data-show-text=\"false\" data-show-captions=\"true\"><\/div>\n","protected":false},"excerpt":{"rendered":"<p>Mat\u00fa\u0161 \u0160utaj E\u0161tok sa po priznan\u00ed z\u00e1mern\u00e9ho poru\u0161enia z\u00e1kona mus\u00ed vzda\u0165 mand\u00e1tu ministra. Demokrati hovoria, \u017ee pr\u00edpad mus\u00ed riadne pre\u0161etri\u0165 pol\u00edcia a pozornos\u0165 by mu mal venova\u0165 aj gener\u00e1lny prokur\u00e1tor Maro\u0161 \u017dilinka. Strana takto reaguje na vyjadrenie predsedu Hlasu a z\u00e1rove\u0148 ministra vn\u00fatra Mat\u00fa\u0161a \u0160utaja E\u0161toka, \u017ee financie, ktor\u00e9 strane darovala sestra Petra Pellegriniho, neboli [&hellip;]<\/p>\n","protected":false},"author":13,"featured_media":7750,"comment_status":"closed","ping_status":"closed","sticky":false,"template":"","format":"standard","meta":{"_acf_changed":false,"ngg_post_thumbnail":0,"footnotes":""},"categories":[4],"tags":[],"class_list":["post-7748","post","type-post","status-publish","format-standard","has-post-thumbnail","hentry","category-tlacove-spravy"],"acf":[],"yoast_head":"<!-- This site is optimized with the Yoast SEO plugin v27.2 - https:\/\/yoast.com\/product\/yoast-seo-wordpress\/ -->\n<title>Mat\u00fa\u0161 \u0160utaj E\u0161tok mus\u00ed odst\u00fapi\u0165 a pol\u00edcia ho mus\u00ed vy\u0161etrova\u0165<\/title>\n<meta name=\"description\" content=\"Mat\u00fa\u0161 \u0160utaj E\u0161tok sa po priznan\u00ed z\u00e1mern\u00e9ho poru\u0161enia z\u00e1kona mus\u00ed vzda\u0165 mand\u00e1tu ministra. Demokrati hovoria, \u017ee pr\u00edpad mus\u00ed riadne pre\u0161etri\u0165 pol\u00edcia a pozornos\u0165 by mu mal venova\u0165 aj gener\u00e1lny prokur\u00e1tor Maro\u0161 \u017dilinka. Strana takto reaguje na vyjadrenie predsedu Hlasu a z\u00e1rove\u0148 ministra vn\u00fatra Mat\u00fa\u0161a \u0160utaja E\u0161toka, \u017ee financie, ktor\u00e9 strane darovala sestra Petra Pellegriniho, neboli vyk\u00e1zan\u00e9 tak, ako k\u00e1\u017ee z\u00e1kon, preto\u017ee by si z nich robila \u017earty satirick\u00e1 str\u00e1nka Zomri.\" \/>\n<meta name=\"robots\" content=\"index, follow, max-snippet:-1, max-image-preview:large, max-video-preview:-1\" \/>\n<link rel=\"canonical\" href=\"https:\/\/www.smedemokrati.sk\/cs\/matus-sutaj-estok-musi-odstupit-a-policia-ho-musi-vysetrovat\/\" \/>\n<meta property=\"og:locale\" content=\"cs_CZ\" \/>\n<meta property=\"og:locale:alternate\" content=\"en_US\" \/>\n<meta property=\"og:locale:alternate\" content=\"hu_HU\" \/>\n<meta property=\"og:locale:alternate\" content=\"sk_SK\" \/>\n<meta property=\"og:locale:alternate\" content=\"sv_SE\" \/>\n<meta property=\"og:type\" content=\"article\" \/>\n<meta property=\"og:title\" content=\"Mat\u00fa\u0161 \u0160utaj E\u0161tok mus\u00ed odst\u00fapi\u0165 a pol\u00edcia ho mus\u00ed vy\u0161etrova\u0165\" \/>\n<meta property=\"og:description\" content=\"Mat\u00fa\u0161 \u0160utaj E\u0161tok sa po priznan\u00ed z\u00e1mern\u00e9ho poru\u0161enia z\u00e1kona mus\u00ed vzda\u0165 mand\u00e1tu ministra. Demokrati hovoria, \u017ee pr\u00edpad mus\u00ed riadne pre\u0161etri\u0165 pol\u00edcia a pozornos\u0165 by mu mal venova\u0165 aj gener\u00e1lny prokur\u00e1tor Maro\u0161 \u017dilinka. Strana takto reaguje na vyjadrenie predsedu Hlasu a z\u00e1rove\u0148 ministra vn\u00fatra Mat\u00fa\u0161a \u0160utaja E\u0161toka, \u017ee financie, ktor\u00e9 strane darovala sestra Petra Pellegriniho, neboli vyk\u00e1zan\u00e9 tak, ako k\u00e1\u017ee z\u00e1kon, preto\u017ee by si z nich robila \u017earty satirick\u00e1 str\u00e1nka Zomri.\" \/>\n<meta property=\"og:url\" content=\"https:\/\/www.smedemokrati.sk\/cs\/matus-sutaj-estok-musi-odstupit-a-policia-ho-musi-vysetrovat\/\" \/>\n<meta property=\"og:site_name\" content=\"Smedemokrati.sk\" \/>\n<meta property=\"article:publisher\" content=\"https:\/\/www.facebook.com\/smedemokrati2023\" \/>\n<meta property=\"article:published_time\" content=\"2025-07-25T12:39:16+00:00\" \/>\n<meta property=\"article:modified_time\" content=\"2025-07-25T12:39:33+00:00\" \/>\n<meta property=\"og:image\" content=\"https:\/\/www.smedemokrati.sk\/wp-content\/uploads\/2025\/07\/estok-musi-odist.jpg\" \/>\n\t<meta property=\"og:image:width\" content=\"1665\" \/>\n\t<meta property=\"og:image:height\" content=\"935\" \/>\n\t<meta property=\"og:image:type\" content=\"image\/jpeg\" \/>\n<meta name=\"author\" content=\"miro.sopko\" \/>\n<meta name=\"twitter:card\" content=\"summary_large_image\" \/>\n<meta name=\"twitter:label1\" content=\"Napsal(a)\" \/>\n\t<meta name=\"twitter:data1\" content=\"miro.sopko\" \/>\n\t<meta name=\"twitter:label2\" content=\"Odhadovan\u00e1 doba \u010dten\u00ed\" \/>\n\t<meta name=\"twitter:data2\" content=\"3 minuty\" \/>\n<script type=\"application\/ld+json\" class=\"yoast-schema-graph\">{\"@context\":\"https:\/\/schema.org\",\"@graph\":[{\"@type\":\"Article\",\"@id\":\"https:\/\/www.smedemokrati.sk\/matus-sutaj-estok-musi-odstupit-a-policia-ho-musi-vysetrovat\/#article\",\"isPartOf\":{\"@id\":\"https:\/\/www.smedemokrati.sk\/matus-sutaj-estok-musi-odstupit-a-policia-ho-musi-vysetrovat\/\"},\"author\":{\"name\":\"miro.sopko\",\"@id\":\"https:\/\/www.smedemokrati.sk\/#\/schema\/person\/21f147c88d605aa7ded900e1e7c344ba\"},\"headline\":\"Mat\u00fa\u0161 \u0160utaj E\u0161tok mus\u00ed odst\u00fapi\u0165 a pol\u00edcia ho mus\u00ed vy\u0161etrova\u0165\",\"datePublished\":\"2025-07-25T12:39:16+00:00\",\"dateModified\":\"2025-07-25T12:39:33+00:00\",\"mainEntityOfPage\":{\"@id\":\"https:\/\/www.smedemokrati.sk\/matus-sutaj-estok-musi-odstupit-a-policia-ho-musi-vysetrovat\/\"},\"wordCount\":450,\"publisher\":{\"@id\":\"https:\/\/www.smedemokrati.sk\/#organization\"},\"image\":{\"@id\":\"https:\/\/www.smedemokrati.sk\/matus-sutaj-estok-musi-odstupit-a-policia-ho-musi-vysetrovat\/#primaryimage\"},\"thumbnailUrl\":\"https:\/\/www.smedemokrati.sk\/wp-content\/uploads\/2025\/07\/estok-musi-odist.jpg\",\"articleSection\":[\"Tla\u010dov\u00e9 spr\u00e1vy\"],\"inLanguage\":\"cs-CZ\"},{\"@type\":\"WebPage\",\"@id\":\"https:\/\/www.smedemokrati.sk\/matus-sutaj-estok-musi-odstupit-a-policia-ho-musi-vysetrovat\/\",\"url\":\"https:\/\/www.smedemokrati.sk\/matus-sutaj-estok-musi-odstupit-a-policia-ho-musi-vysetrovat\/\",\"name\":\"Mat\u00fa\u0161 \u0160utaj E\u0161tok mus\u00ed odst\u00fapi\u0165 a pol\u00edcia ho mus\u00ed vy\u0161etrova\u0165\",\"isPartOf\":{\"@id\":\"https:\/\/www.smedemokrati.sk\/#website\"},\"primaryImageOfPage\":{\"@id\":\"https:\/\/www.smedemokrati.sk\/matus-sutaj-estok-musi-odstupit-a-policia-ho-musi-vysetrovat\/#primaryimage\"},\"image\":{\"@id\":\"https:\/\/www.smedemokrati.sk\/matus-sutaj-estok-musi-odstupit-a-policia-ho-musi-vysetrovat\/#primaryimage\"},\"thumbnailUrl\":\"https:\/\/www.smedemokrati.sk\/wp-content\/uploads\/2025\/07\/estok-musi-odist.jpg\",\"datePublished\":\"2025-07-25T12:39:16+00:00\",\"dateModified\":\"2025-07-25T12:39:33+00:00\",\"description\":\"Mat\u00fa\u0161 \u0160utaj E\u0161tok sa po priznan\u00ed z\u00e1mern\u00e9ho poru\u0161enia z\u00e1kona mus\u00ed vzda\u0165 mand\u00e1tu ministra. Demokrati hovoria, \u017ee pr\u00edpad mus\u00ed riadne pre\u0161etri\u0165 pol\u00edcia a pozornos\u0165 by mu mal venova\u0165 aj gener\u00e1lny prokur\u00e1tor Maro\u0161 \u017dilinka. Strana takto reaguje na vyjadrenie predsedu Hlasu a z\u00e1rove\u0148 ministra vn\u00fatra Mat\u00fa\u0161a \u0160utaja E\u0161toka, \u017ee financie, ktor\u00e9 strane darovala sestra Petra Pellegriniho, neboli vyk\u00e1zan\u00e9 tak, ako k\u00e1\u017ee z\u00e1kon, preto\u017ee by si z nich robila \u017earty satirick\u00e1 str\u00e1nka Zomri.\",\"breadcrumb\":{\"@id\":\"https:\/\/www.smedemokrati.sk\/matus-sutaj-estok-musi-odstupit-a-policia-ho-musi-vysetrovat\/#breadcrumb\"},\"inLanguage\":\"cs-CZ\",\"potentialAction\":[{\"@type\":\"ReadAction\",\"target\":[\"https:\/\/www.smedemokrati.sk\/matus-sutaj-estok-musi-odstupit-a-policia-ho-musi-vysetrovat\/\"]}]},{\"@type\":\"ImageObject\",\"inLanguage\":\"cs-CZ\",\"@id\":\"https:\/\/www.smedemokrati.sk\/matus-sutaj-estok-musi-odstupit-a-policia-ho-musi-vysetrovat\/#primaryimage\",\"url\":\"https:\/\/www.smedemokrati.sk\/wp-content\/uploads\/2025\/07\/estok-musi-odist.jpg\",\"contentUrl\":\"https:\/\/www.smedemokrati.sk\/wp-content\/uploads\/2025\/07\/estok-musi-odist.jpg\",\"width\":1665,\"height\":935},{\"@type\":\"BreadcrumbList\",\"@id\":\"https:\/\/www.smedemokrati.sk\/matus-sutaj-estok-musi-odstupit-a-policia-ho-musi-vysetrovat\/#breadcrumb\",\"itemListElement\":[{\"@type\":\"ListItem\",\"position\":1,\"name\":\"Domovsk\u00e1 str\u00e1nka\",\"item\":\"https:\/\/www.smedemokrati.sk\/\"},{\"@type\":\"ListItem\",\"position\":2,\"name\":\"Mat\u00fa\u0161 \u0160utaj E\u0161tok mus\u00ed odst\u00fapi\u0165 a pol\u00edcia ho mus\u00ed vy\u0161etrova\u0165\"}]},{\"@type\":\"WebSite\",\"@id\":\"https:\/\/www.smedemokrati.sk\/#website\",\"url\":\"https:\/\/www.smedemokrati.sk\/\",\"name\":\"Smedemokrati.sk\",\"description\":\"Demokracia a slu\u0161nos\u0165 zv\u00ed\u0165az\u00ed\",\"publisher\":{\"@id\":\"https:\/\/www.smedemokrati.sk\/#organization\"},\"potentialAction\":[{\"@type\":\"SearchAction\",\"target\":{\"@type\":\"EntryPoint\",\"urlTemplate\":\"https:\/\/www.smedemokrati.sk\/?s={search_term_string}\"},\"query-input\":{\"@type\":\"PropertyValueSpecification\",\"valueRequired\":true,\"valueName\":\"search_term_string\"}}],\"inLanguage\":\"cs-CZ\"},{\"@type\":\"Organization\",\"@id\":\"https:\/\/www.smedemokrati.sk\/#organization\",\"name\":\"Smedemokrati.sk\",\"url\":\"https:\/\/www.smedemokrati.sk\/\",\"logo\":{\"@type\":\"ImageObject\",\"inLanguage\":\"cs-CZ\",\"@id\":\"https:\/\/www.smedemokrati.sk\/#\/schema\/logo\/image\/\",\"url\":\"https:\/\/www.smedemokrati.sk\/wp-content\/uploads\/2023\/04\/ff.002.jpeg\",\"contentUrl\":\"https:\/\/www.smedemokrati.sk\/wp-content\/uploads\/2023\/04\/ff.002.jpeg\",\"width\":640,\"height\":480,\"caption\":\"Smedemokrati.sk\"},\"image\":{\"@id\":\"https:\/\/www.smedemokrati.sk\/#\/schema\/logo\/image\/\"},\"sameAs\":[\"https:\/\/www.facebook.com\/smedemokrati2023\"]},{\"@type\":\"Person\",\"@id\":\"https:\/\/www.smedemokrati.sk\/#\/schema\/person\/21f147c88d605aa7ded900e1e7c344ba\",\"name\":\"miro.sopko\",\"image\":{\"@type\":\"ImageObject\",\"inLanguage\":\"cs-CZ\",\"@id\":\"https:\/\/secure.gravatar.com\/avatar\/267e4a36f704376c109afe3a78740c1f5dd8675a2180a908699e7863c9247606?s=96&d=mm&r=g\",\"url\":\"https:\/\/secure.gravatar.com\/avatar\/267e4a36f704376c109afe3a78740c1f5dd8675a2180a908699e7863c9247606?s=96&d=mm&r=g\",\"contentUrl\":\"https:\/\/secure.gravatar.com\/avatar\/267e4a36f704376c109afe3a78740c1f5dd8675a2180a908699e7863c9247606?s=96&d=mm&r=g\",\"caption\":\"miro.sopko\"},\"url\":\"https:\/\/www.smedemokrati.sk\/cs\/author\/miro-sopko\/\"}]}<\/script>\n<!-- \/ Yoast SEO plugin. -->","yoast_head_json":{"title":"Mat\u00fa\u0161 \u0160utaj E\u0161tok mus\u00ed odst\u00fapi\u0165 a pol\u00edcia ho mus\u00ed vy\u0161etrova\u0165","description":"Mat\u00fa\u0161 \u0160utaj E\u0161tok sa po priznan\u00ed z\u00e1mern\u00e9ho poru\u0161enia z\u00e1kona mus\u00ed vzda\u0165 mand\u00e1tu ministra. Demokrati hovoria, \u017ee pr\u00edpad mus\u00ed riadne pre\u0161etri\u0165 pol\u00edcia a pozornos\u0165 by mu mal venova\u0165 aj gener\u00e1lny prokur\u00e1tor Maro\u0161 \u017dilinka. Strana takto reaguje na vyjadrenie predsedu Hlasu a z\u00e1rove\u0148 ministra vn\u00fatra Mat\u00fa\u0161a \u0160utaja E\u0161toka, \u017ee financie, ktor\u00e9 strane darovala sestra Petra Pellegriniho, neboli vyk\u00e1zan\u00e9 tak, ako k\u00e1\u017ee z\u00e1kon, preto\u017ee by si z nich robila \u017earty satirick\u00e1 str\u00e1nka Zomri.","robots":{"index":"index","follow":"follow","max-snippet":"max-snippet:-1","max-image-preview":"max-image-preview:large","max-video-preview":"max-video-preview:-1"},"canonical":"https:\/\/www.smedemokrati.sk\/cs\/matus-sutaj-estok-musi-odstupit-a-policia-ho-musi-vysetrovat\/","og_locale":"cs_CZ","og_type":"article","og_title":"[:sk]Mat\u00fa\u0161 \u0160utaj E\u0161tok mus\u00ed odst\u00fapi\u0165 a pol\u00edcia ho mus\u00ed vy\u0161etrova\u0165[:] - Smedemokrati.sk","og_description":"[:sk]Mat\u00fa\u0161 \u0160utaj E\u0161tok sa po priznan\u00ed z\u00e1mern\u00e9ho poru\u0161enia z\u00e1kona mus\u00ed vzda\u0165 mand\u00e1tu ministra. Demokrati hovoria, \u017ee pr\u00edpad mus\u00ed riadne pre\u0161etri\u0165 pol\u00edcia a pozornos\u0165 by mu mal venova\u0165 aj gener\u00e1lny prokur\u00e1tor Maro\u0161 \u017dilinka. Strana takto reaguje na vyjadrenie predsedu Hlasu a z\u00e1rove\u0148 ministra vn\u00fatra Mat\u00fa\u0161a \u0160utaja E\u0161toka, \u017ee financie, ktor\u00e9 strane darovala sestra Petra Pellegriniho, neboli vyk\u00e1zan\u00e9 tak, ako k\u00e1\u017ee z\u00e1kon, preto\u017ee by si z nich robila \u017earty satirick\u00e1 str\u00e1nka Zomri.[:]","og_url":"https:\/\/www.smedemokrati.sk\/cs\/matus-sutaj-estok-musi-odstupit-a-policia-ho-musi-vysetrovat\/","og_site_name":"Smedemokrati.sk","article_publisher":"https:\/\/www.facebook.com\/smedemokrati2023","article_published_time":"2025-07-25T12:39:16+00:00","article_modified_time":"2025-07-25T12:39:33+00:00","og_image":[{"width":1665,"height":935,"url":"https:\/\/www.smedemokrati.sk\/wp-content\/uploads\/2025\/07\/estok-musi-odist.jpg","type":"image\/jpeg"}],"author":"miro.sopko","twitter_card":"summary_large_image","twitter_misc":{"Napsal(a)":"miro.sopko","Odhadovan\u00e1 doba \u010dten\u00ed":"3 minuty"},"schema":{"@context":"https:\/\/schema.org","@graph":[{"@type":"Article","@id":"https:\/\/www.smedemokrati.sk\/matus-sutaj-estok-musi-odstupit-a-policia-ho-musi-vysetrovat\/#article","isPartOf":{"@id":"https:\/\/www.smedemokrati.sk\/matus-sutaj-estok-musi-odstupit-a-policia-ho-musi-vysetrovat\/"},"author":{"name":"miro.sopko","@id":"https:\/\/www.smedemokrati.sk\/#\/schema\/person\/21f147c88d605aa7ded900e1e7c344ba"},"headline":"Mat\u00fa\u0161 \u0160utaj E\u0161tok mus\u00ed odst\u00fapi\u0165 a pol\u00edcia ho mus\u00ed vy\u0161etrova\u0165","datePublished":"2025-07-25T12:39:16+00:00","dateModified":"2025-07-25T12:39:33+00:00","mainEntityOfPage":{"@id":"https:\/\/www.smedemokrati.sk\/matus-sutaj-estok-musi-odstupit-a-policia-ho-musi-vysetrovat\/"},"wordCount":450,"publisher":{"@id":"https:\/\/www.smedemokrati.sk\/#organization"},"image":{"@id":"https:\/\/www.smedemokrati.sk\/matus-sutaj-estok-musi-odstupit-a-policia-ho-musi-vysetrovat\/#primaryimage"},"thumbnailUrl":"https:\/\/www.smedemokrati.sk\/wp-content\/uploads\/2025\/07\/estok-musi-odist.jpg","articleSection":["Tla\u010dov\u00e9 spr\u00e1vy"],"inLanguage":"cs-CZ"},{"@type":"WebPage","@id":"https:\/\/www.smedemokrati.sk\/matus-sutaj-estok-musi-odstupit-a-policia-ho-musi-vysetrovat\/","url":"https:\/\/www.smedemokrati.sk\/matus-sutaj-estok-musi-odstupit-a-policia-ho-musi-vysetrovat\/","name":"Mat\u00fa\u0161 \u0160utaj E\u0161tok mus\u00ed odst\u00fapi\u0165 a pol\u00edcia ho mus\u00ed vy\u0161etrova\u0165","isPartOf":{"@id":"https:\/\/www.smedemokrati.sk\/#website"},"primaryImageOfPage":{"@id":"https:\/\/www.smedemokrati.sk\/matus-sutaj-estok-musi-odstupit-a-policia-ho-musi-vysetrovat\/#primaryimage"},"image":{"@id":"https:\/\/www.smedemokrati.sk\/matus-sutaj-estok-musi-odstupit-a-policia-ho-musi-vysetrovat\/#primaryimage"},"thumbnailUrl":"https:\/\/www.smedemokrati.sk\/wp-content\/uploads\/2025\/07\/estok-musi-odist.jpg","datePublished":"2025-07-25T12:39:16+00:00","dateModified":"2025-07-25T12:39:33+00:00","description":"Mat\u00fa\u0161 \u0160utaj E\u0161tok sa po priznan\u00ed z\u00e1mern\u00e9ho poru\u0161enia z\u00e1kona mus\u00ed vzda\u0165 mand\u00e1tu ministra. Demokrati hovoria, \u017ee pr\u00edpad mus\u00ed riadne pre\u0161etri\u0165 pol\u00edcia a pozornos\u0165 by mu mal venova\u0165 aj gener\u00e1lny prokur\u00e1tor Maro\u0161 \u017dilinka. Strana takto reaguje na vyjadrenie predsedu Hlasu a z\u00e1rove\u0148 ministra vn\u00fatra Mat\u00fa\u0161a \u0160utaja E\u0161toka, \u017ee financie, ktor\u00e9 strane darovala sestra Petra Pellegriniho, neboli vyk\u00e1zan\u00e9 tak, ako k\u00e1\u017ee z\u00e1kon, preto\u017ee by si z nich robila \u017earty satirick\u00e1 str\u00e1nka Zomri.","breadcrumb":{"@id":"https:\/\/www.smedemokrati.sk\/matus-sutaj-estok-musi-odstupit-a-policia-ho-musi-vysetrovat\/#breadcrumb"},"inLanguage":"cs-CZ","potentialAction":[{"@type":"ReadAction","target":["https:\/\/www.smedemokrati.sk\/matus-sutaj-estok-musi-odstupit-a-policia-ho-musi-vysetrovat\/"]}]},{"@type":"ImageObject","inLanguage":"cs-CZ","@id":"https:\/\/www.smedemokrati.sk\/matus-sutaj-estok-musi-odstupit-a-policia-ho-musi-vysetrovat\/#primaryimage","url":"https:\/\/www.smedemokrati.sk\/wp-content\/uploads\/2025\/07\/estok-musi-odist.jpg","contentUrl":"https:\/\/www.smedemokrati.sk\/wp-content\/uploads\/2025\/07\/estok-musi-odist.jpg","width":1665,"height":935},{"@type":"BreadcrumbList","@id":"https:\/\/www.smedemokrati.sk\/matus-sutaj-estok-musi-odstupit-a-policia-ho-musi-vysetrovat\/#breadcrumb","itemListElement":[{"@type":"ListItem","position":1,"name":"Domovsk\u00e1 str\u00e1nka","item":"https:\/\/www.smedemokrati.sk\/"},{"@type":"ListItem","position":2,"name":"Mat\u00fa\u0161 \u0160utaj E\u0161tok mus\u00ed odst\u00fapi\u0165 a pol\u00edcia ho mus\u00ed vy\u0161etrova\u0165"}]},{"@type":"WebSite","@id":"https:\/\/www.smedemokrati.sk\/#website","url":"https:\/\/www.smedemokrati.sk\/","name":"Smedemokrati.sk","description":"Demokracia a slu\u0161nos\u0165 zv\u00ed\u0165az\u00ed","publisher":{"@id":"https:\/\/www.smedemokrati.sk\/#organization"},"potentialAction":[{"@type":"SearchAction","target":{"@type":"EntryPoint","urlTemplate":"https:\/\/www.smedemokrati.sk\/?s={search_term_string}"},"query-input":{"@type":"PropertyValueSpecification","valueRequired":true,"valueName":"search_term_string"}}],"inLanguage":"cs-CZ"},{"@type":"Organization","@id":"https:\/\/www.smedemokrati.sk\/#organization","name":"Smedemokrati.sk","url":"https:\/\/www.smedemokrati.sk\/","logo":{"@type":"ImageObject","inLanguage":"cs-CZ","@id":"https:\/\/www.smedemokrati.sk\/#\/schema\/logo\/image\/","url":"https:\/\/www.smedemokrati.sk\/wp-content\/uploads\/2023\/04\/ff.002.jpeg","contentUrl":"https:\/\/www.smedemokrati.sk\/wp-content\/uploads\/2023\/04\/ff.002.jpeg","width":640,"height":480,"caption":"Smedemokrati.sk"},"image":{"@id":"https:\/\/www.smedemokrati.sk\/#\/schema\/logo\/image\/"},"sameAs":["https:\/\/www.facebook.com\/smedemokrati2023"]},{"@type":"Person","@id":"https:\/\/www.smedemokrati.sk\/#\/schema\/person\/21f147c88d605aa7ded900e1e7c344ba","name":"miro.sopko","image":{"@type":"ImageObject","inLanguage":"cs-CZ","@id":"https:\/\/secure.gravatar.com\/avatar\/267e4a36f704376c109afe3a78740c1f5dd8675a2180a908699e7863c9247606?s=96&d=mm&r=g","url":"https:\/\/secure.gravatar.com\/avatar\/267e4a36f704376c109afe3a78740c1f5dd8675a2180a908699e7863c9247606?s=96&d=mm&r=g","contentUrl":"https:\/\/secure.gravatar.com\/avatar\/267e4a36f704376c109afe3a78740c1f5dd8675a2180a908699e7863c9247606?s=96&d=mm&r=g","caption":"miro.sopko"},"url":"https:\/\/www.smedemokrati.sk\/cs\/author\/miro-sopko\/"}]}},"_links":{"self":[{"href":"https:\/\/www.smedemokrati.sk\/cs\/wp-json\/wp\/v2\/posts\/7748","targetHints":{"allow":["GET"]}}],"collection":[{"href":"https:\/\/www.smedemokrati.sk\/cs\/wp-json\/wp\/v2\/posts"}],"about":[{"href":"https:\/\/www.smedemokrati.sk\/cs\/wp-json\/wp\/v2\/types\/post"}],"author":[{"embeddable":true,"href":"https:\/\/www.smedemokrati.sk\/cs\/wp-json\/wp\/v2\/users\/13"}],"replies":[{"embeddable":true,"href":"https:\/\/www.smedemokrati.sk\/cs\/wp-json\/wp\/v2\/comments?post=7748"}],"version-history":[{"count":1,"href":"https:\/\/www.smedemokrati.sk\/cs\/wp-json\/wp\/v2\/posts\/7748\/revisions"}],"predecessor-version":[{"id":7751,"href":"https:\/\/www.smedemokrati.sk\/cs\/wp-json\/wp\/v2\/posts\/7748\/revisions\/7751"}],"wp:featuredmedia":[{"embeddable":true,"href":"https:\/\/www.smedemokrati.sk\/cs\/wp-json\/wp\/v2\/media\/7750"}],"wp:attachment":[{"href":"https:\/\/www.smedemokrati.sk\/cs\/wp-json\/wp\/v2\/media?parent=7748"}],"wp:term":[{"taxonomy":"category","embeddable":true,"href":"https:\/\/www.smedemokrati.sk\/cs\/wp-json\/wp\/v2\/categories?post=7748"},{"taxonomy":"post_tag","embeddable":true,"href":"https:\/\/www.smedemokrati.sk\/cs\/wp-json\/wp\/v2\/tags?post=7748"}],"curies":[{"name":"wp","href":"https:\/\/api.w.org\/{rel}","templated":true}]}}