{"id":7706,"date":"2025-07-16T16:46:11","date_gmt":"2025-07-16T15:46:11","guid":{"rendered":"https:\/\/www.smedemokrati.sk\/?p=7706"},"modified":"2025-07-16T16:46:11","modified_gmt":"2025-07-16T15:46:11","slug":"kto-prikazal-policii-zamlcat-rusku-stopu-fico-sutaj-estok","status":"publish","type":"post","link":"https:\/\/www.smedemokrati.sk\/cs\/kto-prikazal-policii-zamlcat-rusku-stopu-fico-sutaj-estok\/","title":{"rendered":"Kto prik\u00e1zal pol\u00edcii zaml\u010da\u0165 rusk\u00fa stopu? Fico? \u0160utaj E\u0161tok?"},"content":{"rendered":"<div id=\"fb-root\"><\/div>\n\n<p><strong>\u010cesk\u00e1 pol\u00edcia dnes demaskovala slovensk\u00fa pol\u00edciu a naplno uk\u00e1zala, \u017ee do pr\u00e1ce a najm\u00e4 komunik\u00e1cie na\u0161ej pol\u00edcie zasahuj\u00fa politici. P\u00fdtame sa, kto vydal pr\u00edkaz, aby v ofici\u00e1lnej komunik\u00e1cii Pol\u00edcie Slovenskej republiky nebolo spomenut\u00e9, \u017ee zadr\u017ean\u00fd podozriv\u00fd z bombov\u00fdch vyhr\u00e1\u017eok na slovensk\u00e9 \u0161koly mal by\u0165 platen\u00fd z Ruska.&nbsp;<\/strong><\/p>\n\n\n\n<p><em>\u201cKto vydal pr\u00edkaz, \u017ee na\u0161a pol\u00edcia nem\u00e1 spom\u00edna\u0165, \u017ee \u010dlovek, ktor\u00fd sa opakovane vyhr\u00e1\u017eal slovensk\u00fdm \u0161kol\u00e1m a verejn\u00fdm budov\u00e1m mal by\u0165 platen\u00fd z Ruska? Bol to Robert Fico, ktor\u00fd dnes akt\u00edvne bojuje proti sankci\u00e1m vo\u010di Putinovmu re\u017eimu? Bol to Mat\u00fa\u0161 \u0160utaj E\u0161tok? Pre\u010do si n\u00e1\u0161 policajn\u00fd zbor rob\u00ed medzin\u00e1rodn\u00fa hanbu?\u201d<\/em>&nbsp;p\u00fdta sa Juraj \u0160eliga, podpredseda strany Demokrati.<\/p>\n\n\n\n<p><em>\u201cSlovensk\u00e1 vl\u00e1da na \u010dele s Robertom Ficom rob\u00ed dnes u\u017e iba medzin\u00e1rodn\u00fa hanbu. Dne\u0161n\u00e9 vyjadrenie \u010ceskej pol\u00edcie, potvrdzuj\u00fa, \u017ee Slovensk\u00e1 pol\u00edcia \u00famyselne zaml\u010diava tzv. rusk\u00fa stopu \u00fato\u010dn\u00edka, ktor\u00fd \u0161ikanoval na\u0161e deti v \u0161kol\u00e1ch. Pre\u010do na priamo neprizn\u00e1 aj Fico aj \u0160utaj E\u0161tok, \u017ee \u00fato\u010dn\u00edka mali plati\u0165 z Ruska? Evidentne to bolo \u00famyseln\u00e9 a takto zas chceli vzbudi\u0165 protiukrajinsk\u00e9 n\u00e1lady a \u010falej pokra\u010dova\u0165 v rozde\u013eovan\u00ed spolo\u010dnosti. Putinovo Rusko neust\u00e1le hybridne \u00fato\u010d\u00ed na Slovensku, sna\u017e\u00ed sa zasahova\u0165 do na\u0161ich vn\u00fatorn\u00fdch z\u00e1le\u017eitost\u00ed a najnov\u0161ie plat\u00ed \u00fato\u010dn\u00edkov, ktor\u00ed \u0161ikanuj\u00fa na\u0161e deti. Ficova vl\u00e1da takejto krajine a tak\u00e9muto re\u017eimu pom\u00e1ha, je to zrada z\u00e1ujmov Slovenskej republiky a na\u0161ich ob\u010danov. To ako sa dnes spr\u00e1va Robert Fico a \u0160utaj E\u0161tok pripom\u00edna Hus\u00e1ka a Bi\u013eaka.\u201d<\/em>&nbsp;hovor\u00ed Jaroslav Na\u010f, predseda strany Demokrati.<\/p>\n\n\n\n<p>O\u010dak\u00e1vame verejn\u00e9 ospravedlnenie predstavite\u013eov policajn\u00e9ho zboru za zav\u00e1dzanie a zaml\u010danie a poskytnutie v\u0161etk\u00fdch inform\u00e1ci\u00ed.&nbsp;<\/p>\n","protected":false},"excerpt":{"rendered":"<p>\u010cesk\u00e1 pol\u00edcia dnes demaskovala slovensk\u00fa pol\u00edciu a naplno uk\u00e1zala, \u017ee do pr\u00e1ce a najm\u00e4 komunik\u00e1cie na\u0161ej pol\u00edcie zasahuj\u00fa politici. P\u00fdtame sa, kto vydal pr\u00edkaz, aby v ofici\u00e1lnej komunik\u00e1cii Pol\u00edcie Slovenskej republiky nebolo spomenut\u00e9, \u017ee zadr\u017ean\u00fd podozriv\u00fd z bombov\u00fdch vyhr\u00e1\u017eok na slovensk\u00e9 \u0161koly mal by\u0165 platen\u00fd z Ruska.&nbsp; \u201cKto vydal pr\u00edkaz, \u017ee na\u0161a pol\u00edcia nem\u00e1 spom\u00edna\u0165, [&hellip;]<\/p>\n","protected":false},"author":13,"featured_media":7707,"comment_status":"closed","ping_status":"closed","sticky":false,"template":"","format":"standard","meta":{"_acf_changed":false,"ngg_post_thumbnail":0,"footnotes":""},"categories":[11],"tags":[],"class_list":["post-7706","post","type-post","status-publish","format-standard","has-post-thumbnail","hentry","category-vyhlasenia"],"acf":[],"yoast_head":"<!-- This site is optimized with the Yoast SEO plugin v27.2 - https:\/\/yoast.com\/product\/yoast-seo-wordpress\/ -->\n<title>Kto prik\u00e1zal pol\u00edcii zaml\u010da\u0165 rusk\u00fa stopu? Fico? \u0160utaj E\u0161tok?<\/title>\n<meta name=\"robots\" content=\"index, follow, max-snippet:-1, max-image-preview:large, max-video-preview:-1\" \/>\n<link rel=\"canonical\" href=\"https:\/\/www.smedemokrati.sk\/cs\/kto-prikazal-policii-zamlcat-rusku-stopu-fico-sutaj-estok\/\" \/>\n<meta property=\"og:locale\" content=\"cs_CZ\" \/>\n<meta property=\"og:locale:alternate\" content=\"en_US\" \/>\n<meta property=\"og:locale:alternate\" content=\"hu_HU\" \/>\n<meta property=\"og:locale:alternate\" content=\"sk_SK\" \/>\n<meta property=\"og:locale:alternate\" content=\"sv_SE\" \/>\n<meta property=\"og:type\" content=\"article\" \/>\n<meta property=\"og:title\" content=\"Kto prik\u00e1zal pol\u00edcii zaml\u010da\u0165 rusk\u00fa stopu? Fico? \u0160utaj E\u0161tok?\" \/>\n<meta property=\"og:description\" content=\"\u010cesk\u00e1 pol\u00edcia dnes demaskovala slovensk\u00fa pol\u00edciu a naplno uk\u00e1zala, \u017ee do pr\u00e1ce a najm\u00e4 komunik\u00e1cie na\u0161ej pol\u00edcie zasahuj\u00fa politici. P\u00fdtame sa, kto vydal pr\u00edkaz, aby v ofici\u00e1lnej komunik\u00e1cii Pol\u00edcie Slovenskej republiky nebolo spomenut\u00e9, \u017ee zadr\u017ean\u00fd podozriv\u00fd z bombov\u00fdch vyhr\u00e1\u017eok na slovensk\u00e9 \u0161koly mal by\u0165 platen\u00fd z Ruska.&nbsp; \u201cKto vydal pr\u00edkaz, \u017ee na\u0161a pol\u00edcia nem\u00e1 spom\u00edna\u0165, [&hellip;]\" \/>\n<meta property=\"og:url\" content=\"https:\/\/www.smedemokrati.sk\/cs\/kto-prikazal-policii-zamlcat-rusku-stopu-fico-sutaj-estok\/\" \/>\n<meta property=\"og:site_name\" content=\"Smedemokrati.sk\" \/>\n<meta property=\"article:publisher\" content=\"https:\/\/www.facebook.com\/smedemokrati2023\" \/>\n<meta property=\"article:published_time\" content=\"2025-07-16T15:46:11+00:00\" \/>\n<meta property=\"og:image\" content=\"https:\/\/www.smedemokrati.sk\/wp-content\/uploads\/2025\/07\/518344597_1256232342626506_3301034130281161731_n-e1752680760947.jpg\" \/>\n\t<meta property=\"og:image:width\" content=\"1170\" \/>\n\t<meta property=\"og:image:height\" content=\"993\" \/>\n\t<meta property=\"og:image:type\" content=\"image\/jpeg\" \/>\n<meta name=\"author\" content=\"miro.sopko\" \/>\n<meta name=\"twitter:card\" content=\"summary_large_image\" \/>\n<meta name=\"twitter:label1\" content=\"Napsal(a)\" \/>\n\t<meta name=\"twitter:data1\" content=\"miro.sopko\" \/>\n\t<meta name=\"twitter:label2\" content=\"Odhadovan\u00e1 doba \u010dten\u00ed\" \/>\n\t<meta name=\"twitter:data2\" content=\"2 minuty\" \/>\n<script type=\"application\/ld+json\" class=\"yoast-schema-graph\">{\"@context\":\"https:\/\/schema.org\",\"@graph\":[{\"@type\":\"Article\",\"@id\":\"https:\/\/www.smedemokrati.sk\/kto-prikazal-policii-zamlcat-rusku-stopu-fico-sutaj-estok\/#article\",\"isPartOf\":{\"@id\":\"https:\/\/www.smedemokrati.sk\/kto-prikazal-policii-zamlcat-rusku-stopu-fico-sutaj-estok\/\"},\"author\":{\"name\":\"miro.sopko\",\"@id\":\"https:\/\/www.smedemokrati.sk\/#\/schema\/person\/21f147c88d605aa7ded900e1e7c344ba\"},\"headline\":\"Kto prik\u00e1zal pol\u00edcii zaml\u010da\u0165 rusk\u00fa stopu? Fico? \u0160utaj E\u0161tok?\",\"datePublished\":\"2025-07-16T15:46:11+00:00\",\"mainEntityOfPage\":{\"@id\":\"https:\/\/www.smedemokrati.sk\/kto-prikazal-policii-zamlcat-rusku-stopu-fico-sutaj-estok\/\"},\"wordCount\":342,\"publisher\":{\"@id\":\"https:\/\/www.smedemokrati.sk\/#organization\"},\"image\":{\"@id\":\"https:\/\/www.smedemokrati.sk\/kto-prikazal-policii-zamlcat-rusku-stopu-fico-sutaj-estok\/#primaryimage\"},\"thumbnailUrl\":\"https:\/\/www.smedemokrati.sk\/wp-content\/uploads\/2025\/07\/518344597_1256232342626506_3301034130281161731_n-e1752680760947.jpg\",\"articleSection\":[\"Vyhl\u00e1senia\"],\"inLanguage\":\"cs-CZ\"},{\"@type\":\"WebPage\",\"@id\":\"https:\/\/www.smedemokrati.sk\/kto-prikazal-policii-zamlcat-rusku-stopu-fico-sutaj-estok\/\",\"url\":\"https:\/\/www.smedemokrati.sk\/kto-prikazal-policii-zamlcat-rusku-stopu-fico-sutaj-estok\/\",\"name\":\"Kto prik\u00e1zal pol\u00edcii zaml\u010da\u0165 rusk\u00fa stopu? Fico? \u0160utaj E\u0161tok?\",\"isPartOf\":{\"@id\":\"https:\/\/www.smedemokrati.sk\/#website\"},\"primaryImageOfPage\":{\"@id\":\"https:\/\/www.smedemokrati.sk\/kto-prikazal-policii-zamlcat-rusku-stopu-fico-sutaj-estok\/#primaryimage\"},\"image\":{\"@id\":\"https:\/\/www.smedemokrati.sk\/kto-prikazal-policii-zamlcat-rusku-stopu-fico-sutaj-estok\/#primaryimage\"},\"thumbnailUrl\":\"https:\/\/www.smedemokrati.sk\/wp-content\/uploads\/2025\/07\/518344597_1256232342626506_3301034130281161731_n-e1752680760947.jpg\",\"datePublished\":\"2025-07-16T15:46:11+00:00\",\"breadcrumb\":{\"@id\":\"https:\/\/www.smedemokrati.sk\/kto-prikazal-policii-zamlcat-rusku-stopu-fico-sutaj-estok\/#breadcrumb\"},\"inLanguage\":\"cs-CZ\",\"potentialAction\":[{\"@type\":\"ReadAction\",\"target\":[\"https:\/\/www.smedemokrati.sk\/kto-prikazal-policii-zamlcat-rusku-stopu-fico-sutaj-estok\/\"]}]},{\"@type\":\"ImageObject\",\"inLanguage\":\"cs-CZ\",\"@id\":\"https:\/\/www.smedemokrati.sk\/kto-prikazal-policii-zamlcat-rusku-stopu-fico-sutaj-estok\/#primaryimage\",\"url\":\"https:\/\/www.smedemokrati.sk\/wp-content\/uploads\/2025\/07\/518344597_1256232342626506_3301034130281161731_n-e1752680760947.jpg\",\"contentUrl\":\"https:\/\/www.smedemokrati.sk\/wp-content\/uploads\/2025\/07\/518344597_1256232342626506_3301034130281161731_n-e1752680760947.jpg\",\"width\":1170,\"height\":993},{\"@type\":\"BreadcrumbList\",\"@id\":\"https:\/\/www.smedemokrati.sk\/kto-prikazal-policii-zamlcat-rusku-stopu-fico-sutaj-estok\/#breadcrumb\",\"itemListElement\":[{\"@type\":\"ListItem\",\"position\":1,\"name\":\"Domovsk\u00e1 str\u00e1nka\",\"item\":\"https:\/\/www.smedemokrati.sk\/\"},{\"@type\":\"ListItem\",\"position\":2,\"name\":\"Kto prik\u00e1zal pol\u00edcii zaml\u010da\u0165 rusk\u00fa stopu? Fico? \u0160utaj E\u0161tok?\"}]},{\"@type\":\"WebSite\",\"@id\":\"https:\/\/www.smedemokrati.sk\/#website\",\"url\":\"https:\/\/www.smedemokrati.sk\/\",\"name\":\"Smedemokrati.sk\",\"description\":\"Demokracia a slu\u0161nos\u0165 zv\u00ed\u0165az\u00ed\",\"publisher\":{\"@id\":\"https:\/\/www.smedemokrati.sk\/#organization\"},\"potentialAction\":[{\"@type\":\"SearchAction\",\"target\":{\"@type\":\"EntryPoint\",\"urlTemplate\":\"https:\/\/www.smedemokrati.sk\/?s={search_term_string}\"},\"query-input\":{\"@type\":\"PropertyValueSpecification\",\"valueRequired\":true,\"valueName\":\"search_term_string\"}}],\"inLanguage\":\"cs-CZ\"},{\"@type\":\"Organization\",\"@id\":\"https:\/\/www.smedemokrati.sk\/#organization\",\"name\":\"Smedemokrati.sk\",\"url\":\"https:\/\/www.smedemokrati.sk\/\",\"logo\":{\"@type\":\"ImageObject\",\"inLanguage\":\"cs-CZ\",\"@id\":\"https:\/\/www.smedemokrati.sk\/#\/schema\/logo\/image\/\",\"url\":\"https:\/\/www.smedemokrati.sk\/wp-content\/uploads\/2023\/04\/ff.002.jpeg\",\"contentUrl\":\"https:\/\/www.smedemokrati.sk\/wp-content\/uploads\/2023\/04\/ff.002.jpeg\",\"width\":640,\"height\":480,\"caption\":\"Smedemokrati.sk\"},\"image\":{\"@id\":\"https:\/\/www.smedemokrati.sk\/#\/schema\/logo\/image\/\"},\"sameAs\":[\"https:\/\/www.facebook.com\/smedemokrati2023\"]},{\"@type\":\"Person\",\"@id\":\"https:\/\/www.smedemokrati.sk\/#\/schema\/person\/21f147c88d605aa7ded900e1e7c344ba\",\"name\":\"miro.sopko\",\"image\":{\"@type\":\"ImageObject\",\"inLanguage\":\"cs-CZ\",\"@id\":\"https:\/\/secure.gravatar.com\/avatar\/267e4a36f704376c109afe3a78740c1f5dd8675a2180a908699e7863c9247606?s=96&d=mm&r=g\",\"url\":\"https:\/\/secure.gravatar.com\/avatar\/267e4a36f704376c109afe3a78740c1f5dd8675a2180a908699e7863c9247606?s=96&d=mm&r=g\",\"contentUrl\":\"https:\/\/secure.gravatar.com\/avatar\/267e4a36f704376c109afe3a78740c1f5dd8675a2180a908699e7863c9247606?s=96&d=mm&r=g\",\"caption\":\"miro.sopko\"},\"url\":\"https:\/\/www.smedemokrati.sk\/cs\/author\/miro-sopko\/\"}]}<\/script>\n<!-- \/ Yoast SEO plugin. -->","yoast_head_json":{"title":"Kto prik\u00e1zal pol\u00edcii zaml\u010da\u0165 rusk\u00fa stopu? Fico? \u0160utaj E\u0161tok?","robots":{"index":"index","follow":"follow","max-snippet":"max-snippet:-1","max-image-preview":"max-image-preview:large","max-video-preview":"max-video-preview:-1"},"canonical":"https:\/\/www.smedemokrati.sk\/cs\/kto-prikazal-policii-zamlcat-rusku-stopu-fico-sutaj-estok\/","og_locale":"cs_CZ","og_type":"article","og_title":"[:sk]Kto prik\u00e1zal pol\u00edcii zaml\u010da\u0165 rusk\u00fa stopu? Fico? \u0160utaj E\u0161tok?[:] - Smedemokrati.sk","og_description":"\u010cesk\u00e1 pol\u00edcia dnes demaskovala slovensk\u00fa pol\u00edciu a naplno uk\u00e1zala, \u017ee do pr\u00e1ce a najm\u00e4 komunik\u00e1cie na\u0161ej pol\u00edcie zasahuj\u00fa politici. P\u00fdtame sa, kto vydal pr\u00edkaz, aby v ofici\u00e1lnej komunik\u00e1cii Pol\u00edcie Slovenskej republiky nebolo spomenut\u00e9, \u017ee zadr\u017ean\u00fd podozriv\u00fd z bombov\u00fdch vyhr\u00e1\u017eok na slovensk\u00e9 \u0161koly mal by\u0165 platen\u00fd z Ruska.&nbsp; \u201cKto vydal pr\u00edkaz, \u017ee na\u0161a pol\u00edcia nem\u00e1 spom\u00edna\u0165, [&hellip;]","og_url":"https:\/\/www.smedemokrati.sk\/cs\/kto-prikazal-policii-zamlcat-rusku-stopu-fico-sutaj-estok\/","og_site_name":"Smedemokrati.sk","article_publisher":"https:\/\/www.facebook.com\/smedemokrati2023","article_published_time":"2025-07-16T15:46:11+00:00","og_image":[{"width":1170,"height":993,"url":"https:\/\/www.smedemokrati.sk\/wp-content\/uploads\/2025\/07\/518344597_1256232342626506_3301034130281161731_n-e1752680760947.jpg","type":"image\/jpeg"}],"author":"miro.sopko","twitter_card":"summary_large_image","twitter_misc":{"Napsal(a)":"miro.sopko","Odhadovan\u00e1 doba \u010dten\u00ed":"2 minuty"},"schema":{"@context":"https:\/\/schema.org","@graph":[{"@type":"Article","@id":"https:\/\/www.smedemokrati.sk\/kto-prikazal-policii-zamlcat-rusku-stopu-fico-sutaj-estok\/#article","isPartOf":{"@id":"https:\/\/www.smedemokrati.sk\/kto-prikazal-policii-zamlcat-rusku-stopu-fico-sutaj-estok\/"},"author":{"name":"miro.sopko","@id":"https:\/\/www.smedemokrati.sk\/#\/schema\/person\/21f147c88d605aa7ded900e1e7c344ba"},"headline":"Kto prik\u00e1zal pol\u00edcii zaml\u010da\u0165 rusk\u00fa stopu? Fico? \u0160utaj E\u0161tok?","datePublished":"2025-07-16T15:46:11+00:00","mainEntityOfPage":{"@id":"https:\/\/www.smedemokrati.sk\/kto-prikazal-policii-zamlcat-rusku-stopu-fico-sutaj-estok\/"},"wordCount":342,"publisher":{"@id":"https:\/\/www.smedemokrati.sk\/#organization"},"image":{"@id":"https:\/\/www.smedemokrati.sk\/kto-prikazal-policii-zamlcat-rusku-stopu-fico-sutaj-estok\/#primaryimage"},"thumbnailUrl":"https:\/\/www.smedemokrati.sk\/wp-content\/uploads\/2025\/07\/518344597_1256232342626506_3301034130281161731_n-e1752680760947.jpg","articleSection":["Vyhl\u00e1senia"],"inLanguage":"cs-CZ"},{"@type":"WebPage","@id":"https:\/\/www.smedemokrati.sk\/kto-prikazal-policii-zamlcat-rusku-stopu-fico-sutaj-estok\/","url":"https:\/\/www.smedemokrati.sk\/kto-prikazal-policii-zamlcat-rusku-stopu-fico-sutaj-estok\/","name":"Kto prik\u00e1zal pol\u00edcii zaml\u010da\u0165 rusk\u00fa stopu? Fico? \u0160utaj E\u0161tok?","isPartOf":{"@id":"https:\/\/www.smedemokrati.sk\/#website"},"primaryImageOfPage":{"@id":"https:\/\/www.smedemokrati.sk\/kto-prikazal-policii-zamlcat-rusku-stopu-fico-sutaj-estok\/#primaryimage"},"image":{"@id":"https:\/\/www.smedemokrati.sk\/kto-prikazal-policii-zamlcat-rusku-stopu-fico-sutaj-estok\/#primaryimage"},"thumbnailUrl":"https:\/\/www.smedemokrati.sk\/wp-content\/uploads\/2025\/07\/518344597_1256232342626506_3301034130281161731_n-e1752680760947.jpg","datePublished":"2025-07-16T15:46:11+00:00","breadcrumb":{"@id":"https:\/\/www.smedemokrati.sk\/kto-prikazal-policii-zamlcat-rusku-stopu-fico-sutaj-estok\/#breadcrumb"},"inLanguage":"cs-CZ","potentialAction":[{"@type":"ReadAction","target":["https:\/\/www.smedemokrati.sk\/kto-prikazal-policii-zamlcat-rusku-stopu-fico-sutaj-estok\/"]}]},{"@type":"ImageObject","inLanguage":"cs-CZ","@id":"https:\/\/www.smedemokrati.sk\/kto-prikazal-policii-zamlcat-rusku-stopu-fico-sutaj-estok\/#primaryimage","url":"https:\/\/www.smedemokrati.sk\/wp-content\/uploads\/2025\/07\/518344597_1256232342626506_3301034130281161731_n-e1752680760947.jpg","contentUrl":"https:\/\/www.smedemokrati.sk\/wp-content\/uploads\/2025\/07\/518344597_1256232342626506_3301034130281161731_n-e1752680760947.jpg","width":1170,"height":993},{"@type":"BreadcrumbList","@id":"https:\/\/www.smedemokrati.sk\/kto-prikazal-policii-zamlcat-rusku-stopu-fico-sutaj-estok\/#breadcrumb","itemListElement":[{"@type":"ListItem","position":1,"name":"Domovsk\u00e1 str\u00e1nka","item":"https:\/\/www.smedemokrati.sk\/"},{"@type":"ListItem","position":2,"name":"Kto prik\u00e1zal pol\u00edcii zaml\u010da\u0165 rusk\u00fa stopu? Fico? \u0160utaj E\u0161tok?"}]},{"@type":"WebSite","@id":"https:\/\/www.smedemokrati.sk\/#website","url":"https:\/\/www.smedemokrati.sk\/","name":"Smedemokrati.sk","description":"Demokracia a slu\u0161nos\u0165 zv\u00ed\u0165az\u00ed","publisher":{"@id":"https:\/\/www.smedemokrati.sk\/#organization"},"potentialAction":[{"@type":"SearchAction","target":{"@type":"EntryPoint","urlTemplate":"https:\/\/www.smedemokrati.sk\/?s={search_term_string}"},"query-input":{"@type":"PropertyValueSpecification","valueRequired":true,"valueName":"search_term_string"}}],"inLanguage":"cs-CZ"},{"@type":"Organization","@id":"https:\/\/www.smedemokrati.sk\/#organization","name":"Smedemokrati.sk","url":"https:\/\/www.smedemokrati.sk\/","logo":{"@type":"ImageObject","inLanguage":"cs-CZ","@id":"https:\/\/www.smedemokrati.sk\/#\/schema\/logo\/image\/","url":"https:\/\/www.smedemokrati.sk\/wp-content\/uploads\/2023\/04\/ff.002.jpeg","contentUrl":"https:\/\/www.smedemokrati.sk\/wp-content\/uploads\/2023\/04\/ff.002.jpeg","width":640,"height":480,"caption":"Smedemokrati.sk"},"image":{"@id":"https:\/\/www.smedemokrati.sk\/#\/schema\/logo\/image\/"},"sameAs":["https:\/\/www.facebook.com\/smedemokrati2023"]},{"@type":"Person","@id":"https:\/\/www.smedemokrati.sk\/#\/schema\/person\/21f147c88d605aa7ded900e1e7c344ba","name":"miro.sopko","image":{"@type":"ImageObject","inLanguage":"cs-CZ","@id":"https:\/\/secure.gravatar.com\/avatar\/267e4a36f704376c109afe3a78740c1f5dd8675a2180a908699e7863c9247606?s=96&d=mm&r=g","url":"https:\/\/secure.gravatar.com\/avatar\/267e4a36f704376c109afe3a78740c1f5dd8675a2180a908699e7863c9247606?s=96&d=mm&r=g","contentUrl":"https:\/\/secure.gravatar.com\/avatar\/267e4a36f704376c109afe3a78740c1f5dd8675a2180a908699e7863c9247606?s=96&d=mm&r=g","caption":"miro.sopko"},"url":"https:\/\/www.smedemokrati.sk\/cs\/author\/miro-sopko\/"}]}},"_links":{"self":[{"href":"https:\/\/www.smedemokrati.sk\/cs\/wp-json\/wp\/v2\/posts\/7706","targetHints":{"allow":["GET"]}}],"collection":[{"href":"https:\/\/www.smedemokrati.sk\/cs\/wp-json\/wp\/v2\/posts"}],"about":[{"href":"https:\/\/www.smedemokrati.sk\/cs\/wp-json\/wp\/v2\/types\/post"}],"author":[{"embeddable":true,"href":"https:\/\/www.smedemokrati.sk\/cs\/wp-json\/wp\/v2\/users\/13"}],"replies":[{"embeddable":true,"href":"https:\/\/www.smedemokrati.sk\/cs\/wp-json\/wp\/v2\/comments?post=7706"}],"version-history":[{"count":1,"href":"https:\/\/www.smedemokrati.sk\/cs\/wp-json\/wp\/v2\/posts\/7706\/revisions"}],"predecessor-version":[{"id":7708,"href":"https:\/\/www.smedemokrati.sk\/cs\/wp-json\/wp\/v2\/posts\/7706\/revisions\/7708"}],"wp:featuredmedia":[{"embeddable":true,"href":"https:\/\/www.smedemokrati.sk\/cs\/wp-json\/wp\/v2\/media\/7707"}],"wp:attachment":[{"href":"https:\/\/www.smedemokrati.sk\/cs\/wp-json\/wp\/v2\/media?parent=7706"}],"wp:term":[{"taxonomy":"category","embeddable":true,"href":"https:\/\/www.smedemokrati.sk\/cs\/wp-json\/wp\/v2\/categories?post=7706"},{"taxonomy":"post_tag","embeddable":true,"href":"https:\/\/www.smedemokrati.sk\/cs\/wp-json\/wp\/v2\/tags?post=7706"}],"curies":[{"name":"wp","href":"https:\/\/api.w.org\/{rel}","templated":true}]}}