{"id":7675,"date":"2025-07-10T11:15:28","date_gmt":"2025-07-10T10:15:28","guid":{"rendered":"https:\/\/www.smedemokrati.sk\/?p=7675"},"modified":"2025-07-10T11:15:29","modified_gmt":"2025-07-10T10:15:29","slug":"navrhovane-zmeny-ministerstva-skolstva-ohrozuju-slobodu-volby-vo-vzdelavani-aj-prava-rodicov","status":"publish","type":"post","link":"https:\/\/www.smedemokrati.sk\/cs\/navrhovane-zmeny-ministerstva-skolstva-ohrozuju-slobodu-volby-vo-vzdelavani-aj-prava-rodicov\/","title":{"rendered":"Navrhovan\u00e9 zmeny ministerstva \u0161kolstva ohrozuj\u00fa slobodu vo\u013eby vo vzdel\u00e1van\u00ed aj pr\u00e1va rodi\u010dov"},"content":{"rendered":"<div id=\"fb-root\"><\/div>\n\n<p><strong>Ministerstvo \u0161kolstva predlo\u017eilo do medzirezortn\u00e9ho pripomienkov\u00e9ho konania s\u00e9riu legislat\u00edvnych n\u00e1vrhov, ktor\u00e9 z\u00e1sadn\u00fdm sp\u00f4sobom zasahuj\u00fa do syst\u00e9mu vzdel\u00e1vania na Slovensku. Okrem sporn\u00e9ho n\u00e1vrhu na obmedzenie financovania neverejn\u00fdch \u0161k\u00f4l prich\u00e1dza rezort aj s \u010fal\u0161\u00edm opatren\u00edm \u2013 spr\u00edsnen\u00edm podmienok pre dom\u00e1ce vzdel\u00e1vanie.<\/strong><\/p>\n\n\n\n<p><em>\u201eNavrhovan\u00e1 legislat\u00edva umo\u017e\u0148uje zn\u00ed\u017ei\u0165 pr\u00edspevok cirkevn\u00fdm a s\u00fakromn\u00fdm \u0161kol\u00e1m v pr\u00edpade, \u017ee vyberaj\u00fa \u0161koln\u00e9. Tento krok m\u00f4\u017ee v\u00e1\u017ene ohrozi\u0165 existenciu mnoh\u00fdch etablovan\u00fdch \u0161k\u00f4l, ktor\u00e9 dop\u013a\u0148aj\u00fa a roz\u0161iruj\u00fa ponuku verejn\u00e9ho \u0161kolstva, \u010dasto o programy inkluz\u00edvneho vzdel\u00e1vania, individu\u00e1lneho pr\u00edstupu \u010di alternat\u00edvnych pedagogick\u00fdch pr\u00edstupov, ktor\u00e9 \u0161t\u00e1tne \u0161koly nemaj\u00fa kapacitu poskytova\u0165.\u201c&nbsp;<\/em>hovor\u00ed Eduard Heger, podpredseda strany Demokrati<\/p>\n\n\n\n<p>Z\u00e1rove\u0148 ministerstvo navrhuje spr\u00edsnenie podmienok pre homeschooling, \u010d\u00edm v\u00fdrazne zasahuje do pr\u00e1va rodi\u010dov zvoli\u0165 pre svoje die\u0165a formu vzdel\u00e1vania, ktor\u00e1 najlep\u0161ie zodpoved\u00e1 jeho potreb\u00e1m. Zmeny m\u00f4\u017eu skomplikova\u0165 situ\u00e1ciu stovk\u00e1m rod\u00edn, ktor\u00e9 t\u00fato mo\u017enos\u0165 zvolili z d\u00f4vodu zdravotn\u00e9ho stavu die\u0165a\u0165a, \u0161ikany, potreby \u0161peci\u00e1lneho pr\u00edstupu \u010di \u017eivotn\u00e9ho \u0161t\u00fdlu.<\/p>\n\n\n\n<p><em>\u201eCelkovo ide o legislat\u00edvny bal\u00edk, ktor\u00fd smeruje k obmedzeniu slobody vo vzdel\u00e1van\u00ed, vytv\u00e1raniu nerovnost\u00ed a oslabeniu rozmanitosti \u0161k\u00f4l na Slovensku. Re\u0161pektovanie pr\u00e1v rodi\u010dov je v slobodnej a demokratickej krajine nevyhnutnos\u0165ou a z\u00e1rove\u0148 predpokladom rast\u00facej kvality vzdel\u00e1vania, ktor\u00e9 Slovensko urgentne potrebuje.\u201c<\/em>&nbsp;Hovor\u00ed Juraj \u0160eliga, podpredseda strany Demokrati.<\/p>\n","protected":false},"excerpt":{"rendered":"<p>Ministerstvo \u0161kolstva predlo\u017eilo do medzirezortn\u00e9ho pripomienkov\u00e9ho konania s\u00e9riu legislat\u00edvnych n\u00e1vrhov, ktor\u00e9 z\u00e1sadn\u00fdm sp\u00f4sobom zasahuj\u00fa do syst\u00e9mu vzdel\u00e1vania na Slovensku. Okrem sporn\u00e9ho n\u00e1vrhu na obmedzenie financovania neverejn\u00fdch \u0161k\u00f4l prich\u00e1dza rezort aj s \u010fal\u0161\u00edm opatren\u00edm \u2013 spr\u00edsnen\u00edm podmienok pre dom\u00e1ce vzdel\u00e1vanie. \u201eNavrhovan\u00e1 legislat\u00edva umo\u017e\u0148uje zn\u00ed\u017ei\u0165 pr\u00edspevok cirkevn\u00fdm a s\u00fakromn\u00fdm \u0161kol\u00e1m v pr\u00edpade, \u017ee vyberaj\u00fa \u0161koln\u00e9. Tento krok [&hellip;]<\/p>\n","protected":false},"author":13,"featured_media":7677,"comment_status":"closed","ping_status":"closed","sticky":false,"template":"","format":"standard","meta":{"_acf_changed":false,"ngg_post_thumbnail":0,"footnotes":""},"categories":[4],"tags":[],"class_list":["post-7675","post","type-post","status-publish","format-standard","has-post-thumbnail","hentry","category-tlacove-spravy"],"acf":[],"yoast_head":"<!-- This site is optimized with the Yoast SEO plugin v27.2 - https:\/\/yoast.com\/product\/yoast-seo-wordpress\/ -->\n<title>Navrhovan\u00e9 zmeny ministerstva \u0161kolstva ohrozuj\u00fa slobodu vo\u013eby vo vzdel\u00e1van\u00ed aj pr\u00e1va rodi\u010dov<\/title>\n<meta name=\"robots\" content=\"index, follow, max-snippet:-1, max-image-preview:large, max-video-preview:-1\" \/>\n<link rel=\"canonical\" href=\"https:\/\/www.smedemokrati.sk\/cs\/navrhovane-zmeny-ministerstva-skolstva-ohrozuju-slobodu-volby-vo-vzdelavani-aj-prava-rodicov\/\" \/>\n<meta property=\"og:locale\" content=\"cs_CZ\" \/>\n<meta property=\"og:locale:alternate\" content=\"en_US\" \/>\n<meta property=\"og:locale:alternate\" content=\"hu_HU\" \/>\n<meta property=\"og:locale:alternate\" content=\"sk_SK\" \/>\n<meta property=\"og:locale:alternate\" content=\"sv_SE\" \/>\n<meta property=\"og:type\" content=\"article\" \/>\n<meta property=\"og:title\" content=\"Navrhovan\u00e9 zmeny ministerstva \u0161kolstva ohrozuj\u00fa slobodu vo\u013eby vo vzdel\u00e1van\u00ed aj pr\u00e1va rodi\u010dov\" \/>\n<meta property=\"og:description\" content=\"Ministerstvo \u0161kolstva predlo\u017eilo do medzirezortn\u00e9ho pripomienkov\u00e9ho konania s\u00e9riu legislat\u00edvnych n\u00e1vrhov, ktor\u00e9 z\u00e1sadn\u00fdm sp\u00f4sobom zasahuj\u00fa do syst\u00e9mu vzdel\u00e1vania na Slovensku. Okrem sporn\u00e9ho n\u00e1vrhu na obmedzenie financovania neverejn\u00fdch \u0161k\u00f4l prich\u00e1dza rezort aj s \u010fal\u0161\u00edm opatren\u00edm \u2013 spr\u00edsnen\u00edm podmienok pre dom\u00e1ce vzdel\u00e1vanie. \u201eNavrhovan\u00e1 legislat\u00edva umo\u017e\u0148uje zn\u00ed\u017ei\u0165 pr\u00edspevok cirkevn\u00fdm a s\u00fakromn\u00fdm \u0161kol\u00e1m v pr\u00edpade, \u017ee vyberaj\u00fa \u0161koln\u00e9. Tento krok [&hellip;]\" \/>\n<meta property=\"og:url\" content=\"https:\/\/www.smedemokrati.sk\/cs\/navrhovane-zmeny-ministerstva-skolstva-ohrozuju-slobodu-volby-vo-vzdelavani-aj-prava-rodicov\/\" \/>\n<meta property=\"og:site_name\" content=\"Smedemokrati.sk\" \/>\n<meta property=\"article:publisher\" content=\"https:\/\/www.facebook.com\/smedemokrati2023\" \/>\n<meta property=\"article:published_time\" content=\"2025-07-10T10:15:28+00:00\" \/>\n<meta property=\"article:modified_time\" content=\"2025-07-10T10:15:29+00:00\" \/>\n<meta property=\"og:image\" content=\"https:\/\/www.smedemokrati.sk\/wp-content\/uploads\/2025\/07\/2148886440.jpg\" \/>\n\t<meta property=\"og:image:width\" content=\"1000\" \/>\n\t<meta property=\"og:image:height\" content=\"667\" \/>\n\t<meta property=\"og:image:type\" content=\"image\/jpeg\" \/>\n<meta name=\"author\" content=\"miro.sopko\" \/>\n<meta name=\"twitter:card\" content=\"summary_large_image\" \/>\n<meta name=\"twitter:label1\" content=\"Napsal(a)\" \/>\n\t<meta name=\"twitter:data1\" content=\"miro.sopko\" \/>\n\t<meta name=\"twitter:label2\" content=\"Odhadovan\u00e1 doba \u010dten\u00ed\" \/>\n\t<meta name=\"twitter:data2\" content=\"2 minuty\" \/>\n<script type=\"application\/ld+json\" class=\"yoast-schema-graph\">{\"@context\":\"https:\/\/schema.org\",\"@graph\":[{\"@type\":\"Article\",\"@id\":\"https:\/\/www.smedemokrati.sk\/navrhovane-zmeny-ministerstva-skolstva-ohrozuju-slobodu-volby-vo-vzdelavani-aj-prava-rodicov\/#article\",\"isPartOf\":{\"@id\":\"https:\/\/www.smedemokrati.sk\/navrhovane-zmeny-ministerstva-skolstva-ohrozuju-slobodu-volby-vo-vzdelavani-aj-prava-rodicov\/\"},\"author\":{\"name\":\"miro.sopko\",\"@id\":\"https:\/\/www.smedemokrati.sk\/#\/schema\/person\/21f147c88d605aa7ded900e1e7c344ba\"},\"headline\":\"Navrhovan\u00e9 zmeny ministerstva \u0161kolstva ohrozuj\u00fa slobodu vo\u013eby vo vzdel\u00e1van\u00ed aj pr\u00e1va rodi\u010dov\",\"datePublished\":\"2025-07-10T10:15:28+00:00\",\"dateModified\":\"2025-07-10T10:15:29+00:00\",\"mainEntityOfPage\":{\"@id\":\"https:\/\/www.smedemokrati.sk\/navrhovane-zmeny-ministerstva-skolstva-ohrozuju-slobodu-volby-vo-vzdelavani-aj-prava-rodicov\/\"},\"wordCount\":285,\"publisher\":{\"@id\":\"https:\/\/www.smedemokrati.sk\/#organization\"},\"image\":{\"@id\":\"https:\/\/www.smedemokrati.sk\/navrhovane-zmeny-ministerstva-skolstva-ohrozuju-slobodu-volby-vo-vzdelavani-aj-prava-rodicov\/#primaryimage\"},\"thumbnailUrl\":\"https:\/\/www.smedemokrati.sk\/wp-content\/uploads\/2025\/07\/2148886440.jpg\",\"articleSection\":[\"Tla\u010dov\u00e9 spr\u00e1vy\"],\"inLanguage\":\"cs-CZ\"},{\"@type\":\"WebPage\",\"@id\":\"https:\/\/www.smedemokrati.sk\/navrhovane-zmeny-ministerstva-skolstva-ohrozuju-slobodu-volby-vo-vzdelavani-aj-prava-rodicov\/\",\"url\":\"https:\/\/www.smedemokrati.sk\/navrhovane-zmeny-ministerstva-skolstva-ohrozuju-slobodu-volby-vo-vzdelavani-aj-prava-rodicov\/\",\"name\":\"Navrhovan\u00e9 zmeny ministerstva \u0161kolstva ohrozuj\u00fa slobodu vo\u013eby vo vzdel\u00e1van\u00ed aj pr\u00e1va rodi\u010dov\",\"isPartOf\":{\"@id\":\"https:\/\/www.smedemokrati.sk\/#website\"},\"primaryImageOfPage\":{\"@id\":\"https:\/\/www.smedemokrati.sk\/navrhovane-zmeny-ministerstva-skolstva-ohrozuju-slobodu-volby-vo-vzdelavani-aj-prava-rodicov\/#primaryimage\"},\"image\":{\"@id\":\"https:\/\/www.smedemokrati.sk\/navrhovane-zmeny-ministerstva-skolstva-ohrozuju-slobodu-volby-vo-vzdelavani-aj-prava-rodicov\/#primaryimage\"},\"thumbnailUrl\":\"https:\/\/www.smedemokrati.sk\/wp-content\/uploads\/2025\/07\/2148886440.jpg\",\"datePublished\":\"2025-07-10T10:15:28+00:00\",\"dateModified\":\"2025-07-10T10:15:29+00:00\",\"breadcrumb\":{\"@id\":\"https:\/\/www.smedemokrati.sk\/navrhovane-zmeny-ministerstva-skolstva-ohrozuju-slobodu-volby-vo-vzdelavani-aj-prava-rodicov\/#breadcrumb\"},\"inLanguage\":\"cs-CZ\",\"potentialAction\":[{\"@type\":\"ReadAction\",\"target\":[\"https:\/\/www.smedemokrati.sk\/navrhovane-zmeny-ministerstva-skolstva-ohrozuju-slobodu-volby-vo-vzdelavani-aj-prava-rodicov\/\"]}]},{\"@type\":\"ImageObject\",\"inLanguage\":\"cs-CZ\",\"@id\":\"https:\/\/www.smedemokrati.sk\/navrhovane-zmeny-ministerstva-skolstva-ohrozuju-slobodu-volby-vo-vzdelavani-aj-prava-rodicov\/#primaryimage\",\"url\":\"https:\/\/www.smedemokrati.sk\/wp-content\/uploads\/2025\/07\/2148886440.jpg\",\"contentUrl\":\"https:\/\/www.smedemokrati.sk\/wp-content\/uploads\/2025\/07\/2148886440.jpg\",\"width\":1000,\"height\":667},{\"@type\":\"BreadcrumbList\",\"@id\":\"https:\/\/www.smedemokrati.sk\/navrhovane-zmeny-ministerstva-skolstva-ohrozuju-slobodu-volby-vo-vzdelavani-aj-prava-rodicov\/#breadcrumb\",\"itemListElement\":[{\"@type\":\"ListItem\",\"position\":1,\"name\":\"Domovsk\u00e1 str\u00e1nka\",\"item\":\"https:\/\/www.smedemokrati.sk\/\"},{\"@type\":\"ListItem\",\"position\":2,\"name\":\"Navrhovan\u00e9 zmeny ministerstva \u0161kolstva ohrozuj\u00fa slobodu vo\u013eby vo vzdel\u00e1van\u00ed aj pr\u00e1va rodi\u010dov\"}]},{\"@type\":\"WebSite\",\"@id\":\"https:\/\/www.smedemokrati.sk\/#website\",\"url\":\"https:\/\/www.smedemokrati.sk\/\",\"name\":\"Smedemokrati.sk\",\"description\":\"Demokracia a slu\u0161nos\u0165 zv\u00ed\u0165az\u00ed\",\"publisher\":{\"@id\":\"https:\/\/www.smedemokrati.sk\/#organization\"},\"potentialAction\":[{\"@type\":\"SearchAction\",\"target\":{\"@type\":\"EntryPoint\",\"urlTemplate\":\"https:\/\/www.smedemokrati.sk\/?s={search_term_string}\"},\"query-input\":{\"@type\":\"PropertyValueSpecification\",\"valueRequired\":true,\"valueName\":\"search_term_string\"}}],\"inLanguage\":\"cs-CZ\"},{\"@type\":\"Organization\",\"@id\":\"https:\/\/www.smedemokrati.sk\/#organization\",\"name\":\"Smedemokrati.sk\",\"url\":\"https:\/\/www.smedemokrati.sk\/\",\"logo\":{\"@type\":\"ImageObject\",\"inLanguage\":\"cs-CZ\",\"@id\":\"https:\/\/www.smedemokrati.sk\/#\/schema\/logo\/image\/\",\"url\":\"https:\/\/www.smedemokrati.sk\/wp-content\/uploads\/2023\/04\/ff.002.jpeg\",\"contentUrl\":\"https:\/\/www.smedemokrati.sk\/wp-content\/uploads\/2023\/04\/ff.002.jpeg\",\"width\":640,\"height\":480,\"caption\":\"Smedemokrati.sk\"},\"image\":{\"@id\":\"https:\/\/www.smedemokrati.sk\/#\/schema\/logo\/image\/\"},\"sameAs\":[\"https:\/\/www.facebook.com\/smedemokrati2023\"]},{\"@type\":\"Person\",\"@id\":\"https:\/\/www.smedemokrati.sk\/#\/schema\/person\/21f147c88d605aa7ded900e1e7c344ba\",\"name\":\"miro.sopko\",\"image\":{\"@type\":\"ImageObject\",\"inLanguage\":\"cs-CZ\",\"@id\":\"https:\/\/secure.gravatar.com\/avatar\/267e4a36f704376c109afe3a78740c1f5dd8675a2180a908699e7863c9247606?s=96&d=mm&r=g\",\"url\":\"https:\/\/secure.gravatar.com\/avatar\/267e4a36f704376c109afe3a78740c1f5dd8675a2180a908699e7863c9247606?s=96&d=mm&r=g\",\"contentUrl\":\"https:\/\/secure.gravatar.com\/avatar\/267e4a36f704376c109afe3a78740c1f5dd8675a2180a908699e7863c9247606?s=96&d=mm&r=g\",\"caption\":\"miro.sopko\"},\"url\":\"https:\/\/www.smedemokrati.sk\/cs\/author\/miro-sopko\/\"}]}<\/script>\n<!-- \/ Yoast SEO plugin. -->","yoast_head_json":{"title":"Navrhovan\u00e9 zmeny ministerstva \u0161kolstva ohrozuj\u00fa slobodu vo\u013eby vo vzdel\u00e1van\u00ed aj pr\u00e1va rodi\u010dov","robots":{"index":"index","follow":"follow","max-snippet":"max-snippet:-1","max-image-preview":"max-image-preview:large","max-video-preview":"max-video-preview:-1"},"canonical":"https:\/\/www.smedemokrati.sk\/cs\/navrhovane-zmeny-ministerstva-skolstva-ohrozuju-slobodu-volby-vo-vzdelavani-aj-prava-rodicov\/","og_locale":"cs_CZ","og_type":"article","og_title":"[:sk]Navrhovan\u00e9 zmeny ministerstva \u0161kolstva ohrozuj\u00fa slobodu vo\u013eby vo vzdel\u00e1van\u00ed aj pr\u00e1va rodi\u010dov[:] - Smedemokrati.sk","og_description":"Ministerstvo \u0161kolstva predlo\u017eilo do medzirezortn\u00e9ho pripomienkov\u00e9ho konania s\u00e9riu legislat\u00edvnych n\u00e1vrhov, ktor\u00e9 z\u00e1sadn\u00fdm sp\u00f4sobom zasahuj\u00fa do syst\u00e9mu vzdel\u00e1vania na Slovensku. Okrem sporn\u00e9ho n\u00e1vrhu na obmedzenie financovania neverejn\u00fdch \u0161k\u00f4l prich\u00e1dza rezort aj s \u010fal\u0161\u00edm opatren\u00edm \u2013 spr\u00edsnen\u00edm podmienok pre dom\u00e1ce vzdel\u00e1vanie. \u201eNavrhovan\u00e1 legislat\u00edva umo\u017e\u0148uje zn\u00ed\u017ei\u0165 pr\u00edspevok cirkevn\u00fdm a s\u00fakromn\u00fdm \u0161kol\u00e1m v pr\u00edpade, \u017ee vyberaj\u00fa \u0161koln\u00e9. Tento krok [&hellip;]","og_url":"https:\/\/www.smedemokrati.sk\/cs\/navrhovane-zmeny-ministerstva-skolstva-ohrozuju-slobodu-volby-vo-vzdelavani-aj-prava-rodicov\/","og_site_name":"Smedemokrati.sk","article_publisher":"https:\/\/www.facebook.com\/smedemokrati2023","article_published_time":"2025-07-10T10:15:28+00:00","article_modified_time":"2025-07-10T10:15:29+00:00","og_image":[{"width":1000,"height":667,"url":"https:\/\/www.smedemokrati.sk\/wp-content\/uploads\/2025\/07\/2148886440.jpg","type":"image\/jpeg"}],"author":"miro.sopko","twitter_card":"summary_large_image","twitter_misc":{"Napsal(a)":"miro.sopko","Odhadovan\u00e1 doba \u010dten\u00ed":"2 minuty"},"schema":{"@context":"https:\/\/schema.org","@graph":[{"@type":"Article","@id":"https:\/\/www.smedemokrati.sk\/navrhovane-zmeny-ministerstva-skolstva-ohrozuju-slobodu-volby-vo-vzdelavani-aj-prava-rodicov\/#article","isPartOf":{"@id":"https:\/\/www.smedemokrati.sk\/navrhovane-zmeny-ministerstva-skolstva-ohrozuju-slobodu-volby-vo-vzdelavani-aj-prava-rodicov\/"},"author":{"name":"miro.sopko","@id":"https:\/\/www.smedemokrati.sk\/#\/schema\/person\/21f147c88d605aa7ded900e1e7c344ba"},"headline":"Navrhovan\u00e9 zmeny ministerstva \u0161kolstva ohrozuj\u00fa slobodu vo\u013eby vo vzdel\u00e1van\u00ed aj pr\u00e1va rodi\u010dov","datePublished":"2025-07-10T10:15:28+00:00","dateModified":"2025-07-10T10:15:29+00:00","mainEntityOfPage":{"@id":"https:\/\/www.smedemokrati.sk\/navrhovane-zmeny-ministerstva-skolstva-ohrozuju-slobodu-volby-vo-vzdelavani-aj-prava-rodicov\/"},"wordCount":285,"publisher":{"@id":"https:\/\/www.smedemokrati.sk\/#organization"},"image":{"@id":"https:\/\/www.smedemokrati.sk\/navrhovane-zmeny-ministerstva-skolstva-ohrozuju-slobodu-volby-vo-vzdelavani-aj-prava-rodicov\/#primaryimage"},"thumbnailUrl":"https:\/\/www.smedemokrati.sk\/wp-content\/uploads\/2025\/07\/2148886440.jpg","articleSection":["Tla\u010dov\u00e9 spr\u00e1vy"],"inLanguage":"cs-CZ"},{"@type":"WebPage","@id":"https:\/\/www.smedemokrati.sk\/navrhovane-zmeny-ministerstva-skolstva-ohrozuju-slobodu-volby-vo-vzdelavani-aj-prava-rodicov\/","url":"https:\/\/www.smedemokrati.sk\/navrhovane-zmeny-ministerstva-skolstva-ohrozuju-slobodu-volby-vo-vzdelavani-aj-prava-rodicov\/","name":"Navrhovan\u00e9 zmeny ministerstva \u0161kolstva ohrozuj\u00fa slobodu vo\u013eby vo vzdel\u00e1van\u00ed aj pr\u00e1va rodi\u010dov","isPartOf":{"@id":"https:\/\/www.smedemokrati.sk\/#website"},"primaryImageOfPage":{"@id":"https:\/\/www.smedemokrati.sk\/navrhovane-zmeny-ministerstva-skolstva-ohrozuju-slobodu-volby-vo-vzdelavani-aj-prava-rodicov\/#primaryimage"},"image":{"@id":"https:\/\/www.smedemokrati.sk\/navrhovane-zmeny-ministerstva-skolstva-ohrozuju-slobodu-volby-vo-vzdelavani-aj-prava-rodicov\/#primaryimage"},"thumbnailUrl":"https:\/\/www.smedemokrati.sk\/wp-content\/uploads\/2025\/07\/2148886440.jpg","datePublished":"2025-07-10T10:15:28+00:00","dateModified":"2025-07-10T10:15:29+00:00","breadcrumb":{"@id":"https:\/\/www.smedemokrati.sk\/navrhovane-zmeny-ministerstva-skolstva-ohrozuju-slobodu-volby-vo-vzdelavani-aj-prava-rodicov\/#breadcrumb"},"inLanguage":"cs-CZ","potentialAction":[{"@type":"ReadAction","target":["https:\/\/www.smedemokrati.sk\/navrhovane-zmeny-ministerstva-skolstva-ohrozuju-slobodu-volby-vo-vzdelavani-aj-prava-rodicov\/"]}]},{"@type":"ImageObject","inLanguage":"cs-CZ","@id":"https:\/\/www.smedemokrati.sk\/navrhovane-zmeny-ministerstva-skolstva-ohrozuju-slobodu-volby-vo-vzdelavani-aj-prava-rodicov\/#primaryimage","url":"https:\/\/www.smedemokrati.sk\/wp-content\/uploads\/2025\/07\/2148886440.jpg","contentUrl":"https:\/\/www.smedemokrati.sk\/wp-content\/uploads\/2025\/07\/2148886440.jpg","width":1000,"height":667},{"@type":"BreadcrumbList","@id":"https:\/\/www.smedemokrati.sk\/navrhovane-zmeny-ministerstva-skolstva-ohrozuju-slobodu-volby-vo-vzdelavani-aj-prava-rodicov\/#breadcrumb","itemListElement":[{"@type":"ListItem","position":1,"name":"Domovsk\u00e1 str\u00e1nka","item":"https:\/\/www.smedemokrati.sk\/"},{"@type":"ListItem","position":2,"name":"Navrhovan\u00e9 zmeny ministerstva \u0161kolstva ohrozuj\u00fa slobodu vo\u013eby vo vzdel\u00e1van\u00ed aj pr\u00e1va rodi\u010dov"}]},{"@type":"WebSite","@id":"https:\/\/www.smedemokrati.sk\/#website","url":"https:\/\/www.smedemokrati.sk\/","name":"Smedemokrati.sk","description":"Demokracia a slu\u0161nos\u0165 zv\u00ed\u0165az\u00ed","publisher":{"@id":"https:\/\/www.smedemokrati.sk\/#organization"},"potentialAction":[{"@type":"SearchAction","target":{"@type":"EntryPoint","urlTemplate":"https:\/\/www.smedemokrati.sk\/?s={search_term_string}"},"query-input":{"@type":"PropertyValueSpecification","valueRequired":true,"valueName":"search_term_string"}}],"inLanguage":"cs-CZ"},{"@type":"Organization","@id":"https:\/\/www.smedemokrati.sk\/#organization","name":"Smedemokrati.sk","url":"https:\/\/www.smedemokrati.sk\/","logo":{"@type":"ImageObject","inLanguage":"cs-CZ","@id":"https:\/\/www.smedemokrati.sk\/#\/schema\/logo\/image\/","url":"https:\/\/www.smedemokrati.sk\/wp-content\/uploads\/2023\/04\/ff.002.jpeg","contentUrl":"https:\/\/www.smedemokrati.sk\/wp-content\/uploads\/2023\/04\/ff.002.jpeg","width":640,"height":480,"caption":"Smedemokrati.sk"},"image":{"@id":"https:\/\/www.smedemokrati.sk\/#\/schema\/logo\/image\/"},"sameAs":["https:\/\/www.facebook.com\/smedemokrati2023"]},{"@type":"Person","@id":"https:\/\/www.smedemokrati.sk\/#\/schema\/person\/21f147c88d605aa7ded900e1e7c344ba","name":"miro.sopko","image":{"@type":"ImageObject","inLanguage":"cs-CZ","@id":"https:\/\/secure.gravatar.com\/avatar\/267e4a36f704376c109afe3a78740c1f5dd8675a2180a908699e7863c9247606?s=96&d=mm&r=g","url":"https:\/\/secure.gravatar.com\/avatar\/267e4a36f704376c109afe3a78740c1f5dd8675a2180a908699e7863c9247606?s=96&d=mm&r=g","contentUrl":"https:\/\/secure.gravatar.com\/avatar\/267e4a36f704376c109afe3a78740c1f5dd8675a2180a908699e7863c9247606?s=96&d=mm&r=g","caption":"miro.sopko"},"url":"https:\/\/www.smedemokrati.sk\/cs\/author\/miro-sopko\/"}]}},"_links":{"self":[{"href":"https:\/\/www.smedemokrati.sk\/cs\/wp-json\/wp\/v2\/posts\/7675","targetHints":{"allow":["GET"]}}],"collection":[{"href":"https:\/\/www.smedemokrati.sk\/cs\/wp-json\/wp\/v2\/posts"}],"about":[{"href":"https:\/\/www.smedemokrati.sk\/cs\/wp-json\/wp\/v2\/types\/post"}],"author":[{"embeddable":true,"href":"https:\/\/www.smedemokrati.sk\/cs\/wp-json\/wp\/v2\/users\/13"}],"replies":[{"embeddable":true,"href":"https:\/\/www.smedemokrati.sk\/cs\/wp-json\/wp\/v2\/comments?post=7675"}],"version-history":[{"count":1,"href":"https:\/\/www.smedemokrati.sk\/cs\/wp-json\/wp\/v2\/posts\/7675\/revisions"}],"predecessor-version":[{"id":7678,"href":"https:\/\/www.smedemokrati.sk\/cs\/wp-json\/wp\/v2\/posts\/7675\/revisions\/7678"}],"wp:featuredmedia":[{"embeddable":true,"href":"https:\/\/www.smedemokrati.sk\/cs\/wp-json\/wp\/v2\/media\/7677"}],"wp:attachment":[{"href":"https:\/\/www.smedemokrati.sk\/cs\/wp-json\/wp\/v2\/media?parent=7675"}],"wp:term":[{"taxonomy":"category","embeddable":true,"href":"https:\/\/www.smedemokrati.sk\/cs\/wp-json\/wp\/v2\/categories?post=7675"},{"taxonomy":"post_tag","embeddable":true,"href":"https:\/\/www.smedemokrati.sk\/cs\/wp-json\/wp\/v2\/tags?post=7675"}],"curies":[{"name":"wp","href":"https:\/\/api.w.org\/{rel}","templated":true}]}}