{"id":7667,"date":"2025-07-08T10:29:29","date_gmt":"2025-07-08T09:29:29","guid":{"rendered":"https:\/\/www.smedemokrati.sk\/?p=7667"},"modified":"2025-07-08T10:29:30","modified_gmt":"2025-07-08T09:29:30","slug":"slovensko-ma-druhu-najvyssiu-inflaciu-v-eu-a-to-pre-rozhodnutia-tejto-vlady","status":"publish","type":"post","link":"https:\/\/www.smedemokrati.sk\/cs\/slovensko-ma-druhu-najvyssiu-inflaciu-v-eu-a-to-pre-rozhodnutia-tejto-vlady\/","title":{"rendered":"Slovensko m\u00e1 druh\u00fa najvy\u0161\u0161iu infl\u00e1ciu v E\u00da, a to pre rozhodnutia tejto vl\u00e1dy"},"content":{"rendered":"<div id=\"fb-root\"><\/div>\n\n<p><strong>Slovensko m\u00e1 pod\u013ea \u0161tatist\u00edk nominantov vl\u00e1dy druh\u00fa najvy\u0161\u0161iu infl\u00e1ciu v E\u00da. Demokrati tvrdia, \u017ee na to nie je objekt\u00edvny d\u00f4vod a za vysok\u00fdmi cenami stoja rozhodnutia s\u00fa\u010dasnej vl\u00e1dy. Upozor\u0148uj\u00fa, \u017ee rodiny mesa\u010dne prich\u00e1dzaj\u00fa a\u017e o 300 eur a vyz\u00fdvaj\u00fa vl\u00e1du, aby pri \u010fal\u0161ej konsolid\u00e1cii \u0161krtala v\u00fddavky \u0161t\u00e1tu, nie be\u017en\u00fdch \u013eud\u00ed.<\/strong><\/p>\n\n\n\n<p>Pod\u013ea \u0161tatist\u00edk je infl\u00e1cia na Slovensku na \u00farovni 4,6 %, pri\u010dom priemer v E\u00da sa pohybuje okolo 2 %.<em>&nbsp;\u201ePred vo\u013ebami s\u013eubovali raj na zemi, ro\u017eky za 8 centov \u010di b\u00fdvanie pre v\u0161etk\u00fdch. Realita pod\u013ea \u010d\u00edsel smer\u00e1ckych nominantov ukazuje, \u017ee z\u00e1kladn\u00e9 potraviny zdra\u017eeli v priemere o 15 %. Podot\u00fdkam, \u017ee nie sme pod \u0165archou \u017eiadnej kr\u00edzy, ktor\u00e1 by z\u00e1sadne ovplyvnila na\u0161u ekonomiku. Jedin\u00e9, \u010do ju takto negat\u00edvne ovplyv\u0148uje, s\u00fa rozhodnutia vl\u00e1dy Roberta Fica,\u201c&nbsp;<\/em>uviedol expremi\u00e9r Eduard Heger.<\/p>\n\n\n\n<p>Dod\u00e1va, \u017ee rodiny pod\u013ea v\u00fdpo\u010dtov prich\u00e1dzaj\u00fa mesa\u010dne a\u017e o 300 eur:<em>&nbsp;\u201eVyz\u00fdvam vl\u00e1du, aby pri \u010fal\u0161ej konsolid\u00e1cii ani len neuva\u017eovala o tom, \u017ee op\u00e4\u0165 siahne na \u017eivotn\u00fd \u0161tandard rod\u00edn a be\u017en\u00fdch \u013eud\u00ed. Je to \u0161t\u00e1t, kto si m\u00e1 utiahnu\u0165 opasok. Rozpo\u010det verejnej spr\u00e1vy je 60 mili\u00e1rd eur, ak by vl\u00e1da u\u0161etrila na sebe len 2 %, mala by k dispoz\u00edcii miliardy na odbremenenie \u013eud\u00ed,\u201c&nbsp;<\/em>uzavrel Heger.<\/p>\n\n\n<div class=\"fb-video\" data-href=\"https:\/\/fb.watch\/AIBTNgJs6V\" data-allowfullscreen=\"true\" data-autoplay=\"false\" data-width=\"\" data-show-text=\"false\" data-show-captions=\"true\"><\/div>\n","protected":false},"excerpt":{"rendered":"<p>Slovensko m\u00e1 pod\u013ea \u0161tatist\u00edk nominantov vl\u00e1dy druh\u00fa najvy\u0161\u0161iu infl\u00e1ciu v E\u00da. Demokrati tvrdia, \u017ee na to nie je objekt\u00edvny d\u00f4vod a za vysok\u00fdmi cenami stoja rozhodnutia s\u00fa\u010dasnej vl\u00e1dy. Upozor\u0148uj\u00fa, \u017ee rodiny mesa\u010dne prich\u00e1dzaj\u00fa a\u017e o 300 eur a vyz\u00fdvaj\u00fa vl\u00e1du, aby pri \u010fal\u0161ej konsolid\u00e1cii \u0161krtala v\u00fddavky \u0161t\u00e1tu, nie be\u017en\u00fdch \u013eud\u00ed. Pod\u013ea \u0161tatist\u00edk je infl\u00e1cia na [&hellip;]<\/p>\n","protected":false},"author":13,"featured_media":7668,"comment_status":"closed","ping_status":"closed","sticky":false,"template":"","format":"standard","meta":{"_acf_changed":false,"ngg_post_thumbnail":0,"footnotes":""},"categories":[4],"tags":[],"class_list":["post-7667","post","type-post","status-publish","format-standard","has-post-thumbnail","hentry","category-tlacove-spravy"],"acf":[],"yoast_head":"<!-- This site is optimized with the Yoast SEO plugin v27.2 - https:\/\/yoast.com\/product\/yoast-seo-wordpress\/ -->\n<title>Slovensko m\u00e1 druh\u00fa najvy\u0161\u0161iu infl\u00e1ciu v E\u00da, a to pre rozhodnutia tejto vl\u00e1dy<\/title>\n<meta name=\"robots\" content=\"index, follow, max-snippet:-1, max-image-preview:large, max-video-preview:-1\" \/>\n<link rel=\"canonical\" href=\"https:\/\/www.smedemokrati.sk\/cs\/slovensko-ma-druhu-najvyssiu-inflaciu-v-eu-a-to-pre-rozhodnutia-tejto-vlady\/\" \/>\n<meta property=\"og:locale\" content=\"cs_CZ\" \/>\n<meta property=\"og:locale:alternate\" content=\"en_US\" \/>\n<meta property=\"og:locale:alternate\" content=\"hu_HU\" \/>\n<meta property=\"og:locale:alternate\" content=\"sk_SK\" \/>\n<meta property=\"og:locale:alternate\" content=\"sv_SE\" \/>\n<meta property=\"og:type\" content=\"article\" \/>\n<meta property=\"og:title\" content=\"Slovensko m\u00e1 druh\u00fa najvy\u0161\u0161iu infl\u00e1ciu v E\u00da, a to pre rozhodnutia tejto vl\u00e1dy\" \/>\n<meta property=\"og:description\" content=\"Slovensko m\u00e1 pod\u013ea \u0161tatist\u00edk nominantov vl\u00e1dy druh\u00fa najvy\u0161\u0161iu infl\u00e1ciu v E\u00da. Demokrati tvrdia, \u017ee na to nie je objekt\u00edvny d\u00f4vod a za vysok\u00fdmi cenami stoja rozhodnutia s\u00fa\u010dasnej vl\u00e1dy. Upozor\u0148uj\u00fa, \u017ee rodiny mesa\u010dne prich\u00e1dzaj\u00fa a\u017e o 300 eur a vyz\u00fdvaj\u00fa vl\u00e1du, aby pri \u010fal\u0161ej konsolid\u00e1cii \u0161krtala v\u00fddavky \u0161t\u00e1tu, nie be\u017en\u00fdch \u013eud\u00ed. Pod\u013ea \u0161tatist\u00edk je infl\u00e1cia na [&hellip;]\" \/>\n<meta property=\"og:url\" content=\"https:\/\/www.smedemokrati.sk\/cs\/slovensko-ma-druhu-najvyssiu-inflaciu-v-eu-a-to-pre-rozhodnutia-tejto-vlady\/\" \/>\n<meta property=\"og:site_name\" content=\"Smedemokrati.sk\" \/>\n<meta property=\"article:publisher\" content=\"https:\/\/www.facebook.com\/smedemokrati2023\" \/>\n<meta property=\"article:published_time\" content=\"2025-07-08T09:29:29+00:00\" \/>\n<meta property=\"article:modified_time\" content=\"2025-07-08T09:29:30+00:00\" \/>\n<meta property=\"og:image\" content=\"https:\/\/www.smedemokrati.sk\/wp-content\/uploads\/2025\/07\/inflacia-eu.jpg\" \/>\n\t<meta property=\"og:image:width\" content=\"1057\" \/>\n\t<meta property=\"og:image:height\" content=\"538\" \/>\n\t<meta property=\"og:image:type\" content=\"image\/jpeg\" \/>\n<meta name=\"author\" content=\"miro.sopko\" \/>\n<meta name=\"twitter:card\" content=\"summary_large_image\" \/>\n<meta name=\"twitter:label1\" content=\"Napsal(a)\" \/>\n\t<meta name=\"twitter:data1\" content=\"miro.sopko\" \/>\n\t<meta name=\"twitter:label2\" content=\"Odhadovan\u00e1 doba \u010dten\u00ed\" \/>\n\t<meta name=\"twitter:data2\" content=\"2 minuty\" \/>\n<script type=\"application\/ld+json\" class=\"yoast-schema-graph\">{\"@context\":\"https:\/\/schema.org\",\"@graph\":[{\"@type\":\"Article\",\"@id\":\"https:\/\/www.smedemokrati.sk\/slovensko-ma-druhu-najvyssiu-inflaciu-v-eu-a-to-pre-rozhodnutia-tejto-vlady\/#article\",\"isPartOf\":{\"@id\":\"https:\/\/www.smedemokrati.sk\/slovensko-ma-druhu-najvyssiu-inflaciu-v-eu-a-to-pre-rozhodnutia-tejto-vlady\/\"},\"author\":{\"name\":\"miro.sopko\",\"@id\":\"https:\/\/www.smedemokrati.sk\/#\/schema\/person\/21f147c88d605aa7ded900e1e7c344ba\"},\"headline\":\"Slovensko m\u00e1 druh\u00fa najvy\u0161\u0161iu infl\u00e1ciu v E\u00da, a to pre rozhodnutia tejto vl\u00e1dy\",\"datePublished\":\"2025-07-08T09:29:29+00:00\",\"dateModified\":\"2025-07-08T09:29:30+00:00\",\"mainEntityOfPage\":{\"@id\":\"https:\/\/www.smedemokrati.sk\/slovensko-ma-druhu-najvyssiu-inflaciu-v-eu-a-to-pre-rozhodnutia-tejto-vlady\/\"},\"wordCount\":276,\"publisher\":{\"@id\":\"https:\/\/www.smedemokrati.sk\/#organization\"},\"image\":{\"@id\":\"https:\/\/www.smedemokrati.sk\/slovensko-ma-druhu-najvyssiu-inflaciu-v-eu-a-to-pre-rozhodnutia-tejto-vlady\/#primaryimage\"},\"thumbnailUrl\":\"https:\/\/www.smedemokrati.sk\/wp-content\/uploads\/2025\/07\/inflacia-eu.jpg\",\"articleSection\":[\"Tla\u010dov\u00e9 spr\u00e1vy\"],\"inLanguage\":\"cs-CZ\"},{\"@type\":\"WebPage\",\"@id\":\"https:\/\/www.smedemokrati.sk\/slovensko-ma-druhu-najvyssiu-inflaciu-v-eu-a-to-pre-rozhodnutia-tejto-vlady\/\",\"url\":\"https:\/\/www.smedemokrati.sk\/slovensko-ma-druhu-najvyssiu-inflaciu-v-eu-a-to-pre-rozhodnutia-tejto-vlady\/\",\"name\":\"Slovensko m\u00e1 druh\u00fa najvy\u0161\u0161iu infl\u00e1ciu v E\u00da, a to pre rozhodnutia tejto vl\u00e1dy\",\"isPartOf\":{\"@id\":\"https:\/\/www.smedemokrati.sk\/#website\"},\"primaryImageOfPage\":{\"@id\":\"https:\/\/www.smedemokrati.sk\/slovensko-ma-druhu-najvyssiu-inflaciu-v-eu-a-to-pre-rozhodnutia-tejto-vlady\/#primaryimage\"},\"image\":{\"@id\":\"https:\/\/www.smedemokrati.sk\/slovensko-ma-druhu-najvyssiu-inflaciu-v-eu-a-to-pre-rozhodnutia-tejto-vlady\/#primaryimage\"},\"thumbnailUrl\":\"https:\/\/www.smedemokrati.sk\/wp-content\/uploads\/2025\/07\/inflacia-eu.jpg\",\"datePublished\":\"2025-07-08T09:29:29+00:00\",\"dateModified\":\"2025-07-08T09:29:30+00:00\",\"breadcrumb\":{\"@id\":\"https:\/\/www.smedemokrati.sk\/slovensko-ma-druhu-najvyssiu-inflaciu-v-eu-a-to-pre-rozhodnutia-tejto-vlady\/#breadcrumb\"},\"inLanguage\":\"cs-CZ\",\"potentialAction\":[{\"@type\":\"ReadAction\",\"target\":[\"https:\/\/www.smedemokrati.sk\/slovensko-ma-druhu-najvyssiu-inflaciu-v-eu-a-to-pre-rozhodnutia-tejto-vlady\/\"]}]},{\"@type\":\"ImageObject\",\"inLanguage\":\"cs-CZ\",\"@id\":\"https:\/\/www.smedemokrati.sk\/slovensko-ma-druhu-najvyssiu-inflaciu-v-eu-a-to-pre-rozhodnutia-tejto-vlady\/#primaryimage\",\"url\":\"https:\/\/www.smedemokrati.sk\/wp-content\/uploads\/2025\/07\/inflacia-eu.jpg\",\"contentUrl\":\"https:\/\/www.smedemokrati.sk\/wp-content\/uploads\/2025\/07\/inflacia-eu.jpg\",\"width\":1057,\"height\":538},{\"@type\":\"BreadcrumbList\",\"@id\":\"https:\/\/www.smedemokrati.sk\/slovensko-ma-druhu-najvyssiu-inflaciu-v-eu-a-to-pre-rozhodnutia-tejto-vlady\/#breadcrumb\",\"itemListElement\":[{\"@type\":\"ListItem\",\"position\":1,\"name\":\"Domovsk\u00e1 str\u00e1nka\",\"item\":\"https:\/\/www.smedemokrati.sk\/\"},{\"@type\":\"ListItem\",\"position\":2,\"name\":\"Slovensko m\u00e1 druh\u00fa najvy\u0161\u0161iu infl\u00e1ciu v E\u00da, a to pre rozhodnutia tejto vl\u00e1dy\"}]},{\"@type\":\"WebSite\",\"@id\":\"https:\/\/www.smedemokrati.sk\/#website\",\"url\":\"https:\/\/www.smedemokrati.sk\/\",\"name\":\"Smedemokrati.sk\",\"description\":\"Demokracia a slu\u0161nos\u0165 zv\u00ed\u0165az\u00ed\",\"publisher\":{\"@id\":\"https:\/\/www.smedemokrati.sk\/#organization\"},\"potentialAction\":[{\"@type\":\"SearchAction\",\"target\":{\"@type\":\"EntryPoint\",\"urlTemplate\":\"https:\/\/www.smedemokrati.sk\/?s={search_term_string}\"},\"query-input\":{\"@type\":\"PropertyValueSpecification\",\"valueRequired\":true,\"valueName\":\"search_term_string\"}}],\"inLanguage\":\"cs-CZ\"},{\"@type\":\"Organization\",\"@id\":\"https:\/\/www.smedemokrati.sk\/#organization\",\"name\":\"Smedemokrati.sk\",\"url\":\"https:\/\/www.smedemokrati.sk\/\",\"logo\":{\"@type\":\"ImageObject\",\"inLanguage\":\"cs-CZ\",\"@id\":\"https:\/\/www.smedemokrati.sk\/#\/schema\/logo\/image\/\",\"url\":\"https:\/\/www.smedemokrati.sk\/wp-content\/uploads\/2023\/04\/ff.002.jpeg\",\"contentUrl\":\"https:\/\/www.smedemokrati.sk\/wp-content\/uploads\/2023\/04\/ff.002.jpeg\",\"width\":640,\"height\":480,\"caption\":\"Smedemokrati.sk\"},\"image\":{\"@id\":\"https:\/\/www.smedemokrati.sk\/#\/schema\/logo\/image\/\"},\"sameAs\":[\"https:\/\/www.facebook.com\/smedemokrati2023\"]},{\"@type\":\"Person\",\"@id\":\"https:\/\/www.smedemokrati.sk\/#\/schema\/person\/21f147c88d605aa7ded900e1e7c344ba\",\"name\":\"miro.sopko\",\"image\":{\"@type\":\"ImageObject\",\"inLanguage\":\"cs-CZ\",\"@id\":\"https:\/\/secure.gravatar.com\/avatar\/267e4a36f704376c109afe3a78740c1f5dd8675a2180a908699e7863c9247606?s=96&d=mm&r=g\",\"url\":\"https:\/\/secure.gravatar.com\/avatar\/267e4a36f704376c109afe3a78740c1f5dd8675a2180a908699e7863c9247606?s=96&d=mm&r=g\",\"contentUrl\":\"https:\/\/secure.gravatar.com\/avatar\/267e4a36f704376c109afe3a78740c1f5dd8675a2180a908699e7863c9247606?s=96&d=mm&r=g\",\"caption\":\"miro.sopko\"},\"url\":\"https:\/\/www.smedemokrati.sk\/cs\/author\/miro-sopko\/\"}]}<\/script>\n<!-- \/ Yoast SEO plugin. -->","yoast_head_json":{"title":"Slovensko m\u00e1 druh\u00fa najvy\u0161\u0161iu infl\u00e1ciu v E\u00da, a to pre rozhodnutia tejto vl\u00e1dy","robots":{"index":"index","follow":"follow","max-snippet":"max-snippet:-1","max-image-preview":"max-image-preview:large","max-video-preview":"max-video-preview:-1"},"canonical":"https:\/\/www.smedemokrati.sk\/cs\/slovensko-ma-druhu-najvyssiu-inflaciu-v-eu-a-to-pre-rozhodnutia-tejto-vlady\/","og_locale":"cs_CZ","og_type":"article","og_title":"[:sk]Slovensko m\u00e1 druh\u00fa najvy\u0161\u0161iu infl\u00e1ciu v E\u00da, a to pre rozhodnutia tejto vl\u00e1dy[:] - Smedemokrati.sk","og_description":"Slovensko m\u00e1 pod\u013ea \u0161tatist\u00edk nominantov vl\u00e1dy druh\u00fa najvy\u0161\u0161iu infl\u00e1ciu v E\u00da. Demokrati tvrdia, \u017ee na to nie je objekt\u00edvny d\u00f4vod a za vysok\u00fdmi cenami stoja rozhodnutia s\u00fa\u010dasnej vl\u00e1dy. Upozor\u0148uj\u00fa, \u017ee rodiny mesa\u010dne prich\u00e1dzaj\u00fa a\u017e o 300 eur a vyz\u00fdvaj\u00fa vl\u00e1du, aby pri \u010fal\u0161ej konsolid\u00e1cii \u0161krtala v\u00fddavky \u0161t\u00e1tu, nie be\u017en\u00fdch \u013eud\u00ed. Pod\u013ea \u0161tatist\u00edk je infl\u00e1cia na [&hellip;]","og_url":"https:\/\/www.smedemokrati.sk\/cs\/slovensko-ma-druhu-najvyssiu-inflaciu-v-eu-a-to-pre-rozhodnutia-tejto-vlady\/","og_site_name":"Smedemokrati.sk","article_publisher":"https:\/\/www.facebook.com\/smedemokrati2023","article_published_time":"2025-07-08T09:29:29+00:00","article_modified_time":"2025-07-08T09:29:30+00:00","og_image":[{"width":1057,"height":538,"url":"https:\/\/www.smedemokrati.sk\/wp-content\/uploads\/2025\/07\/inflacia-eu.jpg","type":"image\/jpeg"}],"author":"miro.sopko","twitter_card":"summary_large_image","twitter_misc":{"Napsal(a)":"miro.sopko","Odhadovan\u00e1 doba \u010dten\u00ed":"2 minuty"},"schema":{"@context":"https:\/\/schema.org","@graph":[{"@type":"Article","@id":"https:\/\/www.smedemokrati.sk\/slovensko-ma-druhu-najvyssiu-inflaciu-v-eu-a-to-pre-rozhodnutia-tejto-vlady\/#article","isPartOf":{"@id":"https:\/\/www.smedemokrati.sk\/slovensko-ma-druhu-najvyssiu-inflaciu-v-eu-a-to-pre-rozhodnutia-tejto-vlady\/"},"author":{"name":"miro.sopko","@id":"https:\/\/www.smedemokrati.sk\/#\/schema\/person\/21f147c88d605aa7ded900e1e7c344ba"},"headline":"Slovensko m\u00e1 druh\u00fa najvy\u0161\u0161iu infl\u00e1ciu v E\u00da, a to pre rozhodnutia tejto vl\u00e1dy","datePublished":"2025-07-08T09:29:29+00:00","dateModified":"2025-07-08T09:29:30+00:00","mainEntityOfPage":{"@id":"https:\/\/www.smedemokrati.sk\/slovensko-ma-druhu-najvyssiu-inflaciu-v-eu-a-to-pre-rozhodnutia-tejto-vlady\/"},"wordCount":276,"publisher":{"@id":"https:\/\/www.smedemokrati.sk\/#organization"},"image":{"@id":"https:\/\/www.smedemokrati.sk\/slovensko-ma-druhu-najvyssiu-inflaciu-v-eu-a-to-pre-rozhodnutia-tejto-vlady\/#primaryimage"},"thumbnailUrl":"https:\/\/www.smedemokrati.sk\/wp-content\/uploads\/2025\/07\/inflacia-eu.jpg","articleSection":["Tla\u010dov\u00e9 spr\u00e1vy"],"inLanguage":"cs-CZ"},{"@type":"WebPage","@id":"https:\/\/www.smedemokrati.sk\/slovensko-ma-druhu-najvyssiu-inflaciu-v-eu-a-to-pre-rozhodnutia-tejto-vlady\/","url":"https:\/\/www.smedemokrati.sk\/slovensko-ma-druhu-najvyssiu-inflaciu-v-eu-a-to-pre-rozhodnutia-tejto-vlady\/","name":"Slovensko m\u00e1 druh\u00fa najvy\u0161\u0161iu infl\u00e1ciu v E\u00da, a to pre rozhodnutia tejto vl\u00e1dy","isPartOf":{"@id":"https:\/\/www.smedemokrati.sk\/#website"},"primaryImageOfPage":{"@id":"https:\/\/www.smedemokrati.sk\/slovensko-ma-druhu-najvyssiu-inflaciu-v-eu-a-to-pre-rozhodnutia-tejto-vlady\/#primaryimage"},"image":{"@id":"https:\/\/www.smedemokrati.sk\/slovensko-ma-druhu-najvyssiu-inflaciu-v-eu-a-to-pre-rozhodnutia-tejto-vlady\/#primaryimage"},"thumbnailUrl":"https:\/\/www.smedemokrati.sk\/wp-content\/uploads\/2025\/07\/inflacia-eu.jpg","datePublished":"2025-07-08T09:29:29+00:00","dateModified":"2025-07-08T09:29:30+00:00","breadcrumb":{"@id":"https:\/\/www.smedemokrati.sk\/slovensko-ma-druhu-najvyssiu-inflaciu-v-eu-a-to-pre-rozhodnutia-tejto-vlady\/#breadcrumb"},"inLanguage":"cs-CZ","potentialAction":[{"@type":"ReadAction","target":["https:\/\/www.smedemokrati.sk\/slovensko-ma-druhu-najvyssiu-inflaciu-v-eu-a-to-pre-rozhodnutia-tejto-vlady\/"]}]},{"@type":"ImageObject","inLanguage":"cs-CZ","@id":"https:\/\/www.smedemokrati.sk\/slovensko-ma-druhu-najvyssiu-inflaciu-v-eu-a-to-pre-rozhodnutia-tejto-vlady\/#primaryimage","url":"https:\/\/www.smedemokrati.sk\/wp-content\/uploads\/2025\/07\/inflacia-eu.jpg","contentUrl":"https:\/\/www.smedemokrati.sk\/wp-content\/uploads\/2025\/07\/inflacia-eu.jpg","width":1057,"height":538},{"@type":"BreadcrumbList","@id":"https:\/\/www.smedemokrati.sk\/slovensko-ma-druhu-najvyssiu-inflaciu-v-eu-a-to-pre-rozhodnutia-tejto-vlady\/#breadcrumb","itemListElement":[{"@type":"ListItem","position":1,"name":"Domovsk\u00e1 str\u00e1nka","item":"https:\/\/www.smedemokrati.sk\/"},{"@type":"ListItem","position":2,"name":"Slovensko m\u00e1 druh\u00fa najvy\u0161\u0161iu infl\u00e1ciu v E\u00da, a to pre rozhodnutia tejto vl\u00e1dy"}]},{"@type":"WebSite","@id":"https:\/\/www.smedemokrati.sk\/#website","url":"https:\/\/www.smedemokrati.sk\/","name":"Smedemokrati.sk","description":"Demokracia a slu\u0161nos\u0165 zv\u00ed\u0165az\u00ed","publisher":{"@id":"https:\/\/www.smedemokrati.sk\/#organization"},"potentialAction":[{"@type":"SearchAction","target":{"@type":"EntryPoint","urlTemplate":"https:\/\/www.smedemokrati.sk\/?s={search_term_string}"},"query-input":{"@type":"PropertyValueSpecification","valueRequired":true,"valueName":"search_term_string"}}],"inLanguage":"cs-CZ"},{"@type":"Organization","@id":"https:\/\/www.smedemokrati.sk\/#organization","name":"Smedemokrati.sk","url":"https:\/\/www.smedemokrati.sk\/","logo":{"@type":"ImageObject","inLanguage":"cs-CZ","@id":"https:\/\/www.smedemokrati.sk\/#\/schema\/logo\/image\/","url":"https:\/\/www.smedemokrati.sk\/wp-content\/uploads\/2023\/04\/ff.002.jpeg","contentUrl":"https:\/\/www.smedemokrati.sk\/wp-content\/uploads\/2023\/04\/ff.002.jpeg","width":640,"height":480,"caption":"Smedemokrati.sk"},"image":{"@id":"https:\/\/www.smedemokrati.sk\/#\/schema\/logo\/image\/"},"sameAs":["https:\/\/www.facebook.com\/smedemokrati2023"]},{"@type":"Person","@id":"https:\/\/www.smedemokrati.sk\/#\/schema\/person\/21f147c88d605aa7ded900e1e7c344ba","name":"miro.sopko","image":{"@type":"ImageObject","inLanguage":"cs-CZ","@id":"https:\/\/secure.gravatar.com\/avatar\/267e4a36f704376c109afe3a78740c1f5dd8675a2180a908699e7863c9247606?s=96&d=mm&r=g","url":"https:\/\/secure.gravatar.com\/avatar\/267e4a36f704376c109afe3a78740c1f5dd8675a2180a908699e7863c9247606?s=96&d=mm&r=g","contentUrl":"https:\/\/secure.gravatar.com\/avatar\/267e4a36f704376c109afe3a78740c1f5dd8675a2180a908699e7863c9247606?s=96&d=mm&r=g","caption":"miro.sopko"},"url":"https:\/\/www.smedemokrati.sk\/cs\/author\/miro-sopko\/"}]}},"_links":{"self":[{"href":"https:\/\/www.smedemokrati.sk\/cs\/wp-json\/wp\/v2\/posts\/7667","targetHints":{"allow":["GET"]}}],"collection":[{"href":"https:\/\/www.smedemokrati.sk\/cs\/wp-json\/wp\/v2\/posts"}],"about":[{"href":"https:\/\/www.smedemokrati.sk\/cs\/wp-json\/wp\/v2\/types\/post"}],"author":[{"embeddable":true,"href":"https:\/\/www.smedemokrati.sk\/cs\/wp-json\/wp\/v2\/users\/13"}],"replies":[{"embeddable":true,"href":"https:\/\/www.smedemokrati.sk\/cs\/wp-json\/wp\/v2\/comments?post=7667"}],"version-history":[{"count":1,"href":"https:\/\/www.smedemokrati.sk\/cs\/wp-json\/wp\/v2\/posts\/7667\/revisions"}],"predecessor-version":[{"id":7669,"href":"https:\/\/www.smedemokrati.sk\/cs\/wp-json\/wp\/v2\/posts\/7667\/revisions\/7669"}],"wp:featuredmedia":[{"embeddable":true,"href":"https:\/\/www.smedemokrati.sk\/cs\/wp-json\/wp\/v2\/media\/7668"}],"wp:attachment":[{"href":"https:\/\/www.smedemokrati.sk\/cs\/wp-json\/wp\/v2\/media?parent=7667"}],"wp:term":[{"taxonomy":"category","embeddable":true,"href":"https:\/\/www.smedemokrati.sk\/cs\/wp-json\/wp\/v2\/categories?post=7667"},{"taxonomy":"post_tag","embeddable":true,"href":"https:\/\/www.smedemokrati.sk\/cs\/wp-json\/wp\/v2\/tags?post=7667"}],"curies":[{"name":"wp","href":"https:\/\/api.w.org\/{rel}","templated":true}]}}