{"id":7622,"date":"2025-06-25T08:07:21","date_gmt":"2025-06-25T07:07:21","guid":{"rendered":"https:\/\/www.smedemokrati.sk\/?p=7622"},"modified":"2025-06-25T08:07:52","modified_gmt":"2025-06-25T07:07:52","slug":"kmec-podlahol-tarabovi-posun-terminov-socialno-klimatickeho-planu-ohrozil-cerpanie-viac-ako-15-miliardy-eur","status":"publish","type":"post","link":"https:\/\/www.smedemokrati.sk\/cs\/kmec-podlahol-tarabovi-posun-terminov-socialno-klimatickeho-planu-ohrozil-cerpanie-viac-ako-15-miliardy-eur\/","title":{"rendered":"Kmec pod\u013eahol Tarabovi: Posun term\u00ednov Soci\u00e1lno-klimatick\u00e9ho pl\u00e1nu ohrozil \u010derpanie viac ako 1,5 miliardy eur"},"content":{"rendered":"<div id=\"fb-root\"><\/div>\n\n<p><strong>Eur\u00f3pska komisia pon\u00faka Slovensku 1,53 miliardy eur zo Soci\u00e1lno-klimatick\u00e9ho fondu. Tieto prostriedky m\u00f4\u017eu by\u0165 od roku 2026 vyu\u017eit\u00e9 na odstra\u0148ovanie dopravnej chudoby a zvy\u0161ovanie energetickej efekt\u00edvnosti. Ich \u010derpanie je v\u0161ak ohrozen\u00e9, ke\u010f\u017ee vl\u00e1da Slovenskej republiky doteraz nevykonala transpoz\u00edciu eur\u00f3pskej smernice.<\/strong><\/p>\n\n\n\n<p><em>\u201eSitu\u00e1cia je alarmuj\u00faca. Vl\u00e1da na n\u00e1vrh vicepremi\u00e9ra Kmeca&nbsp;posunula term\u00edn predlo\u017eenia Soci\u00e1lno-klimatick\u00fdm&nbsp;pl\u00e1nu na koniec tohto roka. D\u00f4vodom je, \u017ee minister \u017eivotn\u00e9ho prostredia Tom\u00e1\u0161 Taraba si mesiace nepln\u00ed&nbsp;svoje z\u00e1kladn\u00e9 povinnosti. Jeho ot\u00e1\u013eanie m\u00f4\u017ee st\u00e1\u0165 Slovensko stovky mili\u00f3nov eur,\u201c&nbsp;u<\/em>pozornil gener\u00e1lny sekret\u00e1r strany Demokrati a expert na region\u00e1lny rozvoj Peter Markovi\u010d.<\/p>\n\n\n\n<p>Z ofici\u00e1lneho vl\u00e1dneho materi\u00e1lu vypl\u00fdva, \u017ee \u010dlensk\u00fd \u0161t\u00e1t E\u00da, ktor\u00fd neuskuto\u010dn\u00ed \u00fapln\u00fa transpoz\u00edciu smernice Eur\u00f3pskeho parlamentu a Rady E\u00da \u010d. 2023\/959 z 10. m\u00e1ja 2023, ktor\u00e1 zav\u00e1dza nov\u00fd, samostatn\u00fd syst\u00e9m obchodovania s emisiami pre sektory budov a dopravy (tzv. ETS2), nebude ma\u0165 k dispoz\u00edcii finan\u010dn\u00e9 prostriedky potrebn\u00e9 na prispievanie do Soci\u00e1lno-klimatick\u00e9ho fondu. V d\u00f4sledku toho z\u00e1rove\u0148 strat\u00ed n\u00e1rok na financovanie z fondu pre vlastn\u00fd Soci\u00e1lno-klimatick\u00fd pl\u00e1n.<\/p>\n\n\n\n<p><em>\u201cRe\u00e1lny scen\u00e1r je tak\u00fd, \u017ee Slovensko bude musie\u0165 smernicu zavies\u0165 tak \u010di onak, ke\u010f\u017ee Eur\u00f3pska komisia u\u017e teraz vedenie vo\u010di n\u00e1\u0161mu \u0161t\u00e1tu&nbsp;konanie. Vo v\u00fdsledku tak nielen\u017ee pr\u00eddeme o stovky mili\u00f3nov eur, ale e\u0161te n\u00e1m bud\u00fa hrozi\u0165 aj pokuty za poru\u0161enie pr\u00e1va E\u00da. Taraba je nekompetentn\u00fd aj v tom, \u017ee Slovensko ako jedin\u00e9 zo \u0161t\u00e1tov, ktor\u00e9 smernicu kritizovali, form\u00e1lne o posun ani nepo\u017eiadalo, \u010do vypl\u00fdva z dokumentov europarlamentu. Vl\u00e1da naviac ignoruje, \u017ee pri Soci\u00e1lno-klimatickom fonde bude Slovensko \u010dist\u00fdm pr\u00edjemcom a oproti in\u00fdm \u0161t\u00e1tom m\u00e1 mimoriadne v\u00fdhodn\u00e9 prerozdelenie n\u00e1\u0161ho podielu,\u201d<\/em>&nbsp;uv\u00e1dza Michal Ki\u010da, enviroexpert Demokratov.<\/p>\n\n\n\n<p>Pod\u013ea Demokratov&nbsp;vl\u00e1da dlhodobo nezvl\u00e1da \u010derpanie eur\u00f3pskych zdrojov a&nbsp;toto je jej \u010fal\u0161ie kolos\u00e1lne zlyhanie.&nbsp;Slovensko u\u017e teraz zaost\u00e1va v zelenej transform\u00e1cii a ak premrh\u00e1me aj t\u00fato \u0161ancu, strat\u00edme nielen financie, ale aj d\u00f4veru obyvate\u013eov&nbsp;a partnerov v&nbsp;E\u00da.<\/p>\n\n\n\n<p><em>\u201eRe\u00e1lne hroz\u00ed prepadnutie celej alok\u00e1cie vo v\u00fd\u0161ke viac ako 1,5 miliardy eur. Ak by syst\u00e9m ETS2 za\u010dal na Slovensku plati\u0165 a\u017e od roku 2028, maxim\u00e1lna alok\u00e1cia by dosiahla len 1,28 miliardy eur. Znamenalo by to zbyto\u010dn\u00fa stratu a\u017e 250 mili\u00f3nov eur. Ani s t\u00fdmto scen\u00e1rom sa v\u0161ak nem\u00f4\u017eeme uspokoji\u0165. V \u010dase, ke\u010f sa dom\u00e1cnosti boria s vysok\u00fdmi cenami energi\u00ed a regi\u00f3ny trpia dopravnou chudobou, si nem\u00f4\u017eeme dovoli\u0165 pr\u00eds\u0165 ani o&nbsp;jedno euro. Tieto peniaze maj\u00fa \u00eds\u0165 priamo \u013eu\u010fom&nbsp;\u2013 rodin\u00e1m, seniorom&nbsp;a samospr\u00e1vam. Namiesto konkr\u00e9tnych rie\u0161en\u00ed v\u0161ak op\u00e4\u0165 sledujeme chaos a&nbsp;nekompetentnos\u0165&nbsp;\u0161tvrtej Ficovej vl\u00e1dy,\u201c<\/em>&nbsp;uzavrel Markovi\u010d.<\/p>\n","protected":false},"excerpt":{"rendered":"<p>Eur\u00f3pska komisia pon\u00faka Slovensku 1,53 miliardy eur zo Soci\u00e1lno-klimatick\u00e9ho fondu. Tieto prostriedky m\u00f4\u017eu by\u0165 od roku 2026 vyu\u017eit\u00e9 na odstra\u0148ovanie dopravnej chudoby a zvy\u0161ovanie energetickej efekt\u00edvnosti. Ich \u010derpanie je v\u0161ak ohrozen\u00e9, ke\u010f\u017ee vl\u00e1da Slovenskej republiky doteraz nevykonala transpoz\u00edciu eur\u00f3pskej smernice. \u201eSitu\u00e1cia je alarmuj\u00faca. Vl\u00e1da na n\u00e1vrh vicepremi\u00e9ra Kmeca&nbsp;posunula term\u00edn predlo\u017eenia Soci\u00e1lno-klimatick\u00fdm&nbsp;pl\u00e1nu na koniec tohto roka. [&hellip;]<\/p>\n","protected":false},"author":13,"featured_media":387,"comment_status":"closed","ping_status":"closed","sticky":false,"template":"","format":"standard","meta":{"_acf_changed":false,"ngg_post_thumbnail":0,"footnotes":""},"categories":[4],"tags":[],"class_list":["post-7622","post","type-post","status-publish","format-standard","has-post-thumbnail","hentry","category-tlacove-spravy"],"acf":[],"yoast_head":"<!-- This site is optimized with the Yoast SEO plugin v27.2 - https:\/\/yoast.com\/product\/yoast-seo-wordpress\/ -->\n<title>Kmec pod\u013eahol Tarabovi: Posun term\u00ednov Soci\u00e1lno-klimatick\u00e9ho pl\u00e1nu ohrozil \u010derpanie viac ako 1,5 miliardy eur<\/title>\n<meta name=\"robots\" content=\"index, follow, max-snippet:-1, max-image-preview:large, max-video-preview:-1\" \/>\n<link rel=\"canonical\" href=\"https:\/\/www.smedemokrati.sk\/cs\/kmec-podlahol-tarabovi-posun-terminov-socialno-klimatickeho-planu-ohrozil-cerpanie-viac-ako-15-miliardy-eur\/\" \/>\n<meta property=\"og:locale\" content=\"cs_CZ\" \/>\n<meta property=\"og:locale:alternate\" content=\"en_US\" \/>\n<meta property=\"og:locale:alternate\" content=\"hu_HU\" \/>\n<meta property=\"og:locale:alternate\" content=\"sk_SK\" \/>\n<meta property=\"og:locale:alternate\" content=\"sv_SE\" \/>\n<meta property=\"og:type\" content=\"article\" \/>\n<meta property=\"og:title\" content=\"Kmec pod\u013eahol Tarabovi: Posun term\u00ednov Soci\u00e1lno-klimatick\u00e9ho pl\u00e1nu ohrozil \u010derpanie viac ako 1,5 miliardy eur\" \/>\n<meta property=\"og:description\" content=\"Eur\u00f3pska komisia pon\u00faka Slovensku 1,53 miliardy eur zo Soci\u00e1lno-klimatick\u00e9ho fondu. Tieto prostriedky m\u00f4\u017eu by\u0165 od roku 2026 vyu\u017eit\u00e9 na odstra\u0148ovanie dopravnej chudoby a zvy\u0161ovanie energetickej efekt\u00edvnosti. Ich \u010derpanie je v\u0161ak ohrozen\u00e9, ke\u010f\u017ee vl\u00e1da Slovenskej republiky doteraz nevykonala transpoz\u00edciu eur\u00f3pskej smernice. \u201eSitu\u00e1cia je alarmuj\u00faca. Vl\u00e1da na n\u00e1vrh vicepremi\u00e9ra Kmeca&nbsp;posunula term\u00edn predlo\u017eenia Soci\u00e1lno-klimatick\u00fdm&nbsp;pl\u00e1nu na koniec tohto roka. [&hellip;]\" \/>\n<meta property=\"og:url\" content=\"https:\/\/www.smedemokrati.sk\/cs\/kmec-podlahol-tarabovi-posun-terminov-socialno-klimatickeho-planu-ohrozil-cerpanie-viac-ako-15-miliardy-eur\/\" \/>\n<meta property=\"og:site_name\" content=\"Smedemokrati.sk\" \/>\n<meta property=\"article:publisher\" content=\"https:\/\/www.facebook.com\/smedemokrati2023\" \/>\n<meta property=\"article:published_time\" content=\"2025-06-25T07:07:21+00:00\" \/>\n<meta property=\"article:modified_time\" content=\"2025-06-25T07:07:52+00:00\" \/>\n<meta property=\"og:image\" content=\"https:\/\/www.smedemokrati.sk\/wp-content\/uploads\/2023\/04\/PM.jpg\" \/>\n\t<meta property=\"og:image:width\" content=\"1520\" \/>\n\t<meta property=\"og:image:height\" content=\"1080\" \/>\n\t<meta property=\"og:image:type\" content=\"image\/jpeg\" \/>\n<meta name=\"author\" content=\"miro.sopko\" \/>\n<meta name=\"twitter:card\" content=\"summary_large_image\" \/>\n<meta name=\"twitter:label1\" content=\"Napsal(a)\" \/>\n\t<meta name=\"twitter:data1\" content=\"miro.sopko\" \/>\n\t<meta name=\"twitter:label2\" content=\"Odhadovan\u00e1 doba \u010dten\u00ed\" \/>\n\t<meta name=\"twitter:data2\" content=\"3 minuty\" \/>\n<script type=\"application\/ld+json\" class=\"yoast-schema-graph\">{\"@context\":\"https:\/\/schema.org\",\"@graph\":[{\"@type\":\"Article\",\"@id\":\"https:\/\/www.smedemokrati.sk\/kmec-podlahol-tarabovi-posun-terminov-socialno-klimatickeho-planu-ohrozil-cerpanie-viac-ako-15-miliardy-eur\/#article\",\"isPartOf\":{\"@id\":\"https:\/\/www.smedemokrati.sk\/kmec-podlahol-tarabovi-posun-terminov-socialno-klimatickeho-planu-ohrozil-cerpanie-viac-ako-15-miliardy-eur\/\"},\"author\":{\"name\":\"miro.sopko\",\"@id\":\"https:\/\/www.smedemokrati.sk\/#\/schema\/person\/21f147c88d605aa7ded900e1e7c344ba\"},\"headline\":\"Kmec pod\u013eahol Tarabovi: Posun term\u00ednov Soci\u00e1lno-klimatick\u00e9ho pl\u00e1nu ohrozil \u010derpanie viac ako 1,5 miliardy eur\",\"datePublished\":\"2025-06-25T07:07:21+00:00\",\"dateModified\":\"2025-06-25T07:07:52+00:00\",\"mainEntityOfPage\":{\"@id\":\"https:\/\/www.smedemokrati.sk\/kmec-podlahol-tarabovi-posun-terminov-socialno-klimatickeho-planu-ohrozil-cerpanie-viac-ako-15-miliardy-eur\/\"},\"wordCount\":533,\"publisher\":{\"@id\":\"https:\/\/www.smedemokrati.sk\/#organization\"},\"image\":{\"@id\":\"https:\/\/www.smedemokrati.sk\/kmec-podlahol-tarabovi-posun-terminov-socialno-klimatickeho-planu-ohrozil-cerpanie-viac-ako-15-miliardy-eur\/#primaryimage\"},\"thumbnailUrl\":\"https:\/\/www.smedemokrati.sk\/wp-content\/uploads\/2023\/04\/PM.jpg\",\"articleSection\":[\"Tla\u010dov\u00e9 spr\u00e1vy\"],\"inLanguage\":\"cs-CZ\"},{\"@type\":\"WebPage\",\"@id\":\"https:\/\/www.smedemokrati.sk\/kmec-podlahol-tarabovi-posun-terminov-socialno-klimatickeho-planu-ohrozil-cerpanie-viac-ako-15-miliardy-eur\/\",\"url\":\"https:\/\/www.smedemokrati.sk\/kmec-podlahol-tarabovi-posun-terminov-socialno-klimatickeho-planu-ohrozil-cerpanie-viac-ako-15-miliardy-eur\/\",\"name\":\"Kmec pod\u013eahol Tarabovi: Posun term\u00ednov Soci\u00e1lno-klimatick\u00e9ho pl\u00e1nu ohrozil \u010derpanie viac ako 1,5 miliardy eur\",\"isPartOf\":{\"@id\":\"https:\/\/www.smedemokrati.sk\/#website\"},\"primaryImageOfPage\":{\"@id\":\"https:\/\/www.smedemokrati.sk\/kmec-podlahol-tarabovi-posun-terminov-socialno-klimatickeho-planu-ohrozil-cerpanie-viac-ako-15-miliardy-eur\/#primaryimage\"},\"image\":{\"@id\":\"https:\/\/www.smedemokrati.sk\/kmec-podlahol-tarabovi-posun-terminov-socialno-klimatickeho-planu-ohrozil-cerpanie-viac-ako-15-miliardy-eur\/#primaryimage\"},\"thumbnailUrl\":\"https:\/\/www.smedemokrati.sk\/wp-content\/uploads\/2023\/04\/PM.jpg\",\"datePublished\":\"2025-06-25T07:07:21+00:00\",\"dateModified\":\"2025-06-25T07:07:52+00:00\",\"breadcrumb\":{\"@id\":\"https:\/\/www.smedemokrati.sk\/kmec-podlahol-tarabovi-posun-terminov-socialno-klimatickeho-planu-ohrozil-cerpanie-viac-ako-15-miliardy-eur\/#breadcrumb\"},\"inLanguage\":\"cs-CZ\",\"potentialAction\":[{\"@type\":\"ReadAction\",\"target\":[\"https:\/\/www.smedemokrati.sk\/kmec-podlahol-tarabovi-posun-terminov-socialno-klimatickeho-planu-ohrozil-cerpanie-viac-ako-15-miliardy-eur\/\"]}]},{\"@type\":\"ImageObject\",\"inLanguage\":\"cs-CZ\",\"@id\":\"https:\/\/www.smedemokrati.sk\/kmec-podlahol-tarabovi-posun-terminov-socialno-klimatickeho-planu-ohrozil-cerpanie-viac-ako-15-miliardy-eur\/#primaryimage\",\"url\":\"https:\/\/www.smedemokrati.sk\/wp-content\/uploads\/2023\/04\/PM.jpg\",\"contentUrl\":\"https:\/\/www.smedemokrati.sk\/wp-content\/uploads\/2023\/04\/PM.jpg\",\"width\":1520,\"height\":1080},{\"@type\":\"BreadcrumbList\",\"@id\":\"https:\/\/www.smedemokrati.sk\/kmec-podlahol-tarabovi-posun-terminov-socialno-klimatickeho-planu-ohrozil-cerpanie-viac-ako-15-miliardy-eur\/#breadcrumb\",\"itemListElement\":[{\"@type\":\"ListItem\",\"position\":1,\"name\":\"Domovsk\u00e1 str\u00e1nka\",\"item\":\"https:\/\/www.smedemokrati.sk\/\"},{\"@type\":\"ListItem\",\"position\":2,\"name\":\"Kmec pod\u013eahol Tarabovi: Posun term\u00ednov Soci\u00e1lno-klimatick\u00e9ho pl\u00e1nu ohrozil \u010derpanie viac ako 1,5 miliardy eur\"}]},{\"@type\":\"WebSite\",\"@id\":\"https:\/\/www.smedemokrati.sk\/#website\",\"url\":\"https:\/\/www.smedemokrati.sk\/\",\"name\":\"Smedemokrati.sk\",\"description\":\"Demokracia a slu\u0161nos\u0165 zv\u00ed\u0165az\u00ed\",\"publisher\":{\"@id\":\"https:\/\/www.smedemokrati.sk\/#organization\"},\"potentialAction\":[{\"@type\":\"SearchAction\",\"target\":{\"@type\":\"EntryPoint\",\"urlTemplate\":\"https:\/\/www.smedemokrati.sk\/?s={search_term_string}\"},\"query-input\":{\"@type\":\"PropertyValueSpecification\",\"valueRequired\":true,\"valueName\":\"search_term_string\"}}],\"inLanguage\":\"cs-CZ\"},{\"@type\":\"Organization\",\"@id\":\"https:\/\/www.smedemokrati.sk\/#organization\",\"name\":\"Smedemokrati.sk\",\"url\":\"https:\/\/www.smedemokrati.sk\/\",\"logo\":{\"@type\":\"ImageObject\",\"inLanguage\":\"cs-CZ\",\"@id\":\"https:\/\/www.smedemokrati.sk\/#\/schema\/logo\/image\/\",\"url\":\"https:\/\/www.smedemokrati.sk\/wp-content\/uploads\/2023\/04\/ff.002.jpeg\",\"contentUrl\":\"https:\/\/www.smedemokrati.sk\/wp-content\/uploads\/2023\/04\/ff.002.jpeg\",\"width\":640,\"height\":480,\"caption\":\"Smedemokrati.sk\"},\"image\":{\"@id\":\"https:\/\/www.smedemokrati.sk\/#\/schema\/logo\/image\/\"},\"sameAs\":[\"https:\/\/www.facebook.com\/smedemokrati2023\"]},{\"@type\":\"Person\",\"@id\":\"https:\/\/www.smedemokrati.sk\/#\/schema\/person\/21f147c88d605aa7ded900e1e7c344ba\",\"name\":\"miro.sopko\",\"image\":{\"@type\":\"ImageObject\",\"inLanguage\":\"cs-CZ\",\"@id\":\"https:\/\/secure.gravatar.com\/avatar\/267e4a36f704376c109afe3a78740c1f5dd8675a2180a908699e7863c9247606?s=96&d=mm&r=g\",\"url\":\"https:\/\/secure.gravatar.com\/avatar\/267e4a36f704376c109afe3a78740c1f5dd8675a2180a908699e7863c9247606?s=96&d=mm&r=g\",\"contentUrl\":\"https:\/\/secure.gravatar.com\/avatar\/267e4a36f704376c109afe3a78740c1f5dd8675a2180a908699e7863c9247606?s=96&d=mm&r=g\",\"caption\":\"miro.sopko\"},\"url\":\"https:\/\/www.smedemokrati.sk\/cs\/author\/miro-sopko\/\"}]}<\/script>\n<!-- \/ Yoast SEO plugin. -->","yoast_head_json":{"title":"Kmec pod\u013eahol Tarabovi: Posun term\u00ednov Soci\u00e1lno-klimatick\u00e9ho pl\u00e1nu ohrozil \u010derpanie viac ako 1,5 miliardy eur","robots":{"index":"index","follow":"follow","max-snippet":"max-snippet:-1","max-image-preview":"max-image-preview:large","max-video-preview":"max-video-preview:-1"},"canonical":"https:\/\/www.smedemokrati.sk\/cs\/kmec-podlahol-tarabovi-posun-terminov-socialno-klimatickeho-planu-ohrozil-cerpanie-viac-ako-15-miliardy-eur\/","og_locale":"cs_CZ","og_type":"article","og_title":"[:sk]Kmec pod\u013eahol Tarabovi: Posun term\u00ednov Soci\u00e1lno-klimatick\u00e9ho pl\u00e1nu ohrozil \u010derpanie viac ako 1,5 miliardy eur[:] - Smedemokrati.sk","og_description":"Eur\u00f3pska komisia pon\u00faka Slovensku 1,53 miliardy eur zo Soci\u00e1lno-klimatick\u00e9ho fondu. Tieto prostriedky m\u00f4\u017eu by\u0165 od roku 2026 vyu\u017eit\u00e9 na odstra\u0148ovanie dopravnej chudoby a zvy\u0161ovanie energetickej efekt\u00edvnosti. Ich \u010derpanie je v\u0161ak ohrozen\u00e9, ke\u010f\u017ee vl\u00e1da Slovenskej republiky doteraz nevykonala transpoz\u00edciu eur\u00f3pskej smernice. \u201eSitu\u00e1cia je alarmuj\u00faca. Vl\u00e1da na n\u00e1vrh vicepremi\u00e9ra Kmeca&nbsp;posunula term\u00edn predlo\u017eenia Soci\u00e1lno-klimatick\u00fdm&nbsp;pl\u00e1nu na koniec tohto roka. [&hellip;]","og_url":"https:\/\/www.smedemokrati.sk\/cs\/kmec-podlahol-tarabovi-posun-terminov-socialno-klimatickeho-planu-ohrozil-cerpanie-viac-ako-15-miliardy-eur\/","og_site_name":"Smedemokrati.sk","article_publisher":"https:\/\/www.facebook.com\/smedemokrati2023","article_published_time":"2025-06-25T07:07:21+00:00","article_modified_time":"2025-06-25T07:07:52+00:00","og_image":[{"width":1520,"height":1080,"url":"https:\/\/www.smedemokrati.sk\/wp-content\/uploads\/2023\/04\/PM.jpg","type":"image\/jpeg"}],"author":"miro.sopko","twitter_card":"summary_large_image","twitter_misc":{"Napsal(a)":"miro.sopko","Odhadovan\u00e1 doba \u010dten\u00ed":"3 minuty"},"schema":{"@context":"https:\/\/schema.org","@graph":[{"@type":"Article","@id":"https:\/\/www.smedemokrati.sk\/kmec-podlahol-tarabovi-posun-terminov-socialno-klimatickeho-planu-ohrozil-cerpanie-viac-ako-15-miliardy-eur\/#article","isPartOf":{"@id":"https:\/\/www.smedemokrati.sk\/kmec-podlahol-tarabovi-posun-terminov-socialno-klimatickeho-planu-ohrozil-cerpanie-viac-ako-15-miliardy-eur\/"},"author":{"name":"miro.sopko","@id":"https:\/\/www.smedemokrati.sk\/#\/schema\/person\/21f147c88d605aa7ded900e1e7c344ba"},"headline":"Kmec pod\u013eahol Tarabovi: Posun term\u00ednov Soci\u00e1lno-klimatick\u00e9ho pl\u00e1nu ohrozil \u010derpanie viac ako 1,5 miliardy eur","datePublished":"2025-06-25T07:07:21+00:00","dateModified":"2025-06-25T07:07:52+00:00","mainEntityOfPage":{"@id":"https:\/\/www.smedemokrati.sk\/kmec-podlahol-tarabovi-posun-terminov-socialno-klimatickeho-planu-ohrozil-cerpanie-viac-ako-15-miliardy-eur\/"},"wordCount":533,"publisher":{"@id":"https:\/\/www.smedemokrati.sk\/#organization"},"image":{"@id":"https:\/\/www.smedemokrati.sk\/kmec-podlahol-tarabovi-posun-terminov-socialno-klimatickeho-planu-ohrozil-cerpanie-viac-ako-15-miliardy-eur\/#primaryimage"},"thumbnailUrl":"https:\/\/www.smedemokrati.sk\/wp-content\/uploads\/2023\/04\/PM.jpg","articleSection":["Tla\u010dov\u00e9 spr\u00e1vy"],"inLanguage":"cs-CZ"},{"@type":"WebPage","@id":"https:\/\/www.smedemokrati.sk\/kmec-podlahol-tarabovi-posun-terminov-socialno-klimatickeho-planu-ohrozil-cerpanie-viac-ako-15-miliardy-eur\/","url":"https:\/\/www.smedemokrati.sk\/kmec-podlahol-tarabovi-posun-terminov-socialno-klimatickeho-planu-ohrozil-cerpanie-viac-ako-15-miliardy-eur\/","name":"Kmec pod\u013eahol Tarabovi: Posun term\u00ednov Soci\u00e1lno-klimatick\u00e9ho pl\u00e1nu ohrozil \u010derpanie viac ako 1,5 miliardy eur","isPartOf":{"@id":"https:\/\/www.smedemokrati.sk\/#website"},"primaryImageOfPage":{"@id":"https:\/\/www.smedemokrati.sk\/kmec-podlahol-tarabovi-posun-terminov-socialno-klimatickeho-planu-ohrozil-cerpanie-viac-ako-15-miliardy-eur\/#primaryimage"},"image":{"@id":"https:\/\/www.smedemokrati.sk\/kmec-podlahol-tarabovi-posun-terminov-socialno-klimatickeho-planu-ohrozil-cerpanie-viac-ako-15-miliardy-eur\/#primaryimage"},"thumbnailUrl":"https:\/\/www.smedemokrati.sk\/wp-content\/uploads\/2023\/04\/PM.jpg","datePublished":"2025-06-25T07:07:21+00:00","dateModified":"2025-06-25T07:07:52+00:00","breadcrumb":{"@id":"https:\/\/www.smedemokrati.sk\/kmec-podlahol-tarabovi-posun-terminov-socialno-klimatickeho-planu-ohrozil-cerpanie-viac-ako-15-miliardy-eur\/#breadcrumb"},"inLanguage":"cs-CZ","potentialAction":[{"@type":"ReadAction","target":["https:\/\/www.smedemokrati.sk\/kmec-podlahol-tarabovi-posun-terminov-socialno-klimatickeho-planu-ohrozil-cerpanie-viac-ako-15-miliardy-eur\/"]}]},{"@type":"ImageObject","inLanguage":"cs-CZ","@id":"https:\/\/www.smedemokrati.sk\/kmec-podlahol-tarabovi-posun-terminov-socialno-klimatickeho-planu-ohrozil-cerpanie-viac-ako-15-miliardy-eur\/#primaryimage","url":"https:\/\/www.smedemokrati.sk\/wp-content\/uploads\/2023\/04\/PM.jpg","contentUrl":"https:\/\/www.smedemokrati.sk\/wp-content\/uploads\/2023\/04\/PM.jpg","width":1520,"height":1080},{"@type":"BreadcrumbList","@id":"https:\/\/www.smedemokrati.sk\/kmec-podlahol-tarabovi-posun-terminov-socialno-klimatickeho-planu-ohrozil-cerpanie-viac-ako-15-miliardy-eur\/#breadcrumb","itemListElement":[{"@type":"ListItem","position":1,"name":"Domovsk\u00e1 str\u00e1nka","item":"https:\/\/www.smedemokrati.sk\/"},{"@type":"ListItem","position":2,"name":"Kmec pod\u013eahol Tarabovi: Posun term\u00ednov Soci\u00e1lno-klimatick\u00e9ho pl\u00e1nu ohrozil \u010derpanie viac ako 1,5 miliardy eur"}]},{"@type":"WebSite","@id":"https:\/\/www.smedemokrati.sk\/#website","url":"https:\/\/www.smedemokrati.sk\/","name":"Smedemokrati.sk","description":"Demokracia a slu\u0161nos\u0165 zv\u00ed\u0165az\u00ed","publisher":{"@id":"https:\/\/www.smedemokrati.sk\/#organization"},"potentialAction":[{"@type":"SearchAction","target":{"@type":"EntryPoint","urlTemplate":"https:\/\/www.smedemokrati.sk\/?s={search_term_string}"},"query-input":{"@type":"PropertyValueSpecification","valueRequired":true,"valueName":"search_term_string"}}],"inLanguage":"cs-CZ"},{"@type":"Organization","@id":"https:\/\/www.smedemokrati.sk\/#organization","name":"Smedemokrati.sk","url":"https:\/\/www.smedemokrati.sk\/","logo":{"@type":"ImageObject","inLanguage":"cs-CZ","@id":"https:\/\/www.smedemokrati.sk\/#\/schema\/logo\/image\/","url":"https:\/\/www.smedemokrati.sk\/wp-content\/uploads\/2023\/04\/ff.002.jpeg","contentUrl":"https:\/\/www.smedemokrati.sk\/wp-content\/uploads\/2023\/04\/ff.002.jpeg","width":640,"height":480,"caption":"Smedemokrati.sk"},"image":{"@id":"https:\/\/www.smedemokrati.sk\/#\/schema\/logo\/image\/"},"sameAs":["https:\/\/www.facebook.com\/smedemokrati2023"]},{"@type":"Person","@id":"https:\/\/www.smedemokrati.sk\/#\/schema\/person\/21f147c88d605aa7ded900e1e7c344ba","name":"miro.sopko","image":{"@type":"ImageObject","inLanguage":"cs-CZ","@id":"https:\/\/secure.gravatar.com\/avatar\/267e4a36f704376c109afe3a78740c1f5dd8675a2180a908699e7863c9247606?s=96&d=mm&r=g","url":"https:\/\/secure.gravatar.com\/avatar\/267e4a36f704376c109afe3a78740c1f5dd8675a2180a908699e7863c9247606?s=96&d=mm&r=g","contentUrl":"https:\/\/secure.gravatar.com\/avatar\/267e4a36f704376c109afe3a78740c1f5dd8675a2180a908699e7863c9247606?s=96&d=mm&r=g","caption":"miro.sopko"},"url":"https:\/\/www.smedemokrati.sk\/cs\/author\/miro-sopko\/"}]}},"_links":{"self":[{"href":"https:\/\/www.smedemokrati.sk\/cs\/wp-json\/wp\/v2\/posts\/7622","targetHints":{"allow":["GET"]}}],"collection":[{"href":"https:\/\/www.smedemokrati.sk\/cs\/wp-json\/wp\/v2\/posts"}],"about":[{"href":"https:\/\/www.smedemokrati.sk\/cs\/wp-json\/wp\/v2\/types\/post"}],"author":[{"embeddable":true,"href":"https:\/\/www.smedemokrati.sk\/cs\/wp-json\/wp\/v2\/users\/13"}],"replies":[{"embeddable":true,"href":"https:\/\/www.smedemokrati.sk\/cs\/wp-json\/wp\/v2\/comments?post=7622"}],"version-history":[{"count":1,"href":"https:\/\/www.smedemokrati.sk\/cs\/wp-json\/wp\/v2\/posts\/7622\/revisions"}],"predecessor-version":[{"id":7623,"href":"https:\/\/www.smedemokrati.sk\/cs\/wp-json\/wp\/v2\/posts\/7622\/revisions\/7623"}],"wp:featuredmedia":[{"embeddable":true,"href":"https:\/\/www.smedemokrati.sk\/cs\/wp-json\/wp\/v2\/media\/387"}],"wp:attachment":[{"href":"https:\/\/www.smedemokrati.sk\/cs\/wp-json\/wp\/v2\/media?parent=7622"}],"wp:term":[{"taxonomy":"category","embeddable":true,"href":"https:\/\/www.smedemokrati.sk\/cs\/wp-json\/wp\/v2\/categories?post=7622"},{"taxonomy":"post_tag","embeddable":true,"href":"https:\/\/www.smedemokrati.sk\/cs\/wp-json\/wp\/v2\/tags?post=7622"}],"curies":[{"name":"wp","href":"https:\/\/api.w.org\/{rel}","templated":true}]}}