{"id":7575,"date":"2025-06-19T16:28:35","date_gmt":"2025-06-19T15:28:35","guid":{"rendered":"https:\/\/www.smedemokrati.sk\/?p=7575"},"modified":"2025-06-19T16:28:36","modified_gmt":"2025-06-19T15:28:36","slug":"vlada-vedome-brzdi-peniaze-na-zelenu-domacnostiam","status":"publish","type":"post","link":"https:\/\/www.smedemokrati.sk\/cs\/vlada-vedome-brzdi-peniaze-na-zelenu-domacnostiam\/","title":{"rendered":"Vl\u00e1da vedome brzd\u00ed peniaze na Zelen\u00fa dom\u00e1cnostiam"},"content":{"rendered":"<div id=\"fb-root\"><\/div>\n\n<p><strong>Popul\u00e1rna a \u00faspe\u0161n\u00e1 dota\u010dn\u00e1 sch\u00e9ma Zelen\u00e1 dom\u00e1cnostiam stoj\u00ed pre neschopnos\u0165 a ne\u010dinnos\u0165 vl\u00e1dy, preto\u017ee sa v nej u\u017e vy\u010derpali v\u0161etky prostriedky. Tis\u00edcky dom\u00e1cnost\u00ed si tak nem\u00f4\u017eu zni\u017eova\u0165 ceny za energie a ekologizova\u0165 svoje dom\u00e1cnosti, hoci z\u00e1ujem je enormn\u00fd, najm\u00e4 v regi\u00f3noch mimo Bratislavy. Vl\u00e1da pritom sed\u00ed na peniazoch. Demokrati identifikovali 5,5 mld. eur z eur\u00f3pskych pe\u0148az\u00ed, ktor\u00e9 sa m\u00f4\u017eu okam\u017eite vyu\u017ei\u0165. Vyz\u00fdvame ministrov Sakov\u00fa, Miga\u013ea, Tarabu a Kmeca, aby namiesto budovania hr\u00e1dze proti progresivizmu rie\u0161ili re\u00e1lne probl\u00e9my \u013eud\u00ed a absurdn\u00e9 zastavenie Zelenej dom\u00e1cnostiam okam\u017eite zvr\u00e1tili.<\/strong><\/p>\n\n\n\n<p>Fotovoltick\u00e9 panely, vetern\u00e9 turb\u00edny, slne\u010dn\u00e9 kolektory, kotly na biomasu \u010di tepeln\u00e9 \u010derpadl\u00e1.&nbsp; V\u0161etky tieto opatrenia m\u00f4\u017eu by\u0165 v dota\u010dnej sch\u00e9me spadaj\u00facej pod rezort hospod\u00e1rstva financovan\u00e9. Viedli by k zn\u00ed\u017eeniu n\u00e1kladov na energie, zn\u00ed\u017eeniu emisi\u00ed sklen\u00edkov\u00fdch plynov a odklonu od rusk\u00e9ho plynu. Odborn\u00edci u\u017e pol roka bij\u00fa na poplach a upozor\u0148uj\u00fa Sakov\u00fa, \u017ee pre enormn\u00fd z\u00e1ujem \u013eud\u00ed sa prostriedky v sch\u00e9me, p\u00f4vodne ur\u010den\u00e9 a\u017e do roku 2029, vy\u010derpaj\u00fa.<\/p>\n\n\n\n<p><em>\u201eOstali sme v \u0161oku, \u017ee vl\u00e1da namiesto r\u00fdchleho vy\u010dlenenia \u010fal\u0161\u00edch eurofondov v\u010dera schv\u00e1lila ich zmarenie na dlh\u00e9 mesiace. Dokonca sa objavuj\u00fa obavy, \u017ee Zelen\u00e1 dom\u00e1cnostiam u\u017e nemus\u00ed pokra\u010dova\u0165 alebo \u017ee jej pokra\u010dovanie je v nedoh\u013eadne. Je to extr\u00e9mne absurdn\u00e9 rozhodnutie, preto\u017ee pr\u00e1ve nadch\u00e1dzaj\u00faca letn\u00e1 sez\u00f3na je ide\u00e1lna na in\u0161tal\u00e1ciu obnovite\u013en\u00fdch zdrojov. Ke\u010f\u017ee ani dod\u00e1vate\u013esk\u00e9 firmy nebud\u00fa ma\u0165 z\u00e1kazky, vl\u00e1da t\u00fdm dus\u00ed aj ekonomiku,\u201c&nbsp;<\/em>vysvet\u013euje Michal Ki\u010da, enviroexpert Demokratov.<\/p>\n\n\n\n<p>Pritom miliardy na dodato\u010dn\u00e9 financovanie z eur\u00f3pskych pe\u0148az\u00ed m\u00e1. Hoci dopyt m\u00f4\u017ee by\u0165 a\u017e 500 mil. eur, na za\u010diatok posta\u010d\u00ed aj p\u00e1r desiatok mili\u00f3nov. Ich vy\u010dlenenie je vecou nieko\u013ek\u00fdch podpisov ministrov a r\u00fdchleho rokovania s Eur\u00f3pskou komisiou. Demokrati si spravili dom\u00e1cu \u00falohu namiesto vl\u00e1dy a identifikovali pribli\u017ene 5,5 mld. eur, ktor\u00e9 sa daj\u00fa prakticky okam\u017eite vyu\u017ei\u0165.<\/p>\n\n\n\n<p><em>\u201eMiga\u013e m\u00e1 v eurofondovom opera\u010dnom programe Slovensko, ktor\u00fd sa navy\u0161e \u010derp\u00e1 extr\u00e9mne pomaly, \u00faplne vo\u013en\u00e9 skoro 3 mld. eur. Taraba sed\u00ed na \u010fal\u0161ej vo\u013enej miliarde v moderniza\u010dnom fonde, z ktor\u00e9ho pumpuje najm\u00e4 najziskovej\u0161ie firmy na Slovensku, ale na \u013eud\u00ed doslova ka\u0161le. K dispoz\u00edcii m\u00e1 aj pribli\u017ene 100 mili\u00f3nov z Environment\u00e1lneho fondu, ak ich op\u00e4\u0165 ned\u00e1 priemyseln\u00fdm podnikom na lacnej\u0161iu elektrinu. Sakov\u00e1 mo\u017eno ani nevie, \u017ee m\u00e1 vo\u013en\u00fdch \u010fal\u0161\u00edch 50 mil. eur z pr\u00edjmov z emisn\u00fdch povoleniek. A Taraba s Kmecom nie s\u00fa schopn\u00ed na\u0161tartova\u0165 Soci\u00e1lno-klimatick\u00fd fond s 1,4 mld. eur. V\u0161etky tieto vo\u013en\u00e9 eur\u00f3pske prostriedky by mohli sl\u00fa\u017ei\u0165 na pokra\u010dovanie Zelenej dom\u00e1cnostiam, ak by t\u00edto ministri mali snahu \u010doko\u013evek robi\u0165,\u201c<\/em>&nbsp;vysvet\u013euje Michal Ki\u010da.<\/p>\n\n\n\n<p>Slovensko m\u00e1 dlhodob\u00fd probl\u00e9m, \u017ee nevie \u010derpa\u0165 eur\u00f3pske prostriedky pre nepripraven\u00e9 \u017eiadosti. Tu m\u00e1me opa\u010dn\u00fd probl\u00e9m, \u017ee \u017eiadost\u00ed je viac ne\u017e dos\u0165, dopyt \u013eud\u00ed je obrovsk\u00fd, no namiesto ich doru\u010denia \u013eu\u010fom vid\u00edme ohromuj\u00facu ne\u010dinnos\u0165 vl\u00e1dy a ruva\u010dku o to, kto bude sedie\u0165 na v\u00e4\u010d\u0161ej kope mili\u00e1rd.<\/p>\n\n\n\n<p><em>\u201eVyz\u00fdvame ministerku Sakov\u00fa a aj jej kolegov, aby okam\u017eite rie\u0161ili dodato\u010dn\u00e9 prostriedky pre trval\u00e9 pokra\u010dovanie Zelenej dom\u00e1cnostiam. N\u00e1vod sme im poskytli. V opa\u010dnom pr\u00edpade bud\u00fa obyvatelia Slovenska zbyto\u010dne plati\u0165 vy\u0161\u0161ie \u00fa\u010dty za energie a e\u0161te n\u00e1m aj prepadn\u00fa eurofondy, a to v\u0161etko len pre tot\u00e1lnu nekompetentnos\u0165 tejto vl\u00e1dy,\u201c&nbsp;<\/em>uzavrel kritiku Ki\u010da.<\/p>\n\n\n<div class=\"fb-video\" data-href=\"https:\/\/fb.watch\/AjCIgfL6X6\" data-allowfullscreen=\"true\" data-autoplay=\"false\" data-width=\"\" data-show-text=\"false\" data-show-captions=\"true\"><\/div>\n","protected":false},"excerpt":{"rendered":"<p>Popul\u00e1rna a \u00faspe\u0161n\u00e1 dota\u010dn\u00e1 sch\u00e9ma Zelen\u00e1 dom\u00e1cnostiam stoj\u00ed pre neschopnos\u0165 a ne\u010dinnos\u0165 vl\u00e1dy, preto\u017ee sa v nej u\u017e vy\u010derpali v\u0161etky prostriedky. Tis\u00edcky dom\u00e1cnost\u00ed si tak nem\u00f4\u017eu zni\u017eova\u0165 ceny za energie a ekologizova\u0165 svoje dom\u00e1cnosti, hoci z\u00e1ujem je enormn\u00fd, najm\u00e4 v regi\u00f3noch mimo Bratislavy. Vl\u00e1da pritom sed\u00ed na peniazoch. Demokrati identifikovali 5,5 mld. eur z eur\u00f3pskych [&hellip;]<\/p>\n","protected":false},"author":13,"featured_media":7576,"comment_status":"closed","ping_status":"closed","sticky":false,"template":"","format":"standard","meta":{"_acf_changed":false,"ngg_post_thumbnail":0,"footnotes":""},"categories":[4],"tags":[],"class_list":["post-7575","post","type-post","status-publish","format-standard","has-post-thumbnail","hentry","category-tlacove-spravy"],"acf":[],"yoast_head":"<!-- This site is optimized with the Yoast SEO plugin v27.2 - https:\/\/yoast.com\/product\/yoast-seo-wordpress\/ -->\n<title>Vl\u00e1da vedome brzd\u00ed peniaze na Zelen\u00fa dom\u00e1cnostiam<\/title>\n<meta name=\"robots\" content=\"index, follow, max-snippet:-1, max-image-preview:large, max-video-preview:-1\" \/>\n<link rel=\"canonical\" href=\"https:\/\/www.smedemokrati.sk\/cs\/vlada-vedome-brzdi-peniaze-na-zelenu-domacnostiam\/\" \/>\n<meta property=\"og:locale\" content=\"cs_CZ\" \/>\n<meta property=\"og:locale:alternate\" content=\"en_US\" \/>\n<meta property=\"og:locale:alternate\" content=\"hu_HU\" \/>\n<meta property=\"og:locale:alternate\" content=\"sk_SK\" \/>\n<meta property=\"og:locale:alternate\" content=\"sv_SE\" \/>\n<meta property=\"og:type\" content=\"article\" \/>\n<meta property=\"og:title\" content=\"Vl\u00e1da vedome brzd\u00ed peniaze na Zelen\u00fa dom\u00e1cnostiam\" \/>\n<meta property=\"og:description\" content=\"Popul\u00e1rna a \u00faspe\u0161n\u00e1 dota\u010dn\u00e1 sch\u00e9ma Zelen\u00e1 dom\u00e1cnostiam stoj\u00ed pre neschopnos\u0165 a ne\u010dinnos\u0165 vl\u00e1dy, preto\u017ee sa v nej u\u017e vy\u010derpali v\u0161etky prostriedky. Tis\u00edcky dom\u00e1cnost\u00ed si tak nem\u00f4\u017eu zni\u017eova\u0165 ceny za energie a ekologizova\u0165 svoje dom\u00e1cnosti, hoci z\u00e1ujem je enormn\u00fd, najm\u00e4 v regi\u00f3noch mimo Bratislavy. Vl\u00e1da pritom sed\u00ed na peniazoch. Demokrati identifikovali 5,5 mld. eur z eur\u00f3pskych [&hellip;]\" \/>\n<meta property=\"og:url\" content=\"https:\/\/www.smedemokrati.sk\/cs\/vlada-vedome-brzdi-peniaze-na-zelenu-domacnostiam\/\" \/>\n<meta property=\"og:site_name\" content=\"Smedemokrati.sk\" \/>\n<meta property=\"article:publisher\" content=\"https:\/\/www.facebook.com\/smedemokrati2023\" \/>\n<meta property=\"article:published_time\" content=\"2025-06-19T15:28:35+00:00\" \/>\n<meta property=\"article:modified_time\" content=\"2025-06-19T15:28:36+00:00\" \/>\n<meta property=\"og:image\" content=\"https:\/\/www.smedemokrati.sk\/wp-content\/uploads\/2025\/06\/vlada-klame.jpg\" \/>\n\t<meta property=\"og:image:width\" content=\"1675\" \/>\n\t<meta property=\"og:image:height\" content=\"925\" \/>\n\t<meta property=\"og:image:type\" content=\"image\/jpeg\" \/>\n<meta name=\"author\" content=\"miro.sopko\" \/>\n<meta name=\"twitter:card\" content=\"summary_large_image\" \/>\n<meta name=\"twitter:label1\" content=\"Napsal(a)\" \/>\n\t<meta name=\"twitter:data1\" content=\"miro.sopko\" \/>\n\t<meta name=\"twitter:label2\" content=\"Odhadovan\u00e1 doba \u010dten\u00ed\" \/>\n\t<meta name=\"twitter:data2\" content=\"3 minuty\" \/>\n<script type=\"application\/ld+json\" class=\"yoast-schema-graph\">{\"@context\":\"https:\/\/schema.org\",\"@graph\":[{\"@type\":\"Article\",\"@id\":\"https:\/\/www.smedemokrati.sk\/vlada-vedome-brzdi-peniaze-na-zelenu-domacnostiam\/#article\",\"isPartOf\":{\"@id\":\"https:\/\/www.smedemokrati.sk\/vlada-vedome-brzdi-peniaze-na-zelenu-domacnostiam\/\"},\"author\":{\"name\":\"miro.sopko\",\"@id\":\"https:\/\/www.smedemokrati.sk\/#\/schema\/person\/21f147c88d605aa7ded900e1e7c344ba\"},\"headline\":\"Vl\u00e1da vedome brzd\u00ed peniaze na Zelen\u00fa dom\u00e1cnostiam\",\"datePublished\":\"2025-06-19T15:28:35+00:00\",\"dateModified\":\"2025-06-19T15:28:36+00:00\",\"mainEntityOfPage\":{\"@id\":\"https:\/\/www.smedemokrati.sk\/vlada-vedome-brzdi-peniaze-na-zelenu-domacnostiam\/\"},\"wordCount\":666,\"publisher\":{\"@id\":\"https:\/\/www.smedemokrati.sk\/#organization\"},\"image\":{\"@id\":\"https:\/\/www.smedemokrati.sk\/vlada-vedome-brzdi-peniaze-na-zelenu-domacnostiam\/#primaryimage\"},\"thumbnailUrl\":\"https:\/\/www.smedemokrati.sk\/wp-content\/uploads\/2025\/06\/vlada-klame.jpg\",\"articleSection\":[\"Tla\u010dov\u00e9 spr\u00e1vy\"],\"inLanguage\":\"cs-CZ\"},{\"@type\":\"WebPage\",\"@id\":\"https:\/\/www.smedemokrati.sk\/vlada-vedome-brzdi-peniaze-na-zelenu-domacnostiam\/\",\"url\":\"https:\/\/www.smedemokrati.sk\/vlada-vedome-brzdi-peniaze-na-zelenu-domacnostiam\/\",\"name\":\"Vl\u00e1da vedome brzd\u00ed peniaze na Zelen\u00fa dom\u00e1cnostiam\",\"isPartOf\":{\"@id\":\"https:\/\/www.smedemokrati.sk\/#website\"},\"primaryImageOfPage\":{\"@id\":\"https:\/\/www.smedemokrati.sk\/vlada-vedome-brzdi-peniaze-na-zelenu-domacnostiam\/#primaryimage\"},\"image\":{\"@id\":\"https:\/\/www.smedemokrati.sk\/vlada-vedome-brzdi-peniaze-na-zelenu-domacnostiam\/#primaryimage\"},\"thumbnailUrl\":\"https:\/\/www.smedemokrati.sk\/wp-content\/uploads\/2025\/06\/vlada-klame.jpg\",\"datePublished\":\"2025-06-19T15:28:35+00:00\",\"dateModified\":\"2025-06-19T15:28:36+00:00\",\"breadcrumb\":{\"@id\":\"https:\/\/www.smedemokrati.sk\/vlada-vedome-brzdi-peniaze-na-zelenu-domacnostiam\/#breadcrumb\"},\"inLanguage\":\"cs-CZ\",\"potentialAction\":[{\"@type\":\"ReadAction\",\"target\":[\"https:\/\/www.smedemokrati.sk\/vlada-vedome-brzdi-peniaze-na-zelenu-domacnostiam\/\"]}]},{\"@type\":\"ImageObject\",\"inLanguage\":\"cs-CZ\",\"@id\":\"https:\/\/www.smedemokrati.sk\/vlada-vedome-brzdi-peniaze-na-zelenu-domacnostiam\/#primaryimage\",\"url\":\"https:\/\/www.smedemokrati.sk\/wp-content\/uploads\/2025\/06\/vlada-klame.jpg\",\"contentUrl\":\"https:\/\/www.smedemokrati.sk\/wp-content\/uploads\/2025\/06\/vlada-klame.jpg\",\"width\":1675,\"height\":925},{\"@type\":\"BreadcrumbList\",\"@id\":\"https:\/\/www.smedemokrati.sk\/vlada-vedome-brzdi-peniaze-na-zelenu-domacnostiam\/#breadcrumb\",\"itemListElement\":[{\"@type\":\"ListItem\",\"position\":1,\"name\":\"Domovsk\u00e1 str\u00e1nka\",\"item\":\"https:\/\/www.smedemokrati.sk\/\"},{\"@type\":\"ListItem\",\"position\":2,\"name\":\"Vl\u00e1da vedome brzd\u00ed peniaze na Zelen\u00fa dom\u00e1cnostiam\"}]},{\"@type\":\"WebSite\",\"@id\":\"https:\/\/www.smedemokrati.sk\/#website\",\"url\":\"https:\/\/www.smedemokrati.sk\/\",\"name\":\"Smedemokrati.sk\",\"description\":\"Demokracia a slu\u0161nos\u0165 zv\u00ed\u0165az\u00ed\",\"publisher\":{\"@id\":\"https:\/\/www.smedemokrati.sk\/#organization\"},\"potentialAction\":[{\"@type\":\"SearchAction\",\"target\":{\"@type\":\"EntryPoint\",\"urlTemplate\":\"https:\/\/www.smedemokrati.sk\/?s={search_term_string}\"},\"query-input\":{\"@type\":\"PropertyValueSpecification\",\"valueRequired\":true,\"valueName\":\"search_term_string\"}}],\"inLanguage\":\"cs-CZ\"},{\"@type\":\"Organization\",\"@id\":\"https:\/\/www.smedemokrati.sk\/#organization\",\"name\":\"Smedemokrati.sk\",\"url\":\"https:\/\/www.smedemokrati.sk\/\",\"logo\":{\"@type\":\"ImageObject\",\"inLanguage\":\"cs-CZ\",\"@id\":\"https:\/\/www.smedemokrati.sk\/#\/schema\/logo\/image\/\",\"url\":\"https:\/\/www.smedemokrati.sk\/wp-content\/uploads\/2023\/04\/ff.002.jpeg\",\"contentUrl\":\"https:\/\/www.smedemokrati.sk\/wp-content\/uploads\/2023\/04\/ff.002.jpeg\",\"width\":640,\"height\":480,\"caption\":\"Smedemokrati.sk\"},\"image\":{\"@id\":\"https:\/\/www.smedemokrati.sk\/#\/schema\/logo\/image\/\"},\"sameAs\":[\"https:\/\/www.facebook.com\/smedemokrati2023\"]},{\"@type\":\"Person\",\"@id\":\"https:\/\/www.smedemokrati.sk\/#\/schema\/person\/21f147c88d605aa7ded900e1e7c344ba\",\"name\":\"miro.sopko\",\"image\":{\"@type\":\"ImageObject\",\"inLanguage\":\"cs-CZ\",\"@id\":\"https:\/\/secure.gravatar.com\/avatar\/267e4a36f704376c109afe3a78740c1f5dd8675a2180a908699e7863c9247606?s=96&d=mm&r=g\",\"url\":\"https:\/\/secure.gravatar.com\/avatar\/267e4a36f704376c109afe3a78740c1f5dd8675a2180a908699e7863c9247606?s=96&d=mm&r=g\",\"contentUrl\":\"https:\/\/secure.gravatar.com\/avatar\/267e4a36f704376c109afe3a78740c1f5dd8675a2180a908699e7863c9247606?s=96&d=mm&r=g\",\"caption\":\"miro.sopko\"},\"url\":\"https:\/\/www.smedemokrati.sk\/cs\/author\/miro-sopko\/\"}]}<\/script>\n<!-- \/ Yoast SEO plugin. -->","yoast_head_json":{"title":"Vl\u00e1da vedome brzd\u00ed peniaze na Zelen\u00fa dom\u00e1cnostiam","robots":{"index":"index","follow":"follow","max-snippet":"max-snippet:-1","max-image-preview":"max-image-preview:large","max-video-preview":"max-video-preview:-1"},"canonical":"https:\/\/www.smedemokrati.sk\/cs\/vlada-vedome-brzdi-peniaze-na-zelenu-domacnostiam\/","og_locale":"cs_CZ","og_type":"article","og_title":"[:sk]Vl\u00e1da vedome brzd\u00ed peniaze na Zelen\u00fa dom\u00e1cnostiam[:] - Smedemokrati.sk","og_description":"Popul\u00e1rna a \u00faspe\u0161n\u00e1 dota\u010dn\u00e1 sch\u00e9ma Zelen\u00e1 dom\u00e1cnostiam stoj\u00ed pre neschopnos\u0165 a ne\u010dinnos\u0165 vl\u00e1dy, preto\u017ee sa v nej u\u017e vy\u010derpali v\u0161etky prostriedky. Tis\u00edcky dom\u00e1cnost\u00ed si tak nem\u00f4\u017eu zni\u017eova\u0165 ceny za energie a ekologizova\u0165 svoje dom\u00e1cnosti, hoci z\u00e1ujem je enormn\u00fd, najm\u00e4 v regi\u00f3noch mimo Bratislavy. Vl\u00e1da pritom sed\u00ed na peniazoch. Demokrati identifikovali 5,5 mld. eur z eur\u00f3pskych [&hellip;]","og_url":"https:\/\/www.smedemokrati.sk\/cs\/vlada-vedome-brzdi-peniaze-na-zelenu-domacnostiam\/","og_site_name":"Smedemokrati.sk","article_publisher":"https:\/\/www.facebook.com\/smedemokrati2023","article_published_time":"2025-06-19T15:28:35+00:00","article_modified_time":"2025-06-19T15:28:36+00:00","og_image":[{"width":1675,"height":925,"url":"https:\/\/www.smedemokrati.sk\/wp-content\/uploads\/2025\/06\/vlada-klame.jpg","type":"image\/jpeg"}],"author":"miro.sopko","twitter_card":"summary_large_image","twitter_misc":{"Napsal(a)":"miro.sopko","Odhadovan\u00e1 doba \u010dten\u00ed":"3 minuty"},"schema":{"@context":"https:\/\/schema.org","@graph":[{"@type":"Article","@id":"https:\/\/www.smedemokrati.sk\/vlada-vedome-brzdi-peniaze-na-zelenu-domacnostiam\/#article","isPartOf":{"@id":"https:\/\/www.smedemokrati.sk\/vlada-vedome-brzdi-peniaze-na-zelenu-domacnostiam\/"},"author":{"name":"miro.sopko","@id":"https:\/\/www.smedemokrati.sk\/#\/schema\/person\/21f147c88d605aa7ded900e1e7c344ba"},"headline":"Vl\u00e1da vedome brzd\u00ed peniaze na Zelen\u00fa dom\u00e1cnostiam","datePublished":"2025-06-19T15:28:35+00:00","dateModified":"2025-06-19T15:28:36+00:00","mainEntityOfPage":{"@id":"https:\/\/www.smedemokrati.sk\/vlada-vedome-brzdi-peniaze-na-zelenu-domacnostiam\/"},"wordCount":666,"publisher":{"@id":"https:\/\/www.smedemokrati.sk\/#organization"},"image":{"@id":"https:\/\/www.smedemokrati.sk\/vlada-vedome-brzdi-peniaze-na-zelenu-domacnostiam\/#primaryimage"},"thumbnailUrl":"https:\/\/www.smedemokrati.sk\/wp-content\/uploads\/2025\/06\/vlada-klame.jpg","articleSection":["Tla\u010dov\u00e9 spr\u00e1vy"],"inLanguage":"cs-CZ"},{"@type":"WebPage","@id":"https:\/\/www.smedemokrati.sk\/vlada-vedome-brzdi-peniaze-na-zelenu-domacnostiam\/","url":"https:\/\/www.smedemokrati.sk\/vlada-vedome-brzdi-peniaze-na-zelenu-domacnostiam\/","name":"Vl\u00e1da vedome brzd\u00ed peniaze na Zelen\u00fa dom\u00e1cnostiam","isPartOf":{"@id":"https:\/\/www.smedemokrati.sk\/#website"},"primaryImageOfPage":{"@id":"https:\/\/www.smedemokrati.sk\/vlada-vedome-brzdi-peniaze-na-zelenu-domacnostiam\/#primaryimage"},"image":{"@id":"https:\/\/www.smedemokrati.sk\/vlada-vedome-brzdi-peniaze-na-zelenu-domacnostiam\/#primaryimage"},"thumbnailUrl":"https:\/\/www.smedemokrati.sk\/wp-content\/uploads\/2025\/06\/vlada-klame.jpg","datePublished":"2025-06-19T15:28:35+00:00","dateModified":"2025-06-19T15:28:36+00:00","breadcrumb":{"@id":"https:\/\/www.smedemokrati.sk\/vlada-vedome-brzdi-peniaze-na-zelenu-domacnostiam\/#breadcrumb"},"inLanguage":"cs-CZ","potentialAction":[{"@type":"ReadAction","target":["https:\/\/www.smedemokrati.sk\/vlada-vedome-brzdi-peniaze-na-zelenu-domacnostiam\/"]}]},{"@type":"ImageObject","inLanguage":"cs-CZ","@id":"https:\/\/www.smedemokrati.sk\/vlada-vedome-brzdi-peniaze-na-zelenu-domacnostiam\/#primaryimage","url":"https:\/\/www.smedemokrati.sk\/wp-content\/uploads\/2025\/06\/vlada-klame.jpg","contentUrl":"https:\/\/www.smedemokrati.sk\/wp-content\/uploads\/2025\/06\/vlada-klame.jpg","width":1675,"height":925},{"@type":"BreadcrumbList","@id":"https:\/\/www.smedemokrati.sk\/vlada-vedome-brzdi-peniaze-na-zelenu-domacnostiam\/#breadcrumb","itemListElement":[{"@type":"ListItem","position":1,"name":"Domovsk\u00e1 str\u00e1nka","item":"https:\/\/www.smedemokrati.sk\/"},{"@type":"ListItem","position":2,"name":"Vl\u00e1da vedome brzd\u00ed peniaze na Zelen\u00fa dom\u00e1cnostiam"}]},{"@type":"WebSite","@id":"https:\/\/www.smedemokrati.sk\/#website","url":"https:\/\/www.smedemokrati.sk\/","name":"Smedemokrati.sk","description":"Demokracia a slu\u0161nos\u0165 zv\u00ed\u0165az\u00ed","publisher":{"@id":"https:\/\/www.smedemokrati.sk\/#organization"},"potentialAction":[{"@type":"SearchAction","target":{"@type":"EntryPoint","urlTemplate":"https:\/\/www.smedemokrati.sk\/?s={search_term_string}"},"query-input":{"@type":"PropertyValueSpecification","valueRequired":true,"valueName":"search_term_string"}}],"inLanguage":"cs-CZ"},{"@type":"Organization","@id":"https:\/\/www.smedemokrati.sk\/#organization","name":"Smedemokrati.sk","url":"https:\/\/www.smedemokrati.sk\/","logo":{"@type":"ImageObject","inLanguage":"cs-CZ","@id":"https:\/\/www.smedemokrati.sk\/#\/schema\/logo\/image\/","url":"https:\/\/www.smedemokrati.sk\/wp-content\/uploads\/2023\/04\/ff.002.jpeg","contentUrl":"https:\/\/www.smedemokrati.sk\/wp-content\/uploads\/2023\/04\/ff.002.jpeg","width":640,"height":480,"caption":"Smedemokrati.sk"},"image":{"@id":"https:\/\/www.smedemokrati.sk\/#\/schema\/logo\/image\/"},"sameAs":["https:\/\/www.facebook.com\/smedemokrati2023"]},{"@type":"Person","@id":"https:\/\/www.smedemokrati.sk\/#\/schema\/person\/21f147c88d605aa7ded900e1e7c344ba","name":"miro.sopko","image":{"@type":"ImageObject","inLanguage":"cs-CZ","@id":"https:\/\/secure.gravatar.com\/avatar\/267e4a36f704376c109afe3a78740c1f5dd8675a2180a908699e7863c9247606?s=96&d=mm&r=g","url":"https:\/\/secure.gravatar.com\/avatar\/267e4a36f704376c109afe3a78740c1f5dd8675a2180a908699e7863c9247606?s=96&d=mm&r=g","contentUrl":"https:\/\/secure.gravatar.com\/avatar\/267e4a36f704376c109afe3a78740c1f5dd8675a2180a908699e7863c9247606?s=96&d=mm&r=g","caption":"miro.sopko"},"url":"https:\/\/www.smedemokrati.sk\/cs\/author\/miro-sopko\/"}]}},"_links":{"self":[{"href":"https:\/\/www.smedemokrati.sk\/cs\/wp-json\/wp\/v2\/posts\/7575","targetHints":{"allow":["GET"]}}],"collection":[{"href":"https:\/\/www.smedemokrati.sk\/cs\/wp-json\/wp\/v2\/posts"}],"about":[{"href":"https:\/\/www.smedemokrati.sk\/cs\/wp-json\/wp\/v2\/types\/post"}],"author":[{"embeddable":true,"href":"https:\/\/www.smedemokrati.sk\/cs\/wp-json\/wp\/v2\/users\/13"}],"replies":[{"embeddable":true,"href":"https:\/\/www.smedemokrati.sk\/cs\/wp-json\/wp\/v2\/comments?post=7575"}],"version-history":[{"count":1,"href":"https:\/\/www.smedemokrati.sk\/cs\/wp-json\/wp\/v2\/posts\/7575\/revisions"}],"predecessor-version":[{"id":7579,"href":"https:\/\/www.smedemokrati.sk\/cs\/wp-json\/wp\/v2\/posts\/7575\/revisions\/7579"}],"wp:featuredmedia":[{"embeddable":true,"href":"https:\/\/www.smedemokrati.sk\/cs\/wp-json\/wp\/v2\/media\/7576"}],"wp:attachment":[{"href":"https:\/\/www.smedemokrati.sk\/cs\/wp-json\/wp\/v2\/media?parent=7575"}],"wp:term":[{"taxonomy":"category","embeddable":true,"href":"https:\/\/www.smedemokrati.sk\/cs\/wp-json\/wp\/v2\/categories?post=7575"},{"taxonomy":"post_tag","embeddable":true,"href":"https:\/\/www.smedemokrati.sk\/cs\/wp-json\/wp\/v2\/tags?post=7575"}],"curies":[{"name":"wp","href":"https:\/\/api.w.org\/{rel}","templated":true}]}}