{"id":7552,"date":"2025-06-15T16:44:31","date_gmt":"2025-06-15T15:44:31","guid":{"rendered":"https:\/\/www.smedemokrati.sk\/?p=7552"},"modified":"2025-06-15T16:44:32","modified_gmt":"2025-06-15T15:44:32","slug":"stanovisko-k-prvemu-roku-p-pellegriniho-vo-funkcii","status":"publish","type":"post","link":"https:\/\/www.smedemokrati.sk\/cs\/stanovisko-k-prvemu-roku-p-pellegriniho-vo-funkcii\/","title":{"rendered":"Stanovisko k prv\u00e9mu roku P. Pellegriniho vo funkcii"},"content":{"rendered":"<div id=\"fb-root\"><\/div>\n\n<p>Prezident m\u00e1 by\u0165 hlasom rozvahy, \u00fastavnosti a ochrany demokracie, m\u00e1 by\u0165 prezidentom v\u0161etk\u00fdch ob\u010danov. Po prvom roku Petra Pellegriniho mus\u00edme v\u0161ak s po\u013eutovan\u00edm skon\u0161tatova\u0165, \u017ee prezident Pellegrini zatia\u013e nie je nestran\u00edckym a nadstran\u00edckym prezidentom, naopak je st\u00e1le faktick\u00fdch predsedom Hlasu, je s\u00fa\u010das\u0165 vl\u00e1dnej koal\u00edcie.<\/p>\n\n\n\n<p>Peter Pellegrini mal opakovane mo\u017enos\u0165 uk\u00e1za\u0165, \u017ee sa vie zasta\u0165 nez\u00e1visl\u00fdch in\u0161tit\u00faci\u00ed a pr\u00e1vneho, av\u0161ak pri ka\u017edej tejto pr\u00edle\u017eitosti zlyhal. Neschopnos\u0165 pomenova\u0165 destabiliz\u00e1ciu Slovenska, hulv\u00e1tstvo a hrub\u00fd t\u00f3n, ktor\u00fd predv\u00e1dza \u010di u\u017e Robert Fico alebo Mat\u00fa\u0161 \u0160utaj E\u0161tok rad\u00ed prezidenta medzi t\u00fdch, ktor\u00ed s\u00fa spoluzodpovedn\u00fd za frustr\u00e1ciu spolo\u010dnosti. Peter Pellegrini st\u00e1le, \u017eia\u013e, zost\u00e1va len asistentom Roberta Fica nie slobodn\u00fdm prezidentom.&nbsp;&nbsp;<\/p>\n\n\n\n<p>Je rovnako smutn\u00e9, \u017ee prezident sa s\u00fastred\u00ed viac na svoju seba prezent\u00e1ciu a luxus ako na \u017eivot ob\u010danov Slovenska. Drah\u00e9 aut\u00e1, seda\u010dky, koncerty na objedn\u00e1vku pripom\u00ednaj\u00fa, \u017ee prezident Pellegrini m\u00e1 r\u00e1d najm\u00e4 a len seba. \u017dia\u013e na jeho luxus v \u010dase konsolid\u00e1cie sa v\u0161ak sklad\u00e1me my v\u0161etci.&nbsp;<\/p>\n\n\n\n<p>Vlastn\u00fd a jasn\u00fd l\u00eddersk\u00fd postoj, schopnos\u0165 postavi\u0165 sa za demokratick\u00e9 a proeur\u00f3pske Slovensko a jeho ob\u010danov, skromnos\u0165 a menej luxusu, to v\u0161etko prajeme prezidentovi do \u010fal\u0161ieho roku jeho prezidentovania. No najm\u00e4 mu prajeme, aby sa prestal spr\u00e1va\u0165 ako \u201emazl\u00ed\u010dek\u201d Roberta Fica, inak sa nem\u00f4\u017ee \u010dudova\u0165, \u017ee na n\u00e1mestiach ho \u013eudia oslovuj\u00fa ako \u201epodr\u017eta\u017eka\u201d alebo \u201epr\u00e1zdny oblek\u201d.<\/p>\n","protected":false},"excerpt":{"rendered":"<p>Prezident m\u00e1 by\u0165 hlasom rozvahy, \u00fastavnosti a ochrany demokracie, m\u00e1 by\u0165 prezidentom v\u0161etk\u00fdch ob\u010danov. Po prvom roku Petra Pellegriniho mus\u00edme v\u0161ak s po\u013eutovan\u00edm skon\u0161tatova\u0165, \u017ee prezident Pellegrini zatia\u013e nie je nestran\u00edckym a nadstran\u00edckym prezidentom, naopak je st\u00e1le faktick\u00fdch predsedom Hlasu, je s\u00fa\u010das\u0165 vl\u00e1dnej koal\u00edcie. Peter Pellegrini mal opakovane mo\u017enos\u0165 uk\u00e1za\u0165, \u017ee sa vie zasta\u0165 nez\u00e1visl\u00fdch [&hellip;]<\/p>\n","protected":false},"author":13,"featured_media":7350,"comment_status":"closed","ping_status":"closed","sticky":false,"template":"","format":"standard","meta":{"_acf_changed":false,"ngg_post_thumbnail":0,"footnotes":""},"categories":[11],"tags":[],"class_list":["post-7552","post","type-post","status-publish","format-standard","has-post-thumbnail","hentry","category-vyhlasenia"],"acf":[],"yoast_head":"<!-- This site is optimized with the Yoast SEO plugin v27.2 - https:\/\/yoast.com\/product\/yoast-seo-wordpress\/ -->\n<title>Stanovisko k prv\u00e9mu roku P. Pellegriniho vo funkcii<\/title>\n<meta name=\"robots\" content=\"index, follow, max-snippet:-1, max-image-preview:large, max-video-preview:-1\" \/>\n<link rel=\"canonical\" href=\"https:\/\/www.smedemokrati.sk\/cs\/stanovisko-k-prvemu-roku-p-pellegriniho-vo-funkcii\/\" \/>\n<meta property=\"og:locale\" content=\"cs_CZ\" \/>\n<meta property=\"og:locale:alternate\" content=\"en_US\" \/>\n<meta property=\"og:locale:alternate\" content=\"hu_HU\" \/>\n<meta property=\"og:locale:alternate\" content=\"sk_SK\" \/>\n<meta property=\"og:locale:alternate\" content=\"sv_SE\" \/>\n<meta property=\"og:type\" content=\"article\" \/>\n<meta property=\"og:title\" content=\"Stanovisko k prv\u00e9mu roku P. Pellegriniho vo funkcii\" \/>\n<meta property=\"og:description\" content=\"Prezident m\u00e1 by\u0165 hlasom rozvahy, \u00fastavnosti a ochrany demokracie, m\u00e1 by\u0165 prezidentom v\u0161etk\u00fdch ob\u010danov. Po prvom roku Petra Pellegriniho mus\u00edme v\u0161ak s po\u013eutovan\u00edm skon\u0161tatova\u0165, \u017ee prezident Pellegrini zatia\u013e nie je nestran\u00edckym a nadstran\u00edckym prezidentom, naopak je st\u00e1le faktick\u00fdch predsedom Hlasu, je s\u00fa\u010das\u0165 vl\u00e1dnej koal\u00edcie. Peter Pellegrini mal opakovane mo\u017enos\u0165 uk\u00e1za\u0165, \u017ee sa vie zasta\u0165 nez\u00e1visl\u00fdch [&hellip;]\" \/>\n<meta property=\"og:url\" content=\"https:\/\/www.smedemokrati.sk\/cs\/stanovisko-k-prvemu-roku-p-pellegriniho-vo-funkcii\/\" \/>\n<meta property=\"og:site_name\" content=\"Smedemokrati.sk\" \/>\n<meta property=\"article:publisher\" content=\"https:\/\/www.facebook.com\/smedemokrati2023\" \/>\n<meta property=\"article:published_time\" content=\"2025-06-15T15:44:31+00:00\" \/>\n<meta property=\"article:modified_time\" content=\"2025-06-15T15:44:32+00:00\" \/>\n<meta property=\"og:image\" content=\"https:\/\/www.smedemokrati.sk\/wp-content\/uploads\/2025\/05\/pellegrini.webp\" \/>\n\t<meta property=\"og:image:width\" content=\"1680\" \/>\n\t<meta property=\"og:image:height\" content=\"1260\" \/>\n\t<meta property=\"og:image:type\" content=\"image\/webp\" \/>\n<meta name=\"author\" content=\"miro.sopko\" \/>\n<meta name=\"twitter:card\" content=\"summary_large_image\" \/>\n<meta name=\"twitter:label1\" content=\"Napsal(a)\" \/>\n\t<meta name=\"twitter:data1\" content=\"miro.sopko\" \/>\n\t<meta name=\"twitter:label2\" content=\"Odhadovan\u00e1 doba \u010dten\u00ed\" \/>\n\t<meta name=\"twitter:data2\" content=\"2 minuty\" \/>\n<script type=\"application\/ld+json\" class=\"yoast-schema-graph\">{\"@context\":\"https:\/\/schema.org\",\"@graph\":[{\"@type\":\"Article\",\"@id\":\"https:\/\/www.smedemokrati.sk\/stanovisko-k-prvemu-roku-p-pellegriniho-vo-funkcii\/#article\",\"isPartOf\":{\"@id\":\"https:\/\/www.smedemokrati.sk\/stanovisko-k-prvemu-roku-p-pellegriniho-vo-funkcii\/\"},\"author\":{\"name\":\"miro.sopko\",\"@id\":\"https:\/\/www.smedemokrati.sk\/#\/schema\/person\/21f147c88d605aa7ded900e1e7c344ba\"},\"headline\":\"Stanovisko k prv\u00e9mu roku P. Pellegriniho vo funkcii\",\"datePublished\":\"2025-06-15T15:44:31+00:00\",\"dateModified\":\"2025-06-15T15:44:32+00:00\",\"mainEntityOfPage\":{\"@id\":\"https:\/\/www.smedemokrati.sk\/stanovisko-k-prvemu-roku-p-pellegriniho-vo-funkcii\/\"},\"wordCount\":281,\"publisher\":{\"@id\":\"https:\/\/www.smedemokrati.sk\/#organization\"},\"image\":{\"@id\":\"https:\/\/www.smedemokrati.sk\/stanovisko-k-prvemu-roku-p-pellegriniho-vo-funkcii\/#primaryimage\"},\"thumbnailUrl\":\"https:\/\/www.smedemokrati.sk\/wp-content\/uploads\/2025\/05\/pellegrini.webp\",\"articleSection\":[\"Vyhl\u00e1senia\"],\"inLanguage\":\"cs-CZ\"},{\"@type\":\"WebPage\",\"@id\":\"https:\/\/www.smedemokrati.sk\/stanovisko-k-prvemu-roku-p-pellegriniho-vo-funkcii\/\",\"url\":\"https:\/\/www.smedemokrati.sk\/stanovisko-k-prvemu-roku-p-pellegriniho-vo-funkcii\/\",\"name\":\"Stanovisko k prv\u00e9mu roku P. Pellegriniho vo funkcii\",\"isPartOf\":{\"@id\":\"https:\/\/www.smedemokrati.sk\/#website\"},\"primaryImageOfPage\":{\"@id\":\"https:\/\/www.smedemokrati.sk\/stanovisko-k-prvemu-roku-p-pellegriniho-vo-funkcii\/#primaryimage\"},\"image\":{\"@id\":\"https:\/\/www.smedemokrati.sk\/stanovisko-k-prvemu-roku-p-pellegriniho-vo-funkcii\/#primaryimage\"},\"thumbnailUrl\":\"https:\/\/www.smedemokrati.sk\/wp-content\/uploads\/2025\/05\/pellegrini.webp\",\"datePublished\":\"2025-06-15T15:44:31+00:00\",\"dateModified\":\"2025-06-15T15:44:32+00:00\",\"breadcrumb\":{\"@id\":\"https:\/\/www.smedemokrati.sk\/stanovisko-k-prvemu-roku-p-pellegriniho-vo-funkcii\/#breadcrumb\"},\"inLanguage\":\"cs-CZ\",\"potentialAction\":[{\"@type\":\"ReadAction\",\"target\":[\"https:\/\/www.smedemokrati.sk\/stanovisko-k-prvemu-roku-p-pellegriniho-vo-funkcii\/\"]}]},{\"@type\":\"ImageObject\",\"inLanguage\":\"cs-CZ\",\"@id\":\"https:\/\/www.smedemokrati.sk\/stanovisko-k-prvemu-roku-p-pellegriniho-vo-funkcii\/#primaryimage\",\"url\":\"https:\/\/www.smedemokrati.sk\/wp-content\/uploads\/2025\/05\/pellegrini.webp\",\"contentUrl\":\"https:\/\/www.smedemokrati.sk\/wp-content\/uploads\/2025\/05\/pellegrini.webp\",\"width\":1680,\"height\":1260},{\"@type\":\"BreadcrumbList\",\"@id\":\"https:\/\/www.smedemokrati.sk\/stanovisko-k-prvemu-roku-p-pellegriniho-vo-funkcii\/#breadcrumb\",\"itemListElement\":[{\"@type\":\"ListItem\",\"position\":1,\"name\":\"Domovsk\u00e1 str\u00e1nka\",\"item\":\"https:\/\/www.smedemokrati.sk\/\"},{\"@type\":\"ListItem\",\"position\":2,\"name\":\"Stanovisko k prv\u00e9mu roku P. Pellegriniho vo funkcii\"}]},{\"@type\":\"WebSite\",\"@id\":\"https:\/\/www.smedemokrati.sk\/#website\",\"url\":\"https:\/\/www.smedemokrati.sk\/\",\"name\":\"Smedemokrati.sk\",\"description\":\"Demokracia a slu\u0161nos\u0165 zv\u00ed\u0165az\u00ed\",\"publisher\":{\"@id\":\"https:\/\/www.smedemokrati.sk\/#organization\"},\"potentialAction\":[{\"@type\":\"SearchAction\",\"target\":{\"@type\":\"EntryPoint\",\"urlTemplate\":\"https:\/\/www.smedemokrati.sk\/?s={search_term_string}\"},\"query-input\":{\"@type\":\"PropertyValueSpecification\",\"valueRequired\":true,\"valueName\":\"search_term_string\"}}],\"inLanguage\":\"cs-CZ\"},{\"@type\":\"Organization\",\"@id\":\"https:\/\/www.smedemokrati.sk\/#organization\",\"name\":\"Smedemokrati.sk\",\"url\":\"https:\/\/www.smedemokrati.sk\/\",\"logo\":{\"@type\":\"ImageObject\",\"inLanguage\":\"cs-CZ\",\"@id\":\"https:\/\/www.smedemokrati.sk\/#\/schema\/logo\/image\/\",\"url\":\"https:\/\/www.smedemokrati.sk\/wp-content\/uploads\/2023\/04\/ff.002.jpeg\",\"contentUrl\":\"https:\/\/www.smedemokrati.sk\/wp-content\/uploads\/2023\/04\/ff.002.jpeg\",\"width\":640,\"height\":480,\"caption\":\"Smedemokrati.sk\"},\"image\":{\"@id\":\"https:\/\/www.smedemokrati.sk\/#\/schema\/logo\/image\/\"},\"sameAs\":[\"https:\/\/www.facebook.com\/smedemokrati2023\"]},{\"@type\":\"Person\",\"@id\":\"https:\/\/www.smedemokrati.sk\/#\/schema\/person\/21f147c88d605aa7ded900e1e7c344ba\",\"name\":\"miro.sopko\",\"image\":{\"@type\":\"ImageObject\",\"inLanguage\":\"cs-CZ\",\"@id\":\"https:\/\/secure.gravatar.com\/avatar\/267e4a36f704376c109afe3a78740c1f5dd8675a2180a908699e7863c9247606?s=96&d=mm&r=g\",\"url\":\"https:\/\/secure.gravatar.com\/avatar\/267e4a36f704376c109afe3a78740c1f5dd8675a2180a908699e7863c9247606?s=96&d=mm&r=g\",\"contentUrl\":\"https:\/\/secure.gravatar.com\/avatar\/267e4a36f704376c109afe3a78740c1f5dd8675a2180a908699e7863c9247606?s=96&d=mm&r=g\",\"caption\":\"miro.sopko\"},\"url\":\"https:\/\/www.smedemokrati.sk\/cs\/author\/miro-sopko\/\"}]}<\/script>\n<!-- \/ Yoast SEO plugin. -->","yoast_head_json":{"title":"Stanovisko k prv\u00e9mu roku P. Pellegriniho vo funkcii","robots":{"index":"index","follow":"follow","max-snippet":"max-snippet:-1","max-image-preview":"max-image-preview:large","max-video-preview":"max-video-preview:-1"},"canonical":"https:\/\/www.smedemokrati.sk\/cs\/stanovisko-k-prvemu-roku-p-pellegriniho-vo-funkcii\/","og_locale":"cs_CZ","og_type":"article","og_title":"[:sk]Stanovisko k prv\u00e9mu roku P. Pellegriniho vo funkcii[:] - Smedemokrati.sk","og_description":"Prezident m\u00e1 by\u0165 hlasom rozvahy, \u00fastavnosti a ochrany demokracie, m\u00e1 by\u0165 prezidentom v\u0161etk\u00fdch ob\u010danov. Po prvom roku Petra Pellegriniho mus\u00edme v\u0161ak s po\u013eutovan\u00edm skon\u0161tatova\u0165, \u017ee prezident Pellegrini zatia\u013e nie je nestran\u00edckym a nadstran\u00edckym prezidentom, naopak je st\u00e1le faktick\u00fdch predsedom Hlasu, je s\u00fa\u010das\u0165 vl\u00e1dnej koal\u00edcie. Peter Pellegrini mal opakovane mo\u017enos\u0165 uk\u00e1za\u0165, \u017ee sa vie zasta\u0165 nez\u00e1visl\u00fdch [&hellip;]","og_url":"https:\/\/www.smedemokrati.sk\/cs\/stanovisko-k-prvemu-roku-p-pellegriniho-vo-funkcii\/","og_site_name":"Smedemokrati.sk","article_publisher":"https:\/\/www.facebook.com\/smedemokrati2023","article_published_time":"2025-06-15T15:44:31+00:00","article_modified_time":"2025-06-15T15:44:32+00:00","og_image":[{"width":1680,"height":1260,"url":"https:\/\/www.smedemokrati.sk\/wp-content\/uploads\/2025\/05\/pellegrini.webp","type":"image\/webp"}],"author":"miro.sopko","twitter_card":"summary_large_image","twitter_misc":{"Napsal(a)":"miro.sopko","Odhadovan\u00e1 doba \u010dten\u00ed":"2 minuty"},"schema":{"@context":"https:\/\/schema.org","@graph":[{"@type":"Article","@id":"https:\/\/www.smedemokrati.sk\/stanovisko-k-prvemu-roku-p-pellegriniho-vo-funkcii\/#article","isPartOf":{"@id":"https:\/\/www.smedemokrati.sk\/stanovisko-k-prvemu-roku-p-pellegriniho-vo-funkcii\/"},"author":{"name":"miro.sopko","@id":"https:\/\/www.smedemokrati.sk\/#\/schema\/person\/21f147c88d605aa7ded900e1e7c344ba"},"headline":"Stanovisko k prv\u00e9mu roku P. Pellegriniho vo funkcii","datePublished":"2025-06-15T15:44:31+00:00","dateModified":"2025-06-15T15:44:32+00:00","mainEntityOfPage":{"@id":"https:\/\/www.smedemokrati.sk\/stanovisko-k-prvemu-roku-p-pellegriniho-vo-funkcii\/"},"wordCount":281,"publisher":{"@id":"https:\/\/www.smedemokrati.sk\/#organization"},"image":{"@id":"https:\/\/www.smedemokrati.sk\/stanovisko-k-prvemu-roku-p-pellegriniho-vo-funkcii\/#primaryimage"},"thumbnailUrl":"https:\/\/www.smedemokrati.sk\/wp-content\/uploads\/2025\/05\/pellegrini.webp","articleSection":["Vyhl\u00e1senia"],"inLanguage":"cs-CZ"},{"@type":"WebPage","@id":"https:\/\/www.smedemokrati.sk\/stanovisko-k-prvemu-roku-p-pellegriniho-vo-funkcii\/","url":"https:\/\/www.smedemokrati.sk\/stanovisko-k-prvemu-roku-p-pellegriniho-vo-funkcii\/","name":"Stanovisko k prv\u00e9mu roku P. Pellegriniho vo funkcii","isPartOf":{"@id":"https:\/\/www.smedemokrati.sk\/#website"},"primaryImageOfPage":{"@id":"https:\/\/www.smedemokrati.sk\/stanovisko-k-prvemu-roku-p-pellegriniho-vo-funkcii\/#primaryimage"},"image":{"@id":"https:\/\/www.smedemokrati.sk\/stanovisko-k-prvemu-roku-p-pellegriniho-vo-funkcii\/#primaryimage"},"thumbnailUrl":"https:\/\/www.smedemokrati.sk\/wp-content\/uploads\/2025\/05\/pellegrini.webp","datePublished":"2025-06-15T15:44:31+00:00","dateModified":"2025-06-15T15:44:32+00:00","breadcrumb":{"@id":"https:\/\/www.smedemokrati.sk\/stanovisko-k-prvemu-roku-p-pellegriniho-vo-funkcii\/#breadcrumb"},"inLanguage":"cs-CZ","potentialAction":[{"@type":"ReadAction","target":["https:\/\/www.smedemokrati.sk\/stanovisko-k-prvemu-roku-p-pellegriniho-vo-funkcii\/"]}]},{"@type":"ImageObject","inLanguage":"cs-CZ","@id":"https:\/\/www.smedemokrati.sk\/stanovisko-k-prvemu-roku-p-pellegriniho-vo-funkcii\/#primaryimage","url":"https:\/\/www.smedemokrati.sk\/wp-content\/uploads\/2025\/05\/pellegrini.webp","contentUrl":"https:\/\/www.smedemokrati.sk\/wp-content\/uploads\/2025\/05\/pellegrini.webp","width":1680,"height":1260},{"@type":"BreadcrumbList","@id":"https:\/\/www.smedemokrati.sk\/stanovisko-k-prvemu-roku-p-pellegriniho-vo-funkcii\/#breadcrumb","itemListElement":[{"@type":"ListItem","position":1,"name":"Domovsk\u00e1 str\u00e1nka","item":"https:\/\/www.smedemokrati.sk\/"},{"@type":"ListItem","position":2,"name":"Stanovisko k prv\u00e9mu roku P. Pellegriniho vo funkcii"}]},{"@type":"WebSite","@id":"https:\/\/www.smedemokrati.sk\/#website","url":"https:\/\/www.smedemokrati.sk\/","name":"Smedemokrati.sk","description":"Demokracia a slu\u0161nos\u0165 zv\u00ed\u0165az\u00ed","publisher":{"@id":"https:\/\/www.smedemokrati.sk\/#organization"},"potentialAction":[{"@type":"SearchAction","target":{"@type":"EntryPoint","urlTemplate":"https:\/\/www.smedemokrati.sk\/?s={search_term_string}"},"query-input":{"@type":"PropertyValueSpecification","valueRequired":true,"valueName":"search_term_string"}}],"inLanguage":"cs-CZ"},{"@type":"Organization","@id":"https:\/\/www.smedemokrati.sk\/#organization","name":"Smedemokrati.sk","url":"https:\/\/www.smedemokrati.sk\/","logo":{"@type":"ImageObject","inLanguage":"cs-CZ","@id":"https:\/\/www.smedemokrati.sk\/#\/schema\/logo\/image\/","url":"https:\/\/www.smedemokrati.sk\/wp-content\/uploads\/2023\/04\/ff.002.jpeg","contentUrl":"https:\/\/www.smedemokrati.sk\/wp-content\/uploads\/2023\/04\/ff.002.jpeg","width":640,"height":480,"caption":"Smedemokrati.sk"},"image":{"@id":"https:\/\/www.smedemokrati.sk\/#\/schema\/logo\/image\/"},"sameAs":["https:\/\/www.facebook.com\/smedemokrati2023"]},{"@type":"Person","@id":"https:\/\/www.smedemokrati.sk\/#\/schema\/person\/21f147c88d605aa7ded900e1e7c344ba","name":"miro.sopko","image":{"@type":"ImageObject","inLanguage":"cs-CZ","@id":"https:\/\/secure.gravatar.com\/avatar\/267e4a36f704376c109afe3a78740c1f5dd8675a2180a908699e7863c9247606?s=96&d=mm&r=g","url":"https:\/\/secure.gravatar.com\/avatar\/267e4a36f704376c109afe3a78740c1f5dd8675a2180a908699e7863c9247606?s=96&d=mm&r=g","contentUrl":"https:\/\/secure.gravatar.com\/avatar\/267e4a36f704376c109afe3a78740c1f5dd8675a2180a908699e7863c9247606?s=96&d=mm&r=g","caption":"miro.sopko"},"url":"https:\/\/www.smedemokrati.sk\/cs\/author\/miro-sopko\/"}]}},"_links":{"self":[{"href":"https:\/\/www.smedemokrati.sk\/cs\/wp-json\/wp\/v2\/posts\/7552","targetHints":{"allow":["GET"]}}],"collection":[{"href":"https:\/\/www.smedemokrati.sk\/cs\/wp-json\/wp\/v2\/posts"}],"about":[{"href":"https:\/\/www.smedemokrati.sk\/cs\/wp-json\/wp\/v2\/types\/post"}],"author":[{"embeddable":true,"href":"https:\/\/www.smedemokrati.sk\/cs\/wp-json\/wp\/v2\/users\/13"}],"replies":[{"embeddable":true,"href":"https:\/\/www.smedemokrati.sk\/cs\/wp-json\/wp\/v2\/comments?post=7552"}],"version-history":[{"count":1,"href":"https:\/\/www.smedemokrati.sk\/cs\/wp-json\/wp\/v2\/posts\/7552\/revisions"}],"predecessor-version":[{"id":7553,"href":"https:\/\/www.smedemokrati.sk\/cs\/wp-json\/wp\/v2\/posts\/7552\/revisions\/7553"}],"wp:featuredmedia":[{"embeddable":true,"href":"https:\/\/www.smedemokrati.sk\/cs\/wp-json\/wp\/v2\/media\/7350"}],"wp:attachment":[{"href":"https:\/\/www.smedemokrati.sk\/cs\/wp-json\/wp\/v2\/media?parent=7552"}],"wp:term":[{"taxonomy":"category","embeddable":true,"href":"https:\/\/www.smedemokrati.sk\/cs\/wp-json\/wp\/v2\/categories?post=7552"},{"taxonomy":"post_tag","embeddable":true,"href":"https:\/\/www.smedemokrati.sk\/cs\/wp-json\/wp\/v2\/tags?post=7552"}],"curies":[{"name":"wp","href":"https:\/\/api.w.org\/{rel}","templated":true}]}}