{"id":7542,"date":"2025-06-13T12:12:58","date_gmt":"2025-06-13T11:12:58","guid":{"rendered":"https:\/\/www.smedemokrati.sk\/?p=7542"},"modified":"2025-06-13T12:12:58","modified_gmt":"2025-06-13T11:12:58","slug":"podozrenia-z-organizovaneho-podvodu-pri-cerpani-eurofondov-v-milionovych-sumach-a-chobotnica-na-ppa","status":"publish","type":"post","link":"https:\/\/www.smedemokrati.sk\/cs\/podozrenia-z-organizovaneho-podvodu-pri-cerpani-eurofondov-v-milionovych-sumach-a-chobotnica-na-ppa\/","title":{"rendered":"Podozrenia z organizovan\u00e9ho podvodu pri \u010derpan\u00ed eurofondov v mili\u00f3nov\u00fdch sum\u00e1ch a chobotnica na PPA"},"content":{"rendered":"<div id=\"fb-root\"><\/div>\n\n<p><strong>Odhalenia strany Demokrati a Pir\u00e1tskej strany v pr\u00edpade viacer\u00fdch \u017eiadost\u00ed o nen\u00e1vratn\u00e9 finan\u010dn\u00e9 pr\u00edspevky (NFP) z P\u00f4dohospod\u00e1rskej platobnej agent\u00fary (PPA) poukazuj\u00fa na v\u00e1\u017ene podozrenia z \u00fa\u010delov\u00e9ho zakladania spolo\u010dnost\u00ed, konfliktu z\u00e1ujmov a koordinovan\u00e9ho \u010derpania eurofondov prostredn\u00edctvom prepojen\u00fdch os\u00f4b, ktor\u00e9 z\u00e1rove\u0148 figuruj\u00fa v zn\u00e1mom korup\u010dnom pr\u00edpade Dobytk\u00e1r. V\u0161etko sa to sp\u00e1ja u D. Onderi\u0161inovej, ktor\u00e1 e\u0161te st\u00e1le pracuje na PPA.&nbsp;<\/strong><\/p>\n\n\n\n<p>V kr\u00e1tkom obdob\u00ed medzi 24. j\u00falom a 18. augustom 2015 vznikli tri spolo\u010dnosti VERKAD s.r.o., FOOD UNION a.s. a NEKYJE Invest s.r.o. Na prv\u00fd poh\u013ead be\u017en\u00e9 firmy, av\u0161ak po detailnej\u0161om presk\u00faman\u00ed vych\u00e1dzaj\u00fa najavo v\u00e1\u017ene prepojenia: \u201e<em>VERKAD zalo\u017eila Veronika Onderi\u0161inov\u00e1, dc\u00e9ra vtedaj\u0161ej zamestnankyne PPA Daniely Onderi\u0161inovej. FOOD UNION zalo\u017eila Al\u017ebeta Papp, zn\u00e1ma z kauzy Dobytk\u00e1r, kde sa priznala k prij\u00edmaniu \u00faplatkov. NEKYJE Invest. vznikla pod veden\u00edm R\u00f3landa K\u00f3ssu, ktor\u00fd bol taktie\u017e ods\u00faden\u00fd za korupciu v s\u00favislosti s PPA.\u201c&nbsp;<\/em>ozrejmuje zrejme sch\u00e9mu Zuzana \u0160ubov\u00e1, ktor\u00e1 na PPA p\u00f4sobila na protikorup\u010dnej sekcii. Dod\u00e1va, \u017ee v\u0161etky tri firmy boli pod\u013ea d\u00f4kazov person\u00e1lne a obchodne prepojen\u00e9 a vznikli v kr\u00e1tkom \u010dasovom slede, \u010do vyvol\u00e1va podozrenia o \u00fa\u010delovosti.<\/p>\n\n\n\n<p>D\u0148a 31. j\u00fala 2015 podp\u00edsala VERKAD s.r.o. n\u00e1jomn\u00fa zmluvu s otcom Al\u017ebety Papp \u2013 Ing. Imrichom Vezspr\u00e9mim na pozemok v Lehniciach, kde u\u017e zmluva vopred predpokladala financovanie z eurofondov. Vo verejnom obstar\u00e1van\u00ed na v\u00fdstavbu penzi\u00f3nu pre VERKAD zv\u00ed\u0165azila spolo\u010dnos\u0165 K\u00f3sa a spol., kde figuroval op\u00e4\u0165 R\u00f3land K\u00f3ssa, ten ist\u00fd, ktor\u00fd v tom \u010dase \u0161\u00e9foval spolo\u010dnosti NEKYJE Invest s.r.o.<\/p>\n\n\n\n<p><em>\u201eV\u0161etky verejn\u00e9 obstar\u00e1vania vyhodnocovala spolo\u010dnos\u0165 AKCEPTA s.r.o. z Michaloviec, ktor\u00e1 opakovane figurovala pri z\u00e1kazk\u00e1ch t\u00fdch ist\u00fdch os\u00f4b alebo ich prepojen\u00fdch spolo\u010dnost\u00ed.<\/em><em>\u201c&nbsp;<\/em>Hovor\u00ed \u0161\u00e9fka Pir\u00e1tskej strany \u0160ubov\u00e1.<\/p>\n\n\n\n<p>V\u0161etky tri firmy po\u017eiadali o nen\u00e1vratn\u00e9 finan\u010dn\u00e9 pr\u00edspevky: VERKAD s.r.o. 153 000 \u20ac, NEKYJE Invest s.r.o. 224 783 \u20ac, FOOD UNION a.s. \u2013 1 094 852 \u20ac a nesk\u00f4r \u010fal\u0161\u00edch 900 000 \u20ac<\/p>\n\n\n\n<p><em>\u201e<\/em><em>V\u0161etky \u017eiadosti boli schv\u00e1len\u00e9 v marci 2016. Zmluvy podpisoval vtedaj\u0161\u00ed v\u00fdkonn\u00fd riadite\u013e PPA \u013dubom\u00edr Partika, ktor\u00fd je taktie\u017e obvinen\u00fd v kauze Dobytk\u00e1r.<\/em><em>\u201c u<\/em>pozornil Juraj \u0160eliga, podpredseda strany Demokrati.<\/p>\n\n\n\n<p><em><em>\u201e<\/em>Zauj\u00edmavos\u0165ou je, \u017ee v\u0161etky firmy predlo\u017eili \u010destn\u00e9 vyhl\u00e1senia o absencii konfliktu z\u00e1ujmov, kde popreli ak\u00e9ko\u013evek v\u00e4zby na PPA. Veronika Onderi\u0161inov\u00e1 napr\u00edklad zatajila, \u017ee jej matka pracuje na PPA \u2013 \u010do je v priamom rozpore s pravdou a nap\u013a\u0148a znaky subven\u010dn\u00e9ho podvodu.&#8220;\u00a0<\/em>Pokra\u010duje Zuzana \u0160ubov\u00e1.<\/p>\n\n\n\n<p>PPA v reakcii na podozrenia uviedla, \u017ee Daniela Onderi\u0161inov\u00e1 sa \u00fadajne sama vyl\u00fa\u010dila z rozhodovania o projekte svojej dc\u00e9ry. Tento dokument v\u0161ak nebol nikdy n\u00e1jden\u00fd v ofici\u00e1lnom spise, ktor\u00fd pol\u00edcia zaistila v r\u00e1mci akcie TAJOMN\u00cdK. V\u0161etko nasved\u010duje tomu, \u017ee dokument bol sfal\u0161ovan\u00fd dodato\u010dne.<\/p>\n\n\n\n<p><em><em>\u201e<\/em>D\u00f4kazy poukazuj\u00fa na koordinovan\u00fd postup viacer\u00fdch os\u00f4b, ktor\u00e9 boli person\u00e1lne prepojen\u00e9, vedome zatajovali konflikty z\u00e1ujmov a \u00fa\u010delovo \u010derpali eurofondy na v\u00fdstavbu neexistuj\u00facich penzi\u00f3nov. Vznik\u00e1 podozrenie, \u017ee tieto osoby tvorili organizovan\u00fa zlo\u010dineck\u00fa skupinu so z\u00e1merom neopr\u00e1vnene z\u00edska\u0165 mili\u00f3ny eur z PPA. Tak nech sa l\u00e1skavo minister Tak\u00e1\u010d netv\u00e1ri, \u017ee je v\u0161etko v poriadku, preto\u017ee ak po t\u00fdchto d\u00f4kazoch chce na\u010falej tvrdi\u0165, \u017ee PPA je plne funk\u010dn\u00e1, \u017ee politicky zodpovedn\u00fd za tieto zjavne rozkradnut\u00e9 mili\u00f3ny.&#8220; p<\/em>ovedal Juraj \u0160eliga.<\/p>\n\n\n\n<p><em>\u201eAko je mo\u017en\u00e9, \u017ee do dne\u0161n\u00e9ho d\u0148a Onderi\u0161inov\u00e1 st\u00e1le pracuje na PPA? Ako je mo\u017en\u00e9, \u017ee Ki\u0161\u0161, ktor\u00fd bol riadite\u013e PPA, ke\u010f ho na to Zuzana \u0160ubov\u00e1 upozor\u0148ovala ml\u010d\u00ed a je st\u00e1le riadite\u013eom Finan\u010dnej spr\u00e1vy? Ako je mo\u017en\u00e9, \u017ee do dne\u0161n\u00e9ho d\u0148a vl\u00e1dna koal\u00edcia odmieta kontroly na PPA? Kde s\u00fa pol\u00edcia a prokurat\u00fara?<\/em>&#8220; P\u00fdta sa Juraj \u0160eliga.<\/p>\n\n\n\n<p>V\u0161etky spisov\u00e9 materi\u00e1ly boli post\u00fapen\u00e9 N\u00e1rodnej krimin\u00e1lnej agent\u00fare u\u017e v roku 2022. Napriek tomu sa dodnes nekonalo v potrebnej miere.\u00a0<em><em>\u201e<\/em>T\u00e1to kauza nie je len o jednotlivcoch, ale o celom syst\u00e9me, ktor\u00fd umo\u017enil, aby tak\u00e9to sch\u00e9my fungovali. Je najvy\u0161\u0161\u00ed \u010das, aby zodpovedn\u00e9 org\u00e1ny za\u010dali kona\u0165.&#8220;<\/em>\u00a0Hovor\u00ed \u0160ubov\u00e1.<\/p>\n\n\n\n<p>V najbli\u017e\u0161\u00edch d\u0148och budeme informova\u0165 Eur\u00f3psku prokurat\u00faru, Eur\u00f3psky \u00farad pre boj proti podvodom (OLAF) a \u010fal\u0161ie relevantn\u00e9 in\u0161tit\u00facie. Eur\u00f3pske peniaze si zasl\u00fa\u017eia lep\u0161iu ochranu a slovensk\u00ed ob\u010dania f\u00e9rov\u00fd syst\u00e9m, nie podvody za bieleho d\u0148a. \u017dia\u013e slovensk\u00ed da\u0148ov\u00ed poplatn\u00edci bud\u00fa plati\u0165 za dom\u010deky vybran\u00fdch na\u0161ich \u013eud\u00ed zo svojich dan\u00ed, preto\u017ee E\u00far\u00f3pska \u00fania s vysokou pravdepodobnos\u0165ou bude p\u00fdta\u0165 vr\u00e1tenie pe\u0148az\u00ed od Slovenska.<\/p>\n\n\n<div class=\"fb-video\" data-href=\"https:\/\/fb.watch\/AbI-eKNIYq\" data-allowfullscreen=\"true\" data-autoplay=\"false\" data-width=\"\" data-show-text=\"false\" data-show-captions=\"true\"><\/div>\n","protected":false},"excerpt":{"rendered":"<p>Odhalenia strany Demokrati a Pir\u00e1tskej strany v pr\u00edpade viacer\u00fdch \u017eiadost\u00ed o nen\u00e1vratn\u00e9 finan\u010dn\u00e9 pr\u00edspevky (NFP) z P\u00f4dohospod\u00e1rskej platobnej agent\u00fary (PPA) poukazuj\u00fa na v\u00e1\u017ene podozrenia z \u00fa\u010delov\u00e9ho zakladania spolo\u010dnost\u00ed, konfliktu z\u00e1ujmov a koordinovan\u00e9ho \u010derpania eurofondov prostredn\u00edctvom prepojen\u00fdch os\u00f4b, ktor\u00e9 z\u00e1rove\u0148 figuruj\u00fa v zn\u00e1mom korup\u010dnom pr\u00edpade Dobytk\u00e1r. V\u0161etko sa to sp\u00e1ja u D. Onderi\u0161inovej, ktor\u00e1 e\u0161te st\u00e1le [&hellip;]<\/p>\n","protected":false},"author":13,"featured_media":7543,"comment_status":"closed","ping_status":"closed","sticky":false,"template":"","format":"standard","meta":{"_acf_changed":false,"ngg_post_thumbnail":0,"footnotes":""},"categories":[4],"tags":[],"class_list":["post-7542","post","type-post","status-publish","format-standard","has-post-thumbnail","hentry","category-tlacove-spravy"],"acf":[],"yoast_head":"<!-- This site is optimized with the Yoast SEO plugin v27.2 - https:\/\/yoast.com\/product\/yoast-seo-wordpress\/ -->\n<title>Podozrenia z organizovan\u00e9ho podvodu pri \u010derpan\u00ed eurofondov v mili\u00f3nov\u00fdch sum\u00e1ch a chobotnica na PPA<\/title>\n<meta name=\"robots\" content=\"index, follow, max-snippet:-1, max-image-preview:large, max-video-preview:-1\" \/>\n<link rel=\"canonical\" href=\"https:\/\/www.smedemokrati.sk\/cs\/podozrenia-z-organizovaneho-podvodu-pri-cerpani-eurofondov-v-milionovych-sumach-a-chobotnica-na-ppa\/\" \/>\n<meta property=\"og:locale\" content=\"cs_CZ\" \/>\n<meta property=\"og:locale:alternate\" content=\"en_US\" \/>\n<meta property=\"og:locale:alternate\" content=\"hu_HU\" \/>\n<meta property=\"og:locale:alternate\" content=\"sk_SK\" \/>\n<meta property=\"og:locale:alternate\" content=\"sv_SE\" \/>\n<meta property=\"og:type\" content=\"article\" \/>\n<meta property=\"og:title\" content=\"Podozrenia z organizovan\u00e9ho podvodu pri \u010derpan\u00ed eurofondov v mili\u00f3nov\u00fdch sum\u00e1ch a chobotnica na PPA\" \/>\n<meta property=\"og:description\" content=\"Odhalenia strany Demokrati a Pir\u00e1tskej strany v pr\u00edpade viacer\u00fdch \u017eiadost\u00ed o nen\u00e1vratn\u00e9 finan\u010dn\u00e9 pr\u00edspevky (NFP) z P\u00f4dohospod\u00e1rskej platobnej agent\u00fary (PPA) poukazuj\u00fa na v\u00e1\u017ene podozrenia z \u00fa\u010delov\u00e9ho zakladania spolo\u010dnost\u00ed, konfliktu z\u00e1ujmov a koordinovan\u00e9ho \u010derpania eurofondov prostredn\u00edctvom prepojen\u00fdch os\u00f4b, ktor\u00e9 z\u00e1rove\u0148 figuruj\u00fa v zn\u00e1mom korup\u010dnom pr\u00edpade Dobytk\u00e1r. V\u0161etko sa to sp\u00e1ja u D. Onderi\u0161inovej, ktor\u00e1 e\u0161te st\u00e1le [&hellip;]\" \/>\n<meta property=\"og:url\" content=\"https:\/\/www.smedemokrati.sk\/cs\/podozrenia-z-organizovaneho-podvodu-pri-cerpani-eurofondov-v-milionovych-sumach-a-chobotnica-na-ppa\/\" \/>\n<meta property=\"og:site_name\" content=\"Smedemokrati.sk\" \/>\n<meta property=\"article:publisher\" content=\"https:\/\/www.facebook.com\/smedemokrati2023\" \/>\n<meta property=\"article:published_time\" content=\"2025-06-13T11:12:58+00:00\" \/>\n<meta property=\"og:image\" content=\"https:\/\/www.smedemokrati.sk\/wp-content\/uploads\/2025\/06\/chobotnica-ppa.jpg\" \/>\n\t<meta property=\"og:image:width\" content=\"867\" \/>\n\t<meta property=\"og:image:height\" content=\"434\" \/>\n\t<meta property=\"og:image:type\" content=\"image\/jpeg\" \/>\n<meta name=\"author\" content=\"miro.sopko\" \/>\n<meta name=\"twitter:card\" content=\"summary_large_image\" \/>\n<meta name=\"twitter:label1\" content=\"Napsal(a)\" \/>\n\t<meta name=\"twitter:data1\" content=\"miro.sopko\" \/>\n\t<meta name=\"twitter:label2\" content=\"Odhadovan\u00e1 doba \u010dten\u00ed\" \/>\n\t<meta name=\"twitter:data2\" content=\"4 minuty\" \/>\n<script type=\"application\/ld+json\" class=\"yoast-schema-graph\">{\"@context\":\"https:\/\/schema.org\",\"@graph\":[{\"@type\":\"Article\",\"@id\":\"https:\/\/www.smedemokrati.sk\/podozrenia-z-organizovaneho-podvodu-pri-cerpani-eurofondov-v-milionovych-sumach-a-chobotnica-na-ppa\/#article\",\"isPartOf\":{\"@id\":\"https:\/\/www.smedemokrati.sk\/podozrenia-z-organizovaneho-podvodu-pri-cerpani-eurofondov-v-milionovych-sumach-a-chobotnica-na-ppa\/\"},\"author\":{\"name\":\"miro.sopko\",\"@id\":\"https:\/\/www.smedemokrati.sk\/#\/schema\/person\/21f147c88d605aa7ded900e1e7c344ba\"},\"headline\":\"Podozrenia z organizovan\u00e9ho podvodu pri \u010derpan\u00ed eurofondov v mili\u00f3nov\u00fdch sum\u00e1ch a chobotnica na PPA\",\"datePublished\":\"2025-06-13T11:12:58+00:00\",\"mainEntityOfPage\":{\"@id\":\"https:\/\/www.smedemokrati.sk\/podozrenia-z-organizovaneho-podvodu-pri-cerpani-eurofondov-v-milionovych-sumach-a-chobotnica-na-ppa\/\"},\"wordCount\":877,\"publisher\":{\"@id\":\"https:\/\/www.smedemokrati.sk\/#organization\"},\"image\":{\"@id\":\"https:\/\/www.smedemokrati.sk\/podozrenia-z-organizovaneho-podvodu-pri-cerpani-eurofondov-v-milionovych-sumach-a-chobotnica-na-ppa\/#primaryimage\"},\"thumbnailUrl\":\"https:\/\/www.smedemokrati.sk\/wp-content\/uploads\/2025\/06\/chobotnica-ppa.jpg\",\"articleSection\":[\"Tla\u010dov\u00e9 spr\u00e1vy\"],\"inLanguage\":\"cs-CZ\"},{\"@type\":\"WebPage\",\"@id\":\"https:\/\/www.smedemokrati.sk\/podozrenia-z-organizovaneho-podvodu-pri-cerpani-eurofondov-v-milionovych-sumach-a-chobotnica-na-ppa\/\",\"url\":\"https:\/\/www.smedemokrati.sk\/podozrenia-z-organizovaneho-podvodu-pri-cerpani-eurofondov-v-milionovych-sumach-a-chobotnica-na-ppa\/\",\"name\":\"Podozrenia z organizovan\u00e9ho podvodu pri \u010derpan\u00ed eurofondov v mili\u00f3nov\u00fdch sum\u00e1ch a chobotnica na PPA\",\"isPartOf\":{\"@id\":\"https:\/\/www.smedemokrati.sk\/#website\"},\"primaryImageOfPage\":{\"@id\":\"https:\/\/www.smedemokrati.sk\/podozrenia-z-organizovaneho-podvodu-pri-cerpani-eurofondov-v-milionovych-sumach-a-chobotnica-na-ppa\/#primaryimage\"},\"image\":{\"@id\":\"https:\/\/www.smedemokrati.sk\/podozrenia-z-organizovaneho-podvodu-pri-cerpani-eurofondov-v-milionovych-sumach-a-chobotnica-na-ppa\/#primaryimage\"},\"thumbnailUrl\":\"https:\/\/www.smedemokrati.sk\/wp-content\/uploads\/2025\/06\/chobotnica-ppa.jpg\",\"datePublished\":\"2025-06-13T11:12:58+00:00\",\"breadcrumb\":{\"@id\":\"https:\/\/www.smedemokrati.sk\/podozrenia-z-organizovaneho-podvodu-pri-cerpani-eurofondov-v-milionovych-sumach-a-chobotnica-na-ppa\/#breadcrumb\"},\"inLanguage\":\"cs-CZ\",\"potentialAction\":[{\"@type\":\"ReadAction\",\"target\":[\"https:\/\/www.smedemokrati.sk\/podozrenia-z-organizovaneho-podvodu-pri-cerpani-eurofondov-v-milionovych-sumach-a-chobotnica-na-ppa\/\"]}]},{\"@type\":\"ImageObject\",\"inLanguage\":\"cs-CZ\",\"@id\":\"https:\/\/www.smedemokrati.sk\/podozrenia-z-organizovaneho-podvodu-pri-cerpani-eurofondov-v-milionovych-sumach-a-chobotnica-na-ppa\/#primaryimage\",\"url\":\"https:\/\/www.smedemokrati.sk\/wp-content\/uploads\/2025\/06\/chobotnica-ppa.jpg\",\"contentUrl\":\"https:\/\/www.smedemokrati.sk\/wp-content\/uploads\/2025\/06\/chobotnica-ppa.jpg\",\"width\":867,\"height\":434},{\"@type\":\"BreadcrumbList\",\"@id\":\"https:\/\/www.smedemokrati.sk\/podozrenia-z-organizovaneho-podvodu-pri-cerpani-eurofondov-v-milionovych-sumach-a-chobotnica-na-ppa\/#breadcrumb\",\"itemListElement\":[{\"@type\":\"ListItem\",\"position\":1,\"name\":\"Domovsk\u00e1 str\u00e1nka\",\"item\":\"https:\/\/www.smedemokrati.sk\/\"},{\"@type\":\"ListItem\",\"position\":2,\"name\":\"Podozrenia z organizovan\u00e9ho podvodu pri \u010derpan\u00ed eurofondov v mili\u00f3nov\u00fdch sum\u00e1ch a chobotnica na PPA\"}]},{\"@type\":\"WebSite\",\"@id\":\"https:\/\/www.smedemokrati.sk\/#website\",\"url\":\"https:\/\/www.smedemokrati.sk\/\",\"name\":\"Smedemokrati.sk\",\"description\":\"Demokracia a slu\u0161nos\u0165 zv\u00ed\u0165az\u00ed\",\"publisher\":{\"@id\":\"https:\/\/www.smedemokrati.sk\/#organization\"},\"potentialAction\":[{\"@type\":\"SearchAction\",\"target\":{\"@type\":\"EntryPoint\",\"urlTemplate\":\"https:\/\/www.smedemokrati.sk\/?s={search_term_string}\"},\"query-input\":{\"@type\":\"PropertyValueSpecification\",\"valueRequired\":true,\"valueName\":\"search_term_string\"}}],\"inLanguage\":\"cs-CZ\"},{\"@type\":\"Organization\",\"@id\":\"https:\/\/www.smedemokrati.sk\/#organization\",\"name\":\"Smedemokrati.sk\",\"url\":\"https:\/\/www.smedemokrati.sk\/\",\"logo\":{\"@type\":\"ImageObject\",\"inLanguage\":\"cs-CZ\",\"@id\":\"https:\/\/www.smedemokrati.sk\/#\/schema\/logo\/image\/\",\"url\":\"https:\/\/www.smedemokrati.sk\/wp-content\/uploads\/2023\/04\/ff.002.jpeg\",\"contentUrl\":\"https:\/\/www.smedemokrati.sk\/wp-content\/uploads\/2023\/04\/ff.002.jpeg\",\"width\":640,\"height\":480,\"caption\":\"Smedemokrati.sk\"},\"image\":{\"@id\":\"https:\/\/www.smedemokrati.sk\/#\/schema\/logo\/image\/\"},\"sameAs\":[\"https:\/\/www.facebook.com\/smedemokrati2023\"]},{\"@type\":\"Person\",\"@id\":\"https:\/\/www.smedemokrati.sk\/#\/schema\/person\/21f147c88d605aa7ded900e1e7c344ba\",\"name\":\"miro.sopko\",\"image\":{\"@type\":\"ImageObject\",\"inLanguage\":\"cs-CZ\",\"@id\":\"https:\/\/secure.gravatar.com\/avatar\/267e4a36f704376c109afe3a78740c1f5dd8675a2180a908699e7863c9247606?s=96&d=mm&r=g\",\"url\":\"https:\/\/secure.gravatar.com\/avatar\/267e4a36f704376c109afe3a78740c1f5dd8675a2180a908699e7863c9247606?s=96&d=mm&r=g\",\"contentUrl\":\"https:\/\/secure.gravatar.com\/avatar\/267e4a36f704376c109afe3a78740c1f5dd8675a2180a908699e7863c9247606?s=96&d=mm&r=g\",\"caption\":\"miro.sopko\"},\"url\":\"https:\/\/www.smedemokrati.sk\/cs\/author\/miro-sopko\/\"}]}<\/script>\n<!-- \/ Yoast SEO plugin. -->","yoast_head_json":{"title":"Podozrenia z organizovan\u00e9ho podvodu pri \u010derpan\u00ed eurofondov v mili\u00f3nov\u00fdch sum\u00e1ch a chobotnica na PPA","robots":{"index":"index","follow":"follow","max-snippet":"max-snippet:-1","max-image-preview":"max-image-preview:large","max-video-preview":"max-video-preview:-1"},"canonical":"https:\/\/www.smedemokrati.sk\/cs\/podozrenia-z-organizovaneho-podvodu-pri-cerpani-eurofondov-v-milionovych-sumach-a-chobotnica-na-ppa\/","og_locale":"cs_CZ","og_type":"article","og_title":"[:sk]Podozrenia z organizovan\u00e9ho podvodu pri \u010derpan\u00ed eurofondov v mili\u00f3nov\u00fdch sum\u00e1ch a chobotnica na PPA[:] - Smedemokrati.sk","og_description":"Odhalenia strany Demokrati a Pir\u00e1tskej strany v pr\u00edpade viacer\u00fdch \u017eiadost\u00ed o nen\u00e1vratn\u00e9 finan\u010dn\u00e9 pr\u00edspevky (NFP) z P\u00f4dohospod\u00e1rskej platobnej agent\u00fary (PPA) poukazuj\u00fa na v\u00e1\u017ene podozrenia z \u00fa\u010delov\u00e9ho zakladania spolo\u010dnost\u00ed, konfliktu z\u00e1ujmov a koordinovan\u00e9ho \u010derpania eurofondov prostredn\u00edctvom prepojen\u00fdch os\u00f4b, ktor\u00e9 z\u00e1rove\u0148 figuruj\u00fa v zn\u00e1mom korup\u010dnom pr\u00edpade Dobytk\u00e1r. V\u0161etko sa to sp\u00e1ja u D. Onderi\u0161inovej, ktor\u00e1 e\u0161te st\u00e1le [&hellip;]","og_url":"https:\/\/www.smedemokrati.sk\/cs\/podozrenia-z-organizovaneho-podvodu-pri-cerpani-eurofondov-v-milionovych-sumach-a-chobotnica-na-ppa\/","og_site_name":"Smedemokrati.sk","article_publisher":"https:\/\/www.facebook.com\/smedemokrati2023","article_published_time":"2025-06-13T11:12:58+00:00","og_image":[{"width":867,"height":434,"url":"https:\/\/www.smedemokrati.sk\/wp-content\/uploads\/2025\/06\/chobotnica-ppa.jpg","type":"image\/jpeg"}],"author":"miro.sopko","twitter_card":"summary_large_image","twitter_misc":{"Napsal(a)":"miro.sopko","Odhadovan\u00e1 doba \u010dten\u00ed":"4 minuty"},"schema":{"@context":"https:\/\/schema.org","@graph":[{"@type":"Article","@id":"https:\/\/www.smedemokrati.sk\/podozrenia-z-organizovaneho-podvodu-pri-cerpani-eurofondov-v-milionovych-sumach-a-chobotnica-na-ppa\/#article","isPartOf":{"@id":"https:\/\/www.smedemokrati.sk\/podozrenia-z-organizovaneho-podvodu-pri-cerpani-eurofondov-v-milionovych-sumach-a-chobotnica-na-ppa\/"},"author":{"name":"miro.sopko","@id":"https:\/\/www.smedemokrati.sk\/#\/schema\/person\/21f147c88d605aa7ded900e1e7c344ba"},"headline":"Podozrenia z organizovan\u00e9ho podvodu pri \u010derpan\u00ed eurofondov v mili\u00f3nov\u00fdch sum\u00e1ch a chobotnica na PPA","datePublished":"2025-06-13T11:12:58+00:00","mainEntityOfPage":{"@id":"https:\/\/www.smedemokrati.sk\/podozrenia-z-organizovaneho-podvodu-pri-cerpani-eurofondov-v-milionovych-sumach-a-chobotnica-na-ppa\/"},"wordCount":877,"publisher":{"@id":"https:\/\/www.smedemokrati.sk\/#organization"},"image":{"@id":"https:\/\/www.smedemokrati.sk\/podozrenia-z-organizovaneho-podvodu-pri-cerpani-eurofondov-v-milionovych-sumach-a-chobotnica-na-ppa\/#primaryimage"},"thumbnailUrl":"https:\/\/www.smedemokrati.sk\/wp-content\/uploads\/2025\/06\/chobotnica-ppa.jpg","articleSection":["Tla\u010dov\u00e9 spr\u00e1vy"],"inLanguage":"cs-CZ"},{"@type":"WebPage","@id":"https:\/\/www.smedemokrati.sk\/podozrenia-z-organizovaneho-podvodu-pri-cerpani-eurofondov-v-milionovych-sumach-a-chobotnica-na-ppa\/","url":"https:\/\/www.smedemokrati.sk\/podozrenia-z-organizovaneho-podvodu-pri-cerpani-eurofondov-v-milionovych-sumach-a-chobotnica-na-ppa\/","name":"Podozrenia z organizovan\u00e9ho podvodu pri \u010derpan\u00ed eurofondov v mili\u00f3nov\u00fdch sum\u00e1ch a chobotnica na PPA","isPartOf":{"@id":"https:\/\/www.smedemokrati.sk\/#website"},"primaryImageOfPage":{"@id":"https:\/\/www.smedemokrati.sk\/podozrenia-z-organizovaneho-podvodu-pri-cerpani-eurofondov-v-milionovych-sumach-a-chobotnica-na-ppa\/#primaryimage"},"image":{"@id":"https:\/\/www.smedemokrati.sk\/podozrenia-z-organizovaneho-podvodu-pri-cerpani-eurofondov-v-milionovych-sumach-a-chobotnica-na-ppa\/#primaryimage"},"thumbnailUrl":"https:\/\/www.smedemokrati.sk\/wp-content\/uploads\/2025\/06\/chobotnica-ppa.jpg","datePublished":"2025-06-13T11:12:58+00:00","breadcrumb":{"@id":"https:\/\/www.smedemokrati.sk\/podozrenia-z-organizovaneho-podvodu-pri-cerpani-eurofondov-v-milionovych-sumach-a-chobotnica-na-ppa\/#breadcrumb"},"inLanguage":"cs-CZ","potentialAction":[{"@type":"ReadAction","target":["https:\/\/www.smedemokrati.sk\/podozrenia-z-organizovaneho-podvodu-pri-cerpani-eurofondov-v-milionovych-sumach-a-chobotnica-na-ppa\/"]}]},{"@type":"ImageObject","inLanguage":"cs-CZ","@id":"https:\/\/www.smedemokrati.sk\/podozrenia-z-organizovaneho-podvodu-pri-cerpani-eurofondov-v-milionovych-sumach-a-chobotnica-na-ppa\/#primaryimage","url":"https:\/\/www.smedemokrati.sk\/wp-content\/uploads\/2025\/06\/chobotnica-ppa.jpg","contentUrl":"https:\/\/www.smedemokrati.sk\/wp-content\/uploads\/2025\/06\/chobotnica-ppa.jpg","width":867,"height":434},{"@type":"BreadcrumbList","@id":"https:\/\/www.smedemokrati.sk\/podozrenia-z-organizovaneho-podvodu-pri-cerpani-eurofondov-v-milionovych-sumach-a-chobotnica-na-ppa\/#breadcrumb","itemListElement":[{"@type":"ListItem","position":1,"name":"Domovsk\u00e1 str\u00e1nka","item":"https:\/\/www.smedemokrati.sk\/"},{"@type":"ListItem","position":2,"name":"Podozrenia z organizovan\u00e9ho podvodu pri \u010derpan\u00ed eurofondov v mili\u00f3nov\u00fdch sum\u00e1ch a chobotnica na PPA"}]},{"@type":"WebSite","@id":"https:\/\/www.smedemokrati.sk\/#website","url":"https:\/\/www.smedemokrati.sk\/","name":"Smedemokrati.sk","description":"Demokracia a slu\u0161nos\u0165 zv\u00ed\u0165az\u00ed","publisher":{"@id":"https:\/\/www.smedemokrati.sk\/#organization"},"potentialAction":[{"@type":"SearchAction","target":{"@type":"EntryPoint","urlTemplate":"https:\/\/www.smedemokrati.sk\/?s={search_term_string}"},"query-input":{"@type":"PropertyValueSpecification","valueRequired":true,"valueName":"search_term_string"}}],"inLanguage":"cs-CZ"},{"@type":"Organization","@id":"https:\/\/www.smedemokrati.sk\/#organization","name":"Smedemokrati.sk","url":"https:\/\/www.smedemokrati.sk\/","logo":{"@type":"ImageObject","inLanguage":"cs-CZ","@id":"https:\/\/www.smedemokrati.sk\/#\/schema\/logo\/image\/","url":"https:\/\/www.smedemokrati.sk\/wp-content\/uploads\/2023\/04\/ff.002.jpeg","contentUrl":"https:\/\/www.smedemokrati.sk\/wp-content\/uploads\/2023\/04\/ff.002.jpeg","width":640,"height":480,"caption":"Smedemokrati.sk"},"image":{"@id":"https:\/\/www.smedemokrati.sk\/#\/schema\/logo\/image\/"},"sameAs":["https:\/\/www.facebook.com\/smedemokrati2023"]},{"@type":"Person","@id":"https:\/\/www.smedemokrati.sk\/#\/schema\/person\/21f147c88d605aa7ded900e1e7c344ba","name":"miro.sopko","image":{"@type":"ImageObject","inLanguage":"cs-CZ","@id":"https:\/\/secure.gravatar.com\/avatar\/267e4a36f704376c109afe3a78740c1f5dd8675a2180a908699e7863c9247606?s=96&d=mm&r=g","url":"https:\/\/secure.gravatar.com\/avatar\/267e4a36f704376c109afe3a78740c1f5dd8675a2180a908699e7863c9247606?s=96&d=mm&r=g","contentUrl":"https:\/\/secure.gravatar.com\/avatar\/267e4a36f704376c109afe3a78740c1f5dd8675a2180a908699e7863c9247606?s=96&d=mm&r=g","caption":"miro.sopko"},"url":"https:\/\/www.smedemokrati.sk\/cs\/author\/miro-sopko\/"}]}},"_links":{"self":[{"href":"https:\/\/www.smedemokrati.sk\/cs\/wp-json\/wp\/v2\/posts\/7542","targetHints":{"allow":["GET"]}}],"collection":[{"href":"https:\/\/www.smedemokrati.sk\/cs\/wp-json\/wp\/v2\/posts"}],"about":[{"href":"https:\/\/www.smedemokrati.sk\/cs\/wp-json\/wp\/v2\/types\/post"}],"author":[{"embeddable":true,"href":"https:\/\/www.smedemokrati.sk\/cs\/wp-json\/wp\/v2\/users\/13"}],"replies":[{"embeddable":true,"href":"https:\/\/www.smedemokrati.sk\/cs\/wp-json\/wp\/v2\/comments?post=7542"}],"version-history":[{"count":1,"href":"https:\/\/www.smedemokrati.sk\/cs\/wp-json\/wp\/v2\/posts\/7542\/revisions"}],"predecessor-version":[{"id":7544,"href":"https:\/\/www.smedemokrati.sk\/cs\/wp-json\/wp\/v2\/posts\/7542\/revisions\/7544"}],"wp:featuredmedia":[{"embeddable":true,"href":"https:\/\/www.smedemokrati.sk\/cs\/wp-json\/wp\/v2\/media\/7543"}],"wp:attachment":[{"href":"https:\/\/www.smedemokrati.sk\/cs\/wp-json\/wp\/v2\/media?parent=7542"}],"wp:term":[{"taxonomy":"category","embeddable":true,"href":"https:\/\/www.smedemokrati.sk\/cs\/wp-json\/wp\/v2\/categories?post=7542"},{"taxonomy":"post_tag","embeddable":true,"href":"https:\/\/www.smedemokrati.sk\/cs\/wp-json\/wp\/v2\/tags?post=7542"}],"curies":[{"name":"wp","href":"https:\/\/api.w.org\/{rel}","templated":true}]}}