{"id":7533,"date":"2025-06-12T13:26:30","date_gmt":"2025-06-12T12:26:30","guid":{"rendered":"https:\/\/www.smedemokrati.sk\/?p=7533"},"modified":"2025-06-12T13:26:30","modified_gmt":"2025-06-12T12:26:30","slug":"taraba-pri-memorande-k-pve-malinec-oklamal-obcanov","status":"publish","type":"post","link":"https:\/\/www.smedemokrati.sk\/cs\/taraba-pri-memorande-k-pve-malinec-oklamal-obcanov\/","title":{"rendered":"Taraba pri memorande k PVE M\u00e1linec oklamal ob\u010danov"},"content":{"rendered":"<div id=\"fb-root\"><\/div>\n\n<p><strong>Memorandum medzi \u0161t\u00e1tom a dotknut\u00fdmi samospr\u00e1vami, ktor\u00e9 dnes schv\u00e1lila vl\u00e1da, pova\u017eujeme za mimoriadne nev\u00fdhodn\u00e9 pre dotknut\u00e9 obce. Starostovia spravili ve\u013ek\u00fa chybu a podcenili \u013estivos\u0165 Tom\u00e1\u0161a Tarabu. K\u00fdm obce s\u00fahlasili prakticky so v\u0161etk\u00fdmi po\u017eiadavkami Vodohospod\u00e1rskej v\u00fdstavby, na opl\u00e1tku dostali len nekonkr\u00e9tne s\u013euby. Memorandum nezabr\u00e1ni v\u00fdstavbe hlbinn\u00e9ho \u00falo\u017eiska, z\u00e1v\u00e4zok nepretr\u017eit\u00e9ho z\u00e1sobovania pitnou vodou bol vyvr\u00e1ten\u00fd samotnou Vodohospod\u00e1rskou v\u00fdstavbou a solid\u00e1rny fond vo v\u00fd\u0161ke 2,5 mil. eur bude m\u00f4c\u0165 by\u0165 \u010derpan\u00fd a\u017e po za\u010dat\u00ed prev\u00e1dzky PVE M\u00e1linec.<\/strong><\/p>\n\n\n\n<p><em>\u201eMemorandum nijako z\u00e1v\u00e4zne nebr\u00e1ni s\u00fa\u010dasnej realiz\u00e1cii hlbinn\u00e9ho \u00falo\u017eiska jadrov\u00e9ho odpadu. Nerealizova\u0165 hlbinn\u00e9 \u00falo\u017eisko sa toti\u017e zaviazalo iba Ministerstvo \u017eivotn\u00e9ho prostredia (M\u017dP), nie vl\u00e1da ako celok. M\u017dP navy\u0161e hlbinn\u00e9 \u00falo\u017eisko nikdy nemalo realizova\u0165, to je v gescii Ministerstva hospod\u00e1rstva a jeho org\u00e1nov. V pr\u00edpade, \u017ee by napr\u00edklad vl\u00e1da v bud\u00facnosti schv\u00e1lila hlbinn\u00e9 \u00falo\u017eisko ako strategick\u00fa invest\u00edciu, memorandum tomu nezabr\u00e1ni,\u201c<\/em>&nbsp;uv\u00e1dza enviroexpert Demokratov Michal Ki\u010da.<\/p>\n\n\n\n<p>Z\u00e1v\u00e4zok nepretr\u017eite zabezpe\u010di\u0165 z\u00e1sobovanie obyvate\u013estva pitnou vodou z M\u00e1linca je vyvr\u00e1ten\u00fd samotnou Vodohospod\u00e1rskou v\u00fdstavbou, ke\u010f\u017ee t\u00e1 uviedla, \u017ee po\u010das v\u00fdstavby PVE bude musie\u0165 by\u0165 vod\u00e1rensk\u00e1 n\u00e1dr\u017e vypusten\u00e1, \u010do sa s nepretr\u017eit\u00fdm z\u00e1sobovan\u00edm vodou vylu\u010duje. Za nev\u00fdhodn\u00e9 pova\u017eujeme aj to, \u017ee k\u00fdm obce sa zaviazali podporova\u0165 v\u00fdstavbu PVE, a to aj pri povo\u013eovac\u00edch konaniach a zmen\u00e1ch \u00fazemn\u00e9ho pl\u00e1nu, \u0161t\u00e1t sa len nekonkr\u00e9tne zaviazal na mo\u017en\u00fa podporu budovania vodovodov, kanaliz\u00e1ci\u00ed a inej infra\u0161trukt\u00fary pre obce.<\/p>\n\n\n\n<p><em>\u201eSolid\u00e1rny fond vo v\u00fd\u0161ke 2,5 mil. eur sa bude \u010derpa\u0165 a\u017e po uveden\u00ed PVE M\u00e1linec do prev\u00e1dzky, \u010do m\u00f4\u017ee by\u0165 pokojne a\u017e o 10 rokov. Po\u010das v\u00fdstavby PVE teda obce nebud\u00fa nijako kompenzovan\u00e9, pri\u010dom pr\u00e1ve po\u010das v\u00fdstavby bud\u00fa dopady na obce najz\u00e1va\u017enej\u0161ie. Minister Taraba op\u00e4\u0165 raz podviedol obyvate\u013eov v regi\u00f3noch, ke\u010f\u017ee memorandum nijako negarantuje rozvoj regi\u00f3nov ako kompenz\u00e1ciu dopadov v\u00fdstavby,\u201c<\/em>&nbsp;uzavrel Michal Ki\u010da.<\/p>\n\n\n\n<figure class=\"wp-block-video\"><video height=\"1080\" style=\"aspect-ratio: 1920 \/ 1080;\" width=\"1920\" controls src=\"https:\/\/www.smedemokrati.sk\/wp-content\/uploads\/2025\/06\/Captions-B134fb.mp4\"><\/video><\/figure>\n","protected":false},"excerpt":{"rendered":"<p>Memorandum medzi \u0161t\u00e1tom a dotknut\u00fdmi samospr\u00e1vami, ktor\u00e9 dnes schv\u00e1lila vl\u00e1da, pova\u017eujeme za mimoriadne nev\u00fdhodn\u00e9 pre dotknut\u00e9 obce. Starostovia spravili ve\u013ek\u00fa chybu a podcenili \u013estivos\u0165 Tom\u00e1\u0161a Tarabu. K\u00fdm obce s\u00fahlasili prakticky so v\u0161etk\u00fdmi po\u017eiadavkami Vodohospod\u00e1rskej v\u00fdstavby, na opl\u00e1tku dostali len nekonkr\u00e9tne s\u013euby. Memorandum nezabr\u00e1ni v\u00fdstavbe hlbinn\u00e9ho \u00falo\u017eiska, z\u00e1v\u00e4zok nepretr\u017eit\u00e9ho z\u00e1sobovania pitnou vodou bol vyvr\u00e1ten\u00fd samotnou Vodohospod\u00e1rskou [&hellip;]<\/p>\n","protected":false},"author":13,"featured_media":2931,"comment_status":"closed","ping_status":"closed","sticky":false,"template":"","format":"standard","meta":{"_acf_changed":false,"ngg_post_thumbnail":0,"footnotes":""},"categories":[4],"tags":[],"class_list":["post-7533","post","type-post","status-publish","format-standard","has-post-thumbnail","hentry","category-tlacove-spravy"],"acf":[],"yoast_head":"<!-- This site is optimized with the Yoast SEO plugin v27.2 - https:\/\/yoast.com\/product\/yoast-seo-wordpress\/ -->\n<title>Taraba pri memorande k PVE M\u00e1linec oklamal ob\u010danov<\/title>\n<meta name=\"robots\" content=\"index, follow, max-snippet:-1, max-image-preview:large, max-video-preview:-1\" \/>\n<link rel=\"canonical\" href=\"https:\/\/www.smedemokrati.sk\/cs\/taraba-pri-memorande-k-pve-malinec-oklamal-obcanov\/\" \/>\n<meta property=\"og:locale\" content=\"cs_CZ\" \/>\n<meta property=\"og:locale:alternate\" content=\"en_US\" \/>\n<meta property=\"og:locale:alternate\" content=\"hu_HU\" \/>\n<meta property=\"og:locale:alternate\" content=\"sk_SK\" \/>\n<meta property=\"og:locale:alternate\" content=\"sv_SE\" \/>\n<meta property=\"og:type\" content=\"article\" \/>\n<meta property=\"og:title\" content=\"Taraba pri memorande k PVE M\u00e1linec oklamal ob\u010danov\" \/>\n<meta property=\"og:description\" content=\"Memorandum medzi \u0161t\u00e1tom a dotknut\u00fdmi samospr\u00e1vami, ktor\u00e9 dnes schv\u00e1lila vl\u00e1da, pova\u017eujeme za mimoriadne nev\u00fdhodn\u00e9 pre dotknut\u00e9 obce. Starostovia spravili ve\u013ek\u00fa chybu a podcenili \u013estivos\u0165 Tom\u00e1\u0161a Tarabu. K\u00fdm obce s\u00fahlasili prakticky so v\u0161etk\u00fdmi po\u017eiadavkami Vodohospod\u00e1rskej v\u00fdstavby, na opl\u00e1tku dostali len nekonkr\u00e9tne s\u013euby. Memorandum nezabr\u00e1ni v\u00fdstavbe hlbinn\u00e9ho \u00falo\u017eiska, z\u00e1v\u00e4zok nepretr\u017eit\u00e9ho z\u00e1sobovania pitnou vodou bol vyvr\u00e1ten\u00fd samotnou Vodohospod\u00e1rskou [&hellip;]\" \/>\n<meta property=\"og:url\" content=\"https:\/\/www.smedemokrati.sk\/cs\/taraba-pri-memorande-k-pve-malinec-oklamal-obcanov\/\" \/>\n<meta property=\"og:site_name\" content=\"Smedemokrati.sk\" \/>\n<meta property=\"article:publisher\" content=\"https:\/\/www.facebook.com\/smedemokrati2023\" \/>\n<meta property=\"article:published_time\" content=\"2025-06-12T12:26:30+00:00\" \/>\n<meta property=\"og:image\" content=\"https:\/\/www.smedemokrati.sk\/wp-content\/uploads\/2024\/03\/robert-fico-tomas-taraba-clanokW-1.jpg\" \/>\n\t<meta property=\"og:image:width\" content=\"800\" \/>\n\t<meta property=\"og:image:height\" content=\"448\" \/>\n\t<meta property=\"og:image:type\" content=\"image\/jpeg\" \/>\n<meta name=\"author\" content=\"miro.sopko\" \/>\n<meta name=\"twitter:card\" content=\"summary_large_image\" \/>\n<meta name=\"twitter:label1\" content=\"Napsal(a)\" \/>\n\t<meta name=\"twitter:data1\" content=\"miro.sopko\" \/>\n\t<meta name=\"twitter:label2\" content=\"Odhadovan\u00e1 doba \u010dten\u00ed\" \/>\n\t<meta name=\"twitter:data2\" content=\"2 minuty\" \/>\n<script type=\"application\/ld+json\" class=\"yoast-schema-graph\">{\"@context\":\"https:\/\/schema.org\",\"@graph\":[{\"@type\":\"Article\",\"@id\":\"https:\/\/www.smedemokrati.sk\/taraba-pri-memorande-k-pve-malinec-oklamal-obcanov\/#article\",\"isPartOf\":{\"@id\":\"https:\/\/www.smedemokrati.sk\/taraba-pri-memorande-k-pve-malinec-oklamal-obcanov\/\"},\"author\":{\"name\":\"miro.sopko\",\"@id\":\"https:\/\/www.smedemokrati.sk\/#\/schema\/person\/21f147c88d605aa7ded900e1e7c344ba\"},\"headline\":\"Taraba pri memorande k PVE M\u00e1linec oklamal ob\u010danov\",\"datePublished\":\"2025-06-12T12:26:30+00:00\",\"mainEntityOfPage\":{\"@id\":\"https:\/\/www.smedemokrati.sk\/taraba-pri-memorande-k-pve-malinec-oklamal-obcanov\/\"},\"wordCount\":404,\"publisher\":{\"@id\":\"https:\/\/www.smedemokrati.sk\/#organization\"},\"image\":{\"@id\":\"https:\/\/www.smedemokrati.sk\/taraba-pri-memorande-k-pve-malinec-oklamal-obcanov\/#primaryimage\"},\"thumbnailUrl\":\"https:\/\/www.smedemokrati.sk\/wp-content\/uploads\/2024\/03\/robert-fico-tomas-taraba-clanokW-1.jpg\",\"articleSection\":[\"Tla\u010dov\u00e9 spr\u00e1vy\"],\"inLanguage\":\"cs-CZ\"},{\"@type\":\"WebPage\",\"@id\":\"https:\/\/www.smedemokrati.sk\/taraba-pri-memorande-k-pve-malinec-oklamal-obcanov\/\",\"url\":\"https:\/\/www.smedemokrati.sk\/taraba-pri-memorande-k-pve-malinec-oklamal-obcanov\/\",\"name\":\"Taraba pri memorande k PVE M\u00e1linec oklamal ob\u010danov\",\"isPartOf\":{\"@id\":\"https:\/\/www.smedemokrati.sk\/#website\"},\"primaryImageOfPage\":{\"@id\":\"https:\/\/www.smedemokrati.sk\/taraba-pri-memorande-k-pve-malinec-oklamal-obcanov\/#primaryimage\"},\"image\":{\"@id\":\"https:\/\/www.smedemokrati.sk\/taraba-pri-memorande-k-pve-malinec-oklamal-obcanov\/#primaryimage\"},\"thumbnailUrl\":\"https:\/\/www.smedemokrati.sk\/wp-content\/uploads\/2024\/03\/robert-fico-tomas-taraba-clanokW-1.jpg\",\"datePublished\":\"2025-06-12T12:26:30+00:00\",\"breadcrumb\":{\"@id\":\"https:\/\/www.smedemokrati.sk\/taraba-pri-memorande-k-pve-malinec-oklamal-obcanov\/#breadcrumb\"},\"inLanguage\":\"cs-CZ\",\"potentialAction\":[{\"@type\":\"ReadAction\",\"target\":[\"https:\/\/www.smedemokrati.sk\/taraba-pri-memorande-k-pve-malinec-oklamal-obcanov\/\"]}]},{\"@type\":\"ImageObject\",\"inLanguage\":\"cs-CZ\",\"@id\":\"https:\/\/www.smedemokrati.sk\/taraba-pri-memorande-k-pve-malinec-oklamal-obcanov\/#primaryimage\",\"url\":\"https:\/\/www.smedemokrati.sk\/wp-content\/uploads\/2024\/03\/robert-fico-tomas-taraba-clanokW-1.jpg\",\"contentUrl\":\"https:\/\/www.smedemokrati.sk\/wp-content\/uploads\/2024\/03\/robert-fico-tomas-taraba-clanokW-1.jpg\",\"width\":800,\"height\":448},{\"@type\":\"BreadcrumbList\",\"@id\":\"https:\/\/www.smedemokrati.sk\/taraba-pri-memorande-k-pve-malinec-oklamal-obcanov\/#breadcrumb\",\"itemListElement\":[{\"@type\":\"ListItem\",\"position\":1,\"name\":\"Domovsk\u00e1 str\u00e1nka\",\"item\":\"https:\/\/www.smedemokrati.sk\/\"},{\"@type\":\"ListItem\",\"position\":2,\"name\":\"Taraba pri memorande k PVE M\u00e1linec oklamal ob\u010danov\"}]},{\"@type\":\"WebSite\",\"@id\":\"https:\/\/www.smedemokrati.sk\/#website\",\"url\":\"https:\/\/www.smedemokrati.sk\/\",\"name\":\"Smedemokrati.sk\",\"description\":\"Demokracia a slu\u0161nos\u0165 zv\u00ed\u0165az\u00ed\",\"publisher\":{\"@id\":\"https:\/\/www.smedemokrati.sk\/#organization\"},\"potentialAction\":[{\"@type\":\"SearchAction\",\"target\":{\"@type\":\"EntryPoint\",\"urlTemplate\":\"https:\/\/www.smedemokrati.sk\/?s={search_term_string}\"},\"query-input\":{\"@type\":\"PropertyValueSpecification\",\"valueRequired\":true,\"valueName\":\"search_term_string\"}}],\"inLanguage\":\"cs-CZ\"},{\"@type\":\"Organization\",\"@id\":\"https:\/\/www.smedemokrati.sk\/#organization\",\"name\":\"Smedemokrati.sk\",\"url\":\"https:\/\/www.smedemokrati.sk\/\",\"logo\":{\"@type\":\"ImageObject\",\"inLanguage\":\"cs-CZ\",\"@id\":\"https:\/\/www.smedemokrati.sk\/#\/schema\/logo\/image\/\",\"url\":\"https:\/\/www.smedemokrati.sk\/wp-content\/uploads\/2023\/04\/ff.002.jpeg\",\"contentUrl\":\"https:\/\/www.smedemokrati.sk\/wp-content\/uploads\/2023\/04\/ff.002.jpeg\",\"width\":640,\"height\":480,\"caption\":\"Smedemokrati.sk\"},\"image\":{\"@id\":\"https:\/\/www.smedemokrati.sk\/#\/schema\/logo\/image\/\"},\"sameAs\":[\"https:\/\/www.facebook.com\/smedemokrati2023\"]},{\"@type\":\"Person\",\"@id\":\"https:\/\/www.smedemokrati.sk\/#\/schema\/person\/21f147c88d605aa7ded900e1e7c344ba\",\"name\":\"miro.sopko\",\"image\":{\"@type\":\"ImageObject\",\"inLanguage\":\"cs-CZ\",\"@id\":\"https:\/\/secure.gravatar.com\/avatar\/267e4a36f704376c109afe3a78740c1f5dd8675a2180a908699e7863c9247606?s=96&d=mm&r=g\",\"url\":\"https:\/\/secure.gravatar.com\/avatar\/267e4a36f704376c109afe3a78740c1f5dd8675a2180a908699e7863c9247606?s=96&d=mm&r=g\",\"contentUrl\":\"https:\/\/secure.gravatar.com\/avatar\/267e4a36f704376c109afe3a78740c1f5dd8675a2180a908699e7863c9247606?s=96&d=mm&r=g\",\"caption\":\"miro.sopko\"},\"url\":\"https:\/\/www.smedemokrati.sk\/cs\/author\/miro-sopko\/\"}]}<\/script>\n<!-- \/ Yoast SEO plugin. -->","yoast_head_json":{"title":"Taraba pri memorande k PVE M\u00e1linec oklamal ob\u010danov","robots":{"index":"index","follow":"follow","max-snippet":"max-snippet:-1","max-image-preview":"max-image-preview:large","max-video-preview":"max-video-preview:-1"},"canonical":"https:\/\/www.smedemokrati.sk\/cs\/taraba-pri-memorande-k-pve-malinec-oklamal-obcanov\/","og_locale":"cs_CZ","og_type":"article","og_title":"[:sk]Taraba pri memorande k PVE M\u00e1linec oklamal ob\u010danov[:] - Smedemokrati.sk","og_description":"Memorandum medzi \u0161t\u00e1tom a dotknut\u00fdmi samospr\u00e1vami, ktor\u00e9 dnes schv\u00e1lila vl\u00e1da, pova\u017eujeme za mimoriadne nev\u00fdhodn\u00e9 pre dotknut\u00e9 obce. Starostovia spravili ve\u013ek\u00fa chybu a podcenili \u013estivos\u0165 Tom\u00e1\u0161a Tarabu. K\u00fdm obce s\u00fahlasili prakticky so v\u0161etk\u00fdmi po\u017eiadavkami Vodohospod\u00e1rskej v\u00fdstavby, na opl\u00e1tku dostali len nekonkr\u00e9tne s\u013euby. Memorandum nezabr\u00e1ni v\u00fdstavbe hlbinn\u00e9ho \u00falo\u017eiska, z\u00e1v\u00e4zok nepretr\u017eit\u00e9ho z\u00e1sobovania pitnou vodou bol vyvr\u00e1ten\u00fd samotnou Vodohospod\u00e1rskou [&hellip;]","og_url":"https:\/\/www.smedemokrati.sk\/cs\/taraba-pri-memorande-k-pve-malinec-oklamal-obcanov\/","og_site_name":"Smedemokrati.sk","article_publisher":"https:\/\/www.facebook.com\/smedemokrati2023","article_published_time":"2025-06-12T12:26:30+00:00","og_image":[{"width":800,"height":448,"url":"https:\/\/www.smedemokrati.sk\/wp-content\/uploads\/2024\/03\/robert-fico-tomas-taraba-clanokW-1.jpg","type":"image\/jpeg"}],"author":"miro.sopko","twitter_card":"summary_large_image","twitter_misc":{"Napsal(a)":"miro.sopko","Odhadovan\u00e1 doba \u010dten\u00ed":"2 minuty"},"schema":{"@context":"https:\/\/schema.org","@graph":[{"@type":"Article","@id":"https:\/\/www.smedemokrati.sk\/taraba-pri-memorande-k-pve-malinec-oklamal-obcanov\/#article","isPartOf":{"@id":"https:\/\/www.smedemokrati.sk\/taraba-pri-memorande-k-pve-malinec-oklamal-obcanov\/"},"author":{"name":"miro.sopko","@id":"https:\/\/www.smedemokrati.sk\/#\/schema\/person\/21f147c88d605aa7ded900e1e7c344ba"},"headline":"Taraba pri memorande k PVE M\u00e1linec oklamal ob\u010danov","datePublished":"2025-06-12T12:26:30+00:00","mainEntityOfPage":{"@id":"https:\/\/www.smedemokrati.sk\/taraba-pri-memorande-k-pve-malinec-oklamal-obcanov\/"},"wordCount":404,"publisher":{"@id":"https:\/\/www.smedemokrati.sk\/#organization"},"image":{"@id":"https:\/\/www.smedemokrati.sk\/taraba-pri-memorande-k-pve-malinec-oklamal-obcanov\/#primaryimage"},"thumbnailUrl":"https:\/\/www.smedemokrati.sk\/wp-content\/uploads\/2024\/03\/robert-fico-tomas-taraba-clanokW-1.jpg","articleSection":["Tla\u010dov\u00e9 spr\u00e1vy"],"inLanguage":"cs-CZ"},{"@type":"WebPage","@id":"https:\/\/www.smedemokrati.sk\/taraba-pri-memorande-k-pve-malinec-oklamal-obcanov\/","url":"https:\/\/www.smedemokrati.sk\/taraba-pri-memorande-k-pve-malinec-oklamal-obcanov\/","name":"Taraba pri memorande k PVE M\u00e1linec oklamal ob\u010danov","isPartOf":{"@id":"https:\/\/www.smedemokrati.sk\/#website"},"primaryImageOfPage":{"@id":"https:\/\/www.smedemokrati.sk\/taraba-pri-memorande-k-pve-malinec-oklamal-obcanov\/#primaryimage"},"image":{"@id":"https:\/\/www.smedemokrati.sk\/taraba-pri-memorande-k-pve-malinec-oklamal-obcanov\/#primaryimage"},"thumbnailUrl":"https:\/\/www.smedemokrati.sk\/wp-content\/uploads\/2024\/03\/robert-fico-tomas-taraba-clanokW-1.jpg","datePublished":"2025-06-12T12:26:30+00:00","breadcrumb":{"@id":"https:\/\/www.smedemokrati.sk\/taraba-pri-memorande-k-pve-malinec-oklamal-obcanov\/#breadcrumb"},"inLanguage":"cs-CZ","potentialAction":[{"@type":"ReadAction","target":["https:\/\/www.smedemokrati.sk\/taraba-pri-memorande-k-pve-malinec-oklamal-obcanov\/"]}]},{"@type":"ImageObject","inLanguage":"cs-CZ","@id":"https:\/\/www.smedemokrati.sk\/taraba-pri-memorande-k-pve-malinec-oklamal-obcanov\/#primaryimage","url":"https:\/\/www.smedemokrati.sk\/wp-content\/uploads\/2024\/03\/robert-fico-tomas-taraba-clanokW-1.jpg","contentUrl":"https:\/\/www.smedemokrati.sk\/wp-content\/uploads\/2024\/03\/robert-fico-tomas-taraba-clanokW-1.jpg","width":800,"height":448},{"@type":"BreadcrumbList","@id":"https:\/\/www.smedemokrati.sk\/taraba-pri-memorande-k-pve-malinec-oklamal-obcanov\/#breadcrumb","itemListElement":[{"@type":"ListItem","position":1,"name":"Domovsk\u00e1 str\u00e1nka","item":"https:\/\/www.smedemokrati.sk\/"},{"@type":"ListItem","position":2,"name":"Taraba pri memorande k PVE M\u00e1linec oklamal ob\u010danov"}]},{"@type":"WebSite","@id":"https:\/\/www.smedemokrati.sk\/#website","url":"https:\/\/www.smedemokrati.sk\/","name":"Smedemokrati.sk","description":"Demokracia a slu\u0161nos\u0165 zv\u00ed\u0165az\u00ed","publisher":{"@id":"https:\/\/www.smedemokrati.sk\/#organization"},"potentialAction":[{"@type":"SearchAction","target":{"@type":"EntryPoint","urlTemplate":"https:\/\/www.smedemokrati.sk\/?s={search_term_string}"},"query-input":{"@type":"PropertyValueSpecification","valueRequired":true,"valueName":"search_term_string"}}],"inLanguage":"cs-CZ"},{"@type":"Organization","@id":"https:\/\/www.smedemokrati.sk\/#organization","name":"Smedemokrati.sk","url":"https:\/\/www.smedemokrati.sk\/","logo":{"@type":"ImageObject","inLanguage":"cs-CZ","@id":"https:\/\/www.smedemokrati.sk\/#\/schema\/logo\/image\/","url":"https:\/\/www.smedemokrati.sk\/wp-content\/uploads\/2023\/04\/ff.002.jpeg","contentUrl":"https:\/\/www.smedemokrati.sk\/wp-content\/uploads\/2023\/04\/ff.002.jpeg","width":640,"height":480,"caption":"Smedemokrati.sk"},"image":{"@id":"https:\/\/www.smedemokrati.sk\/#\/schema\/logo\/image\/"},"sameAs":["https:\/\/www.facebook.com\/smedemokrati2023"]},{"@type":"Person","@id":"https:\/\/www.smedemokrati.sk\/#\/schema\/person\/21f147c88d605aa7ded900e1e7c344ba","name":"miro.sopko","image":{"@type":"ImageObject","inLanguage":"cs-CZ","@id":"https:\/\/secure.gravatar.com\/avatar\/267e4a36f704376c109afe3a78740c1f5dd8675a2180a908699e7863c9247606?s=96&d=mm&r=g","url":"https:\/\/secure.gravatar.com\/avatar\/267e4a36f704376c109afe3a78740c1f5dd8675a2180a908699e7863c9247606?s=96&d=mm&r=g","contentUrl":"https:\/\/secure.gravatar.com\/avatar\/267e4a36f704376c109afe3a78740c1f5dd8675a2180a908699e7863c9247606?s=96&d=mm&r=g","caption":"miro.sopko"},"url":"https:\/\/www.smedemokrati.sk\/cs\/author\/miro-sopko\/"}]}},"_links":{"self":[{"href":"https:\/\/www.smedemokrati.sk\/cs\/wp-json\/wp\/v2\/posts\/7533","targetHints":{"allow":["GET"]}}],"collection":[{"href":"https:\/\/www.smedemokrati.sk\/cs\/wp-json\/wp\/v2\/posts"}],"about":[{"href":"https:\/\/www.smedemokrati.sk\/cs\/wp-json\/wp\/v2\/types\/post"}],"author":[{"embeddable":true,"href":"https:\/\/www.smedemokrati.sk\/cs\/wp-json\/wp\/v2\/users\/13"}],"replies":[{"embeddable":true,"href":"https:\/\/www.smedemokrati.sk\/cs\/wp-json\/wp\/v2\/comments?post=7533"}],"version-history":[{"count":1,"href":"https:\/\/www.smedemokrati.sk\/cs\/wp-json\/wp\/v2\/posts\/7533\/revisions"}],"predecessor-version":[{"id":7535,"href":"https:\/\/www.smedemokrati.sk\/cs\/wp-json\/wp\/v2\/posts\/7533\/revisions\/7535"}],"wp:featuredmedia":[{"embeddable":true,"href":"https:\/\/www.smedemokrati.sk\/cs\/wp-json\/wp\/v2\/media\/2931"}],"wp:attachment":[{"href":"https:\/\/www.smedemokrati.sk\/cs\/wp-json\/wp\/v2\/media?parent=7533"}],"wp:term":[{"taxonomy":"category","embeddable":true,"href":"https:\/\/www.smedemokrati.sk\/cs\/wp-json\/wp\/v2\/categories?post=7533"},{"taxonomy":"post_tag","embeddable":true,"href":"https:\/\/www.smedemokrati.sk\/cs\/wp-json\/wp\/v2\/tags?post=7533"}],"curies":[{"name":"wp","href":"https:\/\/api.w.org\/{rel}","templated":true}]}}