{"id":7524,"date":"2025-06-11T18:35:58","date_gmt":"2025-06-11T17:35:58","guid":{"rendered":"https:\/\/www.smedemokrati.sk\/?p=7524"},"modified":"2025-06-11T19:16:15","modified_gmt":"2025-06-11T18:16:15","slug":"pcb-na-vychode-oneskorene-a-polovicate-riesenie","status":"publish","type":"post","link":"https:\/\/www.smedemokrati.sk\/cs\/pcb-na-vychode-oneskorene-a-polovicate-riesenie\/","title":{"rendered":"PCB na v\u00fdchode: oneskoren\u00e9 a polovi\u010dat\u00e9 rie\u0161enie"},"content":{"rendered":"<div id=\"fb-root\"><\/div>\n\n<p><strong>Trvalo takmer tri\u0161tvrte roka od na\u0161ej v\u00fdzvy priamo v Str\u00e1\u017eskom, k\u00fdm sa ministri Taraba a \u0160utaj E\u0161tok rozh\u00fdbali. Dne\u0161ok v\u0161ak nepredstavuje \u017eiaden ve\u013ek\u00fd m\u00ed\u013enik ani skuto\u010dn\u00e9 vyrie\u0161enie situ\u00e1cie v tzv. trojuholn\u00edku smrti. Vl\u00e1da st\u00e1le nerob\u00ed ni\u010d s obrovsk\u00fdm probl\u00e9mom odkaliska Po\u0161a a \u010fal\u0161ie rie\u0161enie 1500 ton kontaminovan\u00fdch l\u00e1tok je st\u00e1le v nedoh\u013eadne. Oboch ministrov vyz\u00fdvame, aby ur\u00fdchlene konali.<\/strong><\/p>\n\n\n\n<p>Minister Taraba by sa namiesto propagovania spa\u013eovn\u00ed mal bezodkladne pusti\u0165 do rie\u0161enia \u010fal\u0161\u00edch pribli\u017ene 1500 ton odpadu z ostatn\u00fdch lokal\u00edt v priemyselnom are\u00e1li. Peniaze na to m\u00e1 vy\u010dlenen\u00e9.&nbsp;<em>\u201eProces verejn\u00e9ho obstar\u00e1vania zatia\u013e vyhl\u00e1sen\u00fd nebol. V\u00fdchodniarov rovnako tr\u00e1pi odkalisko Po\u0161a, ktor\u00e9 \u0161t\u00e1t po\u010das Tarabovho p\u00f4sobenia previedol na firmu bez majetku. O odkalisku Po\u0161a dnes Taraba nepovedal v\u00f4bec ni\u010d. Rovnako sme sa nedozvedeli \u017eiadne konkr\u00e9tne kroky vl\u00e1dy v oblasti dekontamin\u00e1cie p\u00f4dy, na \u010do vyz\u00fdvame ministra Tarabu spolu s jeho kolegom, ministrom p\u00f4dohospod\u00e1rstva Tak\u00e1\u010dom,\u201c<\/em>&nbsp;uviedol Michal Ki\u010da, b\u00fdval\u00fd \u0161t\u00e1tny tajomn\u00edk envirorezortu a expert strany Demokrati.<\/p>\n\n\n\n<p>Doslova \u00faboh\u00e9 s\u00fa \u00fatoky ministra \u0160utaja E\u0161toka na predch\u00e1dzaj\u00facu vl\u00e1du. Po\u010das p\u00f4sobenia Eduarda Hegera \u0161t\u00e1t koncom roka 2021 odstr\u00e1nil 150 ton nebezpe\u010dn\u00fdch l\u00e1tok z o\u0161ip\u00e1rne v zvernici Orlov\u00e1 pri b\u00fdvalom z\u00e1vode. Ministerstvo \u017eivotn\u00e9ho prostredia n\u00e1sledne na jar 2023 spustilo pr\u00edpravn\u00e9 trhov\u00e9 konzult\u00e1cie na v\u00fdstavbu zariadenia na zne\u0161kod\u0148ovanie a dekontamin\u00e1ciu nebezpe\u010dn\u00fdch odpadov \u2014 v\u00fdsledkom, ktor\u00fdch sa dnes Taraba so \u0160utajom E\u0161tokom pochv\u00e1lili, hoci s ro\u010dn\u00fdm oneskoren\u00edm oproti p\u00f4vodn\u00e9mu harmonogramu.<\/p>\n\n\n\n<p>Po\u010das desa\u0165ro\u010d\u00ed pred na\u0161\u00edm n\u00e1stupom sa nerobilo takmer ni\u010d, in\u0161pekcia \u017eivotn\u00e9ho prostredia neraz dokonca kryla zne\u010dis\u0165ovate\u013eov a expremi\u00e9r Pellegrini sa kr\u00e1tko pred vo\u013ebami v roku 2020 zmohol len na vyhl\u00e1senie, \u017ee \u201enie\u010do by sa malo robi\u0165\u201c. Starostovia z regi\u00f3nu sa navy\u0161e s\u0165a\u017euj\u00fa, \u017ee s\u00fa\u010dasn\u00e1 vl\u00e1da s nimi v\u00f4bec nekomunikuje.<\/p>\n\n\n\n<p>Sme radi, \u017ee s\u00fa\u010dasn\u00e1 vl\u00e1da aspo\u0148 \u010diasto\u010dne nadviazala na na\u0161u pr\u00e1cu. Napokon, v\u010faka na\u0161im krokom m\u00e1 na to aj vy\u010dlenen\u00e9 finan\u010dn\u00e9 prostriedky.<\/p>\n\n\n\n<p><em>\u201eObyvatelia Zempl\u00edna u\u017e nie s\u00fa zvedav\u00ed na nekone\u010dn\u00e9 obvi\u0148ovanie predchodcov zo strany s\u00fa\u010dasnej vl\u00e1dy. Ministrov Tarabu a \u0160utaja E\u0161toka vyz\u00fdvame na ur\u00fdchlen\u00e9 pokra\u010dovanie pr\u00e1c pri dekontamin\u00e1cii are\u00e1lu Chemka Str\u00e1\u017eske, vyhl\u00e1senie verejn\u00e9ho obstar\u00e1vania na odstr\u00e1nenie \u010fal\u0161\u00edch nebezpe\u010dn\u00fdch l\u00e1tok, rie\u0161enie odkaliska Po\u0161a a aj toxick\u00fdch l\u00e1tok v p\u00f4de,\u201c<\/em>&nbsp;uzavrel Michal Ki\u010da.<\/p>\n\n\n\n<figure class=\"wp-block-video\"><video height=\"540\" style=\"aspect-ratio: 960 \/ 540;\" width=\"960\" controls src=\"https:\/\/www.smedemokrati.sk\/wp-content\/uploads\/2025\/06\/Kica-Strazske.mov\"><\/video><\/figure>\n","protected":false},"excerpt":{"rendered":"<p>Trvalo takmer tri\u0161tvrte roka od na\u0161ej v\u00fdzvy priamo v Str\u00e1\u017eskom, k\u00fdm sa ministri Taraba a \u0160utaj E\u0161tok rozh\u00fdbali. Dne\u0161ok v\u0161ak nepredstavuje \u017eiaden ve\u013ek\u00fd m\u00ed\u013enik ani skuto\u010dn\u00e9 vyrie\u0161enie situ\u00e1cie v tzv. trojuholn\u00edku smrti. Vl\u00e1da st\u00e1le nerob\u00ed ni\u010d s obrovsk\u00fdm probl\u00e9mom odkaliska Po\u0161a a \u010fal\u0161ie rie\u0161enie 1500 ton kontaminovan\u00fdch l\u00e1tok je st\u00e1le v nedoh\u013eadne. Oboch ministrov vyz\u00fdvame, [&hellip;]<\/p>\n","protected":false},"author":13,"featured_media":7525,"comment_status":"closed","ping_status":"closed","sticky":false,"template":"","format":"standard","meta":{"_acf_changed":false,"ngg_post_thumbnail":0,"footnotes":""},"categories":[4],"tags":[],"class_list":["post-7524","post","type-post","status-publish","format-standard","has-post-thumbnail","hentry","category-tlacove-spravy"],"acf":[],"yoast_head":"<!-- This site is optimized with the Yoast SEO plugin v27.2 - https:\/\/yoast.com\/product\/yoast-seo-wordpress\/ -->\n<title>PCB na v\u00fdchode: oneskoren\u00e9 a polovi\u010dat\u00e9 rie\u0161enie<\/title>\n<meta name=\"robots\" content=\"index, follow, max-snippet:-1, max-image-preview:large, max-video-preview:-1\" \/>\n<link rel=\"canonical\" href=\"https:\/\/www.smedemokrati.sk\/cs\/pcb-na-vychode-oneskorene-a-polovicate-riesenie\/\" \/>\n<meta property=\"og:locale\" content=\"cs_CZ\" \/>\n<meta property=\"og:locale:alternate\" content=\"en_US\" \/>\n<meta property=\"og:locale:alternate\" content=\"hu_HU\" \/>\n<meta property=\"og:locale:alternate\" content=\"sk_SK\" \/>\n<meta property=\"og:locale:alternate\" content=\"sv_SE\" \/>\n<meta property=\"og:type\" content=\"article\" \/>\n<meta property=\"og:title\" content=\"PCB na v\u00fdchode: oneskoren\u00e9 a polovi\u010dat\u00e9 rie\u0161enie\" \/>\n<meta property=\"og:description\" content=\"Trvalo takmer tri\u0161tvrte roka od na\u0161ej v\u00fdzvy priamo v Str\u00e1\u017eskom, k\u00fdm sa ministri Taraba a \u0160utaj E\u0161tok rozh\u00fdbali. Dne\u0161ok v\u0161ak nepredstavuje \u017eiaden ve\u013ek\u00fd m\u00ed\u013enik ani skuto\u010dn\u00e9 vyrie\u0161enie situ\u00e1cie v tzv. trojuholn\u00edku smrti. Vl\u00e1da st\u00e1le nerob\u00ed ni\u010d s obrovsk\u00fdm probl\u00e9mom odkaliska Po\u0161a a \u010fal\u0161ie rie\u0161enie 1500 ton kontaminovan\u00fdch l\u00e1tok je st\u00e1le v nedoh\u013eadne. Oboch ministrov vyz\u00fdvame, [&hellip;]\" \/>\n<meta property=\"og:url\" content=\"https:\/\/www.smedemokrati.sk\/cs\/pcb-na-vychode-oneskorene-a-polovicate-riesenie\/\" \/>\n<meta property=\"og:site_name\" content=\"Smedemokrati.sk\" \/>\n<meta property=\"article:publisher\" content=\"https:\/\/www.facebook.com\/smedemokrati2023\" \/>\n<meta property=\"article:published_time\" content=\"2025-06-11T17:35:58+00:00\" \/>\n<meta property=\"article:modified_time\" content=\"2025-06-11T18:16:15+00:00\" \/>\n<meta property=\"og:image\" content=\"https:\/\/www.smedemokrati.sk\/wp-content\/uploads\/2025\/06\/kica-strazske.jpg\" \/>\n\t<meta property=\"og:image:width\" content=\"1600\" \/>\n\t<meta property=\"og:image:height\" content=\"1066\" \/>\n\t<meta property=\"og:image:type\" content=\"image\/jpeg\" \/>\n<meta name=\"author\" content=\"miro.sopko\" \/>\n<meta name=\"twitter:card\" content=\"summary_large_image\" \/>\n<meta name=\"twitter:label1\" content=\"Napsal(a)\" \/>\n\t<meta name=\"twitter:data1\" content=\"miro.sopko\" \/>\n\t<meta name=\"twitter:label2\" content=\"Odhadovan\u00e1 doba \u010dten\u00ed\" \/>\n\t<meta name=\"twitter:data2\" content=\"3 minuty\" \/>\n<script type=\"application\/ld+json\" class=\"yoast-schema-graph\">{\"@context\":\"https:\/\/schema.org\",\"@graph\":[{\"@type\":\"Article\",\"@id\":\"https:\/\/www.smedemokrati.sk\/pcb-na-vychode-oneskorene-a-polovicate-riesenie\/#article\",\"isPartOf\":{\"@id\":\"https:\/\/www.smedemokrati.sk\/pcb-na-vychode-oneskorene-a-polovicate-riesenie\/\"},\"author\":{\"name\":\"miro.sopko\",\"@id\":\"https:\/\/www.smedemokrati.sk\/#\/schema\/person\/21f147c88d605aa7ded900e1e7c344ba\"},\"headline\":\"PCB na v\u00fdchode: oneskoren\u00e9 a polovi\u010dat\u00e9 rie\u0161enie\",\"datePublished\":\"2025-06-11T17:35:58+00:00\",\"dateModified\":\"2025-06-11T18:16:15+00:00\",\"mainEntityOfPage\":{\"@id\":\"https:\/\/www.smedemokrati.sk\/pcb-na-vychode-oneskorene-a-polovicate-riesenie\/\"},\"wordCount\":496,\"publisher\":{\"@id\":\"https:\/\/www.smedemokrati.sk\/#organization\"},\"image\":{\"@id\":\"https:\/\/www.smedemokrati.sk\/pcb-na-vychode-oneskorene-a-polovicate-riesenie\/#primaryimage\"},\"thumbnailUrl\":\"https:\/\/www.smedemokrati.sk\/wp-content\/uploads\/2025\/06\/kica-strazske.jpg\",\"articleSection\":[\"Tla\u010dov\u00e9 spr\u00e1vy\"],\"inLanguage\":\"cs-CZ\"},{\"@type\":\"WebPage\",\"@id\":\"https:\/\/www.smedemokrati.sk\/pcb-na-vychode-oneskorene-a-polovicate-riesenie\/\",\"url\":\"https:\/\/www.smedemokrati.sk\/pcb-na-vychode-oneskorene-a-polovicate-riesenie\/\",\"name\":\"PCB na v\u00fdchode: oneskoren\u00e9 a polovi\u010dat\u00e9 rie\u0161enie\",\"isPartOf\":{\"@id\":\"https:\/\/www.smedemokrati.sk\/#website\"},\"primaryImageOfPage\":{\"@id\":\"https:\/\/www.smedemokrati.sk\/pcb-na-vychode-oneskorene-a-polovicate-riesenie\/#primaryimage\"},\"image\":{\"@id\":\"https:\/\/www.smedemokrati.sk\/pcb-na-vychode-oneskorene-a-polovicate-riesenie\/#primaryimage\"},\"thumbnailUrl\":\"https:\/\/www.smedemokrati.sk\/wp-content\/uploads\/2025\/06\/kica-strazske.jpg\",\"datePublished\":\"2025-06-11T17:35:58+00:00\",\"dateModified\":\"2025-06-11T18:16:15+00:00\",\"breadcrumb\":{\"@id\":\"https:\/\/www.smedemokrati.sk\/pcb-na-vychode-oneskorene-a-polovicate-riesenie\/#breadcrumb\"},\"inLanguage\":\"cs-CZ\",\"potentialAction\":[{\"@type\":\"ReadAction\",\"target\":[\"https:\/\/www.smedemokrati.sk\/pcb-na-vychode-oneskorene-a-polovicate-riesenie\/\"]}]},{\"@type\":\"ImageObject\",\"inLanguage\":\"cs-CZ\",\"@id\":\"https:\/\/www.smedemokrati.sk\/pcb-na-vychode-oneskorene-a-polovicate-riesenie\/#primaryimage\",\"url\":\"https:\/\/www.smedemokrati.sk\/wp-content\/uploads\/2025\/06\/kica-strazske.jpg\",\"contentUrl\":\"https:\/\/www.smedemokrati.sk\/wp-content\/uploads\/2025\/06\/kica-strazske.jpg\",\"width\":1600,\"height\":1066},{\"@type\":\"BreadcrumbList\",\"@id\":\"https:\/\/www.smedemokrati.sk\/pcb-na-vychode-oneskorene-a-polovicate-riesenie\/#breadcrumb\",\"itemListElement\":[{\"@type\":\"ListItem\",\"position\":1,\"name\":\"Domovsk\u00e1 str\u00e1nka\",\"item\":\"https:\/\/www.smedemokrati.sk\/\"},{\"@type\":\"ListItem\",\"position\":2,\"name\":\"PCB na v\u00fdchode: oneskoren\u00e9 a polovi\u010dat\u00e9 rie\u0161enie\"}]},{\"@type\":\"WebSite\",\"@id\":\"https:\/\/www.smedemokrati.sk\/#website\",\"url\":\"https:\/\/www.smedemokrati.sk\/\",\"name\":\"Smedemokrati.sk\",\"description\":\"Demokracia a slu\u0161nos\u0165 zv\u00ed\u0165az\u00ed\",\"publisher\":{\"@id\":\"https:\/\/www.smedemokrati.sk\/#organization\"},\"potentialAction\":[{\"@type\":\"SearchAction\",\"target\":{\"@type\":\"EntryPoint\",\"urlTemplate\":\"https:\/\/www.smedemokrati.sk\/?s={search_term_string}\"},\"query-input\":{\"@type\":\"PropertyValueSpecification\",\"valueRequired\":true,\"valueName\":\"search_term_string\"}}],\"inLanguage\":\"cs-CZ\"},{\"@type\":\"Organization\",\"@id\":\"https:\/\/www.smedemokrati.sk\/#organization\",\"name\":\"Smedemokrati.sk\",\"url\":\"https:\/\/www.smedemokrati.sk\/\",\"logo\":{\"@type\":\"ImageObject\",\"inLanguage\":\"cs-CZ\",\"@id\":\"https:\/\/www.smedemokrati.sk\/#\/schema\/logo\/image\/\",\"url\":\"https:\/\/www.smedemokrati.sk\/wp-content\/uploads\/2023\/04\/ff.002.jpeg\",\"contentUrl\":\"https:\/\/www.smedemokrati.sk\/wp-content\/uploads\/2023\/04\/ff.002.jpeg\",\"width\":640,\"height\":480,\"caption\":\"Smedemokrati.sk\"},\"image\":{\"@id\":\"https:\/\/www.smedemokrati.sk\/#\/schema\/logo\/image\/\"},\"sameAs\":[\"https:\/\/www.facebook.com\/smedemokrati2023\"]},{\"@type\":\"Person\",\"@id\":\"https:\/\/www.smedemokrati.sk\/#\/schema\/person\/21f147c88d605aa7ded900e1e7c344ba\",\"name\":\"miro.sopko\",\"image\":{\"@type\":\"ImageObject\",\"inLanguage\":\"cs-CZ\",\"@id\":\"https:\/\/secure.gravatar.com\/avatar\/267e4a36f704376c109afe3a78740c1f5dd8675a2180a908699e7863c9247606?s=96&d=mm&r=g\",\"url\":\"https:\/\/secure.gravatar.com\/avatar\/267e4a36f704376c109afe3a78740c1f5dd8675a2180a908699e7863c9247606?s=96&d=mm&r=g\",\"contentUrl\":\"https:\/\/secure.gravatar.com\/avatar\/267e4a36f704376c109afe3a78740c1f5dd8675a2180a908699e7863c9247606?s=96&d=mm&r=g\",\"caption\":\"miro.sopko\"},\"url\":\"https:\/\/www.smedemokrati.sk\/cs\/author\/miro-sopko\/\"}]}<\/script>\n<!-- \/ Yoast SEO plugin. -->","yoast_head_json":{"title":"PCB na v\u00fdchode: oneskoren\u00e9 a polovi\u010dat\u00e9 rie\u0161enie","robots":{"index":"index","follow":"follow","max-snippet":"max-snippet:-1","max-image-preview":"max-image-preview:large","max-video-preview":"max-video-preview:-1"},"canonical":"https:\/\/www.smedemokrati.sk\/cs\/pcb-na-vychode-oneskorene-a-polovicate-riesenie\/","og_locale":"cs_CZ","og_type":"article","og_title":"[:sk]PCB na v\u00fdchode: oneskoren\u00e9 a polovi\u010dat\u00e9 rie\u0161enie[:] - Smedemokrati.sk","og_description":"Trvalo takmer tri\u0161tvrte roka od na\u0161ej v\u00fdzvy priamo v Str\u00e1\u017eskom, k\u00fdm sa ministri Taraba a \u0160utaj E\u0161tok rozh\u00fdbali. Dne\u0161ok v\u0161ak nepredstavuje \u017eiaden ve\u013ek\u00fd m\u00ed\u013enik ani skuto\u010dn\u00e9 vyrie\u0161enie situ\u00e1cie v tzv. trojuholn\u00edku smrti. Vl\u00e1da st\u00e1le nerob\u00ed ni\u010d s obrovsk\u00fdm probl\u00e9mom odkaliska Po\u0161a a \u010fal\u0161ie rie\u0161enie 1500 ton kontaminovan\u00fdch l\u00e1tok je st\u00e1le v nedoh\u013eadne. Oboch ministrov vyz\u00fdvame, [&hellip;]","og_url":"https:\/\/www.smedemokrati.sk\/cs\/pcb-na-vychode-oneskorene-a-polovicate-riesenie\/","og_site_name":"Smedemokrati.sk","article_publisher":"https:\/\/www.facebook.com\/smedemokrati2023","article_published_time":"2025-06-11T17:35:58+00:00","article_modified_time":"2025-06-11T18:16:15+00:00","og_image":[{"width":1600,"height":1066,"url":"https:\/\/www.smedemokrati.sk\/wp-content\/uploads\/2025\/06\/kica-strazske.jpg","type":"image\/jpeg"}],"author":"miro.sopko","twitter_card":"summary_large_image","twitter_misc":{"Napsal(a)":"miro.sopko","Odhadovan\u00e1 doba \u010dten\u00ed":"3 minuty"},"schema":{"@context":"https:\/\/schema.org","@graph":[{"@type":"Article","@id":"https:\/\/www.smedemokrati.sk\/pcb-na-vychode-oneskorene-a-polovicate-riesenie\/#article","isPartOf":{"@id":"https:\/\/www.smedemokrati.sk\/pcb-na-vychode-oneskorene-a-polovicate-riesenie\/"},"author":{"name":"miro.sopko","@id":"https:\/\/www.smedemokrati.sk\/#\/schema\/person\/21f147c88d605aa7ded900e1e7c344ba"},"headline":"PCB na v\u00fdchode: oneskoren\u00e9 a polovi\u010dat\u00e9 rie\u0161enie","datePublished":"2025-06-11T17:35:58+00:00","dateModified":"2025-06-11T18:16:15+00:00","mainEntityOfPage":{"@id":"https:\/\/www.smedemokrati.sk\/pcb-na-vychode-oneskorene-a-polovicate-riesenie\/"},"wordCount":496,"publisher":{"@id":"https:\/\/www.smedemokrati.sk\/#organization"},"image":{"@id":"https:\/\/www.smedemokrati.sk\/pcb-na-vychode-oneskorene-a-polovicate-riesenie\/#primaryimage"},"thumbnailUrl":"https:\/\/www.smedemokrati.sk\/wp-content\/uploads\/2025\/06\/kica-strazske.jpg","articleSection":["Tla\u010dov\u00e9 spr\u00e1vy"],"inLanguage":"cs-CZ"},{"@type":"WebPage","@id":"https:\/\/www.smedemokrati.sk\/pcb-na-vychode-oneskorene-a-polovicate-riesenie\/","url":"https:\/\/www.smedemokrati.sk\/pcb-na-vychode-oneskorene-a-polovicate-riesenie\/","name":"PCB na v\u00fdchode: oneskoren\u00e9 a polovi\u010dat\u00e9 rie\u0161enie","isPartOf":{"@id":"https:\/\/www.smedemokrati.sk\/#website"},"primaryImageOfPage":{"@id":"https:\/\/www.smedemokrati.sk\/pcb-na-vychode-oneskorene-a-polovicate-riesenie\/#primaryimage"},"image":{"@id":"https:\/\/www.smedemokrati.sk\/pcb-na-vychode-oneskorene-a-polovicate-riesenie\/#primaryimage"},"thumbnailUrl":"https:\/\/www.smedemokrati.sk\/wp-content\/uploads\/2025\/06\/kica-strazske.jpg","datePublished":"2025-06-11T17:35:58+00:00","dateModified":"2025-06-11T18:16:15+00:00","breadcrumb":{"@id":"https:\/\/www.smedemokrati.sk\/pcb-na-vychode-oneskorene-a-polovicate-riesenie\/#breadcrumb"},"inLanguage":"cs-CZ","potentialAction":[{"@type":"ReadAction","target":["https:\/\/www.smedemokrati.sk\/pcb-na-vychode-oneskorene-a-polovicate-riesenie\/"]}]},{"@type":"ImageObject","inLanguage":"cs-CZ","@id":"https:\/\/www.smedemokrati.sk\/pcb-na-vychode-oneskorene-a-polovicate-riesenie\/#primaryimage","url":"https:\/\/www.smedemokrati.sk\/wp-content\/uploads\/2025\/06\/kica-strazske.jpg","contentUrl":"https:\/\/www.smedemokrati.sk\/wp-content\/uploads\/2025\/06\/kica-strazske.jpg","width":1600,"height":1066},{"@type":"BreadcrumbList","@id":"https:\/\/www.smedemokrati.sk\/pcb-na-vychode-oneskorene-a-polovicate-riesenie\/#breadcrumb","itemListElement":[{"@type":"ListItem","position":1,"name":"Domovsk\u00e1 str\u00e1nka","item":"https:\/\/www.smedemokrati.sk\/"},{"@type":"ListItem","position":2,"name":"PCB na v\u00fdchode: oneskoren\u00e9 a polovi\u010dat\u00e9 rie\u0161enie"}]},{"@type":"WebSite","@id":"https:\/\/www.smedemokrati.sk\/#website","url":"https:\/\/www.smedemokrati.sk\/","name":"Smedemokrati.sk","description":"Demokracia a slu\u0161nos\u0165 zv\u00ed\u0165az\u00ed","publisher":{"@id":"https:\/\/www.smedemokrati.sk\/#organization"},"potentialAction":[{"@type":"SearchAction","target":{"@type":"EntryPoint","urlTemplate":"https:\/\/www.smedemokrati.sk\/?s={search_term_string}"},"query-input":{"@type":"PropertyValueSpecification","valueRequired":true,"valueName":"search_term_string"}}],"inLanguage":"cs-CZ"},{"@type":"Organization","@id":"https:\/\/www.smedemokrati.sk\/#organization","name":"Smedemokrati.sk","url":"https:\/\/www.smedemokrati.sk\/","logo":{"@type":"ImageObject","inLanguage":"cs-CZ","@id":"https:\/\/www.smedemokrati.sk\/#\/schema\/logo\/image\/","url":"https:\/\/www.smedemokrati.sk\/wp-content\/uploads\/2023\/04\/ff.002.jpeg","contentUrl":"https:\/\/www.smedemokrati.sk\/wp-content\/uploads\/2023\/04\/ff.002.jpeg","width":640,"height":480,"caption":"Smedemokrati.sk"},"image":{"@id":"https:\/\/www.smedemokrati.sk\/#\/schema\/logo\/image\/"},"sameAs":["https:\/\/www.facebook.com\/smedemokrati2023"]},{"@type":"Person","@id":"https:\/\/www.smedemokrati.sk\/#\/schema\/person\/21f147c88d605aa7ded900e1e7c344ba","name":"miro.sopko","image":{"@type":"ImageObject","inLanguage":"cs-CZ","@id":"https:\/\/secure.gravatar.com\/avatar\/267e4a36f704376c109afe3a78740c1f5dd8675a2180a908699e7863c9247606?s=96&d=mm&r=g","url":"https:\/\/secure.gravatar.com\/avatar\/267e4a36f704376c109afe3a78740c1f5dd8675a2180a908699e7863c9247606?s=96&d=mm&r=g","contentUrl":"https:\/\/secure.gravatar.com\/avatar\/267e4a36f704376c109afe3a78740c1f5dd8675a2180a908699e7863c9247606?s=96&d=mm&r=g","caption":"miro.sopko"},"url":"https:\/\/www.smedemokrati.sk\/cs\/author\/miro-sopko\/"}]}},"_links":{"self":[{"href":"https:\/\/www.smedemokrati.sk\/cs\/wp-json\/wp\/v2\/posts\/7524","targetHints":{"allow":["GET"]}}],"collection":[{"href":"https:\/\/www.smedemokrati.sk\/cs\/wp-json\/wp\/v2\/posts"}],"about":[{"href":"https:\/\/www.smedemokrati.sk\/cs\/wp-json\/wp\/v2\/types\/post"}],"author":[{"embeddable":true,"href":"https:\/\/www.smedemokrati.sk\/cs\/wp-json\/wp\/v2\/users\/13"}],"replies":[{"embeddable":true,"href":"https:\/\/www.smedemokrati.sk\/cs\/wp-json\/wp\/v2\/comments?post=7524"}],"version-history":[{"count":2,"href":"https:\/\/www.smedemokrati.sk\/cs\/wp-json\/wp\/v2\/posts\/7524\/revisions"}],"predecessor-version":[{"id":7528,"href":"https:\/\/www.smedemokrati.sk\/cs\/wp-json\/wp\/v2\/posts\/7524\/revisions\/7528"}],"wp:featuredmedia":[{"embeddable":true,"href":"https:\/\/www.smedemokrati.sk\/cs\/wp-json\/wp\/v2\/media\/7525"}],"wp:attachment":[{"href":"https:\/\/www.smedemokrati.sk\/cs\/wp-json\/wp\/v2\/media?parent=7524"}],"wp:term":[{"taxonomy":"category","embeddable":true,"href":"https:\/\/www.smedemokrati.sk\/cs\/wp-json\/wp\/v2\/categories?post=7524"},{"taxonomy":"post_tag","embeddable":true,"href":"https:\/\/www.smedemokrati.sk\/cs\/wp-json\/wp\/v2\/tags?post=7524"}],"curies":[{"name":"wp","href":"https:\/\/api.w.org\/{rel}","templated":true}]}}