{"id":7521,"date":"2025-06-11T18:20:10","date_gmt":"2025-06-11T17:20:10","guid":{"rendered":"https:\/\/www.smedemokrati.sk\/?p=7521"},"modified":"2025-06-11T18:20:12","modified_gmt":"2025-06-11T17:20:12","slug":"zachrani-kmec-miliardy-pre-ludi-ktore-ohrozuje-taraba","status":"publish","type":"post","link":"https:\/\/www.smedemokrati.sk\/cs\/zachrani-kmec-miliardy-pre-ludi-ktore-ohrozuje-taraba\/","title":{"rendered":"Zachr\u00e1ni Kmec miliardy pre \u013eud\u00ed, ktor\u00e9 ohrozuje Taraba?"},"content":{"rendered":"<div id=\"fb-root\"><\/div>\n\n<p><strong>Demokrati vyz\u00fdvaj\u00fa podpredsedu vl\u00e1dy Petra Kmeca, aby za\u010dal kona\u0165 vo vz\u0165ahu k rezortu \u017eivotn\u00e9ho prostredia a za\u010dal sa zauj\u00edma\u0165 o miliardy eur, o ktor\u00e9 m\u00f4\u017ee Slovensko pr\u00eds\u0165 z Pl\u00e1nu obnovy a Soci\u00e1lno-klimatick\u00e9ho fondu. Minister Taraba nie je schopn\u00fd plni\u0165 \u00falohy nevyhnutn\u00e9 na \u010derpanie t\u00fdchto prostriedkov pre ob\u010danov.<\/strong><\/p>\n\n\n\n<p><em>\u201eMinister Taraba viac ako rok nepredlo\u017eil z\u00e1kon, ktor\u00fd je nielen plne pripraven\u00fd, ale aj nevyhnutn\u00fd na \u010derpanie financi\u00ed zo Soci\u00e1lno-klimatick\u00e9ho fondu. Pre nesplnenie tejto podmienky u\u017e vo\u010di Slovensku vedie konanie aj Eur\u00f3pska komisia. Ak novela z\u00e1kona nebude schv\u00e1len\u00e1, slovensk\u00e9 dom\u00e1cnosti m\u00f4\u017eu pr\u00eds\u0165 o 1,53 miliardy eur, \u010do vypl\u00fdva aj zo stanoviska Eur\u00f3pskej komisie, ktor\u00fdm disponujeme. Ide o finan\u010dn\u00e9 prostriedky ur\u010den\u00e9 na obnovu desiatok tis\u00edc rodinn\u00fdch domov a bytov, ako aj na dot\u00e1cie v oblasti dopravy,\u201c<\/em>&nbsp;uviedol Michal Ki\u010da, enviroexpert strany Demokrati.<\/p>\n\n\n\n<p>Demokrati vyz\u00fdvaj\u00fa podpredsedu vl\u00e1dy Petra Kmeca, aby ako gestor fondu vyvinul tlak na ministra Tarabu, aby z\u00e1kon bezodkladne predlo\u017eil a aby t\u00fato t\u00e9mu otvoril aj na rokovan\u00ed vl\u00e1dy.<\/p>\n\n\n\n<p>Michal Ki\u010da z\u00e1rove\u0148 upozor\u0148uje, \u017ee ohrozen\u00e9 s\u00fa aj \u010fal\u0161ie stovky mili\u00f3nov eur z Pl\u00e1nu obnovy:&nbsp;<em>\u201eV marci sme sa pre zjavn\u00e9 poru\u0161enie z\u00e1kona obr\u00e1tili na Krajsk\u00fa prokurat\u00faru v Pre\u0161ove s podnetom na pre\u0161etrenie postupu Okresn\u00e9ho \u00faradu Pre\u0161ov a Spr\u00e1vy TANAP-u. N\u00e1vrh zon\u00e1cie Tatransk\u00e9ho n\u00e1rodn\u00e9ho parku pod\u013ea n\u00e1\u0161ho n\u00e1zoru poru\u0161oval z\u00e1kon o ochrane pr\u00edrody a krajiny. Krajsk\u00e1 prokurat\u00fara n\u00e1m v\u010dera dala za pravdu. Zon\u00e1cie, ako ich chcel presadi\u0165 minister Taraba, poru\u0161uj\u00fa pr\u00e1va vlastn\u00edkov. Nez\u00e1konnos\u0165 procesu m\u00f4\u017ee vies\u0165 k nieko\u013ekomesa\u010dn\u00fdm ome\u0161kaniam. Zon\u00e1cie v\u0161ak musia by\u0165 schv\u00e1len\u00e9 najnesk\u00f4r na jar 2026,\u201c<\/em>&nbsp;upozornil Ki\u010da.<\/p>\n\n\n\n<p>Zon\u00e1cia TANAP-u predstavuje z\u00e1v\u00e4zn\u00fd m\u00ed\u013enik pre \u00f4smu platbu z Pl\u00e1nu obnovy. Ak ho Slovensko nespln\u00ed, pr\u00edde o viac ako 570 mili\u00f3nov eur.<\/p>\n\n\n\n<p><em>\u201eVyz\u00fdvame podpredsedu vl\u00e1dy pre Pl\u00e1n obnovy Petra Kmeca, aby v s\u00falade so z\u00e1konom o mechanizme na podporu obnovy a odolnosti za\u010dal dohliada\u0165 na \u010dinnos\u0165 envirorezortu v oblasti zon\u00e1ci\u00ed n\u00e1rodn\u00fdch parkov a navrhol vl\u00e1de prijatie kr\u00edzov\u00fdch opatren\u00ed. Ak zon\u00e1cie ponech\u00e1me v ruk\u00e1ch nekompetentn\u00e9ho dua Taraba a Kuffa, vl\u00e1da ohroz\u00ed nielen pr\u00edrodu v n\u00e1rodn\u00fdch parkoch, ale aj k\u013e\u00fa\u010dov\u00e9 invest\u00edcie Pl\u00e1nu obnovy, ktor\u00e9 maj\u00fa sl\u00fa\u017ei\u0165 v\u0161etk\u00fdm ob\u010danom,\u201c<\/em>&nbsp;uzavrel Michal Ki\u010da.<\/p>\n\n\n<div class=\"fb-video\" data-href=\"https:\/\/fb.watch\/A94uUc5SL7\" data-allowfullscreen=\"true\" data-autoplay=\"false\" data-width=\"\" data-show-text=\"false\" data-show-captions=\"true\"><\/div>\n","protected":false},"excerpt":{"rendered":"<p>Demokrati vyz\u00fdvaj\u00fa podpredsedu vl\u00e1dy Petra Kmeca, aby za\u010dal kona\u0165 vo vz\u0165ahu k rezortu \u017eivotn\u00e9ho prostredia a za\u010dal sa zauj\u00edma\u0165 o miliardy eur, o ktor\u00e9 m\u00f4\u017ee Slovensko pr\u00eds\u0165 z Pl\u00e1nu obnovy a Soci\u00e1lno-klimatick\u00e9ho fondu. Minister Taraba nie je schopn\u00fd plni\u0165 \u00falohy nevyhnutn\u00e9 na \u010derpanie t\u00fdchto prostriedkov pre ob\u010danov. \u201eMinister Taraba viac ako rok nepredlo\u017eil z\u00e1kon, ktor\u00fd [&hellip;]<\/p>\n","protected":false},"author":13,"featured_media":7522,"comment_status":"closed","ping_status":"closed","sticky":false,"template":"","format":"standard","meta":{"_acf_changed":false,"ngg_post_thumbnail":0,"footnotes":""},"categories":[4],"tags":[],"class_list":["post-7521","post","type-post","status-publish","format-standard","has-post-thumbnail","hentry","category-tlacove-spravy"],"acf":[],"yoast_head":"<!-- This site is optimized with the Yoast SEO plugin v27.2 - https:\/\/yoast.com\/product\/yoast-seo-wordpress\/ -->\n<title>Zachr\u00e1ni Kmec miliardy pre \u013eud\u00ed, ktor\u00e9 ohrozuje Taraba?<\/title>\n<meta name=\"robots\" content=\"index, follow, max-snippet:-1, max-image-preview:large, max-video-preview:-1\" \/>\n<link rel=\"canonical\" href=\"https:\/\/www.smedemokrati.sk\/cs\/zachrani-kmec-miliardy-pre-ludi-ktore-ohrozuje-taraba\/\" \/>\n<meta property=\"og:locale\" content=\"cs_CZ\" \/>\n<meta property=\"og:locale:alternate\" content=\"en_US\" \/>\n<meta property=\"og:locale:alternate\" content=\"hu_HU\" \/>\n<meta property=\"og:locale:alternate\" content=\"sk_SK\" \/>\n<meta property=\"og:locale:alternate\" content=\"sv_SE\" \/>\n<meta property=\"og:type\" content=\"article\" \/>\n<meta property=\"og:title\" content=\"Zachr\u00e1ni Kmec miliardy pre \u013eud\u00ed, ktor\u00e9 ohrozuje Taraba?\" \/>\n<meta property=\"og:description\" content=\"Demokrati vyz\u00fdvaj\u00fa podpredsedu vl\u00e1dy Petra Kmeca, aby za\u010dal kona\u0165 vo vz\u0165ahu k rezortu \u017eivotn\u00e9ho prostredia a za\u010dal sa zauj\u00edma\u0165 o miliardy eur, o ktor\u00e9 m\u00f4\u017ee Slovensko pr\u00eds\u0165 z Pl\u00e1nu obnovy a Soci\u00e1lno-klimatick\u00e9ho fondu. Minister Taraba nie je schopn\u00fd plni\u0165 \u00falohy nevyhnutn\u00e9 na \u010derpanie t\u00fdchto prostriedkov pre ob\u010danov. \u201eMinister Taraba viac ako rok nepredlo\u017eil z\u00e1kon, ktor\u00fd [&hellip;]\" \/>\n<meta property=\"og:url\" content=\"https:\/\/www.smedemokrati.sk\/cs\/zachrani-kmec-miliardy-pre-ludi-ktore-ohrozuje-taraba\/\" \/>\n<meta property=\"og:site_name\" content=\"Smedemokrati.sk\" \/>\n<meta property=\"article:publisher\" content=\"https:\/\/www.facebook.com\/smedemokrati2023\" \/>\n<meta property=\"article:published_time\" content=\"2025-06-11T17:20:10+00:00\" \/>\n<meta property=\"article:modified_time\" content=\"2025-06-11T17:20:12+00:00\" \/>\n<meta property=\"og:image\" content=\"https:\/\/www.smedemokrati.sk\/wp-content\/uploads\/2025\/06\/zivotne-prostredie-11062025.jpg\" \/>\n\t<meta property=\"og:image:width\" content=\"1229\" \/>\n\t<meta property=\"og:image:height\" content=\"728\" \/>\n\t<meta property=\"og:image:type\" content=\"image\/jpeg\" \/>\n<meta name=\"author\" content=\"miro.sopko\" \/>\n<meta name=\"twitter:card\" content=\"summary_large_image\" \/>\n<meta name=\"twitter:label1\" content=\"Napsal(a)\" \/>\n\t<meta name=\"twitter:data1\" content=\"miro.sopko\" \/>\n\t<meta name=\"twitter:label2\" content=\"Odhadovan\u00e1 doba \u010dten\u00ed\" \/>\n\t<meta name=\"twitter:data2\" content=\"3 minuty\" \/>\n<script type=\"application\/ld+json\" class=\"yoast-schema-graph\">{\"@context\":\"https:\/\/schema.org\",\"@graph\":[{\"@type\":\"Article\",\"@id\":\"https:\/\/www.smedemokrati.sk\/zachrani-kmec-miliardy-pre-ludi-ktore-ohrozuje-taraba\/#article\",\"isPartOf\":{\"@id\":\"https:\/\/www.smedemokrati.sk\/zachrani-kmec-miliardy-pre-ludi-ktore-ohrozuje-taraba\/\"},\"author\":{\"name\":\"miro.sopko\",\"@id\":\"https:\/\/www.smedemokrati.sk\/#\/schema\/person\/21f147c88d605aa7ded900e1e7c344ba\"},\"headline\":\"Zachr\u00e1ni Kmec miliardy pre \u013eud\u00ed, ktor\u00e9 ohrozuje Taraba?\",\"datePublished\":\"2025-06-11T17:20:10+00:00\",\"dateModified\":\"2025-06-11T17:20:12+00:00\",\"mainEntityOfPage\":{\"@id\":\"https:\/\/www.smedemokrati.sk\/zachrani-kmec-miliardy-pre-ludi-ktore-ohrozuje-taraba\/\"},\"wordCount\":477,\"publisher\":{\"@id\":\"https:\/\/www.smedemokrati.sk\/#organization\"},\"image\":{\"@id\":\"https:\/\/www.smedemokrati.sk\/zachrani-kmec-miliardy-pre-ludi-ktore-ohrozuje-taraba\/#primaryimage\"},\"thumbnailUrl\":\"https:\/\/www.smedemokrati.sk\/wp-content\/uploads\/2025\/06\/zivotne-prostredie-11062025.jpg\",\"articleSection\":[\"Tla\u010dov\u00e9 spr\u00e1vy\"],\"inLanguage\":\"cs-CZ\"},{\"@type\":\"WebPage\",\"@id\":\"https:\/\/www.smedemokrati.sk\/zachrani-kmec-miliardy-pre-ludi-ktore-ohrozuje-taraba\/\",\"url\":\"https:\/\/www.smedemokrati.sk\/zachrani-kmec-miliardy-pre-ludi-ktore-ohrozuje-taraba\/\",\"name\":\"Zachr\u00e1ni Kmec miliardy pre \u013eud\u00ed, ktor\u00e9 ohrozuje Taraba?\",\"isPartOf\":{\"@id\":\"https:\/\/www.smedemokrati.sk\/#website\"},\"primaryImageOfPage\":{\"@id\":\"https:\/\/www.smedemokrati.sk\/zachrani-kmec-miliardy-pre-ludi-ktore-ohrozuje-taraba\/#primaryimage\"},\"image\":{\"@id\":\"https:\/\/www.smedemokrati.sk\/zachrani-kmec-miliardy-pre-ludi-ktore-ohrozuje-taraba\/#primaryimage\"},\"thumbnailUrl\":\"https:\/\/www.smedemokrati.sk\/wp-content\/uploads\/2025\/06\/zivotne-prostredie-11062025.jpg\",\"datePublished\":\"2025-06-11T17:20:10+00:00\",\"dateModified\":\"2025-06-11T17:20:12+00:00\",\"breadcrumb\":{\"@id\":\"https:\/\/www.smedemokrati.sk\/zachrani-kmec-miliardy-pre-ludi-ktore-ohrozuje-taraba\/#breadcrumb\"},\"inLanguage\":\"cs-CZ\",\"potentialAction\":[{\"@type\":\"ReadAction\",\"target\":[\"https:\/\/www.smedemokrati.sk\/zachrani-kmec-miliardy-pre-ludi-ktore-ohrozuje-taraba\/\"]}]},{\"@type\":\"ImageObject\",\"inLanguage\":\"cs-CZ\",\"@id\":\"https:\/\/www.smedemokrati.sk\/zachrani-kmec-miliardy-pre-ludi-ktore-ohrozuje-taraba\/#primaryimage\",\"url\":\"https:\/\/www.smedemokrati.sk\/wp-content\/uploads\/2025\/06\/zivotne-prostredie-11062025.jpg\",\"contentUrl\":\"https:\/\/www.smedemokrati.sk\/wp-content\/uploads\/2025\/06\/zivotne-prostredie-11062025.jpg\",\"width\":1229,\"height\":728},{\"@type\":\"BreadcrumbList\",\"@id\":\"https:\/\/www.smedemokrati.sk\/zachrani-kmec-miliardy-pre-ludi-ktore-ohrozuje-taraba\/#breadcrumb\",\"itemListElement\":[{\"@type\":\"ListItem\",\"position\":1,\"name\":\"Domovsk\u00e1 str\u00e1nka\",\"item\":\"https:\/\/www.smedemokrati.sk\/\"},{\"@type\":\"ListItem\",\"position\":2,\"name\":\"Zachr\u00e1ni Kmec miliardy pre \u013eud\u00ed, ktor\u00e9 ohrozuje Taraba?\"}]},{\"@type\":\"WebSite\",\"@id\":\"https:\/\/www.smedemokrati.sk\/#website\",\"url\":\"https:\/\/www.smedemokrati.sk\/\",\"name\":\"Smedemokrati.sk\",\"description\":\"Demokracia a slu\u0161nos\u0165 zv\u00ed\u0165az\u00ed\",\"publisher\":{\"@id\":\"https:\/\/www.smedemokrati.sk\/#organization\"},\"potentialAction\":[{\"@type\":\"SearchAction\",\"target\":{\"@type\":\"EntryPoint\",\"urlTemplate\":\"https:\/\/www.smedemokrati.sk\/?s={search_term_string}\"},\"query-input\":{\"@type\":\"PropertyValueSpecification\",\"valueRequired\":true,\"valueName\":\"search_term_string\"}}],\"inLanguage\":\"cs-CZ\"},{\"@type\":\"Organization\",\"@id\":\"https:\/\/www.smedemokrati.sk\/#organization\",\"name\":\"Smedemokrati.sk\",\"url\":\"https:\/\/www.smedemokrati.sk\/\",\"logo\":{\"@type\":\"ImageObject\",\"inLanguage\":\"cs-CZ\",\"@id\":\"https:\/\/www.smedemokrati.sk\/#\/schema\/logo\/image\/\",\"url\":\"https:\/\/www.smedemokrati.sk\/wp-content\/uploads\/2023\/04\/ff.002.jpeg\",\"contentUrl\":\"https:\/\/www.smedemokrati.sk\/wp-content\/uploads\/2023\/04\/ff.002.jpeg\",\"width\":640,\"height\":480,\"caption\":\"Smedemokrati.sk\"},\"image\":{\"@id\":\"https:\/\/www.smedemokrati.sk\/#\/schema\/logo\/image\/\"},\"sameAs\":[\"https:\/\/www.facebook.com\/smedemokrati2023\"]},{\"@type\":\"Person\",\"@id\":\"https:\/\/www.smedemokrati.sk\/#\/schema\/person\/21f147c88d605aa7ded900e1e7c344ba\",\"name\":\"miro.sopko\",\"image\":{\"@type\":\"ImageObject\",\"inLanguage\":\"cs-CZ\",\"@id\":\"https:\/\/secure.gravatar.com\/avatar\/267e4a36f704376c109afe3a78740c1f5dd8675a2180a908699e7863c9247606?s=96&d=mm&r=g\",\"url\":\"https:\/\/secure.gravatar.com\/avatar\/267e4a36f704376c109afe3a78740c1f5dd8675a2180a908699e7863c9247606?s=96&d=mm&r=g\",\"contentUrl\":\"https:\/\/secure.gravatar.com\/avatar\/267e4a36f704376c109afe3a78740c1f5dd8675a2180a908699e7863c9247606?s=96&d=mm&r=g\",\"caption\":\"miro.sopko\"},\"url\":\"https:\/\/www.smedemokrati.sk\/cs\/author\/miro-sopko\/\"}]}<\/script>\n<!-- \/ Yoast SEO plugin. -->","yoast_head_json":{"title":"Zachr\u00e1ni Kmec miliardy pre \u013eud\u00ed, ktor\u00e9 ohrozuje Taraba?","robots":{"index":"index","follow":"follow","max-snippet":"max-snippet:-1","max-image-preview":"max-image-preview:large","max-video-preview":"max-video-preview:-1"},"canonical":"https:\/\/www.smedemokrati.sk\/cs\/zachrani-kmec-miliardy-pre-ludi-ktore-ohrozuje-taraba\/","og_locale":"cs_CZ","og_type":"article","og_title":"[:sk]Zachr\u00e1ni Kmec miliardy pre \u013eud\u00ed, ktor\u00e9 ohrozuje Taraba?[:] - Smedemokrati.sk","og_description":"Demokrati vyz\u00fdvaj\u00fa podpredsedu vl\u00e1dy Petra Kmeca, aby za\u010dal kona\u0165 vo vz\u0165ahu k rezortu \u017eivotn\u00e9ho prostredia a za\u010dal sa zauj\u00edma\u0165 o miliardy eur, o ktor\u00e9 m\u00f4\u017ee Slovensko pr\u00eds\u0165 z Pl\u00e1nu obnovy a Soci\u00e1lno-klimatick\u00e9ho fondu. Minister Taraba nie je schopn\u00fd plni\u0165 \u00falohy nevyhnutn\u00e9 na \u010derpanie t\u00fdchto prostriedkov pre ob\u010danov. \u201eMinister Taraba viac ako rok nepredlo\u017eil z\u00e1kon, ktor\u00fd [&hellip;]","og_url":"https:\/\/www.smedemokrati.sk\/cs\/zachrani-kmec-miliardy-pre-ludi-ktore-ohrozuje-taraba\/","og_site_name":"Smedemokrati.sk","article_publisher":"https:\/\/www.facebook.com\/smedemokrati2023","article_published_time":"2025-06-11T17:20:10+00:00","article_modified_time":"2025-06-11T17:20:12+00:00","og_image":[{"width":1229,"height":728,"url":"https:\/\/www.smedemokrati.sk\/wp-content\/uploads\/2025\/06\/zivotne-prostredie-11062025.jpg","type":"image\/jpeg"}],"author":"miro.sopko","twitter_card":"summary_large_image","twitter_misc":{"Napsal(a)":"miro.sopko","Odhadovan\u00e1 doba \u010dten\u00ed":"3 minuty"},"schema":{"@context":"https:\/\/schema.org","@graph":[{"@type":"Article","@id":"https:\/\/www.smedemokrati.sk\/zachrani-kmec-miliardy-pre-ludi-ktore-ohrozuje-taraba\/#article","isPartOf":{"@id":"https:\/\/www.smedemokrati.sk\/zachrani-kmec-miliardy-pre-ludi-ktore-ohrozuje-taraba\/"},"author":{"name":"miro.sopko","@id":"https:\/\/www.smedemokrati.sk\/#\/schema\/person\/21f147c88d605aa7ded900e1e7c344ba"},"headline":"Zachr\u00e1ni Kmec miliardy pre \u013eud\u00ed, ktor\u00e9 ohrozuje Taraba?","datePublished":"2025-06-11T17:20:10+00:00","dateModified":"2025-06-11T17:20:12+00:00","mainEntityOfPage":{"@id":"https:\/\/www.smedemokrati.sk\/zachrani-kmec-miliardy-pre-ludi-ktore-ohrozuje-taraba\/"},"wordCount":477,"publisher":{"@id":"https:\/\/www.smedemokrati.sk\/#organization"},"image":{"@id":"https:\/\/www.smedemokrati.sk\/zachrani-kmec-miliardy-pre-ludi-ktore-ohrozuje-taraba\/#primaryimage"},"thumbnailUrl":"https:\/\/www.smedemokrati.sk\/wp-content\/uploads\/2025\/06\/zivotne-prostredie-11062025.jpg","articleSection":["Tla\u010dov\u00e9 spr\u00e1vy"],"inLanguage":"cs-CZ"},{"@type":"WebPage","@id":"https:\/\/www.smedemokrati.sk\/zachrani-kmec-miliardy-pre-ludi-ktore-ohrozuje-taraba\/","url":"https:\/\/www.smedemokrati.sk\/zachrani-kmec-miliardy-pre-ludi-ktore-ohrozuje-taraba\/","name":"Zachr\u00e1ni Kmec miliardy pre \u013eud\u00ed, ktor\u00e9 ohrozuje Taraba?","isPartOf":{"@id":"https:\/\/www.smedemokrati.sk\/#website"},"primaryImageOfPage":{"@id":"https:\/\/www.smedemokrati.sk\/zachrani-kmec-miliardy-pre-ludi-ktore-ohrozuje-taraba\/#primaryimage"},"image":{"@id":"https:\/\/www.smedemokrati.sk\/zachrani-kmec-miliardy-pre-ludi-ktore-ohrozuje-taraba\/#primaryimage"},"thumbnailUrl":"https:\/\/www.smedemokrati.sk\/wp-content\/uploads\/2025\/06\/zivotne-prostredie-11062025.jpg","datePublished":"2025-06-11T17:20:10+00:00","dateModified":"2025-06-11T17:20:12+00:00","breadcrumb":{"@id":"https:\/\/www.smedemokrati.sk\/zachrani-kmec-miliardy-pre-ludi-ktore-ohrozuje-taraba\/#breadcrumb"},"inLanguage":"cs-CZ","potentialAction":[{"@type":"ReadAction","target":["https:\/\/www.smedemokrati.sk\/zachrani-kmec-miliardy-pre-ludi-ktore-ohrozuje-taraba\/"]}]},{"@type":"ImageObject","inLanguage":"cs-CZ","@id":"https:\/\/www.smedemokrati.sk\/zachrani-kmec-miliardy-pre-ludi-ktore-ohrozuje-taraba\/#primaryimage","url":"https:\/\/www.smedemokrati.sk\/wp-content\/uploads\/2025\/06\/zivotne-prostredie-11062025.jpg","contentUrl":"https:\/\/www.smedemokrati.sk\/wp-content\/uploads\/2025\/06\/zivotne-prostredie-11062025.jpg","width":1229,"height":728},{"@type":"BreadcrumbList","@id":"https:\/\/www.smedemokrati.sk\/zachrani-kmec-miliardy-pre-ludi-ktore-ohrozuje-taraba\/#breadcrumb","itemListElement":[{"@type":"ListItem","position":1,"name":"Domovsk\u00e1 str\u00e1nka","item":"https:\/\/www.smedemokrati.sk\/"},{"@type":"ListItem","position":2,"name":"Zachr\u00e1ni Kmec miliardy pre \u013eud\u00ed, ktor\u00e9 ohrozuje Taraba?"}]},{"@type":"WebSite","@id":"https:\/\/www.smedemokrati.sk\/#website","url":"https:\/\/www.smedemokrati.sk\/","name":"Smedemokrati.sk","description":"Demokracia a slu\u0161nos\u0165 zv\u00ed\u0165az\u00ed","publisher":{"@id":"https:\/\/www.smedemokrati.sk\/#organization"},"potentialAction":[{"@type":"SearchAction","target":{"@type":"EntryPoint","urlTemplate":"https:\/\/www.smedemokrati.sk\/?s={search_term_string}"},"query-input":{"@type":"PropertyValueSpecification","valueRequired":true,"valueName":"search_term_string"}}],"inLanguage":"cs-CZ"},{"@type":"Organization","@id":"https:\/\/www.smedemokrati.sk\/#organization","name":"Smedemokrati.sk","url":"https:\/\/www.smedemokrati.sk\/","logo":{"@type":"ImageObject","inLanguage":"cs-CZ","@id":"https:\/\/www.smedemokrati.sk\/#\/schema\/logo\/image\/","url":"https:\/\/www.smedemokrati.sk\/wp-content\/uploads\/2023\/04\/ff.002.jpeg","contentUrl":"https:\/\/www.smedemokrati.sk\/wp-content\/uploads\/2023\/04\/ff.002.jpeg","width":640,"height":480,"caption":"Smedemokrati.sk"},"image":{"@id":"https:\/\/www.smedemokrati.sk\/#\/schema\/logo\/image\/"},"sameAs":["https:\/\/www.facebook.com\/smedemokrati2023"]},{"@type":"Person","@id":"https:\/\/www.smedemokrati.sk\/#\/schema\/person\/21f147c88d605aa7ded900e1e7c344ba","name":"miro.sopko","image":{"@type":"ImageObject","inLanguage":"cs-CZ","@id":"https:\/\/secure.gravatar.com\/avatar\/267e4a36f704376c109afe3a78740c1f5dd8675a2180a908699e7863c9247606?s=96&d=mm&r=g","url":"https:\/\/secure.gravatar.com\/avatar\/267e4a36f704376c109afe3a78740c1f5dd8675a2180a908699e7863c9247606?s=96&d=mm&r=g","contentUrl":"https:\/\/secure.gravatar.com\/avatar\/267e4a36f704376c109afe3a78740c1f5dd8675a2180a908699e7863c9247606?s=96&d=mm&r=g","caption":"miro.sopko"},"url":"https:\/\/www.smedemokrati.sk\/cs\/author\/miro-sopko\/"}]}},"_links":{"self":[{"href":"https:\/\/www.smedemokrati.sk\/cs\/wp-json\/wp\/v2\/posts\/7521","targetHints":{"allow":["GET"]}}],"collection":[{"href":"https:\/\/www.smedemokrati.sk\/cs\/wp-json\/wp\/v2\/posts"}],"about":[{"href":"https:\/\/www.smedemokrati.sk\/cs\/wp-json\/wp\/v2\/types\/post"}],"author":[{"embeddable":true,"href":"https:\/\/www.smedemokrati.sk\/cs\/wp-json\/wp\/v2\/users\/13"}],"replies":[{"embeddable":true,"href":"https:\/\/www.smedemokrati.sk\/cs\/wp-json\/wp\/v2\/comments?post=7521"}],"version-history":[{"count":1,"href":"https:\/\/www.smedemokrati.sk\/cs\/wp-json\/wp\/v2\/posts\/7521\/revisions"}],"predecessor-version":[{"id":7523,"href":"https:\/\/www.smedemokrati.sk\/cs\/wp-json\/wp\/v2\/posts\/7521\/revisions\/7523"}],"wp:featuredmedia":[{"embeddable":true,"href":"https:\/\/www.smedemokrati.sk\/cs\/wp-json\/wp\/v2\/media\/7522"}],"wp:attachment":[{"href":"https:\/\/www.smedemokrati.sk\/cs\/wp-json\/wp\/v2\/media?parent=7521"}],"wp:term":[{"taxonomy":"category","embeddable":true,"href":"https:\/\/www.smedemokrati.sk\/cs\/wp-json\/wp\/v2\/categories?post=7521"},{"taxonomy":"post_tag","embeddable":true,"href":"https:\/\/www.smedemokrati.sk\/cs\/wp-json\/wp\/v2\/tags?post=7521"}],"curies":[{"name":"wp","href":"https:\/\/api.w.org\/{rel}","templated":true}]}}