{"id":7519,"date":"2025-06-11T09:46:24","date_gmt":"2025-06-11T08:46:24","guid":{"rendered":"https:\/\/www.smedemokrati.sk\/?p=7519"},"modified":"2025-06-11T09:46:24","modified_gmt":"2025-06-11T08:46:24","slug":"dotacie-na-podporu-cestovneho-ruchu-po-slovensky-novi-turisti-nie-lavicky-a-zachody-ano","status":"publish","type":"post","link":"https:\/\/www.smedemokrati.sk\/cs\/dotacie-na-podporu-cestovneho-ruchu-po-slovensky-novi-turisti-nie-lavicky-a-zachody-ano\/","title":{"rendered":"Dot\u00e1cie na podporu cestovn\u00e9ho ruchu po slovensky: Nov\u00ed turisti? Nie. Lavi\u010dky a z\u00e1chody? \u00c1no"},"content":{"rendered":"<div id=\"fb-root\"><\/div>\n\n<p><strong>Predstavitelia Ministerstva cestovn\u00e9ho ruchu a \u0161portu SR opakovane deklarovali snahu podpori\u0165 aktivity zameran\u00e9 na zv\u00fd\u0161enie po\u010dtu n\u00e1v\u0161tevn\u00edkov Slovenska. Jedn\u00fdm z hlavn\u00fdch n\u00e1strojov mala by\u0165 nov\u00e1 dota\u010dn\u00e1 sch\u00e9ma na podporu existuj\u00facich alebo nov\u00fdch leteck\u00fdch spojen\u00ed medzi slovensk\u00fdmi medzin\u00e1rodn\u00fdmi letiskami a zahrani\u010dn\u00fdmi destin\u00e1ciami. V\u00fdzva sa pripravovala tri\u0161tvrte roka, av\u0161ak zbyto\u010dne.<\/strong><\/p>\n\n\n\n<p><em>\u201eOp\u00e4\u0165 sa ukazuje, \u017ee predstavitelia tejto vl\u00e1dy nedok\u00e1\u017eu rozm\u00fd\u0161\u013ea\u0165 syst\u00e9movo a dlhodobo. Ch\u00fdba im v\u00edzia pre Slovensko a jedin\u00e9, \u010do vedia, je&nbsp;<\/em><em>\u201e<\/em><em>kupova\u0165\u2018 si dot\u00e1ciami starostov. Najnov\u0161\u00edm pre\u0161\u013eapom ministra Huliaka je stopnutie pr\u00edpravy priamej podpory leteck\u00fdch spojen\u00ed, v\u010faka ktorej by na\u0161u krajinu mohli nav\u0161t\u00edvi\u0165 tis\u00edce turistov. To by bol re\u00e1lny impulz pre dom\u00e1ci cestovn\u00fd ruch,\u201c<\/em>&nbsp;uviedol gener\u00e1lny sekret\u00e1r Demokratov a expert na region\u00e1lny rozvoj Peter Markovi\u010d.<\/p>\n\n\n\n<p>Napriek p\u00f4vodn\u00fdm z\u00e1merom boli zdroje vy\u010dlenen\u00e9 na nov\u00e9 leteck\u00e9 linky vo v\u00fd\u0161ke 4,5 mili\u00f3na eur presunut\u00e9 na drobn\u00e9 invest\u00edcie v obciach do 5.000 obyvate\u013eov, a to bez strategick\u00e9ho pl\u00e1nu, ktor\u00e9 destin\u00e1cie v&nbsp;r\u00e1mci Slovenska maj\u00fa potenci\u00e1l rastu v&nbsp;r\u00e1mci dom\u00e1ceho cestovn\u00e9ho ruchu a&nbsp;ktor\u00e9 maj\u00fa preuk\u00e1zate\u013en\u00fd vplyv na pr\u00edlev zahrani\u010dn\u00fdch turistov.<\/p>\n\n\n\n<p>Ako dodal Markovi\u010d,&nbsp;<em>\u201enov\u00e9 lavi\u010dky \u010di verejn\u00e9 toalety m\u00f4\u017eu s\u00edce spr\u00edjemni\u0165 v\u00fdlet \u010di zlep\u0161i\u0165 kvalitu slu\u017eieb pre dom\u00e1cich aj n\u00e1v\u0161tevn\u00edkov no len \u0165a\u017eko bud\u00fa rozhoduj\u00facim d\u00f4vodom, pre\u010do by turisti zo zahrani\u010dia zav\u00edtali pr\u00e1ve na Slovensko. Na\u0161e k\u00fapele, hory \u010di vodn\u00e9 atrakcie m\u00f4\u017eu uspie\u0165 v glob\u00e1lnej konkurencii len vtedy, ak sa sem \u013eudia dostan\u00fa a&nbsp;bud\u00fa ma\u0165 vytvoren\u00fa kvalitn\u00fa modern\u00fa ponuku slu\u017eieb aj cez podnikate\u013esk\u00e9 subjekty. A priame leteck\u00e9 spojenia s\u00fa na to z\u00e1kladnou podmienkou.\u201c<\/em><\/p>\n\n\n\n<p>Paradoxom ost\u00e1va, \u017ee to ist\u00e9 ministerstvo aktu\u00e1lne zabezpe\u010duje 19-mili\u00f3nov\u00fa prezent\u00e1ciu Slovenska na svetovej v\u00fdstave EXPO Osaka, ktorej hlavn\u00fdm cie\u013eom je pr\u00e1ve podpori\u0165 pr\u00edjazdov\u00fd (incomingov\u00fd) turizmus. V kontraste s t\u00fdm v\u0161ak rezort rezignuje na konkr\u00e9tne kroky, ktor\u00e9 by to re\u00e1lne umo\u017enili.<\/p>\n\n\n\n<p><em>\u201eMinieme 19 mili\u00f3nov eur v&nbsp;Osake, aby sme zaujali turistov z&nbsp;cel\u00e9ho sveta, no&nbsp;potom ich neprivezieme na Slovensko. To, \u017eia\u013e, nov\u00e1 dreven\u00e1 lavi\u010dka v&nbsp;niektorej obci nevyrie\u0161i,\u201d<\/em>&nbsp;skon\u0161tatoval Markovi\u010d. Pod\u013ea Demokratov je fungovanie samostatn\u00e9ho a&nbsp;umelo vytvoren\u00e9ho ministerstva cestovn\u00e9ho ruchu a&nbsp;\u0161portu zbyto\u010dn\u00fdm luxusom, a&nbsp;to \u0161peci\u00e1lne v&nbsp;obdob\u00ed potreby konsolid\u00e1cie verejn\u00fdch financi\u00ed.<\/p>\n\n\n\n<p><em>\u201eTak\u00e9to ,lavi\u010dkov\u00e9\u2018 dot\u00e1cie m\u00f4\u017eu dnes d\u00e1va\u0165 aj krajsk\u00e9 alebo oblastn\u00e9<\/em> <em>organiz\u00e1cie cestovn\u00e9ho ruchu. Ministerstvo malo pr\u00edle\u017eitos\u0165 syst\u00e9movo nastavi\u0165 podporu nov\u00fdch incomingov\u00fdch leteck\u00fdch liniek a d\u00e1tov\u00fdch rie\u0161en\u00ed, no zlyhalo. Nehovoriac o nenap\u013a\u0148an\u00ed krokov Eur\u00f3pskej \u00fanie v\u00a0r\u00e1mci transform\u00e1cie na digit\u00e1lnu a zelen\u00fa ekonomiku pre udr\u017eate\u013en\u00fd cestovn\u00fd ruch. Aj to je \u010fal\u0161\u00edm dokladom, \u017ee ho nepotrebujeme,\u201d<\/em>\u00a0uzavrel Markovi\u010d s\u00a0t\u00fdm, \u017ee v\u00a0pr\u00edpade \u00fa\u010dasti vo vl\u00e1de, Demokrati navrhn\u00fa zru\u0161enie ministerstva a presun jeho agendy na ostatn\u00e9 ministerstv\u00e1, respekt\u00edve vl\u00e1dne organiz\u00e1cie a\u00a0pr\u00eddu so strategick\u00fdm poh\u013eadom na rozvoj leteckej dopravy a\u00a0let\u00edsk na Slovensku, aby z\u00a0toho profitoval najm\u00e4 dom\u00e1ci cestovn\u00fd ruch.<\/p>\n","protected":false},"excerpt":{"rendered":"<p>Predstavitelia Ministerstva cestovn\u00e9ho ruchu a \u0161portu SR opakovane deklarovali snahu podpori\u0165 aktivity zameran\u00e9 na zv\u00fd\u0161enie po\u010dtu n\u00e1v\u0161tevn\u00edkov Slovenska. Jedn\u00fdm z hlavn\u00fdch n\u00e1strojov mala by\u0165 nov\u00e1 dota\u010dn\u00e1 sch\u00e9ma na podporu existuj\u00facich alebo nov\u00fdch leteck\u00fdch spojen\u00ed medzi slovensk\u00fdmi medzin\u00e1rodn\u00fdmi letiskami a zahrani\u010dn\u00fdmi destin\u00e1ciami. V\u00fdzva sa pripravovala tri\u0161tvrte roka, av\u0161ak zbyto\u010dne. \u201eOp\u00e4\u0165 sa ukazuje, \u017ee predstavitelia tejto vl\u00e1dy [&hellip;]<\/p>\n","protected":false},"author":13,"featured_media":387,"comment_status":"closed","ping_status":"closed","sticky":false,"template":"","format":"standard","meta":{"_acf_changed":false,"ngg_post_thumbnail":0,"footnotes":""},"categories":[4],"tags":[],"class_list":["post-7519","post","type-post","status-publish","format-standard","has-post-thumbnail","hentry","category-tlacove-spravy"],"acf":[],"yoast_head":"<!-- This site is optimized with the Yoast SEO plugin v27.2 - https:\/\/yoast.com\/product\/yoast-seo-wordpress\/ -->\n<title>Dot\u00e1cie na podporu cestovn\u00e9ho ruchu po slovensky: Nov\u00ed turisti? Nie. Lavi\u010dky a z\u00e1chody? \u00c1no<\/title>\n<meta name=\"robots\" content=\"index, follow, max-snippet:-1, max-image-preview:large, max-video-preview:-1\" \/>\n<link rel=\"canonical\" href=\"https:\/\/www.smedemokrati.sk\/cs\/dotacie-na-podporu-cestovneho-ruchu-po-slovensky-novi-turisti-nie-lavicky-a-zachody-ano\/\" \/>\n<meta property=\"og:locale\" content=\"cs_CZ\" \/>\n<meta property=\"og:locale:alternate\" content=\"en_US\" \/>\n<meta property=\"og:locale:alternate\" content=\"hu_HU\" \/>\n<meta property=\"og:locale:alternate\" content=\"sk_SK\" \/>\n<meta property=\"og:locale:alternate\" content=\"sv_SE\" \/>\n<meta property=\"og:type\" content=\"article\" \/>\n<meta property=\"og:title\" content=\"Dot\u00e1cie na podporu cestovn\u00e9ho ruchu po slovensky: Nov\u00ed turisti? Nie. Lavi\u010dky a z\u00e1chody? \u00c1no\" \/>\n<meta property=\"og:description\" content=\"Predstavitelia Ministerstva cestovn\u00e9ho ruchu a \u0161portu SR opakovane deklarovali snahu podpori\u0165 aktivity zameran\u00e9 na zv\u00fd\u0161enie po\u010dtu n\u00e1v\u0161tevn\u00edkov Slovenska. Jedn\u00fdm z hlavn\u00fdch n\u00e1strojov mala by\u0165 nov\u00e1 dota\u010dn\u00e1 sch\u00e9ma na podporu existuj\u00facich alebo nov\u00fdch leteck\u00fdch spojen\u00ed medzi slovensk\u00fdmi medzin\u00e1rodn\u00fdmi letiskami a zahrani\u010dn\u00fdmi destin\u00e1ciami. V\u00fdzva sa pripravovala tri\u0161tvrte roka, av\u0161ak zbyto\u010dne. \u201eOp\u00e4\u0165 sa ukazuje, \u017ee predstavitelia tejto vl\u00e1dy [&hellip;]\" \/>\n<meta property=\"og:url\" content=\"https:\/\/www.smedemokrati.sk\/cs\/dotacie-na-podporu-cestovneho-ruchu-po-slovensky-novi-turisti-nie-lavicky-a-zachody-ano\/\" \/>\n<meta property=\"og:site_name\" content=\"Smedemokrati.sk\" \/>\n<meta property=\"article:publisher\" content=\"https:\/\/www.facebook.com\/smedemokrati2023\" \/>\n<meta property=\"article:published_time\" content=\"2025-06-11T08:46:24+00:00\" \/>\n<meta property=\"og:image\" content=\"https:\/\/www.smedemokrati.sk\/wp-content\/uploads\/2023\/04\/PM.jpg\" \/>\n\t<meta property=\"og:image:width\" content=\"1520\" \/>\n\t<meta property=\"og:image:height\" content=\"1080\" \/>\n\t<meta property=\"og:image:type\" content=\"image\/jpeg\" \/>\n<meta name=\"author\" content=\"miro.sopko\" \/>\n<meta name=\"twitter:card\" content=\"summary_large_image\" \/>\n<meta name=\"twitter:label1\" content=\"Napsal(a)\" \/>\n\t<meta name=\"twitter:data1\" content=\"miro.sopko\" \/>\n\t<meta name=\"twitter:label2\" content=\"Odhadovan\u00e1 doba \u010dten\u00ed\" \/>\n\t<meta name=\"twitter:data2\" content=\"3 minuty\" \/>\n<script type=\"application\/ld+json\" class=\"yoast-schema-graph\">{\"@context\":\"https:\/\/schema.org\",\"@graph\":[{\"@type\":\"Article\",\"@id\":\"https:\/\/www.smedemokrati.sk\/dotacie-na-podporu-cestovneho-ruchu-po-slovensky-novi-turisti-nie-lavicky-a-zachody-ano\/#article\",\"isPartOf\":{\"@id\":\"https:\/\/www.smedemokrati.sk\/dotacie-na-podporu-cestovneho-ruchu-po-slovensky-novi-turisti-nie-lavicky-a-zachody-ano\/\"},\"author\":{\"name\":\"miro.sopko\",\"@id\":\"https:\/\/www.smedemokrati.sk\/#\/schema\/person\/21f147c88d605aa7ded900e1e7c344ba\"},\"headline\":\"Dot\u00e1cie na podporu cestovn\u00e9ho ruchu po slovensky: Nov\u00ed turisti? Nie. Lavi\u010dky a z\u00e1chody? \u00c1no\",\"datePublished\":\"2025-06-11T08:46:24+00:00\",\"mainEntityOfPage\":{\"@id\":\"https:\/\/www.smedemokrati.sk\/dotacie-na-podporu-cestovneho-ruchu-po-slovensky-novi-turisti-nie-lavicky-a-zachody-ano\/\"},\"wordCount\":621,\"publisher\":{\"@id\":\"https:\/\/www.smedemokrati.sk\/#organization\"},\"image\":{\"@id\":\"https:\/\/www.smedemokrati.sk\/dotacie-na-podporu-cestovneho-ruchu-po-slovensky-novi-turisti-nie-lavicky-a-zachody-ano\/#primaryimage\"},\"thumbnailUrl\":\"https:\/\/www.smedemokrati.sk\/wp-content\/uploads\/2023\/04\/PM.jpg\",\"articleSection\":[\"Tla\u010dov\u00e9 spr\u00e1vy\"],\"inLanguage\":\"cs-CZ\"},{\"@type\":\"WebPage\",\"@id\":\"https:\/\/www.smedemokrati.sk\/dotacie-na-podporu-cestovneho-ruchu-po-slovensky-novi-turisti-nie-lavicky-a-zachody-ano\/\",\"url\":\"https:\/\/www.smedemokrati.sk\/dotacie-na-podporu-cestovneho-ruchu-po-slovensky-novi-turisti-nie-lavicky-a-zachody-ano\/\",\"name\":\"Dot\u00e1cie na podporu cestovn\u00e9ho ruchu po slovensky: Nov\u00ed turisti? Nie. Lavi\u010dky a z\u00e1chody? \u00c1no\",\"isPartOf\":{\"@id\":\"https:\/\/www.smedemokrati.sk\/#website\"},\"primaryImageOfPage\":{\"@id\":\"https:\/\/www.smedemokrati.sk\/dotacie-na-podporu-cestovneho-ruchu-po-slovensky-novi-turisti-nie-lavicky-a-zachody-ano\/#primaryimage\"},\"image\":{\"@id\":\"https:\/\/www.smedemokrati.sk\/dotacie-na-podporu-cestovneho-ruchu-po-slovensky-novi-turisti-nie-lavicky-a-zachody-ano\/#primaryimage\"},\"thumbnailUrl\":\"https:\/\/www.smedemokrati.sk\/wp-content\/uploads\/2023\/04\/PM.jpg\",\"datePublished\":\"2025-06-11T08:46:24+00:00\",\"breadcrumb\":{\"@id\":\"https:\/\/www.smedemokrati.sk\/dotacie-na-podporu-cestovneho-ruchu-po-slovensky-novi-turisti-nie-lavicky-a-zachody-ano\/#breadcrumb\"},\"inLanguage\":\"cs-CZ\",\"potentialAction\":[{\"@type\":\"ReadAction\",\"target\":[\"https:\/\/www.smedemokrati.sk\/dotacie-na-podporu-cestovneho-ruchu-po-slovensky-novi-turisti-nie-lavicky-a-zachody-ano\/\"]}]},{\"@type\":\"ImageObject\",\"inLanguage\":\"cs-CZ\",\"@id\":\"https:\/\/www.smedemokrati.sk\/dotacie-na-podporu-cestovneho-ruchu-po-slovensky-novi-turisti-nie-lavicky-a-zachody-ano\/#primaryimage\",\"url\":\"https:\/\/www.smedemokrati.sk\/wp-content\/uploads\/2023\/04\/PM.jpg\",\"contentUrl\":\"https:\/\/www.smedemokrati.sk\/wp-content\/uploads\/2023\/04\/PM.jpg\",\"width\":1520,\"height\":1080},{\"@type\":\"BreadcrumbList\",\"@id\":\"https:\/\/www.smedemokrati.sk\/dotacie-na-podporu-cestovneho-ruchu-po-slovensky-novi-turisti-nie-lavicky-a-zachody-ano\/#breadcrumb\",\"itemListElement\":[{\"@type\":\"ListItem\",\"position\":1,\"name\":\"Domovsk\u00e1 str\u00e1nka\",\"item\":\"https:\/\/www.smedemokrati.sk\/\"},{\"@type\":\"ListItem\",\"position\":2,\"name\":\"Dot\u00e1cie na podporu cestovn\u00e9ho ruchu po slovensky: Nov\u00ed turisti? Nie. Lavi\u010dky a z\u00e1chody? \u00c1no\"}]},{\"@type\":\"WebSite\",\"@id\":\"https:\/\/www.smedemokrati.sk\/#website\",\"url\":\"https:\/\/www.smedemokrati.sk\/\",\"name\":\"Smedemokrati.sk\",\"description\":\"Demokracia a slu\u0161nos\u0165 zv\u00ed\u0165az\u00ed\",\"publisher\":{\"@id\":\"https:\/\/www.smedemokrati.sk\/#organization\"},\"potentialAction\":[{\"@type\":\"SearchAction\",\"target\":{\"@type\":\"EntryPoint\",\"urlTemplate\":\"https:\/\/www.smedemokrati.sk\/?s={search_term_string}\"},\"query-input\":{\"@type\":\"PropertyValueSpecification\",\"valueRequired\":true,\"valueName\":\"search_term_string\"}}],\"inLanguage\":\"cs-CZ\"},{\"@type\":\"Organization\",\"@id\":\"https:\/\/www.smedemokrati.sk\/#organization\",\"name\":\"Smedemokrati.sk\",\"url\":\"https:\/\/www.smedemokrati.sk\/\",\"logo\":{\"@type\":\"ImageObject\",\"inLanguage\":\"cs-CZ\",\"@id\":\"https:\/\/www.smedemokrati.sk\/#\/schema\/logo\/image\/\",\"url\":\"https:\/\/www.smedemokrati.sk\/wp-content\/uploads\/2023\/04\/ff.002.jpeg\",\"contentUrl\":\"https:\/\/www.smedemokrati.sk\/wp-content\/uploads\/2023\/04\/ff.002.jpeg\",\"width\":640,\"height\":480,\"caption\":\"Smedemokrati.sk\"},\"image\":{\"@id\":\"https:\/\/www.smedemokrati.sk\/#\/schema\/logo\/image\/\"},\"sameAs\":[\"https:\/\/www.facebook.com\/smedemokrati2023\"]},{\"@type\":\"Person\",\"@id\":\"https:\/\/www.smedemokrati.sk\/#\/schema\/person\/21f147c88d605aa7ded900e1e7c344ba\",\"name\":\"miro.sopko\",\"image\":{\"@type\":\"ImageObject\",\"inLanguage\":\"cs-CZ\",\"@id\":\"https:\/\/secure.gravatar.com\/avatar\/267e4a36f704376c109afe3a78740c1f5dd8675a2180a908699e7863c9247606?s=96&d=mm&r=g\",\"url\":\"https:\/\/secure.gravatar.com\/avatar\/267e4a36f704376c109afe3a78740c1f5dd8675a2180a908699e7863c9247606?s=96&d=mm&r=g\",\"contentUrl\":\"https:\/\/secure.gravatar.com\/avatar\/267e4a36f704376c109afe3a78740c1f5dd8675a2180a908699e7863c9247606?s=96&d=mm&r=g\",\"caption\":\"miro.sopko\"},\"url\":\"https:\/\/www.smedemokrati.sk\/cs\/author\/miro-sopko\/\"}]}<\/script>\n<!-- \/ Yoast SEO plugin. -->","yoast_head_json":{"title":"Dot\u00e1cie na podporu cestovn\u00e9ho ruchu po slovensky: Nov\u00ed turisti? Nie. Lavi\u010dky a z\u00e1chody? \u00c1no","robots":{"index":"index","follow":"follow","max-snippet":"max-snippet:-1","max-image-preview":"max-image-preview:large","max-video-preview":"max-video-preview:-1"},"canonical":"https:\/\/www.smedemokrati.sk\/cs\/dotacie-na-podporu-cestovneho-ruchu-po-slovensky-novi-turisti-nie-lavicky-a-zachody-ano\/","og_locale":"cs_CZ","og_type":"article","og_title":"[:sk]Dot\u00e1cie na podporu cestovn\u00e9ho ruchu po slovensky: Nov\u00ed turisti? Nie. Lavi\u010dky a z\u00e1chody? \u00c1no[:] - Smedemokrati.sk","og_description":"Predstavitelia Ministerstva cestovn\u00e9ho ruchu a \u0161portu SR opakovane deklarovali snahu podpori\u0165 aktivity zameran\u00e9 na zv\u00fd\u0161enie po\u010dtu n\u00e1v\u0161tevn\u00edkov Slovenska. Jedn\u00fdm z hlavn\u00fdch n\u00e1strojov mala by\u0165 nov\u00e1 dota\u010dn\u00e1 sch\u00e9ma na podporu existuj\u00facich alebo nov\u00fdch leteck\u00fdch spojen\u00ed medzi slovensk\u00fdmi medzin\u00e1rodn\u00fdmi letiskami a zahrani\u010dn\u00fdmi destin\u00e1ciami. V\u00fdzva sa pripravovala tri\u0161tvrte roka, av\u0161ak zbyto\u010dne. \u201eOp\u00e4\u0165 sa ukazuje, \u017ee predstavitelia tejto vl\u00e1dy [&hellip;]","og_url":"https:\/\/www.smedemokrati.sk\/cs\/dotacie-na-podporu-cestovneho-ruchu-po-slovensky-novi-turisti-nie-lavicky-a-zachody-ano\/","og_site_name":"Smedemokrati.sk","article_publisher":"https:\/\/www.facebook.com\/smedemokrati2023","article_published_time":"2025-06-11T08:46:24+00:00","og_image":[{"width":1520,"height":1080,"url":"https:\/\/www.smedemokrati.sk\/wp-content\/uploads\/2023\/04\/PM.jpg","type":"image\/jpeg"}],"author":"miro.sopko","twitter_card":"summary_large_image","twitter_misc":{"Napsal(a)":"miro.sopko","Odhadovan\u00e1 doba \u010dten\u00ed":"3 minuty"},"schema":{"@context":"https:\/\/schema.org","@graph":[{"@type":"Article","@id":"https:\/\/www.smedemokrati.sk\/dotacie-na-podporu-cestovneho-ruchu-po-slovensky-novi-turisti-nie-lavicky-a-zachody-ano\/#article","isPartOf":{"@id":"https:\/\/www.smedemokrati.sk\/dotacie-na-podporu-cestovneho-ruchu-po-slovensky-novi-turisti-nie-lavicky-a-zachody-ano\/"},"author":{"name":"miro.sopko","@id":"https:\/\/www.smedemokrati.sk\/#\/schema\/person\/21f147c88d605aa7ded900e1e7c344ba"},"headline":"Dot\u00e1cie na podporu cestovn\u00e9ho ruchu po slovensky: Nov\u00ed turisti? Nie. Lavi\u010dky a z\u00e1chody? \u00c1no","datePublished":"2025-06-11T08:46:24+00:00","mainEntityOfPage":{"@id":"https:\/\/www.smedemokrati.sk\/dotacie-na-podporu-cestovneho-ruchu-po-slovensky-novi-turisti-nie-lavicky-a-zachody-ano\/"},"wordCount":621,"publisher":{"@id":"https:\/\/www.smedemokrati.sk\/#organization"},"image":{"@id":"https:\/\/www.smedemokrati.sk\/dotacie-na-podporu-cestovneho-ruchu-po-slovensky-novi-turisti-nie-lavicky-a-zachody-ano\/#primaryimage"},"thumbnailUrl":"https:\/\/www.smedemokrati.sk\/wp-content\/uploads\/2023\/04\/PM.jpg","articleSection":["Tla\u010dov\u00e9 spr\u00e1vy"],"inLanguage":"cs-CZ"},{"@type":"WebPage","@id":"https:\/\/www.smedemokrati.sk\/dotacie-na-podporu-cestovneho-ruchu-po-slovensky-novi-turisti-nie-lavicky-a-zachody-ano\/","url":"https:\/\/www.smedemokrati.sk\/dotacie-na-podporu-cestovneho-ruchu-po-slovensky-novi-turisti-nie-lavicky-a-zachody-ano\/","name":"Dot\u00e1cie na podporu cestovn\u00e9ho ruchu po slovensky: Nov\u00ed turisti? Nie. Lavi\u010dky a z\u00e1chody? \u00c1no","isPartOf":{"@id":"https:\/\/www.smedemokrati.sk\/#website"},"primaryImageOfPage":{"@id":"https:\/\/www.smedemokrati.sk\/dotacie-na-podporu-cestovneho-ruchu-po-slovensky-novi-turisti-nie-lavicky-a-zachody-ano\/#primaryimage"},"image":{"@id":"https:\/\/www.smedemokrati.sk\/dotacie-na-podporu-cestovneho-ruchu-po-slovensky-novi-turisti-nie-lavicky-a-zachody-ano\/#primaryimage"},"thumbnailUrl":"https:\/\/www.smedemokrati.sk\/wp-content\/uploads\/2023\/04\/PM.jpg","datePublished":"2025-06-11T08:46:24+00:00","breadcrumb":{"@id":"https:\/\/www.smedemokrati.sk\/dotacie-na-podporu-cestovneho-ruchu-po-slovensky-novi-turisti-nie-lavicky-a-zachody-ano\/#breadcrumb"},"inLanguage":"cs-CZ","potentialAction":[{"@type":"ReadAction","target":["https:\/\/www.smedemokrati.sk\/dotacie-na-podporu-cestovneho-ruchu-po-slovensky-novi-turisti-nie-lavicky-a-zachody-ano\/"]}]},{"@type":"ImageObject","inLanguage":"cs-CZ","@id":"https:\/\/www.smedemokrati.sk\/dotacie-na-podporu-cestovneho-ruchu-po-slovensky-novi-turisti-nie-lavicky-a-zachody-ano\/#primaryimage","url":"https:\/\/www.smedemokrati.sk\/wp-content\/uploads\/2023\/04\/PM.jpg","contentUrl":"https:\/\/www.smedemokrati.sk\/wp-content\/uploads\/2023\/04\/PM.jpg","width":1520,"height":1080},{"@type":"BreadcrumbList","@id":"https:\/\/www.smedemokrati.sk\/dotacie-na-podporu-cestovneho-ruchu-po-slovensky-novi-turisti-nie-lavicky-a-zachody-ano\/#breadcrumb","itemListElement":[{"@type":"ListItem","position":1,"name":"Domovsk\u00e1 str\u00e1nka","item":"https:\/\/www.smedemokrati.sk\/"},{"@type":"ListItem","position":2,"name":"Dot\u00e1cie na podporu cestovn\u00e9ho ruchu po slovensky: Nov\u00ed turisti? Nie. Lavi\u010dky a z\u00e1chody? \u00c1no"}]},{"@type":"WebSite","@id":"https:\/\/www.smedemokrati.sk\/#website","url":"https:\/\/www.smedemokrati.sk\/","name":"Smedemokrati.sk","description":"Demokracia a slu\u0161nos\u0165 zv\u00ed\u0165az\u00ed","publisher":{"@id":"https:\/\/www.smedemokrati.sk\/#organization"},"potentialAction":[{"@type":"SearchAction","target":{"@type":"EntryPoint","urlTemplate":"https:\/\/www.smedemokrati.sk\/?s={search_term_string}"},"query-input":{"@type":"PropertyValueSpecification","valueRequired":true,"valueName":"search_term_string"}}],"inLanguage":"cs-CZ"},{"@type":"Organization","@id":"https:\/\/www.smedemokrati.sk\/#organization","name":"Smedemokrati.sk","url":"https:\/\/www.smedemokrati.sk\/","logo":{"@type":"ImageObject","inLanguage":"cs-CZ","@id":"https:\/\/www.smedemokrati.sk\/#\/schema\/logo\/image\/","url":"https:\/\/www.smedemokrati.sk\/wp-content\/uploads\/2023\/04\/ff.002.jpeg","contentUrl":"https:\/\/www.smedemokrati.sk\/wp-content\/uploads\/2023\/04\/ff.002.jpeg","width":640,"height":480,"caption":"Smedemokrati.sk"},"image":{"@id":"https:\/\/www.smedemokrati.sk\/#\/schema\/logo\/image\/"},"sameAs":["https:\/\/www.facebook.com\/smedemokrati2023"]},{"@type":"Person","@id":"https:\/\/www.smedemokrati.sk\/#\/schema\/person\/21f147c88d605aa7ded900e1e7c344ba","name":"miro.sopko","image":{"@type":"ImageObject","inLanguage":"cs-CZ","@id":"https:\/\/secure.gravatar.com\/avatar\/267e4a36f704376c109afe3a78740c1f5dd8675a2180a908699e7863c9247606?s=96&d=mm&r=g","url":"https:\/\/secure.gravatar.com\/avatar\/267e4a36f704376c109afe3a78740c1f5dd8675a2180a908699e7863c9247606?s=96&d=mm&r=g","contentUrl":"https:\/\/secure.gravatar.com\/avatar\/267e4a36f704376c109afe3a78740c1f5dd8675a2180a908699e7863c9247606?s=96&d=mm&r=g","caption":"miro.sopko"},"url":"https:\/\/www.smedemokrati.sk\/cs\/author\/miro-sopko\/"}]}},"_links":{"self":[{"href":"https:\/\/www.smedemokrati.sk\/cs\/wp-json\/wp\/v2\/posts\/7519","targetHints":{"allow":["GET"]}}],"collection":[{"href":"https:\/\/www.smedemokrati.sk\/cs\/wp-json\/wp\/v2\/posts"}],"about":[{"href":"https:\/\/www.smedemokrati.sk\/cs\/wp-json\/wp\/v2\/types\/post"}],"author":[{"embeddable":true,"href":"https:\/\/www.smedemokrati.sk\/cs\/wp-json\/wp\/v2\/users\/13"}],"replies":[{"embeddable":true,"href":"https:\/\/www.smedemokrati.sk\/cs\/wp-json\/wp\/v2\/comments?post=7519"}],"version-history":[{"count":1,"href":"https:\/\/www.smedemokrati.sk\/cs\/wp-json\/wp\/v2\/posts\/7519\/revisions"}],"predecessor-version":[{"id":7520,"href":"https:\/\/www.smedemokrati.sk\/cs\/wp-json\/wp\/v2\/posts\/7519\/revisions\/7520"}],"wp:featuredmedia":[{"embeddable":true,"href":"https:\/\/www.smedemokrati.sk\/cs\/wp-json\/wp\/v2\/media\/387"}],"wp:attachment":[{"href":"https:\/\/www.smedemokrati.sk\/cs\/wp-json\/wp\/v2\/media?parent=7519"}],"wp:term":[{"taxonomy":"category","embeddable":true,"href":"https:\/\/www.smedemokrati.sk\/cs\/wp-json\/wp\/v2\/categories?post=7519"},{"taxonomy":"post_tag","embeddable":true,"href":"https:\/\/www.smedemokrati.sk\/cs\/wp-json\/wp\/v2\/tags?post=7519"}],"curies":[{"name":"wp","href":"https:\/\/api.w.org\/{rel}","templated":true}]}}