{"id":7510,"date":"2025-06-10T17:03:22","date_gmt":"2025-06-10T16:03:22","guid":{"rendered":"https:\/\/www.smedemokrati.sk\/?p=7510"},"modified":"2025-06-10T17:08:38","modified_gmt":"2025-06-10T16:08:38","slug":"babractvo-ministra-tarabu-slovensko-moze-prist-o-miliardy-z-europskych-zdrojov","status":"publish","type":"post","link":"https:\/\/www.smedemokrati.sk\/cs\/babractvo-ministra-tarabu-slovensko-moze-prist-o-miliardy-z-europskych-zdrojov\/","title":{"rendered":"Babr\u00e1ctvo ministra Tarabu: Slovensko m\u00f4\u017ee pr\u00eds\u0165 o miliardy z eur\u00f3pskych zdrojov"},"content":{"rendered":"<div id=\"fb-root\"><\/div>\n\n<p><strong>Demokrati disponuj\u00fa nezverejnen\u00fdm no ofici\u00e1lnym vl\u00e1dnym dokumentom, z ktor\u00e9ho vypl\u00fdva, \u017ee Slovensko m\u00f4\u017ee pr\u00eds\u0165 pre ne\u010dinnos\u0165 ministra Tarabu o pribli\u017ene 1,53 mld. eur zo Soci\u00e1lno-klimatick\u00e9ho fondu (SKF). Predpokladom jeho \u010derpania je schv\u00e1lenie z\u00e1kona, ktor\u00fdm sa transponuje smernica E\u00da o roz\u0161\u00edren\u00ed syst\u00e9mu obchodovania s emisn\u00fdmi kv\u00f3tami. Doteraz tak vykonalo u\u017e 16 \u010dlensk\u00fdch \u0161t\u00e1tov, Slovensko v d\u00f4sledku Tarabovej ne\u010dinnosti nie. Eur\u00f3pska komisia potvrdila, \u017ee v pr\u00edpade neschv\u00e1lenia z\u00e1kona je \u010derpanie mili\u00e1rd eur vyl\u00fa\u010den\u00e9. \u010cas na predlo\u017eenie soci\u00e1lno-klimatick\u00e9ho pl\u00e1nu je len do j\u00fana 2025. Vyz\u00fdvame ministra Tarabu a podpredsedu vl\u00e1dy Kmeca, ktor\u00fd je gestorom SKF, aby ur\u00fdchlene konali.&nbsp;<\/strong><\/p>\n\n\n\n<p><em>\u201eUpozor\u0148ujeme na \u010fal\u0161\u00ed \u0161kand\u00e1l. Minister Taraba nekon\u00e1 a&nbsp;t\u00fdm ohrozuje mo\u017enos\u0165 vyu\u017eitia \u010fal\u0161\u00edch mili\u00e1rd eur z&nbsp;eur\u00f3pskych zdrojov. Tie m\u00f4\u017eu&nbsp; by\u0165 cenou za babr\u00e1ctvo rezortu \u017eivotn\u00e9ho prostredia. Smernicu o roz\u0161\u00edren\u00ed syst\u00e9mu ETS budeme musie\u0165 do n\u00e1\u0161ho poriadku prevzia\u0165 tak, \u010di onak, dokonca pod hrozbou pok\u00fat. Taraba tak z ideologick\u00fdch d\u00f4vodov odmieta vykona\u0165. Odklad sa mu vyrokova\u0165 nepodarilo, jedin\u00fdm d\u00f4sledkom bude, \u017ee slovensk\u00e9 dom\u00e1cnosti pr\u00eddu o jeden a pol miliardy aj na obnovu rodinn\u00fdch domov. To je doslova pr\u00edklad jeho \u201cgeni\u00e1lneho mana\u017e\u00e9rskeho rozhodnutia. Pred Tarabov\u00fdmi populistick\u00fdmi \u00fatokmi na predch\u00e1dzaj\u00face vl\u00e1dy a slov\u00e1ch o ekoteroristoch z Bruselu ho upozor\u0148ujem, \u017ee cie\u013e klimatickej neutrality schv\u00e1lila vl\u00e1da Petra Pellegriniho za \u00fa\u010dasti SNS v roku 2019 a za smernicu, ktor\u00fa mus\u00ed Slovensko prevzia\u0165, hlasovali aj europoslanci za SMER-SSD. N\u00e1m sa podarilo pre Slovensko vyrokova\u0165 mimoriadne v\u00fdhodn\u00fd aloka\u010dn\u00fd k\u013e\u00fa\u010d, v\u010faka ktor\u00e9mu budeme \u010dist\u00ed prij\u00edmatelia,\u201c<\/em><strong>&nbsp;<\/strong>uviedol environment\u00e1lny expert strany Michal Ki\u010da.<\/p>\n\n\n\n<p>Ofici\u00e1lny dokument, ktor\u00fdm disponujeme, je z prostredia N\u00e1rodnej implementa\u010dnej a&nbsp;koordina\u010dnej autority v gescii samotn\u00e9ho podpredsedu vl\u00e1dy Petra Kmeca. Touto t\u00e9mou sa m\u00e1 zaobera\u0165 aj Rada vl\u00e1dy Slovenskej republiky pre region\u00e1lny rozvoj a politiku s\u00fadr\u017enosti Eur\u00f3pskej \u00fanie na svojom zasadnut\u00ed 12. j\u00fana 2025.&nbsp;<\/p>\n\n\n\n<p><em>\u201eZelen\u00e1 transform\u00e1cia je pre Slovensko obrovskou pr\u00edle\u017eitos\u0165ou, ktor\u00fa mus\u00edme vyu\u017ei\u0165 a premeni\u0165 ju na na\u0161u v\u00fdhodu. Zo SKF sa m\u00f4\u017ee financova\u0165 obnova 20 000 rodinn\u00fdch domov, podpora pre 11 600 vlastn\u00edkov bytov, 500 zariaden\u00ed soci\u00e1lneho b\u00fdvania, pokra\u010dovanie projektu Zelen\u00e1 dom\u00e1cnostiam pre 1500 zranite\u013en\u00fdch dom\u00e1cnost\u00ed, dekarboniz\u00e1cia vykurovania pre 20 samospr\u00e1v, poskytovanie zliav v doprave, rekon\u0161trukcia 5 trat\u00ed v dopravno-chudobn\u00fdch regi\u00f3noch, vytvorenie 20 pr\u00edpojn\u00fdch liniek \u010di 6000 nab\u00edjac\u00edch stan\u00edc. Soci\u00e1lno-klimatick\u00fd pl\u00e1n, ktor\u00e9ho prijatie je druhou podmienkou \u010derpania zdrojov z fondu, m\u00e1 by\u0165 hotov\u00fd do konca j\u00fana. Bez neho na peniaze nedosiahneme. \u010cas be\u017e\u00ed,\u201d<\/em><strong>&nbsp;<\/strong>dodal gener\u00e1lny sekret\u00e1r Demokratov a expert na region\u00e1lny rozvoj Peter Markovi\u010d.<\/p>\n\n\n\n<p><em>\u201eVyz\u00fdvam ministra Tarabu a podpredsedu vl\u00e1dy Kmeca, aby sa kone\u010dne zamerali na pr\u00e1cu v prospech ob\u010danov Slovenska a ur\u00fdchlene zabezpe\u010dili schv\u00e1lenie potrebnej legislat\u00edvy. Inak bude prepadnutie ka\u017ed\u00e9ho jedn\u00e9ho eura ich priamou zodpovednos\u0165ou,<\/em>\u201d uzavrel Michal Ki\u010da.<\/p>\n\n\n<div class=\"fb-video\" data-href=\"https:\/\/fb.watch\/A7YUm9n3bk\" data-allowfullscreen=\"true\" data-autoplay=\"false\" data-width=\"\" data-show-text=\"false\" data-show-captions=\"true\"><\/div>\n","protected":false},"excerpt":{"rendered":"<p>Demokrati disponuj\u00fa nezverejnen\u00fdm no ofici\u00e1lnym vl\u00e1dnym dokumentom, z ktor\u00e9ho vypl\u00fdva, \u017ee Slovensko m\u00f4\u017ee pr\u00eds\u0165 pre ne\u010dinnos\u0165 ministra Tarabu o pribli\u017ene 1,53 mld. eur zo Soci\u00e1lno-klimatick\u00e9ho fondu (SKF). Predpokladom jeho \u010derpania je schv\u00e1lenie z\u00e1kona, ktor\u00fdm sa transponuje smernica E\u00da o roz\u0161\u00edren\u00ed syst\u00e9mu obchodovania s emisn\u00fdmi kv\u00f3tami. Doteraz tak vykonalo u\u017e 16 \u010dlensk\u00fdch \u0161t\u00e1tov, Slovensko v d\u00f4sledku [&hellip;]<\/p>\n","protected":false},"author":13,"featured_media":7511,"comment_status":"closed","ping_status":"closed","sticky":false,"template":"","format":"standard","meta":{"_acf_changed":false,"ngg_post_thumbnail":0,"footnotes":""},"categories":[4],"tags":[],"class_list":["post-7510","post","type-post","status-publish","format-standard","has-post-thumbnail","hentry","category-tlacove-spravy"],"acf":[],"yoast_head":"<!-- This site is optimized with the Yoast SEO plugin v27.2 - https:\/\/yoast.com\/product\/yoast-seo-wordpress\/ -->\n<title>Babr\u00e1ctvo ministra Tarabu: Slovensko m\u00f4\u017ee pr\u00eds\u0165 o miliardy z eur\u00f3pskych zdrojov<\/title>\n<meta name=\"robots\" content=\"index, follow, max-snippet:-1, max-image-preview:large, max-video-preview:-1\" \/>\n<link rel=\"canonical\" href=\"https:\/\/www.smedemokrati.sk\/cs\/babractvo-ministra-tarabu-slovensko-moze-prist-o-miliardy-z-europskych-zdrojov\/\" \/>\n<meta property=\"og:locale\" content=\"cs_CZ\" \/>\n<meta property=\"og:locale:alternate\" content=\"en_US\" \/>\n<meta property=\"og:locale:alternate\" content=\"hu_HU\" \/>\n<meta property=\"og:locale:alternate\" content=\"sk_SK\" \/>\n<meta property=\"og:locale:alternate\" content=\"sv_SE\" \/>\n<meta property=\"og:type\" content=\"article\" \/>\n<meta property=\"og:title\" content=\"Babr\u00e1ctvo ministra Tarabu: Slovensko m\u00f4\u017ee pr\u00eds\u0165 o miliardy z eur\u00f3pskych zdrojov\" \/>\n<meta property=\"og:description\" content=\"Demokrati disponuj\u00fa nezverejnen\u00fdm no ofici\u00e1lnym vl\u00e1dnym dokumentom, z ktor\u00e9ho vypl\u00fdva, \u017ee Slovensko m\u00f4\u017ee pr\u00eds\u0165 pre ne\u010dinnos\u0165 ministra Tarabu o pribli\u017ene 1,53 mld. eur zo Soci\u00e1lno-klimatick\u00e9ho fondu (SKF). Predpokladom jeho \u010derpania je schv\u00e1lenie z\u00e1kona, ktor\u00fdm sa transponuje smernica E\u00da o roz\u0161\u00edren\u00ed syst\u00e9mu obchodovania s emisn\u00fdmi kv\u00f3tami. Doteraz tak vykonalo u\u017e 16 \u010dlensk\u00fdch \u0161t\u00e1tov, Slovensko v d\u00f4sledku [&hellip;]\" \/>\n<meta property=\"og:url\" content=\"https:\/\/www.smedemokrati.sk\/cs\/babractvo-ministra-tarabu-slovensko-moze-prist-o-miliardy-z-europskych-zdrojov\/\" \/>\n<meta property=\"og:site_name\" content=\"Smedemokrati.sk\" \/>\n<meta property=\"article:publisher\" content=\"https:\/\/www.facebook.com\/smedemokrati2023\" \/>\n<meta property=\"article:published_time\" content=\"2025-06-10T16:03:22+00:00\" \/>\n<meta property=\"article:modified_time\" content=\"2025-06-10T16:08:38+00:00\" \/>\n<meta property=\"og:image\" content=\"https:\/\/www.smedemokrati.sk\/wp-content\/uploads\/2025\/06\/taraba-je-babrak.jpg\" \/>\n\t<meta property=\"og:image:width\" content=\"1772\" \/>\n\t<meta property=\"og:image:height\" content=\"922\" \/>\n\t<meta property=\"og:image:type\" content=\"image\/jpeg\" \/>\n<meta name=\"author\" content=\"miro.sopko\" \/>\n<meta name=\"twitter:card\" content=\"summary_large_image\" \/>\n<meta name=\"twitter:label1\" content=\"Napsal(a)\" \/>\n\t<meta name=\"twitter:data1\" content=\"miro.sopko\" \/>\n\t<meta name=\"twitter:label2\" content=\"Odhadovan\u00e1 doba \u010dten\u00ed\" \/>\n\t<meta name=\"twitter:data2\" content=\"3 minuty\" \/>\n<script type=\"application\/ld+json\" class=\"yoast-schema-graph\">{\"@context\":\"https:\/\/schema.org\",\"@graph\":[{\"@type\":\"Article\",\"@id\":\"https:\/\/www.smedemokrati.sk\/babractvo-ministra-tarabu-slovensko-moze-prist-o-miliardy-z-europskych-zdrojov\/#article\",\"isPartOf\":{\"@id\":\"https:\/\/www.smedemokrati.sk\/babractvo-ministra-tarabu-slovensko-moze-prist-o-miliardy-z-europskych-zdrojov\/\"},\"author\":{\"name\":\"miro.sopko\",\"@id\":\"https:\/\/www.smedemokrati.sk\/#\/schema\/person\/21f147c88d605aa7ded900e1e7c344ba\"},\"headline\":\"Babr\u00e1ctvo ministra Tarabu: Slovensko m\u00f4\u017ee pr\u00eds\u0165 o miliardy z eur\u00f3pskych zdrojov\",\"datePublished\":\"2025-06-10T16:03:22+00:00\",\"dateModified\":\"2025-06-10T16:08:38+00:00\",\"mainEntityOfPage\":{\"@id\":\"https:\/\/www.smedemokrati.sk\/babractvo-ministra-tarabu-slovensko-moze-prist-o-miliardy-z-europskych-zdrojov\/\"},\"wordCount\":580,\"publisher\":{\"@id\":\"https:\/\/www.smedemokrati.sk\/#organization\"},\"image\":{\"@id\":\"https:\/\/www.smedemokrati.sk\/babractvo-ministra-tarabu-slovensko-moze-prist-o-miliardy-z-europskych-zdrojov\/#primaryimage\"},\"thumbnailUrl\":\"https:\/\/www.smedemokrati.sk\/wp-content\/uploads\/2025\/06\/taraba-je-babrak.jpg\",\"articleSection\":[\"Tla\u010dov\u00e9 spr\u00e1vy\"],\"inLanguage\":\"cs-CZ\"},{\"@type\":\"WebPage\",\"@id\":\"https:\/\/www.smedemokrati.sk\/babractvo-ministra-tarabu-slovensko-moze-prist-o-miliardy-z-europskych-zdrojov\/\",\"url\":\"https:\/\/www.smedemokrati.sk\/babractvo-ministra-tarabu-slovensko-moze-prist-o-miliardy-z-europskych-zdrojov\/\",\"name\":\"Babr\u00e1ctvo ministra Tarabu: Slovensko m\u00f4\u017ee pr\u00eds\u0165 o miliardy z eur\u00f3pskych zdrojov\",\"isPartOf\":{\"@id\":\"https:\/\/www.smedemokrati.sk\/#website\"},\"primaryImageOfPage\":{\"@id\":\"https:\/\/www.smedemokrati.sk\/babractvo-ministra-tarabu-slovensko-moze-prist-o-miliardy-z-europskych-zdrojov\/#primaryimage\"},\"image\":{\"@id\":\"https:\/\/www.smedemokrati.sk\/babractvo-ministra-tarabu-slovensko-moze-prist-o-miliardy-z-europskych-zdrojov\/#primaryimage\"},\"thumbnailUrl\":\"https:\/\/www.smedemokrati.sk\/wp-content\/uploads\/2025\/06\/taraba-je-babrak.jpg\",\"datePublished\":\"2025-06-10T16:03:22+00:00\",\"dateModified\":\"2025-06-10T16:08:38+00:00\",\"breadcrumb\":{\"@id\":\"https:\/\/www.smedemokrati.sk\/babractvo-ministra-tarabu-slovensko-moze-prist-o-miliardy-z-europskych-zdrojov\/#breadcrumb\"},\"inLanguage\":\"cs-CZ\",\"potentialAction\":[{\"@type\":\"ReadAction\",\"target\":[\"https:\/\/www.smedemokrati.sk\/babractvo-ministra-tarabu-slovensko-moze-prist-o-miliardy-z-europskych-zdrojov\/\"]}]},{\"@type\":\"ImageObject\",\"inLanguage\":\"cs-CZ\",\"@id\":\"https:\/\/www.smedemokrati.sk\/babractvo-ministra-tarabu-slovensko-moze-prist-o-miliardy-z-europskych-zdrojov\/#primaryimage\",\"url\":\"https:\/\/www.smedemokrati.sk\/wp-content\/uploads\/2025\/06\/taraba-je-babrak.jpg\",\"contentUrl\":\"https:\/\/www.smedemokrati.sk\/wp-content\/uploads\/2025\/06\/taraba-je-babrak.jpg\",\"width\":1772,\"height\":922},{\"@type\":\"BreadcrumbList\",\"@id\":\"https:\/\/www.smedemokrati.sk\/babractvo-ministra-tarabu-slovensko-moze-prist-o-miliardy-z-europskych-zdrojov\/#breadcrumb\",\"itemListElement\":[{\"@type\":\"ListItem\",\"position\":1,\"name\":\"Domovsk\u00e1 str\u00e1nka\",\"item\":\"https:\/\/www.smedemokrati.sk\/\"},{\"@type\":\"ListItem\",\"position\":2,\"name\":\"Babr\u00e1ctvo ministra Tarabu: Slovensko m\u00f4\u017ee pr\u00eds\u0165 o miliardy z eur\u00f3pskych zdrojov\"}]},{\"@type\":\"WebSite\",\"@id\":\"https:\/\/www.smedemokrati.sk\/#website\",\"url\":\"https:\/\/www.smedemokrati.sk\/\",\"name\":\"Smedemokrati.sk\",\"description\":\"Demokracia a slu\u0161nos\u0165 zv\u00ed\u0165az\u00ed\",\"publisher\":{\"@id\":\"https:\/\/www.smedemokrati.sk\/#organization\"},\"potentialAction\":[{\"@type\":\"SearchAction\",\"target\":{\"@type\":\"EntryPoint\",\"urlTemplate\":\"https:\/\/www.smedemokrati.sk\/?s={search_term_string}\"},\"query-input\":{\"@type\":\"PropertyValueSpecification\",\"valueRequired\":true,\"valueName\":\"search_term_string\"}}],\"inLanguage\":\"cs-CZ\"},{\"@type\":\"Organization\",\"@id\":\"https:\/\/www.smedemokrati.sk\/#organization\",\"name\":\"Smedemokrati.sk\",\"url\":\"https:\/\/www.smedemokrati.sk\/\",\"logo\":{\"@type\":\"ImageObject\",\"inLanguage\":\"cs-CZ\",\"@id\":\"https:\/\/www.smedemokrati.sk\/#\/schema\/logo\/image\/\",\"url\":\"https:\/\/www.smedemokrati.sk\/wp-content\/uploads\/2023\/04\/ff.002.jpeg\",\"contentUrl\":\"https:\/\/www.smedemokrati.sk\/wp-content\/uploads\/2023\/04\/ff.002.jpeg\",\"width\":640,\"height\":480,\"caption\":\"Smedemokrati.sk\"},\"image\":{\"@id\":\"https:\/\/www.smedemokrati.sk\/#\/schema\/logo\/image\/\"},\"sameAs\":[\"https:\/\/www.facebook.com\/smedemokrati2023\"]},{\"@type\":\"Person\",\"@id\":\"https:\/\/www.smedemokrati.sk\/#\/schema\/person\/21f147c88d605aa7ded900e1e7c344ba\",\"name\":\"miro.sopko\",\"image\":{\"@type\":\"ImageObject\",\"inLanguage\":\"cs-CZ\",\"@id\":\"https:\/\/secure.gravatar.com\/avatar\/267e4a36f704376c109afe3a78740c1f5dd8675a2180a908699e7863c9247606?s=96&d=mm&r=g\",\"url\":\"https:\/\/secure.gravatar.com\/avatar\/267e4a36f704376c109afe3a78740c1f5dd8675a2180a908699e7863c9247606?s=96&d=mm&r=g\",\"contentUrl\":\"https:\/\/secure.gravatar.com\/avatar\/267e4a36f704376c109afe3a78740c1f5dd8675a2180a908699e7863c9247606?s=96&d=mm&r=g\",\"caption\":\"miro.sopko\"},\"url\":\"https:\/\/www.smedemokrati.sk\/cs\/author\/miro-sopko\/\"}]}<\/script>\n<!-- \/ Yoast SEO plugin. -->","yoast_head_json":{"title":"Babr\u00e1ctvo ministra Tarabu: Slovensko m\u00f4\u017ee pr\u00eds\u0165 o miliardy z eur\u00f3pskych zdrojov","robots":{"index":"index","follow":"follow","max-snippet":"max-snippet:-1","max-image-preview":"max-image-preview:large","max-video-preview":"max-video-preview:-1"},"canonical":"https:\/\/www.smedemokrati.sk\/cs\/babractvo-ministra-tarabu-slovensko-moze-prist-o-miliardy-z-europskych-zdrojov\/","og_locale":"cs_CZ","og_type":"article","og_title":"[:sk]Babr\u00e1ctvo ministra Tarabu: Slovensko m\u00f4\u017ee pr\u00eds\u0165 o miliardy z eur\u00f3pskych zdrojov[:] - Smedemokrati.sk","og_description":"Demokrati disponuj\u00fa nezverejnen\u00fdm no ofici\u00e1lnym vl\u00e1dnym dokumentom, z ktor\u00e9ho vypl\u00fdva, \u017ee Slovensko m\u00f4\u017ee pr\u00eds\u0165 pre ne\u010dinnos\u0165 ministra Tarabu o pribli\u017ene 1,53 mld. eur zo Soci\u00e1lno-klimatick\u00e9ho fondu (SKF). Predpokladom jeho \u010derpania je schv\u00e1lenie z\u00e1kona, ktor\u00fdm sa transponuje smernica E\u00da o roz\u0161\u00edren\u00ed syst\u00e9mu obchodovania s emisn\u00fdmi kv\u00f3tami. Doteraz tak vykonalo u\u017e 16 \u010dlensk\u00fdch \u0161t\u00e1tov, Slovensko v d\u00f4sledku [&hellip;]","og_url":"https:\/\/www.smedemokrati.sk\/cs\/babractvo-ministra-tarabu-slovensko-moze-prist-o-miliardy-z-europskych-zdrojov\/","og_site_name":"Smedemokrati.sk","article_publisher":"https:\/\/www.facebook.com\/smedemokrati2023","article_published_time":"2025-06-10T16:03:22+00:00","article_modified_time":"2025-06-10T16:08:38+00:00","og_image":[{"width":1772,"height":922,"url":"https:\/\/www.smedemokrati.sk\/wp-content\/uploads\/2025\/06\/taraba-je-babrak.jpg","type":"image\/jpeg"}],"author":"miro.sopko","twitter_card":"summary_large_image","twitter_misc":{"Napsal(a)":"miro.sopko","Odhadovan\u00e1 doba \u010dten\u00ed":"3 minuty"},"schema":{"@context":"https:\/\/schema.org","@graph":[{"@type":"Article","@id":"https:\/\/www.smedemokrati.sk\/babractvo-ministra-tarabu-slovensko-moze-prist-o-miliardy-z-europskych-zdrojov\/#article","isPartOf":{"@id":"https:\/\/www.smedemokrati.sk\/babractvo-ministra-tarabu-slovensko-moze-prist-o-miliardy-z-europskych-zdrojov\/"},"author":{"name":"miro.sopko","@id":"https:\/\/www.smedemokrati.sk\/#\/schema\/person\/21f147c88d605aa7ded900e1e7c344ba"},"headline":"Babr\u00e1ctvo ministra Tarabu: Slovensko m\u00f4\u017ee pr\u00eds\u0165 o miliardy z eur\u00f3pskych zdrojov","datePublished":"2025-06-10T16:03:22+00:00","dateModified":"2025-06-10T16:08:38+00:00","mainEntityOfPage":{"@id":"https:\/\/www.smedemokrati.sk\/babractvo-ministra-tarabu-slovensko-moze-prist-o-miliardy-z-europskych-zdrojov\/"},"wordCount":580,"publisher":{"@id":"https:\/\/www.smedemokrati.sk\/#organization"},"image":{"@id":"https:\/\/www.smedemokrati.sk\/babractvo-ministra-tarabu-slovensko-moze-prist-o-miliardy-z-europskych-zdrojov\/#primaryimage"},"thumbnailUrl":"https:\/\/www.smedemokrati.sk\/wp-content\/uploads\/2025\/06\/taraba-je-babrak.jpg","articleSection":["Tla\u010dov\u00e9 spr\u00e1vy"],"inLanguage":"cs-CZ"},{"@type":"WebPage","@id":"https:\/\/www.smedemokrati.sk\/babractvo-ministra-tarabu-slovensko-moze-prist-o-miliardy-z-europskych-zdrojov\/","url":"https:\/\/www.smedemokrati.sk\/babractvo-ministra-tarabu-slovensko-moze-prist-o-miliardy-z-europskych-zdrojov\/","name":"Babr\u00e1ctvo ministra Tarabu: Slovensko m\u00f4\u017ee pr\u00eds\u0165 o miliardy z eur\u00f3pskych zdrojov","isPartOf":{"@id":"https:\/\/www.smedemokrati.sk\/#website"},"primaryImageOfPage":{"@id":"https:\/\/www.smedemokrati.sk\/babractvo-ministra-tarabu-slovensko-moze-prist-o-miliardy-z-europskych-zdrojov\/#primaryimage"},"image":{"@id":"https:\/\/www.smedemokrati.sk\/babractvo-ministra-tarabu-slovensko-moze-prist-o-miliardy-z-europskych-zdrojov\/#primaryimage"},"thumbnailUrl":"https:\/\/www.smedemokrati.sk\/wp-content\/uploads\/2025\/06\/taraba-je-babrak.jpg","datePublished":"2025-06-10T16:03:22+00:00","dateModified":"2025-06-10T16:08:38+00:00","breadcrumb":{"@id":"https:\/\/www.smedemokrati.sk\/babractvo-ministra-tarabu-slovensko-moze-prist-o-miliardy-z-europskych-zdrojov\/#breadcrumb"},"inLanguage":"cs-CZ","potentialAction":[{"@type":"ReadAction","target":["https:\/\/www.smedemokrati.sk\/babractvo-ministra-tarabu-slovensko-moze-prist-o-miliardy-z-europskych-zdrojov\/"]}]},{"@type":"ImageObject","inLanguage":"cs-CZ","@id":"https:\/\/www.smedemokrati.sk\/babractvo-ministra-tarabu-slovensko-moze-prist-o-miliardy-z-europskych-zdrojov\/#primaryimage","url":"https:\/\/www.smedemokrati.sk\/wp-content\/uploads\/2025\/06\/taraba-je-babrak.jpg","contentUrl":"https:\/\/www.smedemokrati.sk\/wp-content\/uploads\/2025\/06\/taraba-je-babrak.jpg","width":1772,"height":922},{"@type":"BreadcrumbList","@id":"https:\/\/www.smedemokrati.sk\/babractvo-ministra-tarabu-slovensko-moze-prist-o-miliardy-z-europskych-zdrojov\/#breadcrumb","itemListElement":[{"@type":"ListItem","position":1,"name":"Domovsk\u00e1 str\u00e1nka","item":"https:\/\/www.smedemokrati.sk\/"},{"@type":"ListItem","position":2,"name":"Babr\u00e1ctvo ministra Tarabu: Slovensko m\u00f4\u017ee pr\u00eds\u0165 o miliardy z eur\u00f3pskych zdrojov"}]},{"@type":"WebSite","@id":"https:\/\/www.smedemokrati.sk\/#website","url":"https:\/\/www.smedemokrati.sk\/","name":"Smedemokrati.sk","description":"Demokracia a slu\u0161nos\u0165 zv\u00ed\u0165az\u00ed","publisher":{"@id":"https:\/\/www.smedemokrati.sk\/#organization"},"potentialAction":[{"@type":"SearchAction","target":{"@type":"EntryPoint","urlTemplate":"https:\/\/www.smedemokrati.sk\/?s={search_term_string}"},"query-input":{"@type":"PropertyValueSpecification","valueRequired":true,"valueName":"search_term_string"}}],"inLanguage":"cs-CZ"},{"@type":"Organization","@id":"https:\/\/www.smedemokrati.sk\/#organization","name":"Smedemokrati.sk","url":"https:\/\/www.smedemokrati.sk\/","logo":{"@type":"ImageObject","inLanguage":"cs-CZ","@id":"https:\/\/www.smedemokrati.sk\/#\/schema\/logo\/image\/","url":"https:\/\/www.smedemokrati.sk\/wp-content\/uploads\/2023\/04\/ff.002.jpeg","contentUrl":"https:\/\/www.smedemokrati.sk\/wp-content\/uploads\/2023\/04\/ff.002.jpeg","width":640,"height":480,"caption":"Smedemokrati.sk"},"image":{"@id":"https:\/\/www.smedemokrati.sk\/#\/schema\/logo\/image\/"},"sameAs":["https:\/\/www.facebook.com\/smedemokrati2023"]},{"@type":"Person","@id":"https:\/\/www.smedemokrati.sk\/#\/schema\/person\/21f147c88d605aa7ded900e1e7c344ba","name":"miro.sopko","image":{"@type":"ImageObject","inLanguage":"cs-CZ","@id":"https:\/\/secure.gravatar.com\/avatar\/267e4a36f704376c109afe3a78740c1f5dd8675a2180a908699e7863c9247606?s=96&d=mm&r=g","url":"https:\/\/secure.gravatar.com\/avatar\/267e4a36f704376c109afe3a78740c1f5dd8675a2180a908699e7863c9247606?s=96&d=mm&r=g","contentUrl":"https:\/\/secure.gravatar.com\/avatar\/267e4a36f704376c109afe3a78740c1f5dd8675a2180a908699e7863c9247606?s=96&d=mm&r=g","caption":"miro.sopko"},"url":"https:\/\/www.smedemokrati.sk\/cs\/author\/miro-sopko\/"}]}},"_links":{"self":[{"href":"https:\/\/www.smedemokrati.sk\/cs\/wp-json\/wp\/v2\/posts\/7510","targetHints":{"allow":["GET"]}}],"collection":[{"href":"https:\/\/www.smedemokrati.sk\/cs\/wp-json\/wp\/v2\/posts"}],"about":[{"href":"https:\/\/www.smedemokrati.sk\/cs\/wp-json\/wp\/v2\/types\/post"}],"author":[{"embeddable":true,"href":"https:\/\/www.smedemokrati.sk\/cs\/wp-json\/wp\/v2\/users\/13"}],"replies":[{"embeddable":true,"href":"https:\/\/www.smedemokrati.sk\/cs\/wp-json\/wp\/v2\/comments?post=7510"}],"version-history":[{"count":2,"href":"https:\/\/www.smedemokrati.sk\/cs\/wp-json\/wp\/v2\/posts\/7510\/revisions"}],"predecessor-version":[{"id":7515,"href":"https:\/\/www.smedemokrati.sk\/cs\/wp-json\/wp\/v2\/posts\/7510\/revisions\/7515"}],"wp:featuredmedia":[{"embeddable":true,"href":"https:\/\/www.smedemokrati.sk\/cs\/wp-json\/wp\/v2\/media\/7511"}],"wp:attachment":[{"href":"https:\/\/www.smedemokrati.sk\/cs\/wp-json\/wp\/v2\/media?parent=7510"}],"wp:term":[{"taxonomy":"category","embeddable":true,"href":"https:\/\/www.smedemokrati.sk\/cs\/wp-json\/wp\/v2\/categories?post=7510"},{"taxonomy":"post_tag","embeddable":true,"href":"https:\/\/www.smedemokrati.sk\/cs\/wp-json\/wp\/v2\/tags?post=7510"}],"curies":[{"name":"wp","href":"https:\/\/api.w.org\/{rel}","templated":true}]}}