{"id":7460,"date":"2025-06-06T15:28:48","date_gmt":"2025-06-06T14:28:48","guid":{"rendered":"https:\/\/www.smedemokrati.sk\/?p=7460"},"modified":"2025-06-06T15:28:48","modified_gmt":"2025-06-06T14:28:48","slug":"koalicia-panikari-okolo-ppa-pretoze-vedia-ze-maju-problem","status":"publish","type":"post","link":"https:\/\/www.smedemokrati.sk\/cs\/koalicia-panikari-okolo-ppa-pretoze-vedia-ze-maju-problem\/","title":{"rendered":"Koal\u00edcia panik\u00e1ri okolo PPA preto\u017ee vedia, \u017ee maj\u00fa probl\u00e9m"},"content":{"rendered":"<div id=\"fb-root\"><\/div>\n\n<p><strong>Po v\u010deraj\u0161ej tla\u010dovej besede ob\u017ealovan\u00e9ho exprezidenta pol\u00edcie Tibora Ga\u0161para, zn\u00e1meho advok\u00e1ta Mareka Paru a ministra p\u00f4dohospod\u00e1rstva Richarda Tak\u00e1\u010da sa uk\u00e1zalo, \u017ee vl\u00e1dna garnit\u00fara Smeru sa ne\u0161t\u00edti ni\u010doho, ani zneu\u017e\u00edvania \u0161t\u00e1tnych in\u0161tit\u00faci\u00ed na osobn\u00fa obranu pred spravodlivos\u0165ou, ani \u0161pinav\u00fdch \u00fatokov na t\u00fdch, ktor\u00ed odhalili rozkr\u00e1danie \u0161t\u00e1tnych a eur\u00f3pskych pe\u0148az\u00ed.<\/strong><\/p>\n\n\n\n<p><em>\u201eTo, \u010do v\u010dera predviedli Ga\u0161par s Parom a Tak\u00e1\u010dom, nebola tla\u010dov\u00e1 konferencia, bol to bol v\u00fdkrik z\u00fafalstva,\u201c<\/em>&nbsp;povedal podpredseda strany Demokrati Juraj \u0160eliga.&nbsp;<em>\u201eNamiesto faktov a d\u00f4kazov sme po\u010d\u00favali lo\u017e, manipul\u00e1cie a osobn\u00e9 \u00fatoky na Zuzanu \u0160ubov\u00fa, ktor\u00e1 ako \u0161\u00e9fka protikorup\u010dnej sekcie na PPA upozornila na systematick\u00e9 podvody a klientelizmus v prostred\u00ed agrofondov.\u201c<\/em><\/p>\n\n\n\n<p>Strana Demokrati m\u00e1 v\u00e1\u017ene obavy z toho, ako \u0161t\u00e1tne in\u0161tit\u00facie vr\u00e1tane SIS a Ministerstva p\u00f4dohospod\u00e1rstva sl\u00fa\u017eia nie verejnosti, ale naopak, na ochranu skorumpovan\u00fdch \u013eud\u00ed, ktor\u00ed sa boja pravdy.<\/p>\n\n\n\n<p>Zuzana \u0160ubov\u00e1,&nbsp;predsdn\u00ed\u010dka strany Pir\u00e1ti, reaguje na osobn\u00e9 \u00fatoky&nbsp;<em>\u201eTibor Ga\u0161par sa ma sna\u017e\u00ed diskreditova\u0165 rovnak\u00fdmi met\u00f3dami, ak\u00fdmi sa roky zakr\u00fdvala trestn\u00e1 \u010dinnos\u0165 \u013eud\u00ed bl\u00edzkych Smeru. Jeho obvinenia s\u00fa lo\u017e, neobsahuj\u00fa jedin\u00fd d\u00f4kaz, a v mnoh\u00fdch pr\u00edpadoch s\u00fa vyvr\u00e1tite\u013en\u00e9 \u010dierne na bielom dokumentmi, ktor\u00e9 som v\u010dera zverejnila. Je na\u010dase, aby Ga\u0161par a jeho kump\u00e1ni pochopili, \u017ee doba beztrestnosti sa skon\u010dila.\u201c<\/em><\/p>\n\n\n\n<p>Z\u00e1rove\u0148 upozornila na nebezpe\u010dn\u00e9 zneu\u017eitie tajnej slu\u017eby:&nbsp;<em>\u201eSom pripraven\u00e1 br\u00e1ni\u0165 sa v\u0161etk\u00fdmi prostriedkami, aj pr\u00e1vnymi. Ale chcem vedie\u0165, na \u010d\u00ed pokyn ma SIS monitorovala. A \u010di to prebiehalo so s\u00fahlasom s\u00fadu. Ak nie, ide o hrub\u00e9 poru\u0161enie z\u00e1kona. A Ga\u0161par mlad\u0161\u00ed ako \u0161\u00e9f SIS m\u00e1 vysvet\u013eova\u0165, nie pod\u00e1va\u0165 trestn\u00e9 ozn\u00e1menia na europoslancov,\u201c&nbsp;<\/em>dodala \u0160ubov\u00e1.<\/p>\n\n\n\n<p>Demokrati tie\u017e upozor\u0148uj\u00fa, \u017ee po\u010das p\u00f4sobenia protikorup\u010dnej sekcie veden\u00edm \u0160ubovej sa podali trestn\u00e9 ozn\u00e1menia aj na \u013eud\u00ed z vl\u00e1d Matovi\u010da a Hegera, vr\u00e1tane nominantov PPA a najbli\u017e\u0161\u00edch \u013eud\u00ed Franti\u0161ka Oravca. \u0160ubov\u00e1 t\u00fdm jednozna\u010dne dok\u00e1zala, \u017ee pre \u0148u z\u00e1kon plat\u00ed rovnako pre v\u0161etk\u00fdch: padni, komu padni.<\/p>\n\n\n\n<p><em>\u201e\u0160ubov\u00e1 odhalila podvody, ktor\u00e9 umo\u017enili pr\u00fadenie st\u00e1tis\u00edcov eur k firm\u00e1m zap\u00edsan\u00fdm v registri podvodov. Minister Tak\u00e1\u010d sa dnes tv\u00e1ri, \u017ee ide o omyl, ale skuto\u010dn\u00fd omyl bol, \u017ee \u0161t\u00e1t v ich ruk\u00e1ch roky ml\u010dal. A dnes sa ich banda mst\u00ed t\u00fdm, ktor\u00ed sa neb\u00e1li hovori\u0165 pravdu,\u201c&nbsp;<\/em>vyhl\u00e1sil Juraj \u0160eliga.<\/p>\n\n\n\n<p>Demokrati vyz\u00fdvaj\u00fa Richarda Tak\u00e1\u010da, aby okam\u017eite vysvetlil: Pre\u010do doteraz nekonal v pr\u00edpade zneu\u017eitia \u0161t\u00e1tnych pe\u0148az\u00ed pri penzi\u00f3ne Onderi\u0161inovej? Pre\u010do SIS odmietala spolupracova\u0165 s pol\u00edciou pri vy\u0161etrovan\u00ed korupcie na PPA? Pre\u010do ministerstvo nezverejnilo v\u00fdsledky vy\u0161etrovania vlastn\u00fdch pochyben\u00ed?<\/p>\n\n\n\n<p>A z\u00e1rove\u0148 vyz\u00fdvaj\u00fa Tibora Ga\u0161para aby predlo\u017eil d\u00f4kazy na svoje tvrdenia alebo sa ospravedlnil a tie\u017e aby skon\u010dil s dezinforma\u010dnou kampa\u0148ou, ktor\u00e1 m\u00e1 len odp\u00fata\u0165 pozornos\u0165 od rozkr\u00e1dania verejn\u00fdch zdrojov.<\/p>\n\n\n<div class=\"fb-video\" data-href=\"https:\/\/fb.watch\/A2zNXU6umO\" data-allowfullscreen=\"true\" data-autoplay=\"false\" data-width=\"\" data-show-text=\"false\" data-show-captions=\"true\"><\/div>\n","protected":false},"excerpt":{"rendered":"<p>Po v\u010deraj\u0161ej tla\u010dovej besede ob\u017ealovan\u00e9ho exprezidenta pol\u00edcie Tibora Ga\u0161para, zn\u00e1meho advok\u00e1ta Mareka Paru a ministra p\u00f4dohospod\u00e1rstva Richarda Tak\u00e1\u010da sa uk\u00e1zalo, \u017ee vl\u00e1dna garnit\u00fara Smeru sa ne\u0161t\u00edti ni\u010doho, ani zneu\u017e\u00edvania \u0161t\u00e1tnych in\u0161tit\u00faci\u00ed na osobn\u00fa obranu pred spravodlivos\u0165ou, ani \u0161pinav\u00fdch \u00fatokov na t\u00fdch, ktor\u00ed odhalili rozkr\u00e1danie \u0161t\u00e1tnych a eur\u00f3pskych pe\u0148az\u00ed. \u201eTo, \u010do v\u010dera predviedli Ga\u0161par s Parom [&hellip;]<\/p>\n","protected":false},"author":13,"featured_media":7461,"comment_status":"closed","ping_status":"closed","sticky":false,"template":"","format":"standard","meta":{"_acf_changed":false,"ngg_post_thumbnail":0,"footnotes":""},"categories":[4],"tags":[],"class_list":["post-7460","post","type-post","status-publish","format-standard","has-post-thumbnail","hentry","category-tlacove-spravy"],"acf":[],"yoast_head":"<!-- This site is optimized with the Yoast SEO plugin v27.2 - https:\/\/yoast.com\/product\/yoast-seo-wordpress\/ -->\n<title>Koal\u00edcia panik\u00e1ri okolo PPA preto\u017ee vedia, \u017ee maj\u00fa probl\u00e9m<\/title>\n<meta name=\"robots\" content=\"index, follow, max-snippet:-1, max-image-preview:large, max-video-preview:-1\" \/>\n<link rel=\"canonical\" href=\"https:\/\/www.smedemokrati.sk\/cs\/koalicia-panikari-okolo-ppa-pretoze-vedia-ze-maju-problem\/\" \/>\n<meta property=\"og:locale\" content=\"cs_CZ\" \/>\n<meta property=\"og:locale:alternate\" content=\"en_US\" \/>\n<meta property=\"og:locale:alternate\" content=\"hu_HU\" \/>\n<meta property=\"og:locale:alternate\" content=\"sk_SK\" \/>\n<meta property=\"og:locale:alternate\" content=\"sv_SE\" \/>\n<meta property=\"og:type\" content=\"article\" \/>\n<meta property=\"og:title\" content=\"Koal\u00edcia panik\u00e1ri okolo PPA preto\u017ee vedia, \u017ee maj\u00fa probl\u00e9m\" \/>\n<meta property=\"og:description\" content=\"Po v\u010deraj\u0161ej tla\u010dovej besede ob\u017ealovan\u00e9ho exprezidenta pol\u00edcie Tibora Ga\u0161para, zn\u00e1meho advok\u00e1ta Mareka Paru a ministra p\u00f4dohospod\u00e1rstva Richarda Tak\u00e1\u010da sa uk\u00e1zalo, \u017ee vl\u00e1dna garnit\u00fara Smeru sa ne\u0161t\u00edti ni\u010doho, ani zneu\u017e\u00edvania \u0161t\u00e1tnych in\u0161tit\u00faci\u00ed na osobn\u00fa obranu pred spravodlivos\u0165ou, ani \u0161pinav\u00fdch \u00fatokov na t\u00fdch, ktor\u00ed odhalili rozkr\u00e1danie \u0161t\u00e1tnych a eur\u00f3pskych pe\u0148az\u00ed. \u201eTo, \u010do v\u010dera predviedli Ga\u0161par s Parom [&hellip;]\" \/>\n<meta property=\"og:url\" content=\"https:\/\/www.smedemokrati.sk\/cs\/koalicia-panikari-okolo-ppa-pretoze-vedia-ze-maju-problem\/\" \/>\n<meta property=\"og:site_name\" content=\"Smedemokrati.sk\" \/>\n<meta property=\"article:publisher\" content=\"https:\/\/www.facebook.com\/smedemokrati2023\" \/>\n<meta property=\"article:published_time\" content=\"2025-06-06T14:28:48+00:00\" \/>\n<meta property=\"og:image\" content=\"https:\/\/www.smedemokrati.sk\/wp-content\/uploads\/2025\/06\/PPA-koalicia-ma-strach.jpg\" \/>\n\t<meta property=\"og:image:width\" content=\"1688\" \/>\n\t<meta property=\"og:image:height\" content=\"923\" \/>\n\t<meta property=\"og:image:type\" content=\"image\/jpeg\" \/>\n<meta name=\"author\" content=\"miro.sopko\" \/>\n<meta name=\"twitter:card\" content=\"summary_large_image\" \/>\n<meta name=\"twitter:label1\" content=\"Napsal(a)\" \/>\n\t<meta name=\"twitter:data1\" content=\"miro.sopko\" \/>\n\t<meta name=\"twitter:label2\" content=\"Odhadovan\u00e1 doba \u010dten\u00ed\" \/>\n\t<meta name=\"twitter:data2\" content=\"3 minuty\" \/>\n<script type=\"application\/ld+json\" class=\"yoast-schema-graph\">{\"@context\":\"https:\/\/schema.org\",\"@graph\":[{\"@type\":\"Article\",\"@id\":\"https:\/\/www.smedemokrati.sk\/koalicia-panikari-okolo-ppa-pretoze-vedia-ze-maju-problem\/#article\",\"isPartOf\":{\"@id\":\"https:\/\/www.smedemokrati.sk\/koalicia-panikari-okolo-ppa-pretoze-vedia-ze-maju-problem\/\"},\"author\":{\"name\":\"miro.sopko\",\"@id\":\"https:\/\/www.smedemokrati.sk\/#\/schema\/person\/21f147c88d605aa7ded900e1e7c344ba\"},\"headline\":\"Koal\u00edcia panik\u00e1ri okolo PPA preto\u017ee vedia, \u017ee maj\u00fa probl\u00e9m\",\"datePublished\":\"2025-06-06T14:28:48+00:00\",\"mainEntityOfPage\":{\"@id\":\"https:\/\/www.smedemokrati.sk\/koalicia-panikari-okolo-ppa-pretoze-vedia-ze-maju-problem\/\"},\"wordCount\":576,\"publisher\":{\"@id\":\"https:\/\/www.smedemokrati.sk\/#organization\"},\"image\":{\"@id\":\"https:\/\/www.smedemokrati.sk\/koalicia-panikari-okolo-ppa-pretoze-vedia-ze-maju-problem\/#primaryimage\"},\"thumbnailUrl\":\"https:\/\/www.smedemokrati.sk\/wp-content\/uploads\/2025\/06\/PPA-koalicia-ma-strach.jpg\",\"articleSection\":[\"Tla\u010dov\u00e9 spr\u00e1vy\"],\"inLanguage\":\"cs-CZ\"},{\"@type\":\"WebPage\",\"@id\":\"https:\/\/www.smedemokrati.sk\/koalicia-panikari-okolo-ppa-pretoze-vedia-ze-maju-problem\/\",\"url\":\"https:\/\/www.smedemokrati.sk\/koalicia-panikari-okolo-ppa-pretoze-vedia-ze-maju-problem\/\",\"name\":\"Koal\u00edcia panik\u00e1ri okolo PPA preto\u017ee vedia, \u017ee maj\u00fa probl\u00e9m\",\"isPartOf\":{\"@id\":\"https:\/\/www.smedemokrati.sk\/#website\"},\"primaryImageOfPage\":{\"@id\":\"https:\/\/www.smedemokrati.sk\/koalicia-panikari-okolo-ppa-pretoze-vedia-ze-maju-problem\/#primaryimage\"},\"image\":{\"@id\":\"https:\/\/www.smedemokrati.sk\/koalicia-panikari-okolo-ppa-pretoze-vedia-ze-maju-problem\/#primaryimage\"},\"thumbnailUrl\":\"https:\/\/www.smedemokrati.sk\/wp-content\/uploads\/2025\/06\/PPA-koalicia-ma-strach.jpg\",\"datePublished\":\"2025-06-06T14:28:48+00:00\",\"breadcrumb\":{\"@id\":\"https:\/\/www.smedemokrati.sk\/koalicia-panikari-okolo-ppa-pretoze-vedia-ze-maju-problem\/#breadcrumb\"},\"inLanguage\":\"cs-CZ\",\"potentialAction\":[{\"@type\":\"ReadAction\",\"target\":[\"https:\/\/www.smedemokrati.sk\/koalicia-panikari-okolo-ppa-pretoze-vedia-ze-maju-problem\/\"]}]},{\"@type\":\"ImageObject\",\"inLanguage\":\"cs-CZ\",\"@id\":\"https:\/\/www.smedemokrati.sk\/koalicia-panikari-okolo-ppa-pretoze-vedia-ze-maju-problem\/#primaryimage\",\"url\":\"https:\/\/www.smedemokrati.sk\/wp-content\/uploads\/2025\/06\/PPA-koalicia-ma-strach.jpg\",\"contentUrl\":\"https:\/\/www.smedemokrati.sk\/wp-content\/uploads\/2025\/06\/PPA-koalicia-ma-strach.jpg\",\"width\":1688,\"height\":923},{\"@type\":\"BreadcrumbList\",\"@id\":\"https:\/\/www.smedemokrati.sk\/koalicia-panikari-okolo-ppa-pretoze-vedia-ze-maju-problem\/#breadcrumb\",\"itemListElement\":[{\"@type\":\"ListItem\",\"position\":1,\"name\":\"Domovsk\u00e1 str\u00e1nka\",\"item\":\"https:\/\/www.smedemokrati.sk\/\"},{\"@type\":\"ListItem\",\"position\":2,\"name\":\"Koal\u00edcia panik\u00e1ri okolo PPA preto\u017ee vedia, \u017ee maj\u00fa probl\u00e9m\"}]},{\"@type\":\"WebSite\",\"@id\":\"https:\/\/www.smedemokrati.sk\/#website\",\"url\":\"https:\/\/www.smedemokrati.sk\/\",\"name\":\"Smedemokrati.sk\",\"description\":\"Demokracia a slu\u0161nos\u0165 zv\u00ed\u0165az\u00ed\",\"publisher\":{\"@id\":\"https:\/\/www.smedemokrati.sk\/#organization\"},\"potentialAction\":[{\"@type\":\"SearchAction\",\"target\":{\"@type\":\"EntryPoint\",\"urlTemplate\":\"https:\/\/www.smedemokrati.sk\/?s={search_term_string}\"},\"query-input\":{\"@type\":\"PropertyValueSpecification\",\"valueRequired\":true,\"valueName\":\"search_term_string\"}}],\"inLanguage\":\"cs-CZ\"},{\"@type\":\"Organization\",\"@id\":\"https:\/\/www.smedemokrati.sk\/#organization\",\"name\":\"Smedemokrati.sk\",\"url\":\"https:\/\/www.smedemokrati.sk\/\",\"logo\":{\"@type\":\"ImageObject\",\"inLanguage\":\"cs-CZ\",\"@id\":\"https:\/\/www.smedemokrati.sk\/#\/schema\/logo\/image\/\",\"url\":\"https:\/\/www.smedemokrati.sk\/wp-content\/uploads\/2023\/04\/ff.002.jpeg\",\"contentUrl\":\"https:\/\/www.smedemokrati.sk\/wp-content\/uploads\/2023\/04\/ff.002.jpeg\",\"width\":640,\"height\":480,\"caption\":\"Smedemokrati.sk\"},\"image\":{\"@id\":\"https:\/\/www.smedemokrati.sk\/#\/schema\/logo\/image\/\"},\"sameAs\":[\"https:\/\/www.facebook.com\/smedemokrati2023\"]},{\"@type\":\"Person\",\"@id\":\"https:\/\/www.smedemokrati.sk\/#\/schema\/person\/21f147c88d605aa7ded900e1e7c344ba\",\"name\":\"miro.sopko\",\"image\":{\"@type\":\"ImageObject\",\"inLanguage\":\"cs-CZ\",\"@id\":\"https:\/\/secure.gravatar.com\/avatar\/267e4a36f704376c109afe3a78740c1f5dd8675a2180a908699e7863c9247606?s=96&d=mm&r=g\",\"url\":\"https:\/\/secure.gravatar.com\/avatar\/267e4a36f704376c109afe3a78740c1f5dd8675a2180a908699e7863c9247606?s=96&d=mm&r=g\",\"contentUrl\":\"https:\/\/secure.gravatar.com\/avatar\/267e4a36f704376c109afe3a78740c1f5dd8675a2180a908699e7863c9247606?s=96&d=mm&r=g\",\"caption\":\"miro.sopko\"},\"url\":\"https:\/\/www.smedemokrati.sk\/cs\/author\/miro-sopko\/\"}]}<\/script>\n<!-- \/ Yoast SEO plugin. -->","yoast_head_json":{"title":"Koal\u00edcia panik\u00e1ri okolo PPA preto\u017ee vedia, \u017ee maj\u00fa probl\u00e9m","robots":{"index":"index","follow":"follow","max-snippet":"max-snippet:-1","max-image-preview":"max-image-preview:large","max-video-preview":"max-video-preview:-1"},"canonical":"https:\/\/www.smedemokrati.sk\/cs\/koalicia-panikari-okolo-ppa-pretoze-vedia-ze-maju-problem\/","og_locale":"cs_CZ","og_type":"article","og_title":"[:sk]Koal\u00edcia panik\u00e1ri okolo PPA preto\u017ee vedia, \u017ee maj\u00fa probl\u00e9m[:] - Smedemokrati.sk","og_description":"Po v\u010deraj\u0161ej tla\u010dovej besede ob\u017ealovan\u00e9ho exprezidenta pol\u00edcie Tibora Ga\u0161para, zn\u00e1meho advok\u00e1ta Mareka Paru a ministra p\u00f4dohospod\u00e1rstva Richarda Tak\u00e1\u010da sa uk\u00e1zalo, \u017ee vl\u00e1dna garnit\u00fara Smeru sa ne\u0161t\u00edti ni\u010doho, ani zneu\u017e\u00edvania \u0161t\u00e1tnych in\u0161tit\u00faci\u00ed na osobn\u00fa obranu pred spravodlivos\u0165ou, ani \u0161pinav\u00fdch \u00fatokov na t\u00fdch, ktor\u00ed odhalili rozkr\u00e1danie \u0161t\u00e1tnych a eur\u00f3pskych pe\u0148az\u00ed. \u201eTo, \u010do v\u010dera predviedli Ga\u0161par s Parom [&hellip;]","og_url":"https:\/\/www.smedemokrati.sk\/cs\/koalicia-panikari-okolo-ppa-pretoze-vedia-ze-maju-problem\/","og_site_name":"Smedemokrati.sk","article_publisher":"https:\/\/www.facebook.com\/smedemokrati2023","article_published_time":"2025-06-06T14:28:48+00:00","og_image":[{"width":1688,"height":923,"url":"https:\/\/www.smedemokrati.sk\/wp-content\/uploads\/2025\/06\/PPA-koalicia-ma-strach.jpg","type":"image\/jpeg"}],"author":"miro.sopko","twitter_card":"summary_large_image","twitter_misc":{"Napsal(a)":"miro.sopko","Odhadovan\u00e1 doba \u010dten\u00ed":"3 minuty"},"schema":{"@context":"https:\/\/schema.org","@graph":[{"@type":"Article","@id":"https:\/\/www.smedemokrati.sk\/koalicia-panikari-okolo-ppa-pretoze-vedia-ze-maju-problem\/#article","isPartOf":{"@id":"https:\/\/www.smedemokrati.sk\/koalicia-panikari-okolo-ppa-pretoze-vedia-ze-maju-problem\/"},"author":{"name":"miro.sopko","@id":"https:\/\/www.smedemokrati.sk\/#\/schema\/person\/21f147c88d605aa7ded900e1e7c344ba"},"headline":"Koal\u00edcia panik\u00e1ri okolo PPA preto\u017ee vedia, \u017ee maj\u00fa probl\u00e9m","datePublished":"2025-06-06T14:28:48+00:00","mainEntityOfPage":{"@id":"https:\/\/www.smedemokrati.sk\/koalicia-panikari-okolo-ppa-pretoze-vedia-ze-maju-problem\/"},"wordCount":576,"publisher":{"@id":"https:\/\/www.smedemokrati.sk\/#organization"},"image":{"@id":"https:\/\/www.smedemokrati.sk\/koalicia-panikari-okolo-ppa-pretoze-vedia-ze-maju-problem\/#primaryimage"},"thumbnailUrl":"https:\/\/www.smedemokrati.sk\/wp-content\/uploads\/2025\/06\/PPA-koalicia-ma-strach.jpg","articleSection":["Tla\u010dov\u00e9 spr\u00e1vy"],"inLanguage":"cs-CZ"},{"@type":"WebPage","@id":"https:\/\/www.smedemokrati.sk\/koalicia-panikari-okolo-ppa-pretoze-vedia-ze-maju-problem\/","url":"https:\/\/www.smedemokrati.sk\/koalicia-panikari-okolo-ppa-pretoze-vedia-ze-maju-problem\/","name":"Koal\u00edcia panik\u00e1ri okolo PPA preto\u017ee vedia, \u017ee maj\u00fa probl\u00e9m","isPartOf":{"@id":"https:\/\/www.smedemokrati.sk\/#website"},"primaryImageOfPage":{"@id":"https:\/\/www.smedemokrati.sk\/koalicia-panikari-okolo-ppa-pretoze-vedia-ze-maju-problem\/#primaryimage"},"image":{"@id":"https:\/\/www.smedemokrati.sk\/koalicia-panikari-okolo-ppa-pretoze-vedia-ze-maju-problem\/#primaryimage"},"thumbnailUrl":"https:\/\/www.smedemokrati.sk\/wp-content\/uploads\/2025\/06\/PPA-koalicia-ma-strach.jpg","datePublished":"2025-06-06T14:28:48+00:00","breadcrumb":{"@id":"https:\/\/www.smedemokrati.sk\/koalicia-panikari-okolo-ppa-pretoze-vedia-ze-maju-problem\/#breadcrumb"},"inLanguage":"cs-CZ","potentialAction":[{"@type":"ReadAction","target":["https:\/\/www.smedemokrati.sk\/koalicia-panikari-okolo-ppa-pretoze-vedia-ze-maju-problem\/"]}]},{"@type":"ImageObject","inLanguage":"cs-CZ","@id":"https:\/\/www.smedemokrati.sk\/koalicia-panikari-okolo-ppa-pretoze-vedia-ze-maju-problem\/#primaryimage","url":"https:\/\/www.smedemokrati.sk\/wp-content\/uploads\/2025\/06\/PPA-koalicia-ma-strach.jpg","contentUrl":"https:\/\/www.smedemokrati.sk\/wp-content\/uploads\/2025\/06\/PPA-koalicia-ma-strach.jpg","width":1688,"height":923},{"@type":"BreadcrumbList","@id":"https:\/\/www.smedemokrati.sk\/koalicia-panikari-okolo-ppa-pretoze-vedia-ze-maju-problem\/#breadcrumb","itemListElement":[{"@type":"ListItem","position":1,"name":"Domovsk\u00e1 str\u00e1nka","item":"https:\/\/www.smedemokrati.sk\/"},{"@type":"ListItem","position":2,"name":"Koal\u00edcia panik\u00e1ri okolo PPA preto\u017ee vedia, \u017ee maj\u00fa probl\u00e9m"}]},{"@type":"WebSite","@id":"https:\/\/www.smedemokrati.sk\/#website","url":"https:\/\/www.smedemokrati.sk\/","name":"Smedemokrati.sk","description":"Demokracia a slu\u0161nos\u0165 zv\u00ed\u0165az\u00ed","publisher":{"@id":"https:\/\/www.smedemokrati.sk\/#organization"},"potentialAction":[{"@type":"SearchAction","target":{"@type":"EntryPoint","urlTemplate":"https:\/\/www.smedemokrati.sk\/?s={search_term_string}"},"query-input":{"@type":"PropertyValueSpecification","valueRequired":true,"valueName":"search_term_string"}}],"inLanguage":"cs-CZ"},{"@type":"Organization","@id":"https:\/\/www.smedemokrati.sk\/#organization","name":"Smedemokrati.sk","url":"https:\/\/www.smedemokrati.sk\/","logo":{"@type":"ImageObject","inLanguage":"cs-CZ","@id":"https:\/\/www.smedemokrati.sk\/#\/schema\/logo\/image\/","url":"https:\/\/www.smedemokrati.sk\/wp-content\/uploads\/2023\/04\/ff.002.jpeg","contentUrl":"https:\/\/www.smedemokrati.sk\/wp-content\/uploads\/2023\/04\/ff.002.jpeg","width":640,"height":480,"caption":"Smedemokrati.sk"},"image":{"@id":"https:\/\/www.smedemokrati.sk\/#\/schema\/logo\/image\/"},"sameAs":["https:\/\/www.facebook.com\/smedemokrati2023"]},{"@type":"Person","@id":"https:\/\/www.smedemokrati.sk\/#\/schema\/person\/21f147c88d605aa7ded900e1e7c344ba","name":"miro.sopko","image":{"@type":"ImageObject","inLanguage":"cs-CZ","@id":"https:\/\/secure.gravatar.com\/avatar\/267e4a36f704376c109afe3a78740c1f5dd8675a2180a908699e7863c9247606?s=96&d=mm&r=g","url":"https:\/\/secure.gravatar.com\/avatar\/267e4a36f704376c109afe3a78740c1f5dd8675a2180a908699e7863c9247606?s=96&d=mm&r=g","contentUrl":"https:\/\/secure.gravatar.com\/avatar\/267e4a36f704376c109afe3a78740c1f5dd8675a2180a908699e7863c9247606?s=96&d=mm&r=g","caption":"miro.sopko"},"url":"https:\/\/www.smedemokrati.sk\/cs\/author\/miro-sopko\/"}]}},"_links":{"self":[{"href":"https:\/\/www.smedemokrati.sk\/cs\/wp-json\/wp\/v2\/posts\/7460","targetHints":{"allow":["GET"]}}],"collection":[{"href":"https:\/\/www.smedemokrati.sk\/cs\/wp-json\/wp\/v2\/posts"}],"about":[{"href":"https:\/\/www.smedemokrati.sk\/cs\/wp-json\/wp\/v2\/types\/post"}],"author":[{"embeddable":true,"href":"https:\/\/www.smedemokrati.sk\/cs\/wp-json\/wp\/v2\/users\/13"}],"replies":[{"embeddable":true,"href":"https:\/\/www.smedemokrati.sk\/cs\/wp-json\/wp\/v2\/comments?post=7460"}],"version-history":[{"count":1,"href":"https:\/\/www.smedemokrati.sk\/cs\/wp-json\/wp\/v2\/posts\/7460\/revisions"}],"predecessor-version":[{"id":7462,"href":"https:\/\/www.smedemokrati.sk\/cs\/wp-json\/wp\/v2\/posts\/7460\/revisions\/7462"}],"wp:featuredmedia":[{"embeddable":true,"href":"https:\/\/www.smedemokrati.sk\/cs\/wp-json\/wp\/v2\/media\/7461"}],"wp:attachment":[{"href":"https:\/\/www.smedemokrati.sk\/cs\/wp-json\/wp\/v2\/media?parent=7460"}],"wp:term":[{"taxonomy":"category","embeddable":true,"href":"https:\/\/www.smedemokrati.sk\/cs\/wp-json\/wp\/v2\/categories?post=7460"},{"taxonomy":"post_tag","embeddable":true,"href":"https:\/\/www.smedemokrati.sk\/cs\/wp-json\/wp\/v2\/tags?post=7460"}],"curies":[{"name":"wp","href":"https:\/\/api.w.org\/{rel}","templated":true}]}}