{"id":7442,"date":"2025-06-03T16:11:17","date_gmt":"2025-06-03T15:11:17","guid":{"rendered":"https:\/\/www.smedemokrati.sk\/?p=7442"},"modified":"2025-06-03T16:12:17","modified_gmt":"2025-06-03T15:12:17","slug":"uvahy-o-zruseni-17-novembra-je-vztycenym-prostrednikom-obetiam-komunizmu","status":"publish","type":"post","link":"https:\/\/www.smedemokrati.sk\/cs\/uvahy-o-zruseni-17-novembra-je-vztycenym-prostrednikom-obetiam-komunizmu\/","title":{"rendered":"\u00davahy o zru\u0161en\u00ed 17. novembra je vzt\u00fd\u010den\u00fdm prostredn\u00edkom obetiam komunizmu"},"content":{"rendered":"<div id=\"fb-root\"><\/div>\n\n<p><strong>Zru\u0161enie \u0161t\u00e1tneho sviatku a de\u0148 pracovn\u00e9ho pokoja, ktor\u00fd je pripomienkou hodn\u00f4t slobody a demokracie je v\u00fdsmechom v\u0161etk\u00fdch prenasledovan\u00fdch, mu\u010den\u00fdch a zabit\u00fdch komunistick\u00fdm re\u017eimom. Demokrati hovoria, \u017ee ak bude 17. november zru\u0161en\u00fd, v bud\u00facej vl\u00e1de ho vr\u00e1tia medzi sviatky pracovn\u00e9ho pokoja.<\/strong><\/p>\n\n\n\n<p><em>\u201eJe pr\u00edzna\u010dn\u00e9, \u017ee sviatok, ktor\u00fd oslavuje slobodu slova, demokraciu a slobodu ako tak\u00fa, chce zru\u0161i\u0165 vl\u00e1da, ktorej sp\u00f4soby pripom\u00ednaj\u00fa re\u017eimy, ktor\u00e9 s\u00fa namieren\u00e9 proti t\u00fdmto hodnot\u00e1m,&#8220;<\/em>\u00a0otv\u00e1ra t\u00e9mu Juraj \u0160eliga a hovor\u00ed, \u017ee strana Demokrati by bola za diskusiu k zru\u0161eniu k niektor\u00fdch z cirkevn\u00fdch sviatkov.\u00a0<em>\u201eHovor\u00ed sa, \u017ee z\u00fafal\u00ed \u013eudia robia z\u00fafal\u00e9 \u010diny a toto je absol\u00fatne z\u00fafal\u00e1 a nehanebn\u00e1 \u00favaha, ktor\u00e1 by bola doslova vzt\u00fd\u010den\u00fdm prostredn\u00edkom v\u0161etk\u00fdm obetiam komunistick\u00e9ho re\u017eimu.&#8220;\u00a0<\/em>Povedal \u0160eliga a garantoval, \u017ee ak d\u00f4jde k tomuto kroku zo strany vl\u00e1dy, Demokrati sa v pr\u00edpade zvolenia do parlamentu a vl\u00e1dy zasadia o prinavr\u00e1tenie sviatku medzi dni pracovn\u00e9ho pokoja.\u00a0<\/p>\n\n\n\n<p>Poslanec NR SR \u013dubom\u00edr Galko dop\u013a\u0148a:<em>\u00a0\u201eAk chce vl\u00e1da \u0161etri\u0165, resp. potrebuje peniaze do \u0161t\u00e1tneho rozpo\u010dtu, nech za\u010dne od seba, nech prestane s rozhadzovan\u00edm pe\u0148az\u00ed na nezmysly, svoje extr\u00e9mne platy a nech sa spr\u00e1va ako zodpovedn\u00fd hospod\u00e1r. Sme za diskusiu k zru\u0161eniu niektor\u00e9ho zo sviatkov pracovn\u00e9ho pokoja, no nie toho, ktor\u00fd m\u00e1 pre n\u00e1s ako n\u00e1rod tak v\u00fdznamn\u00fa hodnotu.&#8220;<\/em><\/p>\n\n\n<div class=\"fb-video\" data-href=\"https:\/\/fb.watch\/z_HdagVMRL\" data-allowfullscreen=\"true\" data-autoplay=\"false\" data-width=\"\" data-show-text=\"false\" data-show-captions=\"true\"><\/div>\n","protected":false},"excerpt":{"rendered":"<p>Zru\u0161enie \u0161t\u00e1tneho sviatku a de\u0148 pracovn\u00e9ho pokoja, ktor\u00fd je pripomienkou hodn\u00f4t slobody a demokracie je v\u00fdsmechom v\u0161etk\u00fdch prenasledovan\u00fdch, mu\u010den\u00fdch a zabit\u00fdch komunistick\u00fdm re\u017eimom. Demokrati hovoria, \u017ee ak bude 17. november zru\u0161en\u00fd, v bud\u00facej vl\u00e1de ho vr\u00e1tia medzi sviatky pracovn\u00e9ho pokoja. \u201eJe pr\u00edzna\u010dn\u00e9, \u017ee sviatok, ktor\u00fd oslavuje slobodu slova, demokraciu a slobodu ako tak\u00fa, chce zru\u0161i\u0165 [&hellip;]<\/p>\n","protected":false},"author":13,"featured_media":7443,"comment_status":"closed","ping_status":"closed","sticky":false,"template":"","format":"standard","meta":{"_acf_changed":false,"ngg_post_thumbnail":0,"footnotes":""},"categories":[4],"tags":[],"class_list":["post-7442","post","type-post","status-publish","format-standard","has-post-thumbnail","hentry","category-tlacove-spravy"],"acf":[],"yoast_head":"<!-- This site is optimized with the Yoast SEO plugin v27.2 - https:\/\/yoast.com\/product\/yoast-seo-wordpress\/ -->\n<title>\u00davahy o zru\u0161en\u00ed 17. novembra je vzt\u00fd\u010den\u00fdm prostredn\u00edkom obetiam komunizmu<\/title>\n<meta name=\"robots\" content=\"index, follow, max-snippet:-1, max-image-preview:large, max-video-preview:-1\" \/>\n<link rel=\"canonical\" href=\"https:\/\/www.smedemokrati.sk\/cs\/uvahy-o-zruseni-17-novembra-je-vztycenym-prostrednikom-obetiam-komunizmu\/\" \/>\n<meta property=\"og:locale\" content=\"cs_CZ\" \/>\n<meta property=\"og:locale:alternate\" content=\"en_US\" \/>\n<meta property=\"og:locale:alternate\" content=\"hu_HU\" \/>\n<meta property=\"og:locale:alternate\" content=\"sk_SK\" \/>\n<meta property=\"og:locale:alternate\" content=\"sv_SE\" \/>\n<meta property=\"og:type\" content=\"article\" \/>\n<meta property=\"og:title\" content=\"\u00davahy o zru\u0161en\u00ed 17. novembra je vzt\u00fd\u010den\u00fdm prostredn\u00edkom obetiam komunizmu\" \/>\n<meta property=\"og:description\" content=\"Zru\u0161enie \u0161t\u00e1tneho sviatku a de\u0148 pracovn\u00e9ho pokoja, ktor\u00fd je pripomienkou hodn\u00f4t slobody a demokracie je v\u00fdsmechom v\u0161etk\u00fdch prenasledovan\u00fdch, mu\u010den\u00fdch a zabit\u00fdch komunistick\u00fdm re\u017eimom. Demokrati hovoria, \u017ee ak bude 17. november zru\u0161en\u00fd, v bud\u00facej vl\u00e1de ho vr\u00e1tia medzi sviatky pracovn\u00e9ho pokoja. \u201eJe pr\u00edzna\u010dn\u00e9, \u017ee sviatok, ktor\u00fd oslavuje slobodu slova, demokraciu a slobodu ako tak\u00fa, chce zru\u0161i\u0165 [&hellip;]\" \/>\n<meta property=\"og:url\" content=\"https:\/\/www.smedemokrati.sk\/cs\/uvahy-o-zruseni-17-novembra-je-vztycenym-prostrednikom-obetiam-komunizmu\/\" \/>\n<meta property=\"og:site_name\" content=\"Smedemokrati.sk\" \/>\n<meta property=\"article:publisher\" content=\"https:\/\/www.facebook.com\/smedemokrati2023\" \/>\n<meta property=\"article:published_time\" content=\"2025-06-03T15:11:17+00:00\" \/>\n<meta property=\"article:modified_time\" content=\"2025-06-03T15:12:17+00:00\" \/>\n<meta property=\"og:image\" content=\"https:\/\/www.smedemokrati.sk\/wp-content\/uploads\/2025\/06\/zrusenie-17novembra.jpg\" \/>\n\t<meta property=\"og:image:width\" content=\"1011\" \/>\n\t<meta property=\"og:image:height\" content=\"532\" \/>\n\t<meta property=\"og:image:type\" content=\"image\/jpeg\" \/>\n<meta name=\"author\" content=\"miro.sopko\" \/>\n<meta name=\"twitter:card\" content=\"summary_large_image\" \/>\n<meta name=\"twitter:label1\" content=\"Napsal(a)\" \/>\n\t<meta name=\"twitter:data1\" content=\"miro.sopko\" \/>\n\t<meta name=\"twitter:label2\" content=\"Odhadovan\u00e1 doba \u010dten\u00ed\" \/>\n\t<meta name=\"twitter:data2\" content=\"2 minuty\" \/>\n<script type=\"application\/ld+json\" class=\"yoast-schema-graph\">{\"@context\":\"https:\/\/schema.org\",\"@graph\":[{\"@type\":\"Article\",\"@id\":\"https:\/\/www.smedemokrati.sk\/uvahy-o-zruseni-17-novembra-je-vztycenym-prostrednikom-obetiam-komunizmu\/#article\",\"isPartOf\":{\"@id\":\"https:\/\/www.smedemokrati.sk\/uvahy-o-zruseni-17-novembra-je-vztycenym-prostrednikom-obetiam-komunizmu\/\"},\"author\":{\"name\":\"miro.sopko\",\"@id\":\"https:\/\/www.smedemokrati.sk\/#\/schema\/person\/21f147c88d605aa7ded900e1e7c344ba\"},\"headline\":\"\u00davahy o zru\u0161en\u00ed 17. novembra je vzt\u00fd\u010den\u00fdm prostredn\u00edkom obetiam komunizmu\",\"datePublished\":\"2025-06-03T15:11:17+00:00\",\"dateModified\":\"2025-06-03T15:12:17+00:00\",\"mainEntityOfPage\":{\"@id\":\"https:\/\/www.smedemokrati.sk\/uvahy-o-zruseni-17-novembra-je-vztycenym-prostrednikom-obetiam-komunizmu\/\"},\"wordCount\":290,\"publisher\":{\"@id\":\"https:\/\/www.smedemokrati.sk\/#organization\"},\"image\":{\"@id\":\"https:\/\/www.smedemokrati.sk\/uvahy-o-zruseni-17-novembra-je-vztycenym-prostrednikom-obetiam-komunizmu\/#primaryimage\"},\"thumbnailUrl\":\"https:\/\/www.smedemokrati.sk\/wp-content\/uploads\/2025\/06\/zrusenie-17novembra.jpg\",\"articleSection\":[\"Tla\u010dov\u00e9 spr\u00e1vy\"],\"inLanguage\":\"cs-CZ\"},{\"@type\":\"WebPage\",\"@id\":\"https:\/\/www.smedemokrati.sk\/uvahy-o-zruseni-17-novembra-je-vztycenym-prostrednikom-obetiam-komunizmu\/\",\"url\":\"https:\/\/www.smedemokrati.sk\/uvahy-o-zruseni-17-novembra-je-vztycenym-prostrednikom-obetiam-komunizmu\/\",\"name\":\"\u00davahy o zru\u0161en\u00ed 17. novembra je vzt\u00fd\u010den\u00fdm prostredn\u00edkom obetiam komunizmu\",\"isPartOf\":{\"@id\":\"https:\/\/www.smedemokrati.sk\/#website\"},\"primaryImageOfPage\":{\"@id\":\"https:\/\/www.smedemokrati.sk\/uvahy-o-zruseni-17-novembra-je-vztycenym-prostrednikom-obetiam-komunizmu\/#primaryimage\"},\"image\":{\"@id\":\"https:\/\/www.smedemokrati.sk\/uvahy-o-zruseni-17-novembra-je-vztycenym-prostrednikom-obetiam-komunizmu\/#primaryimage\"},\"thumbnailUrl\":\"https:\/\/www.smedemokrati.sk\/wp-content\/uploads\/2025\/06\/zrusenie-17novembra.jpg\",\"datePublished\":\"2025-06-03T15:11:17+00:00\",\"dateModified\":\"2025-06-03T15:12:17+00:00\",\"breadcrumb\":{\"@id\":\"https:\/\/www.smedemokrati.sk\/uvahy-o-zruseni-17-novembra-je-vztycenym-prostrednikom-obetiam-komunizmu\/#breadcrumb\"},\"inLanguage\":\"cs-CZ\",\"potentialAction\":[{\"@type\":\"ReadAction\",\"target\":[\"https:\/\/www.smedemokrati.sk\/uvahy-o-zruseni-17-novembra-je-vztycenym-prostrednikom-obetiam-komunizmu\/\"]}]},{\"@type\":\"ImageObject\",\"inLanguage\":\"cs-CZ\",\"@id\":\"https:\/\/www.smedemokrati.sk\/uvahy-o-zruseni-17-novembra-je-vztycenym-prostrednikom-obetiam-komunizmu\/#primaryimage\",\"url\":\"https:\/\/www.smedemokrati.sk\/wp-content\/uploads\/2025\/06\/zrusenie-17novembra.jpg\",\"contentUrl\":\"https:\/\/www.smedemokrati.sk\/wp-content\/uploads\/2025\/06\/zrusenie-17novembra.jpg\",\"width\":1011,\"height\":532},{\"@type\":\"BreadcrumbList\",\"@id\":\"https:\/\/www.smedemokrati.sk\/uvahy-o-zruseni-17-novembra-je-vztycenym-prostrednikom-obetiam-komunizmu\/#breadcrumb\",\"itemListElement\":[{\"@type\":\"ListItem\",\"position\":1,\"name\":\"Domovsk\u00e1 str\u00e1nka\",\"item\":\"https:\/\/www.smedemokrati.sk\/\"},{\"@type\":\"ListItem\",\"position\":2,\"name\":\"\u00davahy o zru\u0161en\u00ed 17. novembra je vzt\u00fd\u010den\u00fdm prostredn\u00edkom obetiam komunizmu\"}]},{\"@type\":\"WebSite\",\"@id\":\"https:\/\/www.smedemokrati.sk\/#website\",\"url\":\"https:\/\/www.smedemokrati.sk\/\",\"name\":\"Smedemokrati.sk\",\"description\":\"Demokracia a slu\u0161nos\u0165 zv\u00ed\u0165az\u00ed\",\"publisher\":{\"@id\":\"https:\/\/www.smedemokrati.sk\/#organization\"},\"potentialAction\":[{\"@type\":\"SearchAction\",\"target\":{\"@type\":\"EntryPoint\",\"urlTemplate\":\"https:\/\/www.smedemokrati.sk\/?s={search_term_string}\"},\"query-input\":{\"@type\":\"PropertyValueSpecification\",\"valueRequired\":true,\"valueName\":\"search_term_string\"}}],\"inLanguage\":\"cs-CZ\"},{\"@type\":\"Organization\",\"@id\":\"https:\/\/www.smedemokrati.sk\/#organization\",\"name\":\"Smedemokrati.sk\",\"url\":\"https:\/\/www.smedemokrati.sk\/\",\"logo\":{\"@type\":\"ImageObject\",\"inLanguage\":\"cs-CZ\",\"@id\":\"https:\/\/www.smedemokrati.sk\/#\/schema\/logo\/image\/\",\"url\":\"https:\/\/www.smedemokrati.sk\/wp-content\/uploads\/2023\/04\/ff.002.jpeg\",\"contentUrl\":\"https:\/\/www.smedemokrati.sk\/wp-content\/uploads\/2023\/04\/ff.002.jpeg\",\"width\":640,\"height\":480,\"caption\":\"Smedemokrati.sk\"},\"image\":{\"@id\":\"https:\/\/www.smedemokrati.sk\/#\/schema\/logo\/image\/\"},\"sameAs\":[\"https:\/\/www.facebook.com\/smedemokrati2023\"]},{\"@type\":\"Person\",\"@id\":\"https:\/\/www.smedemokrati.sk\/#\/schema\/person\/21f147c88d605aa7ded900e1e7c344ba\",\"name\":\"miro.sopko\",\"image\":{\"@type\":\"ImageObject\",\"inLanguage\":\"cs-CZ\",\"@id\":\"https:\/\/secure.gravatar.com\/avatar\/267e4a36f704376c109afe3a78740c1f5dd8675a2180a908699e7863c9247606?s=96&d=mm&r=g\",\"url\":\"https:\/\/secure.gravatar.com\/avatar\/267e4a36f704376c109afe3a78740c1f5dd8675a2180a908699e7863c9247606?s=96&d=mm&r=g\",\"contentUrl\":\"https:\/\/secure.gravatar.com\/avatar\/267e4a36f704376c109afe3a78740c1f5dd8675a2180a908699e7863c9247606?s=96&d=mm&r=g\",\"caption\":\"miro.sopko\"},\"url\":\"https:\/\/www.smedemokrati.sk\/cs\/author\/miro-sopko\/\"}]}<\/script>\n<!-- \/ Yoast SEO plugin. -->","yoast_head_json":{"title":"\u00davahy o zru\u0161en\u00ed 17. novembra je vzt\u00fd\u010den\u00fdm prostredn\u00edkom obetiam komunizmu","robots":{"index":"index","follow":"follow","max-snippet":"max-snippet:-1","max-image-preview":"max-image-preview:large","max-video-preview":"max-video-preview:-1"},"canonical":"https:\/\/www.smedemokrati.sk\/cs\/uvahy-o-zruseni-17-novembra-je-vztycenym-prostrednikom-obetiam-komunizmu\/","og_locale":"cs_CZ","og_type":"article","og_title":"[:sk]\u00davahy o zru\u0161en\u00ed 17. novembra je vzt\u00fd\u010den\u00fdm prostredn\u00edkom obetiam komunizmu[:] - Smedemokrati.sk","og_description":"Zru\u0161enie \u0161t\u00e1tneho sviatku a de\u0148 pracovn\u00e9ho pokoja, ktor\u00fd je pripomienkou hodn\u00f4t slobody a demokracie je v\u00fdsmechom v\u0161etk\u00fdch prenasledovan\u00fdch, mu\u010den\u00fdch a zabit\u00fdch komunistick\u00fdm re\u017eimom. Demokrati hovoria, \u017ee ak bude 17. november zru\u0161en\u00fd, v bud\u00facej vl\u00e1de ho vr\u00e1tia medzi sviatky pracovn\u00e9ho pokoja. \u201eJe pr\u00edzna\u010dn\u00e9, \u017ee sviatok, ktor\u00fd oslavuje slobodu slova, demokraciu a slobodu ako tak\u00fa, chce zru\u0161i\u0165 [&hellip;]","og_url":"https:\/\/www.smedemokrati.sk\/cs\/uvahy-o-zruseni-17-novembra-je-vztycenym-prostrednikom-obetiam-komunizmu\/","og_site_name":"Smedemokrati.sk","article_publisher":"https:\/\/www.facebook.com\/smedemokrati2023","article_published_time":"2025-06-03T15:11:17+00:00","article_modified_time":"2025-06-03T15:12:17+00:00","og_image":[{"width":1011,"height":532,"url":"https:\/\/www.smedemokrati.sk\/wp-content\/uploads\/2025\/06\/zrusenie-17novembra.jpg","type":"image\/jpeg"}],"author":"miro.sopko","twitter_card":"summary_large_image","twitter_misc":{"Napsal(a)":"miro.sopko","Odhadovan\u00e1 doba \u010dten\u00ed":"2 minuty"},"schema":{"@context":"https:\/\/schema.org","@graph":[{"@type":"Article","@id":"https:\/\/www.smedemokrati.sk\/uvahy-o-zruseni-17-novembra-je-vztycenym-prostrednikom-obetiam-komunizmu\/#article","isPartOf":{"@id":"https:\/\/www.smedemokrati.sk\/uvahy-o-zruseni-17-novembra-je-vztycenym-prostrednikom-obetiam-komunizmu\/"},"author":{"name":"miro.sopko","@id":"https:\/\/www.smedemokrati.sk\/#\/schema\/person\/21f147c88d605aa7ded900e1e7c344ba"},"headline":"\u00davahy o zru\u0161en\u00ed 17. novembra je vzt\u00fd\u010den\u00fdm prostredn\u00edkom obetiam komunizmu","datePublished":"2025-06-03T15:11:17+00:00","dateModified":"2025-06-03T15:12:17+00:00","mainEntityOfPage":{"@id":"https:\/\/www.smedemokrati.sk\/uvahy-o-zruseni-17-novembra-je-vztycenym-prostrednikom-obetiam-komunizmu\/"},"wordCount":290,"publisher":{"@id":"https:\/\/www.smedemokrati.sk\/#organization"},"image":{"@id":"https:\/\/www.smedemokrati.sk\/uvahy-o-zruseni-17-novembra-je-vztycenym-prostrednikom-obetiam-komunizmu\/#primaryimage"},"thumbnailUrl":"https:\/\/www.smedemokrati.sk\/wp-content\/uploads\/2025\/06\/zrusenie-17novembra.jpg","articleSection":["Tla\u010dov\u00e9 spr\u00e1vy"],"inLanguage":"cs-CZ"},{"@type":"WebPage","@id":"https:\/\/www.smedemokrati.sk\/uvahy-o-zruseni-17-novembra-je-vztycenym-prostrednikom-obetiam-komunizmu\/","url":"https:\/\/www.smedemokrati.sk\/uvahy-o-zruseni-17-novembra-je-vztycenym-prostrednikom-obetiam-komunizmu\/","name":"\u00davahy o zru\u0161en\u00ed 17. novembra je vzt\u00fd\u010den\u00fdm prostredn\u00edkom obetiam komunizmu","isPartOf":{"@id":"https:\/\/www.smedemokrati.sk\/#website"},"primaryImageOfPage":{"@id":"https:\/\/www.smedemokrati.sk\/uvahy-o-zruseni-17-novembra-je-vztycenym-prostrednikom-obetiam-komunizmu\/#primaryimage"},"image":{"@id":"https:\/\/www.smedemokrati.sk\/uvahy-o-zruseni-17-novembra-je-vztycenym-prostrednikom-obetiam-komunizmu\/#primaryimage"},"thumbnailUrl":"https:\/\/www.smedemokrati.sk\/wp-content\/uploads\/2025\/06\/zrusenie-17novembra.jpg","datePublished":"2025-06-03T15:11:17+00:00","dateModified":"2025-06-03T15:12:17+00:00","breadcrumb":{"@id":"https:\/\/www.smedemokrati.sk\/uvahy-o-zruseni-17-novembra-je-vztycenym-prostrednikom-obetiam-komunizmu\/#breadcrumb"},"inLanguage":"cs-CZ","potentialAction":[{"@type":"ReadAction","target":["https:\/\/www.smedemokrati.sk\/uvahy-o-zruseni-17-novembra-je-vztycenym-prostrednikom-obetiam-komunizmu\/"]}]},{"@type":"ImageObject","inLanguage":"cs-CZ","@id":"https:\/\/www.smedemokrati.sk\/uvahy-o-zruseni-17-novembra-je-vztycenym-prostrednikom-obetiam-komunizmu\/#primaryimage","url":"https:\/\/www.smedemokrati.sk\/wp-content\/uploads\/2025\/06\/zrusenie-17novembra.jpg","contentUrl":"https:\/\/www.smedemokrati.sk\/wp-content\/uploads\/2025\/06\/zrusenie-17novembra.jpg","width":1011,"height":532},{"@type":"BreadcrumbList","@id":"https:\/\/www.smedemokrati.sk\/uvahy-o-zruseni-17-novembra-je-vztycenym-prostrednikom-obetiam-komunizmu\/#breadcrumb","itemListElement":[{"@type":"ListItem","position":1,"name":"Domovsk\u00e1 str\u00e1nka","item":"https:\/\/www.smedemokrati.sk\/"},{"@type":"ListItem","position":2,"name":"\u00davahy o zru\u0161en\u00ed 17. novembra je vzt\u00fd\u010den\u00fdm prostredn\u00edkom obetiam komunizmu"}]},{"@type":"WebSite","@id":"https:\/\/www.smedemokrati.sk\/#website","url":"https:\/\/www.smedemokrati.sk\/","name":"Smedemokrati.sk","description":"Demokracia a slu\u0161nos\u0165 zv\u00ed\u0165az\u00ed","publisher":{"@id":"https:\/\/www.smedemokrati.sk\/#organization"},"potentialAction":[{"@type":"SearchAction","target":{"@type":"EntryPoint","urlTemplate":"https:\/\/www.smedemokrati.sk\/?s={search_term_string}"},"query-input":{"@type":"PropertyValueSpecification","valueRequired":true,"valueName":"search_term_string"}}],"inLanguage":"cs-CZ"},{"@type":"Organization","@id":"https:\/\/www.smedemokrati.sk\/#organization","name":"Smedemokrati.sk","url":"https:\/\/www.smedemokrati.sk\/","logo":{"@type":"ImageObject","inLanguage":"cs-CZ","@id":"https:\/\/www.smedemokrati.sk\/#\/schema\/logo\/image\/","url":"https:\/\/www.smedemokrati.sk\/wp-content\/uploads\/2023\/04\/ff.002.jpeg","contentUrl":"https:\/\/www.smedemokrati.sk\/wp-content\/uploads\/2023\/04\/ff.002.jpeg","width":640,"height":480,"caption":"Smedemokrati.sk"},"image":{"@id":"https:\/\/www.smedemokrati.sk\/#\/schema\/logo\/image\/"},"sameAs":["https:\/\/www.facebook.com\/smedemokrati2023"]},{"@type":"Person","@id":"https:\/\/www.smedemokrati.sk\/#\/schema\/person\/21f147c88d605aa7ded900e1e7c344ba","name":"miro.sopko","image":{"@type":"ImageObject","inLanguage":"cs-CZ","@id":"https:\/\/secure.gravatar.com\/avatar\/267e4a36f704376c109afe3a78740c1f5dd8675a2180a908699e7863c9247606?s=96&d=mm&r=g","url":"https:\/\/secure.gravatar.com\/avatar\/267e4a36f704376c109afe3a78740c1f5dd8675a2180a908699e7863c9247606?s=96&d=mm&r=g","contentUrl":"https:\/\/secure.gravatar.com\/avatar\/267e4a36f704376c109afe3a78740c1f5dd8675a2180a908699e7863c9247606?s=96&d=mm&r=g","caption":"miro.sopko"},"url":"https:\/\/www.smedemokrati.sk\/cs\/author\/miro-sopko\/"}]}},"_links":{"self":[{"href":"https:\/\/www.smedemokrati.sk\/cs\/wp-json\/wp\/v2\/posts\/7442","targetHints":{"allow":["GET"]}}],"collection":[{"href":"https:\/\/www.smedemokrati.sk\/cs\/wp-json\/wp\/v2\/posts"}],"about":[{"href":"https:\/\/www.smedemokrati.sk\/cs\/wp-json\/wp\/v2\/types\/post"}],"author":[{"embeddable":true,"href":"https:\/\/www.smedemokrati.sk\/cs\/wp-json\/wp\/v2\/users\/13"}],"replies":[{"embeddable":true,"href":"https:\/\/www.smedemokrati.sk\/cs\/wp-json\/wp\/v2\/comments?post=7442"}],"version-history":[{"count":2,"href":"https:\/\/www.smedemokrati.sk\/cs\/wp-json\/wp\/v2\/posts\/7442\/revisions"}],"predecessor-version":[{"id":7446,"href":"https:\/\/www.smedemokrati.sk\/cs\/wp-json\/wp\/v2\/posts\/7442\/revisions\/7446"}],"wp:featuredmedia":[{"embeddable":true,"href":"https:\/\/www.smedemokrati.sk\/cs\/wp-json\/wp\/v2\/media\/7443"}],"wp:attachment":[{"href":"https:\/\/www.smedemokrati.sk\/cs\/wp-json\/wp\/v2\/media?parent=7442"}],"wp:term":[{"taxonomy":"category","embeddable":true,"href":"https:\/\/www.smedemokrati.sk\/cs\/wp-json\/wp\/v2\/categories?post=7442"},{"taxonomy":"post_tag","embeddable":true,"href":"https:\/\/www.smedemokrati.sk\/cs\/wp-json\/wp\/v2\/tags?post=7442"}],"curies":[{"name":"wp","href":"https:\/\/api.w.org\/{rel}","templated":true}]}}