{"id":7388,"date":"2025-05-30T10:34:18","date_gmt":"2025-05-30T09:34:18","guid":{"rendered":"https:\/\/www.smedemokrati.sk\/?p=7388"},"modified":"2025-05-30T10:34:19","modified_gmt":"2025-05-30T09:34:19","slug":"poslanec-galko-pridava-svoj-podpis-za-mimoriadnu-schodzu","status":"publish","type":"post","link":"https:\/\/www.smedemokrati.sk\/cs\/poslanec-galko-pridava-svoj-podpis-za-mimoriadnu-schodzu\/","title":{"rendered":"Poslanec Galko prid\u00e1va svoj podpis za mimoriadnu sch\u00f4dzu"},"content":{"rendered":"<div id=\"fb-root\"><\/div>\n\n<p><em>\u201ePr\u00e1ve Demokrati s Pir\u00e1tskou stranou priniesli t\u00e9mu haciend z eur\u00f3pskych pe\u0148az\u00ed a vyciciavania financi\u00ed z PPA. Som r\u00e1d, \u017ee sa toho chytili \u010fal\u0161\u00ed kolegovia a tie\u017e m\u00e9di\u00e1, ve\u010f ide o mili\u00f3ny a mili\u00f3ny eur, z ktor\u00fdch m\u00e1 zjavne, nez\u00e1konne, \u00fa\u017eitok iba skupinka vyvolen\u00fdch. Pracujeme na \u010fal\u0161\u00edch odhaleniach a m\u00f4\u017eem poveda\u0165, \u017ee inform\u00e1cie, ktor\u00e9 m\u00e1me, s\u00fa mimoriadne z\u00e1va\u017en\u00e9.&#8220;<\/em>&nbsp;Povedal poslanec NR SR.<\/p>\n\n\n\n<p>\u013dubom\u00edr Galko, ktor\u00fd spolupracuje s Demokratmi sa tak prid\u00e1va k opozi\u010dn\u00fdm stran\u00e1m, ktor\u00e9 sa usiluj\u00fa o zvolanie mimoriadnej sch\u00f4dze k haciend\u00e1m a PPA.<\/p>\n","protected":false},"excerpt":{"rendered":"<p>\u201ePr\u00e1ve Demokrati s Pir\u00e1tskou stranou priniesli t\u00e9mu haciend z eur\u00f3pskych pe\u0148az\u00ed a vyciciavania financi\u00ed z PPA. Som r\u00e1d, \u017ee sa toho chytili \u010fal\u0161\u00ed kolegovia a tie\u017e m\u00e9di\u00e1, ve\u010f ide o mili\u00f3ny a mili\u00f3ny eur, z ktor\u00fdch m\u00e1 zjavne, nez\u00e1konne, \u00fa\u017eitok iba skupinka vyvolen\u00fdch. Pracujeme na \u010fal\u0161\u00edch odhaleniach a m\u00f4\u017eem poveda\u0165, \u017ee inform\u00e1cie, ktor\u00e9 m\u00e1me, s\u00fa [&hellip;]<\/p>\n","protected":false},"author":13,"featured_media":5074,"comment_status":"closed","ping_status":"closed","sticky":false,"template":"","format":"standard","meta":{"_acf_changed":false,"ngg_post_thumbnail":0,"footnotes":""},"categories":[4],"tags":[],"class_list":["post-7388","post","type-post","status-publish","format-standard","has-post-thumbnail","hentry","category-tlacove-spravy"],"acf":[],"yoast_head":"<!-- This site is optimized with the Yoast SEO plugin v27.2 - https:\/\/yoast.com\/product\/yoast-seo-wordpress\/ -->\n<title>Poslanec Galko prid\u00e1va svoj podpis za mimoriadnu sch\u00f4dzu<\/title>\n<meta name=\"robots\" content=\"index, follow, max-snippet:-1, max-image-preview:large, max-video-preview:-1\" \/>\n<link rel=\"canonical\" href=\"https:\/\/www.smedemokrati.sk\/cs\/poslanec-galko-pridava-svoj-podpis-za-mimoriadnu-schodzu\/\" \/>\n<meta property=\"og:locale\" content=\"cs_CZ\" \/>\n<meta property=\"og:locale:alternate\" content=\"en_US\" \/>\n<meta property=\"og:locale:alternate\" content=\"hu_HU\" \/>\n<meta property=\"og:locale:alternate\" content=\"sk_SK\" \/>\n<meta property=\"og:locale:alternate\" content=\"sv_SE\" \/>\n<meta property=\"og:type\" content=\"article\" \/>\n<meta property=\"og:title\" content=\"Poslanec Galko prid\u00e1va svoj podpis za mimoriadnu sch\u00f4dzu\" \/>\n<meta property=\"og:description\" content=\"\u201ePr\u00e1ve Demokrati s Pir\u00e1tskou stranou priniesli t\u00e9mu haciend z eur\u00f3pskych pe\u0148az\u00ed a vyciciavania financi\u00ed z PPA. Som r\u00e1d, \u017ee sa toho chytili \u010fal\u0161\u00ed kolegovia a tie\u017e m\u00e9di\u00e1, ve\u010f ide o mili\u00f3ny a mili\u00f3ny eur, z ktor\u00fdch m\u00e1 zjavne, nez\u00e1konne, \u00fa\u017eitok iba skupinka vyvolen\u00fdch. Pracujeme na \u010fal\u0161\u00edch odhaleniach a m\u00f4\u017eem poveda\u0165, \u017ee inform\u00e1cie, ktor\u00e9 m\u00e1me, s\u00fa [&hellip;]\" \/>\n<meta property=\"og:url\" content=\"https:\/\/www.smedemokrati.sk\/cs\/poslanec-galko-pridava-svoj-podpis-za-mimoriadnu-schodzu\/\" \/>\n<meta property=\"og:site_name\" content=\"Smedemokrati.sk\" \/>\n<meta property=\"article:publisher\" content=\"https:\/\/www.facebook.com\/smedemokrati2023\" \/>\n<meta property=\"article:published_time\" content=\"2025-05-30T09:34:18+00:00\" \/>\n<meta property=\"article:modified_time\" content=\"2025-05-30T09:34:19+00:00\" \/>\n<meta property=\"og:image\" content=\"https:\/\/www.smedemokrati.sk\/wp-content\/uploads\/2024\/09\/02_galko.jpg\" \/>\n\t<meta property=\"og:image:width\" content=\"900\" \/>\n\t<meta property=\"og:image:height\" content=\"600\" \/>\n\t<meta property=\"og:image:type\" content=\"image\/jpeg\" \/>\n<meta name=\"author\" content=\"miro.sopko\" \/>\n<meta name=\"twitter:card\" content=\"summary_large_image\" \/>\n<meta name=\"twitter:label1\" content=\"Napsal(a)\" \/>\n\t<meta name=\"twitter:data1\" content=\"miro.sopko\" \/>\n\t<meta name=\"twitter:label2\" content=\"Odhadovan\u00e1 doba \u010dten\u00ed\" \/>\n\t<meta name=\"twitter:data2\" content=\"1 minuta\" \/>\n<script type=\"application\/ld+json\" class=\"yoast-schema-graph\">{\"@context\":\"https:\/\/schema.org\",\"@graph\":[{\"@type\":\"Article\",\"@id\":\"https:\/\/www.smedemokrati.sk\/poslanec-galko-pridava-svoj-podpis-za-mimoriadnu-schodzu\/#article\",\"isPartOf\":{\"@id\":\"https:\/\/www.smedemokrati.sk\/poslanec-galko-pridava-svoj-podpis-za-mimoriadnu-schodzu\/\"},\"author\":{\"name\":\"miro.sopko\",\"@id\":\"https:\/\/www.smedemokrati.sk\/#\/schema\/person\/21f147c88d605aa7ded900e1e7c344ba\"},\"headline\":\"Poslanec Galko prid\u00e1va svoj podpis za mimoriadnu sch\u00f4dzu\",\"datePublished\":\"2025-05-30T09:34:18+00:00\",\"dateModified\":\"2025-05-30T09:34:19+00:00\",\"mainEntityOfPage\":{\"@id\":\"https:\/\/www.smedemokrati.sk\/poslanec-galko-pridava-svoj-podpis-za-mimoriadnu-schodzu\/\"},\"wordCount\":122,\"publisher\":{\"@id\":\"https:\/\/www.smedemokrati.sk\/#organization\"},\"image\":{\"@id\":\"https:\/\/www.smedemokrati.sk\/poslanec-galko-pridava-svoj-podpis-za-mimoriadnu-schodzu\/#primaryimage\"},\"thumbnailUrl\":\"https:\/\/www.smedemokrati.sk\/wp-content\/uploads\/2024\/09\/02_galko.jpg\",\"articleSection\":[\"Tla\u010dov\u00e9 spr\u00e1vy\"],\"inLanguage\":\"cs-CZ\"},{\"@type\":\"WebPage\",\"@id\":\"https:\/\/www.smedemokrati.sk\/poslanec-galko-pridava-svoj-podpis-za-mimoriadnu-schodzu\/\",\"url\":\"https:\/\/www.smedemokrati.sk\/poslanec-galko-pridava-svoj-podpis-za-mimoriadnu-schodzu\/\",\"name\":\"Poslanec Galko prid\u00e1va svoj podpis za mimoriadnu sch\u00f4dzu\",\"isPartOf\":{\"@id\":\"https:\/\/www.smedemokrati.sk\/#website\"},\"primaryImageOfPage\":{\"@id\":\"https:\/\/www.smedemokrati.sk\/poslanec-galko-pridava-svoj-podpis-za-mimoriadnu-schodzu\/#primaryimage\"},\"image\":{\"@id\":\"https:\/\/www.smedemokrati.sk\/poslanec-galko-pridava-svoj-podpis-za-mimoriadnu-schodzu\/#primaryimage\"},\"thumbnailUrl\":\"https:\/\/www.smedemokrati.sk\/wp-content\/uploads\/2024\/09\/02_galko.jpg\",\"datePublished\":\"2025-05-30T09:34:18+00:00\",\"dateModified\":\"2025-05-30T09:34:19+00:00\",\"breadcrumb\":{\"@id\":\"https:\/\/www.smedemokrati.sk\/poslanec-galko-pridava-svoj-podpis-za-mimoriadnu-schodzu\/#breadcrumb\"},\"inLanguage\":\"cs-CZ\",\"potentialAction\":[{\"@type\":\"ReadAction\",\"target\":[\"https:\/\/www.smedemokrati.sk\/poslanec-galko-pridava-svoj-podpis-za-mimoriadnu-schodzu\/\"]}]},{\"@type\":\"ImageObject\",\"inLanguage\":\"cs-CZ\",\"@id\":\"https:\/\/www.smedemokrati.sk\/poslanec-galko-pridava-svoj-podpis-za-mimoriadnu-schodzu\/#primaryimage\",\"url\":\"https:\/\/www.smedemokrati.sk\/wp-content\/uploads\/2024\/09\/02_galko.jpg\",\"contentUrl\":\"https:\/\/www.smedemokrati.sk\/wp-content\/uploads\/2024\/09\/02_galko.jpg\",\"width\":900,\"height\":600},{\"@type\":\"BreadcrumbList\",\"@id\":\"https:\/\/www.smedemokrati.sk\/poslanec-galko-pridava-svoj-podpis-za-mimoriadnu-schodzu\/#breadcrumb\",\"itemListElement\":[{\"@type\":\"ListItem\",\"position\":1,\"name\":\"Domovsk\u00e1 str\u00e1nka\",\"item\":\"https:\/\/www.smedemokrati.sk\/\"},{\"@type\":\"ListItem\",\"position\":2,\"name\":\"Poslanec Galko prid\u00e1va svoj podpis za mimoriadnu sch\u00f4dzu\"}]},{\"@type\":\"WebSite\",\"@id\":\"https:\/\/www.smedemokrati.sk\/#website\",\"url\":\"https:\/\/www.smedemokrati.sk\/\",\"name\":\"Smedemokrati.sk\",\"description\":\"Demokracia a slu\u0161nos\u0165 zv\u00ed\u0165az\u00ed\",\"publisher\":{\"@id\":\"https:\/\/www.smedemokrati.sk\/#organization\"},\"potentialAction\":[{\"@type\":\"SearchAction\",\"target\":{\"@type\":\"EntryPoint\",\"urlTemplate\":\"https:\/\/www.smedemokrati.sk\/?s={search_term_string}\"},\"query-input\":{\"@type\":\"PropertyValueSpecification\",\"valueRequired\":true,\"valueName\":\"search_term_string\"}}],\"inLanguage\":\"cs-CZ\"},{\"@type\":\"Organization\",\"@id\":\"https:\/\/www.smedemokrati.sk\/#organization\",\"name\":\"Smedemokrati.sk\",\"url\":\"https:\/\/www.smedemokrati.sk\/\",\"logo\":{\"@type\":\"ImageObject\",\"inLanguage\":\"cs-CZ\",\"@id\":\"https:\/\/www.smedemokrati.sk\/#\/schema\/logo\/image\/\",\"url\":\"https:\/\/www.smedemokrati.sk\/wp-content\/uploads\/2023\/04\/ff.002.jpeg\",\"contentUrl\":\"https:\/\/www.smedemokrati.sk\/wp-content\/uploads\/2023\/04\/ff.002.jpeg\",\"width\":640,\"height\":480,\"caption\":\"Smedemokrati.sk\"},\"image\":{\"@id\":\"https:\/\/www.smedemokrati.sk\/#\/schema\/logo\/image\/\"},\"sameAs\":[\"https:\/\/www.facebook.com\/smedemokrati2023\"]},{\"@type\":\"Person\",\"@id\":\"https:\/\/www.smedemokrati.sk\/#\/schema\/person\/21f147c88d605aa7ded900e1e7c344ba\",\"name\":\"miro.sopko\",\"image\":{\"@type\":\"ImageObject\",\"inLanguage\":\"cs-CZ\",\"@id\":\"https:\/\/secure.gravatar.com\/avatar\/267e4a36f704376c109afe3a78740c1f5dd8675a2180a908699e7863c9247606?s=96&d=mm&r=g\",\"url\":\"https:\/\/secure.gravatar.com\/avatar\/267e4a36f704376c109afe3a78740c1f5dd8675a2180a908699e7863c9247606?s=96&d=mm&r=g\",\"contentUrl\":\"https:\/\/secure.gravatar.com\/avatar\/267e4a36f704376c109afe3a78740c1f5dd8675a2180a908699e7863c9247606?s=96&d=mm&r=g\",\"caption\":\"miro.sopko\"},\"url\":\"https:\/\/www.smedemokrati.sk\/cs\/author\/miro-sopko\/\"}]}<\/script>\n<!-- \/ Yoast SEO plugin. -->","yoast_head_json":{"title":"Poslanec Galko prid\u00e1va svoj podpis za mimoriadnu sch\u00f4dzu","robots":{"index":"index","follow":"follow","max-snippet":"max-snippet:-1","max-image-preview":"max-image-preview:large","max-video-preview":"max-video-preview:-1"},"canonical":"https:\/\/www.smedemokrati.sk\/cs\/poslanec-galko-pridava-svoj-podpis-za-mimoriadnu-schodzu\/","og_locale":"cs_CZ","og_type":"article","og_title":"[:sk]Poslanec Galko prid\u00e1va svoj podpis za mimoriadnu sch\u00f4dzu[:] - Smedemokrati.sk","og_description":"\u201ePr\u00e1ve Demokrati s Pir\u00e1tskou stranou priniesli t\u00e9mu haciend z eur\u00f3pskych pe\u0148az\u00ed a vyciciavania financi\u00ed z PPA. Som r\u00e1d, \u017ee sa toho chytili \u010fal\u0161\u00ed kolegovia a tie\u017e m\u00e9di\u00e1, ve\u010f ide o mili\u00f3ny a mili\u00f3ny eur, z ktor\u00fdch m\u00e1 zjavne, nez\u00e1konne, \u00fa\u017eitok iba skupinka vyvolen\u00fdch. Pracujeme na \u010fal\u0161\u00edch odhaleniach a m\u00f4\u017eem poveda\u0165, \u017ee inform\u00e1cie, ktor\u00e9 m\u00e1me, s\u00fa [&hellip;]","og_url":"https:\/\/www.smedemokrati.sk\/cs\/poslanec-galko-pridava-svoj-podpis-za-mimoriadnu-schodzu\/","og_site_name":"Smedemokrati.sk","article_publisher":"https:\/\/www.facebook.com\/smedemokrati2023","article_published_time":"2025-05-30T09:34:18+00:00","article_modified_time":"2025-05-30T09:34:19+00:00","og_image":[{"width":900,"height":600,"url":"https:\/\/www.smedemokrati.sk\/wp-content\/uploads\/2024\/09\/02_galko.jpg","type":"image\/jpeg"}],"author":"miro.sopko","twitter_card":"summary_large_image","twitter_misc":{"Napsal(a)":"miro.sopko","Odhadovan\u00e1 doba \u010dten\u00ed":"1 minuta"},"schema":{"@context":"https:\/\/schema.org","@graph":[{"@type":"Article","@id":"https:\/\/www.smedemokrati.sk\/poslanec-galko-pridava-svoj-podpis-za-mimoriadnu-schodzu\/#article","isPartOf":{"@id":"https:\/\/www.smedemokrati.sk\/poslanec-galko-pridava-svoj-podpis-za-mimoriadnu-schodzu\/"},"author":{"name":"miro.sopko","@id":"https:\/\/www.smedemokrati.sk\/#\/schema\/person\/21f147c88d605aa7ded900e1e7c344ba"},"headline":"Poslanec Galko prid\u00e1va svoj podpis za mimoriadnu sch\u00f4dzu","datePublished":"2025-05-30T09:34:18+00:00","dateModified":"2025-05-30T09:34:19+00:00","mainEntityOfPage":{"@id":"https:\/\/www.smedemokrati.sk\/poslanec-galko-pridava-svoj-podpis-za-mimoriadnu-schodzu\/"},"wordCount":122,"publisher":{"@id":"https:\/\/www.smedemokrati.sk\/#organization"},"image":{"@id":"https:\/\/www.smedemokrati.sk\/poslanec-galko-pridava-svoj-podpis-za-mimoriadnu-schodzu\/#primaryimage"},"thumbnailUrl":"https:\/\/www.smedemokrati.sk\/wp-content\/uploads\/2024\/09\/02_galko.jpg","articleSection":["Tla\u010dov\u00e9 spr\u00e1vy"],"inLanguage":"cs-CZ"},{"@type":"WebPage","@id":"https:\/\/www.smedemokrati.sk\/poslanec-galko-pridava-svoj-podpis-za-mimoriadnu-schodzu\/","url":"https:\/\/www.smedemokrati.sk\/poslanec-galko-pridava-svoj-podpis-za-mimoriadnu-schodzu\/","name":"Poslanec Galko prid\u00e1va svoj podpis za mimoriadnu sch\u00f4dzu","isPartOf":{"@id":"https:\/\/www.smedemokrati.sk\/#website"},"primaryImageOfPage":{"@id":"https:\/\/www.smedemokrati.sk\/poslanec-galko-pridava-svoj-podpis-za-mimoriadnu-schodzu\/#primaryimage"},"image":{"@id":"https:\/\/www.smedemokrati.sk\/poslanec-galko-pridava-svoj-podpis-za-mimoriadnu-schodzu\/#primaryimage"},"thumbnailUrl":"https:\/\/www.smedemokrati.sk\/wp-content\/uploads\/2024\/09\/02_galko.jpg","datePublished":"2025-05-30T09:34:18+00:00","dateModified":"2025-05-30T09:34:19+00:00","breadcrumb":{"@id":"https:\/\/www.smedemokrati.sk\/poslanec-galko-pridava-svoj-podpis-za-mimoriadnu-schodzu\/#breadcrumb"},"inLanguage":"cs-CZ","potentialAction":[{"@type":"ReadAction","target":["https:\/\/www.smedemokrati.sk\/poslanec-galko-pridava-svoj-podpis-za-mimoriadnu-schodzu\/"]}]},{"@type":"ImageObject","inLanguage":"cs-CZ","@id":"https:\/\/www.smedemokrati.sk\/poslanec-galko-pridava-svoj-podpis-za-mimoriadnu-schodzu\/#primaryimage","url":"https:\/\/www.smedemokrati.sk\/wp-content\/uploads\/2024\/09\/02_galko.jpg","contentUrl":"https:\/\/www.smedemokrati.sk\/wp-content\/uploads\/2024\/09\/02_galko.jpg","width":900,"height":600},{"@type":"BreadcrumbList","@id":"https:\/\/www.smedemokrati.sk\/poslanec-galko-pridava-svoj-podpis-za-mimoriadnu-schodzu\/#breadcrumb","itemListElement":[{"@type":"ListItem","position":1,"name":"Domovsk\u00e1 str\u00e1nka","item":"https:\/\/www.smedemokrati.sk\/"},{"@type":"ListItem","position":2,"name":"Poslanec Galko prid\u00e1va svoj podpis za mimoriadnu sch\u00f4dzu"}]},{"@type":"WebSite","@id":"https:\/\/www.smedemokrati.sk\/#website","url":"https:\/\/www.smedemokrati.sk\/","name":"Smedemokrati.sk","description":"Demokracia a slu\u0161nos\u0165 zv\u00ed\u0165az\u00ed","publisher":{"@id":"https:\/\/www.smedemokrati.sk\/#organization"},"potentialAction":[{"@type":"SearchAction","target":{"@type":"EntryPoint","urlTemplate":"https:\/\/www.smedemokrati.sk\/?s={search_term_string}"},"query-input":{"@type":"PropertyValueSpecification","valueRequired":true,"valueName":"search_term_string"}}],"inLanguage":"cs-CZ"},{"@type":"Organization","@id":"https:\/\/www.smedemokrati.sk\/#organization","name":"Smedemokrati.sk","url":"https:\/\/www.smedemokrati.sk\/","logo":{"@type":"ImageObject","inLanguage":"cs-CZ","@id":"https:\/\/www.smedemokrati.sk\/#\/schema\/logo\/image\/","url":"https:\/\/www.smedemokrati.sk\/wp-content\/uploads\/2023\/04\/ff.002.jpeg","contentUrl":"https:\/\/www.smedemokrati.sk\/wp-content\/uploads\/2023\/04\/ff.002.jpeg","width":640,"height":480,"caption":"Smedemokrati.sk"},"image":{"@id":"https:\/\/www.smedemokrati.sk\/#\/schema\/logo\/image\/"},"sameAs":["https:\/\/www.facebook.com\/smedemokrati2023"]},{"@type":"Person","@id":"https:\/\/www.smedemokrati.sk\/#\/schema\/person\/21f147c88d605aa7ded900e1e7c344ba","name":"miro.sopko","image":{"@type":"ImageObject","inLanguage":"cs-CZ","@id":"https:\/\/secure.gravatar.com\/avatar\/267e4a36f704376c109afe3a78740c1f5dd8675a2180a908699e7863c9247606?s=96&d=mm&r=g","url":"https:\/\/secure.gravatar.com\/avatar\/267e4a36f704376c109afe3a78740c1f5dd8675a2180a908699e7863c9247606?s=96&d=mm&r=g","contentUrl":"https:\/\/secure.gravatar.com\/avatar\/267e4a36f704376c109afe3a78740c1f5dd8675a2180a908699e7863c9247606?s=96&d=mm&r=g","caption":"miro.sopko"},"url":"https:\/\/www.smedemokrati.sk\/cs\/author\/miro-sopko\/"}]}},"_links":{"self":[{"href":"https:\/\/www.smedemokrati.sk\/cs\/wp-json\/wp\/v2\/posts\/7388","targetHints":{"allow":["GET"]}}],"collection":[{"href":"https:\/\/www.smedemokrati.sk\/cs\/wp-json\/wp\/v2\/posts"}],"about":[{"href":"https:\/\/www.smedemokrati.sk\/cs\/wp-json\/wp\/v2\/types\/post"}],"author":[{"embeddable":true,"href":"https:\/\/www.smedemokrati.sk\/cs\/wp-json\/wp\/v2\/users\/13"}],"replies":[{"embeddable":true,"href":"https:\/\/www.smedemokrati.sk\/cs\/wp-json\/wp\/v2\/comments?post=7388"}],"version-history":[{"count":1,"href":"https:\/\/www.smedemokrati.sk\/cs\/wp-json\/wp\/v2\/posts\/7388\/revisions"}],"predecessor-version":[{"id":7389,"href":"https:\/\/www.smedemokrati.sk\/cs\/wp-json\/wp\/v2\/posts\/7388\/revisions\/7389"}],"wp:featuredmedia":[{"embeddable":true,"href":"https:\/\/www.smedemokrati.sk\/cs\/wp-json\/wp\/v2\/media\/5074"}],"wp:attachment":[{"href":"https:\/\/www.smedemokrati.sk\/cs\/wp-json\/wp\/v2\/media?parent=7388"}],"wp:term":[{"taxonomy":"category","embeddable":true,"href":"https:\/\/www.smedemokrati.sk\/cs\/wp-json\/wp\/v2\/categories?post=7388"},{"taxonomy":"post_tag","embeddable":true,"href":"https:\/\/www.smedemokrati.sk\/cs\/wp-json\/wp\/v2\/tags?post=7388"}],"curies":[{"name":"wp","href":"https:\/\/api.w.org\/{rel}","templated":true}]}}