{"id":7349,"date":"2025-05-28T11:48:50","date_gmt":"2025-05-28T10:48:50","guid":{"rendered":"https:\/\/www.smedemokrati.sk\/?p=7349"},"modified":"2025-05-28T11:48:51","modified_gmt":"2025-05-28T10:48:51","slug":"zial-opat-prazdne-pr","status":"publish","type":"post","link":"https:\/\/www.smedemokrati.sk\/cs\/zial-opat-prazdne-pr\/","title":{"rendered":"\u017dia\u013e op\u00e4\u0165 pr\u00e1zdne PR"},"content":{"rendered":"<div id=\"fb-root\"><\/div>\n\n<p><strong>Prezident vo svojom prejave zakopol o vlastn\u00e9 predvolebn\u00e9 s\u013euby, ktor\u00e9 vl\u00e1da, ktorej je Pellegriniho strana s\u00fa\u010das\u0165ou, nedoru\u010dila. Navy\u0161e, v PR prejave prezidenta Pellegriniho o stave krajiny bolo nemo\u017en\u00e9 rozl\u00ed\u0161i\u0165, ktor\u00e9 \u010dasti prejavu boli p\u00edsan\u00e9 v centr\u00e1le Hlasu, ktor\u00e9 v centr\u00e1le Smeru a \u010do s\u00fa skuto\u010dn\u00e9 postoje prezidenta SR.&nbsp;<\/strong><\/p>\n\n\n\n<p><em>\u201ePeter Pellegrini kritizoval vysok\u00e9 ceny na Slovensku, no bol to pr\u00e1ve on, kto oblepil krajinu billboardami, \u017ee zabezpe\u010d\u00ed lacnej\u0161ie potraviny. \u013dudia nepotrebuj\u00fa pr\u00e1zdny PR prejav na to, aby vedeli, ako sa m\u00e1 krajina. Vidia to vo svojich pr\u00e1zdnych pe\u0148a\u017eenk\u00e1ch. Pellegrini \u010falej hovoril, \u017ee pri politike na \u0161tyri svetov\u00e9 strany nem\u00e1 vl\u00e1da zabudn\u00fa\u0165 na z\u00e1pad, no je to pr\u00e1ve on, ktor\u00fd \u010du\u0161\u00ed, ke\u010f slovensk\u00e9 deleg\u00e1cie nav\u0161tevuj\u00fa Moskvu. Pellegrini dokonca obdivoval skromnos\u0165 p\u00e1pe\u017ea, \u0165a\u017eko tomu uveri\u0165, ke\u010f ned\u00e1vno dal do pozoru cel\u00e9 bratislavsk\u00e9 s\u00eddlisko t\u00fdm, \u017ee i\u0161iel na troch aut\u00e1ch a s maj\u00e1kmi ku kadern\u00edkovi.&#8220;\u00a0<\/em>Reagoval predseda Demokratov Jaroslav Na\u010f a dodal, \u017ee prejav Petra Pellegriniho bol pod\u013ea neho koncipovan\u00fd najm\u00e4 ako posolstv\u00e1 \u010destn\u00e9ho predsedu strany Hlas, ktor\u00e1 sa dramatick\u00fd prepad\u00e1 vo volebn\u00fdch prieskumoch, preto sa u\u017e \u0161tandardne, prezident sna\u017eil \u201ezap\u00e1\u010di\u0165 v\u0161etk\u00fdm&#8220;.\u00a0<\/p>\n","protected":false},"excerpt":{"rendered":"<p>Prezident vo svojom prejave zakopol o vlastn\u00e9 predvolebn\u00e9 s\u013euby, ktor\u00e9 vl\u00e1da, ktorej je Pellegriniho strana s\u00fa\u010das\u0165ou, nedoru\u010dila. Navy\u0161e, v PR prejave prezidenta Pellegriniho o stave krajiny bolo nemo\u017en\u00e9 rozl\u00ed\u0161i\u0165, ktor\u00e9 \u010dasti prejavu boli p\u00edsan\u00e9 v centr\u00e1le Hlasu, ktor\u00e9 v centr\u00e1le Smeru a \u010do s\u00fa skuto\u010dn\u00e9 postoje prezidenta SR.&nbsp; \u201ePeter Pellegrini kritizoval vysok\u00e9 ceny na Slovensku, [&hellip;]<\/p>\n","protected":false},"author":13,"featured_media":7350,"comment_status":"closed","ping_status":"closed","sticky":false,"template":"","format":"standard","meta":{"_acf_changed":false,"ngg_post_thumbnail":0,"footnotes":""},"categories":[4],"tags":[],"class_list":["post-7349","post","type-post","status-publish","format-standard","has-post-thumbnail","hentry","category-tlacove-spravy"],"acf":[],"yoast_head":"<!-- This site is optimized with the Yoast SEO plugin v27.2 - https:\/\/yoast.com\/product\/yoast-seo-wordpress\/ -->\n<title>\u017dia\u013e op\u00e4\u0165 pr\u00e1zdne PR<\/title>\n<meta name=\"robots\" content=\"index, follow, max-snippet:-1, max-image-preview:large, max-video-preview:-1\" \/>\n<link rel=\"canonical\" href=\"https:\/\/www.smedemokrati.sk\/cs\/zial-opat-prazdne-pr\/\" \/>\n<meta property=\"og:locale\" content=\"cs_CZ\" \/>\n<meta property=\"og:locale:alternate\" content=\"en_US\" \/>\n<meta property=\"og:locale:alternate\" content=\"hu_HU\" \/>\n<meta property=\"og:locale:alternate\" content=\"sk_SK\" \/>\n<meta property=\"og:locale:alternate\" content=\"sv_SE\" \/>\n<meta property=\"og:type\" content=\"article\" \/>\n<meta property=\"og:title\" content=\"\u017dia\u013e op\u00e4\u0165 pr\u00e1zdne PR\" \/>\n<meta property=\"og:description\" content=\"Prezident vo svojom prejave zakopol o vlastn\u00e9 predvolebn\u00e9 s\u013euby, ktor\u00e9 vl\u00e1da, ktorej je Pellegriniho strana s\u00fa\u010das\u0165ou, nedoru\u010dila. Navy\u0161e, v PR prejave prezidenta Pellegriniho o stave krajiny bolo nemo\u017en\u00e9 rozl\u00ed\u0161i\u0165, ktor\u00e9 \u010dasti prejavu boli p\u00edsan\u00e9 v centr\u00e1le Hlasu, ktor\u00e9 v centr\u00e1le Smeru a \u010do s\u00fa skuto\u010dn\u00e9 postoje prezidenta SR.&nbsp; \u201ePeter Pellegrini kritizoval vysok\u00e9 ceny na Slovensku, [&hellip;]\" \/>\n<meta property=\"og:url\" content=\"https:\/\/www.smedemokrati.sk\/cs\/zial-opat-prazdne-pr\/\" \/>\n<meta property=\"og:site_name\" content=\"Smedemokrati.sk\" \/>\n<meta property=\"article:publisher\" content=\"https:\/\/www.facebook.com\/smedemokrati2023\" \/>\n<meta property=\"article:published_time\" content=\"2025-05-28T10:48:50+00:00\" \/>\n<meta property=\"article:modified_time\" content=\"2025-05-28T10:48:51+00:00\" \/>\n<meta property=\"og:image\" content=\"https:\/\/www.smedemokrati.sk\/wp-content\/uploads\/2025\/05\/pellegrini.webp\" \/>\n\t<meta property=\"og:image:width\" content=\"1680\" \/>\n\t<meta property=\"og:image:height\" content=\"1260\" \/>\n\t<meta property=\"og:image:type\" content=\"image\/webp\" \/>\n<meta name=\"author\" content=\"miro.sopko\" \/>\n<meta name=\"twitter:card\" content=\"summary_large_image\" \/>\n<meta name=\"twitter:label1\" content=\"Napsal(a)\" \/>\n\t<meta name=\"twitter:data1\" content=\"miro.sopko\" \/>\n\t<meta name=\"twitter:label2\" content=\"Odhadovan\u00e1 doba \u010dten\u00ed\" \/>\n\t<meta name=\"twitter:data2\" content=\"2 minuty\" \/>\n<script type=\"application\/ld+json\" class=\"yoast-schema-graph\">{\"@context\":\"https:\/\/schema.org\",\"@graph\":[{\"@type\":\"Article\",\"@id\":\"https:\/\/www.smedemokrati.sk\/zial-opat-prazdne-pr\/#article\",\"isPartOf\":{\"@id\":\"https:\/\/www.smedemokrati.sk\/zial-opat-prazdne-pr\/\"},\"author\":{\"name\":\"miro.sopko\",\"@id\":\"https:\/\/www.smedemokrati.sk\/#\/schema\/person\/21f147c88d605aa7ded900e1e7c344ba\"},\"headline\":\"\u017dia\u013e op\u00e4\u0165 pr\u00e1zdne PR\",\"datePublished\":\"2025-05-28T10:48:50+00:00\",\"dateModified\":\"2025-05-28T10:48:51+00:00\",\"mainEntityOfPage\":{\"@id\":\"https:\/\/www.smedemokrati.sk\/zial-opat-prazdne-pr\/\"},\"wordCount\":227,\"publisher\":{\"@id\":\"https:\/\/www.smedemokrati.sk\/#organization\"},\"image\":{\"@id\":\"https:\/\/www.smedemokrati.sk\/zial-opat-prazdne-pr\/#primaryimage\"},\"thumbnailUrl\":\"https:\/\/www.smedemokrati.sk\/wp-content\/uploads\/2025\/05\/pellegrini.webp\",\"articleSection\":[\"Tla\u010dov\u00e9 spr\u00e1vy\"],\"inLanguage\":\"cs-CZ\"},{\"@type\":\"WebPage\",\"@id\":\"https:\/\/www.smedemokrati.sk\/zial-opat-prazdne-pr\/\",\"url\":\"https:\/\/www.smedemokrati.sk\/zial-opat-prazdne-pr\/\",\"name\":\"\u017dia\u013e op\u00e4\u0165 pr\u00e1zdne PR\",\"isPartOf\":{\"@id\":\"https:\/\/www.smedemokrati.sk\/#website\"},\"primaryImageOfPage\":{\"@id\":\"https:\/\/www.smedemokrati.sk\/zial-opat-prazdne-pr\/#primaryimage\"},\"image\":{\"@id\":\"https:\/\/www.smedemokrati.sk\/zial-opat-prazdne-pr\/#primaryimage\"},\"thumbnailUrl\":\"https:\/\/www.smedemokrati.sk\/wp-content\/uploads\/2025\/05\/pellegrini.webp\",\"datePublished\":\"2025-05-28T10:48:50+00:00\",\"dateModified\":\"2025-05-28T10:48:51+00:00\",\"breadcrumb\":{\"@id\":\"https:\/\/www.smedemokrati.sk\/zial-opat-prazdne-pr\/#breadcrumb\"},\"inLanguage\":\"cs-CZ\",\"potentialAction\":[{\"@type\":\"ReadAction\",\"target\":[\"https:\/\/www.smedemokrati.sk\/zial-opat-prazdne-pr\/\"]}]},{\"@type\":\"ImageObject\",\"inLanguage\":\"cs-CZ\",\"@id\":\"https:\/\/www.smedemokrati.sk\/zial-opat-prazdne-pr\/#primaryimage\",\"url\":\"https:\/\/www.smedemokrati.sk\/wp-content\/uploads\/2025\/05\/pellegrini.webp\",\"contentUrl\":\"https:\/\/www.smedemokrati.sk\/wp-content\/uploads\/2025\/05\/pellegrini.webp\",\"width\":1680,\"height\":1260},{\"@type\":\"BreadcrumbList\",\"@id\":\"https:\/\/www.smedemokrati.sk\/zial-opat-prazdne-pr\/#breadcrumb\",\"itemListElement\":[{\"@type\":\"ListItem\",\"position\":1,\"name\":\"Domovsk\u00e1 str\u00e1nka\",\"item\":\"https:\/\/www.smedemokrati.sk\/\"},{\"@type\":\"ListItem\",\"position\":2,\"name\":\"\u017dia\u013e op\u00e4\u0165 pr\u00e1zdne PR\"}]},{\"@type\":\"WebSite\",\"@id\":\"https:\/\/www.smedemokrati.sk\/#website\",\"url\":\"https:\/\/www.smedemokrati.sk\/\",\"name\":\"Smedemokrati.sk\",\"description\":\"Demokracia a slu\u0161nos\u0165 zv\u00ed\u0165az\u00ed\",\"publisher\":{\"@id\":\"https:\/\/www.smedemokrati.sk\/#organization\"},\"potentialAction\":[{\"@type\":\"SearchAction\",\"target\":{\"@type\":\"EntryPoint\",\"urlTemplate\":\"https:\/\/www.smedemokrati.sk\/?s={search_term_string}\"},\"query-input\":{\"@type\":\"PropertyValueSpecification\",\"valueRequired\":true,\"valueName\":\"search_term_string\"}}],\"inLanguage\":\"cs-CZ\"},{\"@type\":\"Organization\",\"@id\":\"https:\/\/www.smedemokrati.sk\/#organization\",\"name\":\"Smedemokrati.sk\",\"url\":\"https:\/\/www.smedemokrati.sk\/\",\"logo\":{\"@type\":\"ImageObject\",\"inLanguage\":\"cs-CZ\",\"@id\":\"https:\/\/www.smedemokrati.sk\/#\/schema\/logo\/image\/\",\"url\":\"https:\/\/www.smedemokrati.sk\/wp-content\/uploads\/2023\/04\/ff.002.jpeg\",\"contentUrl\":\"https:\/\/www.smedemokrati.sk\/wp-content\/uploads\/2023\/04\/ff.002.jpeg\",\"width\":640,\"height\":480,\"caption\":\"Smedemokrati.sk\"},\"image\":{\"@id\":\"https:\/\/www.smedemokrati.sk\/#\/schema\/logo\/image\/\"},\"sameAs\":[\"https:\/\/www.facebook.com\/smedemokrati2023\"]},{\"@type\":\"Person\",\"@id\":\"https:\/\/www.smedemokrati.sk\/#\/schema\/person\/21f147c88d605aa7ded900e1e7c344ba\",\"name\":\"miro.sopko\",\"image\":{\"@type\":\"ImageObject\",\"inLanguage\":\"cs-CZ\",\"@id\":\"https:\/\/secure.gravatar.com\/avatar\/267e4a36f704376c109afe3a78740c1f5dd8675a2180a908699e7863c9247606?s=96&d=mm&r=g\",\"url\":\"https:\/\/secure.gravatar.com\/avatar\/267e4a36f704376c109afe3a78740c1f5dd8675a2180a908699e7863c9247606?s=96&d=mm&r=g\",\"contentUrl\":\"https:\/\/secure.gravatar.com\/avatar\/267e4a36f704376c109afe3a78740c1f5dd8675a2180a908699e7863c9247606?s=96&d=mm&r=g\",\"caption\":\"miro.sopko\"},\"url\":\"https:\/\/www.smedemokrati.sk\/cs\/author\/miro-sopko\/\"}]}<\/script>\n<!-- \/ Yoast SEO plugin. -->","yoast_head_json":{"title":"\u017dia\u013e op\u00e4\u0165 pr\u00e1zdne PR","robots":{"index":"index","follow":"follow","max-snippet":"max-snippet:-1","max-image-preview":"max-image-preview:large","max-video-preview":"max-video-preview:-1"},"canonical":"https:\/\/www.smedemokrati.sk\/cs\/zial-opat-prazdne-pr\/","og_locale":"cs_CZ","og_type":"article","og_title":"[:sk]\u017dia\u013e op\u00e4\u0165 pr\u00e1zdne PR[:] - Smedemokrati.sk","og_description":"Prezident vo svojom prejave zakopol o vlastn\u00e9 predvolebn\u00e9 s\u013euby, ktor\u00e9 vl\u00e1da, ktorej je Pellegriniho strana s\u00fa\u010das\u0165ou, nedoru\u010dila. Navy\u0161e, v PR prejave prezidenta Pellegriniho o stave krajiny bolo nemo\u017en\u00e9 rozl\u00ed\u0161i\u0165, ktor\u00e9 \u010dasti prejavu boli p\u00edsan\u00e9 v centr\u00e1le Hlasu, ktor\u00e9 v centr\u00e1le Smeru a \u010do s\u00fa skuto\u010dn\u00e9 postoje prezidenta SR.&nbsp; \u201ePeter Pellegrini kritizoval vysok\u00e9 ceny na Slovensku, [&hellip;]","og_url":"https:\/\/www.smedemokrati.sk\/cs\/zial-opat-prazdne-pr\/","og_site_name":"Smedemokrati.sk","article_publisher":"https:\/\/www.facebook.com\/smedemokrati2023","article_published_time":"2025-05-28T10:48:50+00:00","article_modified_time":"2025-05-28T10:48:51+00:00","og_image":[{"width":1680,"height":1260,"url":"https:\/\/www.smedemokrati.sk\/wp-content\/uploads\/2025\/05\/pellegrini.webp","type":"image\/webp"}],"author":"miro.sopko","twitter_card":"summary_large_image","twitter_misc":{"Napsal(a)":"miro.sopko","Odhadovan\u00e1 doba \u010dten\u00ed":"2 minuty"},"schema":{"@context":"https:\/\/schema.org","@graph":[{"@type":"Article","@id":"https:\/\/www.smedemokrati.sk\/zial-opat-prazdne-pr\/#article","isPartOf":{"@id":"https:\/\/www.smedemokrati.sk\/zial-opat-prazdne-pr\/"},"author":{"name":"miro.sopko","@id":"https:\/\/www.smedemokrati.sk\/#\/schema\/person\/21f147c88d605aa7ded900e1e7c344ba"},"headline":"\u017dia\u013e op\u00e4\u0165 pr\u00e1zdne PR","datePublished":"2025-05-28T10:48:50+00:00","dateModified":"2025-05-28T10:48:51+00:00","mainEntityOfPage":{"@id":"https:\/\/www.smedemokrati.sk\/zial-opat-prazdne-pr\/"},"wordCount":227,"publisher":{"@id":"https:\/\/www.smedemokrati.sk\/#organization"},"image":{"@id":"https:\/\/www.smedemokrati.sk\/zial-opat-prazdne-pr\/#primaryimage"},"thumbnailUrl":"https:\/\/www.smedemokrati.sk\/wp-content\/uploads\/2025\/05\/pellegrini.webp","articleSection":["Tla\u010dov\u00e9 spr\u00e1vy"],"inLanguage":"cs-CZ"},{"@type":"WebPage","@id":"https:\/\/www.smedemokrati.sk\/zial-opat-prazdne-pr\/","url":"https:\/\/www.smedemokrati.sk\/zial-opat-prazdne-pr\/","name":"\u017dia\u013e op\u00e4\u0165 pr\u00e1zdne PR","isPartOf":{"@id":"https:\/\/www.smedemokrati.sk\/#website"},"primaryImageOfPage":{"@id":"https:\/\/www.smedemokrati.sk\/zial-opat-prazdne-pr\/#primaryimage"},"image":{"@id":"https:\/\/www.smedemokrati.sk\/zial-opat-prazdne-pr\/#primaryimage"},"thumbnailUrl":"https:\/\/www.smedemokrati.sk\/wp-content\/uploads\/2025\/05\/pellegrini.webp","datePublished":"2025-05-28T10:48:50+00:00","dateModified":"2025-05-28T10:48:51+00:00","breadcrumb":{"@id":"https:\/\/www.smedemokrati.sk\/zial-opat-prazdne-pr\/#breadcrumb"},"inLanguage":"cs-CZ","potentialAction":[{"@type":"ReadAction","target":["https:\/\/www.smedemokrati.sk\/zial-opat-prazdne-pr\/"]}]},{"@type":"ImageObject","inLanguage":"cs-CZ","@id":"https:\/\/www.smedemokrati.sk\/zial-opat-prazdne-pr\/#primaryimage","url":"https:\/\/www.smedemokrati.sk\/wp-content\/uploads\/2025\/05\/pellegrini.webp","contentUrl":"https:\/\/www.smedemokrati.sk\/wp-content\/uploads\/2025\/05\/pellegrini.webp","width":1680,"height":1260},{"@type":"BreadcrumbList","@id":"https:\/\/www.smedemokrati.sk\/zial-opat-prazdne-pr\/#breadcrumb","itemListElement":[{"@type":"ListItem","position":1,"name":"Domovsk\u00e1 str\u00e1nka","item":"https:\/\/www.smedemokrati.sk\/"},{"@type":"ListItem","position":2,"name":"\u017dia\u013e op\u00e4\u0165 pr\u00e1zdne PR"}]},{"@type":"WebSite","@id":"https:\/\/www.smedemokrati.sk\/#website","url":"https:\/\/www.smedemokrati.sk\/","name":"Smedemokrati.sk","description":"Demokracia a slu\u0161nos\u0165 zv\u00ed\u0165az\u00ed","publisher":{"@id":"https:\/\/www.smedemokrati.sk\/#organization"},"potentialAction":[{"@type":"SearchAction","target":{"@type":"EntryPoint","urlTemplate":"https:\/\/www.smedemokrati.sk\/?s={search_term_string}"},"query-input":{"@type":"PropertyValueSpecification","valueRequired":true,"valueName":"search_term_string"}}],"inLanguage":"cs-CZ"},{"@type":"Organization","@id":"https:\/\/www.smedemokrati.sk\/#organization","name":"Smedemokrati.sk","url":"https:\/\/www.smedemokrati.sk\/","logo":{"@type":"ImageObject","inLanguage":"cs-CZ","@id":"https:\/\/www.smedemokrati.sk\/#\/schema\/logo\/image\/","url":"https:\/\/www.smedemokrati.sk\/wp-content\/uploads\/2023\/04\/ff.002.jpeg","contentUrl":"https:\/\/www.smedemokrati.sk\/wp-content\/uploads\/2023\/04\/ff.002.jpeg","width":640,"height":480,"caption":"Smedemokrati.sk"},"image":{"@id":"https:\/\/www.smedemokrati.sk\/#\/schema\/logo\/image\/"},"sameAs":["https:\/\/www.facebook.com\/smedemokrati2023"]},{"@type":"Person","@id":"https:\/\/www.smedemokrati.sk\/#\/schema\/person\/21f147c88d605aa7ded900e1e7c344ba","name":"miro.sopko","image":{"@type":"ImageObject","inLanguage":"cs-CZ","@id":"https:\/\/secure.gravatar.com\/avatar\/267e4a36f704376c109afe3a78740c1f5dd8675a2180a908699e7863c9247606?s=96&d=mm&r=g","url":"https:\/\/secure.gravatar.com\/avatar\/267e4a36f704376c109afe3a78740c1f5dd8675a2180a908699e7863c9247606?s=96&d=mm&r=g","contentUrl":"https:\/\/secure.gravatar.com\/avatar\/267e4a36f704376c109afe3a78740c1f5dd8675a2180a908699e7863c9247606?s=96&d=mm&r=g","caption":"miro.sopko"},"url":"https:\/\/www.smedemokrati.sk\/cs\/author\/miro-sopko\/"}]}},"_links":{"self":[{"href":"https:\/\/www.smedemokrati.sk\/cs\/wp-json\/wp\/v2\/posts\/7349","targetHints":{"allow":["GET"]}}],"collection":[{"href":"https:\/\/www.smedemokrati.sk\/cs\/wp-json\/wp\/v2\/posts"}],"about":[{"href":"https:\/\/www.smedemokrati.sk\/cs\/wp-json\/wp\/v2\/types\/post"}],"author":[{"embeddable":true,"href":"https:\/\/www.smedemokrati.sk\/cs\/wp-json\/wp\/v2\/users\/13"}],"replies":[{"embeddable":true,"href":"https:\/\/www.smedemokrati.sk\/cs\/wp-json\/wp\/v2\/comments?post=7349"}],"version-history":[{"count":1,"href":"https:\/\/www.smedemokrati.sk\/cs\/wp-json\/wp\/v2\/posts\/7349\/revisions"}],"predecessor-version":[{"id":7351,"href":"https:\/\/www.smedemokrati.sk\/cs\/wp-json\/wp\/v2\/posts\/7349\/revisions\/7351"}],"wp:featuredmedia":[{"embeddable":true,"href":"https:\/\/www.smedemokrati.sk\/cs\/wp-json\/wp\/v2\/media\/7350"}],"wp:attachment":[{"href":"https:\/\/www.smedemokrati.sk\/cs\/wp-json\/wp\/v2\/media?parent=7349"}],"wp:term":[{"taxonomy":"category","embeddable":true,"href":"https:\/\/www.smedemokrati.sk\/cs\/wp-json\/wp\/v2\/categories?post=7349"},{"taxonomy":"post_tag","embeddable":true,"href":"https:\/\/www.smedemokrati.sk\/cs\/wp-json\/wp\/v2\/tags?post=7349"}],"curies":[{"name":"wp","href":"https:\/\/api.w.org\/{rel}","templated":true}]}}