{"id":7297,"date":"2025-05-22T14:39:59","date_gmt":"2025-05-22T13:39:59","guid":{"rendered":"https:\/\/www.smedemokrati.sk\/?p=7297"},"modified":"2025-05-22T14:41:08","modified_gmt":"2025-05-22T13:41:08","slug":"podavame-trestne-oznamenie-pre-podozrenie-zo-subvencneho-podvodu-na-fonde-na-podporu-narodnostnych-mensin","status":"publish","type":"post","link":"https:\/\/www.smedemokrati.sk\/cs\/podavame-trestne-oznamenie-pre-podozrenie-zo-subvencneho-podvodu-na-fonde-na-podporu-narodnostnych-mensin\/","title":{"rendered":"Pod\u00e1vame trestn\u00e9 ozn\u00e1menie pre podozrenie zo subven\u010dn\u00e9ho podvodu na Fonde na podporu n\u00e1rodnostn\u00fdch men\u0161\u00edn"},"content":{"rendered":"<div id=\"fb-root\"><\/div>\n\n<p><strong>Demokrati hovoria, \u017ee na Fonde na podporu n\u00e1rodnostn\u00fdch men\u0161\u00edn KULT MINOR m\u00f4\u017ee doch\u00e1dza\u0165 k subven\u010dn\u00e9mu podvodu, a to pre podozriv\u00e9 a netransparentn\u00e9 pride\u013eovanie dot\u00e1ci\u00ed, konflikt z\u00e1ujmov \u010dlenov odborn\u00fdch r\u00e1d a nedostato\u010dn\u00fa kontrolu projektov a ich realiz\u00e1cie. \u017diadaj\u00fa o obnovenie vy\u0161etrovania, ktor\u00e9 bolo v roku 2021 najm\u00e4 z d\u00f4vodu preml\u010dania&nbsp; pozastaven\u00e9. Z\u00e1rove\u0148 vyz\u00fdvaj\u00fa poslancov V\u00fdboru pre kult\u00faru a m\u00e9di\u00e1, aby sa t\u00e9me akt\u00edvne venovali.<\/strong><\/p>\n\n\n\n<p>Dorota Nvotov\u00e1 uv\u00e1dza, \u017ee podozrenia sa t\u00fdkaj\u00fa financi\u00ed ur\u010den\u00fdch na podporu projektov r\u00f3mskych men\u0161\u00edn, pri\u010dom celkov\u00fd objem dot\u00e1ci\u00ed dosahuje 1,8 mili\u00f3na eur:&nbsp;<em>\u201eCel\u00fd z\u00e1kon z roku 2017, ktor\u00fd kreoval Ladislav Richter, je zl\u00fd a domnievam sa, \u017ee bol nap\u00edsan\u00fd \u00fa\u010delovo. U\u017e v minulosti sme boli svedkami k\u00e1uz pride\u013eovania dot\u00e1ci\u00ed \u2018na\u0161im \u013eu\u010fom\u2019 a pr\u00e1ve p\u00e1n Richter musel v d\u00f4sledku toho od\u00eds\u0165. O p\u00e1r rokov nesk\u00f4r sa vr\u00e1til a koloto\u010d podozren\u00ed sa op\u00e4\u0165 rozto\u010dil,\u201c&nbsp;<\/em>uv\u00e1dza Nvotov\u00e1, ktor\u00e1 je \u010dlenkou predsedn\u00edctva Demokratov.<\/p>\n\n\n\n<p>Pokra\u010duje, \u017ee v s\u00fa\u010dasnosti m\u00e1 fond p\u00e4\u0165 \u010dlenov rady, z toho traja s\u00fa z neziskov\u00fdch organiz\u00e1ci\u00ed a dvaja z KULT MINOR:&nbsp;<em>\u201eMatematika je jasn\u00e1, \u010dlenovia rady z neziskov\u00fdch organiz\u00e1ci\u00ed maj\u00fa v\u00e4\u010d\u0161inu a len za tento rok hlasovali v 75 % pr\u00edpadov rovnako. \u010eal\u0161\u00edm pr\u00edkladom, pod\u013ea m\u00f4jho n\u00e1zoru, \u00fa\u010delov\u00e9ho pride\u013eovania dot\u00e1ci\u00ed m\u00f4\u017ee by\u0165 skuto\u010dnos\u0165, \u017ee \u010dlen rady p\u00e1n Balog schva\u013euje projekty, z ktor\u00fdch nieko\u013eko n\u00e1sledne aj moderuje. Je ot\u00e1zne, \u010di a ak\u00fd za to dost\u00e1va honor\u00e1r. Nehovoriac o projektoch, ktor\u00e9 maj\u00fa priame prepojenie na p\u00e1na Richtera. Moje jednoduch\u00e9 porovnanie taktie\u017e jasne ukazuje, \u017ee v\u00fdznamn\u00e1 \u010das\u0165 schv\u00e1len\u00fdch dot\u00e1ci\u00ed smeruje do regi\u00f3nov, kde p\u00f4sobia ob\u010dianske zdru\u017eenia \u010dlenov rady, vr\u00e1tane t\u00fdch, ktor\u00e9 ich do rady nominovali.\u201c<\/em><\/p>\n\n\n\n<p><em>\u201e\u017diadame, aby bolo obnoven\u00e9 vy\u0161etrovanie z minul\u00e9ho obdobia, preto\u017ee tieto zistenia, len za tento rok, s\u00fa viac ne\u017e z\u00e1va\u017en\u00e9. Pod\u00e1vame aj trestn\u00e9 ozn\u00e1menie pre podozrenie zo sp\u00e1chania subven\u010dn\u00e9ho podvodu a vyz\u00fdvam poslancov V\u00fdboru pre kult\u00faru, aby sa tejto t\u00e9me intenz\u00edvne venovali,\u201c<\/em>&nbsp;uzatv\u00e1ra Nvotov\u00e1 a dod\u00e1va, \u017ee cel\u00fd z\u00e1kon o pride\u013eovan\u00ed dot\u00e1ci\u00ed je potrebn\u00e9 zmeni\u0165 tak, aby viedol k vy\u0161\u0161ej transparentnosti a adresnosti.<\/p>\n\n\n<div class=\"fb-video\" data-href=\"https:\/\/fb.watch\/zKOUvIBYB3\" data-allowfullscreen=\"true\" data-autoplay=\"false\" data-width=\"\" data-show-text=\"false\" data-show-captions=\"true\"><\/div>\n","protected":false},"excerpt":{"rendered":"<p>Demokrati hovoria, \u017ee na Fonde na podporu n\u00e1rodnostn\u00fdch men\u0161\u00edn KULT MINOR m\u00f4\u017ee doch\u00e1dza\u0165 k subven\u010dn\u00e9mu podvodu, a to pre podozriv\u00e9 a netransparentn\u00e9 pride\u013eovanie dot\u00e1ci\u00ed, konflikt z\u00e1ujmov \u010dlenov odborn\u00fdch r\u00e1d a nedostato\u010dn\u00fa kontrolu projektov a ich realiz\u00e1cie. \u017diadaj\u00fa o obnovenie vy\u0161etrovania, ktor\u00e9 bolo v roku 2021 najm\u00e4 z d\u00f4vodu preml\u010dania&nbsp; pozastaven\u00e9. Z\u00e1rove\u0148 vyz\u00fdvaj\u00fa poslancov V\u00fdboru pre [&hellip;]<\/p>\n","protected":false},"author":13,"featured_media":7299,"comment_status":"closed","ping_status":"closed","sticky":false,"template":"","format":"standard","meta":{"_acf_changed":false,"ngg_post_thumbnail":0,"footnotes":""},"categories":[4],"tags":[],"class_list":["post-7297","post","type-post","status-publish","format-standard","has-post-thumbnail","hentry","category-tlacove-spravy"],"acf":[],"yoast_head":"<!-- This site is optimized with the Yoast SEO plugin v27.2 - https:\/\/yoast.com\/product\/yoast-seo-wordpress\/ -->\n<title>Pod\u00e1vame trestn\u00e9 ozn\u00e1menie pre podozrenie zo subven\u010dn\u00e9ho podvodu na Fonde na podporu n\u00e1rodnostn\u00fdch men\u0161\u00edn<\/title>\n<meta name=\"robots\" content=\"index, follow, max-snippet:-1, max-image-preview:large, max-video-preview:-1\" \/>\n<link rel=\"canonical\" href=\"https:\/\/www.smedemokrati.sk\/cs\/podavame-trestne-oznamenie-pre-podozrenie-zo-subvencneho-podvodu-na-fonde-na-podporu-narodnostnych-mensin\/\" \/>\n<meta property=\"og:locale\" content=\"cs_CZ\" \/>\n<meta property=\"og:locale:alternate\" content=\"en_US\" \/>\n<meta property=\"og:locale:alternate\" content=\"hu_HU\" \/>\n<meta property=\"og:locale:alternate\" content=\"sk_SK\" \/>\n<meta property=\"og:locale:alternate\" content=\"sv_SE\" \/>\n<meta property=\"og:type\" content=\"article\" \/>\n<meta property=\"og:title\" content=\"Pod\u00e1vame trestn\u00e9 ozn\u00e1menie pre podozrenie zo subven\u010dn\u00e9ho podvodu na Fonde na podporu n\u00e1rodnostn\u00fdch men\u0161\u00edn\" \/>\n<meta property=\"og:description\" content=\"Demokrati hovoria, \u017ee na Fonde na podporu n\u00e1rodnostn\u00fdch men\u0161\u00edn KULT MINOR m\u00f4\u017ee doch\u00e1dza\u0165 k subven\u010dn\u00e9mu podvodu, a to pre podozriv\u00e9 a netransparentn\u00e9 pride\u013eovanie dot\u00e1ci\u00ed, konflikt z\u00e1ujmov \u010dlenov odborn\u00fdch r\u00e1d a nedostato\u010dn\u00fa kontrolu projektov a ich realiz\u00e1cie. \u017diadaj\u00fa o obnovenie vy\u0161etrovania, ktor\u00e9 bolo v roku 2021 najm\u00e4 z d\u00f4vodu preml\u010dania&nbsp; pozastaven\u00e9. Z\u00e1rove\u0148 vyz\u00fdvaj\u00fa poslancov V\u00fdboru pre [&hellip;]\" \/>\n<meta property=\"og:url\" content=\"https:\/\/www.smedemokrati.sk\/cs\/podavame-trestne-oznamenie-pre-podozrenie-zo-subvencneho-podvodu-na-fonde-na-podporu-narodnostnych-mensin\/\" \/>\n<meta property=\"og:site_name\" content=\"Smedemokrati.sk\" \/>\n<meta property=\"article:publisher\" content=\"https:\/\/www.facebook.com\/smedemokrati2023\" \/>\n<meta property=\"article:published_time\" content=\"2025-05-22T13:39:59+00:00\" \/>\n<meta property=\"article:modified_time\" content=\"2025-05-22T13:41:08+00:00\" \/>\n<meta property=\"og:image\" content=\"https:\/\/www.smedemokrati.sk\/wp-content\/uploads\/2025\/05\/kultminor.jpg\" \/>\n\t<meta property=\"og:image:width\" content=\"885\" \/>\n\t<meta property=\"og:image:height\" content=\"450\" \/>\n\t<meta property=\"og:image:type\" content=\"image\/jpeg\" \/>\n<meta name=\"author\" content=\"miro.sopko\" \/>\n<meta name=\"twitter:card\" content=\"summary_large_image\" \/>\n<meta name=\"twitter:label1\" content=\"Napsal(a)\" \/>\n\t<meta name=\"twitter:data1\" content=\"miro.sopko\" \/>\n\t<meta name=\"twitter:label2\" content=\"Odhadovan\u00e1 doba \u010dten\u00ed\" \/>\n\t<meta name=\"twitter:data2\" content=\"2 minuty\" \/>\n<script type=\"application\/ld+json\" class=\"yoast-schema-graph\">{\"@context\":\"https:\/\/schema.org\",\"@graph\":[{\"@type\":\"Article\",\"@id\":\"https:\/\/www.smedemokrati.sk\/podavame-trestne-oznamenie-pre-podozrenie-zo-subvencneho-podvodu-na-fonde-na-podporu-narodnostnych-mensin\/#article\",\"isPartOf\":{\"@id\":\"https:\/\/www.smedemokrati.sk\/podavame-trestne-oznamenie-pre-podozrenie-zo-subvencneho-podvodu-na-fonde-na-podporu-narodnostnych-mensin\/\"},\"author\":{\"name\":\"miro.sopko\",\"@id\":\"https:\/\/www.smedemokrati.sk\/#\/schema\/person\/21f147c88d605aa7ded900e1e7c344ba\"},\"headline\":\"Pod\u00e1vame trestn\u00e9 ozn\u00e1menie pre podozrenie zo subven\u010dn\u00e9ho podvodu na Fonde na podporu n\u00e1rodnostn\u00fdch men\u0161\u00edn\",\"datePublished\":\"2025-05-22T13:39:59+00:00\",\"dateModified\":\"2025-05-22T13:41:08+00:00\",\"mainEntityOfPage\":{\"@id\":\"https:\/\/www.smedemokrati.sk\/podavame-trestne-oznamenie-pre-podozrenie-zo-subvencneho-podvodu-na-fonde-na-podporu-narodnostnych-mensin\/\"},\"wordCount\":455,\"publisher\":{\"@id\":\"https:\/\/www.smedemokrati.sk\/#organization\"},\"image\":{\"@id\":\"https:\/\/www.smedemokrati.sk\/podavame-trestne-oznamenie-pre-podozrenie-zo-subvencneho-podvodu-na-fonde-na-podporu-narodnostnych-mensin\/#primaryimage\"},\"thumbnailUrl\":\"https:\/\/www.smedemokrati.sk\/wp-content\/uploads\/2025\/05\/kultminor.jpg\",\"articleSection\":[\"Tla\u010dov\u00e9 spr\u00e1vy\"],\"inLanguage\":\"cs-CZ\"},{\"@type\":\"WebPage\",\"@id\":\"https:\/\/www.smedemokrati.sk\/podavame-trestne-oznamenie-pre-podozrenie-zo-subvencneho-podvodu-na-fonde-na-podporu-narodnostnych-mensin\/\",\"url\":\"https:\/\/www.smedemokrati.sk\/podavame-trestne-oznamenie-pre-podozrenie-zo-subvencneho-podvodu-na-fonde-na-podporu-narodnostnych-mensin\/\",\"name\":\"Pod\u00e1vame trestn\u00e9 ozn\u00e1menie pre podozrenie zo subven\u010dn\u00e9ho podvodu na Fonde na podporu n\u00e1rodnostn\u00fdch men\u0161\u00edn\",\"isPartOf\":{\"@id\":\"https:\/\/www.smedemokrati.sk\/#website\"},\"primaryImageOfPage\":{\"@id\":\"https:\/\/www.smedemokrati.sk\/podavame-trestne-oznamenie-pre-podozrenie-zo-subvencneho-podvodu-na-fonde-na-podporu-narodnostnych-mensin\/#primaryimage\"},\"image\":{\"@id\":\"https:\/\/www.smedemokrati.sk\/podavame-trestne-oznamenie-pre-podozrenie-zo-subvencneho-podvodu-na-fonde-na-podporu-narodnostnych-mensin\/#primaryimage\"},\"thumbnailUrl\":\"https:\/\/www.smedemokrati.sk\/wp-content\/uploads\/2025\/05\/kultminor.jpg\",\"datePublished\":\"2025-05-22T13:39:59+00:00\",\"dateModified\":\"2025-05-22T13:41:08+00:00\",\"breadcrumb\":{\"@id\":\"https:\/\/www.smedemokrati.sk\/podavame-trestne-oznamenie-pre-podozrenie-zo-subvencneho-podvodu-na-fonde-na-podporu-narodnostnych-mensin\/#breadcrumb\"},\"inLanguage\":\"cs-CZ\",\"potentialAction\":[{\"@type\":\"ReadAction\",\"target\":[\"https:\/\/www.smedemokrati.sk\/podavame-trestne-oznamenie-pre-podozrenie-zo-subvencneho-podvodu-na-fonde-na-podporu-narodnostnych-mensin\/\"]}]},{\"@type\":\"ImageObject\",\"inLanguage\":\"cs-CZ\",\"@id\":\"https:\/\/www.smedemokrati.sk\/podavame-trestne-oznamenie-pre-podozrenie-zo-subvencneho-podvodu-na-fonde-na-podporu-narodnostnych-mensin\/#primaryimage\",\"url\":\"https:\/\/www.smedemokrati.sk\/wp-content\/uploads\/2025\/05\/kultminor.jpg\",\"contentUrl\":\"https:\/\/www.smedemokrati.sk\/wp-content\/uploads\/2025\/05\/kultminor.jpg\",\"width\":885,\"height\":450},{\"@type\":\"BreadcrumbList\",\"@id\":\"https:\/\/www.smedemokrati.sk\/podavame-trestne-oznamenie-pre-podozrenie-zo-subvencneho-podvodu-na-fonde-na-podporu-narodnostnych-mensin\/#breadcrumb\",\"itemListElement\":[{\"@type\":\"ListItem\",\"position\":1,\"name\":\"Domovsk\u00e1 str\u00e1nka\",\"item\":\"https:\/\/www.smedemokrati.sk\/\"},{\"@type\":\"ListItem\",\"position\":2,\"name\":\"Pod\u00e1vame trestn\u00e9 ozn\u00e1menie pre podozrenie zo subven\u010dn\u00e9ho podvodu na Fonde na podporu n\u00e1rodnostn\u00fdch men\u0161\u00edn\"}]},{\"@type\":\"WebSite\",\"@id\":\"https:\/\/www.smedemokrati.sk\/#website\",\"url\":\"https:\/\/www.smedemokrati.sk\/\",\"name\":\"Smedemokrati.sk\",\"description\":\"Demokracia a slu\u0161nos\u0165 zv\u00ed\u0165az\u00ed\",\"publisher\":{\"@id\":\"https:\/\/www.smedemokrati.sk\/#organization\"},\"potentialAction\":[{\"@type\":\"SearchAction\",\"target\":{\"@type\":\"EntryPoint\",\"urlTemplate\":\"https:\/\/www.smedemokrati.sk\/?s={search_term_string}\"},\"query-input\":{\"@type\":\"PropertyValueSpecification\",\"valueRequired\":true,\"valueName\":\"search_term_string\"}}],\"inLanguage\":\"cs-CZ\"},{\"@type\":\"Organization\",\"@id\":\"https:\/\/www.smedemokrati.sk\/#organization\",\"name\":\"Smedemokrati.sk\",\"url\":\"https:\/\/www.smedemokrati.sk\/\",\"logo\":{\"@type\":\"ImageObject\",\"inLanguage\":\"cs-CZ\",\"@id\":\"https:\/\/www.smedemokrati.sk\/#\/schema\/logo\/image\/\",\"url\":\"https:\/\/www.smedemokrati.sk\/wp-content\/uploads\/2023\/04\/ff.002.jpeg\",\"contentUrl\":\"https:\/\/www.smedemokrati.sk\/wp-content\/uploads\/2023\/04\/ff.002.jpeg\",\"width\":640,\"height\":480,\"caption\":\"Smedemokrati.sk\"},\"image\":{\"@id\":\"https:\/\/www.smedemokrati.sk\/#\/schema\/logo\/image\/\"},\"sameAs\":[\"https:\/\/www.facebook.com\/smedemokrati2023\"]},{\"@type\":\"Person\",\"@id\":\"https:\/\/www.smedemokrati.sk\/#\/schema\/person\/21f147c88d605aa7ded900e1e7c344ba\",\"name\":\"miro.sopko\",\"image\":{\"@type\":\"ImageObject\",\"inLanguage\":\"cs-CZ\",\"@id\":\"https:\/\/secure.gravatar.com\/avatar\/267e4a36f704376c109afe3a78740c1f5dd8675a2180a908699e7863c9247606?s=96&d=mm&r=g\",\"url\":\"https:\/\/secure.gravatar.com\/avatar\/267e4a36f704376c109afe3a78740c1f5dd8675a2180a908699e7863c9247606?s=96&d=mm&r=g\",\"contentUrl\":\"https:\/\/secure.gravatar.com\/avatar\/267e4a36f704376c109afe3a78740c1f5dd8675a2180a908699e7863c9247606?s=96&d=mm&r=g\",\"caption\":\"miro.sopko\"},\"url\":\"https:\/\/www.smedemokrati.sk\/cs\/author\/miro-sopko\/\"}]}<\/script>\n<!-- \/ Yoast SEO plugin. -->","yoast_head_json":{"title":"Pod\u00e1vame trestn\u00e9 ozn\u00e1menie pre podozrenie zo subven\u010dn\u00e9ho podvodu na Fonde na podporu n\u00e1rodnostn\u00fdch men\u0161\u00edn","robots":{"index":"index","follow":"follow","max-snippet":"max-snippet:-1","max-image-preview":"max-image-preview:large","max-video-preview":"max-video-preview:-1"},"canonical":"https:\/\/www.smedemokrati.sk\/cs\/podavame-trestne-oznamenie-pre-podozrenie-zo-subvencneho-podvodu-na-fonde-na-podporu-narodnostnych-mensin\/","og_locale":"cs_CZ","og_type":"article","og_title":"[:sk]Pod\u00e1vame trestn\u00e9 ozn\u00e1menie pre podozrenie zo subven\u010dn\u00e9ho podvodu na Fonde na podporu n\u00e1rodnostn\u00fdch men\u0161\u00edn[:] - Smedemokrati.sk","og_description":"Demokrati hovoria, \u017ee na Fonde na podporu n\u00e1rodnostn\u00fdch men\u0161\u00edn KULT MINOR m\u00f4\u017ee doch\u00e1dza\u0165 k subven\u010dn\u00e9mu podvodu, a to pre podozriv\u00e9 a netransparentn\u00e9 pride\u013eovanie dot\u00e1ci\u00ed, konflikt z\u00e1ujmov \u010dlenov odborn\u00fdch r\u00e1d a nedostato\u010dn\u00fa kontrolu projektov a ich realiz\u00e1cie. \u017diadaj\u00fa o obnovenie vy\u0161etrovania, ktor\u00e9 bolo v roku 2021 najm\u00e4 z d\u00f4vodu preml\u010dania&nbsp; pozastaven\u00e9. Z\u00e1rove\u0148 vyz\u00fdvaj\u00fa poslancov V\u00fdboru pre [&hellip;]","og_url":"https:\/\/www.smedemokrati.sk\/cs\/podavame-trestne-oznamenie-pre-podozrenie-zo-subvencneho-podvodu-na-fonde-na-podporu-narodnostnych-mensin\/","og_site_name":"Smedemokrati.sk","article_publisher":"https:\/\/www.facebook.com\/smedemokrati2023","article_published_time":"2025-05-22T13:39:59+00:00","article_modified_time":"2025-05-22T13:41:08+00:00","og_image":[{"width":885,"height":450,"url":"https:\/\/www.smedemokrati.sk\/wp-content\/uploads\/2025\/05\/kultminor.jpg","type":"image\/jpeg"}],"author":"miro.sopko","twitter_card":"summary_large_image","twitter_misc":{"Napsal(a)":"miro.sopko","Odhadovan\u00e1 doba \u010dten\u00ed":"2 minuty"},"schema":{"@context":"https:\/\/schema.org","@graph":[{"@type":"Article","@id":"https:\/\/www.smedemokrati.sk\/podavame-trestne-oznamenie-pre-podozrenie-zo-subvencneho-podvodu-na-fonde-na-podporu-narodnostnych-mensin\/#article","isPartOf":{"@id":"https:\/\/www.smedemokrati.sk\/podavame-trestne-oznamenie-pre-podozrenie-zo-subvencneho-podvodu-na-fonde-na-podporu-narodnostnych-mensin\/"},"author":{"name":"miro.sopko","@id":"https:\/\/www.smedemokrati.sk\/#\/schema\/person\/21f147c88d605aa7ded900e1e7c344ba"},"headline":"Pod\u00e1vame trestn\u00e9 ozn\u00e1menie pre podozrenie zo subven\u010dn\u00e9ho podvodu na Fonde na podporu n\u00e1rodnostn\u00fdch men\u0161\u00edn","datePublished":"2025-05-22T13:39:59+00:00","dateModified":"2025-05-22T13:41:08+00:00","mainEntityOfPage":{"@id":"https:\/\/www.smedemokrati.sk\/podavame-trestne-oznamenie-pre-podozrenie-zo-subvencneho-podvodu-na-fonde-na-podporu-narodnostnych-mensin\/"},"wordCount":455,"publisher":{"@id":"https:\/\/www.smedemokrati.sk\/#organization"},"image":{"@id":"https:\/\/www.smedemokrati.sk\/podavame-trestne-oznamenie-pre-podozrenie-zo-subvencneho-podvodu-na-fonde-na-podporu-narodnostnych-mensin\/#primaryimage"},"thumbnailUrl":"https:\/\/www.smedemokrati.sk\/wp-content\/uploads\/2025\/05\/kultminor.jpg","articleSection":["Tla\u010dov\u00e9 spr\u00e1vy"],"inLanguage":"cs-CZ"},{"@type":"WebPage","@id":"https:\/\/www.smedemokrati.sk\/podavame-trestne-oznamenie-pre-podozrenie-zo-subvencneho-podvodu-na-fonde-na-podporu-narodnostnych-mensin\/","url":"https:\/\/www.smedemokrati.sk\/podavame-trestne-oznamenie-pre-podozrenie-zo-subvencneho-podvodu-na-fonde-na-podporu-narodnostnych-mensin\/","name":"Pod\u00e1vame trestn\u00e9 ozn\u00e1menie pre podozrenie zo subven\u010dn\u00e9ho podvodu na Fonde na podporu n\u00e1rodnostn\u00fdch men\u0161\u00edn","isPartOf":{"@id":"https:\/\/www.smedemokrati.sk\/#website"},"primaryImageOfPage":{"@id":"https:\/\/www.smedemokrati.sk\/podavame-trestne-oznamenie-pre-podozrenie-zo-subvencneho-podvodu-na-fonde-na-podporu-narodnostnych-mensin\/#primaryimage"},"image":{"@id":"https:\/\/www.smedemokrati.sk\/podavame-trestne-oznamenie-pre-podozrenie-zo-subvencneho-podvodu-na-fonde-na-podporu-narodnostnych-mensin\/#primaryimage"},"thumbnailUrl":"https:\/\/www.smedemokrati.sk\/wp-content\/uploads\/2025\/05\/kultminor.jpg","datePublished":"2025-05-22T13:39:59+00:00","dateModified":"2025-05-22T13:41:08+00:00","breadcrumb":{"@id":"https:\/\/www.smedemokrati.sk\/podavame-trestne-oznamenie-pre-podozrenie-zo-subvencneho-podvodu-na-fonde-na-podporu-narodnostnych-mensin\/#breadcrumb"},"inLanguage":"cs-CZ","potentialAction":[{"@type":"ReadAction","target":["https:\/\/www.smedemokrati.sk\/podavame-trestne-oznamenie-pre-podozrenie-zo-subvencneho-podvodu-na-fonde-na-podporu-narodnostnych-mensin\/"]}]},{"@type":"ImageObject","inLanguage":"cs-CZ","@id":"https:\/\/www.smedemokrati.sk\/podavame-trestne-oznamenie-pre-podozrenie-zo-subvencneho-podvodu-na-fonde-na-podporu-narodnostnych-mensin\/#primaryimage","url":"https:\/\/www.smedemokrati.sk\/wp-content\/uploads\/2025\/05\/kultminor.jpg","contentUrl":"https:\/\/www.smedemokrati.sk\/wp-content\/uploads\/2025\/05\/kultminor.jpg","width":885,"height":450},{"@type":"BreadcrumbList","@id":"https:\/\/www.smedemokrati.sk\/podavame-trestne-oznamenie-pre-podozrenie-zo-subvencneho-podvodu-na-fonde-na-podporu-narodnostnych-mensin\/#breadcrumb","itemListElement":[{"@type":"ListItem","position":1,"name":"Domovsk\u00e1 str\u00e1nka","item":"https:\/\/www.smedemokrati.sk\/"},{"@type":"ListItem","position":2,"name":"Pod\u00e1vame trestn\u00e9 ozn\u00e1menie pre podozrenie zo subven\u010dn\u00e9ho podvodu na Fonde na podporu n\u00e1rodnostn\u00fdch men\u0161\u00edn"}]},{"@type":"WebSite","@id":"https:\/\/www.smedemokrati.sk\/#website","url":"https:\/\/www.smedemokrati.sk\/","name":"Smedemokrati.sk","description":"Demokracia a slu\u0161nos\u0165 zv\u00ed\u0165az\u00ed","publisher":{"@id":"https:\/\/www.smedemokrati.sk\/#organization"},"potentialAction":[{"@type":"SearchAction","target":{"@type":"EntryPoint","urlTemplate":"https:\/\/www.smedemokrati.sk\/?s={search_term_string}"},"query-input":{"@type":"PropertyValueSpecification","valueRequired":true,"valueName":"search_term_string"}}],"inLanguage":"cs-CZ"},{"@type":"Organization","@id":"https:\/\/www.smedemokrati.sk\/#organization","name":"Smedemokrati.sk","url":"https:\/\/www.smedemokrati.sk\/","logo":{"@type":"ImageObject","inLanguage":"cs-CZ","@id":"https:\/\/www.smedemokrati.sk\/#\/schema\/logo\/image\/","url":"https:\/\/www.smedemokrati.sk\/wp-content\/uploads\/2023\/04\/ff.002.jpeg","contentUrl":"https:\/\/www.smedemokrati.sk\/wp-content\/uploads\/2023\/04\/ff.002.jpeg","width":640,"height":480,"caption":"Smedemokrati.sk"},"image":{"@id":"https:\/\/www.smedemokrati.sk\/#\/schema\/logo\/image\/"},"sameAs":["https:\/\/www.facebook.com\/smedemokrati2023"]},{"@type":"Person","@id":"https:\/\/www.smedemokrati.sk\/#\/schema\/person\/21f147c88d605aa7ded900e1e7c344ba","name":"miro.sopko","image":{"@type":"ImageObject","inLanguage":"cs-CZ","@id":"https:\/\/secure.gravatar.com\/avatar\/267e4a36f704376c109afe3a78740c1f5dd8675a2180a908699e7863c9247606?s=96&d=mm&r=g","url":"https:\/\/secure.gravatar.com\/avatar\/267e4a36f704376c109afe3a78740c1f5dd8675a2180a908699e7863c9247606?s=96&d=mm&r=g","contentUrl":"https:\/\/secure.gravatar.com\/avatar\/267e4a36f704376c109afe3a78740c1f5dd8675a2180a908699e7863c9247606?s=96&d=mm&r=g","caption":"miro.sopko"},"url":"https:\/\/www.smedemokrati.sk\/cs\/author\/miro-sopko\/"}]}},"_links":{"self":[{"href":"https:\/\/www.smedemokrati.sk\/cs\/wp-json\/wp\/v2\/posts\/7297","targetHints":{"allow":["GET"]}}],"collection":[{"href":"https:\/\/www.smedemokrati.sk\/cs\/wp-json\/wp\/v2\/posts"}],"about":[{"href":"https:\/\/www.smedemokrati.sk\/cs\/wp-json\/wp\/v2\/types\/post"}],"author":[{"embeddable":true,"href":"https:\/\/www.smedemokrati.sk\/cs\/wp-json\/wp\/v2\/users\/13"}],"replies":[{"embeddable":true,"href":"https:\/\/www.smedemokrati.sk\/cs\/wp-json\/wp\/v2\/comments?post=7297"}],"version-history":[{"count":1,"href":"https:\/\/www.smedemokrati.sk\/cs\/wp-json\/wp\/v2\/posts\/7297\/revisions"}],"predecessor-version":[{"id":7300,"href":"https:\/\/www.smedemokrati.sk\/cs\/wp-json\/wp\/v2\/posts\/7297\/revisions\/7300"}],"wp:featuredmedia":[{"embeddable":true,"href":"https:\/\/www.smedemokrati.sk\/cs\/wp-json\/wp\/v2\/media\/7299"}],"wp:attachment":[{"href":"https:\/\/www.smedemokrati.sk\/cs\/wp-json\/wp\/v2\/media?parent=7297"}],"wp:term":[{"taxonomy":"category","embeddable":true,"href":"https:\/\/www.smedemokrati.sk\/cs\/wp-json\/wp\/v2\/categories?post=7297"},{"taxonomy":"post_tag","embeddable":true,"href":"https:\/\/www.smedemokrati.sk\/cs\/wp-json\/wp\/v2\/tags?post=7297"}],"curies":[{"name":"wp","href":"https:\/\/api.w.org\/{rel}","templated":true}]}}