{"id":7281,"date":"2025-05-21T11:19:43","date_gmt":"2025-05-21T10:19:43","guid":{"rendered":"https:\/\/www.smedemokrati.sk\/?p=7281"},"modified":"2025-05-22T14:38:17","modified_gmt":"2025-05-22T13:38:17","slug":"policajna-inspekcia-vymyslela-komplot-na-j-nada-zrejme-na-pokyn-b-zuriana","status":"publish","type":"post","link":"https:\/\/www.smedemokrati.sk\/cs\/policajna-inspekcia-vymyslela-komplot-na-j-nada-zrejme-na-pokyn-b-zuriana\/","title":{"rendered":"Policajn\u00e1 in\u0161pekcia vymyslela komplot na J. Na\u010fa, zrejme na pokyn B. Zuriana"},"content":{"rendered":"<div id=\"fb-root\"><\/div>\n\n<p><strong>Predseda Demokratov Jaroslav Na\u010f bol predvolan\u00fd na Policajn\u00fa in\u0161pekciu, aby vysvet\u013eoval status, v ktorom porovn\u00e1va gen. \u0160tef\u00e1nika s gen. Zurianom, \u0161\u00e9fom policajnej in\u0161pekcie. Z\u00e1merom bolo, aby predseda Demokratov podal na Branislava Zuriana trestn\u00e9 ozn\u00e1menie (za Zurianovu \u010dinnos\u0165, vi\u010f. status v pr\u00edlohe), ktor\u00e9 by sa uk\u00e1zalo ako neopodstatnen\u00e9, za \u010do by Jaroslava Na\u010fa n\u00e1sledne mohol \u0161\u00e9f in\u0161pekcie \u017ealova\u0165. Demokrati hovoria o zastra\u0161ovan\u00ed a zneu\u017e\u00edvan\u00ed policajn\u00fdch zlo\u017eiek.<\/strong><\/p>\n\n\n\n<p><em>\u201eStrana Demokrati je ter\u010dom vl\u00e1dnej moci, a to od \u201ectihodn\u00fdch\u201c ob\u010danov typu Ga\u0161par, \u0160utaj E\u0161tok, Gl\u00fcck ale sme aj objektom zneu\u017e\u00edvania \u0161t\u00e1tnych zlo\u017eiek vo\u010di predstavite\u013eom strany a jej \u010dlenom. V\u010dera som bol predvolan\u00fd na policajn\u00fa in\u0161pekciu, pre status v ktorom sme porovnali z\u00e1sluhy pre na\u0161u krajinu gener\u00e1la \u0160tef\u00e1nika a gener\u00e1la Zuriana. Je \u0161ialen\u00e9, \u017ee policajn\u00e1 in\u0161pekcia, ktor\u00e1 m\u00e1 rie\u0161i\u0165 policajn\u00fa \u010dinnos\u0165, ktor\u00e1 nemus\u00ed by\u0165 v s\u00falade so z\u00e1konom, si predvolala civiln\u00e9ho ob\u010dana. T\u00e1 kon\u0161trukcia je jasn\u00e1. Predvolali ma, aby som bol oznamovate\u013eom trestnej \u010dinnosti, teda aby som nahl\u00e1sil trestn\u00fa \u010dinnos\u0165 Zuriana, ktor\u00fa sme zosumarizovali na z\u00e1klade u\u017e zn\u00e1mych faktov v statuse. Myslel si, \u017ee mu sko\u010d\u00edm na t\u00fato hru a d\u00e1m na neho trestn\u00e9 ozn\u00e1menie aby ma potom n\u00e1sledne on mohol \u017ealova\u0165 za ohov\u00e1ranie alebo kriv\u00e9 obvinenie. Absurd.\u201c\u00a0<\/em>Povedal Jaroslav Na\u010f a dodal, \u017ee ak by chcel oznamova\u0165 trestn\u00fa \u010dinnos\u0165 urob\u00ed to \u0161tandardn\u00fdm sp\u00f4sobom cez prokurat\u00faru.<\/p>\n\n\n\n<p>Jaroslav Na\u010f a vysvet\u013euje, pre\u010do ide zo strany policajnej in\u0161pekcie o komplot:&nbsp;<em>\u201eVy\u0161etrovate\u013e, ktor\u00e9ho mi je \u013eudsky \u013e\u00fato, \u017ee mus\u00ed rie\u0161i\u0165 Zurianove ego, mal na spise nap\u00edsan\u00fd odkaz, \u201eobratom vy\u0161etrova\u0165\u201c. Pokyn pri\u0161iel od zn\u00e1mej firmy, p. Domonko\u0161a. V\u0161etko, \u010do je v mojom statuse s\u00fa medializovan\u00e9 inform\u00e1cie a zosumarizovan\u00e9 novinov\u00e9 titulky. To si naozaj mysleli, \u017ee im na to sko\u010d\u00edm a pod\u00e1m trestn\u00e9 ozn\u00e1menie na Zuriana, ktor\u00e9 by bolo zhoden\u00e9 zo stola a n\u00e1sledne by ma mohol Zurian \u017ealova\u0165? Pokojne nech to na n\u00e1s sk\u00fa\u0161aj\u00fa aj \u010falej, n\u00e1s nezlomia.\u201c<\/em><\/p>\n\n\n\n<p><em>\u201eTo je realita, v ktorej \u017eijeme od volieb 2023. Policajn\u00e1 in\u0161pekcia m\u00e1 rie\u0161i\u0165 trestn\u00fa \u010dinnos\u0165 policajtov je na policajn\u00fd pokyn \u017eiadan\u00e1, aby rie\u0161ila status civilnej osoby. Zurian je zn\u00e1my, \u017ee pravidelne chyt\u00e1 z\u00e1chvaty z\u00farivosti a d\u00e1va pokyny n\u00e1js\u0165 \u010doko\u013evek na t\u00fdch, ktor\u00ed im oponuj\u00fa. My vieme, \u017ee na pol\u00edcii s\u00fa na n\u00e1s spisy, policajn\u00e1 in\u0161pekcia chod\u00ed na na\u0161u centr\u00e1lu, s\u00fa na n\u00e1s desiatky trestn\u00fdch ozn\u00e1men\u00ed, hovoria si, \u017ee sn\u00e1\u010f sa nejak\u00e9 podar\u00ed. No nepodar\u00ed, lebo sme ni\u010d neurobili, v\u0161etko \u010do komunikujeme je vo verejnom z\u00e1ujme a je pravdiv\u00e9.\u201c\u00a0<\/em>Povedal podpredseda Demokratov Juraj \u0160eliga a vyzval v\u0161etk\u00fdch poctiv\u00fdch vy\u0161etrovate\u013eov, policajtov a prokur\u00e1torov aby sa nenechali zastra\u0161i\u0165 vl\u00e1dnou mocou.<\/p>\n\n\n<div class=\"fb-video\" data-href=\"https:\/\/fb.watch\/zJmn1cxRrz\" data-allowfullscreen=\"true\" data-autoplay=\"false\" data-width=\"\" data-show-text=\"false\" data-show-captions=\"true\"><\/div>\n\n\n\n<iframe src=\"https:\/\/www.facebook.com\/plugins\/post.php?href=https%3A%2F%2Fwww.facebook.com%2FJaroNadPublic%2Fposts%2Fpfbid04cp56VJ3MtRivFYwAe7qtMvByAFNDzRvgs65VzV2zM6iP4bpmSKJHAYwdEq8Q7N5l&#038;show_text=true&#038;width=500\" width=\"500\" height=\"673\" style=\"border:none;overflow:hidden\" scrolling=\"no\" frameborder=\"0\" allowfullscreen=\"true\" allow=\"autoplay; clipboard-write; encrypted-media; picture-in-picture; web-share\"><\/iframe>\n","protected":false},"excerpt":{"rendered":"<p>Predseda Demokratov Jaroslav Na\u010f bol predvolan\u00fd na Policajn\u00fa in\u0161pekciu, aby vysvet\u013eoval status, v ktorom porovn\u00e1va gen. \u0160tef\u00e1nika s gen. Zurianom, \u0161\u00e9fom policajnej in\u0161pekcie. Z\u00e1merom bolo, aby predseda Demokratov podal na Branislava Zuriana trestn\u00e9 ozn\u00e1menie (za Zurianovu \u010dinnos\u0165, vi\u010f. status v pr\u00edlohe), ktor\u00e9 by sa uk\u00e1zalo ako neopodstatnen\u00e9, za \u010do by Jaroslava Na\u010fa n\u00e1sledne mohol \u0161\u00e9f [&hellip;]<\/p>\n","protected":false},"author":13,"featured_media":7282,"comment_status":"closed","ping_status":"closed","sticky":false,"template":"","format":"standard","meta":{"_acf_changed":false,"ngg_post_thumbnail":0,"footnotes":""},"categories":[4],"tags":[],"class_list":["post-7281","post","type-post","status-publish","format-standard","has-post-thumbnail","hentry","category-tlacove-spravy"],"acf":[],"yoast_head":"<!-- This site is optimized with the Yoast SEO plugin v27.2 - https:\/\/yoast.com\/product\/yoast-seo-wordpress\/ -->\n<title>Policajn\u00e1 in\u0161pekcia vymyslela komplot na J. Na\u010fa, zrejme na pokyn B. Zuriana<\/title>\n<meta name=\"robots\" content=\"index, follow, max-snippet:-1, max-image-preview:large, max-video-preview:-1\" \/>\n<link rel=\"canonical\" href=\"https:\/\/www.smedemokrati.sk\/cs\/policajna-inspekcia-vymyslela-komplot-na-j-nada-zrejme-na-pokyn-b-zuriana\/\" \/>\n<meta property=\"og:locale\" content=\"cs_CZ\" \/>\n<meta property=\"og:locale:alternate\" content=\"en_US\" \/>\n<meta property=\"og:locale:alternate\" content=\"hu_HU\" \/>\n<meta property=\"og:locale:alternate\" content=\"sk_SK\" \/>\n<meta property=\"og:locale:alternate\" content=\"sv_SE\" \/>\n<meta property=\"og:type\" content=\"article\" \/>\n<meta property=\"og:title\" content=\"Policajn\u00e1 in\u0161pekcia vymyslela komplot na J. Na\u010fa, zrejme na pokyn B. Zuriana\" \/>\n<meta property=\"og:description\" content=\"Predseda Demokratov Jaroslav Na\u010f bol predvolan\u00fd na Policajn\u00fa in\u0161pekciu, aby vysvet\u013eoval status, v ktorom porovn\u00e1va gen. \u0160tef\u00e1nika s gen. Zurianom, \u0161\u00e9fom policajnej in\u0161pekcie. Z\u00e1merom bolo, aby predseda Demokratov podal na Branislava Zuriana trestn\u00e9 ozn\u00e1menie (za Zurianovu \u010dinnos\u0165, vi\u010f. status v pr\u00edlohe), ktor\u00e9 by sa uk\u00e1zalo ako neopodstatnen\u00e9, za \u010do by Jaroslava Na\u010fa n\u00e1sledne mohol \u0161\u00e9f [&hellip;]\" \/>\n<meta property=\"og:url\" content=\"https:\/\/www.smedemokrati.sk\/cs\/policajna-inspekcia-vymyslela-komplot-na-j-nada-zrejme-na-pokyn-b-zuriana\/\" \/>\n<meta property=\"og:site_name\" content=\"Smedemokrati.sk\" \/>\n<meta property=\"article:publisher\" content=\"https:\/\/www.facebook.com\/smedemokrati2023\" \/>\n<meta property=\"article:published_time\" content=\"2025-05-21T10:19:43+00:00\" \/>\n<meta property=\"article:modified_time\" content=\"2025-05-22T13:38:17+00:00\" \/>\n<meta property=\"og:image\" content=\"https:\/\/www.smedemokrati.sk\/wp-content\/uploads\/2025\/05\/zurian-zuri.jpg\" \/>\n\t<meta property=\"og:image:width\" content=\"930\" \/>\n\t<meta property=\"og:image:height\" content=\"493\" \/>\n\t<meta property=\"og:image:type\" content=\"image\/jpeg\" \/>\n<meta name=\"author\" content=\"miro.sopko\" \/>\n<meta name=\"twitter:card\" content=\"summary_large_image\" \/>\n<meta name=\"twitter:label1\" content=\"Napsal(a)\" \/>\n\t<meta name=\"twitter:data1\" content=\"miro.sopko\" \/>\n\t<meta name=\"twitter:label2\" content=\"Odhadovan\u00e1 doba \u010dten\u00ed\" \/>\n\t<meta name=\"twitter:data2\" content=\"3 minuty\" \/>\n<script type=\"application\/ld+json\" class=\"yoast-schema-graph\">{\"@context\":\"https:\/\/schema.org\",\"@graph\":[{\"@type\":\"Article\",\"@id\":\"https:\/\/www.smedemokrati.sk\/policajna-inspekcia-vymyslela-komplot-na-j-nada-zrejme-na-pokyn-b-zuriana\/#article\",\"isPartOf\":{\"@id\":\"https:\/\/www.smedemokrati.sk\/policajna-inspekcia-vymyslela-komplot-na-j-nada-zrejme-na-pokyn-b-zuriana\/\"},\"author\":{\"name\":\"miro.sopko\",\"@id\":\"https:\/\/www.smedemokrati.sk\/#\/schema\/person\/21f147c88d605aa7ded900e1e7c344ba\"},\"headline\":\"Policajn\u00e1 in\u0161pekcia vymyslela komplot na J. Na\u010fa, zrejme na pokyn B. Zuriana\",\"datePublished\":\"2025-05-21T10:19:43+00:00\",\"dateModified\":\"2025-05-22T13:38:17+00:00\",\"mainEntityOfPage\":{\"@id\":\"https:\/\/www.smedemokrati.sk\/policajna-inspekcia-vymyslela-komplot-na-j-nada-zrejme-na-pokyn-b-zuriana\/\"},\"wordCount\":534,\"publisher\":{\"@id\":\"https:\/\/www.smedemokrati.sk\/#organization\"},\"image\":{\"@id\":\"https:\/\/www.smedemokrati.sk\/policajna-inspekcia-vymyslela-komplot-na-j-nada-zrejme-na-pokyn-b-zuriana\/#primaryimage\"},\"thumbnailUrl\":\"https:\/\/www.smedemokrati.sk\/wp-content\/uploads\/2025\/05\/zurian-zuri.jpg\",\"articleSection\":[\"Tla\u010dov\u00e9 spr\u00e1vy\"],\"inLanguage\":\"cs-CZ\"},{\"@type\":\"WebPage\",\"@id\":\"https:\/\/www.smedemokrati.sk\/policajna-inspekcia-vymyslela-komplot-na-j-nada-zrejme-na-pokyn-b-zuriana\/\",\"url\":\"https:\/\/www.smedemokrati.sk\/policajna-inspekcia-vymyslela-komplot-na-j-nada-zrejme-na-pokyn-b-zuriana\/\",\"name\":\"Policajn\u00e1 in\u0161pekcia vymyslela komplot na J. Na\u010fa, zrejme na pokyn B. Zuriana\",\"isPartOf\":{\"@id\":\"https:\/\/www.smedemokrati.sk\/#website\"},\"primaryImageOfPage\":{\"@id\":\"https:\/\/www.smedemokrati.sk\/policajna-inspekcia-vymyslela-komplot-na-j-nada-zrejme-na-pokyn-b-zuriana\/#primaryimage\"},\"image\":{\"@id\":\"https:\/\/www.smedemokrati.sk\/policajna-inspekcia-vymyslela-komplot-na-j-nada-zrejme-na-pokyn-b-zuriana\/#primaryimage\"},\"thumbnailUrl\":\"https:\/\/www.smedemokrati.sk\/wp-content\/uploads\/2025\/05\/zurian-zuri.jpg\",\"datePublished\":\"2025-05-21T10:19:43+00:00\",\"dateModified\":\"2025-05-22T13:38:17+00:00\",\"breadcrumb\":{\"@id\":\"https:\/\/www.smedemokrati.sk\/policajna-inspekcia-vymyslela-komplot-na-j-nada-zrejme-na-pokyn-b-zuriana\/#breadcrumb\"},\"inLanguage\":\"cs-CZ\",\"potentialAction\":[{\"@type\":\"ReadAction\",\"target\":[\"https:\/\/www.smedemokrati.sk\/policajna-inspekcia-vymyslela-komplot-na-j-nada-zrejme-na-pokyn-b-zuriana\/\"]}]},{\"@type\":\"ImageObject\",\"inLanguage\":\"cs-CZ\",\"@id\":\"https:\/\/www.smedemokrati.sk\/policajna-inspekcia-vymyslela-komplot-na-j-nada-zrejme-na-pokyn-b-zuriana\/#primaryimage\",\"url\":\"https:\/\/www.smedemokrati.sk\/wp-content\/uploads\/2025\/05\/zurian-zuri.jpg\",\"contentUrl\":\"https:\/\/www.smedemokrati.sk\/wp-content\/uploads\/2025\/05\/zurian-zuri.jpg\",\"width\":930,\"height\":493},{\"@type\":\"BreadcrumbList\",\"@id\":\"https:\/\/www.smedemokrati.sk\/policajna-inspekcia-vymyslela-komplot-na-j-nada-zrejme-na-pokyn-b-zuriana\/#breadcrumb\",\"itemListElement\":[{\"@type\":\"ListItem\",\"position\":1,\"name\":\"Domovsk\u00e1 str\u00e1nka\",\"item\":\"https:\/\/www.smedemokrati.sk\/\"},{\"@type\":\"ListItem\",\"position\":2,\"name\":\"Policajn\u00e1 in\u0161pekcia vymyslela komplot na J. Na\u010fa, zrejme na pokyn B. Zuriana\"}]},{\"@type\":\"WebSite\",\"@id\":\"https:\/\/www.smedemokrati.sk\/#website\",\"url\":\"https:\/\/www.smedemokrati.sk\/\",\"name\":\"Smedemokrati.sk\",\"description\":\"Demokracia a slu\u0161nos\u0165 zv\u00ed\u0165az\u00ed\",\"publisher\":{\"@id\":\"https:\/\/www.smedemokrati.sk\/#organization\"},\"potentialAction\":[{\"@type\":\"SearchAction\",\"target\":{\"@type\":\"EntryPoint\",\"urlTemplate\":\"https:\/\/www.smedemokrati.sk\/?s={search_term_string}\"},\"query-input\":{\"@type\":\"PropertyValueSpecification\",\"valueRequired\":true,\"valueName\":\"search_term_string\"}}],\"inLanguage\":\"cs-CZ\"},{\"@type\":\"Organization\",\"@id\":\"https:\/\/www.smedemokrati.sk\/#organization\",\"name\":\"Smedemokrati.sk\",\"url\":\"https:\/\/www.smedemokrati.sk\/\",\"logo\":{\"@type\":\"ImageObject\",\"inLanguage\":\"cs-CZ\",\"@id\":\"https:\/\/www.smedemokrati.sk\/#\/schema\/logo\/image\/\",\"url\":\"https:\/\/www.smedemokrati.sk\/wp-content\/uploads\/2023\/04\/ff.002.jpeg\",\"contentUrl\":\"https:\/\/www.smedemokrati.sk\/wp-content\/uploads\/2023\/04\/ff.002.jpeg\",\"width\":640,\"height\":480,\"caption\":\"Smedemokrati.sk\"},\"image\":{\"@id\":\"https:\/\/www.smedemokrati.sk\/#\/schema\/logo\/image\/\"},\"sameAs\":[\"https:\/\/www.facebook.com\/smedemokrati2023\"]},{\"@type\":\"Person\",\"@id\":\"https:\/\/www.smedemokrati.sk\/#\/schema\/person\/21f147c88d605aa7ded900e1e7c344ba\",\"name\":\"miro.sopko\",\"image\":{\"@type\":\"ImageObject\",\"inLanguage\":\"cs-CZ\",\"@id\":\"https:\/\/secure.gravatar.com\/avatar\/267e4a36f704376c109afe3a78740c1f5dd8675a2180a908699e7863c9247606?s=96&d=mm&r=g\",\"url\":\"https:\/\/secure.gravatar.com\/avatar\/267e4a36f704376c109afe3a78740c1f5dd8675a2180a908699e7863c9247606?s=96&d=mm&r=g\",\"contentUrl\":\"https:\/\/secure.gravatar.com\/avatar\/267e4a36f704376c109afe3a78740c1f5dd8675a2180a908699e7863c9247606?s=96&d=mm&r=g\",\"caption\":\"miro.sopko\"},\"url\":\"https:\/\/www.smedemokrati.sk\/cs\/author\/miro-sopko\/\"}]}<\/script>\n<!-- \/ Yoast SEO plugin. -->","yoast_head_json":{"title":"Policajn\u00e1 in\u0161pekcia vymyslela komplot na J. Na\u010fa, zrejme na pokyn B. Zuriana","robots":{"index":"index","follow":"follow","max-snippet":"max-snippet:-1","max-image-preview":"max-image-preview:large","max-video-preview":"max-video-preview:-1"},"canonical":"https:\/\/www.smedemokrati.sk\/cs\/policajna-inspekcia-vymyslela-komplot-na-j-nada-zrejme-na-pokyn-b-zuriana\/","og_locale":"cs_CZ","og_type":"article","og_title":"[:sk]Policajn\u00e1 in\u0161pekcia vymyslela komplot na J. Na\u010fa, zrejme na pokyn B. Zuriana[:] - Smedemokrati.sk","og_description":"Predseda Demokratov Jaroslav Na\u010f bol predvolan\u00fd na Policajn\u00fa in\u0161pekciu, aby vysvet\u013eoval status, v ktorom porovn\u00e1va gen. \u0160tef\u00e1nika s gen. Zurianom, \u0161\u00e9fom policajnej in\u0161pekcie. Z\u00e1merom bolo, aby predseda Demokratov podal na Branislava Zuriana trestn\u00e9 ozn\u00e1menie (za Zurianovu \u010dinnos\u0165, vi\u010f. status v pr\u00edlohe), ktor\u00e9 by sa uk\u00e1zalo ako neopodstatnen\u00e9, za \u010do by Jaroslava Na\u010fa n\u00e1sledne mohol \u0161\u00e9f [&hellip;]","og_url":"https:\/\/www.smedemokrati.sk\/cs\/policajna-inspekcia-vymyslela-komplot-na-j-nada-zrejme-na-pokyn-b-zuriana\/","og_site_name":"Smedemokrati.sk","article_publisher":"https:\/\/www.facebook.com\/smedemokrati2023","article_published_time":"2025-05-21T10:19:43+00:00","article_modified_time":"2025-05-22T13:38:17+00:00","og_image":[{"width":930,"height":493,"url":"https:\/\/www.smedemokrati.sk\/wp-content\/uploads\/2025\/05\/zurian-zuri.jpg","type":"image\/jpeg"}],"author":"miro.sopko","twitter_card":"summary_large_image","twitter_misc":{"Napsal(a)":"miro.sopko","Odhadovan\u00e1 doba \u010dten\u00ed":"3 minuty"},"schema":{"@context":"https:\/\/schema.org","@graph":[{"@type":"Article","@id":"https:\/\/www.smedemokrati.sk\/policajna-inspekcia-vymyslela-komplot-na-j-nada-zrejme-na-pokyn-b-zuriana\/#article","isPartOf":{"@id":"https:\/\/www.smedemokrati.sk\/policajna-inspekcia-vymyslela-komplot-na-j-nada-zrejme-na-pokyn-b-zuriana\/"},"author":{"name":"miro.sopko","@id":"https:\/\/www.smedemokrati.sk\/#\/schema\/person\/21f147c88d605aa7ded900e1e7c344ba"},"headline":"Policajn\u00e1 in\u0161pekcia vymyslela komplot na J. Na\u010fa, zrejme na pokyn B. Zuriana","datePublished":"2025-05-21T10:19:43+00:00","dateModified":"2025-05-22T13:38:17+00:00","mainEntityOfPage":{"@id":"https:\/\/www.smedemokrati.sk\/policajna-inspekcia-vymyslela-komplot-na-j-nada-zrejme-na-pokyn-b-zuriana\/"},"wordCount":534,"publisher":{"@id":"https:\/\/www.smedemokrati.sk\/#organization"},"image":{"@id":"https:\/\/www.smedemokrati.sk\/policajna-inspekcia-vymyslela-komplot-na-j-nada-zrejme-na-pokyn-b-zuriana\/#primaryimage"},"thumbnailUrl":"https:\/\/www.smedemokrati.sk\/wp-content\/uploads\/2025\/05\/zurian-zuri.jpg","articleSection":["Tla\u010dov\u00e9 spr\u00e1vy"],"inLanguage":"cs-CZ"},{"@type":"WebPage","@id":"https:\/\/www.smedemokrati.sk\/policajna-inspekcia-vymyslela-komplot-na-j-nada-zrejme-na-pokyn-b-zuriana\/","url":"https:\/\/www.smedemokrati.sk\/policajna-inspekcia-vymyslela-komplot-na-j-nada-zrejme-na-pokyn-b-zuriana\/","name":"Policajn\u00e1 in\u0161pekcia vymyslela komplot na J. Na\u010fa, zrejme na pokyn B. Zuriana","isPartOf":{"@id":"https:\/\/www.smedemokrati.sk\/#website"},"primaryImageOfPage":{"@id":"https:\/\/www.smedemokrati.sk\/policajna-inspekcia-vymyslela-komplot-na-j-nada-zrejme-na-pokyn-b-zuriana\/#primaryimage"},"image":{"@id":"https:\/\/www.smedemokrati.sk\/policajna-inspekcia-vymyslela-komplot-na-j-nada-zrejme-na-pokyn-b-zuriana\/#primaryimage"},"thumbnailUrl":"https:\/\/www.smedemokrati.sk\/wp-content\/uploads\/2025\/05\/zurian-zuri.jpg","datePublished":"2025-05-21T10:19:43+00:00","dateModified":"2025-05-22T13:38:17+00:00","breadcrumb":{"@id":"https:\/\/www.smedemokrati.sk\/policajna-inspekcia-vymyslela-komplot-na-j-nada-zrejme-na-pokyn-b-zuriana\/#breadcrumb"},"inLanguage":"cs-CZ","potentialAction":[{"@type":"ReadAction","target":["https:\/\/www.smedemokrati.sk\/policajna-inspekcia-vymyslela-komplot-na-j-nada-zrejme-na-pokyn-b-zuriana\/"]}]},{"@type":"ImageObject","inLanguage":"cs-CZ","@id":"https:\/\/www.smedemokrati.sk\/policajna-inspekcia-vymyslela-komplot-na-j-nada-zrejme-na-pokyn-b-zuriana\/#primaryimage","url":"https:\/\/www.smedemokrati.sk\/wp-content\/uploads\/2025\/05\/zurian-zuri.jpg","contentUrl":"https:\/\/www.smedemokrati.sk\/wp-content\/uploads\/2025\/05\/zurian-zuri.jpg","width":930,"height":493},{"@type":"BreadcrumbList","@id":"https:\/\/www.smedemokrati.sk\/policajna-inspekcia-vymyslela-komplot-na-j-nada-zrejme-na-pokyn-b-zuriana\/#breadcrumb","itemListElement":[{"@type":"ListItem","position":1,"name":"Domovsk\u00e1 str\u00e1nka","item":"https:\/\/www.smedemokrati.sk\/"},{"@type":"ListItem","position":2,"name":"Policajn\u00e1 in\u0161pekcia vymyslela komplot na J. Na\u010fa, zrejme na pokyn B. Zuriana"}]},{"@type":"WebSite","@id":"https:\/\/www.smedemokrati.sk\/#website","url":"https:\/\/www.smedemokrati.sk\/","name":"Smedemokrati.sk","description":"Demokracia a slu\u0161nos\u0165 zv\u00ed\u0165az\u00ed","publisher":{"@id":"https:\/\/www.smedemokrati.sk\/#organization"},"potentialAction":[{"@type":"SearchAction","target":{"@type":"EntryPoint","urlTemplate":"https:\/\/www.smedemokrati.sk\/?s={search_term_string}"},"query-input":{"@type":"PropertyValueSpecification","valueRequired":true,"valueName":"search_term_string"}}],"inLanguage":"cs-CZ"},{"@type":"Organization","@id":"https:\/\/www.smedemokrati.sk\/#organization","name":"Smedemokrati.sk","url":"https:\/\/www.smedemokrati.sk\/","logo":{"@type":"ImageObject","inLanguage":"cs-CZ","@id":"https:\/\/www.smedemokrati.sk\/#\/schema\/logo\/image\/","url":"https:\/\/www.smedemokrati.sk\/wp-content\/uploads\/2023\/04\/ff.002.jpeg","contentUrl":"https:\/\/www.smedemokrati.sk\/wp-content\/uploads\/2023\/04\/ff.002.jpeg","width":640,"height":480,"caption":"Smedemokrati.sk"},"image":{"@id":"https:\/\/www.smedemokrati.sk\/#\/schema\/logo\/image\/"},"sameAs":["https:\/\/www.facebook.com\/smedemokrati2023"]},{"@type":"Person","@id":"https:\/\/www.smedemokrati.sk\/#\/schema\/person\/21f147c88d605aa7ded900e1e7c344ba","name":"miro.sopko","image":{"@type":"ImageObject","inLanguage":"cs-CZ","@id":"https:\/\/secure.gravatar.com\/avatar\/267e4a36f704376c109afe3a78740c1f5dd8675a2180a908699e7863c9247606?s=96&d=mm&r=g","url":"https:\/\/secure.gravatar.com\/avatar\/267e4a36f704376c109afe3a78740c1f5dd8675a2180a908699e7863c9247606?s=96&d=mm&r=g","contentUrl":"https:\/\/secure.gravatar.com\/avatar\/267e4a36f704376c109afe3a78740c1f5dd8675a2180a908699e7863c9247606?s=96&d=mm&r=g","caption":"miro.sopko"},"url":"https:\/\/www.smedemokrati.sk\/cs\/author\/miro-sopko\/"}]}},"_links":{"self":[{"href":"https:\/\/www.smedemokrati.sk\/cs\/wp-json\/wp\/v2\/posts\/7281","targetHints":{"allow":["GET"]}}],"collection":[{"href":"https:\/\/www.smedemokrati.sk\/cs\/wp-json\/wp\/v2\/posts"}],"about":[{"href":"https:\/\/www.smedemokrati.sk\/cs\/wp-json\/wp\/v2\/types\/post"}],"author":[{"embeddable":true,"href":"https:\/\/www.smedemokrati.sk\/cs\/wp-json\/wp\/v2\/users\/13"}],"replies":[{"embeddable":true,"href":"https:\/\/www.smedemokrati.sk\/cs\/wp-json\/wp\/v2\/comments?post=7281"}],"version-history":[{"count":3,"href":"https:\/\/www.smedemokrati.sk\/cs\/wp-json\/wp\/v2\/posts\/7281\/revisions"}],"predecessor-version":[{"id":7298,"href":"https:\/\/www.smedemokrati.sk\/cs\/wp-json\/wp\/v2\/posts\/7281\/revisions\/7298"}],"wp:featuredmedia":[{"embeddable":true,"href":"https:\/\/www.smedemokrati.sk\/cs\/wp-json\/wp\/v2\/media\/7282"}],"wp:attachment":[{"href":"https:\/\/www.smedemokrati.sk\/cs\/wp-json\/wp\/v2\/media?parent=7281"}],"wp:term":[{"taxonomy":"category","embeddable":true,"href":"https:\/\/www.smedemokrati.sk\/cs\/wp-json\/wp\/v2\/categories?post=7281"},{"taxonomy":"post_tag","embeddable":true,"href":"https:\/\/www.smedemokrati.sk\/cs\/wp-json\/wp\/v2\/tags?post=7281"}],"curies":[{"name":"wp","href":"https:\/\/api.w.org\/{rel}","templated":true}]}}