{"id":7256,"date":"2025-05-19T09:04:42","date_gmt":"2025-05-19T08:04:42","guid":{"rendered":"https:\/\/www.smedemokrati.sk\/?p=7256"},"modified":"2025-05-19T09:32:08","modified_gmt":"2025-05-19T08:32:08","slug":"podla-ustavy-moze-pellegrini-rozhodnut-o-pandemickej-dohode","status":"publish","type":"post","link":"https:\/\/www.smedemokrati.sk\/cs\/podla-ustavy-moze-pellegrini-rozhodnut-o-pandemickej-dohode\/","title":{"rendered":"Pod\u013ea \u00fastavy m\u00f4\u017ee Pellegrini rozhodn\u00fa\u0165 o pandemickej dohode"},"content":{"rendered":"<div id=\"fb-root\"><\/div>\n\n<p><strong>Demokrati upozor\u0148uj\u00fa \u017ee pod\u013ea \u00fastavy si m\u00f4\u017ee prezident SR vyhradi\u0165 v\u00fdkon pr\u00e1vomoci pri medzin\u00e1rodn\u00fdch zmluv\u00e1ch. V praxi to znamen\u00e1, \u017ee sa m\u00f4\u017ee rozhodn\u00fa\u0165, \u010di sa Slovensko pripoj\u00ed k pandemickej dohode. Demokrati preto vyz\u00fdvaj\u00fa Petra Pellegriniho, aby si uplatnil tento \u00fastavn\u00fd postup a aby sa nevyhov\u00e1ral na odmietnutie pripojenia k pandemickej dohode zo strany Ficovej vl\u00e1dy, preto\u017ee m\u00e1 pr\u00e1vomoc v tejto veci rozhodn\u00fa\u0165 s\u00e1m.<\/strong><\/p>\n\n\n\n<p><em>\u201ePrezident m\u00e1 \u00fastavn\u00e9 pr\u00e1vo dojedna\u0165 medzin\u00e1rodn\u00e9 zmluvy, pod\u013ea \u010dl. 102 \u00dastavy Slovenskej republiky m\u00f4\u017ee&nbsp;t\u00fato pr\u00e1vomoc prenies\u0165 na vl\u00e1du, av\u0161ak ide st\u00e1le o v\u00fdlu\u010dn\u00fa pr\u00e1vomoc prezidenta. Vzh\u013eadom na skuto\u010dnos\u0165, \u017ee vl\u00e1da Slovenskej republiky odmieta hlasova\u0165 za prijatie tzv. Pandemickej dohody, prezident Pellegrini m\u00e1 unik\u00e1tne pr\u00e1vo zabr\u00e1ni\u0165 medzin\u00e1rodnej hanbe Slovenskej republiky a rozhodn\u00fa\u0165, \u017ee Slovensko prij\u00edme pandemick\u00fa dohodu. Konkr\u00e9tnym postupom tak, \u017ee nebude vyvol\u00e1va\u0165 hlasovanie a zhroma\u017edenie WHO prijme t\u00fato dohodu konsenzom alebo n\u00e1\u0161 z\u00e1stupca bude hlasova\u0165 za. Je \u00falohou prezidenta reprezentova\u0165 Slovensk\u00fa republiku, ako doma tak v zahrani\u010d\u00ed, teraz je \u010das t\u00fato \u00falohou a pr\u00e1vomoc naplno uplatni\u0165. Pr\u00e1ve preto zasielame prezidentovi Pellegrinimu list s v\u00fdzvou na riadne uplatnenie svojej \u00fastavnej pr\u00e1vomoci prezidenta Slovenskej republiky.<\/em>&#8220; hovor\u00ed Juraj \u0160eliga, podpredseda strany Demokrati.&nbsp;<\/p>\n\n\n\n<p><em><em>\u201e<\/em>Rozhodnutie prezidenta \u010d\u00edslo 250 z roku 2001 publikovan\u00e9 v Zbierke z\u00e1konov, ktor\u00fdm \u010das\u0165 svojich pr\u00e1vomoc\u00ed prezident pren\u00e1\u0161a na vl\u00e1du jasne hovor\u00ed, \u017ee prezident si m\u00f4\u017ee pri medzin\u00e1rodn\u00fdch zmluv\u00e1ch vyhradi\u0165 v\u00fdkon pr\u00e1vomoci v konkr\u00e9tnom pr\u00edpade ak sa tak rozhodne bez toho, aby zru\u0161il cel\u00e9 splnomocnenie vl\u00e1de Slovenskej republiky. Laicky povedan\u00e9, jednoduch\u00fdm rozhodnut\u00edm prezidenta sa m\u00f4\u017ee Slovensko pripoji\u0165 k pandemickej dohode. Vyz\u00fdvam Petra Pellegriniho, aby sa jasne postavil za pandemick\u00fa dohodu a nesp\u00f4sobil Slovensku \u010fal\u0161iu medzin\u00e1rodn\u00fa hanbu.&#8220;&nbsp;<\/em>Povedal z predsedn\u00edctva Demokratov Michal Ki\u010da, ktor\u00fd na \u010dl\u00e1nok v \u00fastave upozornil.<\/p>\n\n\n\n<p>Jaroslav Na\u010f hovor\u00ed, \u017ee Slovensko bude pravdepodobne jedinou krajinou sveta, ktor\u00e1 odmietne pandemick\u00fa dohodu WHO:&nbsp;<em><em>\u201e<\/em>Slovensko bude zrejme jedin\u00e1 krajina, ktor\u00e1 bude proti celosvetovej dohode. Zase a op\u00e4\u0165 Slovensko hlavou proti zdrav\u00e9mu rozumu a na hanbu v\u0161etk\u00fdm. V piatok sme po\u010d\u00favali plamenn\u00e9 prejavy ministra \u0160a\u0161ka, ktor\u00fd tvrdil, \u017ee mus\u00edme dohodu prija\u0165. P\u00fdtam sa, \u010do okrem pr\u00e1zdnych slov pre to urobil? Urobili sme teda robotu za neho a na\u0161li \u00fastavn\u00fa mo\u017enos\u0165, ako to urobi\u0165. Ak je strana Hlas za pandemick\u00fa dohodu, tak ako to hl\u00e1saj\u00fa, toto je cesta.&#8220;&nbsp;<\/em>Povedal Jaroslav Na\u010f a dodal, \u017ee ak \u0160a\u0161ko nepresad\u00ed pripojenie sa k pandemickej dohode, mus\u00ed ako minister okam\u017eite skon\u010di\u0165, preto\u017ee tam nem\u00e1 \u010do robi\u0165.<\/p>\n\n\n\n<figure class=\"wp-block-image size-large\"><img decoding=\"async\" width=\"701\" height=\"1024\" src=\"https:\/\/www.smedemokrati.sk\/wp-content\/uploads\/2025\/05\/list_prezidentovi-701x1024.jpg\" alt=\"\" class=\"wp-image-7258\" srcset=\"https:\/\/www.smedemokrati.sk\/wp-content\/uploads\/2025\/05\/list_prezidentovi-701x1024.jpg 701w, https:\/\/www.smedemokrati.sk\/wp-content\/uploads\/2025\/05\/list_prezidentovi-205x300.jpg 205w, https:\/\/www.smedemokrati.sk\/wp-content\/uploads\/2025\/05\/list_prezidentovi-768x1122.jpg 768w, https:\/\/www.smedemokrati.sk\/wp-content\/uploads\/2025\/05\/list_prezidentovi-1051x1536.jpg 1051w, https:\/\/www.smedemokrati.sk\/wp-content\/uploads\/2025\/05\/list_prezidentovi-1402x2048.jpg 1402w, https:\/\/www.smedemokrati.sk\/wp-content\/uploads\/2025\/05\/list_prezidentovi-scaled.jpg 1752w\" sizes=\"(max-width: 701px) 100vw, 701px\" \/><\/figure>\n","protected":false},"excerpt":{"rendered":"<p>Demokrati upozor\u0148uj\u00fa \u017ee pod\u013ea \u00fastavy si m\u00f4\u017ee prezident SR vyhradi\u0165 v\u00fdkon pr\u00e1vomoci pri medzin\u00e1rodn\u00fdch zmluv\u00e1ch. V praxi to znamen\u00e1, \u017ee sa m\u00f4\u017ee rozhodn\u00fa\u0165, \u010di sa Slovensko pripoj\u00ed k pandemickej dohode. Demokrati preto vyz\u00fdvaj\u00fa Petra Pellegriniho, aby si uplatnil tento \u00fastavn\u00fd postup a aby sa nevyhov\u00e1ral na odmietnutie pripojenia k pandemickej dohode zo strany Ficovej vl\u00e1dy, [&hellip;]<\/p>\n","protected":false},"author":13,"featured_media":6773,"comment_status":"closed","ping_status":"closed","sticky":false,"template":"","format":"standard","meta":{"_acf_changed":false,"ngg_post_thumbnail":0,"footnotes":""},"categories":[4],"tags":[],"class_list":["post-7256","post","type-post","status-publish","format-standard","has-post-thumbnail","hentry","category-tlacove-spravy"],"acf":[],"yoast_head":"<!-- This site is optimized with the Yoast SEO plugin v27.2 - https:\/\/yoast.com\/product\/yoast-seo-wordpress\/ -->\n<title>Pod\u013ea \u00fastavy m\u00f4\u017ee Pellegrini rozhodn\u00fa\u0165 o pandemickej dohode<\/title>\n<meta name=\"robots\" content=\"index, follow, max-snippet:-1, max-image-preview:large, max-video-preview:-1\" \/>\n<link rel=\"canonical\" href=\"https:\/\/www.smedemokrati.sk\/cs\/podla-ustavy-moze-pellegrini-rozhodnut-o-pandemickej-dohode\/\" \/>\n<meta property=\"og:locale\" content=\"cs_CZ\" \/>\n<meta property=\"og:locale:alternate\" content=\"en_US\" \/>\n<meta property=\"og:locale:alternate\" content=\"hu_HU\" \/>\n<meta property=\"og:locale:alternate\" content=\"sk_SK\" \/>\n<meta property=\"og:locale:alternate\" content=\"sv_SE\" \/>\n<meta property=\"og:type\" content=\"article\" \/>\n<meta property=\"og:title\" content=\"Pod\u013ea \u00fastavy m\u00f4\u017ee Pellegrini rozhodn\u00fa\u0165 o pandemickej dohode\" \/>\n<meta property=\"og:description\" content=\"Demokrati upozor\u0148uj\u00fa \u017ee pod\u013ea \u00fastavy si m\u00f4\u017ee prezident SR vyhradi\u0165 v\u00fdkon pr\u00e1vomoci pri medzin\u00e1rodn\u00fdch zmluv\u00e1ch. V praxi to znamen\u00e1, \u017ee sa m\u00f4\u017ee rozhodn\u00fa\u0165, \u010di sa Slovensko pripoj\u00ed k pandemickej dohode. Demokrati preto vyz\u00fdvaj\u00fa Petra Pellegriniho, aby si uplatnil tento \u00fastavn\u00fd postup a aby sa nevyhov\u00e1ral na odmietnutie pripojenia k pandemickej dohode zo strany Ficovej vl\u00e1dy, [&hellip;]\" \/>\n<meta property=\"og:url\" content=\"https:\/\/www.smedemokrati.sk\/cs\/podla-ustavy-moze-pellegrini-rozhodnut-o-pandemickej-dohode\/\" \/>\n<meta property=\"og:site_name\" content=\"Smedemokrati.sk\" \/>\n<meta property=\"article:publisher\" content=\"https:\/\/www.facebook.com\/smedemokrati2023\" \/>\n<meta property=\"article:published_time\" content=\"2025-05-19T08:04:42+00:00\" \/>\n<meta property=\"article:modified_time\" content=\"2025-05-19T08:32:08+00:00\" \/>\n<meta property=\"og:image\" content=\"https:\/\/www.smedemokrati.sk\/wp-content\/uploads\/2025\/03\/Standarda_prezidenta_SR12022009-1.jpg\" \/>\n\t<meta property=\"og:image:width\" content=\"922\" \/>\n\t<meta property=\"og:image:height\" content=\"1024\" \/>\n\t<meta property=\"og:image:type\" content=\"image\/jpeg\" \/>\n<meta name=\"author\" content=\"miro.sopko\" \/>\n<meta name=\"twitter:card\" content=\"summary_large_image\" \/>\n<meta name=\"twitter:label1\" content=\"Napsal(a)\" \/>\n\t<meta name=\"twitter:data1\" content=\"miro.sopko\" \/>\n\t<meta name=\"twitter:label2\" content=\"Odhadovan\u00e1 doba \u010dten\u00ed\" \/>\n\t<meta name=\"twitter:data2\" content=\"3 minuty\" \/>\n<script type=\"application\/ld+json\" class=\"yoast-schema-graph\">{\"@context\":\"https:\/\/schema.org\",\"@graph\":[{\"@type\":\"Article\",\"@id\":\"https:\/\/www.smedemokrati.sk\/podla-ustavy-moze-pellegrini-rozhodnut-o-pandemickej-dohode\/#article\",\"isPartOf\":{\"@id\":\"https:\/\/www.smedemokrati.sk\/podla-ustavy-moze-pellegrini-rozhodnut-o-pandemickej-dohode\/\"},\"author\":{\"name\":\"miro.sopko\",\"@id\":\"https:\/\/www.smedemokrati.sk\/#\/schema\/person\/21f147c88d605aa7ded900e1e7c344ba\"},\"headline\":\"Pod\u013ea \u00fastavy m\u00f4\u017ee Pellegrini rozhodn\u00fa\u0165 o pandemickej dohode\",\"datePublished\":\"2025-05-19T08:04:42+00:00\",\"dateModified\":\"2025-05-19T08:32:08+00:00\",\"mainEntityOfPage\":{\"@id\":\"https:\/\/www.smedemokrati.sk\/podla-ustavy-moze-pellegrini-rozhodnut-o-pandemickej-dohode\/\"},\"wordCount\":480,\"publisher\":{\"@id\":\"https:\/\/www.smedemokrati.sk\/#organization\"},\"image\":{\"@id\":\"https:\/\/www.smedemokrati.sk\/podla-ustavy-moze-pellegrini-rozhodnut-o-pandemickej-dohode\/#primaryimage\"},\"thumbnailUrl\":\"https:\/\/www.smedemokrati.sk\/wp-content\/uploads\/2025\/03\/Standarda_prezidenta_SR12022009-1.jpg\",\"articleSection\":[\"Tla\u010dov\u00e9 spr\u00e1vy\"],\"inLanguage\":\"cs-CZ\"},{\"@type\":\"WebPage\",\"@id\":\"https:\/\/www.smedemokrati.sk\/podla-ustavy-moze-pellegrini-rozhodnut-o-pandemickej-dohode\/\",\"url\":\"https:\/\/www.smedemokrati.sk\/podla-ustavy-moze-pellegrini-rozhodnut-o-pandemickej-dohode\/\",\"name\":\"Pod\u013ea \u00fastavy m\u00f4\u017ee Pellegrini rozhodn\u00fa\u0165 o pandemickej dohode\",\"isPartOf\":{\"@id\":\"https:\/\/www.smedemokrati.sk\/#website\"},\"primaryImageOfPage\":{\"@id\":\"https:\/\/www.smedemokrati.sk\/podla-ustavy-moze-pellegrini-rozhodnut-o-pandemickej-dohode\/#primaryimage\"},\"image\":{\"@id\":\"https:\/\/www.smedemokrati.sk\/podla-ustavy-moze-pellegrini-rozhodnut-o-pandemickej-dohode\/#primaryimage\"},\"thumbnailUrl\":\"https:\/\/www.smedemokrati.sk\/wp-content\/uploads\/2025\/03\/Standarda_prezidenta_SR12022009-1.jpg\",\"datePublished\":\"2025-05-19T08:04:42+00:00\",\"dateModified\":\"2025-05-19T08:32:08+00:00\",\"breadcrumb\":{\"@id\":\"https:\/\/www.smedemokrati.sk\/podla-ustavy-moze-pellegrini-rozhodnut-o-pandemickej-dohode\/#breadcrumb\"},\"inLanguage\":\"cs-CZ\",\"potentialAction\":[{\"@type\":\"ReadAction\",\"target\":[\"https:\/\/www.smedemokrati.sk\/podla-ustavy-moze-pellegrini-rozhodnut-o-pandemickej-dohode\/\"]}]},{\"@type\":\"ImageObject\",\"inLanguage\":\"cs-CZ\",\"@id\":\"https:\/\/www.smedemokrati.sk\/podla-ustavy-moze-pellegrini-rozhodnut-o-pandemickej-dohode\/#primaryimage\",\"url\":\"https:\/\/www.smedemokrati.sk\/wp-content\/uploads\/2025\/03\/Standarda_prezidenta_SR12022009-1.jpg\",\"contentUrl\":\"https:\/\/www.smedemokrati.sk\/wp-content\/uploads\/2025\/03\/Standarda_prezidenta_SR12022009-1.jpg\",\"width\":922,\"height\":1024},{\"@type\":\"BreadcrumbList\",\"@id\":\"https:\/\/www.smedemokrati.sk\/podla-ustavy-moze-pellegrini-rozhodnut-o-pandemickej-dohode\/#breadcrumb\",\"itemListElement\":[{\"@type\":\"ListItem\",\"position\":1,\"name\":\"Domovsk\u00e1 str\u00e1nka\",\"item\":\"https:\/\/www.smedemokrati.sk\/\"},{\"@type\":\"ListItem\",\"position\":2,\"name\":\"Pod\u013ea \u00fastavy m\u00f4\u017ee Pellegrini rozhodn\u00fa\u0165 o pandemickej dohode\"}]},{\"@type\":\"WebSite\",\"@id\":\"https:\/\/www.smedemokrati.sk\/#website\",\"url\":\"https:\/\/www.smedemokrati.sk\/\",\"name\":\"Smedemokrati.sk\",\"description\":\"Demokracia a slu\u0161nos\u0165 zv\u00ed\u0165az\u00ed\",\"publisher\":{\"@id\":\"https:\/\/www.smedemokrati.sk\/#organization\"},\"potentialAction\":[{\"@type\":\"SearchAction\",\"target\":{\"@type\":\"EntryPoint\",\"urlTemplate\":\"https:\/\/www.smedemokrati.sk\/?s={search_term_string}\"},\"query-input\":{\"@type\":\"PropertyValueSpecification\",\"valueRequired\":true,\"valueName\":\"search_term_string\"}}],\"inLanguage\":\"cs-CZ\"},{\"@type\":\"Organization\",\"@id\":\"https:\/\/www.smedemokrati.sk\/#organization\",\"name\":\"Smedemokrati.sk\",\"url\":\"https:\/\/www.smedemokrati.sk\/\",\"logo\":{\"@type\":\"ImageObject\",\"inLanguage\":\"cs-CZ\",\"@id\":\"https:\/\/www.smedemokrati.sk\/#\/schema\/logo\/image\/\",\"url\":\"https:\/\/www.smedemokrati.sk\/wp-content\/uploads\/2023\/04\/ff.002.jpeg\",\"contentUrl\":\"https:\/\/www.smedemokrati.sk\/wp-content\/uploads\/2023\/04\/ff.002.jpeg\",\"width\":640,\"height\":480,\"caption\":\"Smedemokrati.sk\"},\"image\":{\"@id\":\"https:\/\/www.smedemokrati.sk\/#\/schema\/logo\/image\/\"},\"sameAs\":[\"https:\/\/www.facebook.com\/smedemokrati2023\"]},{\"@type\":\"Person\",\"@id\":\"https:\/\/www.smedemokrati.sk\/#\/schema\/person\/21f147c88d605aa7ded900e1e7c344ba\",\"name\":\"miro.sopko\",\"image\":{\"@type\":\"ImageObject\",\"inLanguage\":\"cs-CZ\",\"@id\":\"https:\/\/secure.gravatar.com\/avatar\/267e4a36f704376c109afe3a78740c1f5dd8675a2180a908699e7863c9247606?s=96&d=mm&r=g\",\"url\":\"https:\/\/secure.gravatar.com\/avatar\/267e4a36f704376c109afe3a78740c1f5dd8675a2180a908699e7863c9247606?s=96&d=mm&r=g\",\"contentUrl\":\"https:\/\/secure.gravatar.com\/avatar\/267e4a36f704376c109afe3a78740c1f5dd8675a2180a908699e7863c9247606?s=96&d=mm&r=g\",\"caption\":\"miro.sopko\"},\"url\":\"https:\/\/www.smedemokrati.sk\/cs\/author\/miro-sopko\/\"}]}<\/script>\n<!-- \/ Yoast SEO plugin. -->","yoast_head_json":{"title":"Pod\u013ea \u00fastavy m\u00f4\u017ee Pellegrini rozhodn\u00fa\u0165 o pandemickej dohode","robots":{"index":"index","follow":"follow","max-snippet":"max-snippet:-1","max-image-preview":"max-image-preview:large","max-video-preview":"max-video-preview:-1"},"canonical":"https:\/\/www.smedemokrati.sk\/cs\/podla-ustavy-moze-pellegrini-rozhodnut-o-pandemickej-dohode\/","og_locale":"cs_CZ","og_type":"article","og_title":"[:sk]Pod\u013ea \u00fastavy m\u00f4\u017ee Pellegrini rozhodn\u00fa\u0165 o pandemickej dohode[:] - Smedemokrati.sk","og_description":"Demokrati upozor\u0148uj\u00fa \u017ee pod\u013ea \u00fastavy si m\u00f4\u017ee prezident SR vyhradi\u0165 v\u00fdkon pr\u00e1vomoci pri medzin\u00e1rodn\u00fdch zmluv\u00e1ch. V praxi to znamen\u00e1, \u017ee sa m\u00f4\u017ee rozhodn\u00fa\u0165, \u010di sa Slovensko pripoj\u00ed k pandemickej dohode. Demokrati preto vyz\u00fdvaj\u00fa Petra Pellegriniho, aby si uplatnil tento \u00fastavn\u00fd postup a aby sa nevyhov\u00e1ral na odmietnutie pripojenia k pandemickej dohode zo strany Ficovej vl\u00e1dy, [&hellip;]","og_url":"https:\/\/www.smedemokrati.sk\/cs\/podla-ustavy-moze-pellegrini-rozhodnut-o-pandemickej-dohode\/","og_site_name":"Smedemokrati.sk","article_publisher":"https:\/\/www.facebook.com\/smedemokrati2023","article_published_time":"2025-05-19T08:04:42+00:00","article_modified_time":"2025-05-19T08:32:08+00:00","og_image":[{"width":922,"height":1024,"url":"https:\/\/www.smedemokrati.sk\/wp-content\/uploads\/2025\/03\/Standarda_prezidenta_SR12022009-1.jpg","type":"image\/jpeg"}],"author":"miro.sopko","twitter_card":"summary_large_image","twitter_misc":{"Napsal(a)":"miro.sopko","Odhadovan\u00e1 doba \u010dten\u00ed":"3 minuty"},"schema":{"@context":"https:\/\/schema.org","@graph":[{"@type":"Article","@id":"https:\/\/www.smedemokrati.sk\/podla-ustavy-moze-pellegrini-rozhodnut-o-pandemickej-dohode\/#article","isPartOf":{"@id":"https:\/\/www.smedemokrati.sk\/podla-ustavy-moze-pellegrini-rozhodnut-o-pandemickej-dohode\/"},"author":{"name":"miro.sopko","@id":"https:\/\/www.smedemokrati.sk\/#\/schema\/person\/21f147c88d605aa7ded900e1e7c344ba"},"headline":"Pod\u013ea \u00fastavy m\u00f4\u017ee Pellegrini rozhodn\u00fa\u0165 o pandemickej dohode","datePublished":"2025-05-19T08:04:42+00:00","dateModified":"2025-05-19T08:32:08+00:00","mainEntityOfPage":{"@id":"https:\/\/www.smedemokrati.sk\/podla-ustavy-moze-pellegrini-rozhodnut-o-pandemickej-dohode\/"},"wordCount":480,"publisher":{"@id":"https:\/\/www.smedemokrati.sk\/#organization"},"image":{"@id":"https:\/\/www.smedemokrati.sk\/podla-ustavy-moze-pellegrini-rozhodnut-o-pandemickej-dohode\/#primaryimage"},"thumbnailUrl":"https:\/\/www.smedemokrati.sk\/wp-content\/uploads\/2025\/03\/Standarda_prezidenta_SR12022009-1.jpg","articleSection":["Tla\u010dov\u00e9 spr\u00e1vy"],"inLanguage":"cs-CZ"},{"@type":"WebPage","@id":"https:\/\/www.smedemokrati.sk\/podla-ustavy-moze-pellegrini-rozhodnut-o-pandemickej-dohode\/","url":"https:\/\/www.smedemokrati.sk\/podla-ustavy-moze-pellegrini-rozhodnut-o-pandemickej-dohode\/","name":"Pod\u013ea \u00fastavy m\u00f4\u017ee Pellegrini rozhodn\u00fa\u0165 o pandemickej dohode","isPartOf":{"@id":"https:\/\/www.smedemokrati.sk\/#website"},"primaryImageOfPage":{"@id":"https:\/\/www.smedemokrati.sk\/podla-ustavy-moze-pellegrini-rozhodnut-o-pandemickej-dohode\/#primaryimage"},"image":{"@id":"https:\/\/www.smedemokrati.sk\/podla-ustavy-moze-pellegrini-rozhodnut-o-pandemickej-dohode\/#primaryimage"},"thumbnailUrl":"https:\/\/www.smedemokrati.sk\/wp-content\/uploads\/2025\/03\/Standarda_prezidenta_SR12022009-1.jpg","datePublished":"2025-05-19T08:04:42+00:00","dateModified":"2025-05-19T08:32:08+00:00","breadcrumb":{"@id":"https:\/\/www.smedemokrati.sk\/podla-ustavy-moze-pellegrini-rozhodnut-o-pandemickej-dohode\/#breadcrumb"},"inLanguage":"cs-CZ","potentialAction":[{"@type":"ReadAction","target":["https:\/\/www.smedemokrati.sk\/podla-ustavy-moze-pellegrini-rozhodnut-o-pandemickej-dohode\/"]}]},{"@type":"ImageObject","inLanguage":"cs-CZ","@id":"https:\/\/www.smedemokrati.sk\/podla-ustavy-moze-pellegrini-rozhodnut-o-pandemickej-dohode\/#primaryimage","url":"https:\/\/www.smedemokrati.sk\/wp-content\/uploads\/2025\/03\/Standarda_prezidenta_SR12022009-1.jpg","contentUrl":"https:\/\/www.smedemokrati.sk\/wp-content\/uploads\/2025\/03\/Standarda_prezidenta_SR12022009-1.jpg","width":922,"height":1024},{"@type":"BreadcrumbList","@id":"https:\/\/www.smedemokrati.sk\/podla-ustavy-moze-pellegrini-rozhodnut-o-pandemickej-dohode\/#breadcrumb","itemListElement":[{"@type":"ListItem","position":1,"name":"Domovsk\u00e1 str\u00e1nka","item":"https:\/\/www.smedemokrati.sk\/"},{"@type":"ListItem","position":2,"name":"Pod\u013ea \u00fastavy m\u00f4\u017ee Pellegrini rozhodn\u00fa\u0165 o pandemickej dohode"}]},{"@type":"WebSite","@id":"https:\/\/www.smedemokrati.sk\/#website","url":"https:\/\/www.smedemokrati.sk\/","name":"Smedemokrati.sk","description":"Demokracia a slu\u0161nos\u0165 zv\u00ed\u0165az\u00ed","publisher":{"@id":"https:\/\/www.smedemokrati.sk\/#organization"},"potentialAction":[{"@type":"SearchAction","target":{"@type":"EntryPoint","urlTemplate":"https:\/\/www.smedemokrati.sk\/?s={search_term_string}"},"query-input":{"@type":"PropertyValueSpecification","valueRequired":true,"valueName":"search_term_string"}}],"inLanguage":"cs-CZ"},{"@type":"Organization","@id":"https:\/\/www.smedemokrati.sk\/#organization","name":"Smedemokrati.sk","url":"https:\/\/www.smedemokrati.sk\/","logo":{"@type":"ImageObject","inLanguage":"cs-CZ","@id":"https:\/\/www.smedemokrati.sk\/#\/schema\/logo\/image\/","url":"https:\/\/www.smedemokrati.sk\/wp-content\/uploads\/2023\/04\/ff.002.jpeg","contentUrl":"https:\/\/www.smedemokrati.sk\/wp-content\/uploads\/2023\/04\/ff.002.jpeg","width":640,"height":480,"caption":"Smedemokrati.sk"},"image":{"@id":"https:\/\/www.smedemokrati.sk\/#\/schema\/logo\/image\/"},"sameAs":["https:\/\/www.facebook.com\/smedemokrati2023"]},{"@type":"Person","@id":"https:\/\/www.smedemokrati.sk\/#\/schema\/person\/21f147c88d605aa7ded900e1e7c344ba","name":"miro.sopko","image":{"@type":"ImageObject","inLanguage":"cs-CZ","@id":"https:\/\/secure.gravatar.com\/avatar\/267e4a36f704376c109afe3a78740c1f5dd8675a2180a908699e7863c9247606?s=96&d=mm&r=g","url":"https:\/\/secure.gravatar.com\/avatar\/267e4a36f704376c109afe3a78740c1f5dd8675a2180a908699e7863c9247606?s=96&d=mm&r=g","contentUrl":"https:\/\/secure.gravatar.com\/avatar\/267e4a36f704376c109afe3a78740c1f5dd8675a2180a908699e7863c9247606?s=96&d=mm&r=g","caption":"miro.sopko"},"url":"https:\/\/www.smedemokrati.sk\/cs\/author\/miro-sopko\/"}]}},"_links":{"self":[{"href":"https:\/\/www.smedemokrati.sk\/cs\/wp-json\/wp\/v2\/posts\/7256","targetHints":{"allow":["GET"]}}],"collection":[{"href":"https:\/\/www.smedemokrati.sk\/cs\/wp-json\/wp\/v2\/posts"}],"about":[{"href":"https:\/\/www.smedemokrati.sk\/cs\/wp-json\/wp\/v2\/types\/post"}],"author":[{"embeddable":true,"href":"https:\/\/www.smedemokrati.sk\/cs\/wp-json\/wp\/v2\/users\/13"}],"replies":[{"embeddable":true,"href":"https:\/\/www.smedemokrati.sk\/cs\/wp-json\/wp\/v2\/comments?post=7256"}],"version-history":[{"count":2,"href":"https:\/\/www.smedemokrati.sk\/cs\/wp-json\/wp\/v2\/posts\/7256\/revisions"}],"predecessor-version":[{"id":7259,"href":"https:\/\/www.smedemokrati.sk\/cs\/wp-json\/wp\/v2\/posts\/7256\/revisions\/7259"}],"wp:featuredmedia":[{"embeddable":true,"href":"https:\/\/www.smedemokrati.sk\/cs\/wp-json\/wp\/v2\/media\/6773"}],"wp:attachment":[{"href":"https:\/\/www.smedemokrati.sk\/cs\/wp-json\/wp\/v2\/media?parent=7256"}],"wp:term":[{"taxonomy":"category","embeddable":true,"href":"https:\/\/www.smedemokrati.sk\/cs\/wp-json\/wp\/v2\/categories?post=7256"},{"taxonomy":"post_tag","embeddable":true,"href":"https:\/\/www.smedemokrati.sk\/cs\/wp-json\/wp\/v2\/tags?post=7256"}],"curies":[{"name":"wp","href":"https:\/\/api.w.org\/{rel}","templated":true}]}}