{"id":7222,"date":"2025-05-14T21:38:40","date_gmt":"2025-05-14T20:38:40","guid":{"rendered":"https:\/\/www.smedemokrati.sk\/?p=7222"},"modified":"2025-05-14T21:38:42","modified_gmt":"2025-05-14T20:38:42","slug":"tarabove-zonacie-narodnych-parkov-v-eu-zeleni-doma-pily","status":"publish","type":"post","link":"https:\/\/www.smedemokrati.sk\/cs\/tarabove-zonacie-narodnych-parkov-v-eu-zeleni-doma-pily\/","title":{"rendered":"Tarabove zon\u00e1cie n\u00e1rodn\u00fdch parkov: V E\u00da zelen\u00ed, doma p\u00edly"},"content":{"rendered":"<div id=\"fb-root\"><\/div>\n\n<p><strong>Demokrati upozor\u0148uj\u00fa na mimoriadne \u0161kodliv\u00e9 n\u00e1vrhy zon\u00e1ci\u00ed n\u00e1rodn\u00fdch parkov, ktor\u00e9 nachystali vych\u00fdren\u00ed ochrancovia pr\u00edrody Taraba s Kuffom. Ke\u010f\u017ee zbabrali v\u00fdkupy pozemkov z pl\u00e1nu obnovy, namiesto nich musia do za\u010diatku bud\u00faceho roka schv\u00e1li\u0165 zon\u00e1cie v\u0161etk\u00fdch n\u00e1rodn\u00fdch parkov ako z\u00e1v\u00e4zn\u00fa reformu pl\u00e1nu obnovy. No Taraba s Kuffom ich nachystali tak, \u017ee v rozpore so znen\u00edm reformy pr\u00edrode nie \u017ee pom\u00f4\u017eu, ale naopak, u\u0161kodia. Naviac, v\u010faka ich neschopnosti nemaj\u00fa z pl\u00e1nu obnovy \u017eiadne peniaze pre ne\u0161t\u00e1tnych vlastn\u00edkov, hoci zon\u00e1cie musia vykon\u00e1va\u0165 aj na ich pozemkoch.\u00a0<\/strong><\/p>\n\n\n\n<p><em>\u201eVl\u00e1da sa v rev\u00edzii pl\u00e1nu obnovy zaviazala dokon\u010di\u0165 najnesk\u00f4r v prvom kvart\u00e1li bud\u00faceho roku v\u0161etky zon\u00e1cie n\u00e1rodn\u00fdch parkov. Pod\u013ea jeho z\u00e1v\u00e4znej \u010dasti mus\u00ed by\u0165 v zon\u00e1ciach zabezpe\u010den\u00e1 prostredn\u00edctvom 5. stup\u0148a (tzv. A z\u00f3na) striktn\u00e1 ochrana lesov, v ktor\u00fdch \u017eije hluch\u00e1\u0148, pralesov a star\u00fdch lesov. N\u00e1vrhy zon\u00e1ci\u00ed Polon\u00edn, Vysok\u00fdch Tatier a Malej Fatry, ktor\u00fdmi disponujeme, v\u0161ak id\u00fa presne opa\u010dne,\u201d<\/em>\u00a0vysvet\u013euje Michal Ki\u010da, enviroexpert Demokratov.<\/p>\n\n\n\n<p>Kuffom \u201cvyrokovan\u00fd\u201d n\u00e1vrh zon\u00e1cie Polon\u00edn striktne chr\u00e1ni len pribli\u017ene 16 % \u00fazemia n\u00e1rodn\u00e9ho parku, hoci odborn\u00fd n\u00e1vrh z roku 2022 sa pribli\u017eoval k 50 %. \u0160okuj\u00faco vylu\u010duje z n\u00e1rodn\u00e9ho parku 1 700 hekt\u00e1rov lokal\u00edt z povodia Stariny, ktor\u00e1 je nenahradite\u013en\u00fdm zdrojom pitnej vody pre 350 000 obyvate\u013eov v\u00fdchodn\u00e9ho Slovenska. Ide pritom \u010diasto\u010dne aj o star\u00e9 lesy, ktor\u00e9 nie\u017ee by mali by\u0165 vy\u0148at\u00e9 z n\u00e1rodn\u00e9ho parku, ale naopak, chr\u00e1nen\u00e9 bezz\u00e1sahov\u00fdm re\u017eimom.&nbsp;<\/p>\n\n\n\n<p>\u0160kandal\u00f3zny je aj n\u00e1vrh zon\u00e1cie Tatransk\u00e9ho n\u00e1rodn\u00e9ho parku. <em>\u201eTen nielen\u017ee nezabezpe\u010duje adekv\u00e1tnu ochranu lokal\u00edt s v\u00fdskytom hluch\u00e1\u0148a najm\u00e4 v z\u00e1padnej \u010dasti, ale bez ak\u00e9hoko\u013evek odborn\u00e9ho d\u00f4vodu mimoriadne oslabuje ochranu pribli\u017ene 900 hekt\u00e1rov vz\u00e1cnych lesov v Jaloveckej a Bobroveckej doline, ktor\u00e9 dosahuj\u00fa kvality pralesov. Kuffa s Tarabom ich v\u0161ak chc\u00fa \u201cchr\u00e1ni\u0165\u201d akoby sa jednalo o parkovisko ved\u013ea nejak\u00e9ho hotela v Smokovci. Tatransk\u00fd n\u00e1rodn\u00fd park mal pod\u013ea odborn\u00e9ho n\u00e1vrhu zon\u00e1cie striktne chr\u00e1ni\u0165 skoro 75 % jeho pr\u00edrody, Kuffova zon\u00e1cia v\u0161ak jeho ochranu dokonca oslabuje oproti s\u00fa\u010dasn\u00e9mu stavu. D\u00f4sledkom nebude len n\u00e1rast \u0165a\u017eby, ale aj riziko pre urb\u00e1re, \u017ee bud\u00fa musie\u0165 vraca\u0165 u\u017e vyplaten\u00e9 st\u00e1tis\u00edce eur na kompenz\u00e1ciach za ne\u0165a\u017eenie,\u201d <\/em>kritizuje Ki\u010da.\u00a0<\/p>\n\n\n\n<p>Dnes zverejnen\u00fd n\u00e1vrh zon\u00e1cie Malej Fatry je rovnako d\u00f4vodom na v\u00e1\u017ene obavy. Op\u00e4\u0165 nere\u0161pektuje odborn\u00fd n\u00e1vrh zon\u00e1cie, ktor\u00fd r\u00e1tal s pr\u00edsnou ochranou na pribli\u017ene 44 % \u00fazemia. Z lokal\u00edt s v\u00fdskytom hluch\u00e1\u0148a chr\u00e1ni len pribli\u017ene 2\/3. Najhor\u0161ie je, \u017ee na ve\u013ekej \u010dasti \u00fazemia umo\u017e\u0148uje nielen \u0165a\u017ebu, ale dokonca ju uv\u00e1dza ako prioritu, \u010do je pre n\u00e1rodn\u00fd park doslova v\u00fdsmechom. Rada n\u00e1rodn\u00e9ho parku e\u0161te v apr\u00edli aj za \u00fa\u010dasti z\u00e1stupcu ministerstva dokonca schv\u00e1lila v\u00fdzvu na de facto zru\u0161enie n\u00e1rodn\u00e9ho parku. Filip Kuffa asi m\u00e1lo lietal vrtu\u013en\u00edkom, ke\u010f jeho i tak neakceptovate\u013en\u00fd n\u00e1vrh zon\u00e1cie odmietli aj urb\u00e1rnici, ktor\u00fdmi sa tak za\u0161ti\u0165uje.&nbsp;<\/p>\n\n\n\n<p><em>\u201eScen\u00e1r Tarabu s Kuffom je prieh\u013eadn\u00fd. Miliardy z pl\u00e1nu obnovy by chceli, ale odmietaj\u00fa dodr\u017ea\u0165 to, na \u010do sa sami zaviazali a chc\u00fa slovenskej pr\u00edrode \u0161kodi\u0165. Nepochybujem, \u017ee ich to dobehne, av\u0161ak \u0161kody sp\u00f4sobia nielen pr\u00edrode, ale ohrozia aj \u010derpanie pl\u00e1nu obnovy. Nehovoriac o bezprostredne hroziacich mili\u00f3nov\u00fdch pokut\u00e1ch pre s\u00fad s hluch\u00e1\u0148om. Vyz\u00fdvam ich, aby n\u00e1vrhy zon\u00e1ci\u00ed prepracovali tak, aby re\u0161pektovali ich vlastn\u00e9 z\u00e1v\u00e4zky. Demokrati uplatnia pripomienky na ochranu n\u00e1rodn\u00fdch parkov a o dvoch tv\u00e1rach vl\u00e1dy bud\u00fa informova\u0165 aj eur\u00f3psku komisiu, aby minimalizovali riziko prepadnutia prostriedkov pl\u00e1nu obnovy,\u201d<\/em>\u00a0uzatv\u00e1ra Michal Ki\u010da. \u00a0<\/p>\n\n\n<div class=\"fb-video\" data-href=\"https:\/\/fb.watch\/zAmO8uLzPx\" data-allowfullscreen=\"true\" data-autoplay=\"false\" data-width=\"\" data-show-text=\"false\" data-show-captions=\"true\"><\/div>\n","protected":false},"excerpt":{"rendered":"<p>Demokrati upozor\u0148uj\u00fa na mimoriadne \u0161kodliv\u00e9 n\u00e1vrhy zon\u00e1ci\u00ed n\u00e1rodn\u00fdch parkov, ktor\u00e9 nachystali vych\u00fdren\u00ed ochrancovia pr\u00edrody Taraba s Kuffom. Ke\u010f\u017ee zbabrali v\u00fdkupy pozemkov z pl\u00e1nu obnovy, namiesto nich musia do za\u010diatku bud\u00faceho roka schv\u00e1li\u0165 zon\u00e1cie v\u0161etk\u00fdch n\u00e1rodn\u00fdch parkov ako z\u00e1v\u00e4zn\u00fa reformu pl\u00e1nu obnovy. No Taraba s Kuffom ich nachystali tak, \u017ee v rozpore so znen\u00edm reformy pr\u00edrode [&hellip;]<\/p>\n","protected":false},"author":13,"featured_media":2928,"comment_status":"closed","ping_status":"closed","sticky":false,"template":"","format":"standard","meta":{"_acf_changed":false,"ngg_post_thumbnail":0,"footnotes":""},"categories":[4],"tags":[],"class_list":["post-7222","post","type-post","status-publish","format-standard","has-post-thumbnail","hentry","category-tlacove-spravy"],"acf":[],"yoast_head":"<!-- This site is optimized with the Yoast SEO plugin v27.2 - https:\/\/yoast.com\/product\/yoast-seo-wordpress\/ -->\n<title>Tarabove zon\u00e1cie n\u00e1rodn\u00fdch parkov: V E\u00da zelen\u00ed, doma p\u00edly<\/title>\n<meta name=\"robots\" content=\"index, follow, max-snippet:-1, max-image-preview:large, max-video-preview:-1\" \/>\n<link rel=\"canonical\" href=\"https:\/\/www.smedemokrati.sk\/cs\/tarabove-zonacie-narodnych-parkov-v-eu-zeleni-doma-pily\/\" \/>\n<meta property=\"og:locale\" content=\"cs_CZ\" \/>\n<meta property=\"og:locale:alternate\" content=\"en_US\" \/>\n<meta property=\"og:locale:alternate\" content=\"hu_HU\" \/>\n<meta property=\"og:locale:alternate\" content=\"sk_SK\" \/>\n<meta property=\"og:locale:alternate\" content=\"sv_SE\" \/>\n<meta property=\"og:type\" content=\"article\" \/>\n<meta property=\"og:title\" content=\"Tarabove zon\u00e1cie n\u00e1rodn\u00fdch parkov: V E\u00da zelen\u00ed, doma p\u00edly\" \/>\n<meta property=\"og:description\" content=\"Demokrati upozor\u0148uj\u00fa na mimoriadne \u0161kodliv\u00e9 n\u00e1vrhy zon\u00e1ci\u00ed n\u00e1rodn\u00fdch parkov, ktor\u00e9 nachystali vych\u00fdren\u00ed ochrancovia pr\u00edrody Taraba s Kuffom. Ke\u010f\u017ee zbabrali v\u00fdkupy pozemkov z pl\u00e1nu obnovy, namiesto nich musia do za\u010diatku bud\u00faceho roka schv\u00e1li\u0165 zon\u00e1cie v\u0161etk\u00fdch n\u00e1rodn\u00fdch parkov ako z\u00e1v\u00e4zn\u00fa reformu pl\u00e1nu obnovy. No Taraba s Kuffom ich nachystali tak, \u017ee v rozpore so znen\u00edm reformy pr\u00edrode [&hellip;]\" \/>\n<meta property=\"og:url\" content=\"https:\/\/www.smedemokrati.sk\/cs\/tarabove-zonacie-narodnych-parkov-v-eu-zeleni-doma-pily\/\" \/>\n<meta property=\"og:site_name\" content=\"Smedemokrati.sk\" \/>\n<meta property=\"article:publisher\" content=\"https:\/\/www.facebook.com\/smedemokrati2023\" \/>\n<meta property=\"article:published_time\" content=\"2025-05-14T20:38:40+00:00\" \/>\n<meta property=\"article:modified_time\" content=\"2025-05-14T20:38:42+00:00\" \/>\n<meta property=\"og:image\" content=\"https:\/\/www.smedemokrati.sk\/wp-content\/uploads\/2024\/03\/robert-fico-tomas-taraba-clanokW.jpg\" \/>\n\t<meta property=\"og:image:width\" content=\"130\" \/>\n\t<meta property=\"og:image:height\" content=\"73\" \/>\n\t<meta property=\"og:image:type\" content=\"image\/jpeg\" \/>\n<meta name=\"author\" content=\"miro.sopko\" \/>\n<meta name=\"twitter:card\" content=\"summary_large_image\" \/>\n<meta name=\"twitter:label1\" content=\"Napsal(a)\" \/>\n\t<meta name=\"twitter:data1\" content=\"miro.sopko\" \/>\n\t<meta name=\"twitter:label2\" content=\"Odhadovan\u00e1 doba \u010dten\u00ed\" \/>\n\t<meta name=\"twitter:data2\" content=\"4 minuty\" \/>\n<script type=\"application\/ld+json\" class=\"yoast-schema-graph\">{\"@context\":\"https:\/\/schema.org\",\"@graph\":[{\"@type\":\"Article\",\"@id\":\"https:\/\/www.smedemokrati.sk\/tarabove-zonacie-narodnych-parkov-v-eu-zeleni-doma-pily\/#article\",\"isPartOf\":{\"@id\":\"https:\/\/www.smedemokrati.sk\/tarabove-zonacie-narodnych-parkov-v-eu-zeleni-doma-pily\/\"},\"author\":{\"name\":\"miro.sopko\",\"@id\":\"https:\/\/www.smedemokrati.sk\/#\/schema\/person\/21f147c88d605aa7ded900e1e7c344ba\"},\"headline\":\"Tarabove zon\u00e1cie n\u00e1rodn\u00fdch parkov: V E\u00da zelen\u00ed, doma p\u00edly\",\"datePublished\":\"2025-05-14T20:38:40+00:00\",\"dateModified\":\"2025-05-14T20:38:42+00:00\",\"mainEntityOfPage\":{\"@id\":\"https:\/\/www.smedemokrati.sk\/tarabove-zonacie-narodnych-parkov-v-eu-zeleni-doma-pily\/\"},\"wordCount\":730,\"publisher\":{\"@id\":\"https:\/\/www.smedemokrati.sk\/#organization\"},\"image\":{\"@id\":\"https:\/\/www.smedemokrati.sk\/tarabove-zonacie-narodnych-parkov-v-eu-zeleni-doma-pily\/#primaryimage\"},\"thumbnailUrl\":\"https:\/\/www.smedemokrati.sk\/wp-content\/uploads\/2024\/03\/robert-fico-tomas-taraba-clanokW.jpg\",\"articleSection\":[\"Tla\u010dov\u00e9 spr\u00e1vy\"],\"inLanguage\":\"cs-CZ\"},{\"@type\":\"WebPage\",\"@id\":\"https:\/\/www.smedemokrati.sk\/tarabove-zonacie-narodnych-parkov-v-eu-zeleni-doma-pily\/\",\"url\":\"https:\/\/www.smedemokrati.sk\/tarabove-zonacie-narodnych-parkov-v-eu-zeleni-doma-pily\/\",\"name\":\"Tarabove zon\u00e1cie n\u00e1rodn\u00fdch parkov: V E\u00da zelen\u00ed, doma p\u00edly\",\"isPartOf\":{\"@id\":\"https:\/\/www.smedemokrati.sk\/#website\"},\"primaryImageOfPage\":{\"@id\":\"https:\/\/www.smedemokrati.sk\/tarabove-zonacie-narodnych-parkov-v-eu-zeleni-doma-pily\/#primaryimage\"},\"image\":{\"@id\":\"https:\/\/www.smedemokrati.sk\/tarabove-zonacie-narodnych-parkov-v-eu-zeleni-doma-pily\/#primaryimage\"},\"thumbnailUrl\":\"https:\/\/www.smedemokrati.sk\/wp-content\/uploads\/2024\/03\/robert-fico-tomas-taraba-clanokW.jpg\",\"datePublished\":\"2025-05-14T20:38:40+00:00\",\"dateModified\":\"2025-05-14T20:38:42+00:00\",\"breadcrumb\":{\"@id\":\"https:\/\/www.smedemokrati.sk\/tarabove-zonacie-narodnych-parkov-v-eu-zeleni-doma-pily\/#breadcrumb\"},\"inLanguage\":\"cs-CZ\",\"potentialAction\":[{\"@type\":\"ReadAction\",\"target\":[\"https:\/\/www.smedemokrati.sk\/tarabove-zonacie-narodnych-parkov-v-eu-zeleni-doma-pily\/\"]}]},{\"@type\":\"ImageObject\",\"inLanguage\":\"cs-CZ\",\"@id\":\"https:\/\/www.smedemokrati.sk\/tarabove-zonacie-narodnych-parkov-v-eu-zeleni-doma-pily\/#primaryimage\",\"url\":\"https:\/\/www.smedemokrati.sk\/wp-content\/uploads\/2024\/03\/robert-fico-tomas-taraba-clanokW.jpg\",\"contentUrl\":\"https:\/\/www.smedemokrati.sk\/wp-content\/uploads\/2024\/03\/robert-fico-tomas-taraba-clanokW.jpg\",\"width\":130,\"height\":73},{\"@type\":\"BreadcrumbList\",\"@id\":\"https:\/\/www.smedemokrati.sk\/tarabove-zonacie-narodnych-parkov-v-eu-zeleni-doma-pily\/#breadcrumb\",\"itemListElement\":[{\"@type\":\"ListItem\",\"position\":1,\"name\":\"Domovsk\u00e1 str\u00e1nka\",\"item\":\"https:\/\/www.smedemokrati.sk\/\"},{\"@type\":\"ListItem\",\"position\":2,\"name\":\"Tarabove zon\u00e1cie n\u00e1rodn\u00fdch parkov: V E\u00da zelen\u00ed, doma p\u00edly\"}]},{\"@type\":\"WebSite\",\"@id\":\"https:\/\/www.smedemokrati.sk\/#website\",\"url\":\"https:\/\/www.smedemokrati.sk\/\",\"name\":\"Smedemokrati.sk\",\"description\":\"Demokracia a slu\u0161nos\u0165 zv\u00ed\u0165az\u00ed\",\"publisher\":{\"@id\":\"https:\/\/www.smedemokrati.sk\/#organization\"},\"potentialAction\":[{\"@type\":\"SearchAction\",\"target\":{\"@type\":\"EntryPoint\",\"urlTemplate\":\"https:\/\/www.smedemokrati.sk\/?s={search_term_string}\"},\"query-input\":{\"@type\":\"PropertyValueSpecification\",\"valueRequired\":true,\"valueName\":\"search_term_string\"}}],\"inLanguage\":\"cs-CZ\"},{\"@type\":\"Organization\",\"@id\":\"https:\/\/www.smedemokrati.sk\/#organization\",\"name\":\"Smedemokrati.sk\",\"url\":\"https:\/\/www.smedemokrati.sk\/\",\"logo\":{\"@type\":\"ImageObject\",\"inLanguage\":\"cs-CZ\",\"@id\":\"https:\/\/www.smedemokrati.sk\/#\/schema\/logo\/image\/\",\"url\":\"https:\/\/www.smedemokrati.sk\/wp-content\/uploads\/2023\/04\/ff.002.jpeg\",\"contentUrl\":\"https:\/\/www.smedemokrati.sk\/wp-content\/uploads\/2023\/04\/ff.002.jpeg\",\"width\":640,\"height\":480,\"caption\":\"Smedemokrati.sk\"},\"image\":{\"@id\":\"https:\/\/www.smedemokrati.sk\/#\/schema\/logo\/image\/\"},\"sameAs\":[\"https:\/\/www.facebook.com\/smedemokrati2023\"]},{\"@type\":\"Person\",\"@id\":\"https:\/\/www.smedemokrati.sk\/#\/schema\/person\/21f147c88d605aa7ded900e1e7c344ba\",\"name\":\"miro.sopko\",\"image\":{\"@type\":\"ImageObject\",\"inLanguage\":\"cs-CZ\",\"@id\":\"https:\/\/secure.gravatar.com\/avatar\/267e4a36f704376c109afe3a78740c1f5dd8675a2180a908699e7863c9247606?s=96&d=mm&r=g\",\"url\":\"https:\/\/secure.gravatar.com\/avatar\/267e4a36f704376c109afe3a78740c1f5dd8675a2180a908699e7863c9247606?s=96&d=mm&r=g\",\"contentUrl\":\"https:\/\/secure.gravatar.com\/avatar\/267e4a36f704376c109afe3a78740c1f5dd8675a2180a908699e7863c9247606?s=96&d=mm&r=g\",\"caption\":\"miro.sopko\"},\"url\":\"https:\/\/www.smedemokrati.sk\/cs\/author\/miro-sopko\/\"}]}<\/script>\n<!-- \/ Yoast SEO plugin. -->","yoast_head_json":{"title":"Tarabove zon\u00e1cie n\u00e1rodn\u00fdch parkov: V E\u00da zelen\u00ed, doma p\u00edly","robots":{"index":"index","follow":"follow","max-snippet":"max-snippet:-1","max-image-preview":"max-image-preview:large","max-video-preview":"max-video-preview:-1"},"canonical":"https:\/\/www.smedemokrati.sk\/cs\/tarabove-zonacie-narodnych-parkov-v-eu-zeleni-doma-pily\/","og_locale":"cs_CZ","og_type":"article","og_title":"[:sk]Tarabove zon\u00e1cie n\u00e1rodn\u00fdch parkov: V E\u00da zelen\u00ed, doma p\u00edly[:] - Smedemokrati.sk","og_description":"Demokrati upozor\u0148uj\u00fa na mimoriadne \u0161kodliv\u00e9 n\u00e1vrhy zon\u00e1ci\u00ed n\u00e1rodn\u00fdch parkov, ktor\u00e9 nachystali vych\u00fdren\u00ed ochrancovia pr\u00edrody Taraba s Kuffom. Ke\u010f\u017ee zbabrali v\u00fdkupy pozemkov z pl\u00e1nu obnovy, namiesto nich musia do za\u010diatku bud\u00faceho roka schv\u00e1li\u0165 zon\u00e1cie v\u0161etk\u00fdch n\u00e1rodn\u00fdch parkov ako z\u00e1v\u00e4zn\u00fa reformu pl\u00e1nu obnovy. No Taraba s Kuffom ich nachystali tak, \u017ee v rozpore so znen\u00edm reformy pr\u00edrode [&hellip;]","og_url":"https:\/\/www.smedemokrati.sk\/cs\/tarabove-zonacie-narodnych-parkov-v-eu-zeleni-doma-pily\/","og_site_name":"Smedemokrati.sk","article_publisher":"https:\/\/www.facebook.com\/smedemokrati2023","article_published_time":"2025-05-14T20:38:40+00:00","article_modified_time":"2025-05-14T20:38:42+00:00","og_image":[{"width":130,"height":73,"url":"https:\/\/www.smedemokrati.sk\/wp-content\/uploads\/2024\/03\/robert-fico-tomas-taraba-clanokW.jpg","type":"image\/jpeg"}],"author":"miro.sopko","twitter_card":"summary_large_image","twitter_misc":{"Napsal(a)":"miro.sopko","Odhadovan\u00e1 doba \u010dten\u00ed":"4 minuty"},"schema":{"@context":"https:\/\/schema.org","@graph":[{"@type":"Article","@id":"https:\/\/www.smedemokrati.sk\/tarabove-zonacie-narodnych-parkov-v-eu-zeleni-doma-pily\/#article","isPartOf":{"@id":"https:\/\/www.smedemokrati.sk\/tarabove-zonacie-narodnych-parkov-v-eu-zeleni-doma-pily\/"},"author":{"name":"miro.sopko","@id":"https:\/\/www.smedemokrati.sk\/#\/schema\/person\/21f147c88d605aa7ded900e1e7c344ba"},"headline":"Tarabove zon\u00e1cie n\u00e1rodn\u00fdch parkov: V E\u00da zelen\u00ed, doma p\u00edly","datePublished":"2025-05-14T20:38:40+00:00","dateModified":"2025-05-14T20:38:42+00:00","mainEntityOfPage":{"@id":"https:\/\/www.smedemokrati.sk\/tarabove-zonacie-narodnych-parkov-v-eu-zeleni-doma-pily\/"},"wordCount":730,"publisher":{"@id":"https:\/\/www.smedemokrati.sk\/#organization"},"image":{"@id":"https:\/\/www.smedemokrati.sk\/tarabove-zonacie-narodnych-parkov-v-eu-zeleni-doma-pily\/#primaryimage"},"thumbnailUrl":"https:\/\/www.smedemokrati.sk\/wp-content\/uploads\/2024\/03\/robert-fico-tomas-taraba-clanokW.jpg","articleSection":["Tla\u010dov\u00e9 spr\u00e1vy"],"inLanguage":"cs-CZ"},{"@type":"WebPage","@id":"https:\/\/www.smedemokrati.sk\/tarabove-zonacie-narodnych-parkov-v-eu-zeleni-doma-pily\/","url":"https:\/\/www.smedemokrati.sk\/tarabove-zonacie-narodnych-parkov-v-eu-zeleni-doma-pily\/","name":"Tarabove zon\u00e1cie n\u00e1rodn\u00fdch parkov: V E\u00da zelen\u00ed, doma p\u00edly","isPartOf":{"@id":"https:\/\/www.smedemokrati.sk\/#website"},"primaryImageOfPage":{"@id":"https:\/\/www.smedemokrati.sk\/tarabove-zonacie-narodnych-parkov-v-eu-zeleni-doma-pily\/#primaryimage"},"image":{"@id":"https:\/\/www.smedemokrati.sk\/tarabove-zonacie-narodnych-parkov-v-eu-zeleni-doma-pily\/#primaryimage"},"thumbnailUrl":"https:\/\/www.smedemokrati.sk\/wp-content\/uploads\/2024\/03\/robert-fico-tomas-taraba-clanokW.jpg","datePublished":"2025-05-14T20:38:40+00:00","dateModified":"2025-05-14T20:38:42+00:00","breadcrumb":{"@id":"https:\/\/www.smedemokrati.sk\/tarabove-zonacie-narodnych-parkov-v-eu-zeleni-doma-pily\/#breadcrumb"},"inLanguage":"cs-CZ","potentialAction":[{"@type":"ReadAction","target":["https:\/\/www.smedemokrati.sk\/tarabove-zonacie-narodnych-parkov-v-eu-zeleni-doma-pily\/"]}]},{"@type":"ImageObject","inLanguage":"cs-CZ","@id":"https:\/\/www.smedemokrati.sk\/tarabove-zonacie-narodnych-parkov-v-eu-zeleni-doma-pily\/#primaryimage","url":"https:\/\/www.smedemokrati.sk\/wp-content\/uploads\/2024\/03\/robert-fico-tomas-taraba-clanokW.jpg","contentUrl":"https:\/\/www.smedemokrati.sk\/wp-content\/uploads\/2024\/03\/robert-fico-tomas-taraba-clanokW.jpg","width":130,"height":73},{"@type":"BreadcrumbList","@id":"https:\/\/www.smedemokrati.sk\/tarabove-zonacie-narodnych-parkov-v-eu-zeleni-doma-pily\/#breadcrumb","itemListElement":[{"@type":"ListItem","position":1,"name":"Domovsk\u00e1 str\u00e1nka","item":"https:\/\/www.smedemokrati.sk\/"},{"@type":"ListItem","position":2,"name":"Tarabove zon\u00e1cie n\u00e1rodn\u00fdch parkov: V E\u00da zelen\u00ed, doma p\u00edly"}]},{"@type":"WebSite","@id":"https:\/\/www.smedemokrati.sk\/#website","url":"https:\/\/www.smedemokrati.sk\/","name":"Smedemokrati.sk","description":"Demokracia a slu\u0161nos\u0165 zv\u00ed\u0165az\u00ed","publisher":{"@id":"https:\/\/www.smedemokrati.sk\/#organization"},"potentialAction":[{"@type":"SearchAction","target":{"@type":"EntryPoint","urlTemplate":"https:\/\/www.smedemokrati.sk\/?s={search_term_string}"},"query-input":{"@type":"PropertyValueSpecification","valueRequired":true,"valueName":"search_term_string"}}],"inLanguage":"cs-CZ"},{"@type":"Organization","@id":"https:\/\/www.smedemokrati.sk\/#organization","name":"Smedemokrati.sk","url":"https:\/\/www.smedemokrati.sk\/","logo":{"@type":"ImageObject","inLanguage":"cs-CZ","@id":"https:\/\/www.smedemokrati.sk\/#\/schema\/logo\/image\/","url":"https:\/\/www.smedemokrati.sk\/wp-content\/uploads\/2023\/04\/ff.002.jpeg","contentUrl":"https:\/\/www.smedemokrati.sk\/wp-content\/uploads\/2023\/04\/ff.002.jpeg","width":640,"height":480,"caption":"Smedemokrati.sk"},"image":{"@id":"https:\/\/www.smedemokrati.sk\/#\/schema\/logo\/image\/"},"sameAs":["https:\/\/www.facebook.com\/smedemokrati2023"]},{"@type":"Person","@id":"https:\/\/www.smedemokrati.sk\/#\/schema\/person\/21f147c88d605aa7ded900e1e7c344ba","name":"miro.sopko","image":{"@type":"ImageObject","inLanguage":"cs-CZ","@id":"https:\/\/secure.gravatar.com\/avatar\/267e4a36f704376c109afe3a78740c1f5dd8675a2180a908699e7863c9247606?s=96&d=mm&r=g","url":"https:\/\/secure.gravatar.com\/avatar\/267e4a36f704376c109afe3a78740c1f5dd8675a2180a908699e7863c9247606?s=96&d=mm&r=g","contentUrl":"https:\/\/secure.gravatar.com\/avatar\/267e4a36f704376c109afe3a78740c1f5dd8675a2180a908699e7863c9247606?s=96&d=mm&r=g","caption":"miro.sopko"},"url":"https:\/\/www.smedemokrati.sk\/cs\/author\/miro-sopko\/"}]}},"_links":{"self":[{"href":"https:\/\/www.smedemokrati.sk\/cs\/wp-json\/wp\/v2\/posts\/7222","targetHints":{"allow":["GET"]}}],"collection":[{"href":"https:\/\/www.smedemokrati.sk\/cs\/wp-json\/wp\/v2\/posts"}],"about":[{"href":"https:\/\/www.smedemokrati.sk\/cs\/wp-json\/wp\/v2\/types\/post"}],"author":[{"embeddable":true,"href":"https:\/\/www.smedemokrati.sk\/cs\/wp-json\/wp\/v2\/users\/13"}],"replies":[{"embeddable":true,"href":"https:\/\/www.smedemokrati.sk\/cs\/wp-json\/wp\/v2\/comments?post=7222"}],"version-history":[{"count":1,"href":"https:\/\/www.smedemokrati.sk\/cs\/wp-json\/wp\/v2\/posts\/7222\/revisions"}],"predecessor-version":[{"id":7223,"href":"https:\/\/www.smedemokrati.sk\/cs\/wp-json\/wp\/v2\/posts\/7222\/revisions\/7223"}],"wp:featuredmedia":[{"embeddable":true,"href":"https:\/\/www.smedemokrati.sk\/cs\/wp-json\/wp\/v2\/media\/2928"}],"wp:attachment":[{"href":"https:\/\/www.smedemokrati.sk\/cs\/wp-json\/wp\/v2\/media?parent=7222"}],"wp:term":[{"taxonomy":"category","embeddable":true,"href":"https:\/\/www.smedemokrati.sk\/cs\/wp-json\/wp\/v2\/categories?post=7222"},{"taxonomy":"post_tag","embeddable":true,"href":"https:\/\/www.smedemokrati.sk\/cs\/wp-json\/wp\/v2\/tags?post=7222"}],"curies":[{"name":"wp","href":"https:\/\/api.w.org\/{rel}","templated":true}]}}