{"id":719,"date":"2023-04-26T09:12:18","date_gmt":"2023-04-26T07:12:18","guid":{"rendered":"https:\/\/www.smedemokrati.sk\/?p=719"},"modified":"2023-04-26T09:14:49","modified_gmt":"2023-04-26T07:14:49","slug":"je-cas-postavit-sa-a-branit-demokraciu","status":"publish","type":"post","link":"https:\/\/www.smedemokrati.sk\/cs\/je-cas-postavit-sa-a-branit-demokraciu\/","title":{"rendered":"Je \u010das postavi\u0165 sa a br\u00e1ni\u0165 demokraciu"},"content":{"rendered":"<div id=\"fb-root\"><\/div>\n\n<p><\/p>\n\n\n\n<p>Robert Fico sa neleg\u00e1lnym \u0161\u00edren\u00edm zmanipulovan\u00fdch nahr\u00e1vok sna\u017e\u00ed podkop\u00e1va\u0165 z\u00e1klady pr\u00e1vneho \u0161t\u00e1tu, preto\u017ee vie, \u017ee pred spravodlivos\u0165ou ho zachr\u00e1ni u\u017e iba zvrhnutie demokracie.<\/p>\n\n\n\n<p>Dnes sme gener\u00e1lneho prokur\u00e1tora Maro\u0161a \u017dilinku vyzvali, aby sa kone\u010dne k t\u00fdmto nahr\u00e1vkam vyjadril.<\/p>\n\n\n\n<p><a><\/a>Strana Demokrati bude v\u017edy st\u00e1\u0165 na strane \u010destn\u00fdch vy\u0161etrovate\u013eov, sudcov, prokur\u00e1torov, ale aj novin\u00e1rov a ob\u010dianskej spolo\u010dnosti a h\u00e1ji\u0165 ich pr\u00e1va. Preto\u017ee pr\u00e1ve oni dnes najviac poci\u0165uj\u00fa Ficov hnev a chu\u0165 po pomste.<\/p>\n\n\n\n<p>PROKURAT\u00daRA U\u017d VO VECI FICOVEJ MANIPUL\u00c1CIE NAHR\u00c1VOK KON\u00c1.<\/p>\n\n\n\n<p>Pod\u013ea reakcie, ktor\u00fa zverejnila RTVS, gener\u00e1lna prokurat\u00fara u\u017e v tejto veci kon\u00e1. Budeme pozorne sledova\u0165, \u010di bude p\u00e1n \u017dilinka rovnako akt\u00edvny, ako ke\u010f pre\u0161etroval \u201cpo\u0161kodenie\u201d cintor\u00ednu v Ladom\u00edrovej, ktor\u00e9 sa nakoniec uk\u00e1zalo ako hoax, \u0161\u00edren\u00fd rusk\u00fdmi propagandistami.<\/p>\n\n\n\n<p>Nestr\u00e1cajme n\u00e1dej, demokracia a slu\u0161nos\u0165 v septembrov\u00fdch vo\u013eb\u00e1ch zv\u00ed\u0165az\u00ed. D\u00e1me to!<\/p>\n\n\n\n<p><\/p>\n\n\n\n<p><\/p>\n\n\n\n<figure class=\"wp-block-video\"><video height=\"1080\" style=\"aspect-ratio: 1080 \/ 1080;\" width=\"1080\" controls src=\"https:\/\/www.smedemokrati.sk\/wp-content\/uploads\/2023\/04\/Fico-paci-sa-mi-to-square.mp4\"><\/video><\/figure>\n","protected":false},"excerpt":{"rendered":"<p>Robert Fico sa neleg\u00e1lnym \u0161\u00edren\u00edm zmanipulovan\u00fdch nahr\u00e1vok sna\u017e\u00ed podkop\u00e1va\u0165 z\u00e1klady pr\u00e1vneho \u0161t\u00e1tu, preto\u017ee vie, \u017ee pred spravodlivos\u0165ou ho zachr\u00e1ni u\u017e iba zvrhnutie demokracie. Dnes sme gener\u00e1lneho prokur\u00e1tora Maro\u0161a \u017dilinku vyzvali, aby sa kone\u010dne k t\u00fdmto nahr\u00e1vkam vyjadril. Strana Demokrati bude v\u017edy st\u00e1\u0165 na strane \u010destn\u00fdch vy\u0161etrovate\u013eov, sudcov, prokur\u00e1torov, ale aj novin\u00e1rov a ob\u010dianskej spolo\u010dnosti a [&hellip;]<\/p>\n","protected":false},"author":3,"featured_media":720,"comment_status":"closed","ping_status":"closed","sticky":false,"template":"","format":"standard","meta":{"_acf_changed":false,"ngg_post_thumbnail":0,"footnotes":""},"categories":[4],"tags":[],"class_list":["post-719","post","type-post","status-publish","format-standard","has-post-thumbnail","hentry","category-tlacove-spravy"],"acf":[],"yoast_head":"<!-- This site is optimized with the Yoast SEO plugin v27.2 - https:\/\/yoast.com\/product\/yoast-seo-wordpress\/ -->\n<title>Je \u010das postavi\u0165 sa a br\u00e1ni\u0165 demokraciu - Smedemokrati.sk<\/title>\n<meta name=\"robots\" content=\"index, follow, max-snippet:-1, max-image-preview:large, max-video-preview:-1\" \/>\n<link rel=\"canonical\" href=\"https:\/\/www.smedemokrati.sk\/cs\/je-cas-postavit-sa-a-branit-demokraciu\/\" \/>\n<meta property=\"og:locale\" content=\"cs_CZ\" \/>\n<meta property=\"og:locale:alternate\" content=\"en_US\" \/>\n<meta property=\"og:locale:alternate\" content=\"hu_HU\" \/>\n<meta property=\"og:locale:alternate\" content=\"sk_SK\" \/>\n<meta property=\"og:locale:alternate\" content=\"sv_SE\" \/>\n<meta property=\"og:type\" content=\"article\" \/>\n<meta property=\"og:title\" content=\"Je \u010das postavi\u0165 sa a br\u00e1ni\u0165 demokraciu - Smedemokrati.sk\" \/>\n<meta property=\"og:description\" content=\"Robert Fico sa neleg\u00e1lnym \u0161\u00edren\u00edm zmanipulovan\u00fdch nahr\u00e1vok sna\u017e\u00ed podkop\u00e1va\u0165 z\u00e1klady pr\u00e1vneho \u0161t\u00e1tu, preto\u017ee vie, \u017ee pred spravodlivos\u0165ou ho zachr\u00e1ni u\u017e iba zvrhnutie demokracie. Dnes sme gener\u00e1lneho prokur\u00e1tora Maro\u0161a \u017dilinku vyzvali, aby sa kone\u010dne k t\u00fdmto nahr\u00e1vkam vyjadril. Strana Demokrati bude v\u017edy st\u00e1\u0165 na strane \u010destn\u00fdch vy\u0161etrovate\u013eov, sudcov, prokur\u00e1torov, ale aj novin\u00e1rov a ob\u010dianskej spolo\u010dnosti a [&hellip;]\" \/>\n<meta property=\"og:url\" content=\"https:\/\/www.smedemokrati.sk\/cs\/je-cas-postavit-sa-a-branit-demokraciu\/\" \/>\n<meta property=\"og:site_name\" content=\"Smedemokrati.sk\" \/>\n<meta property=\"article:publisher\" content=\"https:\/\/www.facebook.com\/smedemokrati2023\" \/>\n<meta property=\"article:published_time\" content=\"2023-04-26T07:12:18+00:00\" \/>\n<meta property=\"article:modified_time\" content=\"2023-04-26T07:14:49+00:00\" \/>\n<meta property=\"og:image\" content=\"https:\/\/www.smedemokrati.sk\/wp-content\/uploads\/2023\/04\/signal-2023-04-25-164907_002.jpeg\" \/>\n\t<meta property=\"og:image:width\" content=\"1600\" \/>\n\t<meta property=\"og:image:height\" content=\"1540\" \/>\n\t<meta property=\"og:image:type\" content=\"image\/jpeg\" \/>\n<meta name=\"author\" content=\"maros\" \/>\n<meta name=\"twitter:card\" content=\"summary_large_image\" \/>\n<meta name=\"twitter:label1\" content=\"Napsal(a)\" \/>\n\t<meta name=\"twitter:data1\" content=\"maros\" \/>\n\t<meta name=\"twitter:label2\" content=\"Odhadovan\u00e1 doba \u010dten\u00ed\" \/>\n\t<meta name=\"twitter:data2\" content=\"1 minuta\" \/>\n<script type=\"application\/ld+json\" class=\"yoast-schema-graph\">{\"@context\":\"https:\/\/schema.org\",\"@graph\":[{\"@type\":\"Article\",\"@id\":\"https:\/\/www.smedemokrati.sk\/je-cas-postavit-sa-a-branit-demokraciu\/#article\",\"isPartOf\":{\"@id\":\"https:\/\/www.smedemokrati.sk\/je-cas-postavit-sa-a-branit-demokraciu\/\"},\"author\":{\"name\":\"maros\",\"@id\":\"https:\/\/www.smedemokrati.sk\/#\/schema\/person\/bd0990e764a2ab0275700db075c868f2\"},\"headline\":\"Je \u010das postavi\u0165 sa a br\u00e1ni\u0165 demokraciu\",\"datePublished\":\"2023-04-26T07:12:18+00:00\",\"dateModified\":\"2023-04-26T07:14:49+00:00\",\"mainEntityOfPage\":{\"@id\":\"https:\/\/www.smedemokrati.sk\/je-cas-postavit-sa-a-branit-demokraciu\/\"},\"wordCount\":186,\"publisher\":{\"@id\":\"https:\/\/www.smedemokrati.sk\/#organization\"},\"image\":{\"@id\":\"https:\/\/www.smedemokrati.sk\/je-cas-postavit-sa-a-branit-demokraciu\/#primaryimage\"},\"thumbnailUrl\":\"https:\/\/www.smedemokrati.sk\/wp-content\/uploads\/2023\/04\/signal-2023-04-25-164907_002.jpeg\",\"articleSection\":[\"Tla\u010dov\u00e9 spr\u00e1vy\"],\"inLanguage\":\"cs-CZ\"},{\"@type\":\"WebPage\",\"@id\":\"https:\/\/www.smedemokrati.sk\/je-cas-postavit-sa-a-branit-demokraciu\/\",\"url\":\"https:\/\/www.smedemokrati.sk\/je-cas-postavit-sa-a-branit-demokraciu\/\",\"name\":\"Je \u010das postavi\u0165 sa a br\u00e1ni\u0165 demokraciu - Smedemokrati.sk\",\"isPartOf\":{\"@id\":\"https:\/\/www.smedemokrati.sk\/#website\"},\"primaryImageOfPage\":{\"@id\":\"https:\/\/www.smedemokrati.sk\/je-cas-postavit-sa-a-branit-demokraciu\/#primaryimage\"},\"image\":{\"@id\":\"https:\/\/www.smedemokrati.sk\/je-cas-postavit-sa-a-branit-demokraciu\/#primaryimage\"},\"thumbnailUrl\":\"https:\/\/www.smedemokrati.sk\/wp-content\/uploads\/2023\/04\/signal-2023-04-25-164907_002.jpeg\",\"datePublished\":\"2023-04-26T07:12:18+00:00\",\"dateModified\":\"2023-04-26T07:14:49+00:00\",\"breadcrumb\":{\"@id\":\"https:\/\/www.smedemokrati.sk\/je-cas-postavit-sa-a-branit-demokraciu\/#breadcrumb\"},\"inLanguage\":\"cs-CZ\",\"potentialAction\":[{\"@type\":\"ReadAction\",\"target\":[\"https:\/\/www.smedemokrati.sk\/je-cas-postavit-sa-a-branit-demokraciu\/\"]}]},{\"@type\":\"ImageObject\",\"inLanguage\":\"cs-CZ\",\"@id\":\"https:\/\/www.smedemokrati.sk\/je-cas-postavit-sa-a-branit-demokraciu\/#primaryimage\",\"url\":\"https:\/\/www.smedemokrati.sk\/wp-content\/uploads\/2023\/04\/signal-2023-04-25-164907_002.jpeg\",\"contentUrl\":\"https:\/\/www.smedemokrati.sk\/wp-content\/uploads\/2023\/04\/signal-2023-04-25-164907_002.jpeg\",\"width\":1600,\"height\":1540},{\"@type\":\"BreadcrumbList\",\"@id\":\"https:\/\/www.smedemokrati.sk\/je-cas-postavit-sa-a-branit-demokraciu\/#breadcrumb\",\"itemListElement\":[{\"@type\":\"ListItem\",\"position\":1,\"name\":\"Domovsk\u00e1 str\u00e1nka\",\"item\":\"https:\/\/www.smedemokrati.sk\/\"},{\"@type\":\"ListItem\",\"position\":2,\"name\":\"Je \u010das postavi\u0165 sa a br\u00e1ni\u0165 demokraciu\"}]},{\"@type\":\"WebSite\",\"@id\":\"https:\/\/www.smedemokrati.sk\/#website\",\"url\":\"https:\/\/www.smedemokrati.sk\/\",\"name\":\"Smedemokrati.sk\",\"description\":\"Demokracia a slu\u0161nos\u0165 zv\u00ed\u0165az\u00ed\",\"publisher\":{\"@id\":\"https:\/\/www.smedemokrati.sk\/#organization\"},\"potentialAction\":[{\"@type\":\"SearchAction\",\"target\":{\"@type\":\"EntryPoint\",\"urlTemplate\":\"https:\/\/www.smedemokrati.sk\/?s={search_term_string}\"},\"query-input\":{\"@type\":\"PropertyValueSpecification\",\"valueRequired\":true,\"valueName\":\"search_term_string\"}}],\"inLanguage\":\"cs-CZ\"},{\"@type\":\"Organization\",\"@id\":\"https:\/\/www.smedemokrati.sk\/#organization\",\"name\":\"Smedemokrati.sk\",\"url\":\"https:\/\/www.smedemokrati.sk\/\",\"logo\":{\"@type\":\"ImageObject\",\"inLanguage\":\"cs-CZ\",\"@id\":\"https:\/\/www.smedemokrati.sk\/#\/schema\/logo\/image\/\",\"url\":\"https:\/\/www.smedemokrati.sk\/wp-content\/uploads\/2023\/04\/ff.002.jpeg\",\"contentUrl\":\"https:\/\/www.smedemokrati.sk\/wp-content\/uploads\/2023\/04\/ff.002.jpeg\",\"width\":640,\"height\":480,\"caption\":\"Smedemokrati.sk\"},\"image\":{\"@id\":\"https:\/\/www.smedemokrati.sk\/#\/schema\/logo\/image\/\"},\"sameAs\":[\"https:\/\/www.facebook.com\/smedemokrati2023\"]},{\"@type\":\"Person\",\"@id\":\"https:\/\/www.smedemokrati.sk\/#\/schema\/person\/bd0990e764a2ab0275700db075c868f2\",\"name\":\"maros\",\"image\":{\"@type\":\"ImageObject\",\"inLanguage\":\"cs-CZ\",\"@id\":\"https:\/\/secure.gravatar.com\/avatar\/d4ec49d1719a815fbf0afdd518c9c759c1998fab3d944dc1e3be24ba4218e4ef?s=96&d=mm&r=g\",\"url\":\"https:\/\/secure.gravatar.com\/avatar\/d4ec49d1719a815fbf0afdd518c9c759c1998fab3d944dc1e3be24ba4218e4ef?s=96&d=mm&r=g\",\"contentUrl\":\"https:\/\/secure.gravatar.com\/avatar\/d4ec49d1719a815fbf0afdd518c9c759c1998fab3d944dc1e3be24ba4218e4ef?s=96&d=mm&r=g\",\"caption\":\"maros\"},\"url\":\"https:\/\/www.smedemokrati.sk\/cs\/author\/maros\/\"}]}<\/script>\n<!-- \/ Yoast SEO plugin. -->","yoast_head_json":{"title":"Je \u010das postavi\u0165 sa a br\u00e1ni\u0165 demokraciu - Smedemokrati.sk","robots":{"index":"index","follow":"follow","max-snippet":"max-snippet:-1","max-image-preview":"max-image-preview:large","max-video-preview":"max-video-preview:-1"},"canonical":"https:\/\/www.smedemokrati.sk\/cs\/je-cas-postavit-sa-a-branit-demokraciu\/","og_locale":"cs_CZ","og_type":"article","og_title":"Je \u010das postavi\u0165 sa a br\u00e1ni\u0165 demokraciu - Smedemokrati.sk","og_description":"Robert Fico sa neleg\u00e1lnym \u0161\u00edren\u00edm zmanipulovan\u00fdch nahr\u00e1vok sna\u017e\u00ed podkop\u00e1va\u0165 z\u00e1klady pr\u00e1vneho \u0161t\u00e1tu, preto\u017ee vie, \u017ee pred spravodlivos\u0165ou ho zachr\u00e1ni u\u017e iba zvrhnutie demokracie. Dnes sme gener\u00e1lneho prokur\u00e1tora Maro\u0161a \u017dilinku vyzvali, aby sa kone\u010dne k t\u00fdmto nahr\u00e1vkam vyjadril. Strana Demokrati bude v\u017edy st\u00e1\u0165 na strane \u010destn\u00fdch vy\u0161etrovate\u013eov, sudcov, prokur\u00e1torov, ale aj novin\u00e1rov a ob\u010dianskej spolo\u010dnosti a [&hellip;]","og_url":"https:\/\/www.smedemokrati.sk\/cs\/je-cas-postavit-sa-a-branit-demokraciu\/","og_site_name":"Smedemokrati.sk","article_publisher":"https:\/\/www.facebook.com\/smedemokrati2023","article_published_time":"2023-04-26T07:12:18+00:00","article_modified_time":"2023-04-26T07:14:49+00:00","og_image":[{"width":1600,"height":1540,"url":"https:\/\/www.smedemokrati.sk\/wp-content\/uploads\/2023\/04\/signal-2023-04-25-164907_002.jpeg","type":"image\/jpeg"}],"author":"maros","twitter_card":"summary_large_image","twitter_misc":{"Napsal(a)":"maros","Odhadovan\u00e1 doba \u010dten\u00ed":"1 minuta"},"schema":{"@context":"https:\/\/schema.org","@graph":[{"@type":"Article","@id":"https:\/\/www.smedemokrati.sk\/je-cas-postavit-sa-a-branit-demokraciu\/#article","isPartOf":{"@id":"https:\/\/www.smedemokrati.sk\/je-cas-postavit-sa-a-branit-demokraciu\/"},"author":{"name":"maros","@id":"https:\/\/www.smedemokrati.sk\/#\/schema\/person\/bd0990e764a2ab0275700db075c868f2"},"headline":"Je \u010das postavi\u0165 sa a br\u00e1ni\u0165 demokraciu","datePublished":"2023-04-26T07:12:18+00:00","dateModified":"2023-04-26T07:14:49+00:00","mainEntityOfPage":{"@id":"https:\/\/www.smedemokrati.sk\/je-cas-postavit-sa-a-branit-demokraciu\/"},"wordCount":186,"publisher":{"@id":"https:\/\/www.smedemokrati.sk\/#organization"},"image":{"@id":"https:\/\/www.smedemokrati.sk\/je-cas-postavit-sa-a-branit-demokraciu\/#primaryimage"},"thumbnailUrl":"https:\/\/www.smedemokrati.sk\/wp-content\/uploads\/2023\/04\/signal-2023-04-25-164907_002.jpeg","articleSection":["Tla\u010dov\u00e9 spr\u00e1vy"],"inLanguage":"cs-CZ"},{"@type":"WebPage","@id":"https:\/\/www.smedemokrati.sk\/je-cas-postavit-sa-a-branit-demokraciu\/","url":"https:\/\/www.smedemokrati.sk\/je-cas-postavit-sa-a-branit-demokraciu\/","name":"Je \u010das postavi\u0165 sa a br\u00e1ni\u0165 demokraciu - Smedemokrati.sk","isPartOf":{"@id":"https:\/\/www.smedemokrati.sk\/#website"},"primaryImageOfPage":{"@id":"https:\/\/www.smedemokrati.sk\/je-cas-postavit-sa-a-branit-demokraciu\/#primaryimage"},"image":{"@id":"https:\/\/www.smedemokrati.sk\/je-cas-postavit-sa-a-branit-demokraciu\/#primaryimage"},"thumbnailUrl":"https:\/\/www.smedemokrati.sk\/wp-content\/uploads\/2023\/04\/signal-2023-04-25-164907_002.jpeg","datePublished":"2023-04-26T07:12:18+00:00","dateModified":"2023-04-26T07:14:49+00:00","breadcrumb":{"@id":"https:\/\/www.smedemokrati.sk\/je-cas-postavit-sa-a-branit-demokraciu\/#breadcrumb"},"inLanguage":"cs-CZ","potentialAction":[{"@type":"ReadAction","target":["https:\/\/www.smedemokrati.sk\/je-cas-postavit-sa-a-branit-demokraciu\/"]}]},{"@type":"ImageObject","inLanguage":"cs-CZ","@id":"https:\/\/www.smedemokrati.sk\/je-cas-postavit-sa-a-branit-demokraciu\/#primaryimage","url":"https:\/\/www.smedemokrati.sk\/wp-content\/uploads\/2023\/04\/signal-2023-04-25-164907_002.jpeg","contentUrl":"https:\/\/www.smedemokrati.sk\/wp-content\/uploads\/2023\/04\/signal-2023-04-25-164907_002.jpeg","width":1600,"height":1540},{"@type":"BreadcrumbList","@id":"https:\/\/www.smedemokrati.sk\/je-cas-postavit-sa-a-branit-demokraciu\/#breadcrumb","itemListElement":[{"@type":"ListItem","position":1,"name":"Domovsk\u00e1 str\u00e1nka","item":"https:\/\/www.smedemokrati.sk\/"},{"@type":"ListItem","position":2,"name":"Je \u010das postavi\u0165 sa a br\u00e1ni\u0165 demokraciu"}]},{"@type":"WebSite","@id":"https:\/\/www.smedemokrati.sk\/#website","url":"https:\/\/www.smedemokrati.sk\/","name":"Smedemokrati.sk","description":"Demokracia a slu\u0161nos\u0165 zv\u00ed\u0165az\u00ed","publisher":{"@id":"https:\/\/www.smedemokrati.sk\/#organization"},"potentialAction":[{"@type":"SearchAction","target":{"@type":"EntryPoint","urlTemplate":"https:\/\/www.smedemokrati.sk\/?s={search_term_string}"},"query-input":{"@type":"PropertyValueSpecification","valueRequired":true,"valueName":"search_term_string"}}],"inLanguage":"cs-CZ"},{"@type":"Organization","@id":"https:\/\/www.smedemokrati.sk\/#organization","name":"Smedemokrati.sk","url":"https:\/\/www.smedemokrati.sk\/","logo":{"@type":"ImageObject","inLanguage":"cs-CZ","@id":"https:\/\/www.smedemokrati.sk\/#\/schema\/logo\/image\/","url":"https:\/\/www.smedemokrati.sk\/wp-content\/uploads\/2023\/04\/ff.002.jpeg","contentUrl":"https:\/\/www.smedemokrati.sk\/wp-content\/uploads\/2023\/04\/ff.002.jpeg","width":640,"height":480,"caption":"Smedemokrati.sk"},"image":{"@id":"https:\/\/www.smedemokrati.sk\/#\/schema\/logo\/image\/"},"sameAs":["https:\/\/www.facebook.com\/smedemokrati2023"]},{"@type":"Person","@id":"https:\/\/www.smedemokrati.sk\/#\/schema\/person\/bd0990e764a2ab0275700db075c868f2","name":"maros","image":{"@type":"ImageObject","inLanguage":"cs-CZ","@id":"https:\/\/secure.gravatar.com\/avatar\/d4ec49d1719a815fbf0afdd518c9c759c1998fab3d944dc1e3be24ba4218e4ef?s=96&d=mm&r=g","url":"https:\/\/secure.gravatar.com\/avatar\/d4ec49d1719a815fbf0afdd518c9c759c1998fab3d944dc1e3be24ba4218e4ef?s=96&d=mm&r=g","contentUrl":"https:\/\/secure.gravatar.com\/avatar\/d4ec49d1719a815fbf0afdd518c9c759c1998fab3d944dc1e3be24ba4218e4ef?s=96&d=mm&r=g","caption":"maros"},"url":"https:\/\/www.smedemokrati.sk\/cs\/author\/maros\/"}]}},"_links":{"self":[{"href":"https:\/\/www.smedemokrati.sk\/cs\/wp-json\/wp\/v2\/posts\/719","targetHints":{"allow":["GET"]}}],"collection":[{"href":"https:\/\/www.smedemokrati.sk\/cs\/wp-json\/wp\/v2\/posts"}],"about":[{"href":"https:\/\/www.smedemokrati.sk\/cs\/wp-json\/wp\/v2\/types\/post"}],"author":[{"embeddable":true,"href":"https:\/\/www.smedemokrati.sk\/cs\/wp-json\/wp\/v2\/users\/3"}],"replies":[{"embeddable":true,"href":"https:\/\/www.smedemokrati.sk\/cs\/wp-json\/wp\/v2\/comments?post=719"}],"version-history":[{"count":2,"href":"https:\/\/www.smedemokrati.sk\/cs\/wp-json\/wp\/v2\/posts\/719\/revisions"}],"predecessor-version":[{"id":724,"href":"https:\/\/www.smedemokrati.sk\/cs\/wp-json\/wp\/v2\/posts\/719\/revisions\/724"}],"wp:featuredmedia":[{"embeddable":true,"href":"https:\/\/www.smedemokrati.sk\/cs\/wp-json\/wp\/v2\/media\/720"}],"wp:attachment":[{"href":"https:\/\/www.smedemokrati.sk\/cs\/wp-json\/wp\/v2\/media?parent=719"}],"wp:term":[{"taxonomy":"category","embeddable":true,"href":"https:\/\/www.smedemokrati.sk\/cs\/wp-json\/wp\/v2\/categories?post=719"},{"taxonomy":"post_tag","embeddable":true,"href":"https:\/\/www.smedemokrati.sk\/cs\/wp-json\/wp\/v2\/tags?post=719"}],"curies":[{"name":"wp","href":"https:\/\/api.w.org\/{rel}","templated":true}]}}