{"id":7184,"date":"2025-05-12T19:29:25","date_gmt":"2025-05-12T18:29:25","guid":{"rendered":"https:\/\/www.smedemokrati.sk\/?p=7184"},"modified":"2025-05-12T19:30:53","modified_gmt":"2025-05-12T18:30:53","slug":"volba-sefa-stvr-za-zatvorenymi-dverami-ako-ma-verejnost-doverovat-novemu-vedeniu-ked-uz-teraz-porusuju-zakon","status":"publish","type":"post","link":"https:\/\/www.smedemokrati.sk\/cs\/volba-sefa-stvr-za-zatvorenymi-dverami-ako-ma-verejnost-doverovat-novemu-vedeniu-ked-uz-teraz-porusuju-zakon\/","title":{"rendered":"Vo\u013eba \u0161\u00e9fa STVR za zatvoren\u00fdmi dverami: ako m\u00e1 verejnos\u0165 d\u00f4verova\u0165 nov\u00e9mu vedeniu, ke\u010f u\u017e teraz poru\u0161uj\u00fa z\u00e1kon?"},"content":{"rendered":"<div id=\"fb-root\"><\/div>\n\n<p><strong>Verejn\u00e9 vypo\u010dutie kandid\u00e1ta na riadite\u013ea STVR je de facto neverejn\u00e9. Podpredsedn\u00ed\u010dke strany Demokrati Dorote Nvotovej nebol umo\u017enen\u00fd vstup na verejn\u00e9 vypo\u010dutie kandid\u00e1ta na post riadite\u013ea STVR. Paradoxom je, \u017ee z\u00e1kon, ktor\u00fd hovor\u00ed o verejnom vypo\u010dut\u00ed pre\u0161iel \u00fapravami u\u017e tejto vl\u00e1dy.&nbsp;<\/strong><\/p>\n\n\n\n<p><em><em><em>\u201e<\/em><\/em>Ide o verejn\u00e9 vypo\u010dutie. To sa p\u00ed\u0161e v z\u00e1kone, ktor\u00fd upravovala t\u00e1to vl\u00e1da a sami ho teraz poru\u0161uj\u00fa. Ako z\u00e1stupca verejnosti som sa chcela p\u00fdta\u0165 na to, ako chce nov\u00fd \u0161\u00e9f in\u0161tit\u00facie zabezpe\u010di\u0165 odpolitizovanie verejnopr\u00e1vneho m\u00e9di\u00e1, zabezpe\u010di\u0165 transparentnos\u0165 a zv\u00fd\u0161i\u0165 d\u00f4veryhodnos\u0165 ob\u010danov. To sa ale krokmi, ako sa dej\u00fa dnes, a to vo\u013ebou za zatvoren\u00fdmi dverami, nikdy nestane. Za verejn\u00e9 nemo\u017eno pova\u017eova\u0165 len to, \u017ee je to vysielan\u00e9 online, naopak, \u00fa\u010das\u0165 verejnosti znamen\u00e1, \u017ee verejnos\u0165 m\u00e1 ma\u0165 pr\u00edstup na rokovanie. \u017dia\u013e aj toto je \u010fal\u0161\u00ed d\u00f4kaz politick\u00e9ho ovl\u00e1dnutia STVR.&#8220;\u00a0<\/em>Povedala Dorota Nvotov\u00e1.<\/p>\n\n\n<div class=\"fb-video\" data-href=\"https:\/\/fb.watch\/zxHErUp_Nx\" data-allowfullscreen=\"true\" data-autoplay=\"false\" data-width=\"\" data-show-text=\"false\" data-show-captions=\"true\"><\/div>\n","protected":false},"excerpt":{"rendered":"<p>Verejn\u00e9 vypo\u010dutie kandid\u00e1ta na riadite\u013ea STVR je de facto neverejn\u00e9. Podpredsedn\u00ed\u010dke strany Demokrati Dorote Nvotovej nebol umo\u017enen\u00fd vstup na verejn\u00e9 vypo\u010dutie kandid\u00e1ta na post riadite\u013ea STVR. Paradoxom je, \u017ee z\u00e1kon, ktor\u00fd hovor\u00ed o verejnom vypo\u010dut\u00ed pre\u0161iel \u00fapravami u\u017e tejto vl\u00e1dy.&nbsp; \u201eIde o verejn\u00e9 vypo\u010dutie. To sa p\u00ed\u0161e v z\u00e1kone, ktor\u00fd upravovala t\u00e1to vl\u00e1da a sami [&hellip;]<\/p>\n","protected":false},"author":13,"featured_media":2688,"comment_status":"closed","ping_status":"closed","sticky":false,"template":"","format":"standard","meta":{"_acf_changed":false,"ngg_post_thumbnail":0,"footnotes":""},"categories":[4],"tags":[],"class_list":["post-7184","post","type-post","status-publish","format-standard","has-post-thumbnail","hentry","category-tlacove-spravy"],"acf":[],"yoast_head":"<!-- This site is optimized with the Yoast SEO plugin v27.2 - https:\/\/yoast.com\/product\/yoast-seo-wordpress\/ -->\n<title>Vo\u013eba \u0161\u00e9fa STVR za zatvoren\u00fdmi dverami: ako m\u00e1 verejnos\u0165 d\u00f4verova\u0165 nov\u00e9mu vedeniu, ke\u010f u\u017e teraz poru\u0161uj\u00fa z\u00e1kon?<\/title>\n<meta name=\"robots\" content=\"index, follow, max-snippet:-1, max-image-preview:large, max-video-preview:-1\" \/>\n<link rel=\"canonical\" href=\"https:\/\/www.smedemokrati.sk\/cs\/volba-sefa-stvr-za-zatvorenymi-dverami-ako-ma-verejnost-doverovat-novemu-vedeniu-ked-uz-teraz-porusuju-zakon\/\" \/>\n<meta property=\"og:locale\" content=\"cs_CZ\" \/>\n<meta property=\"og:locale:alternate\" content=\"en_US\" \/>\n<meta property=\"og:locale:alternate\" content=\"hu_HU\" \/>\n<meta property=\"og:locale:alternate\" content=\"sk_SK\" \/>\n<meta property=\"og:locale:alternate\" content=\"sv_SE\" \/>\n<meta property=\"og:type\" content=\"article\" \/>\n<meta property=\"og:title\" content=\"Vo\u013eba \u0161\u00e9fa STVR za zatvoren\u00fdmi dverami: ako m\u00e1 verejnos\u0165 d\u00f4verova\u0165 nov\u00e9mu vedeniu, ke\u010f u\u017e teraz poru\u0161uj\u00fa z\u00e1kon?\" \/>\n<meta property=\"og:description\" content=\"Verejn\u00e9 vypo\u010dutie kandid\u00e1ta na riadite\u013ea STVR je de facto neverejn\u00e9. Podpredsedn\u00ed\u010dke strany Demokrati Dorote Nvotovej nebol umo\u017enen\u00fd vstup na verejn\u00e9 vypo\u010dutie kandid\u00e1ta na post riadite\u013ea STVR. Paradoxom je, \u017ee z\u00e1kon, ktor\u00fd hovor\u00ed o verejnom vypo\u010dut\u00ed pre\u0161iel \u00fapravami u\u017e tejto vl\u00e1dy.&nbsp; \u201eIde o verejn\u00e9 vypo\u010dutie. To sa p\u00ed\u0161e v z\u00e1kone, ktor\u00fd upravovala t\u00e1to vl\u00e1da a sami [&hellip;]\" \/>\n<meta property=\"og:url\" content=\"https:\/\/www.smedemokrati.sk\/cs\/volba-sefa-stvr-za-zatvorenymi-dverami-ako-ma-verejnost-doverovat-novemu-vedeniu-ked-uz-teraz-porusuju-zakon\/\" \/>\n<meta property=\"og:site_name\" content=\"Smedemokrati.sk\" \/>\n<meta property=\"article:publisher\" content=\"https:\/\/www.facebook.com\/smedemokrati2023\" \/>\n<meta property=\"article:published_time\" content=\"2025-05-12T18:29:25+00:00\" \/>\n<meta property=\"article:modified_time\" content=\"2025-05-12T18:30:53+00:00\" \/>\n<meta property=\"og:image\" content=\"https:\/\/www.smedemokrati.sk\/wp-content\/uploads\/2024\/02\/DorotaNvotova-1024x728-1.jpg\" \/>\n\t<meta property=\"og:image:width\" content=\"1024\" \/>\n\t<meta property=\"og:image:height\" content=\"728\" \/>\n\t<meta property=\"og:image:type\" content=\"image\/jpeg\" \/>\n<meta name=\"author\" content=\"miro.sopko\" \/>\n<meta name=\"twitter:card\" content=\"summary_large_image\" \/>\n<meta name=\"twitter:label1\" content=\"Napsal(a)\" \/>\n\t<meta name=\"twitter:data1\" content=\"miro.sopko\" \/>\n\t<meta name=\"twitter:label2\" content=\"Odhadovan\u00e1 doba \u010dten\u00ed\" \/>\n\t<meta name=\"twitter:data2\" content=\"1 minuta\" \/>\n<script type=\"application\/ld+json\" class=\"yoast-schema-graph\">{\"@context\":\"https:\/\/schema.org\",\"@graph\":[{\"@type\":\"Article\",\"@id\":\"https:\/\/www.smedemokrati.sk\/volba-sefa-stvr-za-zatvorenymi-dverami-ako-ma-verejnost-doverovat-novemu-vedeniu-ked-uz-teraz-porusuju-zakon\/#article\",\"isPartOf\":{\"@id\":\"https:\/\/www.smedemokrati.sk\/volba-sefa-stvr-za-zatvorenymi-dverami-ako-ma-verejnost-doverovat-novemu-vedeniu-ked-uz-teraz-porusuju-zakon\/\"},\"author\":{\"name\":\"miro.sopko\",\"@id\":\"https:\/\/www.smedemokrati.sk\/#\/schema\/person\/21f147c88d605aa7ded900e1e7c344ba\"},\"headline\":\"Vo\u013eba \u0161\u00e9fa STVR za zatvoren\u00fdmi dverami: ako m\u00e1 verejnos\u0165 d\u00f4verova\u0165 nov\u00e9mu vedeniu, ke\u010f u\u017e teraz poru\u0161uj\u00fa z\u00e1kon?\",\"datePublished\":\"2025-05-12T18:29:25+00:00\",\"dateModified\":\"2025-05-12T18:30:53+00:00\",\"mainEntityOfPage\":{\"@id\":\"https:\/\/www.smedemokrati.sk\/volba-sefa-stvr-za-zatvorenymi-dverami-ako-ma-verejnost-doverovat-novemu-vedeniu-ked-uz-teraz-porusuju-zakon\/\"},\"wordCount\":204,\"publisher\":{\"@id\":\"https:\/\/www.smedemokrati.sk\/#organization\"},\"image\":{\"@id\":\"https:\/\/www.smedemokrati.sk\/volba-sefa-stvr-za-zatvorenymi-dverami-ako-ma-verejnost-doverovat-novemu-vedeniu-ked-uz-teraz-porusuju-zakon\/#primaryimage\"},\"thumbnailUrl\":\"https:\/\/www.smedemokrati.sk\/wp-content\/uploads\/2024\/02\/DorotaNvotova-1024x728-1.jpg\",\"articleSection\":[\"Tla\u010dov\u00e9 spr\u00e1vy\"],\"inLanguage\":\"cs-CZ\"},{\"@type\":\"WebPage\",\"@id\":\"https:\/\/www.smedemokrati.sk\/volba-sefa-stvr-za-zatvorenymi-dverami-ako-ma-verejnost-doverovat-novemu-vedeniu-ked-uz-teraz-porusuju-zakon\/\",\"url\":\"https:\/\/www.smedemokrati.sk\/volba-sefa-stvr-za-zatvorenymi-dverami-ako-ma-verejnost-doverovat-novemu-vedeniu-ked-uz-teraz-porusuju-zakon\/\",\"name\":\"Vo\u013eba \u0161\u00e9fa STVR za zatvoren\u00fdmi dverami: ako m\u00e1 verejnos\u0165 d\u00f4verova\u0165 nov\u00e9mu vedeniu, ke\u010f u\u017e teraz poru\u0161uj\u00fa z\u00e1kon?\",\"isPartOf\":{\"@id\":\"https:\/\/www.smedemokrati.sk\/#website\"},\"primaryImageOfPage\":{\"@id\":\"https:\/\/www.smedemokrati.sk\/volba-sefa-stvr-za-zatvorenymi-dverami-ako-ma-verejnost-doverovat-novemu-vedeniu-ked-uz-teraz-porusuju-zakon\/#primaryimage\"},\"image\":{\"@id\":\"https:\/\/www.smedemokrati.sk\/volba-sefa-stvr-za-zatvorenymi-dverami-ako-ma-verejnost-doverovat-novemu-vedeniu-ked-uz-teraz-porusuju-zakon\/#primaryimage\"},\"thumbnailUrl\":\"https:\/\/www.smedemokrati.sk\/wp-content\/uploads\/2024\/02\/DorotaNvotova-1024x728-1.jpg\",\"datePublished\":\"2025-05-12T18:29:25+00:00\",\"dateModified\":\"2025-05-12T18:30:53+00:00\",\"breadcrumb\":{\"@id\":\"https:\/\/www.smedemokrati.sk\/volba-sefa-stvr-za-zatvorenymi-dverami-ako-ma-verejnost-doverovat-novemu-vedeniu-ked-uz-teraz-porusuju-zakon\/#breadcrumb\"},\"inLanguage\":\"cs-CZ\",\"potentialAction\":[{\"@type\":\"ReadAction\",\"target\":[\"https:\/\/www.smedemokrati.sk\/volba-sefa-stvr-za-zatvorenymi-dverami-ako-ma-verejnost-doverovat-novemu-vedeniu-ked-uz-teraz-porusuju-zakon\/\"]}]},{\"@type\":\"ImageObject\",\"inLanguage\":\"cs-CZ\",\"@id\":\"https:\/\/www.smedemokrati.sk\/volba-sefa-stvr-za-zatvorenymi-dverami-ako-ma-verejnost-doverovat-novemu-vedeniu-ked-uz-teraz-porusuju-zakon\/#primaryimage\",\"url\":\"https:\/\/www.smedemokrati.sk\/wp-content\/uploads\/2024\/02\/DorotaNvotova-1024x728-1.jpg\",\"contentUrl\":\"https:\/\/www.smedemokrati.sk\/wp-content\/uploads\/2024\/02\/DorotaNvotova-1024x728-1.jpg\",\"width\":1024,\"height\":728},{\"@type\":\"BreadcrumbList\",\"@id\":\"https:\/\/www.smedemokrati.sk\/volba-sefa-stvr-za-zatvorenymi-dverami-ako-ma-verejnost-doverovat-novemu-vedeniu-ked-uz-teraz-porusuju-zakon\/#breadcrumb\",\"itemListElement\":[{\"@type\":\"ListItem\",\"position\":1,\"name\":\"Domovsk\u00e1 str\u00e1nka\",\"item\":\"https:\/\/www.smedemokrati.sk\/\"},{\"@type\":\"ListItem\",\"position\":2,\"name\":\"Vo\u013eba \u0161\u00e9fa STVR za zatvoren\u00fdmi dverami: ako m\u00e1 verejnos\u0165 d\u00f4verova\u0165 nov\u00e9mu vedeniu, ke\u010f u\u017e teraz poru\u0161uj\u00fa z\u00e1kon?\"}]},{\"@type\":\"WebSite\",\"@id\":\"https:\/\/www.smedemokrati.sk\/#website\",\"url\":\"https:\/\/www.smedemokrati.sk\/\",\"name\":\"Smedemokrati.sk\",\"description\":\"Demokracia a slu\u0161nos\u0165 zv\u00ed\u0165az\u00ed\",\"publisher\":{\"@id\":\"https:\/\/www.smedemokrati.sk\/#organization\"},\"potentialAction\":[{\"@type\":\"SearchAction\",\"target\":{\"@type\":\"EntryPoint\",\"urlTemplate\":\"https:\/\/www.smedemokrati.sk\/?s={search_term_string}\"},\"query-input\":{\"@type\":\"PropertyValueSpecification\",\"valueRequired\":true,\"valueName\":\"search_term_string\"}}],\"inLanguage\":\"cs-CZ\"},{\"@type\":\"Organization\",\"@id\":\"https:\/\/www.smedemokrati.sk\/#organization\",\"name\":\"Smedemokrati.sk\",\"url\":\"https:\/\/www.smedemokrati.sk\/\",\"logo\":{\"@type\":\"ImageObject\",\"inLanguage\":\"cs-CZ\",\"@id\":\"https:\/\/www.smedemokrati.sk\/#\/schema\/logo\/image\/\",\"url\":\"https:\/\/www.smedemokrati.sk\/wp-content\/uploads\/2023\/04\/ff.002.jpeg\",\"contentUrl\":\"https:\/\/www.smedemokrati.sk\/wp-content\/uploads\/2023\/04\/ff.002.jpeg\",\"width\":640,\"height\":480,\"caption\":\"Smedemokrati.sk\"},\"image\":{\"@id\":\"https:\/\/www.smedemokrati.sk\/#\/schema\/logo\/image\/\"},\"sameAs\":[\"https:\/\/www.facebook.com\/smedemokrati2023\"]},{\"@type\":\"Person\",\"@id\":\"https:\/\/www.smedemokrati.sk\/#\/schema\/person\/21f147c88d605aa7ded900e1e7c344ba\",\"name\":\"miro.sopko\",\"image\":{\"@type\":\"ImageObject\",\"inLanguage\":\"cs-CZ\",\"@id\":\"https:\/\/secure.gravatar.com\/avatar\/267e4a36f704376c109afe3a78740c1f5dd8675a2180a908699e7863c9247606?s=96&d=mm&r=g\",\"url\":\"https:\/\/secure.gravatar.com\/avatar\/267e4a36f704376c109afe3a78740c1f5dd8675a2180a908699e7863c9247606?s=96&d=mm&r=g\",\"contentUrl\":\"https:\/\/secure.gravatar.com\/avatar\/267e4a36f704376c109afe3a78740c1f5dd8675a2180a908699e7863c9247606?s=96&d=mm&r=g\",\"caption\":\"miro.sopko\"},\"url\":\"https:\/\/www.smedemokrati.sk\/cs\/author\/miro-sopko\/\"}]}<\/script>\n<!-- \/ Yoast SEO plugin. -->","yoast_head_json":{"title":"Vo\u013eba \u0161\u00e9fa STVR za zatvoren\u00fdmi dverami: ako m\u00e1 verejnos\u0165 d\u00f4verova\u0165 nov\u00e9mu vedeniu, ke\u010f u\u017e teraz poru\u0161uj\u00fa z\u00e1kon?","robots":{"index":"index","follow":"follow","max-snippet":"max-snippet:-1","max-image-preview":"max-image-preview:large","max-video-preview":"max-video-preview:-1"},"canonical":"https:\/\/www.smedemokrati.sk\/cs\/volba-sefa-stvr-za-zatvorenymi-dverami-ako-ma-verejnost-doverovat-novemu-vedeniu-ked-uz-teraz-porusuju-zakon\/","og_locale":"cs_CZ","og_type":"article","og_title":"[:sk]Vo\u013eba \u0161\u00e9fa STVR za zatvoren\u00fdmi dverami: ako m\u00e1 verejnos\u0165 d\u00f4verova\u0165 nov\u00e9mu vedeniu, ke\u010f u\u017e teraz poru\u0161uj\u00fa z\u00e1kon?[:] - Smedemokrati.sk","og_description":"Verejn\u00e9 vypo\u010dutie kandid\u00e1ta na riadite\u013ea STVR je de facto neverejn\u00e9. Podpredsedn\u00ed\u010dke strany Demokrati Dorote Nvotovej nebol umo\u017enen\u00fd vstup na verejn\u00e9 vypo\u010dutie kandid\u00e1ta na post riadite\u013ea STVR. Paradoxom je, \u017ee z\u00e1kon, ktor\u00fd hovor\u00ed o verejnom vypo\u010dut\u00ed pre\u0161iel \u00fapravami u\u017e tejto vl\u00e1dy.&nbsp; \u201eIde o verejn\u00e9 vypo\u010dutie. To sa p\u00ed\u0161e v z\u00e1kone, ktor\u00fd upravovala t\u00e1to vl\u00e1da a sami [&hellip;]","og_url":"https:\/\/www.smedemokrati.sk\/cs\/volba-sefa-stvr-za-zatvorenymi-dverami-ako-ma-verejnost-doverovat-novemu-vedeniu-ked-uz-teraz-porusuju-zakon\/","og_site_name":"Smedemokrati.sk","article_publisher":"https:\/\/www.facebook.com\/smedemokrati2023","article_published_time":"2025-05-12T18:29:25+00:00","article_modified_time":"2025-05-12T18:30:53+00:00","og_image":[{"width":1024,"height":728,"url":"https:\/\/www.smedemokrati.sk\/wp-content\/uploads\/2024\/02\/DorotaNvotova-1024x728-1.jpg","type":"image\/jpeg"}],"author":"miro.sopko","twitter_card":"summary_large_image","twitter_misc":{"Napsal(a)":"miro.sopko","Odhadovan\u00e1 doba \u010dten\u00ed":"1 minuta"},"schema":{"@context":"https:\/\/schema.org","@graph":[{"@type":"Article","@id":"https:\/\/www.smedemokrati.sk\/volba-sefa-stvr-za-zatvorenymi-dverami-ako-ma-verejnost-doverovat-novemu-vedeniu-ked-uz-teraz-porusuju-zakon\/#article","isPartOf":{"@id":"https:\/\/www.smedemokrati.sk\/volba-sefa-stvr-za-zatvorenymi-dverami-ako-ma-verejnost-doverovat-novemu-vedeniu-ked-uz-teraz-porusuju-zakon\/"},"author":{"name":"miro.sopko","@id":"https:\/\/www.smedemokrati.sk\/#\/schema\/person\/21f147c88d605aa7ded900e1e7c344ba"},"headline":"Vo\u013eba \u0161\u00e9fa STVR za zatvoren\u00fdmi dverami: ako m\u00e1 verejnos\u0165 d\u00f4verova\u0165 nov\u00e9mu vedeniu, ke\u010f u\u017e teraz poru\u0161uj\u00fa z\u00e1kon?","datePublished":"2025-05-12T18:29:25+00:00","dateModified":"2025-05-12T18:30:53+00:00","mainEntityOfPage":{"@id":"https:\/\/www.smedemokrati.sk\/volba-sefa-stvr-za-zatvorenymi-dverami-ako-ma-verejnost-doverovat-novemu-vedeniu-ked-uz-teraz-porusuju-zakon\/"},"wordCount":204,"publisher":{"@id":"https:\/\/www.smedemokrati.sk\/#organization"},"image":{"@id":"https:\/\/www.smedemokrati.sk\/volba-sefa-stvr-za-zatvorenymi-dverami-ako-ma-verejnost-doverovat-novemu-vedeniu-ked-uz-teraz-porusuju-zakon\/#primaryimage"},"thumbnailUrl":"https:\/\/www.smedemokrati.sk\/wp-content\/uploads\/2024\/02\/DorotaNvotova-1024x728-1.jpg","articleSection":["Tla\u010dov\u00e9 spr\u00e1vy"],"inLanguage":"cs-CZ"},{"@type":"WebPage","@id":"https:\/\/www.smedemokrati.sk\/volba-sefa-stvr-za-zatvorenymi-dverami-ako-ma-verejnost-doverovat-novemu-vedeniu-ked-uz-teraz-porusuju-zakon\/","url":"https:\/\/www.smedemokrati.sk\/volba-sefa-stvr-za-zatvorenymi-dverami-ako-ma-verejnost-doverovat-novemu-vedeniu-ked-uz-teraz-porusuju-zakon\/","name":"Vo\u013eba \u0161\u00e9fa STVR za zatvoren\u00fdmi dverami: ako m\u00e1 verejnos\u0165 d\u00f4verova\u0165 nov\u00e9mu vedeniu, ke\u010f u\u017e teraz poru\u0161uj\u00fa z\u00e1kon?","isPartOf":{"@id":"https:\/\/www.smedemokrati.sk\/#website"},"primaryImageOfPage":{"@id":"https:\/\/www.smedemokrati.sk\/volba-sefa-stvr-za-zatvorenymi-dverami-ako-ma-verejnost-doverovat-novemu-vedeniu-ked-uz-teraz-porusuju-zakon\/#primaryimage"},"image":{"@id":"https:\/\/www.smedemokrati.sk\/volba-sefa-stvr-za-zatvorenymi-dverami-ako-ma-verejnost-doverovat-novemu-vedeniu-ked-uz-teraz-porusuju-zakon\/#primaryimage"},"thumbnailUrl":"https:\/\/www.smedemokrati.sk\/wp-content\/uploads\/2024\/02\/DorotaNvotova-1024x728-1.jpg","datePublished":"2025-05-12T18:29:25+00:00","dateModified":"2025-05-12T18:30:53+00:00","breadcrumb":{"@id":"https:\/\/www.smedemokrati.sk\/volba-sefa-stvr-za-zatvorenymi-dverami-ako-ma-verejnost-doverovat-novemu-vedeniu-ked-uz-teraz-porusuju-zakon\/#breadcrumb"},"inLanguage":"cs-CZ","potentialAction":[{"@type":"ReadAction","target":["https:\/\/www.smedemokrati.sk\/volba-sefa-stvr-za-zatvorenymi-dverami-ako-ma-verejnost-doverovat-novemu-vedeniu-ked-uz-teraz-porusuju-zakon\/"]}]},{"@type":"ImageObject","inLanguage":"cs-CZ","@id":"https:\/\/www.smedemokrati.sk\/volba-sefa-stvr-za-zatvorenymi-dverami-ako-ma-verejnost-doverovat-novemu-vedeniu-ked-uz-teraz-porusuju-zakon\/#primaryimage","url":"https:\/\/www.smedemokrati.sk\/wp-content\/uploads\/2024\/02\/DorotaNvotova-1024x728-1.jpg","contentUrl":"https:\/\/www.smedemokrati.sk\/wp-content\/uploads\/2024\/02\/DorotaNvotova-1024x728-1.jpg","width":1024,"height":728},{"@type":"BreadcrumbList","@id":"https:\/\/www.smedemokrati.sk\/volba-sefa-stvr-za-zatvorenymi-dverami-ako-ma-verejnost-doverovat-novemu-vedeniu-ked-uz-teraz-porusuju-zakon\/#breadcrumb","itemListElement":[{"@type":"ListItem","position":1,"name":"Domovsk\u00e1 str\u00e1nka","item":"https:\/\/www.smedemokrati.sk\/"},{"@type":"ListItem","position":2,"name":"Vo\u013eba \u0161\u00e9fa STVR za zatvoren\u00fdmi dverami: ako m\u00e1 verejnos\u0165 d\u00f4verova\u0165 nov\u00e9mu vedeniu, ke\u010f u\u017e teraz poru\u0161uj\u00fa z\u00e1kon?"}]},{"@type":"WebSite","@id":"https:\/\/www.smedemokrati.sk\/#website","url":"https:\/\/www.smedemokrati.sk\/","name":"Smedemokrati.sk","description":"Demokracia a slu\u0161nos\u0165 zv\u00ed\u0165az\u00ed","publisher":{"@id":"https:\/\/www.smedemokrati.sk\/#organization"},"potentialAction":[{"@type":"SearchAction","target":{"@type":"EntryPoint","urlTemplate":"https:\/\/www.smedemokrati.sk\/?s={search_term_string}"},"query-input":{"@type":"PropertyValueSpecification","valueRequired":true,"valueName":"search_term_string"}}],"inLanguage":"cs-CZ"},{"@type":"Organization","@id":"https:\/\/www.smedemokrati.sk\/#organization","name":"Smedemokrati.sk","url":"https:\/\/www.smedemokrati.sk\/","logo":{"@type":"ImageObject","inLanguage":"cs-CZ","@id":"https:\/\/www.smedemokrati.sk\/#\/schema\/logo\/image\/","url":"https:\/\/www.smedemokrati.sk\/wp-content\/uploads\/2023\/04\/ff.002.jpeg","contentUrl":"https:\/\/www.smedemokrati.sk\/wp-content\/uploads\/2023\/04\/ff.002.jpeg","width":640,"height":480,"caption":"Smedemokrati.sk"},"image":{"@id":"https:\/\/www.smedemokrati.sk\/#\/schema\/logo\/image\/"},"sameAs":["https:\/\/www.facebook.com\/smedemokrati2023"]},{"@type":"Person","@id":"https:\/\/www.smedemokrati.sk\/#\/schema\/person\/21f147c88d605aa7ded900e1e7c344ba","name":"miro.sopko","image":{"@type":"ImageObject","inLanguage":"cs-CZ","@id":"https:\/\/secure.gravatar.com\/avatar\/267e4a36f704376c109afe3a78740c1f5dd8675a2180a908699e7863c9247606?s=96&d=mm&r=g","url":"https:\/\/secure.gravatar.com\/avatar\/267e4a36f704376c109afe3a78740c1f5dd8675a2180a908699e7863c9247606?s=96&d=mm&r=g","contentUrl":"https:\/\/secure.gravatar.com\/avatar\/267e4a36f704376c109afe3a78740c1f5dd8675a2180a908699e7863c9247606?s=96&d=mm&r=g","caption":"miro.sopko"},"url":"https:\/\/www.smedemokrati.sk\/cs\/author\/miro-sopko\/"}]}},"_links":{"self":[{"href":"https:\/\/www.smedemokrati.sk\/cs\/wp-json\/wp\/v2\/posts\/7184","targetHints":{"allow":["GET"]}}],"collection":[{"href":"https:\/\/www.smedemokrati.sk\/cs\/wp-json\/wp\/v2\/posts"}],"about":[{"href":"https:\/\/www.smedemokrati.sk\/cs\/wp-json\/wp\/v2\/types\/post"}],"author":[{"embeddable":true,"href":"https:\/\/www.smedemokrati.sk\/cs\/wp-json\/wp\/v2\/users\/13"}],"replies":[{"embeddable":true,"href":"https:\/\/www.smedemokrati.sk\/cs\/wp-json\/wp\/v2\/comments?post=7184"}],"version-history":[{"count":1,"href":"https:\/\/www.smedemokrati.sk\/cs\/wp-json\/wp\/v2\/posts\/7184\/revisions"}],"predecessor-version":[{"id":7185,"href":"https:\/\/www.smedemokrati.sk\/cs\/wp-json\/wp\/v2\/posts\/7184\/revisions\/7185"}],"wp:featuredmedia":[{"embeddable":true,"href":"https:\/\/www.smedemokrati.sk\/cs\/wp-json\/wp\/v2\/media\/2688"}],"wp:attachment":[{"href":"https:\/\/www.smedemokrati.sk\/cs\/wp-json\/wp\/v2\/media?parent=7184"}],"wp:term":[{"taxonomy":"category","embeddable":true,"href":"https:\/\/www.smedemokrati.sk\/cs\/wp-json\/wp\/v2\/categories?post=7184"},{"taxonomy":"post_tag","embeddable":true,"href":"https:\/\/www.smedemokrati.sk\/cs\/wp-json\/wp\/v2\/tags?post=7184"}],"curies":[{"name":"wp","href":"https:\/\/api.w.org\/{rel}","templated":true}]}}