{"id":7168,"date":"2025-05-08T10:24:24","date_gmt":"2025-05-08T09:24:24","guid":{"rendered":"https:\/\/www.smedemokrati.sk\/?p=7168"},"modified":"2025-05-08T18:09:50","modified_gmt":"2025-05-08T17:09:50","slug":"den-vitazstva-nad-fasizmom-nie-je-len-spomienkou-je-tiez-vyzvou","status":"publish","type":"post","link":"https:\/\/www.smedemokrati.sk\/cs\/den-vitazstva-nad-fasizmom-nie-je-len-spomienkou-je-tiez-vyzvou\/","title":{"rendered":"De\u0148 v\u00ed\u0165azstva nad fa\u0161izmom nie je len spomienkou, je tie\u017e v\u00fdzvou"},"content":{"rendered":"<div id=\"fb-root\"><\/div>\n\n<p><strong>Predstavitelia strany Demokrati si pripomenuli De\u0148 v\u00ed\u0165azstva nad fa\u0161izmom polo\u017een\u00edm kytice k Hrobu nezn\u00e1meho vojaka v Bratislave. Uctili si tak pamiatku v\u0161etk\u00fdch, ktor\u00ed polo\u017eili \u017eivoty v boji za slobodu a por\u00e1\u017eku nacizmu po\u010das druhej svetovej vojny.&nbsp;<\/strong><\/p>\n\n\n\n<p>B\u00fdval\u00fd minister obrany Jaroslav Na\u010f pri tejto pr\u00edle\u017eitosti zd\u00f4raznil d\u00f4le\u017eitos\u0165 mieru a hodnoty demokracie&nbsp;<em>\u201eSme svedkami toho, ako sa agresia a mocensk\u00e9 amb\u00edcie vracaj\u00fa na n\u00e1\u0161 kontinent. O to viac si mus\u00edme uvedomova\u0165 hodnotu slobody a najm\u00e4, zodpovednos\u0165 za jej obranu. Hist\u00f3ria n\u00e1s u\u010d\u00ed, \u017ee zlo sa neporaz\u00ed samo,\u201c&nbsp;<\/em>uviedol Na\u010f.<\/p>\n\n\n\n<p><em>&#8222;Dnes si pripom\u00edname v\u00ed\u0165azstvo nad fa\u0161izmom, ale aj hodnoty, ktor\u00e9 z tohto v\u00ed\u0165azstva vyr\u00e1stli \u2013 pr\u00e1vny \u0161t\u00e1t, rovnos\u0165 pred z\u00e1konom a \u00factu k \u013eudskej d\u00f4stojnosti. Spravodlivos\u0165 nem\u00f4\u017ee by\u0165 n\u00e1strojom pomsty ani mocensk\u00e9ho boja. Ak ju strat\u00edme, strat\u00edme z\u00e1klady demokracie. A preto nesmieme rezignova\u0165,&#8220;&nbsp;<\/em>povedal pri dne\u0161nej pr\u00edle\u017eitosti podpredseda strany Juraj \u0160eliga.<\/p>\n\n\n\n<p>Demokrati vyzvali na spolo\u010densk\u00fa jednotu v ochrane demokratick\u00fdch hodn\u00f4t a na odmietnutie extr\u00e9mizmu, ktor\u00fd pod\u013ea nich nem\u00e1 v civilizovanej spolo\u010dnosti miesto. Strana si pripomenula aj civiln\u00e9 obet\u00ed vojny a zd\u00f4raznila, \u017ee hist\u00f3ria je v\u00fdstrahou, ktor\u00fa nemo\u017eno ignorova\u0165.<\/p>\n\n\n\n<figure class=\"wp-block-gallery has-nested-images columns-default is-cropped wp-block-gallery-1 is-layout-flex wp-block-gallery-is-layout-flex\"><div class=\"wp-block-image\">\n<figure class=\"alignleft size-large\"><img decoding=\"async\" width=\"768\" height=\"1024\" data-id=\"7169\" src=\"https:\/\/www.smedemokrati.sk\/wp-content\/uploads\/2025\/05\/8_maj-768x1024.jpg\" alt=\"\" class=\"wp-image-7169\"\/><\/figure>\n<\/div>\n\n<div class=\"wp-block-image\">\n<figure class=\"alignright size-large\"><img decoding=\"async\" width=\"768\" height=\"1024\" data-id=\"7171\" src=\"https:\/\/www.smedemokrati.sk\/wp-content\/uploads\/2025\/05\/8maj_JN-768x1024.jpg\" alt=\"\" class=\"wp-image-7171\" srcset=\"https:\/\/www.smedemokrati.sk\/wp-content\/uploads\/2025\/05\/8maj_JN-768x1024.jpg 768w, https:\/\/www.smedemokrati.sk\/wp-content\/uploads\/2025\/05\/8maj_JN-225x300.jpg 225w, https:\/\/www.smedemokrati.sk\/wp-content\/uploads\/2025\/05\/8maj_JN.jpg 900w\" sizes=\"(max-width: 768px) 100vw, 768px\" \/><\/figure>\n<\/div><\/figure>\n","protected":false},"excerpt":{"rendered":"<p>Predstavitelia strany Demokrati si pripomenuli De\u0148 v\u00ed\u0165azstva nad fa\u0161izmom polo\u017een\u00edm kytice k Hrobu nezn\u00e1meho vojaka v Bratislave. Uctili si tak pamiatku v\u0161etk\u00fdch, ktor\u00ed polo\u017eili \u017eivoty v boji za slobodu a por\u00e1\u017eku nacizmu po\u010das druhej svetovej vojny.&nbsp; B\u00fdval\u00fd minister obrany Jaroslav Na\u010f pri tejto pr\u00edle\u017eitosti zd\u00f4raznil d\u00f4le\u017eitos\u0165 mieru a hodnoty demokracie&nbsp;\u201eSme svedkami toho, ako sa agresia [&hellip;]<\/p>\n","protected":false},"author":13,"featured_media":7171,"comment_status":"closed","ping_status":"closed","sticky":false,"template":"","format":"standard","meta":{"_acf_changed":false,"ngg_post_thumbnail":0,"footnotes":""},"categories":[4],"tags":[],"class_list":["post-7168","post","type-post","status-publish","format-standard","has-post-thumbnail","hentry","category-tlacove-spravy"],"acf":[],"yoast_head":"<!-- This site is optimized with the Yoast SEO plugin v27.2 - https:\/\/yoast.com\/product\/yoast-seo-wordpress\/ -->\n<title>De\u0148 v\u00ed\u0165azstva nad fa\u0161izmom nie je len spomienkou, je tie\u017e v\u00fdzvou<\/title>\n<meta name=\"robots\" content=\"index, follow, max-snippet:-1, max-image-preview:large, max-video-preview:-1\" \/>\n<link rel=\"canonical\" href=\"https:\/\/www.smedemokrati.sk\/cs\/den-vitazstva-nad-fasizmom-nie-je-len-spomienkou-je-tiez-vyzvou\/\" \/>\n<meta property=\"og:locale\" content=\"cs_CZ\" \/>\n<meta property=\"og:locale:alternate\" content=\"en_US\" \/>\n<meta property=\"og:locale:alternate\" content=\"hu_HU\" \/>\n<meta property=\"og:locale:alternate\" content=\"sk_SK\" \/>\n<meta property=\"og:locale:alternate\" content=\"sv_SE\" \/>\n<meta property=\"og:type\" content=\"article\" \/>\n<meta property=\"og:title\" content=\"De\u0148 v\u00ed\u0165azstva nad fa\u0161izmom nie je len spomienkou, je tie\u017e v\u00fdzvou\" \/>\n<meta property=\"og:description\" content=\"Predstavitelia strany Demokrati si pripomenuli De\u0148 v\u00ed\u0165azstva nad fa\u0161izmom polo\u017een\u00edm kytice k Hrobu nezn\u00e1meho vojaka v Bratislave. Uctili si tak pamiatku v\u0161etk\u00fdch, ktor\u00ed polo\u017eili \u017eivoty v boji za slobodu a por\u00e1\u017eku nacizmu po\u010das druhej svetovej vojny.&nbsp; B\u00fdval\u00fd minister obrany Jaroslav Na\u010f pri tejto pr\u00edle\u017eitosti zd\u00f4raznil d\u00f4le\u017eitos\u0165 mieru a hodnoty demokracie&nbsp;\u201eSme svedkami toho, ako sa agresia [&hellip;]\" \/>\n<meta property=\"og:url\" content=\"https:\/\/www.smedemokrati.sk\/cs\/den-vitazstva-nad-fasizmom-nie-je-len-spomienkou-je-tiez-vyzvou\/\" \/>\n<meta property=\"og:site_name\" content=\"Smedemokrati.sk\" \/>\n<meta property=\"article:publisher\" content=\"https:\/\/www.facebook.com\/smedemokrati2023\" \/>\n<meta property=\"article:published_time\" content=\"2025-05-08T09:24:24+00:00\" \/>\n<meta property=\"article:modified_time\" content=\"2025-05-08T17:09:50+00:00\" \/>\n<meta property=\"og:image\" content=\"https:\/\/www.smedemokrati.sk\/wp-content\/uploads\/2025\/05\/8maj_JN.jpg\" \/>\n\t<meta property=\"og:image:width\" content=\"900\" \/>\n\t<meta property=\"og:image:height\" content=\"1200\" \/>\n\t<meta property=\"og:image:type\" content=\"image\/jpeg\" \/>\n<meta name=\"author\" content=\"miro.sopko\" \/>\n<meta name=\"twitter:card\" content=\"summary_large_image\" \/>\n<meta name=\"twitter:label1\" content=\"Napsal(a)\" \/>\n\t<meta name=\"twitter:data1\" content=\"miro.sopko\" \/>\n\t<meta name=\"twitter:label2\" content=\"Odhadovan\u00e1 doba \u010dten\u00ed\" \/>\n\t<meta name=\"twitter:data2\" content=\"2 minuty\" \/>\n<script type=\"application\/ld+json\" class=\"yoast-schema-graph\">{\"@context\":\"https:\/\/schema.org\",\"@graph\":[{\"@type\":\"Article\",\"@id\":\"https:\/\/www.smedemokrati.sk\/den-vitazstva-nad-fasizmom-nie-je-len-spomienkou-je-tiez-vyzvou\/#article\",\"isPartOf\":{\"@id\":\"https:\/\/www.smedemokrati.sk\/den-vitazstva-nad-fasizmom-nie-je-len-spomienkou-je-tiez-vyzvou\/\"},\"author\":{\"name\":\"miro.sopko\",\"@id\":\"https:\/\/www.smedemokrati.sk\/#\/schema\/person\/21f147c88d605aa7ded900e1e7c344ba\"},\"headline\":\"De\u0148 v\u00ed\u0165azstva nad fa\u0161izmom nie je len spomienkou, je tie\u017e v\u00fdzvou\",\"datePublished\":\"2025-05-08T09:24:24+00:00\",\"dateModified\":\"2025-05-08T17:09:50+00:00\",\"mainEntityOfPage\":{\"@id\":\"https:\/\/www.smedemokrati.sk\/den-vitazstva-nad-fasizmom-nie-je-len-spomienkou-je-tiez-vyzvou\/\"},\"wordCount\":242,\"publisher\":{\"@id\":\"https:\/\/www.smedemokrati.sk\/#organization\"},\"image\":{\"@id\":\"https:\/\/www.smedemokrati.sk\/den-vitazstva-nad-fasizmom-nie-je-len-spomienkou-je-tiez-vyzvou\/#primaryimage\"},\"thumbnailUrl\":\"https:\/\/www.smedemokrati.sk\/wp-content\/uploads\/2025\/05\/8maj_JN.jpg\",\"articleSection\":[\"Tla\u010dov\u00e9 spr\u00e1vy\"],\"inLanguage\":\"cs-CZ\"},{\"@type\":\"WebPage\",\"@id\":\"https:\/\/www.smedemokrati.sk\/den-vitazstva-nad-fasizmom-nie-je-len-spomienkou-je-tiez-vyzvou\/\",\"url\":\"https:\/\/www.smedemokrati.sk\/den-vitazstva-nad-fasizmom-nie-je-len-spomienkou-je-tiez-vyzvou\/\",\"name\":\"De\u0148 v\u00ed\u0165azstva nad fa\u0161izmom nie je len spomienkou, je tie\u017e v\u00fdzvou\",\"isPartOf\":{\"@id\":\"https:\/\/www.smedemokrati.sk\/#website\"},\"primaryImageOfPage\":{\"@id\":\"https:\/\/www.smedemokrati.sk\/den-vitazstva-nad-fasizmom-nie-je-len-spomienkou-je-tiez-vyzvou\/#primaryimage\"},\"image\":{\"@id\":\"https:\/\/www.smedemokrati.sk\/den-vitazstva-nad-fasizmom-nie-je-len-spomienkou-je-tiez-vyzvou\/#primaryimage\"},\"thumbnailUrl\":\"https:\/\/www.smedemokrati.sk\/wp-content\/uploads\/2025\/05\/8maj_JN.jpg\",\"datePublished\":\"2025-05-08T09:24:24+00:00\",\"dateModified\":\"2025-05-08T17:09:50+00:00\",\"breadcrumb\":{\"@id\":\"https:\/\/www.smedemokrati.sk\/den-vitazstva-nad-fasizmom-nie-je-len-spomienkou-je-tiez-vyzvou\/#breadcrumb\"},\"inLanguage\":\"cs-CZ\",\"potentialAction\":[{\"@type\":\"ReadAction\",\"target\":[\"https:\/\/www.smedemokrati.sk\/den-vitazstva-nad-fasizmom-nie-je-len-spomienkou-je-tiez-vyzvou\/\"]}]},{\"@type\":\"ImageObject\",\"inLanguage\":\"cs-CZ\",\"@id\":\"https:\/\/www.smedemokrati.sk\/den-vitazstva-nad-fasizmom-nie-je-len-spomienkou-je-tiez-vyzvou\/#primaryimage\",\"url\":\"https:\/\/www.smedemokrati.sk\/wp-content\/uploads\/2025\/05\/8maj_JN.jpg\",\"contentUrl\":\"https:\/\/www.smedemokrati.sk\/wp-content\/uploads\/2025\/05\/8maj_JN.jpg\",\"width\":900,\"height\":1200},{\"@type\":\"BreadcrumbList\",\"@id\":\"https:\/\/www.smedemokrati.sk\/den-vitazstva-nad-fasizmom-nie-je-len-spomienkou-je-tiez-vyzvou\/#breadcrumb\",\"itemListElement\":[{\"@type\":\"ListItem\",\"position\":1,\"name\":\"Domovsk\u00e1 str\u00e1nka\",\"item\":\"https:\/\/www.smedemokrati.sk\/\"},{\"@type\":\"ListItem\",\"position\":2,\"name\":\"De\u0148 v\u00ed\u0165azstva nad fa\u0161izmom nie je len spomienkou, je tie\u017e v\u00fdzvou\"}]},{\"@type\":\"WebSite\",\"@id\":\"https:\/\/www.smedemokrati.sk\/#website\",\"url\":\"https:\/\/www.smedemokrati.sk\/\",\"name\":\"Smedemokrati.sk\",\"description\":\"Demokracia a slu\u0161nos\u0165 zv\u00ed\u0165az\u00ed\",\"publisher\":{\"@id\":\"https:\/\/www.smedemokrati.sk\/#organization\"},\"potentialAction\":[{\"@type\":\"SearchAction\",\"target\":{\"@type\":\"EntryPoint\",\"urlTemplate\":\"https:\/\/www.smedemokrati.sk\/?s={search_term_string}\"},\"query-input\":{\"@type\":\"PropertyValueSpecification\",\"valueRequired\":true,\"valueName\":\"search_term_string\"}}],\"inLanguage\":\"cs-CZ\"},{\"@type\":\"Organization\",\"@id\":\"https:\/\/www.smedemokrati.sk\/#organization\",\"name\":\"Smedemokrati.sk\",\"url\":\"https:\/\/www.smedemokrati.sk\/\",\"logo\":{\"@type\":\"ImageObject\",\"inLanguage\":\"cs-CZ\",\"@id\":\"https:\/\/www.smedemokrati.sk\/#\/schema\/logo\/image\/\",\"url\":\"https:\/\/www.smedemokrati.sk\/wp-content\/uploads\/2023\/04\/ff.002.jpeg\",\"contentUrl\":\"https:\/\/www.smedemokrati.sk\/wp-content\/uploads\/2023\/04\/ff.002.jpeg\",\"width\":640,\"height\":480,\"caption\":\"Smedemokrati.sk\"},\"image\":{\"@id\":\"https:\/\/www.smedemokrati.sk\/#\/schema\/logo\/image\/\"},\"sameAs\":[\"https:\/\/www.facebook.com\/smedemokrati2023\"]},{\"@type\":\"Person\",\"@id\":\"https:\/\/www.smedemokrati.sk\/#\/schema\/person\/21f147c88d605aa7ded900e1e7c344ba\",\"name\":\"miro.sopko\",\"image\":{\"@type\":\"ImageObject\",\"inLanguage\":\"cs-CZ\",\"@id\":\"https:\/\/secure.gravatar.com\/avatar\/267e4a36f704376c109afe3a78740c1f5dd8675a2180a908699e7863c9247606?s=96&d=mm&r=g\",\"url\":\"https:\/\/secure.gravatar.com\/avatar\/267e4a36f704376c109afe3a78740c1f5dd8675a2180a908699e7863c9247606?s=96&d=mm&r=g\",\"contentUrl\":\"https:\/\/secure.gravatar.com\/avatar\/267e4a36f704376c109afe3a78740c1f5dd8675a2180a908699e7863c9247606?s=96&d=mm&r=g\",\"caption\":\"miro.sopko\"},\"url\":\"https:\/\/www.smedemokrati.sk\/cs\/author\/miro-sopko\/\"}]}<\/script>\n<!-- \/ Yoast SEO plugin. -->","yoast_head_json":{"title":"De\u0148 v\u00ed\u0165azstva nad fa\u0161izmom nie je len spomienkou, je tie\u017e v\u00fdzvou","robots":{"index":"index","follow":"follow","max-snippet":"max-snippet:-1","max-image-preview":"max-image-preview:large","max-video-preview":"max-video-preview:-1"},"canonical":"https:\/\/www.smedemokrati.sk\/cs\/den-vitazstva-nad-fasizmom-nie-je-len-spomienkou-je-tiez-vyzvou\/","og_locale":"cs_CZ","og_type":"article","og_title":"[:sk]De\u0148 v\u00ed\u0165azstva nad fa\u0161izmom nie je len spomienkou, je tie\u017e v\u00fdzvou[:] - Smedemokrati.sk","og_description":"Predstavitelia strany Demokrati si pripomenuli De\u0148 v\u00ed\u0165azstva nad fa\u0161izmom polo\u017een\u00edm kytice k Hrobu nezn\u00e1meho vojaka v Bratislave. Uctili si tak pamiatku v\u0161etk\u00fdch, ktor\u00ed polo\u017eili \u017eivoty v boji za slobodu a por\u00e1\u017eku nacizmu po\u010das druhej svetovej vojny.&nbsp; B\u00fdval\u00fd minister obrany Jaroslav Na\u010f pri tejto pr\u00edle\u017eitosti zd\u00f4raznil d\u00f4le\u017eitos\u0165 mieru a hodnoty demokracie&nbsp;\u201eSme svedkami toho, ako sa agresia [&hellip;]","og_url":"https:\/\/www.smedemokrati.sk\/cs\/den-vitazstva-nad-fasizmom-nie-je-len-spomienkou-je-tiez-vyzvou\/","og_site_name":"Smedemokrati.sk","article_publisher":"https:\/\/www.facebook.com\/smedemokrati2023","article_published_time":"2025-05-08T09:24:24+00:00","article_modified_time":"2025-05-08T17:09:50+00:00","og_image":[{"width":900,"height":1200,"url":"https:\/\/www.smedemokrati.sk\/wp-content\/uploads\/2025\/05\/8maj_JN.jpg","type":"image\/jpeg"}],"author":"miro.sopko","twitter_card":"summary_large_image","twitter_misc":{"Napsal(a)":"miro.sopko","Odhadovan\u00e1 doba \u010dten\u00ed":"2 minuty"},"schema":{"@context":"https:\/\/schema.org","@graph":[{"@type":"Article","@id":"https:\/\/www.smedemokrati.sk\/den-vitazstva-nad-fasizmom-nie-je-len-spomienkou-je-tiez-vyzvou\/#article","isPartOf":{"@id":"https:\/\/www.smedemokrati.sk\/den-vitazstva-nad-fasizmom-nie-je-len-spomienkou-je-tiez-vyzvou\/"},"author":{"name":"miro.sopko","@id":"https:\/\/www.smedemokrati.sk\/#\/schema\/person\/21f147c88d605aa7ded900e1e7c344ba"},"headline":"De\u0148 v\u00ed\u0165azstva nad fa\u0161izmom nie je len spomienkou, je tie\u017e v\u00fdzvou","datePublished":"2025-05-08T09:24:24+00:00","dateModified":"2025-05-08T17:09:50+00:00","mainEntityOfPage":{"@id":"https:\/\/www.smedemokrati.sk\/den-vitazstva-nad-fasizmom-nie-je-len-spomienkou-je-tiez-vyzvou\/"},"wordCount":242,"publisher":{"@id":"https:\/\/www.smedemokrati.sk\/#organization"},"image":{"@id":"https:\/\/www.smedemokrati.sk\/den-vitazstva-nad-fasizmom-nie-je-len-spomienkou-je-tiez-vyzvou\/#primaryimage"},"thumbnailUrl":"https:\/\/www.smedemokrati.sk\/wp-content\/uploads\/2025\/05\/8maj_JN.jpg","articleSection":["Tla\u010dov\u00e9 spr\u00e1vy"],"inLanguage":"cs-CZ"},{"@type":"WebPage","@id":"https:\/\/www.smedemokrati.sk\/den-vitazstva-nad-fasizmom-nie-je-len-spomienkou-je-tiez-vyzvou\/","url":"https:\/\/www.smedemokrati.sk\/den-vitazstva-nad-fasizmom-nie-je-len-spomienkou-je-tiez-vyzvou\/","name":"De\u0148 v\u00ed\u0165azstva nad fa\u0161izmom nie je len spomienkou, je tie\u017e v\u00fdzvou","isPartOf":{"@id":"https:\/\/www.smedemokrati.sk\/#website"},"primaryImageOfPage":{"@id":"https:\/\/www.smedemokrati.sk\/den-vitazstva-nad-fasizmom-nie-je-len-spomienkou-je-tiez-vyzvou\/#primaryimage"},"image":{"@id":"https:\/\/www.smedemokrati.sk\/den-vitazstva-nad-fasizmom-nie-je-len-spomienkou-je-tiez-vyzvou\/#primaryimage"},"thumbnailUrl":"https:\/\/www.smedemokrati.sk\/wp-content\/uploads\/2025\/05\/8maj_JN.jpg","datePublished":"2025-05-08T09:24:24+00:00","dateModified":"2025-05-08T17:09:50+00:00","breadcrumb":{"@id":"https:\/\/www.smedemokrati.sk\/den-vitazstva-nad-fasizmom-nie-je-len-spomienkou-je-tiez-vyzvou\/#breadcrumb"},"inLanguage":"cs-CZ","potentialAction":[{"@type":"ReadAction","target":["https:\/\/www.smedemokrati.sk\/den-vitazstva-nad-fasizmom-nie-je-len-spomienkou-je-tiez-vyzvou\/"]}]},{"@type":"ImageObject","inLanguage":"cs-CZ","@id":"https:\/\/www.smedemokrati.sk\/den-vitazstva-nad-fasizmom-nie-je-len-spomienkou-je-tiez-vyzvou\/#primaryimage","url":"https:\/\/www.smedemokrati.sk\/wp-content\/uploads\/2025\/05\/8maj_JN.jpg","contentUrl":"https:\/\/www.smedemokrati.sk\/wp-content\/uploads\/2025\/05\/8maj_JN.jpg","width":900,"height":1200},{"@type":"BreadcrumbList","@id":"https:\/\/www.smedemokrati.sk\/den-vitazstva-nad-fasizmom-nie-je-len-spomienkou-je-tiez-vyzvou\/#breadcrumb","itemListElement":[{"@type":"ListItem","position":1,"name":"Domovsk\u00e1 str\u00e1nka","item":"https:\/\/www.smedemokrati.sk\/"},{"@type":"ListItem","position":2,"name":"De\u0148 v\u00ed\u0165azstva nad fa\u0161izmom nie je len spomienkou, je tie\u017e v\u00fdzvou"}]},{"@type":"WebSite","@id":"https:\/\/www.smedemokrati.sk\/#website","url":"https:\/\/www.smedemokrati.sk\/","name":"Smedemokrati.sk","description":"Demokracia a slu\u0161nos\u0165 zv\u00ed\u0165az\u00ed","publisher":{"@id":"https:\/\/www.smedemokrati.sk\/#organization"},"potentialAction":[{"@type":"SearchAction","target":{"@type":"EntryPoint","urlTemplate":"https:\/\/www.smedemokrati.sk\/?s={search_term_string}"},"query-input":{"@type":"PropertyValueSpecification","valueRequired":true,"valueName":"search_term_string"}}],"inLanguage":"cs-CZ"},{"@type":"Organization","@id":"https:\/\/www.smedemokrati.sk\/#organization","name":"Smedemokrati.sk","url":"https:\/\/www.smedemokrati.sk\/","logo":{"@type":"ImageObject","inLanguage":"cs-CZ","@id":"https:\/\/www.smedemokrati.sk\/#\/schema\/logo\/image\/","url":"https:\/\/www.smedemokrati.sk\/wp-content\/uploads\/2023\/04\/ff.002.jpeg","contentUrl":"https:\/\/www.smedemokrati.sk\/wp-content\/uploads\/2023\/04\/ff.002.jpeg","width":640,"height":480,"caption":"Smedemokrati.sk"},"image":{"@id":"https:\/\/www.smedemokrati.sk\/#\/schema\/logo\/image\/"},"sameAs":["https:\/\/www.facebook.com\/smedemokrati2023"]},{"@type":"Person","@id":"https:\/\/www.smedemokrati.sk\/#\/schema\/person\/21f147c88d605aa7ded900e1e7c344ba","name":"miro.sopko","image":{"@type":"ImageObject","inLanguage":"cs-CZ","@id":"https:\/\/secure.gravatar.com\/avatar\/267e4a36f704376c109afe3a78740c1f5dd8675a2180a908699e7863c9247606?s=96&d=mm&r=g","url":"https:\/\/secure.gravatar.com\/avatar\/267e4a36f704376c109afe3a78740c1f5dd8675a2180a908699e7863c9247606?s=96&d=mm&r=g","contentUrl":"https:\/\/secure.gravatar.com\/avatar\/267e4a36f704376c109afe3a78740c1f5dd8675a2180a908699e7863c9247606?s=96&d=mm&r=g","caption":"miro.sopko"},"url":"https:\/\/www.smedemokrati.sk\/cs\/author\/miro-sopko\/"}]}},"_links":{"self":[{"href":"https:\/\/www.smedemokrati.sk\/cs\/wp-json\/wp\/v2\/posts\/7168","targetHints":{"allow":["GET"]}}],"collection":[{"href":"https:\/\/www.smedemokrati.sk\/cs\/wp-json\/wp\/v2\/posts"}],"about":[{"href":"https:\/\/www.smedemokrati.sk\/cs\/wp-json\/wp\/v2\/types\/post"}],"author":[{"embeddable":true,"href":"https:\/\/www.smedemokrati.sk\/cs\/wp-json\/wp\/v2\/users\/13"}],"replies":[{"embeddable":true,"href":"https:\/\/www.smedemokrati.sk\/cs\/wp-json\/wp\/v2\/comments?post=7168"}],"version-history":[{"count":3,"href":"https:\/\/www.smedemokrati.sk\/cs\/wp-json\/wp\/v2\/posts\/7168\/revisions"}],"predecessor-version":[{"id":7174,"href":"https:\/\/www.smedemokrati.sk\/cs\/wp-json\/wp\/v2\/posts\/7168\/revisions\/7174"}],"wp:featuredmedia":[{"embeddable":true,"href":"https:\/\/www.smedemokrati.sk\/cs\/wp-json\/wp\/v2\/media\/7171"}],"wp:attachment":[{"href":"https:\/\/www.smedemokrati.sk\/cs\/wp-json\/wp\/v2\/media?parent=7168"}],"wp:term":[{"taxonomy":"category","embeddable":true,"href":"https:\/\/www.smedemokrati.sk\/cs\/wp-json\/wp\/v2\/categories?post=7168"},{"taxonomy":"post_tag","embeddable":true,"href":"https:\/\/www.smedemokrati.sk\/cs\/wp-json\/wp\/v2\/tags?post=7168"}],"curies":[{"name":"wp","href":"https:\/\/api.w.org\/{rel}","templated":true}]}}