{"id":7165,"date":"2025-05-07T11:52:46","date_gmt":"2025-05-07T10:52:46","guid":{"rendered":"https:\/\/www.smedemokrati.sk\/?p=7165"},"modified":"2025-05-07T11:52:47","modified_gmt":"2025-05-07T10:52:47","slug":"chysta-sa-vlada-podviest-europu-pri-revizii-planu-obnovy","status":"publish","type":"post","link":"https:\/\/www.smedemokrati.sk\/cs\/chysta-sa-vlada-podviest-europu-pri-revizii-planu-obnovy\/","title":{"rendered":"Chyst\u00e1 sa vl\u00e1da podvies\u0165 Eur\u00f3pu pri rev\u00edzi\u00ed pl\u00e1nu obnovy?"},"content":{"rendered":"<div id=\"fb-root\"><\/div>\n\n<p><strong>Taraba v rev\u00edzii pl\u00e1nu obnovy nev\u00fdhodne vymenil v\u00fdkupy pozemkov za povinn\u00e9 zon\u00e1cie, ktor\u00e9 bud\u00fa musie\u0165 sp\u013a\u0148a\u0165 krit\u00e9ri\u00e1 Eur\u00f3pskej komisie (EK). Do 1. \u0161tvr\u0165roka 2026 musia dokon\u010di\u0165 zon\u00e1cie v\u0161etk\u00fdch n\u00e1rodn\u00fdch parkov, a to tak, aby sa striktne (v A z\u00f3ne, teda v 5. stupni ochrany) chr\u00e1nili lokality hluch\u00e1\u0148a h\u00f4rneho a cenn\u00e9 pralesy bez oh\u013eadu na vlastn\u00edctvo. Taraba s Kuffom bu\u010f klam\u00fa svojich voli\u010dov alebo sa chystaj\u00fa podvies\u0165 Eur\u00f3psku komisiu, \u010do n\u00e1s m\u00f4\u017ee vyjs\u0165 draho. Vyz\u00fdvame Tarabu, aby v z\u00e1ujme Slovenskej republiky ne\u0161pekuloval a pripravil kvalitn\u00e9 zon\u00e1cie, tak ako sa zaviazal eur\u00f3pskym partnerom.&nbsp;&nbsp;<\/strong><\/p>\n\n\n\n<p>Eur\u00f3pska komisia mala predbe\u017ene pozit\u00edvne vyhodnoti\u0165 z\u00e1mer rev\u00edzie pl\u00e1nu obnovy, ktor\u00fd predlo\u017eila vl\u00e1da. \u201e<em>V\u00fdsledn\u00e1 podoba dojednan\u00e1 vl\u00e1dou je v\u0161ak pln\u00e1 prekvapen\u00ed. Ur\u010dite nie je bez v\u00fdznamu, \u017ee vl\u00e1da rev\u00edziu nepredlo\u017eila do medzirezortn\u00e9ho pripomienkov\u00e9ho konania, jej fin\u00e1lnu podobu neschv\u00e1lila (\u010d\u00edm poru\u0161ila z\u00e1kon o pl\u00e1ne obnovy) a napokon aj to, \u010do vyrokovali v Bruseli, sa l\u00ed\u0161i od r\u00e1mcov\u00e9ho mand\u00e1tu, ktor\u00fd si nechala schv\u00e1li\u0165,<\/em>\u201d uv\u00e1dza Eduard Heger, b\u00fdval\u00fd premi\u00e9r a podpredseda Demokratov.\u00a0<\/p>\n\n\n\n<p>Na\u0161e podozrenie, \u017ee vl\u00e1de chce pri zon\u00e1ci\u00e1ch podvies\u0165 EK, vypl\u00fdva priamo z dokument\u00e1cie, ktorou disponujeme. Oslabenie svojho z\u00e1v\u00e4zku vo\u010di EK chc\u00fa dosiahnu\u0165 prostredn\u00edctvom odkazu na \u00a7 15 z\u00e1kona o ochrane pr\u00edrody a krajiny, teda 4. stup\u0148om, kde \u0165a\u017eba za ur\u010dit\u00fdch podmienok by\u0165 m\u00f4\u017ee.<em>&nbsp; &#8222;Je naivn\u00e9, ak si Taraba mysl\u00ed, \u017ee tak\u00fdto dodatok si Eur\u00f3pska komisia nev\u0161imne. Celkovo ma prekvapuje, \u017ee opatrenie na podporu biodiverzity, v\u00fdkupy pozemkov, z ktor\u00e9ho by \u0161t\u00e1t len z\u00edskal, vymenil za povinn\u00e9 zon\u00e1cie, proti ktor\u00fdm tak bojovali. A v\u0161etko nasved\u010duje tomu, \u017ee Taraba ide \u010falej oklama\u0165 Eur\u00f3psku komisiu<\/em>&#8222;, hovor\u00ed Michal Ki\u010da.<\/p>\n\n\n\n<p>\u201e<em>Ob\u00e1vam sa, \u017ee t\u00e1to vl\u00e1da zon\u00e1cie naplno vyu\u017eije na oslabenie ochrany pr\u00edrody a potom sa to bude sna\u017ei\u0165 \u201epreda\u0165\u201d komisii ako ve\u013ek\u00fd \u00faspech. Prv\u00e9 pr\u00edklady m\u00f4\u017eeme vidie\u0165 vo Vysok\u00fdch Tatr\u00e1ch, kde pl\u00e1nuj\u00fa katastrof\u00e1lne oslabenie ochrany Bobroveckej doliny \u010di v Polonin\u00e1ch, kde presadzuj\u00fa minimum bezz\u00e1sahu a oslabovanie ochrany Stariny,<\/em>&#8220; dop\u013a\u0148a Ki\u010da.<\/p>\n\n\n\n<p>No najv\u00e4\u010d\u0161ie \u0161kody m\u00f4\u017eu sp\u00f4sobi\u0165 na \u00fazem\u00ed Malej Fatry, kde je mno\u017estvo cenn\u00fdch hluch\u00e1n\u00edch biotopov. N\u00e1vrh jej zon\u00e1cie bude \u010doskoro predstaven\u00fd, no pod\u013ea na\u0161ich dostupn\u00fdch inform\u00e1ci\u00ed u\u017e teraz mo\u017eno usudzova\u0165, \u017ee zon\u00e1cia bude vyhovova\u0165 iba \u00fazkym z\u00e1ujmov\u00fdm skupin\u00e1m na \u00fakor ochrany pr\u00edrody .<\/p>\n\n\n\n<p>\u201e<em>Pripravme sa na bet\u00f3n, nekontrolovan\u00e9 a bezbreh\u00e9 stavby, hovor\u00ed sa o viac ako 15 nov\u00fdch z\u00e1meroch od zjazdoviek, cez chaty a vleky, najm\u00e4 vo Vr\u00e1tnej, holoruby a z\u00e1sahy v\u0161ade, kde m\u00f4\u017eu ma\u0165 urb\u00e1rnici \u013eahk\u00fd pr\u00edstup k vy\u0165a\u017eite\u013en\u00fdm lesom. V hre dokonca ost\u00e1va aj pr\u00edrodn\u00fd park (teda zru\u0161enie n\u00e1rodn\u00e9ho parku), ktor\u00fd mala dokonca podpori\u0165 rada n\u00e1rodn\u00e9ho parku na zasadnut\u00ed 30. 4., a to aj hlasmi z\u00e1stupcov M\u017dP SR. \u010ci\u017ee pred E\u00da sa hr\u00e1me na strikn\u00fa ochranu a doma kon\u00e1me presne naopak\u2026 je to tak\u00e9 tarabovsko-kuffovsk\u00e9 a som presved\u010den\u00fd, \u017ee komisia bola vl\u00e1dou oklaman\u00e1,<\/em>&#8220; uzatv\u00e1ra Ki\u010da.<\/p>\n\n\n<div class=\"fb-video\" data-href=\"https:\/\/fb.watch\/zqUXgxohcP\" data-allowfullscreen=\"true\" data-autoplay=\"false\" data-width=\"\" data-show-text=\"false\" data-show-captions=\"true\"><\/div>\n","protected":false},"excerpt":{"rendered":"<p>Taraba v rev\u00edzii pl\u00e1nu obnovy nev\u00fdhodne vymenil v\u00fdkupy pozemkov za povinn\u00e9 zon\u00e1cie, ktor\u00e9 bud\u00fa musie\u0165 sp\u013a\u0148a\u0165 krit\u00e9ri\u00e1 Eur\u00f3pskej komisie (EK). Do 1. \u0161tvr\u0165roka 2026 musia dokon\u010di\u0165 zon\u00e1cie v\u0161etk\u00fdch n\u00e1rodn\u00fdch parkov, a to tak, aby sa striktne (v A z\u00f3ne, teda v 5. stupni ochrany) chr\u00e1nili lokality hluch\u00e1\u0148a h\u00f4rneho a cenn\u00e9 pralesy bez oh\u013eadu na vlastn\u00edctvo. [&hellip;]<\/p>\n","protected":false},"author":13,"featured_media":7166,"comment_status":"closed","ping_status":"closed","sticky":false,"template":"","format":"standard","meta":{"_acf_changed":false,"ngg_post_thumbnail":0,"footnotes":""},"categories":[4],"tags":[],"class_list":["post-7165","post","type-post","status-publish","format-standard","has-post-thumbnail","hentry","category-tlacove-spravy"],"acf":[],"yoast_head":"<!-- This site is optimized with the Yoast SEO plugin v27.2 - https:\/\/yoast.com\/product\/yoast-seo-wordpress\/ -->\n<title>Chyst\u00e1 sa vl\u00e1da podvies\u0165 Eur\u00f3pu pri rev\u00edzi\u00ed pl\u00e1nu obnovy?<\/title>\n<meta name=\"robots\" content=\"index, follow, max-snippet:-1, max-image-preview:large, max-video-preview:-1\" \/>\n<link rel=\"canonical\" href=\"https:\/\/www.smedemokrati.sk\/cs\/chysta-sa-vlada-podviest-europu-pri-revizii-planu-obnovy\/\" \/>\n<meta property=\"og:locale\" content=\"cs_CZ\" \/>\n<meta property=\"og:locale:alternate\" content=\"en_US\" \/>\n<meta property=\"og:locale:alternate\" content=\"hu_HU\" \/>\n<meta property=\"og:locale:alternate\" content=\"sk_SK\" \/>\n<meta property=\"og:locale:alternate\" content=\"sv_SE\" \/>\n<meta property=\"og:type\" content=\"article\" \/>\n<meta property=\"og:title\" content=\"Chyst\u00e1 sa vl\u00e1da podvies\u0165 Eur\u00f3pu pri rev\u00edzi\u00ed pl\u00e1nu obnovy?\" \/>\n<meta property=\"og:description\" content=\"Taraba v rev\u00edzii pl\u00e1nu obnovy nev\u00fdhodne vymenil v\u00fdkupy pozemkov za povinn\u00e9 zon\u00e1cie, ktor\u00e9 bud\u00fa musie\u0165 sp\u013a\u0148a\u0165 krit\u00e9ri\u00e1 Eur\u00f3pskej komisie (EK). Do 1. \u0161tvr\u0165roka 2026 musia dokon\u010di\u0165 zon\u00e1cie v\u0161etk\u00fdch n\u00e1rodn\u00fdch parkov, a to tak, aby sa striktne (v A z\u00f3ne, teda v 5. stupni ochrany) chr\u00e1nili lokality hluch\u00e1\u0148a h\u00f4rneho a cenn\u00e9 pralesy bez oh\u013eadu na vlastn\u00edctvo. [&hellip;]\" \/>\n<meta property=\"og:url\" content=\"https:\/\/www.smedemokrati.sk\/cs\/chysta-sa-vlada-podviest-europu-pri-revizii-planu-obnovy\/\" \/>\n<meta property=\"og:site_name\" content=\"Smedemokrati.sk\" \/>\n<meta property=\"article:publisher\" content=\"https:\/\/www.facebook.com\/smedemokrati2023\" \/>\n<meta property=\"article:published_time\" content=\"2025-05-07T10:52:46+00:00\" \/>\n<meta property=\"article:modified_time\" content=\"2025-05-07T10:52:47+00:00\" \/>\n<meta property=\"og:image\" content=\"https:\/\/www.smedemokrati.sk\/wp-content\/uploads\/2025\/05\/kica-heger-zonacia.jpg\" \/>\n\t<meta property=\"og:image:width\" content=\"1026\" \/>\n\t<meta property=\"og:image:height\" content=\"572\" \/>\n\t<meta property=\"og:image:type\" content=\"image\/jpeg\" \/>\n<meta name=\"author\" content=\"miro.sopko\" \/>\n<meta name=\"twitter:card\" content=\"summary_large_image\" \/>\n<meta name=\"twitter:label1\" content=\"Napsal(a)\" \/>\n\t<meta name=\"twitter:data1\" content=\"miro.sopko\" \/>\n\t<meta name=\"twitter:label2\" content=\"Odhadovan\u00e1 doba \u010dten\u00ed\" \/>\n\t<meta name=\"twitter:data2\" content=\"3 minuty\" \/>\n<script type=\"application\/ld+json\" class=\"yoast-schema-graph\">{\"@context\":\"https:\/\/schema.org\",\"@graph\":[{\"@type\":\"Article\",\"@id\":\"https:\/\/www.smedemokrati.sk\/chysta-sa-vlada-podviest-europu-pri-revizii-planu-obnovy\/#article\",\"isPartOf\":{\"@id\":\"https:\/\/www.smedemokrati.sk\/chysta-sa-vlada-podviest-europu-pri-revizii-planu-obnovy\/\"},\"author\":{\"name\":\"miro.sopko\",\"@id\":\"https:\/\/www.smedemokrati.sk\/#\/schema\/person\/21f147c88d605aa7ded900e1e7c344ba\"},\"headline\":\"Chyst\u00e1 sa vl\u00e1da podvies\u0165 Eur\u00f3pu pri rev\u00edzi\u00ed pl\u00e1nu obnovy?\",\"datePublished\":\"2025-05-07T10:52:46+00:00\",\"dateModified\":\"2025-05-07T10:52:47+00:00\",\"mainEntityOfPage\":{\"@id\":\"https:\/\/www.smedemokrati.sk\/chysta-sa-vlada-podviest-europu-pri-revizii-planu-obnovy\/\"},\"wordCount\":614,\"publisher\":{\"@id\":\"https:\/\/www.smedemokrati.sk\/#organization\"},\"image\":{\"@id\":\"https:\/\/www.smedemokrati.sk\/chysta-sa-vlada-podviest-europu-pri-revizii-planu-obnovy\/#primaryimage\"},\"thumbnailUrl\":\"https:\/\/www.smedemokrati.sk\/wp-content\/uploads\/2025\/05\/kica-heger-zonacia.jpg\",\"articleSection\":[\"Tla\u010dov\u00e9 spr\u00e1vy\"],\"inLanguage\":\"cs-CZ\"},{\"@type\":\"WebPage\",\"@id\":\"https:\/\/www.smedemokrati.sk\/chysta-sa-vlada-podviest-europu-pri-revizii-planu-obnovy\/\",\"url\":\"https:\/\/www.smedemokrati.sk\/chysta-sa-vlada-podviest-europu-pri-revizii-planu-obnovy\/\",\"name\":\"Chyst\u00e1 sa vl\u00e1da podvies\u0165 Eur\u00f3pu pri rev\u00edzi\u00ed pl\u00e1nu obnovy?\",\"isPartOf\":{\"@id\":\"https:\/\/www.smedemokrati.sk\/#website\"},\"primaryImageOfPage\":{\"@id\":\"https:\/\/www.smedemokrati.sk\/chysta-sa-vlada-podviest-europu-pri-revizii-planu-obnovy\/#primaryimage\"},\"image\":{\"@id\":\"https:\/\/www.smedemokrati.sk\/chysta-sa-vlada-podviest-europu-pri-revizii-planu-obnovy\/#primaryimage\"},\"thumbnailUrl\":\"https:\/\/www.smedemokrati.sk\/wp-content\/uploads\/2025\/05\/kica-heger-zonacia.jpg\",\"datePublished\":\"2025-05-07T10:52:46+00:00\",\"dateModified\":\"2025-05-07T10:52:47+00:00\",\"breadcrumb\":{\"@id\":\"https:\/\/www.smedemokrati.sk\/chysta-sa-vlada-podviest-europu-pri-revizii-planu-obnovy\/#breadcrumb\"},\"inLanguage\":\"cs-CZ\",\"potentialAction\":[{\"@type\":\"ReadAction\",\"target\":[\"https:\/\/www.smedemokrati.sk\/chysta-sa-vlada-podviest-europu-pri-revizii-planu-obnovy\/\"]}]},{\"@type\":\"ImageObject\",\"inLanguage\":\"cs-CZ\",\"@id\":\"https:\/\/www.smedemokrati.sk\/chysta-sa-vlada-podviest-europu-pri-revizii-planu-obnovy\/#primaryimage\",\"url\":\"https:\/\/www.smedemokrati.sk\/wp-content\/uploads\/2025\/05\/kica-heger-zonacia.jpg\",\"contentUrl\":\"https:\/\/www.smedemokrati.sk\/wp-content\/uploads\/2025\/05\/kica-heger-zonacia.jpg\",\"width\":1026,\"height\":572},{\"@type\":\"BreadcrumbList\",\"@id\":\"https:\/\/www.smedemokrati.sk\/chysta-sa-vlada-podviest-europu-pri-revizii-planu-obnovy\/#breadcrumb\",\"itemListElement\":[{\"@type\":\"ListItem\",\"position\":1,\"name\":\"Domovsk\u00e1 str\u00e1nka\",\"item\":\"https:\/\/www.smedemokrati.sk\/\"},{\"@type\":\"ListItem\",\"position\":2,\"name\":\"Chyst\u00e1 sa vl\u00e1da podvies\u0165 Eur\u00f3pu pri rev\u00edzi\u00ed pl\u00e1nu obnovy?\"}]},{\"@type\":\"WebSite\",\"@id\":\"https:\/\/www.smedemokrati.sk\/#website\",\"url\":\"https:\/\/www.smedemokrati.sk\/\",\"name\":\"Smedemokrati.sk\",\"description\":\"Demokracia a slu\u0161nos\u0165 zv\u00ed\u0165az\u00ed\",\"publisher\":{\"@id\":\"https:\/\/www.smedemokrati.sk\/#organization\"},\"potentialAction\":[{\"@type\":\"SearchAction\",\"target\":{\"@type\":\"EntryPoint\",\"urlTemplate\":\"https:\/\/www.smedemokrati.sk\/?s={search_term_string}\"},\"query-input\":{\"@type\":\"PropertyValueSpecification\",\"valueRequired\":true,\"valueName\":\"search_term_string\"}}],\"inLanguage\":\"cs-CZ\"},{\"@type\":\"Organization\",\"@id\":\"https:\/\/www.smedemokrati.sk\/#organization\",\"name\":\"Smedemokrati.sk\",\"url\":\"https:\/\/www.smedemokrati.sk\/\",\"logo\":{\"@type\":\"ImageObject\",\"inLanguage\":\"cs-CZ\",\"@id\":\"https:\/\/www.smedemokrati.sk\/#\/schema\/logo\/image\/\",\"url\":\"https:\/\/www.smedemokrati.sk\/wp-content\/uploads\/2023\/04\/ff.002.jpeg\",\"contentUrl\":\"https:\/\/www.smedemokrati.sk\/wp-content\/uploads\/2023\/04\/ff.002.jpeg\",\"width\":640,\"height\":480,\"caption\":\"Smedemokrati.sk\"},\"image\":{\"@id\":\"https:\/\/www.smedemokrati.sk\/#\/schema\/logo\/image\/\"},\"sameAs\":[\"https:\/\/www.facebook.com\/smedemokrati2023\"]},{\"@type\":\"Person\",\"@id\":\"https:\/\/www.smedemokrati.sk\/#\/schema\/person\/21f147c88d605aa7ded900e1e7c344ba\",\"name\":\"miro.sopko\",\"image\":{\"@type\":\"ImageObject\",\"inLanguage\":\"cs-CZ\",\"@id\":\"https:\/\/secure.gravatar.com\/avatar\/267e4a36f704376c109afe3a78740c1f5dd8675a2180a908699e7863c9247606?s=96&d=mm&r=g\",\"url\":\"https:\/\/secure.gravatar.com\/avatar\/267e4a36f704376c109afe3a78740c1f5dd8675a2180a908699e7863c9247606?s=96&d=mm&r=g\",\"contentUrl\":\"https:\/\/secure.gravatar.com\/avatar\/267e4a36f704376c109afe3a78740c1f5dd8675a2180a908699e7863c9247606?s=96&d=mm&r=g\",\"caption\":\"miro.sopko\"},\"url\":\"https:\/\/www.smedemokrati.sk\/cs\/author\/miro-sopko\/\"}]}<\/script>\n<!-- \/ Yoast SEO plugin. -->","yoast_head_json":{"title":"Chyst\u00e1 sa vl\u00e1da podvies\u0165 Eur\u00f3pu pri rev\u00edzi\u00ed pl\u00e1nu obnovy?","robots":{"index":"index","follow":"follow","max-snippet":"max-snippet:-1","max-image-preview":"max-image-preview:large","max-video-preview":"max-video-preview:-1"},"canonical":"https:\/\/www.smedemokrati.sk\/cs\/chysta-sa-vlada-podviest-europu-pri-revizii-planu-obnovy\/","og_locale":"cs_CZ","og_type":"article","og_title":"[:sk]Chyst\u00e1 sa vl\u00e1da podvies\u0165 Eur\u00f3pu pri rev\u00edzi\u00ed pl\u00e1nu obnovy?[:] - Smedemokrati.sk","og_description":"Taraba v rev\u00edzii pl\u00e1nu obnovy nev\u00fdhodne vymenil v\u00fdkupy pozemkov za povinn\u00e9 zon\u00e1cie, ktor\u00e9 bud\u00fa musie\u0165 sp\u013a\u0148a\u0165 krit\u00e9ri\u00e1 Eur\u00f3pskej komisie (EK). Do 1. \u0161tvr\u0165roka 2026 musia dokon\u010di\u0165 zon\u00e1cie v\u0161etk\u00fdch n\u00e1rodn\u00fdch parkov, a to tak, aby sa striktne (v A z\u00f3ne, teda v 5. stupni ochrany) chr\u00e1nili lokality hluch\u00e1\u0148a h\u00f4rneho a cenn\u00e9 pralesy bez oh\u013eadu na vlastn\u00edctvo. [&hellip;]","og_url":"https:\/\/www.smedemokrati.sk\/cs\/chysta-sa-vlada-podviest-europu-pri-revizii-planu-obnovy\/","og_site_name":"Smedemokrati.sk","article_publisher":"https:\/\/www.facebook.com\/smedemokrati2023","article_published_time":"2025-05-07T10:52:46+00:00","article_modified_time":"2025-05-07T10:52:47+00:00","og_image":[{"width":1026,"height":572,"url":"https:\/\/www.smedemokrati.sk\/wp-content\/uploads\/2025\/05\/kica-heger-zonacia.jpg","type":"image\/jpeg"}],"author":"miro.sopko","twitter_card":"summary_large_image","twitter_misc":{"Napsal(a)":"miro.sopko","Odhadovan\u00e1 doba \u010dten\u00ed":"3 minuty"},"schema":{"@context":"https:\/\/schema.org","@graph":[{"@type":"Article","@id":"https:\/\/www.smedemokrati.sk\/chysta-sa-vlada-podviest-europu-pri-revizii-planu-obnovy\/#article","isPartOf":{"@id":"https:\/\/www.smedemokrati.sk\/chysta-sa-vlada-podviest-europu-pri-revizii-planu-obnovy\/"},"author":{"name":"miro.sopko","@id":"https:\/\/www.smedemokrati.sk\/#\/schema\/person\/21f147c88d605aa7ded900e1e7c344ba"},"headline":"Chyst\u00e1 sa vl\u00e1da podvies\u0165 Eur\u00f3pu pri rev\u00edzi\u00ed pl\u00e1nu obnovy?","datePublished":"2025-05-07T10:52:46+00:00","dateModified":"2025-05-07T10:52:47+00:00","mainEntityOfPage":{"@id":"https:\/\/www.smedemokrati.sk\/chysta-sa-vlada-podviest-europu-pri-revizii-planu-obnovy\/"},"wordCount":614,"publisher":{"@id":"https:\/\/www.smedemokrati.sk\/#organization"},"image":{"@id":"https:\/\/www.smedemokrati.sk\/chysta-sa-vlada-podviest-europu-pri-revizii-planu-obnovy\/#primaryimage"},"thumbnailUrl":"https:\/\/www.smedemokrati.sk\/wp-content\/uploads\/2025\/05\/kica-heger-zonacia.jpg","articleSection":["Tla\u010dov\u00e9 spr\u00e1vy"],"inLanguage":"cs-CZ"},{"@type":"WebPage","@id":"https:\/\/www.smedemokrati.sk\/chysta-sa-vlada-podviest-europu-pri-revizii-planu-obnovy\/","url":"https:\/\/www.smedemokrati.sk\/chysta-sa-vlada-podviest-europu-pri-revizii-planu-obnovy\/","name":"Chyst\u00e1 sa vl\u00e1da podvies\u0165 Eur\u00f3pu pri rev\u00edzi\u00ed pl\u00e1nu obnovy?","isPartOf":{"@id":"https:\/\/www.smedemokrati.sk\/#website"},"primaryImageOfPage":{"@id":"https:\/\/www.smedemokrati.sk\/chysta-sa-vlada-podviest-europu-pri-revizii-planu-obnovy\/#primaryimage"},"image":{"@id":"https:\/\/www.smedemokrati.sk\/chysta-sa-vlada-podviest-europu-pri-revizii-planu-obnovy\/#primaryimage"},"thumbnailUrl":"https:\/\/www.smedemokrati.sk\/wp-content\/uploads\/2025\/05\/kica-heger-zonacia.jpg","datePublished":"2025-05-07T10:52:46+00:00","dateModified":"2025-05-07T10:52:47+00:00","breadcrumb":{"@id":"https:\/\/www.smedemokrati.sk\/chysta-sa-vlada-podviest-europu-pri-revizii-planu-obnovy\/#breadcrumb"},"inLanguage":"cs-CZ","potentialAction":[{"@type":"ReadAction","target":["https:\/\/www.smedemokrati.sk\/chysta-sa-vlada-podviest-europu-pri-revizii-planu-obnovy\/"]}]},{"@type":"ImageObject","inLanguage":"cs-CZ","@id":"https:\/\/www.smedemokrati.sk\/chysta-sa-vlada-podviest-europu-pri-revizii-planu-obnovy\/#primaryimage","url":"https:\/\/www.smedemokrati.sk\/wp-content\/uploads\/2025\/05\/kica-heger-zonacia.jpg","contentUrl":"https:\/\/www.smedemokrati.sk\/wp-content\/uploads\/2025\/05\/kica-heger-zonacia.jpg","width":1026,"height":572},{"@type":"BreadcrumbList","@id":"https:\/\/www.smedemokrati.sk\/chysta-sa-vlada-podviest-europu-pri-revizii-planu-obnovy\/#breadcrumb","itemListElement":[{"@type":"ListItem","position":1,"name":"Domovsk\u00e1 str\u00e1nka","item":"https:\/\/www.smedemokrati.sk\/"},{"@type":"ListItem","position":2,"name":"Chyst\u00e1 sa vl\u00e1da podvies\u0165 Eur\u00f3pu pri rev\u00edzi\u00ed pl\u00e1nu obnovy?"}]},{"@type":"WebSite","@id":"https:\/\/www.smedemokrati.sk\/#website","url":"https:\/\/www.smedemokrati.sk\/","name":"Smedemokrati.sk","description":"Demokracia a slu\u0161nos\u0165 zv\u00ed\u0165az\u00ed","publisher":{"@id":"https:\/\/www.smedemokrati.sk\/#organization"},"potentialAction":[{"@type":"SearchAction","target":{"@type":"EntryPoint","urlTemplate":"https:\/\/www.smedemokrati.sk\/?s={search_term_string}"},"query-input":{"@type":"PropertyValueSpecification","valueRequired":true,"valueName":"search_term_string"}}],"inLanguage":"cs-CZ"},{"@type":"Organization","@id":"https:\/\/www.smedemokrati.sk\/#organization","name":"Smedemokrati.sk","url":"https:\/\/www.smedemokrati.sk\/","logo":{"@type":"ImageObject","inLanguage":"cs-CZ","@id":"https:\/\/www.smedemokrati.sk\/#\/schema\/logo\/image\/","url":"https:\/\/www.smedemokrati.sk\/wp-content\/uploads\/2023\/04\/ff.002.jpeg","contentUrl":"https:\/\/www.smedemokrati.sk\/wp-content\/uploads\/2023\/04\/ff.002.jpeg","width":640,"height":480,"caption":"Smedemokrati.sk"},"image":{"@id":"https:\/\/www.smedemokrati.sk\/#\/schema\/logo\/image\/"},"sameAs":["https:\/\/www.facebook.com\/smedemokrati2023"]},{"@type":"Person","@id":"https:\/\/www.smedemokrati.sk\/#\/schema\/person\/21f147c88d605aa7ded900e1e7c344ba","name":"miro.sopko","image":{"@type":"ImageObject","inLanguage":"cs-CZ","@id":"https:\/\/secure.gravatar.com\/avatar\/267e4a36f704376c109afe3a78740c1f5dd8675a2180a908699e7863c9247606?s=96&d=mm&r=g","url":"https:\/\/secure.gravatar.com\/avatar\/267e4a36f704376c109afe3a78740c1f5dd8675a2180a908699e7863c9247606?s=96&d=mm&r=g","contentUrl":"https:\/\/secure.gravatar.com\/avatar\/267e4a36f704376c109afe3a78740c1f5dd8675a2180a908699e7863c9247606?s=96&d=mm&r=g","caption":"miro.sopko"},"url":"https:\/\/www.smedemokrati.sk\/cs\/author\/miro-sopko\/"}]}},"_links":{"self":[{"href":"https:\/\/www.smedemokrati.sk\/cs\/wp-json\/wp\/v2\/posts\/7165","targetHints":{"allow":["GET"]}}],"collection":[{"href":"https:\/\/www.smedemokrati.sk\/cs\/wp-json\/wp\/v2\/posts"}],"about":[{"href":"https:\/\/www.smedemokrati.sk\/cs\/wp-json\/wp\/v2\/types\/post"}],"author":[{"embeddable":true,"href":"https:\/\/www.smedemokrati.sk\/cs\/wp-json\/wp\/v2\/users\/13"}],"replies":[{"embeddable":true,"href":"https:\/\/www.smedemokrati.sk\/cs\/wp-json\/wp\/v2\/comments?post=7165"}],"version-history":[{"count":1,"href":"https:\/\/www.smedemokrati.sk\/cs\/wp-json\/wp\/v2\/posts\/7165\/revisions"}],"predecessor-version":[{"id":7167,"href":"https:\/\/www.smedemokrati.sk\/cs\/wp-json\/wp\/v2\/posts\/7165\/revisions\/7167"}],"wp:featuredmedia":[{"embeddable":true,"href":"https:\/\/www.smedemokrati.sk\/cs\/wp-json\/wp\/v2\/media\/7166"}],"wp:attachment":[{"href":"https:\/\/www.smedemokrati.sk\/cs\/wp-json\/wp\/v2\/media?parent=7165"}],"wp:term":[{"taxonomy":"category","embeddable":true,"href":"https:\/\/www.smedemokrati.sk\/cs\/wp-json\/wp\/v2\/categories?post=7165"},{"taxonomy":"post_tag","embeddable":true,"href":"https:\/\/www.smedemokrati.sk\/cs\/wp-json\/wp\/v2\/tags?post=7165"}],"curies":[{"name":"wp","href":"https:\/\/api.w.org\/{rel}","templated":true}]}}