{"id":6945,"date":"2025-04-16T08:22:22","date_gmt":"2025-04-16T07:22:22","guid":{"rendered":"https:\/\/www.smedemokrati.sk\/?p=6945"},"modified":"2025-04-16T08:22:24","modified_gmt":"2025-04-16T07:22:24","slug":"statisticky-urad-sa-sprava-ako-sukromna-prieskumna-agentura-roberta-fica-podavame-podnet-na-nku","status":"publish","type":"post","link":"https:\/\/www.smedemokrati.sk\/cs\/statisticky-urad-sa-sprava-ako-sukromna-prieskumna-agentura-roberta-fica-podavame-podnet-na-nku\/","title":{"rendered":"\u0160tatistick\u00fd \u00farad sa spr\u00e1va ako s\u00fakromn\u00e1 prieskumn\u00e1 agent\u00fara Roberta Fica. Pod\u00e1vame podnet na NK\u00da"},"content":{"rendered":"<div id=\"fb-root\"><\/div>\n\n<p><strong>Prieskumn\u00e1 agent\u00fara \u0160tatistick\u00e9ho \u00faradu SR mesiace mapuje postoje verejnosti ku krokom Roberta Fica v oblasti zahrani\u010dnej politiky, jeho \u00fatoky na politick\u00fdch oponentov, na ob\u010diansky sektor, aj vn\u00fatro koali\u010dn\u00e9 h\u00e1dky. Pod\u013ea strany Demokrati s\u00fa tak\u00e9to prieskumy mrhan\u00edm verejn\u00fdch prostriedkov a preto sa obracaj\u00fa na najvy\u0161\u0161\u00ed kontroln\u00fd \u00farad.&nbsp;<\/strong><\/p>\n\n\n\n<p><em>\u201eDlhodobo upozor\u0148ujeme, \u017ee Robert Fico rob\u00ed nezodpovedn\u00fa, populistick\u00fa a demagogick\u00fa politiku s cie\u013eom zap\u00e1\u010di\u0165 sa svojim voli\u010dom. A teraz sa to potvrdilo. \u010cere\u0161ni\u010dkou na torte je, \u017ee sa mu na to sklad\u00e1me my z na\u0161ich pe\u0148a\u017eeniek.\u201d<\/em>\u00a0komentuje zistenie telev\u00edzie Mark\u00edza Jaroslav Na\u010f, predseda strany Demokrati.<\/p>\n\n\n\n<p>Infostat \u0160tatistick\u00e9ho \u00faradu SR sa obyvate\u013eov Slovenska napr\u00edklad p\u00fdtal, \u010di veria premi\u00e9rov\u00fdm varovaniam o pokusoch o \u0161t\u00e1tny prevrat, \u010di s\u00fahlasia s n\u00e1v\u0161tevou Moskvy a \u010c\u00edny, aj to, kto je vinn\u00edkom sporu medzi Huliakom a Dankom.&nbsp;<\/p>\n\n\n\n<p><em>\u201eNa t\u00fato nebezpe\u010dn\u00fa hra Roberta Fica sa sklad\u00e1me dvakr\u00e1t. Raz plat\u00edme za to, \u017ee si Robert Fico odmeria, s akou absurdnos\u0165ou pr\u00edde, a druh\u00fdkr\u00e1t, ke\u010f n\u00e1s jej n\u00e1sledky dobehn\u00fa v praxi,\u201d<\/em>\u00a0dod\u00e1va Monika Podhor\u00e1ny Masarikov\u00e1, analyti\u010dka strany Demokrati, ktor\u00e1 sa venuje ob\u010dianskemu sektoru a bezpe\u010dnosti. Z\u00e1rove\u0148 spochyb\u0148uje, \u017ee v\u00fdsledky prieskumov \u00fadajne dodnes nikto nevidel a \u017ee si prieskumn\u00e9 ot\u00e1zky Infostat vym\u00fd\u0161\u013ea s\u00e1m.<\/p>\n\n\n\n<p><em>\u201ePreto pod\u00e1vame podnet na Najvy\u0161\u0161\u00ed kontroln\u00fd \u00farad, aby preveril, za ak\u00fdm \u00fa\u010delom k zberu doch\u00e1dza, a \u010di ide o hospod\u00e1rne nakladanie s prostriedkami \u0161t\u00e1tu\u201d,<\/em>\u00a0uzatv\u00e1ra Podhor\u00e1ny Masarikov\u00e1.<\/p>\n\n\n<div class=\"fb-video\" data-href=\"https:\/\/www.facebook.com\/monika.demokrati\/videos\/1382666726207817\/?mibextid=wwXIfr&rdid=66qfb2ri6cnYUT0G\" data-allowfullscreen=\"true\" data-autoplay=\"false\" data-width=\"\" data-show-text=\"false\" data-show-captions=\"true\"><\/div>\n","protected":false},"excerpt":{"rendered":"<p>Prieskumn\u00e1 agent\u00fara \u0160tatistick\u00e9ho \u00faradu SR mesiace mapuje postoje verejnosti ku krokom Roberta Fica v oblasti zahrani\u010dnej politiky, jeho \u00fatoky na politick\u00fdch oponentov, na ob\u010diansky sektor, aj vn\u00fatro koali\u010dn\u00e9 h\u00e1dky. Pod\u013ea strany Demokrati s\u00fa tak\u00e9to prieskumy mrhan\u00edm verejn\u00fdch prostriedkov a preto sa obracaj\u00fa na najvy\u0161\u0161\u00ed kontroln\u00fd \u00farad.&nbsp; \u201eDlhodobo upozor\u0148ujeme, \u017ee Robert Fico rob\u00ed nezodpovedn\u00fa, populistick\u00fa a [&hellip;]<\/p>\n","protected":false},"author":13,"featured_media":142,"comment_status":"closed","ping_status":"closed","sticky":false,"template":"","format":"standard","meta":{"_acf_changed":false,"ngg_post_thumbnail":0,"footnotes":""},"categories":[4],"tags":[],"class_list":["post-6945","post","type-post","status-publish","format-standard","has-post-thumbnail","hentry","category-tlacove-spravy"],"acf":[],"yoast_head":"<!-- This site is optimized with the Yoast SEO plugin v27.2 - https:\/\/yoast.com\/product\/yoast-seo-wordpress\/ -->\n<title>\u0160tatistick\u00fd \u00farad sa spr\u00e1va ako s\u00fakromn\u00e1 prieskumn\u00e1 agent\u00fara Roberta Fica. Pod\u00e1vame podnet na NK\u00da<\/title>\n<meta name=\"robots\" content=\"index, follow, max-snippet:-1, max-image-preview:large, max-video-preview:-1\" \/>\n<link rel=\"canonical\" href=\"https:\/\/www.smedemokrati.sk\/cs\/statisticky-urad-sa-sprava-ako-sukromna-prieskumna-agentura-roberta-fica-podavame-podnet-na-nku\/\" \/>\n<meta property=\"og:locale\" content=\"cs_CZ\" \/>\n<meta property=\"og:locale:alternate\" content=\"en_US\" \/>\n<meta property=\"og:locale:alternate\" content=\"hu_HU\" \/>\n<meta property=\"og:locale:alternate\" content=\"sk_SK\" \/>\n<meta property=\"og:locale:alternate\" content=\"sv_SE\" \/>\n<meta property=\"og:type\" content=\"article\" \/>\n<meta property=\"og:title\" content=\"\u0160tatistick\u00fd \u00farad sa spr\u00e1va ako s\u00fakromn\u00e1 prieskumn\u00e1 agent\u00fara Roberta Fica. Pod\u00e1vame podnet na NK\u00da\" \/>\n<meta property=\"og:description\" content=\"Prieskumn\u00e1 agent\u00fara \u0160tatistick\u00e9ho \u00faradu SR mesiace mapuje postoje verejnosti ku krokom Roberta Fica v oblasti zahrani\u010dnej politiky, jeho \u00fatoky na politick\u00fdch oponentov, na ob\u010diansky sektor, aj vn\u00fatro koali\u010dn\u00e9 h\u00e1dky. Pod\u013ea strany Demokrati s\u00fa tak\u00e9to prieskumy mrhan\u00edm verejn\u00fdch prostriedkov a preto sa obracaj\u00fa na najvy\u0161\u0161\u00ed kontroln\u00fd \u00farad.&nbsp; \u201eDlhodobo upozor\u0148ujeme, \u017ee Robert Fico rob\u00ed nezodpovedn\u00fa, populistick\u00fa a [&hellip;]\" \/>\n<meta property=\"og:url\" content=\"https:\/\/www.smedemokrati.sk\/cs\/statisticky-urad-sa-sprava-ako-sukromna-prieskumna-agentura-roberta-fica-podavame-podnet-na-nku\/\" \/>\n<meta property=\"og:site_name\" content=\"Smedemokrati.sk\" \/>\n<meta property=\"article:publisher\" content=\"https:\/\/www.facebook.com\/smedemokrati2023\" \/>\n<meta property=\"article:published_time\" content=\"2025-04-16T07:22:22+00:00\" \/>\n<meta property=\"article:modified_time\" content=\"2025-04-16T07:22:24+00:00\" \/>\n<meta property=\"og:image\" content=\"https:\/\/www.smedemokrati.sk\/wp-content\/uploads\/2023\/03\/foto_MM.png\" \/>\n\t<meta property=\"og:image:width\" content=\"476\" \/>\n\t<meta property=\"og:image:height\" content=\"380\" \/>\n\t<meta property=\"og:image:type\" content=\"image\/png\" \/>\n<meta name=\"author\" content=\"miro.sopko\" \/>\n<meta name=\"twitter:card\" content=\"summary_large_image\" \/>\n<meta name=\"twitter:label1\" content=\"Napsal(a)\" \/>\n\t<meta name=\"twitter:data1\" content=\"miro.sopko\" \/>\n\t<meta name=\"twitter:label2\" content=\"Odhadovan\u00e1 doba \u010dten\u00ed\" \/>\n\t<meta name=\"twitter:data2\" content=\"2 minuty\" \/>\n<script type=\"application\/ld+json\" class=\"yoast-schema-graph\">{\"@context\":\"https:\/\/schema.org\",\"@graph\":[{\"@type\":\"Article\",\"@id\":\"https:\/\/www.smedemokrati.sk\/statisticky-urad-sa-sprava-ako-sukromna-prieskumna-agentura-roberta-fica-podavame-podnet-na-nku\/#article\",\"isPartOf\":{\"@id\":\"https:\/\/www.smedemokrati.sk\/statisticky-urad-sa-sprava-ako-sukromna-prieskumna-agentura-roberta-fica-podavame-podnet-na-nku\/\"},\"author\":{\"name\":\"miro.sopko\",\"@id\":\"https:\/\/www.smedemokrati.sk\/#\/schema\/person\/21f147c88d605aa7ded900e1e7c344ba\"},\"headline\":\"\u0160tatistick\u00fd \u00farad sa spr\u00e1va ako s\u00fakromn\u00e1 prieskumn\u00e1 agent\u00fara Roberta Fica. Pod\u00e1vame podnet na NK\u00da\",\"datePublished\":\"2025-04-16T07:22:22+00:00\",\"dateModified\":\"2025-04-16T07:22:24+00:00\",\"mainEntityOfPage\":{\"@id\":\"https:\/\/www.smedemokrati.sk\/statisticky-urad-sa-sprava-ako-sukromna-prieskumna-agentura-roberta-fica-podavame-podnet-na-nku\/\"},\"wordCount\":319,\"publisher\":{\"@id\":\"https:\/\/www.smedemokrati.sk\/#organization\"},\"image\":{\"@id\":\"https:\/\/www.smedemokrati.sk\/statisticky-urad-sa-sprava-ako-sukromna-prieskumna-agentura-roberta-fica-podavame-podnet-na-nku\/#primaryimage\"},\"thumbnailUrl\":\"https:\/\/www.smedemokrati.sk\/wp-content\/uploads\/2023\/03\/foto_MM.png\",\"articleSection\":[\"Tla\u010dov\u00e9 spr\u00e1vy\"],\"inLanguage\":\"cs-CZ\"},{\"@type\":\"WebPage\",\"@id\":\"https:\/\/www.smedemokrati.sk\/statisticky-urad-sa-sprava-ako-sukromna-prieskumna-agentura-roberta-fica-podavame-podnet-na-nku\/\",\"url\":\"https:\/\/www.smedemokrati.sk\/statisticky-urad-sa-sprava-ako-sukromna-prieskumna-agentura-roberta-fica-podavame-podnet-na-nku\/\",\"name\":\"\u0160tatistick\u00fd \u00farad sa spr\u00e1va ako s\u00fakromn\u00e1 prieskumn\u00e1 agent\u00fara Roberta Fica. Pod\u00e1vame podnet na NK\u00da\",\"isPartOf\":{\"@id\":\"https:\/\/www.smedemokrati.sk\/#website\"},\"primaryImageOfPage\":{\"@id\":\"https:\/\/www.smedemokrati.sk\/statisticky-urad-sa-sprava-ako-sukromna-prieskumna-agentura-roberta-fica-podavame-podnet-na-nku\/#primaryimage\"},\"image\":{\"@id\":\"https:\/\/www.smedemokrati.sk\/statisticky-urad-sa-sprava-ako-sukromna-prieskumna-agentura-roberta-fica-podavame-podnet-na-nku\/#primaryimage\"},\"thumbnailUrl\":\"https:\/\/www.smedemokrati.sk\/wp-content\/uploads\/2023\/03\/foto_MM.png\",\"datePublished\":\"2025-04-16T07:22:22+00:00\",\"dateModified\":\"2025-04-16T07:22:24+00:00\",\"breadcrumb\":{\"@id\":\"https:\/\/www.smedemokrati.sk\/statisticky-urad-sa-sprava-ako-sukromna-prieskumna-agentura-roberta-fica-podavame-podnet-na-nku\/#breadcrumb\"},\"inLanguage\":\"cs-CZ\",\"potentialAction\":[{\"@type\":\"ReadAction\",\"target\":[\"https:\/\/www.smedemokrati.sk\/statisticky-urad-sa-sprava-ako-sukromna-prieskumna-agentura-roberta-fica-podavame-podnet-na-nku\/\"]}]},{\"@type\":\"ImageObject\",\"inLanguage\":\"cs-CZ\",\"@id\":\"https:\/\/www.smedemokrati.sk\/statisticky-urad-sa-sprava-ako-sukromna-prieskumna-agentura-roberta-fica-podavame-podnet-na-nku\/#primaryimage\",\"url\":\"https:\/\/www.smedemokrati.sk\/wp-content\/uploads\/2023\/03\/foto_MM.png\",\"contentUrl\":\"https:\/\/www.smedemokrati.sk\/wp-content\/uploads\/2023\/03\/foto_MM.png\",\"width\":476,\"height\":380},{\"@type\":\"BreadcrumbList\",\"@id\":\"https:\/\/www.smedemokrati.sk\/statisticky-urad-sa-sprava-ako-sukromna-prieskumna-agentura-roberta-fica-podavame-podnet-na-nku\/#breadcrumb\",\"itemListElement\":[{\"@type\":\"ListItem\",\"position\":1,\"name\":\"Domovsk\u00e1 str\u00e1nka\",\"item\":\"https:\/\/www.smedemokrati.sk\/\"},{\"@type\":\"ListItem\",\"position\":2,\"name\":\"\u0160tatistick\u00fd \u00farad sa spr\u00e1va ako s\u00fakromn\u00e1 prieskumn\u00e1 agent\u00fara Roberta Fica. Pod\u00e1vame podnet na NK\u00da\"}]},{\"@type\":\"WebSite\",\"@id\":\"https:\/\/www.smedemokrati.sk\/#website\",\"url\":\"https:\/\/www.smedemokrati.sk\/\",\"name\":\"Smedemokrati.sk\",\"description\":\"Demokracia a slu\u0161nos\u0165 zv\u00ed\u0165az\u00ed\",\"publisher\":{\"@id\":\"https:\/\/www.smedemokrati.sk\/#organization\"},\"potentialAction\":[{\"@type\":\"SearchAction\",\"target\":{\"@type\":\"EntryPoint\",\"urlTemplate\":\"https:\/\/www.smedemokrati.sk\/?s={search_term_string}\"},\"query-input\":{\"@type\":\"PropertyValueSpecification\",\"valueRequired\":true,\"valueName\":\"search_term_string\"}}],\"inLanguage\":\"cs-CZ\"},{\"@type\":\"Organization\",\"@id\":\"https:\/\/www.smedemokrati.sk\/#organization\",\"name\":\"Smedemokrati.sk\",\"url\":\"https:\/\/www.smedemokrati.sk\/\",\"logo\":{\"@type\":\"ImageObject\",\"inLanguage\":\"cs-CZ\",\"@id\":\"https:\/\/www.smedemokrati.sk\/#\/schema\/logo\/image\/\",\"url\":\"https:\/\/www.smedemokrati.sk\/wp-content\/uploads\/2023\/04\/ff.002.jpeg\",\"contentUrl\":\"https:\/\/www.smedemokrati.sk\/wp-content\/uploads\/2023\/04\/ff.002.jpeg\",\"width\":640,\"height\":480,\"caption\":\"Smedemokrati.sk\"},\"image\":{\"@id\":\"https:\/\/www.smedemokrati.sk\/#\/schema\/logo\/image\/\"},\"sameAs\":[\"https:\/\/www.facebook.com\/smedemokrati2023\"]},{\"@type\":\"Person\",\"@id\":\"https:\/\/www.smedemokrati.sk\/#\/schema\/person\/21f147c88d605aa7ded900e1e7c344ba\",\"name\":\"miro.sopko\",\"image\":{\"@type\":\"ImageObject\",\"inLanguage\":\"cs-CZ\",\"@id\":\"https:\/\/secure.gravatar.com\/avatar\/267e4a36f704376c109afe3a78740c1f5dd8675a2180a908699e7863c9247606?s=96&d=mm&r=g\",\"url\":\"https:\/\/secure.gravatar.com\/avatar\/267e4a36f704376c109afe3a78740c1f5dd8675a2180a908699e7863c9247606?s=96&d=mm&r=g\",\"contentUrl\":\"https:\/\/secure.gravatar.com\/avatar\/267e4a36f704376c109afe3a78740c1f5dd8675a2180a908699e7863c9247606?s=96&d=mm&r=g\",\"caption\":\"miro.sopko\"},\"url\":\"https:\/\/www.smedemokrati.sk\/cs\/author\/miro-sopko\/\"}]}<\/script>\n<!-- \/ Yoast SEO plugin. -->","yoast_head_json":{"title":"\u0160tatistick\u00fd \u00farad sa spr\u00e1va ako s\u00fakromn\u00e1 prieskumn\u00e1 agent\u00fara Roberta Fica. Pod\u00e1vame podnet na NK\u00da","robots":{"index":"index","follow":"follow","max-snippet":"max-snippet:-1","max-image-preview":"max-image-preview:large","max-video-preview":"max-video-preview:-1"},"canonical":"https:\/\/www.smedemokrati.sk\/cs\/statisticky-urad-sa-sprava-ako-sukromna-prieskumna-agentura-roberta-fica-podavame-podnet-na-nku\/","og_locale":"cs_CZ","og_type":"article","og_title":"[:sk]\u0160tatistick\u00fd \u00farad sa spr\u00e1va ako s\u00fakromn\u00e1 prieskumn\u00e1 agent\u00fara Roberta Fica. Pod\u00e1vame podnet na NK\u00da[:] - Smedemokrati.sk","og_description":"Prieskumn\u00e1 agent\u00fara \u0160tatistick\u00e9ho \u00faradu SR mesiace mapuje postoje verejnosti ku krokom Roberta Fica v oblasti zahrani\u010dnej politiky, jeho \u00fatoky na politick\u00fdch oponentov, na ob\u010diansky sektor, aj vn\u00fatro koali\u010dn\u00e9 h\u00e1dky. Pod\u013ea strany Demokrati s\u00fa tak\u00e9to prieskumy mrhan\u00edm verejn\u00fdch prostriedkov a preto sa obracaj\u00fa na najvy\u0161\u0161\u00ed kontroln\u00fd \u00farad.&nbsp; \u201eDlhodobo upozor\u0148ujeme, \u017ee Robert Fico rob\u00ed nezodpovedn\u00fa, populistick\u00fa a [&hellip;]","og_url":"https:\/\/www.smedemokrati.sk\/cs\/statisticky-urad-sa-sprava-ako-sukromna-prieskumna-agentura-roberta-fica-podavame-podnet-na-nku\/","og_site_name":"Smedemokrati.sk","article_publisher":"https:\/\/www.facebook.com\/smedemokrati2023","article_published_time":"2025-04-16T07:22:22+00:00","article_modified_time":"2025-04-16T07:22:24+00:00","og_image":[{"width":476,"height":380,"url":"https:\/\/www.smedemokrati.sk\/wp-content\/uploads\/2023\/03\/foto_MM.png","type":"image\/png"}],"author":"miro.sopko","twitter_card":"summary_large_image","twitter_misc":{"Napsal(a)":"miro.sopko","Odhadovan\u00e1 doba \u010dten\u00ed":"2 minuty"},"schema":{"@context":"https:\/\/schema.org","@graph":[{"@type":"Article","@id":"https:\/\/www.smedemokrati.sk\/statisticky-urad-sa-sprava-ako-sukromna-prieskumna-agentura-roberta-fica-podavame-podnet-na-nku\/#article","isPartOf":{"@id":"https:\/\/www.smedemokrati.sk\/statisticky-urad-sa-sprava-ako-sukromna-prieskumna-agentura-roberta-fica-podavame-podnet-na-nku\/"},"author":{"name":"miro.sopko","@id":"https:\/\/www.smedemokrati.sk\/#\/schema\/person\/21f147c88d605aa7ded900e1e7c344ba"},"headline":"\u0160tatistick\u00fd \u00farad sa spr\u00e1va ako s\u00fakromn\u00e1 prieskumn\u00e1 agent\u00fara Roberta Fica. Pod\u00e1vame podnet na NK\u00da","datePublished":"2025-04-16T07:22:22+00:00","dateModified":"2025-04-16T07:22:24+00:00","mainEntityOfPage":{"@id":"https:\/\/www.smedemokrati.sk\/statisticky-urad-sa-sprava-ako-sukromna-prieskumna-agentura-roberta-fica-podavame-podnet-na-nku\/"},"wordCount":319,"publisher":{"@id":"https:\/\/www.smedemokrati.sk\/#organization"},"image":{"@id":"https:\/\/www.smedemokrati.sk\/statisticky-urad-sa-sprava-ako-sukromna-prieskumna-agentura-roberta-fica-podavame-podnet-na-nku\/#primaryimage"},"thumbnailUrl":"https:\/\/www.smedemokrati.sk\/wp-content\/uploads\/2023\/03\/foto_MM.png","articleSection":["Tla\u010dov\u00e9 spr\u00e1vy"],"inLanguage":"cs-CZ"},{"@type":"WebPage","@id":"https:\/\/www.smedemokrati.sk\/statisticky-urad-sa-sprava-ako-sukromna-prieskumna-agentura-roberta-fica-podavame-podnet-na-nku\/","url":"https:\/\/www.smedemokrati.sk\/statisticky-urad-sa-sprava-ako-sukromna-prieskumna-agentura-roberta-fica-podavame-podnet-na-nku\/","name":"\u0160tatistick\u00fd \u00farad sa spr\u00e1va ako s\u00fakromn\u00e1 prieskumn\u00e1 agent\u00fara Roberta Fica. Pod\u00e1vame podnet na NK\u00da","isPartOf":{"@id":"https:\/\/www.smedemokrati.sk\/#website"},"primaryImageOfPage":{"@id":"https:\/\/www.smedemokrati.sk\/statisticky-urad-sa-sprava-ako-sukromna-prieskumna-agentura-roberta-fica-podavame-podnet-na-nku\/#primaryimage"},"image":{"@id":"https:\/\/www.smedemokrati.sk\/statisticky-urad-sa-sprava-ako-sukromna-prieskumna-agentura-roberta-fica-podavame-podnet-na-nku\/#primaryimage"},"thumbnailUrl":"https:\/\/www.smedemokrati.sk\/wp-content\/uploads\/2023\/03\/foto_MM.png","datePublished":"2025-04-16T07:22:22+00:00","dateModified":"2025-04-16T07:22:24+00:00","breadcrumb":{"@id":"https:\/\/www.smedemokrati.sk\/statisticky-urad-sa-sprava-ako-sukromna-prieskumna-agentura-roberta-fica-podavame-podnet-na-nku\/#breadcrumb"},"inLanguage":"cs-CZ","potentialAction":[{"@type":"ReadAction","target":["https:\/\/www.smedemokrati.sk\/statisticky-urad-sa-sprava-ako-sukromna-prieskumna-agentura-roberta-fica-podavame-podnet-na-nku\/"]}]},{"@type":"ImageObject","inLanguage":"cs-CZ","@id":"https:\/\/www.smedemokrati.sk\/statisticky-urad-sa-sprava-ako-sukromna-prieskumna-agentura-roberta-fica-podavame-podnet-na-nku\/#primaryimage","url":"https:\/\/www.smedemokrati.sk\/wp-content\/uploads\/2023\/03\/foto_MM.png","contentUrl":"https:\/\/www.smedemokrati.sk\/wp-content\/uploads\/2023\/03\/foto_MM.png","width":476,"height":380},{"@type":"BreadcrumbList","@id":"https:\/\/www.smedemokrati.sk\/statisticky-urad-sa-sprava-ako-sukromna-prieskumna-agentura-roberta-fica-podavame-podnet-na-nku\/#breadcrumb","itemListElement":[{"@type":"ListItem","position":1,"name":"Domovsk\u00e1 str\u00e1nka","item":"https:\/\/www.smedemokrati.sk\/"},{"@type":"ListItem","position":2,"name":"\u0160tatistick\u00fd \u00farad sa spr\u00e1va ako s\u00fakromn\u00e1 prieskumn\u00e1 agent\u00fara Roberta Fica. Pod\u00e1vame podnet na NK\u00da"}]},{"@type":"WebSite","@id":"https:\/\/www.smedemokrati.sk\/#website","url":"https:\/\/www.smedemokrati.sk\/","name":"Smedemokrati.sk","description":"Demokracia a slu\u0161nos\u0165 zv\u00ed\u0165az\u00ed","publisher":{"@id":"https:\/\/www.smedemokrati.sk\/#organization"},"potentialAction":[{"@type":"SearchAction","target":{"@type":"EntryPoint","urlTemplate":"https:\/\/www.smedemokrati.sk\/?s={search_term_string}"},"query-input":{"@type":"PropertyValueSpecification","valueRequired":true,"valueName":"search_term_string"}}],"inLanguage":"cs-CZ"},{"@type":"Organization","@id":"https:\/\/www.smedemokrati.sk\/#organization","name":"Smedemokrati.sk","url":"https:\/\/www.smedemokrati.sk\/","logo":{"@type":"ImageObject","inLanguage":"cs-CZ","@id":"https:\/\/www.smedemokrati.sk\/#\/schema\/logo\/image\/","url":"https:\/\/www.smedemokrati.sk\/wp-content\/uploads\/2023\/04\/ff.002.jpeg","contentUrl":"https:\/\/www.smedemokrati.sk\/wp-content\/uploads\/2023\/04\/ff.002.jpeg","width":640,"height":480,"caption":"Smedemokrati.sk"},"image":{"@id":"https:\/\/www.smedemokrati.sk\/#\/schema\/logo\/image\/"},"sameAs":["https:\/\/www.facebook.com\/smedemokrati2023"]},{"@type":"Person","@id":"https:\/\/www.smedemokrati.sk\/#\/schema\/person\/21f147c88d605aa7ded900e1e7c344ba","name":"miro.sopko","image":{"@type":"ImageObject","inLanguage":"cs-CZ","@id":"https:\/\/secure.gravatar.com\/avatar\/267e4a36f704376c109afe3a78740c1f5dd8675a2180a908699e7863c9247606?s=96&d=mm&r=g","url":"https:\/\/secure.gravatar.com\/avatar\/267e4a36f704376c109afe3a78740c1f5dd8675a2180a908699e7863c9247606?s=96&d=mm&r=g","contentUrl":"https:\/\/secure.gravatar.com\/avatar\/267e4a36f704376c109afe3a78740c1f5dd8675a2180a908699e7863c9247606?s=96&d=mm&r=g","caption":"miro.sopko"},"url":"https:\/\/www.smedemokrati.sk\/cs\/author\/miro-sopko\/"}]}},"_links":{"self":[{"href":"https:\/\/www.smedemokrati.sk\/cs\/wp-json\/wp\/v2\/posts\/6945","targetHints":{"allow":["GET"]}}],"collection":[{"href":"https:\/\/www.smedemokrati.sk\/cs\/wp-json\/wp\/v2\/posts"}],"about":[{"href":"https:\/\/www.smedemokrati.sk\/cs\/wp-json\/wp\/v2\/types\/post"}],"author":[{"embeddable":true,"href":"https:\/\/www.smedemokrati.sk\/cs\/wp-json\/wp\/v2\/users\/13"}],"replies":[{"embeddable":true,"href":"https:\/\/www.smedemokrati.sk\/cs\/wp-json\/wp\/v2\/comments?post=6945"}],"version-history":[{"count":1,"href":"https:\/\/www.smedemokrati.sk\/cs\/wp-json\/wp\/v2\/posts\/6945\/revisions"}],"predecessor-version":[{"id":6946,"href":"https:\/\/www.smedemokrati.sk\/cs\/wp-json\/wp\/v2\/posts\/6945\/revisions\/6946"}],"wp:featuredmedia":[{"embeddable":true,"href":"https:\/\/www.smedemokrati.sk\/cs\/wp-json\/wp\/v2\/media\/142"}],"wp:attachment":[{"href":"https:\/\/www.smedemokrati.sk\/cs\/wp-json\/wp\/v2\/media?parent=6945"}],"wp:term":[{"taxonomy":"category","embeddable":true,"href":"https:\/\/www.smedemokrati.sk\/cs\/wp-json\/wp\/v2\/categories?post=6945"},{"taxonomy":"post_tag","embeddable":true,"href":"https:\/\/www.smedemokrati.sk\/cs\/wp-json\/wp\/v2\/tags?post=6945"}],"curies":[{"name":"wp","href":"https:\/\/api.w.org\/{rel}","templated":true}]}}