{"id":6936,"date":"2025-04-15T14:49:39","date_gmt":"2025-04-15T13:49:39","guid":{"rendered":"https:\/\/www.smedemokrati.sk\/?p=6936"},"modified":"2025-04-15T14:52:02","modified_gmt":"2025-04-15T13:52:02","slug":"vlada-planuje-zoskrtat-pridavky-na-deti-potvrdzuju-to-dokumenty-ktore-sme-ziskal","status":"publish","type":"post","link":"https:\/\/www.smedemokrati.sk\/cs\/vlada-planuje-zoskrtat-pridavky-na-deti-potvrdzuju-to-dokumenty-ktore-sme-ziskal\/","title":{"rendered":"Vl\u00e1da pl\u00e1nuje zo\u0161krta\u0165 pr\u00eddavky na deti, potvrdzuj\u00fa to dokumenty, ktor\u00e9 sme z\u00edskal"},"content":{"rendered":"<div id=\"fb-root\"><\/div>\n\n<p><strong>Strana Demokrati disponuje d\u00f4kazmi, pod\u013ea ktor\u00fdch chce vl\u00e1da Roberta Fica zo\u0161krta\u0165 rodinn\u00e9 pr\u00eddavky, nachystan\u00e9 s\u00fa tri scen\u00e1re.&nbsp;<\/strong><\/p>\n\n\n\n<p><em>\u201eU\u017e vid\u00edte ten rozdiel? K\u00fdm za na\u0161ej vl\u00e1dy sme pr\u00edspevok na die\u0165a zv\u00fd\u0161ili viac ako dvojn\u00e1sobne, preto\u017ee aj v predo\u0161lom obdob\u00ed na rodiny vl\u00e1da Roberta Fica ka\u0161\u013eala, teraz op\u00e4\u0165 pod veden\u00edm Fica id\u00fa okres\u00e1va\u0165 pr\u00edspevky na polovicu. Je to brut\u00e1lny \u00fatok na rodiny, na ktor\u00fd nem\u00e1 predseda vl\u00e1dy \u0161ancu obh\u00e1ji\u0165, preto ho vyz\u00fdvam aby zi\u0161li z krat\u0161ej cesty a upustili od tohto z\u00e1meru.&#8220;&nbsp;<\/em>Hovor\u00ed b\u00fdval\u00fd premi\u00e9r Eduard Heger a dop\u013a\u0148a, \u017ee toto \u0161krtanie m\u00f4\u017ee znamena\u0165, \u017ee \u0161tudenti bud\u00fa musie\u0165 popri \u0161t\u00fadiu zh\u00e1\u0148a\u0165 brig\u00e1dy, aby pomohli rodi\u010dom utiahnu\u0165 dom\u00e1cnos\u0165.<\/p>\n\n\n\n<p>\u201e<em>Pod\u013ea dokumentov, ktor\u00e9 sme z\u00edskali, pripravuje Kamenick\u00e9ho rezort zn\u00ed\u017ei\u0165 rodinn\u00e9 pr\u00eddavky na polovicu, a to zo 60 eur na 30 eur pre v\u0161etky rodiny, s v\u00fdnimkou rod\u00edn v hmotnej n\u00fadzi. V druhom pr\u00edpade, by polovicu rodinn\u00fdch pr\u00eddavkov zobrali v\u0161etk\u00fdm rodin\u00e1m okrem rod\u00edn v hmotnej n\u00fadzi, rod\u00edn s troma a viac de\u0165mi, pr\u00edpadne osamel\u00fdm rodi\u010dom. Ak sa napln\u00ed posledn\u00fd scen\u00e1r, pr\u00eddavok zru\u0161ia&nbsp;pre v\u0161etky deti, ktor\u00e9 dosiahli 18 rokov. Rodi\u010dia namiesto 60 eur, ktor\u00e9 teraz m\u00f4\u017eu pobera\u0165 a\u017e do 25. roku \u017eivota die\u0165a\u0165a ak nav\u0161tevuje stredn\u00fa alebo vysok\u00fa \u0161kolu, dostan\u00fa 0 eur,&#8220;<\/em>&nbsp;vysvet\u013euje Jaroslav Na\u010f predseda strany Demokrati a kritizuje, \u017ee vl\u00e1da u\u017e v\u00fdznamne zn\u00ed\u017eila da\u0148ov\u00fd bonus, pre zl\u00fa ekonomick\u00fa situ\u00e1ciu s\u00favisiacu s transak\u010dnou da\u0148ou a \u010fal\u0161\u00edmi nezmyseln\u00fdmi opatreniami krachuje fabrika za fabrikou, \u013eudia s\u00fa prep\u00fa\u0161\u0165an\u00ed a mnoh\u00e9 rodiny sa dost\u00e1vaj\u00fa pre s\u00fa\u010dasn\u00e9 vl\u00e1dnutie do existen\u010dn\u00fdch probl\u00e9mov.&nbsp;<em>\u201eHlavn\u00e1 vec, \u017ee sebe Robert Fico zv\u00fd\u0161il plat z 5 000 eur na nehor\u00e1znych 11 700 eur mesa\u010dne. Absol\u00fatny nonsens, vyz\u00fdvam Fica, Tom\u00e1\u0161a a Kamenick\u00e9ho aby o \u0161krtan\u00ed pr\u00eddavkov ani len neuva\u017eovali.&#8220;&nbsp;<\/em>Uzatv\u00e1ra.&nbsp;<\/p>\n\n\n\n<p>Odborn\u00ed\u010dka na oblas\u0165 soci\u00e1lnych vec\u00ed a exposlanky\u0148a Nat\u00e1lia Blahov\u00e1 hovor\u00ed, \u017ee \u0161t\u00e1t nem\u00f4\u017ee konsolidova\u0165 len na \u00fakor be\u017en\u00fdch \u013eud\u00ed, ktor\u00ed sa tak\u00fdmito krokmi sa m\u00f4\u017eu dosta\u0165 na ekonomick\u00e9 dno.&nbsp;<em>\u201eChudoba ohrozuje takmer mili\u00f3n Slov\u00e1kov, po\u010det ohrozen\u00fdch chudobou a soci\u00e1lnym vyl\u00fa\u010den\u00edm medziro\u010dne st\u00fapol o 37 tis\u00edc os\u00f4b, a to v\u0161etko v d\u00f4sledku n\u00e1rastu cien a infl\u00e1cie. Det\u00ed v detsk\u00fdch domovoch prib\u00fada, preto\u017ee sa rodi\u010dia boja, \u010di utiahnu dom\u00e1cnos\u0165. To v\u0161etko sa deje na pozad\u00ed toho, \u010do vl\u00e1da decimuje hospod\u00e1rstvo a ekonomiku a potom chc\u00fa t\u00fdmto de\u0165om odtrhn\u00fa\u0165 e\u0161te aj chlieb od \u00fast.&#8220;&nbsp;<\/em><\/p>\n\n\n\n<p>Pod\u013ea Moniky Podhor\u00e1ny Masarikovej bude zru\u0161enie pr\u00edspevku na deti gesto, na ktor\u00e9 ak siahne vl\u00e1da, d\u00e1 nechutn\u00fa bodku za svojou konsolid\u00e1ciou, na ktor\u00fa dopl\u00e1caj\u00fa be\u017en\u00ed \u013eudia:<em>&nbsp;\u201eNikto nem\u00e1 deti pre 60 eur. Som matka 4 mesa\u010dn\u00e9ho b\u00e1b\u00e4tka a viem, ko\u013eko stoja plienky a Sunar, preto nebudem polemizova\u0165 \u010di 60 eur je ve\u013ea alebo m\u00e1lo. Ka\u017edop\u00e1dne, ak bude t\u00e1to \u010diastka zn\u00ed\u017een\u00e1, bude to gestom vl\u00e1dy Roberta Fica. Gestom, ktor\u00e9 naplno potvrd\u00ed, \u017ee Robertovi Ficovi je ukradnut\u00e1 prosperita rod\u00edn a soci\u00e1lne istoty, o ktor\u00fdch s prep\u00e1\u010den\u00edm, t\u00e1rali cel\u00fa predvolebn\u00fa kampa\u0148.&#8220;<\/em><\/p>\n\n\n\n<p>Pozrite si aj print screeny dokumentov z MF SR<\/p>\n\n\n\nngg_shortcode_0_placeholder\n\n\n<div class=\"fb-video\" data-href=\"https:\/\/fb.watch\/y_5CUC8mNb\" data-allowfullscreen=\"true\" data-autoplay=\"false\" data-width=\"\" data-show-text=\"false\" data-show-captions=\"true\"><\/div>\n","protected":false},"excerpt":{"rendered":"<p>Strana Demokrati disponuje d\u00f4kazmi, pod\u013ea ktor\u00fdch chce vl\u00e1da Roberta Fica zo\u0161krta\u0165 rodinn\u00e9 pr\u00eddavky, nachystan\u00e9 s\u00fa tri scen\u00e1re.&nbsp; \u201eU\u017e vid\u00edte ten rozdiel? K\u00fdm za na\u0161ej vl\u00e1dy sme pr\u00edspevok na die\u0165a zv\u00fd\u0161ili viac ako dvojn\u00e1sobne, preto\u017ee aj v predo\u0161lom obdob\u00ed na rodiny vl\u00e1da Roberta Fica ka\u0161\u013eala, teraz op\u00e4\u0165 pod veden\u00edm Fica id\u00fa okres\u00e1va\u0165 pr\u00edspevky na polovicu. Je [&hellip;]<\/p>\n","protected":false},"author":13,"featured_media":6941,"comment_status":"closed","ping_status":"closed","sticky":false,"template":"","format":"standard","meta":{"_acf_changed":false,"ngg_post_thumbnail":0,"footnotes":""},"categories":[4],"tags":[],"class_list":["post-6936","post","type-post","status-publish","format-standard","has-post-thumbnail","hentry","category-tlacove-spravy"],"acf":[],"yoast_head":"<!-- This site is optimized with the Yoast SEO plugin v27.2 - https:\/\/yoast.com\/product\/yoast-seo-wordpress\/ -->\n<title>Vl\u00e1da pl\u00e1nuje zo\u0161krta\u0165 pr\u00eddavky na deti, potvrdzuj\u00fa to dokumenty, ktor\u00e9 sme z\u00edskal<\/title>\n<meta name=\"robots\" content=\"index, follow, max-snippet:-1, max-image-preview:large, max-video-preview:-1\" \/>\n<link rel=\"canonical\" href=\"https:\/\/www.smedemokrati.sk\/cs\/vlada-planuje-zoskrtat-pridavky-na-deti-potvrdzuju-to-dokumenty-ktore-sme-ziskal\/\" \/>\n<meta property=\"og:locale\" content=\"cs_CZ\" \/>\n<meta property=\"og:locale:alternate\" content=\"en_US\" \/>\n<meta property=\"og:locale:alternate\" content=\"hu_HU\" \/>\n<meta property=\"og:locale:alternate\" content=\"sk_SK\" \/>\n<meta property=\"og:locale:alternate\" content=\"sv_SE\" \/>\n<meta property=\"og:type\" content=\"article\" \/>\n<meta property=\"og:title\" content=\"Vl\u00e1da pl\u00e1nuje zo\u0161krta\u0165 pr\u00eddavky na deti, potvrdzuj\u00fa to dokumenty, ktor\u00e9 sme z\u00edskal\" \/>\n<meta property=\"og:description\" content=\"Strana Demokrati disponuje d\u00f4kazmi, pod\u013ea ktor\u00fdch chce vl\u00e1da Roberta Fica zo\u0161krta\u0165 rodinn\u00e9 pr\u00eddavky, nachystan\u00e9 s\u00fa tri scen\u00e1re.&nbsp; \u201eU\u017e vid\u00edte ten rozdiel? K\u00fdm za na\u0161ej vl\u00e1dy sme pr\u00edspevok na die\u0165a zv\u00fd\u0161ili viac ako dvojn\u00e1sobne, preto\u017ee aj v predo\u0161lom obdob\u00ed na rodiny vl\u00e1da Roberta Fica ka\u0161\u013eala, teraz op\u00e4\u0165 pod veden\u00edm Fica id\u00fa okres\u00e1va\u0165 pr\u00edspevky na polovicu. Je [&hellip;]\" \/>\n<meta property=\"og:url\" content=\"https:\/\/www.smedemokrati.sk\/cs\/vlada-planuje-zoskrtat-pridavky-na-deti-potvrdzuju-to-dokumenty-ktore-sme-ziskal\/\" \/>\n<meta property=\"og:site_name\" content=\"Smedemokrati.sk\" \/>\n<meta property=\"article:publisher\" content=\"https:\/\/www.facebook.com\/smedemokrati2023\" \/>\n<meta property=\"article:published_time\" content=\"2025-04-15T13:49:39+00:00\" \/>\n<meta property=\"article:modified_time\" content=\"2025-04-15T13:52:02+00:00\" \/>\n<meta property=\"og:image\" content=\"https:\/\/www.smedemokrati.sk\/wp-content\/uploads\/2025\/04\/ruky-prec.jpg\" \/>\n\t<meta property=\"og:image:width\" content=\"897\" \/>\n\t<meta property=\"og:image:height\" content=\"453\" \/>\n\t<meta property=\"og:image:type\" content=\"image\/jpeg\" \/>\n<meta name=\"author\" content=\"miro.sopko\" \/>\n<meta name=\"twitter:card\" content=\"summary_large_image\" \/>\n<meta name=\"twitter:label1\" content=\"Napsal(a)\" \/>\n\t<meta name=\"twitter:data1\" content=\"miro.sopko\" \/>\n\t<meta name=\"twitter:label2\" content=\"Odhadovan\u00e1 doba \u010dten\u00ed\" \/>\n\t<meta name=\"twitter:data2\" content=\"3 minuty\" \/>\n<script type=\"application\/ld+json\" class=\"yoast-schema-graph\">{\"@context\":\"https:\/\/schema.org\",\"@graph\":[{\"@type\":\"Article\",\"@id\":\"https:\/\/www.smedemokrati.sk\/vlada-planuje-zoskrtat-pridavky-na-deti-potvrdzuju-to-dokumenty-ktore-sme-ziskal\/#article\",\"isPartOf\":{\"@id\":\"https:\/\/www.smedemokrati.sk\/vlada-planuje-zoskrtat-pridavky-na-deti-potvrdzuju-to-dokumenty-ktore-sme-ziskal\/\"},\"author\":{\"name\":\"miro.sopko\",\"@id\":\"https:\/\/www.smedemokrati.sk\/#\/schema\/person\/21f147c88d605aa7ded900e1e7c344ba\"},\"headline\":\"Vl\u00e1da pl\u00e1nuje zo\u0161krta\u0165 pr\u00eddavky na deti, potvrdzuj\u00fa to dokumenty, ktor\u00e9 sme z\u00edskal\",\"datePublished\":\"2025-04-15T13:49:39+00:00\",\"dateModified\":\"2025-04-15T13:52:02+00:00\",\"mainEntityOfPage\":{\"@id\":\"https:\/\/www.smedemokrati.sk\/vlada-planuje-zoskrtat-pridavky-na-deti-potvrdzuju-to-dokumenty-ktore-sme-ziskal\/\"},\"wordCount\":658,\"publisher\":{\"@id\":\"https:\/\/www.smedemokrati.sk\/#organization\"},\"image\":{\"@id\":\"https:\/\/www.smedemokrati.sk\/vlada-planuje-zoskrtat-pridavky-na-deti-potvrdzuju-to-dokumenty-ktore-sme-ziskal\/#primaryimage\"},\"thumbnailUrl\":\"https:\/\/www.smedemokrati.sk\/wp-content\/uploads\/2025\/04\/ruky-prec.jpg\",\"articleSection\":[\"Tla\u010dov\u00e9 spr\u00e1vy\"],\"inLanguage\":\"cs-CZ\"},{\"@type\":\"WebPage\",\"@id\":\"https:\/\/www.smedemokrati.sk\/vlada-planuje-zoskrtat-pridavky-na-deti-potvrdzuju-to-dokumenty-ktore-sme-ziskal\/\",\"url\":\"https:\/\/www.smedemokrati.sk\/vlada-planuje-zoskrtat-pridavky-na-deti-potvrdzuju-to-dokumenty-ktore-sme-ziskal\/\",\"name\":\"Vl\u00e1da pl\u00e1nuje zo\u0161krta\u0165 pr\u00eddavky na deti, potvrdzuj\u00fa to dokumenty, ktor\u00e9 sme z\u00edskal\",\"isPartOf\":{\"@id\":\"https:\/\/www.smedemokrati.sk\/#website\"},\"primaryImageOfPage\":{\"@id\":\"https:\/\/www.smedemokrati.sk\/vlada-planuje-zoskrtat-pridavky-na-deti-potvrdzuju-to-dokumenty-ktore-sme-ziskal\/#primaryimage\"},\"image\":{\"@id\":\"https:\/\/www.smedemokrati.sk\/vlada-planuje-zoskrtat-pridavky-na-deti-potvrdzuju-to-dokumenty-ktore-sme-ziskal\/#primaryimage\"},\"thumbnailUrl\":\"https:\/\/www.smedemokrati.sk\/wp-content\/uploads\/2025\/04\/ruky-prec.jpg\",\"datePublished\":\"2025-04-15T13:49:39+00:00\",\"dateModified\":\"2025-04-15T13:52:02+00:00\",\"breadcrumb\":{\"@id\":\"https:\/\/www.smedemokrati.sk\/vlada-planuje-zoskrtat-pridavky-na-deti-potvrdzuju-to-dokumenty-ktore-sme-ziskal\/#breadcrumb\"},\"inLanguage\":\"cs-CZ\",\"potentialAction\":[{\"@type\":\"ReadAction\",\"target\":[\"https:\/\/www.smedemokrati.sk\/vlada-planuje-zoskrtat-pridavky-na-deti-potvrdzuju-to-dokumenty-ktore-sme-ziskal\/\"]}]},{\"@type\":\"ImageObject\",\"inLanguage\":\"cs-CZ\",\"@id\":\"https:\/\/www.smedemokrati.sk\/vlada-planuje-zoskrtat-pridavky-na-deti-potvrdzuju-to-dokumenty-ktore-sme-ziskal\/#primaryimage\",\"url\":\"https:\/\/www.smedemokrati.sk\/wp-content\/uploads\/2025\/04\/ruky-prec.jpg\",\"contentUrl\":\"https:\/\/www.smedemokrati.sk\/wp-content\/uploads\/2025\/04\/ruky-prec.jpg\",\"width\":897,\"height\":453},{\"@type\":\"BreadcrumbList\",\"@id\":\"https:\/\/www.smedemokrati.sk\/vlada-planuje-zoskrtat-pridavky-na-deti-potvrdzuju-to-dokumenty-ktore-sme-ziskal\/#breadcrumb\",\"itemListElement\":[{\"@type\":\"ListItem\",\"position\":1,\"name\":\"Domovsk\u00e1 str\u00e1nka\",\"item\":\"https:\/\/www.smedemokrati.sk\/\"},{\"@type\":\"ListItem\",\"position\":2,\"name\":\"Vl\u00e1da pl\u00e1nuje zo\u0161krta\u0165 pr\u00eddavky na deti, potvrdzuj\u00fa to dokumenty, ktor\u00e9 sme z\u00edskal\"}]},{\"@type\":\"WebSite\",\"@id\":\"https:\/\/www.smedemokrati.sk\/#website\",\"url\":\"https:\/\/www.smedemokrati.sk\/\",\"name\":\"Smedemokrati.sk\",\"description\":\"Demokracia a slu\u0161nos\u0165 zv\u00ed\u0165az\u00ed\",\"publisher\":{\"@id\":\"https:\/\/www.smedemokrati.sk\/#organization\"},\"potentialAction\":[{\"@type\":\"SearchAction\",\"target\":{\"@type\":\"EntryPoint\",\"urlTemplate\":\"https:\/\/www.smedemokrati.sk\/?s={search_term_string}\"},\"query-input\":{\"@type\":\"PropertyValueSpecification\",\"valueRequired\":true,\"valueName\":\"search_term_string\"}}],\"inLanguage\":\"cs-CZ\"},{\"@type\":\"Organization\",\"@id\":\"https:\/\/www.smedemokrati.sk\/#organization\",\"name\":\"Smedemokrati.sk\",\"url\":\"https:\/\/www.smedemokrati.sk\/\",\"logo\":{\"@type\":\"ImageObject\",\"inLanguage\":\"cs-CZ\",\"@id\":\"https:\/\/www.smedemokrati.sk\/#\/schema\/logo\/image\/\",\"url\":\"https:\/\/www.smedemokrati.sk\/wp-content\/uploads\/2023\/04\/ff.002.jpeg\",\"contentUrl\":\"https:\/\/www.smedemokrati.sk\/wp-content\/uploads\/2023\/04\/ff.002.jpeg\",\"width\":640,\"height\":480,\"caption\":\"Smedemokrati.sk\"},\"image\":{\"@id\":\"https:\/\/www.smedemokrati.sk\/#\/schema\/logo\/image\/\"},\"sameAs\":[\"https:\/\/www.facebook.com\/smedemokrati2023\"]},{\"@type\":\"Person\",\"@id\":\"https:\/\/www.smedemokrati.sk\/#\/schema\/person\/21f147c88d605aa7ded900e1e7c344ba\",\"name\":\"miro.sopko\",\"image\":{\"@type\":\"ImageObject\",\"inLanguage\":\"cs-CZ\",\"@id\":\"https:\/\/secure.gravatar.com\/avatar\/267e4a36f704376c109afe3a78740c1f5dd8675a2180a908699e7863c9247606?s=96&d=mm&r=g\",\"url\":\"https:\/\/secure.gravatar.com\/avatar\/267e4a36f704376c109afe3a78740c1f5dd8675a2180a908699e7863c9247606?s=96&d=mm&r=g\",\"contentUrl\":\"https:\/\/secure.gravatar.com\/avatar\/267e4a36f704376c109afe3a78740c1f5dd8675a2180a908699e7863c9247606?s=96&d=mm&r=g\",\"caption\":\"miro.sopko\"},\"url\":\"https:\/\/www.smedemokrati.sk\/cs\/author\/miro-sopko\/\"}]}<\/script>\n<!-- \/ Yoast SEO plugin. -->","yoast_head_json":{"title":"Vl\u00e1da pl\u00e1nuje zo\u0161krta\u0165 pr\u00eddavky na deti, potvrdzuj\u00fa to dokumenty, ktor\u00e9 sme z\u00edskal","robots":{"index":"index","follow":"follow","max-snippet":"max-snippet:-1","max-image-preview":"max-image-preview:large","max-video-preview":"max-video-preview:-1"},"canonical":"https:\/\/www.smedemokrati.sk\/cs\/vlada-planuje-zoskrtat-pridavky-na-deti-potvrdzuju-to-dokumenty-ktore-sme-ziskal\/","og_locale":"cs_CZ","og_type":"article","og_title":"[:sk]Vl\u00e1da pl\u00e1nuje zo\u0161krta\u0165 pr\u00eddavky na deti, potvrdzuj\u00fa to dokumenty, ktor\u00e9 sme z\u00edskal[:] - Smedemokrati.sk","og_description":"Strana Demokrati disponuje d\u00f4kazmi, pod\u013ea ktor\u00fdch chce vl\u00e1da Roberta Fica zo\u0161krta\u0165 rodinn\u00e9 pr\u00eddavky, nachystan\u00e9 s\u00fa tri scen\u00e1re.&nbsp; \u201eU\u017e vid\u00edte ten rozdiel? K\u00fdm za na\u0161ej vl\u00e1dy sme pr\u00edspevok na die\u0165a zv\u00fd\u0161ili viac ako dvojn\u00e1sobne, preto\u017ee aj v predo\u0161lom obdob\u00ed na rodiny vl\u00e1da Roberta Fica ka\u0161\u013eala, teraz op\u00e4\u0165 pod veden\u00edm Fica id\u00fa okres\u00e1va\u0165 pr\u00edspevky na polovicu. Je [&hellip;]","og_url":"https:\/\/www.smedemokrati.sk\/cs\/vlada-planuje-zoskrtat-pridavky-na-deti-potvrdzuju-to-dokumenty-ktore-sme-ziskal\/","og_site_name":"Smedemokrati.sk","article_publisher":"https:\/\/www.facebook.com\/smedemokrati2023","article_published_time":"2025-04-15T13:49:39+00:00","article_modified_time":"2025-04-15T13:52:02+00:00","og_image":[{"width":897,"height":453,"url":"https:\/\/www.smedemokrati.sk\/wp-content\/uploads\/2025\/04\/ruky-prec.jpg","type":"image\/jpeg"}],"author":"miro.sopko","twitter_card":"summary_large_image","twitter_misc":{"Napsal(a)":"miro.sopko","Odhadovan\u00e1 doba \u010dten\u00ed":"3 minuty"},"schema":{"@context":"https:\/\/schema.org","@graph":[{"@type":"Article","@id":"https:\/\/www.smedemokrati.sk\/vlada-planuje-zoskrtat-pridavky-na-deti-potvrdzuju-to-dokumenty-ktore-sme-ziskal\/#article","isPartOf":{"@id":"https:\/\/www.smedemokrati.sk\/vlada-planuje-zoskrtat-pridavky-na-deti-potvrdzuju-to-dokumenty-ktore-sme-ziskal\/"},"author":{"name":"miro.sopko","@id":"https:\/\/www.smedemokrati.sk\/#\/schema\/person\/21f147c88d605aa7ded900e1e7c344ba"},"headline":"Vl\u00e1da pl\u00e1nuje zo\u0161krta\u0165 pr\u00eddavky na deti, potvrdzuj\u00fa to dokumenty, ktor\u00e9 sme z\u00edskal","datePublished":"2025-04-15T13:49:39+00:00","dateModified":"2025-04-15T13:52:02+00:00","mainEntityOfPage":{"@id":"https:\/\/www.smedemokrati.sk\/vlada-planuje-zoskrtat-pridavky-na-deti-potvrdzuju-to-dokumenty-ktore-sme-ziskal\/"},"wordCount":658,"publisher":{"@id":"https:\/\/www.smedemokrati.sk\/#organization"},"image":{"@id":"https:\/\/www.smedemokrati.sk\/vlada-planuje-zoskrtat-pridavky-na-deti-potvrdzuju-to-dokumenty-ktore-sme-ziskal\/#primaryimage"},"thumbnailUrl":"https:\/\/www.smedemokrati.sk\/wp-content\/uploads\/2025\/04\/ruky-prec.jpg","articleSection":["Tla\u010dov\u00e9 spr\u00e1vy"],"inLanguage":"cs-CZ"},{"@type":"WebPage","@id":"https:\/\/www.smedemokrati.sk\/vlada-planuje-zoskrtat-pridavky-na-deti-potvrdzuju-to-dokumenty-ktore-sme-ziskal\/","url":"https:\/\/www.smedemokrati.sk\/vlada-planuje-zoskrtat-pridavky-na-deti-potvrdzuju-to-dokumenty-ktore-sme-ziskal\/","name":"Vl\u00e1da pl\u00e1nuje zo\u0161krta\u0165 pr\u00eddavky na deti, potvrdzuj\u00fa to dokumenty, ktor\u00e9 sme z\u00edskal","isPartOf":{"@id":"https:\/\/www.smedemokrati.sk\/#website"},"primaryImageOfPage":{"@id":"https:\/\/www.smedemokrati.sk\/vlada-planuje-zoskrtat-pridavky-na-deti-potvrdzuju-to-dokumenty-ktore-sme-ziskal\/#primaryimage"},"image":{"@id":"https:\/\/www.smedemokrati.sk\/vlada-planuje-zoskrtat-pridavky-na-deti-potvrdzuju-to-dokumenty-ktore-sme-ziskal\/#primaryimage"},"thumbnailUrl":"https:\/\/www.smedemokrati.sk\/wp-content\/uploads\/2025\/04\/ruky-prec.jpg","datePublished":"2025-04-15T13:49:39+00:00","dateModified":"2025-04-15T13:52:02+00:00","breadcrumb":{"@id":"https:\/\/www.smedemokrati.sk\/vlada-planuje-zoskrtat-pridavky-na-deti-potvrdzuju-to-dokumenty-ktore-sme-ziskal\/#breadcrumb"},"inLanguage":"cs-CZ","potentialAction":[{"@type":"ReadAction","target":["https:\/\/www.smedemokrati.sk\/vlada-planuje-zoskrtat-pridavky-na-deti-potvrdzuju-to-dokumenty-ktore-sme-ziskal\/"]}]},{"@type":"ImageObject","inLanguage":"cs-CZ","@id":"https:\/\/www.smedemokrati.sk\/vlada-planuje-zoskrtat-pridavky-na-deti-potvrdzuju-to-dokumenty-ktore-sme-ziskal\/#primaryimage","url":"https:\/\/www.smedemokrati.sk\/wp-content\/uploads\/2025\/04\/ruky-prec.jpg","contentUrl":"https:\/\/www.smedemokrati.sk\/wp-content\/uploads\/2025\/04\/ruky-prec.jpg","width":897,"height":453},{"@type":"BreadcrumbList","@id":"https:\/\/www.smedemokrati.sk\/vlada-planuje-zoskrtat-pridavky-na-deti-potvrdzuju-to-dokumenty-ktore-sme-ziskal\/#breadcrumb","itemListElement":[{"@type":"ListItem","position":1,"name":"Domovsk\u00e1 str\u00e1nka","item":"https:\/\/www.smedemokrati.sk\/"},{"@type":"ListItem","position":2,"name":"Vl\u00e1da pl\u00e1nuje zo\u0161krta\u0165 pr\u00eddavky na deti, potvrdzuj\u00fa to dokumenty, ktor\u00e9 sme z\u00edskal"}]},{"@type":"WebSite","@id":"https:\/\/www.smedemokrati.sk\/#website","url":"https:\/\/www.smedemokrati.sk\/","name":"Smedemokrati.sk","description":"Demokracia a slu\u0161nos\u0165 zv\u00ed\u0165az\u00ed","publisher":{"@id":"https:\/\/www.smedemokrati.sk\/#organization"},"potentialAction":[{"@type":"SearchAction","target":{"@type":"EntryPoint","urlTemplate":"https:\/\/www.smedemokrati.sk\/?s={search_term_string}"},"query-input":{"@type":"PropertyValueSpecification","valueRequired":true,"valueName":"search_term_string"}}],"inLanguage":"cs-CZ"},{"@type":"Organization","@id":"https:\/\/www.smedemokrati.sk\/#organization","name":"Smedemokrati.sk","url":"https:\/\/www.smedemokrati.sk\/","logo":{"@type":"ImageObject","inLanguage":"cs-CZ","@id":"https:\/\/www.smedemokrati.sk\/#\/schema\/logo\/image\/","url":"https:\/\/www.smedemokrati.sk\/wp-content\/uploads\/2023\/04\/ff.002.jpeg","contentUrl":"https:\/\/www.smedemokrati.sk\/wp-content\/uploads\/2023\/04\/ff.002.jpeg","width":640,"height":480,"caption":"Smedemokrati.sk"},"image":{"@id":"https:\/\/www.smedemokrati.sk\/#\/schema\/logo\/image\/"},"sameAs":["https:\/\/www.facebook.com\/smedemokrati2023"]},{"@type":"Person","@id":"https:\/\/www.smedemokrati.sk\/#\/schema\/person\/21f147c88d605aa7ded900e1e7c344ba","name":"miro.sopko","image":{"@type":"ImageObject","inLanguage":"cs-CZ","@id":"https:\/\/secure.gravatar.com\/avatar\/267e4a36f704376c109afe3a78740c1f5dd8675a2180a908699e7863c9247606?s=96&d=mm&r=g","url":"https:\/\/secure.gravatar.com\/avatar\/267e4a36f704376c109afe3a78740c1f5dd8675a2180a908699e7863c9247606?s=96&d=mm&r=g","contentUrl":"https:\/\/secure.gravatar.com\/avatar\/267e4a36f704376c109afe3a78740c1f5dd8675a2180a908699e7863c9247606?s=96&d=mm&r=g","caption":"miro.sopko"},"url":"https:\/\/www.smedemokrati.sk\/cs\/author\/miro-sopko\/"}]}},"_links":{"self":[{"href":"https:\/\/www.smedemokrati.sk\/cs\/wp-json\/wp\/v2\/posts\/6936","targetHints":{"allow":["GET"]}}],"collection":[{"href":"https:\/\/www.smedemokrati.sk\/cs\/wp-json\/wp\/v2\/posts"}],"about":[{"href":"https:\/\/www.smedemokrati.sk\/cs\/wp-json\/wp\/v2\/types\/post"}],"author":[{"embeddable":true,"href":"https:\/\/www.smedemokrati.sk\/cs\/wp-json\/wp\/v2\/users\/13"}],"replies":[{"embeddable":true,"href":"https:\/\/www.smedemokrati.sk\/cs\/wp-json\/wp\/v2\/comments?post=6936"}],"version-history":[{"count":2,"href":"https:\/\/www.smedemokrati.sk\/cs\/wp-json\/wp\/v2\/posts\/6936\/revisions"}],"predecessor-version":[{"id":6943,"href":"https:\/\/www.smedemokrati.sk\/cs\/wp-json\/wp\/v2\/posts\/6936\/revisions\/6943"}],"wp:featuredmedia":[{"embeddable":true,"href":"https:\/\/www.smedemokrati.sk\/cs\/wp-json\/wp\/v2\/media\/6941"}],"wp:attachment":[{"href":"https:\/\/www.smedemokrati.sk\/cs\/wp-json\/wp\/v2\/media?parent=6936"}],"wp:term":[{"taxonomy":"category","embeddable":true,"href":"https:\/\/www.smedemokrati.sk\/cs\/wp-json\/wp\/v2\/categories?post=6936"},{"taxonomy":"post_tag","embeddable":true,"href":"https:\/\/www.smedemokrati.sk\/cs\/wp-json\/wp\/v2\/tags?post=6936"}],"curies":[{"name":"wp","href":"https:\/\/api.w.org\/{rel}","templated":true}]}}