{"id":6833,"date":"2025-04-07T14:20:47","date_gmt":"2025-04-07T13:20:47","guid":{"rendered":"https:\/\/www.smedemokrati.sk\/?p=6833"},"modified":"2025-04-07T14:20:47","modified_gmt":"2025-04-07T13:20:47","slug":"pre-absolutne-nezvladnutie-situacie","status":"publish","type":"post","link":"https:\/\/www.smedemokrati.sk\/cs\/pre-absolutne-nezvladnutie-situacie\/","title":{"rendered":"Pre absol\u00fatne nezvl\u00e1dnutie situ\u00e1cie v SHM\u00da vyz\u00fdvame na okam\u017eit\u00e9 odvolanie gener\u00e1lnej riadite\u013eky a mimoriadny v\u00fdbor"},"content":{"rendered":"<div id=\"fb-root\"><\/div>\n\n<p><strong>K\u013e\u00fa\u010dov\u00e1 organiz\u00e1cia kritickej infra\u0161trukt\u00fary \u0161t\u00e1tu je v hlbokej kr\u00edze. 150 zamestnancov Slovensk\u00e9ho hydrometeorologick\u00e9ho \u00fastavu (SHM\u00da) vydalo otvoren\u00fd list, v ktorom upozor\u0148uj\u00fa na mo\u017enos\u0165 kolapsu tejto mimoriadne d\u00f4le\u017eitej in\u0161tit\u00facie. Vzniknut\u00fd stav je jednozna\u010dne politick\u00fdm a mana\u017e\u00e9rskym zlyhan\u00edm ministra \u017eivotn\u00e9ho prostredia Tom\u00e1\u0161a Tarabu a jeho nominantov. Pre nezvl\u00e1dnutie situ\u00e1cie a neschopnos\u0165 komunik\u00e1cie vedenia SHM\u00da so zamestnancami, vyz\u00fdvame na odvolanie poverenej gener\u00e1lnej riadite\u013eky Ivany Herkel a zvolanie mimoriadneho rokovania v\u00fdboru pre p\u00f4dohospod\u00e1rstvo a \u017eivotn\u00e9 prostredie. <\/strong><\/p>\n\n\n\n<p>Po vyn\u00fatenom odchode viacer\u00fdch dlhoro\u010dn\u00fdch expertov SHM\u00da, naposledy zn\u00e1meho klimatol\u00f3ga Jozefa Pecha, sme vyzvali ministra \u017eivotn\u00e9ho prostredia Tom\u00e1\u0161a Tarabu na okam\u017eit\u00fa person\u00e1lnu stabiliz\u00e1ciu tejto pre \u0161t\u00e1t nenahradite\u013enej in\u0161tit\u00facie. <em>\u201eNamiesto rie\u0161enia probl\u00e9mov ich v\u0161ak ignoroval, v\u00fdsledkom \u010doho je dne\u0161n\u00fd otvoren\u00fd list 150 zamestnancov SHM\u00da, v ktorom upozor\u0148uj\u00fa na hlbok\u00fa kr\u00edzu in\u0161tit\u00facie, vyhadzovanie odborn\u00edkov a hrozbu jej kolapsu. Ide o mimoriadne z\u00e1va\u017en\u00e9 zlyhanie ministra Tarabu, preto\u017ee SHM\u00da je s\u00fa\u010das\u0165ou kritickej infra\u0161trukt\u00fary \u0161t\u00e1tu, ktor\u00e9ho ochromenie m\u00f4\u017ee sp\u00f4sobi\u0165 v\u00fdpadky podpory civilnej ochrany a kr\u00edzov\u00e9ho riadenia \u0161t\u00e1tu, varovania pred extr\u00e9mnymi poveternostn\u00fdmi javmi, letovej prev\u00e1dzky nad \u00fazem\u00edm Slovenska, sp\u00f4sobilosti ozbrojen\u00fdch s\u00edl, radia\u010dn\u00fa ochranu \u010di monitoring ovzdu\u0161ia,\u201d<\/em> vysvet\u013euje Michal Ki\u010da, environment\u00e1lny expert Demokratov.<\/p>\n\n\n\n<p>Pova\u017eujeme za neakceptovate\u013en\u00e9, \u017ee vedenie SHM\u00da nereagovalo na intern\u00e9 upozornenia zamestnancov. Je to pr\u00edkladom nezvl\u00e1dnutia vedenia takejto d\u00f4le\u017eitej in\u0161tit\u00facie. <em>\u201eVyz\u00fdvame ministra Tarabu, aby okam\u017eite odvolal poveren\u00fa gener\u00e1lnu riadite\u013eku Ivanu Herkel a zabezpe\u010dil jej kompetentn\u00fa n\u00e1hradu. Pre alarmuj\u00facu situ\u00e1ciu budeme iniciova\u0165 zvolanie mimoriadneho rokovania parlamentn\u00e9ho v\u00fdboru pre p\u00f4dohospod\u00e1rstvo a \u017eivotn\u00e9 prostredie,\u201d <\/em>uv\u00e1dza \u010falej Michal Ki\u010da.<\/p>\n\n\n\n<p>Minister Taraba sa chv\u00e1li svojimi mana\u017e\u00e9rskymi schopnos\u0165ami. No rozvrat SHM\u00da, ktor\u00fd sa udial za jeho p\u00f4sobenia, je najv\u00e4\u010d\u0161\u00edm mana\u017e\u00e9rskym zlyhan\u00edm v rezorte za ostatn\u00e9 dek\u00e1dy. <\/p>\n","protected":false},"excerpt":{"rendered":"<p>K\u013e\u00fa\u010dov\u00e1 organiz\u00e1cia kritickej infra\u0161trukt\u00fary \u0161t\u00e1tu je v hlbokej kr\u00edze. 150 zamestnancov Slovensk\u00e9ho hydrometeorologick\u00e9ho \u00fastavu (SHM\u00da) vydalo otvoren\u00fd list, v ktorom upozor\u0148uj\u00fa na mo\u017enos\u0165 kolapsu tejto mimoriadne d\u00f4le\u017eitej in\u0161tit\u00facie. Vzniknut\u00fd stav je jednozna\u010dne politick\u00fdm a mana\u017e\u00e9rskym zlyhan\u00edm ministra \u017eivotn\u00e9ho prostredia Tom\u00e1\u0161a Tarabu a jeho nominantov. Pre nezvl\u00e1dnutie situ\u00e1cie a neschopnos\u0165 komunik\u00e1cie vedenia SHM\u00da so zamestnancami, vyz\u00fdvame [&hellip;]<\/p>\n","protected":false},"author":13,"featured_media":2931,"comment_status":"closed","ping_status":"closed","sticky":false,"template":"","format":"standard","meta":{"_acf_changed":false,"ngg_post_thumbnail":0,"footnotes":""},"categories":[4],"tags":[],"class_list":["post-6833","post","type-post","status-publish","format-standard","has-post-thumbnail","hentry","category-tlacove-spravy"],"acf":[],"yoast_head":"<!-- This site is optimized with the Yoast SEO plugin v27.2 - https:\/\/yoast.com\/product\/yoast-seo-wordpress\/ -->\n<title>Pre absol\u00fatne nezvl\u00e1dnutie situ\u00e1cie v SHM\u00da vyz\u00fdvame na okam\u017eit\u00e9 odvolanie gener\u00e1lnej riadite\u013eky a mimoriadny v\u00fdbor<\/title>\n<meta name=\"robots\" content=\"index, follow, max-snippet:-1, max-image-preview:large, max-video-preview:-1\" \/>\n<link rel=\"canonical\" href=\"https:\/\/www.smedemokrati.sk\/cs\/pre-absolutne-nezvladnutie-situacie\/\" \/>\n<meta property=\"og:locale\" content=\"cs_CZ\" \/>\n<meta property=\"og:locale:alternate\" content=\"en_US\" \/>\n<meta property=\"og:locale:alternate\" content=\"hu_HU\" \/>\n<meta property=\"og:locale:alternate\" content=\"sk_SK\" \/>\n<meta property=\"og:locale:alternate\" content=\"sv_SE\" \/>\n<meta property=\"og:type\" content=\"article\" \/>\n<meta property=\"og:title\" content=\"Pre absol\u00fatne nezvl\u00e1dnutie situ\u00e1cie v SHM\u00da vyz\u00fdvame na okam\u017eit\u00e9 odvolanie gener\u00e1lnej riadite\u013eky a mimoriadny v\u00fdbor\" \/>\n<meta property=\"og:description\" content=\"K\u013e\u00fa\u010dov\u00e1 organiz\u00e1cia kritickej infra\u0161trukt\u00fary \u0161t\u00e1tu je v hlbokej kr\u00edze. 150 zamestnancov Slovensk\u00e9ho hydrometeorologick\u00e9ho \u00fastavu (SHM\u00da) vydalo otvoren\u00fd list, v ktorom upozor\u0148uj\u00fa na mo\u017enos\u0165 kolapsu tejto mimoriadne d\u00f4le\u017eitej in\u0161tit\u00facie. Vzniknut\u00fd stav je jednozna\u010dne politick\u00fdm a mana\u017e\u00e9rskym zlyhan\u00edm ministra \u017eivotn\u00e9ho prostredia Tom\u00e1\u0161a Tarabu a jeho nominantov. Pre nezvl\u00e1dnutie situ\u00e1cie a neschopnos\u0165 komunik\u00e1cie vedenia SHM\u00da so zamestnancami, vyz\u00fdvame [&hellip;]\" \/>\n<meta property=\"og:url\" content=\"https:\/\/www.smedemokrati.sk\/cs\/pre-absolutne-nezvladnutie-situacie\/\" \/>\n<meta property=\"og:site_name\" content=\"Smedemokrati.sk\" \/>\n<meta property=\"article:publisher\" content=\"https:\/\/www.facebook.com\/smedemokrati2023\" \/>\n<meta property=\"article:published_time\" content=\"2025-04-07T13:20:47+00:00\" \/>\n<meta property=\"og:image\" content=\"https:\/\/www.smedemokrati.sk\/wp-content\/uploads\/2024\/03\/robert-fico-tomas-taraba-clanokW-1.jpg\" \/>\n\t<meta property=\"og:image:width\" content=\"800\" \/>\n\t<meta property=\"og:image:height\" content=\"448\" \/>\n\t<meta property=\"og:image:type\" content=\"image\/jpeg\" \/>\n<meta name=\"author\" content=\"miro.sopko\" \/>\n<meta name=\"twitter:card\" content=\"summary_large_image\" \/>\n<meta name=\"twitter:label1\" content=\"Napsal(a)\" \/>\n\t<meta name=\"twitter:data1\" content=\"miro.sopko\" \/>\n\t<meta name=\"twitter:label2\" content=\"Odhadovan\u00e1 doba \u010dten\u00ed\" \/>\n\t<meta name=\"twitter:data2\" content=\"2 minuty\" \/>\n<script type=\"application\/ld+json\" class=\"yoast-schema-graph\">{\"@context\":\"https:\/\/schema.org\",\"@graph\":[{\"@type\":\"Article\",\"@id\":\"https:\/\/www.smedemokrati.sk\/pre-absolutne-nezvladnutie-situacie\/#article\",\"isPartOf\":{\"@id\":\"https:\/\/www.smedemokrati.sk\/pre-absolutne-nezvladnutie-situacie\/\"},\"author\":{\"name\":\"miro.sopko\",\"@id\":\"https:\/\/www.smedemokrati.sk\/#\/schema\/person\/21f147c88d605aa7ded900e1e7c344ba\"},\"headline\":\"Pre absol\u00fatne nezvl\u00e1dnutie situ\u00e1cie v SHM\u00da vyz\u00fdvame na okam\u017eit\u00e9 odvolanie gener\u00e1lnej riadite\u013eky a mimoriadny v\u00fdbor\",\"datePublished\":\"2025-04-07T13:20:47+00:00\",\"mainEntityOfPage\":{\"@id\":\"https:\/\/www.smedemokrati.sk\/pre-absolutne-nezvladnutie-situacie\/\"},\"wordCount\":391,\"publisher\":{\"@id\":\"https:\/\/www.smedemokrati.sk\/#organization\"},\"image\":{\"@id\":\"https:\/\/www.smedemokrati.sk\/pre-absolutne-nezvladnutie-situacie\/#primaryimage\"},\"thumbnailUrl\":\"https:\/\/www.smedemokrati.sk\/wp-content\/uploads\/2024\/03\/robert-fico-tomas-taraba-clanokW-1.jpg\",\"articleSection\":[\"Tla\u010dov\u00e9 spr\u00e1vy\"],\"inLanguage\":\"cs-CZ\"},{\"@type\":\"WebPage\",\"@id\":\"https:\/\/www.smedemokrati.sk\/pre-absolutne-nezvladnutie-situacie\/\",\"url\":\"https:\/\/www.smedemokrati.sk\/pre-absolutne-nezvladnutie-situacie\/\",\"name\":\"Pre absol\u00fatne nezvl\u00e1dnutie situ\u00e1cie v SHM\u00da vyz\u00fdvame na okam\u017eit\u00e9 odvolanie gener\u00e1lnej riadite\u013eky a mimoriadny v\u00fdbor\",\"isPartOf\":{\"@id\":\"https:\/\/www.smedemokrati.sk\/#website\"},\"primaryImageOfPage\":{\"@id\":\"https:\/\/www.smedemokrati.sk\/pre-absolutne-nezvladnutie-situacie\/#primaryimage\"},\"image\":{\"@id\":\"https:\/\/www.smedemokrati.sk\/pre-absolutne-nezvladnutie-situacie\/#primaryimage\"},\"thumbnailUrl\":\"https:\/\/www.smedemokrati.sk\/wp-content\/uploads\/2024\/03\/robert-fico-tomas-taraba-clanokW-1.jpg\",\"datePublished\":\"2025-04-07T13:20:47+00:00\",\"breadcrumb\":{\"@id\":\"https:\/\/www.smedemokrati.sk\/pre-absolutne-nezvladnutie-situacie\/#breadcrumb\"},\"inLanguage\":\"cs-CZ\",\"potentialAction\":[{\"@type\":\"ReadAction\",\"target\":[\"https:\/\/www.smedemokrati.sk\/pre-absolutne-nezvladnutie-situacie\/\"]}]},{\"@type\":\"ImageObject\",\"inLanguage\":\"cs-CZ\",\"@id\":\"https:\/\/www.smedemokrati.sk\/pre-absolutne-nezvladnutie-situacie\/#primaryimage\",\"url\":\"https:\/\/www.smedemokrati.sk\/wp-content\/uploads\/2024\/03\/robert-fico-tomas-taraba-clanokW-1.jpg\",\"contentUrl\":\"https:\/\/www.smedemokrati.sk\/wp-content\/uploads\/2024\/03\/robert-fico-tomas-taraba-clanokW-1.jpg\",\"width\":800,\"height\":448},{\"@type\":\"BreadcrumbList\",\"@id\":\"https:\/\/www.smedemokrati.sk\/pre-absolutne-nezvladnutie-situacie\/#breadcrumb\",\"itemListElement\":[{\"@type\":\"ListItem\",\"position\":1,\"name\":\"Domovsk\u00e1 str\u00e1nka\",\"item\":\"https:\/\/www.smedemokrati.sk\/\"},{\"@type\":\"ListItem\",\"position\":2,\"name\":\"Pre absol\u00fatne nezvl\u00e1dnutie situ\u00e1cie v SHM\u00da vyz\u00fdvame na okam\u017eit\u00e9 odvolanie gener\u00e1lnej riadite\u013eky a mimoriadny v\u00fdbor\"}]},{\"@type\":\"WebSite\",\"@id\":\"https:\/\/www.smedemokrati.sk\/#website\",\"url\":\"https:\/\/www.smedemokrati.sk\/\",\"name\":\"Smedemokrati.sk\",\"description\":\"Demokracia a slu\u0161nos\u0165 zv\u00ed\u0165az\u00ed\",\"publisher\":{\"@id\":\"https:\/\/www.smedemokrati.sk\/#organization\"},\"potentialAction\":[{\"@type\":\"SearchAction\",\"target\":{\"@type\":\"EntryPoint\",\"urlTemplate\":\"https:\/\/www.smedemokrati.sk\/?s={search_term_string}\"},\"query-input\":{\"@type\":\"PropertyValueSpecification\",\"valueRequired\":true,\"valueName\":\"search_term_string\"}}],\"inLanguage\":\"cs-CZ\"},{\"@type\":\"Organization\",\"@id\":\"https:\/\/www.smedemokrati.sk\/#organization\",\"name\":\"Smedemokrati.sk\",\"url\":\"https:\/\/www.smedemokrati.sk\/\",\"logo\":{\"@type\":\"ImageObject\",\"inLanguage\":\"cs-CZ\",\"@id\":\"https:\/\/www.smedemokrati.sk\/#\/schema\/logo\/image\/\",\"url\":\"https:\/\/www.smedemokrati.sk\/wp-content\/uploads\/2023\/04\/ff.002.jpeg\",\"contentUrl\":\"https:\/\/www.smedemokrati.sk\/wp-content\/uploads\/2023\/04\/ff.002.jpeg\",\"width\":640,\"height\":480,\"caption\":\"Smedemokrati.sk\"},\"image\":{\"@id\":\"https:\/\/www.smedemokrati.sk\/#\/schema\/logo\/image\/\"},\"sameAs\":[\"https:\/\/www.facebook.com\/smedemokrati2023\"]},{\"@type\":\"Person\",\"@id\":\"https:\/\/www.smedemokrati.sk\/#\/schema\/person\/21f147c88d605aa7ded900e1e7c344ba\",\"name\":\"miro.sopko\",\"image\":{\"@type\":\"ImageObject\",\"inLanguage\":\"cs-CZ\",\"@id\":\"https:\/\/secure.gravatar.com\/avatar\/267e4a36f704376c109afe3a78740c1f5dd8675a2180a908699e7863c9247606?s=96&d=mm&r=g\",\"url\":\"https:\/\/secure.gravatar.com\/avatar\/267e4a36f704376c109afe3a78740c1f5dd8675a2180a908699e7863c9247606?s=96&d=mm&r=g\",\"contentUrl\":\"https:\/\/secure.gravatar.com\/avatar\/267e4a36f704376c109afe3a78740c1f5dd8675a2180a908699e7863c9247606?s=96&d=mm&r=g\",\"caption\":\"miro.sopko\"},\"url\":\"https:\/\/www.smedemokrati.sk\/cs\/author\/miro-sopko\/\"}]}<\/script>\n<!-- \/ Yoast SEO plugin. -->","yoast_head_json":{"title":"Pre absol\u00fatne nezvl\u00e1dnutie situ\u00e1cie v SHM\u00da vyz\u00fdvame na okam\u017eit\u00e9 odvolanie gener\u00e1lnej riadite\u013eky a mimoriadny v\u00fdbor","robots":{"index":"index","follow":"follow","max-snippet":"max-snippet:-1","max-image-preview":"max-image-preview:large","max-video-preview":"max-video-preview:-1"},"canonical":"https:\/\/www.smedemokrati.sk\/cs\/pre-absolutne-nezvladnutie-situacie\/","og_locale":"cs_CZ","og_type":"article","og_title":"[:sk]Pre absol\u00fatne nezvl\u00e1dnutie situ\u00e1cie v SHM\u00da vyz\u00fdvame na okam\u017eit\u00e9 odvolanie gener\u00e1lnej riadite\u013eky a mimoriadny v\u00fdbor[:] - Smedemokrati.sk","og_description":"K\u013e\u00fa\u010dov\u00e1 organiz\u00e1cia kritickej infra\u0161trukt\u00fary \u0161t\u00e1tu je v hlbokej kr\u00edze. 150 zamestnancov Slovensk\u00e9ho hydrometeorologick\u00e9ho \u00fastavu (SHM\u00da) vydalo otvoren\u00fd list, v ktorom upozor\u0148uj\u00fa na mo\u017enos\u0165 kolapsu tejto mimoriadne d\u00f4le\u017eitej in\u0161tit\u00facie. Vzniknut\u00fd stav je jednozna\u010dne politick\u00fdm a mana\u017e\u00e9rskym zlyhan\u00edm ministra \u017eivotn\u00e9ho prostredia Tom\u00e1\u0161a Tarabu a jeho nominantov. Pre nezvl\u00e1dnutie situ\u00e1cie a neschopnos\u0165 komunik\u00e1cie vedenia SHM\u00da so zamestnancami, vyz\u00fdvame [&hellip;]","og_url":"https:\/\/www.smedemokrati.sk\/cs\/pre-absolutne-nezvladnutie-situacie\/","og_site_name":"Smedemokrati.sk","article_publisher":"https:\/\/www.facebook.com\/smedemokrati2023","article_published_time":"2025-04-07T13:20:47+00:00","og_image":[{"width":800,"height":448,"url":"https:\/\/www.smedemokrati.sk\/wp-content\/uploads\/2024\/03\/robert-fico-tomas-taraba-clanokW-1.jpg","type":"image\/jpeg"}],"author":"miro.sopko","twitter_card":"summary_large_image","twitter_misc":{"Napsal(a)":"miro.sopko","Odhadovan\u00e1 doba \u010dten\u00ed":"2 minuty"},"schema":{"@context":"https:\/\/schema.org","@graph":[{"@type":"Article","@id":"https:\/\/www.smedemokrati.sk\/pre-absolutne-nezvladnutie-situacie\/#article","isPartOf":{"@id":"https:\/\/www.smedemokrati.sk\/pre-absolutne-nezvladnutie-situacie\/"},"author":{"name":"miro.sopko","@id":"https:\/\/www.smedemokrati.sk\/#\/schema\/person\/21f147c88d605aa7ded900e1e7c344ba"},"headline":"Pre absol\u00fatne nezvl\u00e1dnutie situ\u00e1cie v SHM\u00da vyz\u00fdvame na okam\u017eit\u00e9 odvolanie gener\u00e1lnej riadite\u013eky a mimoriadny v\u00fdbor","datePublished":"2025-04-07T13:20:47+00:00","mainEntityOfPage":{"@id":"https:\/\/www.smedemokrati.sk\/pre-absolutne-nezvladnutie-situacie\/"},"wordCount":391,"publisher":{"@id":"https:\/\/www.smedemokrati.sk\/#organization"},"image":{"@id":"https:\/\/www.smedemokrati.sk\/pre-absolutne-nezvladnutie-situacie\/#primaryimage"},"thumbnailUrl":"https:\/\/www.smedemokrati.sk\/wp-content\/uploads\/2024\/03\/robert-fico-tomas-taraba-clanokW-1.jpg","articleSection":["Tla\u010dov\u00e9 spr\u00e1vy"],"inLanguage":"cs-CZ"},{"@type":"WebPage","@id":"https:\/\/www.smedemokrati.sk\/pre-absolutne-nezvladnutie-situacie\/","url":"https:\/\/www.smedemokrati.sk\/pre-absolutne-nezvladnutie-situacie\/","name":"Pre absol\u00fatne nezvl\u00e1dnutie situ\u00e1cie v SHM\u00da vyz\u00fdvame na okam\u017eit\u00e9 odvolanie gener\u00e1lnej riadite\u013eky a mimoriadny v\u00fdbor","isPartOf":{"@id":"https:\/\/www.smedemokrati.sk\/#website"},"primaryImageOfPage":{"@id":"https:\/\/www.smedemokrati.sk\/pre-absolutne-nezvladnutie-situacie\/#primaryimage"},"image":{"@id":"https:\/\/www.smedemokrati.sk\/pre-absolutne-nezvladnutie-situacie\/#primaryimage"},"thumbnailUrl":"https:\/\/www.smedemokrati.sk\/wp-content\/uploads\/2024\/03\/robert-fico-tomas-taraba-clanokW-1.jpg","datePublished":"2025-04-07T13:20:47+00:00","breadcrumb":{"@id":"https:\/\/www.smedemokrati.sk\/pre-absolutne-nezvladnutie-situacie\/#breadcrumb"},"inLanguage":"cs-CZ","potentialAction":[{"@type":"ReadAction","target":["https:\/\/www.smedemokrati.sk\/pre-absolutne-nezvladnutie-situacie\/"]}]},{"@type":"ImageObject","inLanguage":"cs-CZ","@id":"https:\/\/www.smedemokrati.sk\/pre-absolutne-nezvladnutie-situacie\/#primaryimage","url":"https:\/\/www.smedemokrati.sk\/wp-content\/uploads\/2024\/03\/robert-fico-tomas-taraba-clanokW-1.jpg","contentUrl":"https:\/\/www.smedemokrati.sk\/wp-content\/uploads\/2024\/03\/robert-fico-tomas-taraba-clanokW-1.jpg","width":800,"height":448},{"@type":"BreadcrumbList","@id":"https:\/\/www.smedemokrati.sk\/pre-absolutne-nezvladnutie-situacie\/#breadcrumb","itemListElement":[{"@type":"ListItem","position":1,"name":"Domovsk\u00e1 str\u00e1nka","item":"https:\/\/www.smedemokrati.sk\/"},{"@type":"ListItem","position":2,"name":"Pre absol\u00fatne nezvl\u00e1dnutie situ\u00e1cie v SHM\u00da vyz\u00fdvame na okam\u017eit\u00e9 odvolanie gener\u00e1lnej riadite\u013eky a mimoriadny v\u00fdbor"}]},{"@type":"WebSite","@id":"https:\/\/www.smedemokrati.sk\/#website","url":"https:\/\/www.smedemokrati.sk\/","name":"Smedemokrati.sk","description":"Demokracia a slu\u0161nos\u0165 zv\u00ed\u0165az\u00ed","publisher":{"@id":"https:\/\/www.smedemokrati.sk\/#organization"},"potentialAction":[{"@type":"SearchAction","target":{"@type":"EntryPoint","urlTemplate":"https:\/\/www.smedemokrati.sk\/?s={search_term_string}"},"query-input":{"@type":"PropertyValueSpecification","valueRequired":true,"valueName":"search_term_string"}}],"inLanguage":"cs-CZ"},{"@type":"Organization","@id":"https:\/\/www.smedemokrati.sk\/#organization","name":"Smedemokrati.sk","url":"https:\/\/www.smedemokrati.sk\/","logo":{"@type":"ImageObject","inLanguage":"cs-CZ","@id":"https:\/\/www.smedemokrati.sk\/#\/schema\/logo\/image\/","url":"https:\/\/www.smedemokrati.sk\/wp-content\/uploads\/2023\/04\/ff.002.jpeg","contentUrl":"https:\/\/www.smedemokrati.sk\/wp-content\/uploads\/2023\/04\/ff.002.jpeg","width":640,"height":480,"caption":"Smedemokrati.sk"},"image":{"@id":"https:\/\/www.smedemokrati.sk\/#\/schema\/logo\/image\/"},"sameAs":["https:\/\/www.facebook.com\/smedemokrati2023"]},{"@type":"Person","@id":"https:\/\/www.smedemokrati.sk\/#\/schema\/person\/21f147c88d605aa7ded900e1e7c344ba","name":"miro.sopko","image":{"@type":"ImageObject","inLanguage":"cs-CZ","@id":"https:\/\/secure.gravatar.com\/avatar\/267e4a36f704376c109afe3a78740c1f5dd8675a2180a908699e7863c9247606?s=96&d=mm&r=g","url":"https:\/\/secure.gravatar.com\/avatar\/267e4a36f704376c109afe3a78740c1f5dd8675a2180a908699e7863c9247606?s=96&d=mm&r=g","contentUrl":"https:\/\/secure.gravatar.com\/avatar\/267e4a36f704376c109afe3a78740c1f5dd8675a2180a908699e7863c9247606?s=96&d=mm&r=g","caption":"miro.sopko"},"url":"https:\/\/www.smedemokrati.sk\/cs\/author\/miro-sopko\/"}]}},"_links":{"self":[{"href":"https:\/\/www.smedemokrati.sk\/cs\/wp-json\/wp\/v2\/posts\/6833","targetHints":{"allow":["GET"]}}],"collection":[{"href":"https:\/\/www.smedemokrati.sk\/cs\/wp-json\/wp\/v2\/posts"}],"about":[{"href":"https:\/\/www.smedemokrati.sk\/cs\/wp-json\/wp\/v2\/types\/post"}],"author":[{"embeddable":true,"href":"https:\/\/www.smedemokrati.sk\/cs\/wp-json\/wp\/v2\/users\/13"}],"replies":[{"embeddable":true,"href":"https:\/\/www.smedemokrati.sk\/cs\/wp-json\/wp\/v2\/comments?post=6833"}],"version-history":[{"count":1,"href":"https:\/\/www.smedemokrati.sk\/cs\/wp-json\/wp\/v2\/posts\/6833\/revisions"}],"predecessor-version":[{"id":6834,"href":"https:\/\/www.smedemokrati.sk\/cs\/wp-json\/wp\/v2\/posts\/6833\/revisions\/6834"}],"wp:featuredmedia":[{"embeddable":true,"href":"https:\/\/www.smedemokrati.sk\/cs\/wp-json\/wp\/v2\/media\/2931"}],"wp:attachment":[{"href":"https:\/\/www.smedemokrati.sk\/cs\/wp-json\/wp\/v2\/media?parent=6833"}],"wp:term":[{"taxonomy":"category","embeddable":true,"href":"https:\/\/www.smedemokrati.sk\/cs\/wp-json\/wp\/v2\/categories?post=6833"},{"taxonomy":"post_tag","embeddable":true,"href":"https:\/\/www.smedemokrati.sk\/cs\/wp-json\/wp\/v2\/tags?post=6833"}],"curies":[{"name":"wp","href":"https:\/\/api.w.org\/{rel}","templated":true}]}}