{"id":6806,"date":"2025-04-02T10:30:57","date_gmt":"2025-04-02T09:30:57","guid":{"rendered":"https:\/\/www.smedemokrati.sk\/?p=6806"},"modified":"2025-04-02T17:37:53","modified_gmt":"2025-04-02T16:37:53","slug":"pre-demokratov-je-obcianska-spolocnost-partnerom-zastali-sa-porubanovej","status":"publish","type":"post","link":"https:\/\/www.smedemokrati.sk\/cs\/pre-demokratov-je-obcianska-spolocnost-partnerom-zastali-sa-porubanovej\/","title":{"rendered":"Pre Demokratov je ob\u010dianska spolo\u010dnos\u0165 partnerom, zastali sa Porub\u00e4novej"},"content":{"rendered":"<div id=\"fb-root\"><\/div>\n\n<p><strong>Strana Demokrati si v\u00e1\u017ei pr\u00ednos mimovl\u00e1dnych organiz\u00e1ci\u00ed pre zlep\u0161ovanie \u017eivota spolo\u010dnosti a principi\u00e1lne odmieta n\u00e1vrh na zmenu z\u00e1kona o&nbsp;neziskov\u00fdch organiz\u00e1ci\u00e1ch, predlo\u017een\u00fd poslancami za SNS. N\u00e1vrh z\u00e1kona pova\u017euje strana za \u00fatok na \u00fastavn\u00e9 pr\u00e1va a&nbsp;slobody ob\u010danov Slovenskej republiky. Predkladatelia n\u00e1vrhu v&nbsp;podstate ob\u010danom odkazuj\u00fa: M\u00f4\u017eete voli\u0165 vo vo\u013eb\u00e1ch, ale potom bu\u010fte ticho a&nbsp;\u0161\u00fachajte nohami!<\/strong><\/p>\n\n\n\n<p><em>\u201ePredstavitelia vl\u00e1dnej koal\u00edcie sa v\u00a0minulosti sna\u017eili zavies\u0165 povinn\u00e9\u00a0ozna\u010dovanie mimovl\u00e1dnych neziskov\u00fdch organiz\u00e1cii za zahrani\u010dn\u00fdch agentov. Dnes to<\/em> <em>v\u00a0bledomodrom sk\u00fa\u0161aj\u00fa pod z\u00e1mienkou boja proti lobingu. Ich skuto\u010dn\u00fdm cie\u013eom je zalepi\u0165 \u00fasta, \u0161ikanova\u0165 a\u00a0vyk\u00e1za\u0165 ob\u010danov z\u00a0verejn\u00e9ho priestoru,\u201c<\/em>\u00a0povedal gener\u00e1lny sekret\u00e1r Demokratov a\u00a0garant pracovnej skupiny pre ob\u010diansku spolo\u010dnos\u0165\u00a0Peter Markovi\u010d. <\/p>\n\n\n\n<p>Ako dodal,\u00a0<em>\u201edemokracia v\u0161ak nem\u00f4\u017ee existova\u0165 bez akt\u00edvnych ob\u010danov. A\u00a0osobitne pr\u00e1ve bez t\u00fdch, ktor\u00ed sa zdru\u017euj\u00fa v mimovl\u00e1dnych organiz\u00e1ci\u00e1ch zameran\u00fdch na advok\u00e1ciu verejn\u00e9ho z\u00e1ujmu, na ochranu \u013eudsk\u00fdch pr\u00e1v, \u017eivotn\u00e9ho prostredia, na zlep\u0161ovanie a\u00a0aj kritiku polit\u00edk, \u010di procesu rozhodovania a\u00a0konania politick\u00fdch akt\u00e9rov. Pre Demokratov je ob\u010dianska spolo\u010dnos\u0165 d\u00f4le\u017eit\u00fdm partnerom.\u00a0Slobodu zdru\u017eovania sa a\u00a0\u0161\u00edrenia inform\u00e1ci\u00ed vn\u00edmame ako neoddelite\u013en\u00fa s\u00fa\u010das\u0165 funguj\u00faceho demokratick\u00e9ho pr\u00e1vneho \u0161t\u00e1tu.\u201c<\/em><\/p>\n\n\n\n<p>Vo vy\u0161\u0161ie uveden\u00fdch s\u00favislostiach sa Demokrati zast\u00e1vaj\u00fa riadite\u013eky Slovensk\u00e9ho n\u00e1rodn\u00e9ho strediska pre \u013eudsk\u00e9 pr\u00e1va (SNS\u013dP) Silvie Porub\u00e4novej a&nbsp;odmietaj\u00fa v\u00fdzvu SMER-u na jej odst\u00fapenie za \u017eiados\u0165 adresovan\u00fa poslancom parlamentu nepodpori\u0165 predlo\u017een\u00fd n\u00e1vrh z\u00e1kona. Stanovisko strediska je nielen vecne spr\u00e1vne a&nbsp;odborne podrobne podlo\u017een\u00e9, ale je aj v s\u00falade s poslan\u00edm a&nbsp;\u0161tat\u00fatom tejto z\u00e1konom zriadenej in\u0161tit\u00facie, expressis verbis (\u010dl. 2, bod 3, p\u00edsm. a) \u0161tat\u00fatu):&nbsp;<em>\u201epredklada\u0165 vl\u00e1de, n\u00e1rodnej rade a in\u00e9mu kompetentn\u00e9mu org\u00e1nu z titulu poradnej in\u0161tit\u00facie odpor\u00fa\u010danie, stanovisko, n\u00e1vrh a spr\u00e1vu o akejko\u013evek z\u00e1le\u017eitosti, t\u00fdkaj\u00facej sa presadzovania a ochrany \u013eudsk\u00fdch pr\u00e1v a zverej\u0148ova\u0165 ich\u201c.<\/em><\/p>\n","protected":false},"excerpt":{"rendered":"<p>Strana Demokrati si v\u00e1\u017ei pr\u00ednos mimovl\u00e1dnych organiz\u00e1ci\u00ed pre zlep\u0161ovanie \u017eivota spolo\u010dnosti a principi\u00e1lne odmieta n\u00e1vrh na zmenu z\u00e1kona o&nbsp;neziskov\u00fdch organiz\u00e1ci\u00e1ch, predlo\u017een\u00fd poslancami za SNS. N\u00e1vrh z\u00e1kona pova\u017euje strana za \u00fatok na \u00fastavn\u00e9 pr\u00e1va a&nbsp;slobody ob\u010danov Slovenskej republiky. Predkladatelia n\u00e1vrhu v&nbsp;podstate ob\u010danom odkazuj\u00fa: M\u00f4\u017eete voli\u0165 vo vo\u013eb\u00e1ch, ale potom bu\u010fte ticho a&nbsp;\u0161\u00fachajte nohami! \u201ePredstavitelia vl\u00e1dnej koal\u00edcie [&hellip;]<\/p>\n","protected":false},"author":13,"featured_media":6807,"comment_status":"closed","ping_status":"closed","sticky":false,"template":"","format":"standard","meta":{"_acf_changed":false,"ngg_post_thumbnail":0,"footnotes":""},"categories":[4],"tags":[],"class_list":["post-6806","post","type-post","status-publish","format-standard","has-post-thumbnail","hentry","category-tlacove-spravy"],"acf":[],"yoast_head":"<!-- This site is optimized with the Yoast SEO plugin v27.2 - https:\/\/yoast.com\/product\/yoast-seo-wordpress\/ -->\n<title>Pre Demokratov je ob\u010dianska spolo\u010dnos\u0165 partnerom, zastali sa Porub\u00e4novej<\/title>\n<meta name=\"robots\" content=\"index, follow, max-snippet:-1, max-image-preview:large, max-video-preview:-1\" \/>\n<link rel=\"canonical\" href=\"https:\/\/www.smedemokrati.sk\/cs\/pre-demokratov-je-obcianska-spolocnost-partnerom-zastali-sa-porubanovej\/\" \/>\n<meta property=\"og:locale\" content=\"cs_CZ\" \/>\n<meta property=\"og:locale:alternate\" content=\"en_US\" \/>\n<meta property=\"og:locale:alternate\" content=\"hu_HU\" \/>\n<meta property=\"og:locale:alternate\" content=\"sk_SK\" \/>\n<meta property=\"og:locale:alternate\" content=\"sv_SE\" \/>\n<meta property=\"og:type\" content=\"article\" \/>\n<meta property=\"og:title\" content=\"Pre Demokratov je ob\u010dianska spolo\u010dnos\u0165 partnerom, zastali sa Porub\u00e4novej\" \/>\n<meta property=\"og:description\" content=\"Strana Demokrati si v\u00e1\u017ei pr\u00ednos mimovl\u00e1dnych organiz\u00e1ci\u00ed pre zlep\u0161ovanie \u017eivota spolo\u010dnosti a principi\u00e1lne odmieta n\u00e1vrh na zmenu z\u00e1kona o&nbsp;neziskov\u00fdch organiz\u00e1ci\u00e1ch, predlo\u017een\u00fd poslancami za SNS. N\u00e1vrh z\u00e1kona pova\u017euje strana za \u00fatok na \u00fastavn\u00e9 pr\u00e1va a&nbsp;slobody ob\u010danov Slovenskej republiky. Predkladatelia n\u00e1vrhu v&nbsp;podstate ob\u010danom odkazuj\u00fa: M\u00f4\u017eete voli\u0165 vo vo\u013eb\u00e1ch, ale potom bu\u010fte ticho a&nbsp;\u0161\u00fachajte nohami! \u201ePredstavitelia vl\u00e1dnej koal\u00edcie [&hellip;]\" \/>\n<meta property=\"og:url\" content=\"https:\/\/www.smedemokrati.sk\/cs\/pre-demokratov-je-obcianska-spolocnost-partnerom-zastali-sa-porubanovej\/\" \/>\n<meta property=\"og:site_name\" content=\"Smedemokrati.sk\" \/>\n<meta property=\"article:publisher\" content=\"https:\/\/www.facebook.com\/smedemokrati2023\" \/>\n<meta property=\"article:published_time\" content=\"2025-04-02T09:30:57+00:00\" \/>\n<meta property=\"article:modified_time\" content=\"2025-04-02T16:37:53+00:00\" \/>\n<meta property=\"og:image\" content=\"https:\/\/www.smedemokrati.sk\/wp-content\/uploads\/2025\/04\/Silvia_Porubanova-1536x1022-1.jpg\" \/>\n\t<meta property=\"og:image:width\" content=\"1536\" \/>\n\t<meta property=\"og:image:height\" content=\"1022\" \/>\n\t<meta property=\"og:image:type\" content=\"image\/jpeg\" \/>\n<meta name=\"author\" content=\"miro.sopko\" \/>\n<meta name=\"twitter:card\" content=\"summary_large_image\" \/>\n<meta name=\"twitter:label1\" content=\"Napsal(a)\" \/>\n\t<meta name=\"twitter:data1\" content=\"miro.sopko\" \/>\n\t<meta name=\"twitter:label2\" content=\"Odhadovan\u00e1 doba \u010dten\u00ed\" \/>\n\t<meta name=\"twitter:data2\" content=\"2 minuty\" \/>\n<script type=\"application\/ld+json\" class=\"yoast-schema-graph\">{\"@context\":\"https:\/\/schema.org\",\"@graph\":[{\"@type\":\"Article\",\"@id\":\"https:\/\/www.smedemokrati.sk\/pre-demokratov-je-obcianska-spolocnost-partnerom-zastali-sa-porubanovej\/#article\",\"isPartOf\":{\"@id\":\"https:\/\/www.smedemokrati.sk\/pre-demokratov-je-obcianska-spolocnost-partnerom-zastali-sa-porubanovej\/\"},\"author\":{\"name\":\"miro.sopko\",\"@id\":\"https:\/\/www.smedemokrati.sk\/#\/schema\/person\/21f147c88d605aa7ded900e1e7c344ba\"},\"headline\":\"Pre Demokratov je ob\u010dianska spolo\u010dnos\u0165 partnerom, zastali sa Porub\u00e4novej\",\"datePublished\":\"2025-04-02T09:30:57+00:00\",\"dateModified\":\"2025-04-02T16:37:53+00:00\",\"mainEntityOfPage\":{\"@id\":\"https:\/\/www.smedemokrati.sk\/pre-demokratov-je-obcianska-spolocnost-partnerom-zastali-sa-porubanovej\/\"},\"wordCount\":412,\"publisher\":{\"@id\":\"https:\/\/www.smedemokrati.sk\/#organization\"},\"image\":{\"@id\":\"https:\/\/www.smedemokrati.sk\/pre-demokratov-je-obcianska-spolocnost-partnerom-zastali-sa-porubanovej\/#primaryimage\"},\"thumbnailUrl\":\"https:\/\/www.smedemokrati.sk\/wp-content\/uploads\/2025\/04\/Silvia_Porubanova-1536x1022-1.jpg\",\"articleSection\":[\"Tla\u010dov\u00e9 spr\u00e1vy\"],\"inLanguage\":\"cs-CZ\"},{\"@type\":\"WebPage\",\"@id\":\"https:\/\/www.smedemokrati.sk\/pre-demokratov-je-obcianska-spolocnost-partnerom-zastali-sa-porubanovej\/\",\"url\":\"https:\/\/www.smedemokrati.sk\/pre-demokratov-je-obcianska-spolocnost-partnerom-zastali-sa-porubanovej\/\",\"name\":\"Pre Demokratov je ob\u010dianska spolo\u010dnos\u0165 partnerom, zastali sa Porub\u00e4novej\",\"isPartOf\":{\"@id\":\"https:\/\/www.smedemokrati.sk\/#website\"},\"primaryImageOfPage\":{\"@id\":\"https:\/\/www.smedemokrati.sk\/pre-demokratov-je-obcianska-spolocnost-partnerom-zastali-sa-porubanovej\/#primaryimage\"},\"image\":{\"@id\":\"https:\/\/www.smedemokrati.sk\/pre-demokratov-je-obcianska-spolocnost-partnerom-zastali-sa-porubanovej\/#primaryimage\"},\"thumbnailUrl\":\"https:\/\/www.smedemokrati.sk\/wp-content\/uploads\/2025\/04\/Silvia_Porubanova-1536x1022-1.jpg\",\"datePublished\":\"2025-04-02T09:30:57+00:00\",\"dateModified\":\"2025-04-02T16:37:53+00:00\",\"breadcrumb\":{\"@id\":\"https:\/\/www.smedemokrati.sk\/pre-demokratov-je-obcianska-spolocnost-partnerom-zastali-sa-porubanovej\/#breadcrumb\"},\"inLanguage\":\"cs-CZ\",\"potentialAction\":[{\"@type\":\"ReadAction\",\"target\":[\"https:\/\/www.smedemokrati.sk\/pre-demokratov-je-obcianska-spolocnost-partnerom-zastali-sa-porubanovej\/\"]}]},{\"@type\":\"ImageObject\",\"inLanguage\":\"cs-CZ\",\"@id\":\"https:\/\/www.smedemokrati.sk\/pre-demokratov-je-obcianska-spolocnost-partnerom-zastali-sa-porubanovej\/#primaryimage\",\"url\":\"https:\/\/www.smedemokrati.sk\/wp-content\/uploads\/2025\/04\/Silvia_Porubanova-1536x1022-1.jpg\",\"contentUrl\":\"https:\/\/www.smedemokrati.sk\/wp-content\/uploads\/2025\/04\/Silvia_Porubanova-1536x1022-1.jpg\",\"width\":1536,\"height\":1022},{\"@type\":\"BreadcrumbList\",\"@id\":\"https:\/\/www.smedemokrati.sk\/pre-demokratov-je-obcianska-spolocnost-partnerom-zastali-sa-porubanovej\/#breadcrumb\",\"itemListElement\":[{\"@type\":\"ListItem\",\"position\":1,\"name\":\"Domovsk\u00e1 str\u00e1nka\",\"item\":\"https:\/\/www.smedemokrati.sk\/\"},{\"@type\":\"ListItem\",\"position\":2,\"name\":\"Pre Demokratov je ob\u010dianska spolo\u010dnos\u0165 partnerom, zastali sa Porub\u00e4novej\"}]},{\"@type\":\"WebSite\",\"@id\":\"https:\/\/www.smedemokrati.sk\/#website\",\"url\":\"https:\/\/www.smedemokrati.sk\/\",\"name\":\"Smedemokrati.sk\",\"description\":\"Demokracia a slu\u0161nos\u0165 zv\u00ed\u0165az\u00ed\",\"publisher\":{\"@id\":\"https:\/\/www.smedemokrati.sk\/#organization\"},\"potentialAction\":[{\"@type\":\"SearchAction\",\"target\":{\"@type\":\"EntryPoint\",\"urlTemplate\":\"https:\/\/www.smedemokrati.sk\/?s={search_term_string}\"},\"query-input\":{\"@type\":\"PropertyValueSpecification\",\"valueRequired\":true,\"valueName\":\"search_term_string\"}}],\"inLanguage\":\"cs-CZ\"},{\"@type\":\"Organization\",\"@id\":\"https:\/\/www.smedemokrati.sk\/#organization\",\"name\":\"Smedemokrati.sk\",\"url\":\"https:\/\/www.smedemokrati.sk\/\",\"logo\":{\"@type\":\"ImageObject\",\"inLanguage\":\"cs-CZ\",\"@id\":\"https:\/\/www.smedemokrati.sk\/#\/schema\/logo\/image\/\",\"url\":\"https:\/\/www.smedemokrati.sk\/wp-content\/uploads\/2023\/04\/ff.002.jpeg\",\"contentUrl\":\"https:\/\/www.smedemokrati.sk\/wp-content\/uploads\/2023\/04\/ff.002.jpeg\",\"width\":640,\"height\":480,\"caption\":\"Smedemokrati.sk\"},\"image\":{\"@id\":\"https:\/\/www.smedemokrati.sk\/#\/schema\/logo\/image\/\"},\"sameAs\":[\"https:\/\/www.facebook.com\/smedemokrati2023\"]},{\"@type\":\"Person\",\"@id\":\"https:\/\/www.smedemokrati.sk\/#\/schema\/person\/21f147c88d605aa7ded900e1e7c344ba\",\"name\":\"miro.sopko\",\"image\":{\"@type\":\"ImageObject\",\"inLanguage\":\"cs-CZ\",\"@id\":\"https:\/\/secure.gravatar.com\/avatar\/267e4a36f704376c109afe3a78740c1f5dd8675a2180a908699e7863c9247606?s=96&d=mm&r=g\",\"url\":\"https:\/\/secure.gravatar.com\/avatar\/267e4a36f704376c109afe3a78740c1f5dd8675a2180a908699e7863c9247606?s=96&d=mm&r=g\",\"contentUrl\":\"https:\/\/secure.gravatar.com\/avatar\/267e4a36f704376c109afe3a78740c1f5dd8675a2180a908699e7863c9247606?s=96&d=mm&r=g\",\"caption\":\"miro.sopko\"},\"url\":\"https:\/\/www.smedemokrati.sk\/cs\/author\/miro-sopko\/\"}]}<\/script>\n<!-- \/ Yoast SEO plugin. -->","yoast_head_json":{"title":"Pre Demokratov je ob\u010dianska spolo\u010dnos\u0165 partnerom, zastali sa Porub\u00e4novej","robots":{"index":"index","follow":"follow","max-snippet":"max-snippet:-1","max-image-preview":"max-image-preview:large","max-video-preview":"max-video-preview:-1"},"canonical":"https:\/\/www.smedemokrati.sk\/cs\/pre-demokratov-je-obcianska-spolocnost-partnerom-zastali-sa-porubanovej\/","og_locale":"cs_CZ","og_type":"article","og_title":"[:sk]Pre Demokratov je ob\u010dianska spolo\u010dnos\u0165 partnerom, zastali sa Porub\u00e4novej[:] - Smedemokrati.sk","og_description":"Strana Demokrati si v\u00e1\u017ei pr\u00ednos mimovl\u00e1dnych organiz\u00e1ci\u00ed pre zlep\u0161ovanie \u017eivota spolo\u010dnosti a principi\u00e1lne odmieta n\u00e1vrh na zmenu z\u00e1kona o&nbsp;neziskov\u00fdch organiz\u00e1ci\u00e1ch, predlo\u017een\u00fd poslancami za SNS. N\u00e1vrh z\u00e1kona pova\u017euje strana za \u00fatok na \u00fastavn\u00e9 pr\u00e1va a&nbsp;slobody ob\u010danov Slovenskej republiky. Predkladatelia n\u00e1vrhu v&nbsp;podstate ob\u010danom odkazuj\u00fa: M\u00f4\u017eete voli\u0165 vo vo\u013eb\u00e1ch, ale potom bu\u010fte ticho a&nbsp;\u0161\u00fachajte nohami! \u201ePredstavitelia vl\u00e1dnej koal\u00edcie [&hellip;]","og_url":"https:\/\/www.smedemokrati.sk\/cs\/pre-demokratov-je-obcianska-spolocnost-partnerom-zastali-sa-porubanovej\/","og_site_name":"Smedemokrati.sk","article_publisher":"https:\/\/www.facebook.com\/smedemokrati2023","article_published_time":"2025-04-02T09:30:57+00:00","article_modified_time":"2025-04-02T16:37:53+00:00","og_image":[{"width":1536,"height":1022,"url":"https:\/\/www.smedemokrati.sk\/wp-content\/uploads\/2025\/04\/Silvia_Porubanova-1536x1022-1.jpg","type":"image\/jpeg"}],"author":"miro.sopko","twitter_card":"summary_large_image","twitter_misc":{"Napsal(a)":"miro.sopko","Odhadovan\u00e1 doba \u010dten\u00ed":"2 minuty"},"schema":{"@context":"https:\/\/schema.org","@graph":[{"@type":"Article","@id":"https:\/\/www.smedemokrati.sk\/pre-demokratov-je-obcianska-spolocnost-partnerom-zastali-sa-porubanovej\/#article","isPartOf":{"@id":"https:\/\/www.smedemokrati.sk\/pre-demokratov-je-obcianska-spolocnost-partnerom-zastali-sa-porubanovej\/"},"author":{"name":"miro.sopko","@id":"https:\/\/www.smedemokrati.sk\/#\/schema\/person\/21f147c88d605aa7ded900e1e7c344ba"},"headline":"Pre Demokratov je ob\u010dianska spolo\u010dnos\u0165 partnerom, zastali sa Porub\u00e4novej","datePublished":"2025-04-02T09:30:57+00:00","dateModified":"2025-04-02T16:37:53+00:00","mainEntityOfPage":{"@id":"https:\/\/www.smedemokrati.sk\/pre-demokratov-je-obcianska-spolocnost-partnerom-zastali-sa-porubanovej\/"},"wordCount":412,"publisher":{"@id":"https:\/\/www.smedemokrati.sk\/#organization"},"image":{"@id":"https:\/\/www.smedemokrati.sk\/pre-demokratov-je-obcianska-spolocnost-partnerom-zastali-sa-porubanovej\/#primaryimage"},"thumbnailUrl":"https:\/\/www.smedemokrati.sk\/wp-content\/uploads\/2025\/04\/Silvia_Porubanova-1536x1022-1.jpg","articleSection":["Tla\u010dov\u00e9 spr\u00e1vy"],"inLanguage":"cs-CZ"},{"@type":"WebPage","@id":"https:\/\/www.smedemokrati.sk\/pre-demokratov-je-obcianska-spolocnost-partnerom-zastali-sa-porubanovej\/","url":"https:\/\/www.smedemokrati.sk\/pre-demokratov-je-obcianska-spolocnost-partnerom-zastali-sa-porubanovej\/","name":"Pre Demokratov je ob\u010dianska spolo\u010dnos\u0165 partnerom, zastali sa Porub\u00e4novej","isPartOf":{"@id":"https:\/\/www.smedemokrati.sk\/#website"},"primaryImageOfPage":{"@id":"https:\/\/www.smedemokrati.sk\/pre-demokratov-je-obcianska-spolocnost-partnerom-zastali-sa-porubanovej\/#primaryimage"},"image":{"@id":"https:\/\/www.smedemokrati.sk\/pre-demokratov-je-obcianska-spolocnost-partnerom-zastali-sa-porubanovej\/#primaryimage"},"thumbnailUrl":"https:\/\/www.smedemokrati.sk\/wp-content\/uploads\/2025\/04\/Silvia_Porubanova-1536x1022-1.jpg","datePublished":"2025-04-02T09:30:57+00:00","dateModified":"2025-04-02T16:37:53+00:00","breadcrumb":{"@id":"https:\/\/www.smedemokrati.sk\/pre-demokratov-je-obcianska-spolocnost-partnerom-zastali-sa-porubanovej\/#breadcrumb"},"inLanguage":"cs-CZ","potentialAction":[{"@type":"ReadAction","target":["https:\/\/www.smedemokrati.sk\/pre-demokratov-je-obcianska-spolocnost-partnerom-zastali-sa-porubanovej\/"]}]},{"@type":"ImageObject","inLanguage":"cs-CZ","@id":"https:\/\/www.smedemokrati.sk\/pre-demokratov-je-obcianska-spolocnost-partnerom-zastali-sa-porubanovej\/#primaryimage","url":"https:\/\/www.smedemokrati.sk\/wp-content\/uploads\/2025\/04\/Silvia_Porubanova-1536x1022-1.jpg","contentUrl":"https:\/\/www.smedemokrati.sk\/wp-content\/uploads\/2025\/04\/Silvia_Porubanova-1536x1022-1.jpg","width":1536,"height":1022},{"@type":"BreadcrumbList","@id":"https:\/\/www.smedemokrati.sk\/pre-demokratov-je-obcianska-spolocnost-partnerom-zastali-sa-porubanovej\/#breadcrumb","itemListElement":[{"@type":"ListItem","position":1,"name":"Domovsk\u00e1 str\u00e1nka","item":"https:\/\/www.smedemokrati.sk\/"},{"@type":"ListItem","position":2,"name":"Pre Demokratov je ob\u010dianska spolo\u010dnos\u0165 partnerom, zastali sa Porub\u00e4novej"}]},{"@type":"WebSite","@id":"https:\/\/www.smedemokrati.sk\/#website","url":"https:\/\/www.smedemokrati.sk\/","name":"Smedemokrati.sk","description":"Demokracia a slu\u0161nos\u0165 zv\u00ed\u0165az\u00ed","publisher":{"@id":"https:\/\/www.smedemokrati.sk\/#organization"},"potentialAction":[{"@type":"SearchAction","target":{"@type":"EntryPoint","urlTemplate":"https:\/\/www.smedemokrati.sk\/?s={search_term_string}"},"query-input":{"@type":"PropertyValueSpecification","valueRequired":true,"valueName":"search_term_string"}}],"inLanguage":"cs-CZ"},{"@type":"Organization","@id":"https:\/\/www.smedemokrati.sk\/#organization","name":"Smedemokrati.sk","url":"https:\/\/www.smedemokrati.sk\/","logo":{"@type":"ImageObject","inLanguage":"cs-CZ","@id":"https:\/\/www.smedemokrati.sk\/#\/schema\/logo\/image\/","url":"https:\/\/www.smedemokrati.sk\/wp-content\/uploads\/2023\/04\/ff.002.jpeg","contentUrl":"https:\/\/www.smedemokrati.sk\/wp-content\/uploads\/2023\/04\/ff.002.jpeg","width":640,"height":480,"caption":"Smedemokrati.sk"},"image":{"@id":"https:\/\/www.smedemokrati.sk\/#\/schema\/logo\/image\/"},"sameAs":["https:\/\/www.facebook.com\/smedemokrati2023"]},{"@type":"Person","@id":"https:\/\/www.smedemokrati.sk\/#\/schema\/person\/21f147c88d605aa7ded900e1e7c344ba","name":"miro.sopko","image":{"@type":"ImageObject","inLanguage":"cs-CZ","@id":"https:\/\/secure.gravatar.com\/avatar\/267e4a36f704376c109afe3a78740c1f5dd8675a2180a908699e7863c9247606?s=96&d=mm&r=g","url":"https:\/\/secure.gravatar.com\/avatar\/267e4a36f704376c109afe3a78740c1f5dd8675a2180a908699e7863c9247606?s=96&d=mm&r=g","contentUrl":"https:\/\/secure.gravatar.com\/avatar\/267e4a36f704376c109afe3a78740c1f5dd8675a2180a908699e7863c9247606?s=96&d=mm&r=g","caption":"miro.sopko"},"url":"https:\/\/www.smedemokrati.sk\/cs\/author\/miro-sopko\/"}]}},"_links":{"self":[{"href":"https:\/\/www.smedemokrati.sk\/cs\/wp-json\/wp\/v2\/posts\/6806","targetHints":{"allow":["GET"]}}],"collection":[{"href":"https:\/\/www.smedemokrati.sk\/cs\/wp-json\/wp\/v2\/posts"}],"about":[{"href":"https:\/\/www.smedemokrati.sk\/cs\/wp-json\/wp\/v2\/types\/post"}],"author":[{"embeddable":true,"href":"https:\/\/www.smedemokrati.sk\/cs\/wp-json\/wp\/v2\/users\/13"}],"replies":[{"embeddable":true,"href":"https:\/\/www.smedemokrati.sk\/cs\/wp-json\/wp\/v2\/comments?post=6806"}],"version-history":[{"count":2,"href":"https:\/\/www.smedemokrati.sk\/cs\/wp-json\/wp\/v2\/posts\/6806\/revisions"}],"predecessor-version":[{"id":6809,"href":"https:\/\/www.smedemokrati.sk\/cs\/wp-json\/wp\/v2\/posts\/6806\/revisions\/6809"}],"wp:featuredmedia":[{"embeddable":true,"href":"https:\/\/www.smedemokrati.sk\/cs\/wp-json\/wp\/v2\/media\/6807"}],"wp:attachment":[{"href":"https:\/\/www.smedemokrati.sk\/cs\/wp-json\/wp\/v2\/media?parent=6806"}],"wp:term":[{"taxonomy":"category","embeddable":true,"href":"https:\/\/www.smedemokrati.sk\/cs\/wp-json\/wp\/v2\/categories?post=6806"},{"taxonomy":"post_tag","embeddable":true,"href":"https:\/\/www.smedemokrati.sk\/cs\/wp-json\/wp\/v2\/tags?post=6806"}],"curies":[{"name":"wp","href":"https:\/\/api.w.org\/{rel}","templated":true}]}}