{"id":6700,"date":"2025-03-22T17:24:21","date_gmt":"2025-03-22T16:24:21","guid":{"rendered":"https:\/\/www.smedemokrati.sk\/?p=6700"},"modified":"2025-03-22T17:24:22","modified_gmt":"2025-03-22T16:24:22","slug":"vladni-politici-podcenili-situaciu-oslavovali-mdz-a-teraz-cynicky-vyzyvaju-na-jednotu-fico-by-mal-razantne-konat","status":"publish","type":"post","link":"https:\/\/www.smedemokrati.sk\/cs\/vladni-politici-podcenili-situaciu-oslavovali-mdz-a-teraz-cynicky-vyzyvaju-na-jednotu-fico-by-mal-razantne-konat\/","title":{"rendered":"Vl\u00e1dni politici podcenili situ\u00e1ciu, oslavovali MD\u017d a teraz cynicky vyz\u00fdvaj\u00fa na jednotu! Fico by mal razantne kona\u0165"},"content":{"rendered":"<div id=\"fb-root\"><\/div>\n\n<p><strong>Dne\u0161n\u00e1 tla\u010dov\u00e1 konferencia ministra Tak\u00e1\u010da otv\u00e1ra cel\u00fd rad ot\u00e1zok, \u010di v skuto\u010dnosti je k v\u00e1\u017enej situ\u00e1cii pristupovan\u00e9 od prv\u00e9ho momentu s dostato\u010dnou razanciou. Ot\u00e1zky, ktor\u00e9 neboli zodpovedan\u00e9 vyvol\u00e1vaj\u00fa v\u00e1\u017enu obavu, \u017ee minister Tak\u00e1\u010d a minister \u0160utaj E\u0161tok podcenili v \u00favode situ\u00e1ciu.\u00a0<\/strong><\/p>\n\n\n\n<p><em>\u2002\u201eSlinta\u010dka, ktor\u00e1 je na Slovensku potvrden\u00e1 od 21. marca je v\u00e1\u017en\u00fdm ohrozen\u00edm slovensk\u00e9ho po\u013enohospod\u00e1rstva. Oce\u0148ujeme, \u017ee ministerstvo za\u010dalo kona\u0165, ob\u00e1vame sa v\u0161ak, \u017ee je to neskoro a n\u00e1kaza je u\u017e roz\u0161\u00edren\u00e1 po viacer\u00fdch okresoch, \u010do sa v kr\u00e1tkom \u010dase \u017eia\u013e uk\u00e1\u017ee.\u00a0<strong>Preto je na mieste ot\u00e1zka, \u010do robili doteraz, ke\u010f \u010cesko a Po\u013esko reagovali od 6. marca, ke\u010f sa n\u00e1kaza objavila v Ma\u010farsku?! Okrem v\u00fdjazdov ministra Tak\u00e1\u010da po stretnutiach M\u010e\u017d sme nevideli komunika\u010dn\u00fa kampa\u0148 a seri\u00f3zne opatrenia. Rovnako to plat\u00ed aj o \u0160utajovi E\u0161tokovi, ktor\u00ed dnes dokonca ani s verejnos\u0165ou nekomunikoval a miesto seba poslal \u0161t\u00e1tnu tajomn\u00ed\u010dku. Ke\u010f bolo treba nah\u00e1\u0148a\u0165 nevidite\u013en\u00fdch migrantov, tak pol\u00edcia a \u0160utaj E\u0161tok robili divadlo. Dnes, ke\u010f je situ\u00e1cia naozaj v\u00e1\u017ena, tak s\u00fa nevidite\u013en\u00ed a rad\u0161ej sa neoz\u00fdvaj\u00fa a \u0160utaj rad\u0161ej \u201cdovolenkuje&#8220;<\/strong><\/em><strong>.<\/strong>\u00a0K\u00fdm ostatn\u00e9 krajiny prij\u00edmali razantn\u00e9 opatrenia, na\u0161i politici sl\u00e1vili MD\u017d a\u00a0podcenili svoje povinnosti.\u201d otv\u00e1ra t\u00e9mu Juraj \u0160eliga<\/p>\n\n\n\n<p><em>\u201eOd 6.3, kedy Ma\u010farsko informovalo o jej v\u00fdskyte na svojom \u00fazem\u00ed, malo Tak\u00e1\u010dove ministerstvo \u010das na zavedenie r\u00fdchlych a \u00fa\u010dinn\u00fdch prevent\u00edvnych opatren\u00ed. To, \u010do doteraz robili sa uk\u00e1zalo ako podcenenie situ\u00e1cie a bolo nedostato\u010dn\u00e9.\u00a0<strong>\u00a0P\u00fdtame sa, ako je mo\u017en\u00e9, \u017ee na hrani\u010dn\u00fdch priechodoch napr\u00edklad nedo\u0161lo k zavedeniu dezinfek\u010dn\u00fdch brodov, \u010do je jedno za z\u00e1kladnych opatreni proti zamedzeniu slinta\u010dky a kr\u00edva\u010dky? Poliaci toto opatrenia zaviedli a nesusedia s Ma\u010farskom ako my! Na tento probl\u00e9m nepoukazuj\u00fa len politici, ale aj odborn\u00edci ako napr. p\u00e1n B\u00edre\u0161.<\/strong>\u201d<\/em> p\u00fdta sa enviroexpert Michal Ki\u010da.\u00a0<\/p>\n\n\n\n<p><em>\u201eAko je mo\u017en\u00e9, \u017ee napriek Tak\u00e1\u010dov\u00fdm opatreniam,\u00a0\u010cesk\u00e9 \u00farady d\u0148a 16. marca zadr\u017eali na hraniciach so SR pr\u00e1zdne ma\u010farsk\u00e9 kami\u00f3ny, ktor\u00e9 i\u0161li po \u017eive zvierat\u00e1 do \u010cR a mali byt pod\u013ea papierov vydezinfikovane, ale v skuto\u010dnosti boli \u0161pinav\u00e9 a teda vysoko pravdepodobne \u0161\u00edriace n\u00e1kazu? A<strong>ko je mo\u017en\u00e9, ze aj po zaveden\u00ed prevent\u00edvnych opatren\u00ed, sa mohli na \u00fazem\u00ed SR pohybova\u0165 tieto ma\u010farsk\u00e9 kami\u00f3ny vyu\u017e\u00edvan\u00e9 na prepravu dobytka? Je evidentn\u00e9, \u017ee \u010cesk\u00e1 republika si svoju pr\u00e1cu urobila, ke\u010f tieto kami\u00f3ny v\u00a0Lan\u017ehote oto\u010dila, ale \u010do robili slovensk\u00e9 org\u00e1ny?<\/strong>\u201c<\/em> opakovane sa p\u00fdta Michal Ki\u010da<\/p>\n\n\n\n<p><em>\u201e\u010cesk\u00e1 republika reagovala u\u017e 7. marcom z\u00e1kazom prepravy zvierat z\u00a0Ma\u010farska aj Slovenska, pre\u010do minister nezaviedol \u00fa\u010dinnej\u0161ie opatrenia, ke\u010f na\u0161e najv\u00e4\u010d\u0161ie chovy s\u00fa s\u00fastreden\u00e9 na juhu v bl\u00edzkosti hran\u00edc s Ma\u010farska, kde n\u00e1kaza vypukla? Rovnako razantne reagovalo aj Po\u013esko, ktor\u00e9 s\u00a0Ma\u010farskom nesused\u00ed, na\u0161a reakcia bola v\u0161ak spomalen\u00e1.\u00a0<strong>Na Slovensku vst\u00fapili do platnosti mimoriadne n\u00fadzov\u00e9 opatrenia\u00a0az o 17. Hodine v piatok 21. marca. Naproti tomu \u010cesk\u00e1republika aktivovala svoj kr\u00edzov\u00fd\u00a0scen\u00e1r\u00a0hne\u010f\u00a0ako bola n\u00e1kaza\u00a0v HU potvrden\u00e1. Dnes je evidentne, \u017ee\u00a0Tak\u00e1\u010dovo ministerstvo malo razantnej\u0161ie\u00a0kona\u0165\u00a0u\u017e\u00a07.\u00a0marca\u00a0a vykona\u0165\u00a0ove\u013ea\u00a0pr\u00edsnej\u0161ie\u00a0opatrenia proti zavle\u010deniu\u00a0slinta\u010dkya kr\u00edva\u010dky\u00a0na \u00fazemie\u00a0SR. Minister Tak\u00e1\u010d\u00a0ale aj s\u00fa\u010dasn\u00fd\u00a0\u00fastredn\u00fd\u00a0riadite\u013e\u00a0statnej veterin\u00e1rnej\u00a0a potravinovej spr\u00e1vy\u00a0Martin Chud\u00fd\u00a0nekonali dostato\u010dne\u00a0r\u00fdchlo.\u201d<\/strong><\/em><strong>\u00a0<\/strong>hovor\u00ed Michal Ki\u010da.<\/p>\n\n\n\n<p><em>\u201e<strong>Premi\u00e9r Fico, ktor\u00fd opakovane \u013eud\u00ed hecoval do spochyb\u0148ovania v\u0161etk\u00e9ho \u010do s\u00faviselo s\u00a0pand\u00e9miou Covidu m\u00e1 t\u00fa drzos\u0165 hovori\u0165 opoz\u00edcii aby bola ticho? Pri \u013eu\u010foch, ke\u010f bolo treba jednotu a\u00a0pomoc rozvracal \u010do sa rozvraca\u0165 dalo, dnes pri dobytku vyz\u00fdva na jednotu. Je to cynizmus, ak\u00e9ho je schopn\u00fd len on.<\/strong>\u00a0Je v\u0161ak zrejm\u00e9, \u017ee si kone\u010dne za\u010dal uvedomova\u0165 v\u00e1\u017enos\u0165 situ\u00e1cie a\u00a0ohrozenie cel\u00e9ho chovu dobytka na Slovensku s\u00a0dopadom na ob\u010danov.\u00a0Vyz\u00fdvame vl\u00e1du na akt\u00edvnu komunika\u010dn\u00fa kampa\u0148 a\u00a0podrobn\u00e9 informovanie verejnosti. <strong>N\u00e1kaza slinta\u010dky a\u00a0kr\u00edva\u010dky len tak neod\u00edde, ob\u00e1vam sa,\u00a0\u017ee toto je len za\u010diatok ve\u013emi zl\u00e9ho obdobia. Fico by mal od Tak\u00e1\u010da a\u00a0\u0160utaja E\u0161toka po\u017eadova\u0165 vyvodenie zodpovednosti za nedostato\u010dn\u00fa razantnos\u0165 v\u00a0prv\u00fdch chv\u00ed\u013each n\u00e1kazy a\u00a0t\u00fato n\u00e1kazu pova\u017eova\u0165 za v\u00fdsostne v\u00e1\u017enu t\u00e9mu a\u00a0venova\u0165 je pln\u00fa pozornos\u0165.<\/strong>\u201c <\/em>uzatv\u00e1ra Juraj \u0160eliga, podpredseda strany Demokrati.\u00a0<\/p>\n","protected":false},"excerpt":{"rendered":"<p>Dne\u0161n\u00e1 tla\u010dov\u00e1 konferencia ministra Tak\u00e1\u010da otv\u00e1ra cel\u00fd rad ot\u00e1zok, \u010di v skuto\u010dnosti je k v\u00e1\u017enej situ\u00e1cii pristupovan\u00e9 od prv\u00e9ho momentu s dostato\u010dnou razanciou. Ot\u00e1zky, ktor\u00e9 neboli zodpovedan\u00e9 vyvol\u00e1vaj\u00fa v\u00e1\u017enu obavu, \u017ee minister Tak\u00e1\u010d a minister \u0160utaj E\u0161tok podcenili v \u00favode situ\u00e1ciu.\u00a0 \u2002\u201eSlinta\u010dka, ktor\u00e1 je na Slovensku potvrden\u00e1 od 21. marca je v\u00e1\u017en\u00fdm ohrozen\u00edm slovensk\u00e9ho po\u013enohospod\u00e1rstva. [&hellip;]<\/p>\n","protected":false},"author":13,"featured_media":3182,"comment_status":"closed","ping_status":"closed","sticky":false,"template":"","format":"standard","meta":{"_acf_changed":false,"ngg_post_thumbnail":0,"footnotes":""},"categories":[4],"tags":[],"class_list":["post-6700","post","type-post","status-publish","format-standard","has-post-thumbnail","hentry","category-tlacove-spravy"],"acf":[],"yoast_head":"<!-- This site is optimized with the Yoast SEO plugin v27.2 - https:\/\/yoast.com\/product\/yoast-seo-wordpress\/ -->\n<title>Vl\u00e1dni politici podcenili situ\u00e1ciu, oslavovali MD\u017d a teraz cynicky vyz\u00fdvaj\u00fa na jednotu! Fico by mal razantne kona\u0165<\/title>\n<meta name=\"robots\" content=\"index, follow, max-snippet:-1, max-image-preview:large, max-video-preview:-1\" \/>\n<link rel=\"canonical\" href=\"https:\/\/www.smedemokrati.sk\/cs\/vladni-politici-podcenili-situaciu-oslavovali-mdz-a-teraz-cynicky-vyzyvaju-na-jednotu-fico-by-mal-razantne-konat\/\" \/>\n<meta property=\"og:locale\" content=\"cs_CZ\" \/>\n<meta property=\"og:locale:alternate\" content=\"en_US\" \/>\n<meta property=\"og:locale:alternate\" content=\"hu_HU\" \/>\n<meta property=\"og:locale:alternate\" content=\"sk_SK\" \/>\n<meta property=\"og:locale:alternate\" content=\"sv_SE\" \/>\n<meta property=\"og:type\" content=\"article\" \/>\n<meta property=\"og:title\" content=\"Vl\u00e1dni politici podcenili situ\u00e1ciu, oslavovali MD\u017d a teraz cynicky vyz\u00fdvaj\u00fa na jednotu! Fico by mal razantne kona\u0165\" \/>\n<meta property=\"og:description\" content=\"Dne\u0161n\u00e1 tla\u010dov\u00e1 konferencia ministra Tak\u00e1\u010da otv\u00e1ra cel\u00fd rad ot\u00e1zok, \u010di v skuto\u010dnosti je k v\u00e1\u017enej situ\u00e1cii pristupovan\u00e9 od prv\u00e9ho momentu s dostato\u010dnou razanciou. Ot\u00e1zky, ktor\u00e9 neboli zodpovedan\u00e9 vyvol\u00e1vaj\u00fa v\u00e1\u017enu obavu, \u017ee minister Tak\u00e1\u010d a minister \u0160utaj E\u0161tok podcenili v \u00favode situ\u00e1ciu.\u00a0 \u2002\u201eSlinta\u010dka, ktor\u00e1 je na Slovensku potvrden\u00e1 od 21. marca je v\u00e1\u017en\u00fdm ohrozen\u00edm slovensk\u00e9ho po\u013enohospod\u00e1rstva. [&hellip;]\" \/>\n<meta property=\"og:url\" content=\"https:\/\/www.smedemokrati.sk\/cs\/vladni-politici-podcenili-situaciu-oslavovali-mdz-a-teraz-cynicky-vyzyvaju-na-jednotu-fico-by-mal-razantne-konat\/\" \/>\n<meta property=\"og:site_name\" content=\"Smedemokrati.sk\" \/>\n<meta property=\"article:publisher\" content=\"https:\/\/www.facebook.com\/smedemokrati2023\" \/>\n<meta property=\"article:published_time\" content=\"2025-03-22T16:24:21+00:00\" \/>\n<meta property=\"article:modified_time\" content=\"2025-03-22T16:24:22+00:00\" \/>\n<meta property=\"og:image\" content=\"https:\/\/www.smedemokrati.sk\/wp-content\/uploads\/2024\/03\/takac.jpg\" \/>\n\t<meta property=\"og:image:width\" content=\"2048\" \/>\n\t<meta property=\"og:image:height\" content=\"1366\" \/>\n\t<meta property=\"og:image:type\" content=\"image\/jpeg\" \/>\n<meta name=\"author\" content=\"miro.sopko\" \/>\n<meta name=\"twitter:card\" content=\"summary_large_image\" \/>\n<meta name=\"twitter:label1\" content=\"Napsal(a)\" \/>\n\t<meta name=\"twitter:data1\" content=\"miro.sopko\" \/>\n\t<meta name=\"twitter:label2\" content=\"Odhadovan\u00e1 doba \u010dten\u00ed\" \/>\n\t<meta name=\"twitter:data2\" content=\"4 minuty\" \/>\n<script type=\"application\/ld+json\" class=\"yoast-schema-graph\">{\"@context\":\"https:\/\/schema.org\",\"@graph\":[{\"@type\":\"Article\",\"@id\":\"https:\/\/www.smedemokrati.sk\/vladni-politici-podcenili-situaciu-oslavovali-mdz-a-teraz-cynicky-vyzyvaju-na-jednotu-fico-by-mal-razantne-konat\/#article\",\"isPartOf\":{\"@id\":\"https:\/\/www.smedemokrati.sk\/vladni-politici-podcenili-situaciu-oslavovali-mdz-a-teraz-cynicky-vyzyvaju-na-jednotu-fico-by-mal-razantne-konat\/\"},\"author\":{\"name\":\"miro.sopko\",\"@id\":\"https:\/\/www.smedemokrati.sk\/#\/schema\/person\/21f147c88d605aa7ded900e1e7c344ba\"},\"headline\":\"Vl\u00e1dni politici podcenili situ\u00e1ciu, oslavovali MD\u017d a teraz cynicky vyz\u00fdvaj\u00fa na jednotu! Fico by mal razantne kona\u0165\",\"datePublished\":\"2025-03-22T16:24:21+00:00\",\"dateModified\":\"2025-03-22T16:24:22+00:00\",\"mainEntityOfPage\":{\"@id\":\"https:\/\/www.smedemokrati.sk\/vladni-politici-podcenili-situaciu-oslavovali-mdz-a-teraz-cynicky-vyzyvaju-na-jednotu-fico-by-mal-razantne-konat\/\"},\"wordCount\":827,\"publisher\":{\"@id\":\"https:\/\/www.smedemokrati.sk\/#organization\"},\"image\":{\"@id\":\"https:\/\/www.smedemokrati.sk\/vladni-politici-podcenili-situaciu-oslavovali-mdz-a-teraz-cynicky-vyzyvaju-na-jednotu-fico-by-mal-razantne-konat\/#primaryimage\"},\"thumbnailUrl\":\"https:\/\/www.smedemokrati.sk\/wp-content\/uploads\/2024\/03\/takac.jpg\",\"articleSection\":[\"Tla\u010dov\u00e9 spr\u00e1vy\"],\"inLanguage\":\"cs-CZ\"},{\"@type\":\"WebPage\",\"@id\":\"https:\/\/www.smedemokrati.sk\/vladni-politici-podcenili-situaciu-oslavovali-mdz-a-teraz-cynicky-vyzyvaju-na-jednotu-fico-by-mal-razantne-konat\/\",\"url\":\"https:\/\/www.smedemokrati.sk\/vladni-politici-podcenili-situaciu-oslavovali-mdz-a-teraz-cynicky-vyzyvaju-na-jednotu-fico-by-mal-razantne-konat\/\",\"name\":\"Vl\u00e1dni politici podcenili situ\u00e1ciu, oslavovali MD\u017d a teraz cynicky vyz\u00fdvaj\u00fa na jednotu! Fico by mal razantne kona\u0165\",\"isPartOf\":{\"@id\":\"https:\/\/www.smedemokrati.sk\/#website\"},\"primaryImageOfPage\":{\"@id\":\"https:\/\/www.smedemokrati.sk\/vladni-politici-podcenili-situaciu-oslavovali-mdz-a-teraz-cynicky-vyzyvaju-na-jednotu-fico-by-mal-razantne-konat\/#primaryimage\"},\"image\":{\"@id\":\"https:\/\/www.smedemokrati.sk\/vladni-politici-podcenili-situaciu-oslavovali-mdz-a-teraz-cynicky-vyzyvaju-na-jednotu-fico-by-mal-razantne-konat\/#primaryimage\"},\"thumbnailUrl\":\"https:\/\/www.smedemokrati.sk\/wp-content\/uploads\/2024\/03\/takac.jpg\",\"datePublished\":\"2025-03-22T16:24:21+00:00\",\"dateModified\":\"2025-03-22T16:24:22+00:00\",\"breadcrumb\":{\"@id\":\"https:\/\/www.smedemokrati.sk\/vladni-politici-podcenili-situaciu-oslavovali-mdz-a-teraz-cynicky-vyzyvaju-na-jednotu-fico-by-mal-razantne-konat\/#breadcrumb\"},\"inLanguage\":\"cs-CZ\",\"potentialAction\":[{\"@type\":\"ReadAction\",\"target\":[\"https:\/\/www.smedemokrati.sk\/vladni-politici-podcenili-situaciu-oslavovali-mdz-a-teraz-cynicky-vyzyvaju-na-jednotu-fico-by-mal-razantne-konat\/\"]}]},{\"@type\":\"ImageObject\",\"inLanguage\":\"cs-CZ\",\"@id\":\"https:\/\/www.smedemokrati.sk\/vladni-politici-podcenili-situaciu-oslavovali-mdz-a-teraz-cynicky-vyzyvaju-na-jednotu-fico-by-mal-razantne-konat\/#primaryimage\",\"url\":\"https:\/\/www.smedemokrati.sk\/wp-content\/uploads\/2024\/03\/takac.jpg\",\"contentUrl\":\"https:\/\/www.smedemokrati.sk\/wp-content\/uploads\/2024\/03\/takac.jpg\",\"width\":2048,\"height\":1366},{\"@type\":\"BreadcrumbList\",\"@id\":\"https:\/\/www.smedemokrati.sk\/vladni-politici-podcenili-situaciu-oslavovali-mdz-a-teraz-cynicky-vyzyvaju-na-jednotu-fico-by-mal-razantne-konat\/#breadcrumb\",\"itemListElement\":[{\"@type\":\"ListItem\",\"position\":1,\"name\":\"Domovsk\u00e1 str\u00e1nka\",\"item\":\"https:\/\/www.smedemokrati.sk\/\"},{\"@type\":\"ListItem\",\"position\":2,\"name\":\"Vl\u00e1dni politici podcenili situ\u00e1ciu, oslavovali MD\u017d a teraz cynicky vyz\u00fdvaj\u00fa na jednotu! Fico by mal razantne kona\u0165\"}]},{\"@type\":\"WebSite\",\"@id\":\"https:\/\/www.smedemokrati.sk\/#website\",\"url\":\"https:\/\/www.smedemokrati.sk\/\",\"name\":\"Smedemokrati.sk\",\"description\":\"Demokracia a slu\u0161nos\u0165 zv\u00ed\u0165az\u00ed\",\"publisher\":{\"@id\":\"https:\/\/www.smedemokrati.sk\/#organization\"},\"potentialAction\":[{\"@type\":\"SearchAction\",\"target\":{\"@type\":\"EntryPoint\",\"urlTemplate\":\"https:\/\/www.smedemokrati.sk\/?s={search_term_string}\"},\"query-input\":{\"@type\":\"PropertyValueSpecification\",\"valueRequired\":true,\"valueName\":\"search_term_string\"}}],\"inLanguage\":\"cs-CZ\"},{\"@type\":\"Organization\",\"@id\":\"https:\/\/www.smedemokrati.sk\/#organization\",\"name\":\"Smedemokrati.sk\",\"url\":\"https:\/\/www.smedemokrati.sk\/\",\"logo\":{\"@type\":\"ImageObject\",\"inLanguage\":\"cs-CZ\",\"@id\":\"https:\/\/www.smedemokrati.sk\/#\/schema\/logo\/image\/\",\"url\":\"https:\/\/www.smedemokrati.sk\/wp-content\/uploads\/2023\/04\/ff.002.jpeg\",\"contentUrl\":\"https:\/\/www.smedemokrati.sk\/wp-content\/uploads\/2023\/04\/ff.002.jpeg\",\"width\":640,\"height\":480,\"caption\":\"Smedemokrati.sk\"},\"image\":{\"@id\":\"https:\/\/www.smedemokrati.sk\/#\/schema\/logo\/image\/\"},\"sameAs\":[\"https:\/\/www.facebook.com\/smedemokrati2023\"]},{\"@type\":\"Person\",\"@id\":\"https:\/\/www.smedemokrati.sk\/#\/schema\/person\/21f147c88d605aa7ded900e1e7c344ba\",\"name\":\"miro.sopko\",\"image\":{\"@type\":\"ImageObject\",\"inLanguage\":\"cs-CZ\",\"@id\":\"https:\/\/secure.gravatar.com\/avatar\/267e4a36f704376c109afe3a78740c1f5dd8675a2180a908699e7863c9247606?s=96&d=mm&r=g\",\"url\":\"https:\/\/secure.gravatar.com\/avatar\/267e4a36f704376c109afe3a78740c1f5dd8675a2180a908699e7863c9247606?s=96&d=mm&r=g\",\"contentUrl\":\"https:\/\/secure.gravatar.com\/avatar\/267e4a36f704376c109afe3a78740c1f5dd8675a2180a908699e7863c9247606?s=96&d=mm&r=g\",\"caption\":\"miro.sopko\"},\"url\":\"https:\/\/www.smedemokrati.sk\/cs\/author\/miro-sopko\/\"}]}<\/script>\n<!-- \/ Yoast SEO plugin. -->","yoast_head_json":{"title":"Vl\u00e1dni politici podcenili situ\u00e1ciu, oslavovali MD\u017d a teraz cynicky vyz\u00fdvaj\u00fa na jednotu! Fico by mal razantne kona\u0165","robots":{"index":"index","follow":"follow","max-snippet":"max-snippet:-1","max-image-preview":"max-image-preview:large","max-video-preview":"max-video-preview:-1"},"canonical":"https:\/\/www.smedemokrati.sk\/cs\/vladni-politici-podcenili-situaciu-oslavovali-mdz-a-teraz-cynicky-vyzyvaju-na-jednotu-fico-by-mal-razantne-konat\/","og_locale":"cs_CZ","og_type":"article","og_title":"[:sk]Vl\u00e1dni politici podcenili situ\u00e1ciu, oslavovali MD\u017d a teraz cynicky vyz\u00fdvaj\u00fa na jednotu! Fico by mal razantne kona\u0165[:] - Smedemokrati.sk","og_description":"Dne\u0161n\u00e1 tla\u010dov\u00e1 konferencia ministra Tak\u00e1\u010da otv\u00e1ra cel\u00fd rad ot\u00e1zok, \u010di v skuto\u010dnosti je k v\u00e1\u017enej situ\u00e1cii pristupovan\u00e9 od prv\u00e9ho momentu s dostato\u010dnou razanciou. Ot\u00e1zky, ktor\u00e9 neboli zodpovedan\u00e9 vyvol\u00e1vaj\u00fa v\u00e1\u017enu obavu, \u017ee minister Tak\u00e1\u010d a minister \u0160utaj E\u0161tok podcenili v \u00favode situ\u00e1ciu.\u00a0 \u2002\u201eSlinta\u010dka, ktor\u00e1 je na Slovensku potvrden\u00e1 od 21. marca je v\u00e1\u017en\u00fdm ohrozen\u00edm slovensk\u00e9ho po\u013enohospod\u00e1rstva. [&hellip;]","og_url":"https:\/\/www.smedemokrati.sk\/cs\/vladni-politici-podcenili-situaciu-oslavovali-mdz-a-teraz-cynicky-vyzyvaju-na-jednotu-fico-by-mal-razantne-konat\/","og_site_name":"Smedemokrati.sk","article_publisher":"https:\/\/www.facebook.com\/smedemokrati2023","article_published_time":"2025-03-22T16:24:21+00:00","article_modified_time":"2025-03-22T16:24:22+00:00","og_image":[{"width":2048,"height":1366,"url":"https:\/\/www.smedemokrati.sk\/wp-content\/uploads\/2024\/03\/takac.jpg","type":"image\/jpeg"}],"author":"miro.sopko","twitter_card":"summary_large_image","twitter_misc":{"Napsal(a)":"miro.sopko","Odhadovan\u00e1 doba \u010dten\u00ed":"4 minuty"},"schema":{"@context":"https:\/\/schema.org","@graph":[{"@type":"Article","@id":"https:\/\/www.smedemokrati.sk\/vladni-politici-podcenili-situaciu-oslavovali-mdz-a-teraz-cynicky-vyzyvaju-na-jednotu-fico-by-mal-razantne-konat\/#article","isPartOf":{"@id":"https:\/\/www.smedemokrati.sk\/vladni-politici-podcenili-situaciu-oslavovali-mdz-a-teraz-cynicky-vyzyvaju-na-jednotu-fico-by-mal-razantne-konat\/"},"author":{"name":"miro.sopko","@id":"https:\/\/www.smedemokrati.sk\/#\/schema\/person\/21f147c88d605aa7ded900e1e7c344ba"},"headline":"Vl\u00e1dni politici podcenili situ\u00e1ciu, oslavovali MD\u017d a teraz cynicky vyz\u00fdvaj\u00fa na jednotu! Fico by mal razantne kona\u0165","datePublished":"2025-03-22T16:24:21+00:00","dateModified":"2025-03-22T16:24:22+00:00","mainEntityOfPage":{"@id":"https:\/\/www.smedemokrati.sk\/vladni-politici-podcenili-situaciu-oslavovali-mdz-a-teraz-cynicky-vyzyvaju-na-jednotu-fico-by-mal-razantne-konat\/"},"wordCount":827,"publisher":{"@id":"https:\/\/www.smedemokrati.sk\/#organization"},"image":{"@id":"https:\/\/www.smedemokrati.sk\/vladni-politici-podcenili-situaciu-oslavovali-mdz-a-teraz-cynicky-vyzyvaju-na-jednotu-fico-by-mal-razantne-konat\/#primaryimage"},"thumbnailUrl":"https:\/\/www.smedemokrati.sk\/wp-content\/uploads\/2024\/03\/takac.jpg","articleSection":["Tla\u010dov\u00e9 spr\u00e1vy"],"inLanguage":"cs-CZ"},{"@type":"WebPage","@id":"https:\/\/www.smedemokrati.sk\/vladni-politici-podcenili-situaciu-oslavovali-mdz-a-teraz-cynicky-vyzyvaju-na-jednotu-fico-by-mal-razantne-konat\/","url":"https:\/\/www.smedemokrati.sk\/vladni-politici-podcenili-situaciu-oslavovali-mdz-a-teraz-cynicky-vyzyvaju-na-jednotu-fico-by-mal-razantne-konat\/","name":"Vl\u00e1dni politici podcenili situ\u00e1ciu, oslavovali MD\u017d a teraz cynicky vyz\u00fdvaj\u00fa na jednotu! Fico by mal razantne kona\u0165","isPartOf":{"@id":"https:\/\/www.smedemokrati.sk\/#website"},"primaryImageOfPage":{"@id":"https:\/\/www.smedemokrati.sk\/vladni-politici-podcenili-situaciu-oslavovali-mdz-a-teraz-cynicky-vyzyvaju-na-jednotu-fico-by-mal-razantne-konat\/#primaryimage"},"image":{"@id":"https:\/\/www.smedemokrati.sk\/vladni-politici-podcenili-situaciu-oslavovali-mdz-a-teraz-cynicky-vyzyvaju-na-jednotu-fico-by-mal-razantne-konat\/#primaryimage"},"thumbnailUrl":"https:\/\/www.smedemokrati.sk\/wp-content\/uploads\/2024\/03\/takac.jpg","datePublished":"2025-03-22T16:24:21+00:00","dateModified":"2025-03-22T16:24:22+00:00","breadcrumb":{"@id":"https:\/\/www.smedemokrati.sk\/vladni-politici-podcenili-situaciu-oslavovali-mdz-a-teraz-cynicky-vyzyvaju-na-jednotu-fico-by-mal-razantne-konat\/#breadcrumb"},"inLanguage":"cs-CZ","potentialAction":[{"@type":"ReadAction","target":["https:\/\/www.smedemokrati.sk\/vladni-politici-podcenili-situaciu-oslavovali-mdz-a-teraz-cynicky-vyzyvaju-na-jednotu-fico-by-mal-razantne-konat\/"]}]},{"@type":"ImageObject","inLanguage":"cs-CZ","@id":"https:\/\/www.smedemokrati.sk\/vladni-politici-podcenili-situaciu-oslavovali-mdz-a-teraz-cynicky-vyzyvaju-na-jednotu-fico-by-mal-razantne-konat\/#primaryimage","url":"https:\/\/www.smedemokrati.sk\/wp-content\/uploads\/2024\/03\/takac.jpg","contentUrl":"https:\/\/www.smedemokrati.sk\/wp-content\/uploads\/2024\/03\/takac.jpg","width":2048,"height":1366},{"@type":"BreadcrumbList","@id":"https:\/\/www.smedemokrati.sk\/vladni-politici-podcenili-situaciu-oslavovali-mdz-a-teraz-cynicky-vyzyvaju-na-jednotu-fico-by-mal-razantne-konat\/#breadcrumb","itemListElement":[{"@type":"ListItem","position":1,"name":"Domovsk\u00e1 str\u00e1nka","item":"https:\/\/www.smedemokrati.sk\/"},{"@type":"ListItem","position":2,"name":"Vl\u00e1dni politici podcenili situ\u00e1ciu, oslavovali MD\u017d a teraz cynicky vyz\u00fdvaj\u00fa na jednotu! Fico by mal razantne kona\u0165"}]},{"@type":"WebSite","@id":"https:\/\/www.smedemokrati.sk\/#website","url":"https:\/\/www.smedemokrati.sk\/","name":"Smedemokrati.sk","description":"Demokracia a slu\u0161nos\u0165 zv\u00ed\u0165az\u00ed","publisher":{"@id":"https:\/\/www.smedemokrati.sk\/#organization"},"potentialAction":[{"@type":"SearchAction","target":{"@type":"EntryPoint","urlTemplate":"https:\/\/www.smedemokrati.sk\/?s={search_term_string}"},"query-input":{"@type":"PropertyValueSpecification","valueRequired":true,"valueName":"search_term_string"}}],"inLanguage":"cs-CZ"},{"@type":"Organization","@id":"https:\/\/www.smedemokrati.sk\/#organization","name":"Smedemokrati.sk","url":"https:\/\/www.smedemokrati.sk\/","logo":{"@type":"ImageObject","inLanguage":"cs-CZ","@id":"https:\/\/www.smedemokrati.sk\/#\/schema\/logo\/image\/","url":"https:\/\/www.smedemokrati.sk\/wp-content\/uploads\/2023\/04\/ff.002.jpeg","contentUrl":"https:\/\/www.smedemokrati.sk\/wp-content\/uploads\/2023\/04\/ff.002.jpeg","width":640,"height":480,"caption":"Smedemokrati.sk"},"image":{"@id":"https:\/\/www.smedemokrati.sk\/#\/schema\/logo\/image\/"},"sameAs":["https:\/\/www.facebook.com\/smedemokrati2023"]},{"@type":"Person","@id":"https:\/\/www.smedemokrati.sk\/#\/schema\/person\/21f147c88d605aa7ded900e1e7c344ba","name":"miro.sopko","image":{"@type":"ImageObject","inLanguage":"cs-CZ","@id":"https:\/\/secure.gravatar.com\/avatar\/267e4a36f704376c109afe3a78740c1f5dd8675a2180a908699e7863c9247606?s=96&d=mm&r=g","url":"https:\/\/secure.gravatar.com\/avatar\/267e4a36f704376c109afe3a78740c1f5dd8675a2180a908699e7863c9247606?s=96&d=mm&r=g","contentUrl":"https:\/\/secure.gravatar.com\/avatar\/267e4a36f704376c109afe3a78740c1f5dd8675a2180a908699e7863c9247606?s=96&d=mm&r=g","caption":"miro.sopko"},"url":"https:\/\/www.smedemokrati.sk\/cs\/author\/miro-sopko\/"}]}},"_links":{"self":[{"href":"https:\/\/www.smedemokrati.sk\/cs\/wp-json\/wp\/v2\/posts\/6700","targetHints":{"allow":["GET"]}}],"collection":[{"href":"https:\/\/www.smedemokrati.sk\/cs\/wp-json\/wp\/v2\/posts"}],"about":[{"href":"https:\/\/www.smedemokrati.sk\/cs\/wp-json\/wp\/v2\/types\/post"}],"author":[{"embeddable":true,"href":"https:\/\/www.smedemokrati.sk\/cs\/wp-json\/wp\/v2\/users\/13"}],"replies":[{"embeddable":true,"href":"https:\/\/www.smedemokrati.sk\/cs\/wp-json\/wp\/v2\/comments?post=6700"}],"version-history":[{"count":1,"href":"https:\/\/www.smedemokrati.sk\/cs\/wp-json\/wp\/v2\/posts\/6700\/revisions"}],"predecessor-version":[{"id":6701,"href":"https:\/\/www.smedemokrati.sk\/cs\/wp-json\/wp\/v2\/posts\/6700\/revisions\/6701"}],"wp:featuredmedia":[{"embeddable":true,"href":"https:\/\/www.smedemokrati.sk\/cs\/wp-json\/wp\/v2\/media\/3182"}],"wp:attachment":[{"href":"https:\/\/www.smedemokrati.sk\/cs\/wp-json\/wp\/v2\/media?parent=6700"}],"wp:term":[{"taxonomy":"category","embeddable":true,"href":"https:\/\/www.smedemokrati.sk\/cs\/wp-json\/wp\/v2\/categories?post=6700"},{"taxonomy":"post_tag","embeddable":true,"href":"https:\/\/www.smedemokrati.sk\/cs\/wp-json\/wp\/v2\/tags?post=6700"}],"curies":[{"name":"wp","href":"https:\/\/api.w.org\/{rel}","templated":true}]}}