{"id":6688,"date":"2025-03-21T09:31:20","date_gmt":"2025-03-21T08:31:20","guid":{"rendered":"https:\/\/www.smedemokrati.sk\/?p=6688"},"modified":"2025-03-21T09:31:21","modified_gmt":"2025-03-21T08:31:21","slug":"informacia-o-protestoch","status":"publish","type":"post","link":"https:\/\/www.smedemokrati.sk\/cs\/informacia-o-protestoch\/","title":{"rendered":"Inform\u00e1cia o protestoch"},"content":{"rendered":"<div id=\"fb-root\"><\/div>\n\n<p>Demokrati organizuj\u00fa aj tento piatok, 21. marca 2025 protestn\u00e9 zhroma\u017edenia,<\/p>\n\n\n\n<p><strong>&#8222;Proti Ficovej dra\u017eobe&#8220;<\/strong>&nbsp;, tentoraz v t\u00fdchto 4 slovensk\u00fdch mest\u00e1ch:<\/p>\n\n\n\n<p><strong>Levice:<\/strong>&nbsp;n\u00e1mestie Hrdinov, 18:00<br><strong>Pre\u0161ov:<\/strong>&nbsp;pred mestsk\u00fdm \u00faradom, 16:30<br><strong>Skalica:<\/strong>&nbsp;Pam\u00e4tn\u00edk padl\u00fdch, 18:00&nbsp;<br><strong>Tren\u010d\u00edn:&nbsp;<\/strong>Mierov\u00e9 n\u00e1mestie, 17:00<\/p>\n\n\n\n<p><strong><u>Za Demokratov vyst\u00fapia:&nbsp;<\/u><\/strong><\/p>\n\n\n\n<p>Levice &#8211; \u013dubom\u00edr Galko<\/p>\n\n\n\n<p>Pre\u0161ov &#8211; Dorota Nvotov\u00e1<\/p>\n\n\n\n<p>Skalica &#8211; Juraj \u0160eliga&nbsp;<\/p>\n\n\n\n<p>Tren\u010d\u00edn &#8211; Karel Hirman<\/p>\n\n\n\n<p><em>Podujatia s\u00fa ur\u010den\u00e9 pre \u0161irok\u00fa verejnos\u0165 a strana Demokrati ako organiz\u00e1tor op\u00e4\u0165 umo\u017en\u00ed, aby na p\u00f3diu vyst\u00fapili z\u00e1stupcovia v\u0161etk\u00fdch opozi\u010dn\u00fdch str\u00e1n.&nbsp;<\/em><\/p>\n\n\n\n<p>Link na event:&nbsp;<a href=\"https:\/\/fb.me\/e\/6yMyZ0IU9\" target=\"_blank\" rel=\"noreferrer noopener\">https:\/\/fb.me\/e\/6yMyZ0IU9<\/a><\/p>\n","protected":false},"excerpt":{"rendered":"<p>Demokrati organizuj\u00fa aj tento piatok, 21. marca 2025 protestn\u00e9 zhroma\u017edenia, &#8222;Proti Ficovej dra\u017eobe&#8220;&nbsp;, tentoraz v t\u00fdchto 4 slovensk\u00fdch mest\u00e1ch: Levice:&nbsp;n\u00e1mestie Hrdinov, 18:00Pre\u0161ov:&nbsp;pred mestsk\u00fdm \u00faradom, 16:30Skalica:&nbsp;Pam\u00e4tn\u00edk padl\u00fdch, 18:00&nbsp;Tren\u010d\u00edn:&nbsp;Mierov\u00e9 n\u00e1mestie, 17:00 Za Demokratov vyst\u00fapia:&nbsp; Levice &#8211; \u013dubom\u00edr Galko Pre\u0161ov &#8211; Dorota Nvotov\u00e1 Skalica &#8211; Juraj \u0160eliga&nbsp; Tren\u010d\u00edn &#8211; Karel Hirman Podujatia s\u00fa ur\u010den\u00e9 pre \u0161irok\u00fa verejnos\u0165 a [&hellip;]<\/p>\n","protected":false},"author":13,"featured_media":6689,"comment_status":"closed","ping_status":"closed","sticky":false,"template":"","format":"standard","meta":{"_acf_changed":false,"ngg_post_thumbnail":0,"footnotes":""},"categories":[12],"tags":[],"class_list":["post-6688","post","type-post","status-publish","format-standard","has-post-thumbnail","hentry","category-pozvanky"],"acf":[],"yoast_head":"<!-- This site is optimized with the Yoast SEO plugin v27.2 - https:\/\/yoast.com\/product\/yoast-seo-wordpress\/ -->\n<title>Inform\u00e1cia o protestoch<\/title>\n<meta name=\"robots\" content=\"index, follow, max-snippet:-1, max-image-preview:large, max-video-preview:-1\" \/>\n<link rel=\"canonical\" href=\"https:\/\/www.smedemokrati.sk\/cs\/informacia-o-protestoch\/\" \/>\n<meta property=\"og:locale\" content=\"cs_CZ\" \/>\n<meta property=\"og:locale:alternate\" content=\"en_US\" \/>\n<meta property=\"og:locale:alternate\" content=\"hu_HU\" \/>\n<meta property=\"og:locale:alternate\" content=\"sk_SK\" \/>\n<meta property=\"og:locale:alternate\" content=\"sv_SE\" \/>\n<meta property=\"og:type\" content=\"article\" \/>\n<meta property=\"og:title\" content=\"Inform\u00e1cia o protestoch\" \/>\n<meta property=\"og:description\" content=\"Demokrati organizuj\u00fa aj tento piatok, 21. marca 2025 protestn\u00e9 zhroma\u017edenia, &#8222;Proti Ficovej dra\u017eobe&#8220;&nbsp;, tentoraz v t\u00fdchto 4 slovensk\u00fdch mest\u00e1ch: Levice:&nbsp;n\u00e1mestie Hrdinov, 18:00Pre\u0161ov:&nbsp;pred mestsk\u00fdm \u00faradom, 16:30Skalica:&nbsp;Pam\u00e4tn\u00edk padl\u00fdch, 18:00&nbsp;Tren\u010d\u00edn:&nbsp;Mierov\u00e9 n\u00e1mestie, 17:00 Za Demokratov vyst\u00fapia:&nbsp; Levice &#8211; \u013dubom\u00edr Galko Pre\u0161ov &#8211; Dorota Nvotov\u00e1 Skalica &#8211; Juraj \u0160eliga&nbsp; Tren\u010d\u00edn &#8211; Karel Hirman Podujatia s\u00fa ur\u010den\u00e9 pre \u0161irok\u00fa verejnos\u0165 a [&hellip;]\" \/>\n<meta property=\"og:url\" content=\"https:\/\/www.smedemokrati.sk\/cs\/informacia-o-protestoch\/\" \/>\n<meta property=\"og:site_name\" content=\"Smedemokrati.sk\" \/>\n<meta property=\"article:publisher\" content=\"https:\/\/www.facebook.com\/smedemokrati2023\" \/>\n<meta property=\"article:published_time\" content=\"2025-03-21T08:31:20+00:00\" \/>\n<meta property=\"article:modified_time\" content=\"2025-03-21T08:31:21+00:00\" \/>\n<meta property=\"og:image\" content=\"https:\/\/www.smedemokrati.sk\/wp-content\/uploads\/2025\/03\/484808801_1224696582356501_7146880956960224051_n.jpg\" \/>\n\t<meta property=\"og:image:width\" content=\"1920\" \/>\n\t<meta property=\"og:image:height\" content=\"1005\" \/>\n\t<meta property=\"og:image:type\" content=\"image\/jpeg\" \/>\n<meta name=\"author\" content=\"miro.sopko\" \/>\n<meta name=\"twitter:card\" content=\"summary_large_image\" \/>\n<meta name=\"twitter:label1\" content=\"Napsal(a)\" \/>\n\t<meta name=\"twitter:data1\" content=\"miro.sopko\" \/>\n\t<meta name=\"twitter:label2\" content=\"Odhadovan\u00e1 doba \u010dten\u00ed\" \/>\n\t<meta name=\"twitter:data2\" content=\"1 minuta\" \/>\n<script type=\"application\/ld+json\" class=\"yoast-schema-graph\">{\"@context\":\"https:\/\/schema.org\",\"@graph\":[{\"@type\":\"Article\",\"@id\":\"https:\/\/www.smedemokrati.sk\/informacia-o-protestoch\/#article\",\"isPartOf\":{\"@id\":\"https:\/\/www.smedemokrati.sk\/informacia-o-protestoch\/\"},\"author\":{\"name\":\"miro.sopko\",\"@id\":\"https:\/\/www.smedemokrati.sk\/#\/schema\/person\/21f147c88d605aa7ded900e1e7c344ba\"},\"headline\":\"Inform\u00e1cia o protestoch\",\"datePublished\":\"2025-03-21T08:31:20+00:00\",\"dateModified\":\"2025-03-21T08:31:21+00:00\",\"mainEntityOfPage\":{\"@id\":\"https:\/\/www.smedemokrati.sk\/informacia-o-protestoch\/\"},\"wordCount\":122,\"publisher\":{\"@id\":\"https:\/\/www.smedemokrati.sk\/#organization\"},\"image\":{\"@id\":\"https:\/\/www.smedemokrati.sk\/informacia-o-protestoch\/#primaryimage\"},\"thumbnailUrl\":\"https:\/\/www.smedemokrati.sk\/wp-content\/uploads\/2025\/03\/484808801_1224696582356501_7146880956960224051_n.jpg\",\"articleSection\":[\"Pozv\u00e1nky\"],\"inLanguage\":\"cs-CZ\"},{\"@type\":\"WebPage\",\"@id\":\"https:\/\/www.smedemokrati.sk\/informacia-o-protestoch\/\",\"url\":\"https:\/\/www.smedemokrati.sk\/informacia-o-protestoch\/\",\"name\":\"Inform\u00e1cia o protestoch\",\"isPartOf\":{\"@id\":\"https:\/\/www.smedemokrati.sk\/#website\"},\"primaryImageOfPage\":{\"@id\":\"https:\/\/www.smedemokrati.sk\/informacia-o-protestoch\/#primaryimage\"},\"image\":{\"@id\":\"https:\/\/www.smedemokrati.sk\/informacia-o-protestoch\/#primaryimage\"},\"thumbnailUrl\":\"https:\/\/www.smedemokrati.sk\/wp-content\/uploads\/2025\/03\/484808801_1224696582356501_7146880956960224051_n.jpg\",\"datePublished\":\"2025-03-21T08:31:20+00:00\",\"dateModified\":\"2025-03-21T08:31:21+00:00\",\"breadcrumb\":{\"@id\":\"https:\/\/www.smedemokrati.sk\/informacia-o-protestoch\/#breadcrumb\"},\"inLanguage\":\"cs-CZ\",\"potentialAction\":[{\"@type\":\"ReadAction\",\"target\":[\"https:\/\/www.smedemokrati.sk\/informacia-o-protestoch\/\"]}]},{\"@type\":\"ImageObject\",\"inLanguage\":\"cs-CZ\",\"@id\":\"https:\/\/www.smedemokrati.sk\/informacia-o-protestoch\/#primaryimage\",\"url\":\"https:\/\/www.smedemokrati.sk\/wp-content\/uploads\/2025\/03\/484808801_1224696582356501_7146880956960224051_n.jpg\",\"contentUrl\":\"https:\/\/www.smedemokrati.sk\/wp-content\/uploads\/2025\/03\/484808801_1224696582356501_7146880956960224051_n.jpg\",\"width\":1920,\"height\":1005},{\"@type\":\"BreadcrumbList\",\"@id\":\"https:\/\/www.smedemokrati.sk\/informacia-o-protestoch\/#breadcrumb\",\"itemListElement\":[{\"@type\":\"ListItem\",\"position\":1,\"name\":\"Domovsk\u00e1 str\u00e1nka\",\"item\":\"https:\/\/www.smedemokrati.sk\/\"},{\"@type\":\"ListItem\",\"position\":2,\"name\":\"Inform\u00e1cia o protestoch\"}]},{\"@type\":\"WebSite\",\"@id\":\"https:\/\/www.smedemokrati.sk\/#website\",\"url\":\"https:\/\/www.smedemokrati.sk\/\",\"name\":\"Smedemokrati.sk\",\"description\":\"Demokracia a slu\u0161nos\u0165 zv\u00ed\u0165az\u00ed\",\"publisher\":{\"@id\":\"https:\/\/www.smedemokrati.sk\/#organization\"},\"potentialAction\":[{\"@type\":\"SearchAction\",\"target\":{\"@type\":\"EntryPoint\",\"urlTemplate\":\"https:\/\/www.smedemokrati.sk\/?s={search_term_string}\"},\"query-input\":{\"@type\":\"PropertyValueSpecification\",\"valueRequired\":true,\"valueName\":\"search_term_string\"}}],\"inLanguage\":\"cs-CZ\"},{\"@type\":\"Organization\",\"@id\":\"https:\/\/www.smedemokrati.sk\/#organization\",\"name\":\"Smedemokrati.sk\",\"url\":\"https:\/\/www.smedemokrati.sk\/\",\"logo\":{\"@type\":\"ImageObject\",\"inLanguage\":\"cs-CZ\",\"@id\":\"https:\/\/www.smedemokrati.sk\/#\/schema\/logo\/image\/\",\"url\":\"https:\/\/www.smedemokrati.sk\/wp-content\/uploads\/2023\/04\/ff.002.jpeg\",\"contentUrl\":\"https:\/\/www.smedemokrati.sk\/wp-content\/uploads\/2023\/04\/ff.002.jpeg\",\"width\":640,\"height\":480,\"caption\":\"Smedemokrati.sk\"},\"image\":{\"@id\":\"https:\/\/www.smedemokrati.sk\/#\/schema\/logo\/image\/\"},\"sameAs\":[\"https:\/\/www.facebook.com\/smedemokrati2023\"]},{\"@type\":\"Person\",\"@id\":\"https:\/\/www.smedemokrati.sk\/#\/schema\/person\/21f147c88d605aa7ded900e1e7c344ba\",\"name\":\"miro.sopko\",\"image\":{\"@type\":\"ImageObject\",\"inLanguage\":\"cs-CZ\",\"@id\":\"https:\/\/secure.gravatar.com\/avatar\/267e4a36f704376c109afe3a78740c1f5dd8675a2180a908699e7863c9247606?s=96&d=mm&r=g\",\"url\":\"https:\/\/secure.gravatar.com\/avatar\/267e4a36f704376c109afe3a78740c1f5dd8675a2180a908699e7863c9247606?s=96&d=mm&r=g\",\"contentUrl\":\"https:\/\/secure.gravatar.com\/avatar\/267e4a36f704376c109afe3a78740c1f5dd8675a2180a908699e7863c9247606?s=96&d=mm&r=g\",\"caption\":\"miro.sopko\"},\"url\":\"https:\/\/www.smedemokrati.sk\/cs\/author\/miro-sopko\/\"}]}<\/script>\n<!-- \/ Yoast SEO plugin. -->","yoast_head_json":{"title":"Inform\u00e1cia o protestoch","robots":{"index":"index","follow":"follow","max-snippet":"max-snippet:-1","max-image-preview":"max-image-preview:large","max-video-preview":"max-video-preview:-1"},"canonical":"https:\/\/www.smedemokrati.sk\/cs\/informacia-o-protestoch\/","og_locale":"cs_CZ","og_type":"article","og_title":"[:sk]Inform\u00e1cia o protestoch[:] - Smedemokrati.sk","og_description":"Demokrati organizuj\u00fa aj tento piatok, 21. marca 2025 protestn\u00e9 zhroma\u017edenia, &#8222;Proti Ficovej dra\u017eobe&#8220;&nbsp;, tentoraz v t\u00fdchto 4 slovensk\u00fdch mest\u00e1ch: Levice:&nbsp;n\u00e1mestie Hrdinov, 18:00Pre\u0161ov:&nbsp;pred mestsk\u00fdm \u00faradom, 16:30Skalica:&nbsp;Pam\u00e4tn\u00edk padl\u00fdch, 18:00&nbsp;Tren\u010d\u00edn:&nbsp;Mierov\u00e9 n\u00e1mestie, 17:00 Za Demokratov vyst\u00fapia:&nbsp; Levice &#8211; \u013dubom\u00edr Galko Pre\u0161ov &#8211; Dorota Nvotov\u00e1 Skalica &#8211; Juraj \u0160eliga&nbsp; Tren\u010d\u00edn &#8211; Karel Hirman Podujatia s\u00fa ur\u010den\u00e9 pre \u0161irok\u00fa verejnos\u0165 a [&hellip;]","og_url":"https:\/\/www.smedemokrati.sk\/cs\/informacia-o-protestoch\/","og_site_name":"Smedemokrati.sk","article_publisher":"https:\/\/www.facebook.com\/smedemokrati2023","article_published_time":"2025-03-21T08:31:20+00:00","article_modified_time":"2025-03-21T08:31:21+00:00","og_image":[{"width":1920,"height":1005,"url":"https:\/\/www.smedemokrati.sk\/wp-content\/uploads\/2025\/03\/484808801_1224696582356501_7146880956960224051_n.jpg","type":"image\/jpeg"}],"author":"miro.sopko","twitter_card":"summary_large_image","twitter_misc":{"Napsal(a)":"miro.sopko","Odhadovan\u00e1 doba \u010dten\u00ed":"1 minuta"},"schema":{"@context":"https:\/\/schema.org","@graph":[{"@type":"Article","@id":"https:\/\/www.smedemokrati.sk\/informacia-o-protestoch\/#article","isPartOf":{"@id":"https:\/\/www.smedemokrati.sk\/informacia-o-protestoch\/"},"author":{"name":"miro.sopko","@id":"https:\/\/www.smedemokrati.sk\/#\/schema\/person\/21f147c88d605aa7ded900e1e7c344ba"},"headline":"Inform\u00e1cia o protestoch","datePublished":"2025-03-21T08:31:20+00:00","dateModified":"2025-03-21T08:31:21+00:00","mainEntityOfPage":{"@id":"https:\/\/www.smedemokrati.sk\/informacia-o-protestoch\/"},"wordCount":122,"publisher":{"@id":"https:\/\/www.smedemokrati.sk\/#organization"},"image":{"@id":"https:\/\/www.smedemokrati.sk\/informacia-o-protestoch\/#primaryimage"},"thumbnailUrl":"https:\/\/www.smedemokrati.sk\/wp-content\/uploads\/2025\/03\/484808801_1224696582356501_7146880956960224051_n.jpg","articleSection":["Pozv\u00e1nky"],"inLanguage":"cs-CZ"},{"@type":"WebPage","@id":"https:\/\/www.smedemokrati.sk\/informacia-o-protestoch\/","url":"https:\/\/www.smedemokrati.sk\/informacia-o-protestoch\/","name":"Inform\u00e1cia o protestoch","isPartOf":{"@id":"https:\/\/www.smedemokrati.sk\/#website"},"primaryImageOfPage":{"@id":"https:\/\/www.smedemokrati.sk\/informacia-o-protestoch\/#primaryimage"},"image":{"@id":"https:\/\/www.smedemokrati.sk\/informacia-o-protestoch\/#primaryimage"},"thumbnailUrl":"https:\/\/www.smedemokrati.sk\/wp-content\/uploads\/2025\/03\/484808801_1224696582356501_7146880956960224051_n.jpg","datePublished":"2025-03-21T08:31:20+00:00","dateModified":"2025-03-21T08:31:21+00:00","breadcrumb":{"@id":"https:\/\/www.smedemokrati.sk\/informacia-o-protestoch\/#breadcrumb"},"inLanguage":"cs-CZ","potentialAction":[{"@type":"ReadAction","target":["https:\/\/www.smedemokrati.sk\/informacia-o-protestoch\/"]}]},{"@type":"ImageObject","inLanguage":"cs-CZ","@id":"https:\/\/www.smedemokrati.sk\/informacia-o-protestoch\/#primaryimage","url":"https:\/\/www.smedemokrati.sk\/wp-content\/uploads\/2025\/03\/484808801_1224696582356501_7146880956960224051_n.jpg","contentUrl":"https:\/\/www.smedemokrati.sk\/wp-content\/uploads\/2025\/03\/484808801_1224696582356501_7146880956960224051_n.jpg","width":1920,"height":1005},{"@type":"BreadcrumbList","@id":"https:\/\/www.smedemokrati.sk\/informacia-o-protestoch\/#breadcrumb","itemListElement":[{"@type":"ListItem","position":1,"name":"Domovsk\u00e1 str\u00e1nka","item":"https:\/\/www.smedemokrati.sk\/"},{"@type":"ListItem","position":2,"name":"Inform\u00e1cia o protestoch"}]},{"@type":"WebSite","@id":"https:\/\/www.smedemokrati.sk\/#website","url":"https:\/\/www.smedemokrati.sk\/","name":"Smedemokrati.sk","description":"Demokracia a slu\u0161nos\u0165 zv\u00ed\u0165az\u00ed","publisher":{"@id":"https:\/\/www.smedemokrati.sk\/#organization"},"potentialAction":[{"@type":"SearchAction","target":{"@type":"EntryPoint","urlTemplate":"https:\/\/www.smedemokrati.sk\/?s={search_term_string}"},"query-input":{"@type":"PropertyValueSpecification","valueRequired":true,"valueName":"search_term_string"}}],"inLanguage":"cs-CZ"},{"@type":"Organization","@id":"https:\/\/www.smedemokrati.sk\/#organization","name":"Smedemokrati.sk","url":"https:\/\/www.smedemokrati.sk\/","logo":{"@type":"ImageObject","inLanguage":"cs-CZ","@id":"https:\/\/www.smedemokrati.sk\/#\/schema\/logo\/image\/","url":"https:\/\/www.smedemokrati.sk\/wp-content\/uploads\/2023\/04\/ff.002.jpeg","contentUrl":"https:\/\/www.smedemokrati.sk\/wp-content\/uploads\/2023\/04\/ff.002.jpeg","width":640,"height":480,"caption":"Smedemokrati.sk"},"image":{"@id":"https:\/\/www.smedemokrati.sk\/#\/schema\/logo\/image\/"},"sameAs":["https:\/\/www.facebook.com\/smedemokrati2023"]},{"@type":"Person","@id":"https:\/\/www.smedemokrati.sk\/#\/schema\/person\/21f147c88d605aa7ded900e1e7c344ba","name":"miro.sopko","image":{"@type":"ImageObject","inLanguage":"cs-CZ","@id":"https:\/\/secure.gravatar.com\/avatar\/267e4a36f704376c109afe3a78740c1f5dd8675a2180a908699e7863c9247606?s=96&d=mm&r=g","url":"https:\/\/secure.gravatar.com\/avatar\/267e4a36f704376c109afe3a78740c1f5dd8675a2180a908699e7863c9247606?s=96&d=mm&r=g","contentUrl":"https:\/\/secure.gravatar.com\/avatar\/267e4a36f704376c109afe3a78740c1f5dd8675a2180a908699e7863c9247606?s=96&d=mm&r=g","caption":"miro.sopko"},"url":"https:\/\/www.smedemokrati.sk\/cs\/author\/miro-sopko\/"}]}},"_links":{"self":[{"href":"https:\/\/www.smedemokrati.sk\/cs\/wp-json\/wp\/v2\/posts\/6688","targetHints":{"allow":["GET"]}}],"collection":[{"href":"https:\/\/www.smedemokrati.sk\/cs\/wp-json\/wp\/v2\/posts"}],"about":[{"href":"https:\/\/www.smedemokrati.sk\/cs\/wp-json\/wp\/v2\/types\/post"}],"author":[{"embeddable":true,"href":"https:\/\/www.smedemokrati.sk\/cs\/wp-json\/wp\/v2\/users\/13"}],"replies":[{"embeddable":true,"href":"https:\/\/www.smedemokrati.sk\/cs\/wp-json\/wp\/v2\/comments?post=6688"}],"version-history":[{"count":1,"href":"https:\/\/www.smedemokrati.sk\/cs\/wp-json\/wp\/v2\/posts\/6688\/revisions"}],"predecessor-version":[{"id":6690,"href":"https:\/\/www.smedemokrati.sk\/cs\/wp-json\/wp\/v2\/posts\/6688\/revisions\/6690"}],"wp:featuredmedia":[{"embeddable":true,"href":"https:\/\/www.smedemokrati.sk\/cs\/wp-json\/wp\/v2\/media\/6689"}],"wp:attachment":[{"href":"https:\/\/www.smedemokrati.sk\/cs\/wp-json\/wp\/v2\/media?parent=6688"}],"wp:term":[{"taxonomy":"category","embeddable":true,"href":"https:\/\/www.smedemokrati.sk\/cs\/wp-json\/wp\/v2\/categories?post=6688"},{"taxonomy":"post_tag","embeddable":true,"href":"https:\/\/www.smedemokrati.sk\/cs\/wp-json\/wp\/v2\/tags?post=6688"}],"curies":[{"name":"wp","href":"https:\/\/api.w.org\/{rel}","templated":true}]}}