{"id":6665,"date":"2025-03-18T16:34:49","date_gmt":"2025-03-18T15:34:49","guid":{"rendered":"https:\/\/www.smedemokrati.sk\/?p=6665"},"modified":"2025-03-18T16:37:00","modified_gmt":"2025-03-18T15:37:00","slug":"ziadame-o-verejny-odpocet-vysetrovania-ktore-preukazalo-ze-cintula-nie-je-napojeny-na-demokratov","status":"publish","type":"post","link":"https:\/\/www.smedemokrati.sk\/cs\/ziadame-o-verejny-odpocet-vysetrovania-ktore-preukazalo-ze-cintula-nie-je-napojeny-na-demokratov\/","title":{"rendered":"\u017diadame o verejn\u00fd odpo\u010det vy\u0161etrovania, ktor\u00e9 preuk\u00e1zalo, \u017ee Cintula nie je napojen\u00fd na Demokratov"},"content":{"rendered":"<div id=\"fb-root\"><\/div>\n\n<p><strong>Demokrati \u017eiadaj\u00fa gener\u00e1lnu prokurat\u00faru a tie\u017e vy\u0161etrovate\u013eov, aby urobili verejn\u00fd odpo\u010det, teda aby komplexne informovali o z\u00e1veroch vy\u0161etrovania atent\u00e1tu na premi\u00e9ra Fica. Pod\u013ea strany ide o verejn\u00fd z\u00e1ujem, preto\u017ee sme do dne\u0161n\u00e9ho d\u0148a svedkami bezprecedentn\u00e9ho obvi\u0148ovania zo strany vl\u00e1dnej koal\u00edcie z \u00fatoku a \u0161kodlivej politickej komunik\u00e1cie, ktor\u00e1 sa neopiera o \u017eiadne relevantn\u00e9 fakty. Strana tie\u017e \u017eiada o verejn\u00e9 ospravedlnenie za \u00fa\u010delov\u00e9 klamliv\u00e9 tvrdenia o napojen\u00ed Cintulu na Demokratov.<\/strong><\/p>\n\n\n\n<p><em>\u201eVerejnos\u0165 m\u00e1 pr\u00e1vo vedie\u0165 ako vy\u0161etrovanie prebiehalo, ak\u00e9 s\u00fa jeho z\u00e1very a na \u010dom je postaven\u00e1 ob\u017ealoba. Vy\u0161etrovanie je ukon\u010den\u00e9, tam u\u017e nem\u00e1 \u010do by\u0165 tajn\u00e9, preto\u017ee pr\u00edpad smeruje na s\u00fad.&#8220;<\/em>\u00a0Otv\u00e1ra t\u00e9mu podpredseda strany Juraj \u0160eliga a hovor\u00ed, \u017ee atent\u00e1t zneu\u017e\u00edvaj\u00fa predstavitelia koal\u00edcie ako politick\u00fd n\u00e1stroj, ktor\u00fd v\u0161ak m\u00f4\u017ee ma\u0165 \u0161kodliv\u00e9 n\u00e1sledky.\u00a0<em>\u201eJe to s prep\u00e1\u010den\u00edm, sprost\u00e1 skratka, \u017ee tu ministri bez ak\u00fdchko\u013evek d\u00f4kazov verejne hovoria, \u017ee opoz\u00edcia a zvl\u00e1\u0161\u0165\u00a0Demokrati s\u00fa napojen\u00ed na strelca Cintulu. Rozumiem, \u017ee sme v politickej s\u00fa\u0165a\u017ei, no z tak\u00e9hoto neuv\u00e1\u017een\u00e9ho\u00a0konania najm\u00e4 \u0160utaj E\u0161toka a Kali\u0148\u00e1ka sa nesmie sta\u0165 precedens. \u017diadame preto relevantn\u00fdch vy\u0161etrovate\u013eov a prokurat\u00faru aby predst\u00fapili pred \u013eud\u00ed a povedali o celom procese viac, preto\u017ee potom tu \u013eudia veria kon\u0161pir\u00e1ci\u00e1m a fantasmag\u00f3ri\u00e1m.&#8220;\u00a0<\/em><\/p>\n\n\n\n<p>Jaroslav Na\u010f predseda Demokratov \u017eiada v tejto s\u00favislosti ospravedlnenie od \u0161t\u00e1tnych predstavite\u013eov:\u00a0<em>\u201eGener\u00e1lna prokurat\u00fara na z\u00e1klade vy\u0161etrovania podala \u017ealobu na jedn\u00e9ho jedin\u00e9ho \u010dloveka, a to strelca z Lev\u00edc. Potvrdila tak, \u017ee nikto in\u00fd ako Cintula s t\u00fdm nem\u00e1 ni\u010d spolo\u010dn\u00e9. \u0160utaj E\u0161tok a Kali\u0148\u00e1k musia prevzia\u0165\u00a0zodpovednos\u0165 za svoje klamstv\u00e1 o n\u00e1s a na\u0161ich \u010dlenov, ktor\u00e9 rozv\u00edrili \u010fal\u0161iu \u0161pir\u00e1lu nen\u00e1visti. Vyz\u00fdvam ich, aby sa verejne ospravedlnili strane za falo\u0161n\u00e9, no zato z\u00e1mern\u00e9 obvi\u0148ovanie.&#8220;<\/em><\/p>\n\n\n<div class=\"fb-video\" data-href=\"https:\/\/fb.watch\/yp4wtCE2aH\" data-allowfullscreen=\"true\" data-autoplay=\"false\" data-width=\"\" data-show-text=\"false\" data-show-captions=\"true\"><\/div>\n","protected":false},"excerpt":{"rendered":"<p>Demokrati \u017eiadaj\u00fa gener\u00e1lnu prokurat\u00faru a tie\u017e vy\u0161etrovate\u013eov, aby urobili verejn\u00fd odpo\u010det, teda aby komplexne informovali o z\u00e1veroch vy\u0161etrovania atent\u00e1tu na premi\u00e9ra Fica. Pod\u013ea strany ide o verejn\u00fd z\u00e1ujem, preto\u017ee sme do dne\u0161n\u00e9ho d\u0148a svedkami bezprecedentn\u00e9ho obvi\u0148ovania zo strany vl\u00e1dnej koal\u00edcie z \u00fatoku a \u0161kodlivej politickej komunik\u00e1cie, ktor\u00e1 sa neopiera o \u017eiadne relevantn\u00e9 fakty. Strana tie\u017e [&hellip;]<\/p>\n","protected":false},"author":13,"featured_media":6668,"comment_status":"closed","ping_status":"closed","sticky":false,"template":"","format":"standard","meta":{"_acf_changed":false,"ngg_post_thumbnail":0,"footnotes":""},"categories":[4],"tags":[],"class_list":["post-6665","post","type-post","status-publish","format-standard","has-post-thumbnail","hentry","category-tlacove-spravy"],"acf":[],"yoast_head":"<!-- This site is optimized with the Yoast SEO plugin v27.2 - https:\/\/yoast.com\/product\/yoast-seo-wordpress\/ -->\n<title>\u017diadame o verejn\u00fd odpo\u010det vy\u0161etrovania, ktor\u00e9 preuk\u00e1zalo, \u017ee Cintula nie je napojen\u00fd na Demokratov<\/title>\n<meta name=\"robots\" content=\"index, follow, max-snippet:-1, max-image-preview:large, max-video-preview:-1\" \/>\n<link rel=\"canonical\" href=\"https:\/\/www.smedemokrati.sk\/cs\/ziadame-o-verejny-odpocet-vysetrovania-ktore-preukazalo-ze-cintula-nie-je-napojeny-na-demokratov\/\" \/>\n<meta property=\"og:locale\" content=\"cs_CZ\" \/>\n<meta property=\"og:locale:alternate\" content=\"en_US\" \/>\n<meta property=\"og:locale:alternate\" content=\"hu_HU\" \/>\n<meta property=\"og:locale:alternate\" content=\"sk_SK\" \/>\n<meta property=\"og:locale:alternate\" content=\"sv_SE\" \/>\n<meta property=\"og:type\" content=\"article\" \/>\n<meta property=\"og:title\" content=\"\u017diadame o verejn\u00fd odpo\u010det vy\u0161etrovania, ktor\u00e9 preuk\u00e1zalo, \u017ee Cintula nie je napojen\u00fd na Demokratov\" \/>\n<meta property=\"og:description\" content=\"Demokrati \u017eiadaj\u00fa gener\u00e1lnu prokurat\u00faru a tie\u017e vy\u0161etrovate\u013eov, aby urobili verejn\u00fd odpo\u010det, teda aby komplexne informovali o z\u00e1veroch vy\u0161etrovania atent\u00e1tu na premi\u00e9ra Fica. Pod\u013ea strany ide o verejn\u00fd z\u00e1ujem, preto\u017ee sme do dne\u0161n\u00e9ho d\u0148a svedkami bezprecedentn\u00e9ho obvi\u0148ovania zo strany vl\u00e1dnej koal\u00edcie z \u00fatoku a \u0161kodlivej politickej komunik\u00e1cie, ktor\u00e1 sa neopiera o \u017eiadne relevantn\u00e9 fakty. Strana tie\u017e [&hellip;]\" \/>\n<meta property=\"og:url\" content=\"https:\/\/www.smedemokrati.sk\/cs\/ziadame-o-verejny-odpocet-vysetrovania-ktore-preukazalo-ze-cintula-nie-je-napojeny-na-demokratov\/\" \/>\n<meta property=\"og:site_name\" content=\"Smedemokrati.sk\" \/>\n<meta property=\"article:publisher\" content=\"https:\/\/www.facebook.com\/smedemokrati2023\" \/>\n<meta property=\"article:published_time\" content=\"2025-03-18T15:34:49+00:00\" \/>\n<meta property=\"article:modified_time\" content=\"2025-03-18T15:37:00+00:00\" \/>\n<meta property=\"og:image\" content=\"https:\/\/www.smedemokrati.sk\/wp-content\/uploads\/2025\/03\/demokrati-reakcia-obvinenia.jpg\" \/>\n\t<meta property=\"og:image:width\" content=\"1213\" \/>\n\t<meta property=\"og:image:height\" content=\"788\" \/>\n\t<meta property=\"og:image:type\" content=\"image\/jpeg\" \/>\n<meta name=\"author\" content=\"miro.sopko\" \/>\n<meta name=\"twitter:card\" content=\"summary_large_image\" \/>\n<meta name=\"twitter:label1\" content=\"Napsal(a)\" \/>\n\t<meta name=\"twitter:data1\" content=\"miro.sopko\" \/>\n\t<meta name=\"twitter:label2\" content=\"Odhadovan\u00e1 doba \u010dten\u00ed\" \/>\n\t<meta name=\"twitter:data2\" content=\"2 minuty\" \/>\n<script type=\"application\/ld+json\" class=\"yoast-schema-graph\">{\"@context\":\"https:\/\/schema.org\",\"@graph\":[{\"@type\":\"Article\",\"@id\":\"https:\/\/www.smedemokrati.sk\/ziadame-o-verejny-odpocet-vysetrovania-ktore-preukazalo-ze-cintula-nie-je-napojeny-na-demokratov\/#article\",\"isPartOf\":{\"@id\":\"https:\/\/www.smedemokrati.sk\/ziadame-o-verejny-odpocet-vysetrovania-ktore-preukazalo-ze-cintula-nie-je-napojeny-na-demokratov\/\"},\"author\":{\"name\":\"miro.sopko\",\"@id\":\"https:\/\/www.smedemokrati.sk\/#\/schema\/person\/21f147c88d605aa7ded900e1e7c344ba\"},\"headline\":\"\u017diadame o verejn\u00fd odpo\u010det vy\u0161etrovania, ktor\u00e9 preuk\u00e1zalo, \u017ee Cintula nie je napojen\u00fd na Demokratov\",\"datePublished\":\"2025-03-18T15:34:49+00:00\",\"dateModified\":\"2025-03-18T15:37:00+00:00\",\"mainEntityOfPage\":{\"@id\":\"https:\/\/www.smedemokrati.sk\/ziadame-o-verejny-odpocet-vysetrovania-ktore-preukazalo-ze-cintula-nie-je-napojeny-na-demokratov\/\"},\"wordCount\":377,\"publisher\":{\"@id\":\"https:\/\/www.smedemokrati.sk\/#organization\"},\"image\":{\"@id\":\"https:\/\/www.smedemokrati.sk\/ziadame-o-verejny-odpocet-vysetrovania-ktore-preukazalo-ze-cintula-nie-je-napojeny-na-demokratov\/#primaryimage\"},\"thumbnailUrl\":\"https:\/\/www.smedemokrati.sk\/wp-content\/uploads\/2025\/03\/demokrati-reakcia-obvinenia.jpg\",\"articleSection\":[\"Tla\u010dov\u00e9 spr\u00e1vy\"],\"inLanguage\":\"cs-CZ\"},{\"@type\":\"WebPage\",\"@id\":\"https:\/\/www.smedemokrati.sk\/ziadame-o-verejny-odpocet-vysetrovania-ktore-preukazalo-ze-cintula-nie-je-napojeny-na-demokratov\/\",\"url\":\"https:\/\/www.smedemokrati.sk\/ziadame-o-verejny-odpocet-vysetrovania-ktore-preukazalo-ze-cintula-nie-je-napojeny-na-demokratov\/\",\"name\":\"\u017diadame o verejn\u00fd odpo\u010det vy\u0161etrovania, ktor\u00e9 preuk\u00e1zalo, \u017ee Cintula nie je napojen\u00fd na Demokratov\",\"isPartOf\":{\"@id\":\"https:\/\/www.smedemokrati.sk\/#website\"},\"primaryImageOfPage\":{\"@id\":\"https:\/\/www.smedemokrati.sk\/ziadame-o-verejny-odpocet-vysetrovania-ktore-preukazalo-ze-cintula-nie-je-napojeny-na-demokratov\/#primaryimage\"},\"image\":{\"@id\":\"https:\/\/www.smedemokrati.sk\/ziadame-o-verejny-odpocet-vysetrovania-ktore-preukazalo-ze-cintula-nie-je-napojeny-na-demokratov\/#primaryimage\"},\"thumbnailUrl\":\"https:\/\/www.smedemokrati.sk\/wp-content\/uploads\/2025\/03\/demokrati-reakcia-obvinenia.jpg\",\"datePublished\":\"2025-03-18T15:34:49+00:00\",\"dateModified\":\"2025-03-18T15:37:00+00:00\",\"breadcrumb\":{\"@id\":\"https:\/\/www.smedemokrati.sk\/ziadame-o-verejny-odpocet-vysetrovania-ktore-preukazalo-ze-cintula-nie-je-napojeny-na-demokratov\/#breadcrumb\"},\"inLanguage\":\"cs-CZ\",\"potentialAction\":[{\"@type\":\"ReadAction\",\"target\":[\"https:\/\/www.smedemokrati.sk\/ziadame-o-verejny-odpocet-vysetrovania-ktore-preukazalo-ze-cintula-nie-je-napojeny-na-demokratov\/\"]}]},{\"@type\":\"ImageObject\",\"inLanguage\":\"cs-CZ\",\"@id\":\"https:\/\/www.smedemokrati.sk\/ziadame-o-verejny-odpocet-vysetrovania-ktore-preukazalo-ze-cintula-nie-je-napojeny-na-demokratov\/#primaryimage\",\"url\":\"https:\/\/www.smedemokrati.sk\/wp-content\/uploads\/2025\/03\/demokrati-reakcia-obvinenia.jpg\",\"contentUrl\":\"https:\/\/www.smedemokrati.sk\/wp-content\/uploads\/2025\/03\/demokrati-reakcia-obvinenia.jpg\",\"width\":1213,\"height\":788},{\"@type\":\"BreadcrumbList\",\"@id\":\"https:\/\/www.smedemokrati.sk\/ziadame-o-verejny-odpocet-vysetrovania-ktore-preukazalo-ze-cintula-nie-je-napojeny-na-demokratov\/#breadcrumb\",\"itemListElement\":[{\"@type\":\"ListItem\",\"position\":1,\"name\":\"Domovsk\u00e1 str\u00e1nka\",\"item\":\"https:\/\/www.smedemokrati.sk\/\"},{\"@type\":\"ListItem\",\"position\":2,\"name\":\"\u017diadame o verejn\u00fd odpo\u010det vy\u0161etrovania, ktor\u00e9 preuk\u00e1zalo, \u017ee Cintula nie je napojen\u00fd na Demokratov\"}]},{\"@type\":\"WebSite\",\"@id\":\"https:\/\/www.smedemokrati.sk\/#website\",\"url\":\"https:\/\/www.smedemokrati.sk\/\",\"name\":\"Smedemokrati.sk\",\"description\":\"Demokracia a slu\u0161nos\u0165 zv\u00ed\u0165az\u00ed\",\"publisher\":{\"@id\":\"https:\/\/www.smedemokrati.sk\/#organization\"},\"potentialAction\":[{\"@type\":\"SearchAction\",\"target\":{\"@type\":\"EntryPoint\",\"urlTemplate\":\"https:\/\/www.smedemokrati.sk\/?s={search_term_string}\"},\"query-input\":{\"@type\":\"PropertyValueSpecification\",\"valueRequired\":true,\"valueName\":\"search_term_string\"}}],\"inLanguage\":\"cs-CZ\"},{\"@type\":\"Organization\",\"@id\":\"https:\/\/www.smedemokrati.sk\/#organization\",\"name\":\"Smedemokrati.sk\",\"url\":\"https:\/\/www.smedemokrati.sk\/\",\"logo\":{\"@type\":\"ImageObject\",\"inLanguage\":\"cs-CZ\",\"@id\":\"https:\/\/www.smedemokrati.sk\/#\/schema\/logo\/image\/\",\"url\":\"https:\/\/www.smedemokrati.sk\/wp-content\/uploads\/2023\/04\/ff.002.jpeg\",\"contentUrl\":\"https:\/\/www.smedemokrati.sk\/wp-content\/uploads\/2023\/04\/ff.002.jpeg\",\"width\":640,\"height\":480,\"caption\":\"Smedemokrati.sk\"},\"image\":{\"@id\":\"https:\/\/www.smedemokrati.sk\/#\/schema\/logo\/image\/\"},\"sameAs\":[\"https:\/\/www.facebook.com\/smedemokrati2023\"]},{\"@type\":\"Person\",\"@id\":\"https:\/\/www.smedemokrati.sk\/#\/schema\/person\/21f147c88d605aa7ded900e1e7c344ba\",\"name\":\"miro.sopko\",\"image\":{\"@type\":\"ImageObject\",\"inLanguage\":\"cs-CZ\",\"@id\":\"https:\/\/secure.gravatar.com\/avatar\/267e4a36f704376c109afe3a78740c1f5dd8675a2180a908699e7863c9247606?s=96&d=mm&r=g\",\"url\":\"https:\/\/secure.gravatar.com\/avatar\/267e4a36f704376c109afe3a78740c1f5dd8675a2180a908699e7863c9247606?s=96&d=mm&r=g\",\"contentUrl\":\"https:\/\/secure.gravatar.com\/avatar\/267e4a36f704376c109afe3a78740c1f5dd8675a2180a908699e7863c9247606?s=96&d=mm&r=g\",\"caption\":\"miro.sopko\"},\"url\":\"https:\/\/www.smedemokrati.sk\/cs\/author\/miro-sopko\/\"}]}<\/script>\n<!-- \/ Yoast SEO plugin. -->","yoast_head_json":{"title":"\u017diadame o verejn\u00fd odpo\u010det vy\u0161etrovania, ktor\u00e9 preuk\u00e1zalo, \u017ee Cintula nie je napojen\u00fd na Demokratov","robots":{"index":"index","follow":"follow","max-snippet":"max-snippet:-1","max-image-preview":"max-image-preview:large","max-video-preview":"max-video-preview:-1"},"canonical":"https:\/\/www.smedemokrati.sk\/cs\/ziadame-o-verejny-odpocet-vysetrovania-ktore-preukazalo-ze-cintula-nie-je-napojeny-na-demokratov\/","og_locale":"cs_CZ","og_type":"article","og_title":"[:sk]\u017diadame o verejn\u00fd odpo\u010det vy\u0161etrovania, ktor\u00e9 preuk\u00e1zalo, \u017ee Cintula nie je napojen\u00fd na Demokratov[:] - Smedemokrati.sk","og_description":"Demokrati \u017eiadaj\u00fa gener\u00e1lnu prokurat\u00faru a tie\u017e vy\u0161etrovate\u013eov, aby urobili verejn\u00fd odpo\u010det, teda aby komplexne informovali o z\u00e1veroch vy\u0161etrovania atent\u00e1tu na premi\u00e9ra Fica. Pod\u013ea strany ide o verejn\u00fd z\u00e1ujem, preto\u017ee sme do dne\u0161n\u00e9ho d\u0148a svedkami bezprecedentn\u00e9ho obvi\u0148ovania zo strany vl\u00e1dnej koal\u00edcie z \u00fatoku a \u0161kodlivej politickej komunik\u00e1cie, ktor\u00e1 sa neopiera o \u017eiadne relevantn\u00e9 fakty. Strana tie\u017e [&hellip;]","og_url":"https:\/\/www.smedemokrati.sk\/cs\/ziadame-o-verejny-odpocet-vysetrovania-ktore-preukazalo-ze-cintula-nie-je-napojeny-na-demokratov\/","og_site_name":"Smedemokrati.sk","article_publisher":"https:\/\/www.facebook.com\/smedemokrati2023","article_published_time":"2025-03-18T15:34:49+00:00","article_modified_time":"2025-03-18T15:37:00+00:00","og_image":[{"width":1213,"height":788,"url":"https:\/\/www.smedemokrati.sk\/wp-content\/uploads\/2025\/03\/demokrati-reakcia-obvinenia.jpg","type":"image\/jpeg"}],"author":"miro.sopko","twitter_card":"summary_large_image","twitter_misc":{"Napsal(a)":"miro.sopko","Odhadovan\u00e1 doba \u010dten\u00ed":"2 minuty"},"schema":{"@context":"https:\/\/schema.org","@graph":[{"@type":"Article","@id":"https:\/\/www.smedemokrati.sk\/ziadame-o-verejny-odpocet-vysetrovania-ktore-preukazalo-ze-cintula-nie-je-napojeny-na-demokratov\/#article","isPartOf":{"@id":"https:\/\/www.smedemokrati.sk\/ziadame-o-verejny-odpocet-vysetrovania-ktore-preukazalo-ze-cintula-nie-je-napojeny-na-demokratov\/"},"author":{"name":"miro.sopko","@id":"https:\/\/www.smedemokrati.sk\/#\/schema\/person\/21f147c88d605aa7ded900e1e7c344ba"},"headline":"\u017diadame o verejn\u00fd odpo\u010det vy\u0161etrovania, ktor\u00e9 preuk\u00e1zalo, \u017ee Cintula nie je napojen\u00fd na Demokratov","datePublished":"2025-03-18T15:34:49+00:00","dateModified":"2025-03-18T15:37:00+00:00","mainEntityOfPage":{"@id":"https:\/\/www.smedemokrati.sk\/ziadame-o-verejny-odpocet-vysetrovania-ktore-preukazalo-ze-cintula-nie-je-napojeny-na-demokratov\/"},"wordCount":377,"publisher":{"@id":"https:\/\/www.smedemokrati.sk\/#organization"},"image":{"@id":"https:\/\/www.smedemokrati.sk\/ziadame-o-verejny-odpocet-vysetrovania-ktore-preukazalo-ze-cintula-nie-je-napojeny-na-demokratov\/#primaryimage"},"thumbnailUrl":"https:\/\/www.smedemokrati.sk\/wp-content\/uploads\/2025\/03\/demokrati-reakcia-obvinenia.jpg","articleSection":["Tla\u010dov\u00e9 spr\u00e1vy"],"inLanguage":"cs-CZ"},{"@type":"WebPage","@id":"https:\/\/www.smedemokrati.sk\/ziadame-o-verejny-odpocet-vysetrovania-ktore-preukazalo-ze-cintula-nie-je-napojeny-na-demokratov\/","url":"https:\/\/www.smedemokrati.sk\/ziadame-o-verejny-odpocet-vysetrovania-ktore-preukazalo-ze-cintula-nie-je-napojeny-na-demokratov\/","name":"\u017diadame o verejn\u00fd odpo\u010det vy\u0161etrovania, ktor\u00e9 preuk\u00e1zalo, \u017ee Cintula nie je napojen\u00fd na Demokratov","isPartOf":{"@id":"https:\/\/www.smedemokrati.sk\/#website"},"primaryImageOfPage":{"@id":"https:\/\/www.smedemokrati.sk\/ziadame-o-verejny-odpocet-vysetrovania-ktore-preukazalo-ze-cintula-nie-je-napojeny-na-demokratov\/#primaryimage"},"image":{"@id":"https:\/\/www.smedemokrati.sk\/ziadame-o-verejny-odpocet-vysetrovania-ktore-preukazalo-ze-cintula-nie-je-napojeny-na-demokratov\/#primaryimage"},"thumbnailUrl":"https:\/\/www.smedemokrati.sk\/wp-content\/uploads\/2025\/03\/demokrati-reakcia-obvinenia.jpg","datePublished":"2025-03-18T15:34:49+00:00","dateModified":"2025-03-18T15:37:00+00:00","breadcrumb":{"@id":"https:\/\/www.smedemokrati.sk\/ziadame-o-verejny-odpocet-vysetrovania-ktore-preukazalo-ze-cintula-nie-je-napojeny-na-demokratov\/#breadcrumb"},"inLanguage":"cs-CZ","potentialAction":[{"@type":"ReadAction","target":["https:\/\/www.smedemokrati.sk\/ziadame-o-verejny-odpocet-vysetrovania-ktore-preukazalo-ze-cintula-nie-je-napojeny-na-demokratov\/"]}]},{"@type":"ImageObject","inLanguage":"cs-CZ","@id":"https:\/\/www.smedemokrati.sk\/ziadame-o-verejny-odpocet-vysetrovania-ktore-preukazalo-ze-cintula-nie-je-napojeny-na-demokratov\/#primaryimage","url":"https:\/\/www.smedemokrati.sk\/wp-content\/uploads\/2025\/03\/demokrati-reakcia-obvinenia.jpg","contentUrl":"https:\/\/www.smedemokrati.sk\/wp-content\/uploads\/2025\/03\/demokrati-reakcia-obvinenia.jpg","width":1213,"height":788},{"@type":"BreadcrumbList","@id":"https:\/\/www.smedemokrati.sk\/ziadame-o-verejny-odpocet-vysetrovania-ktore-preukazalo-ze-cintula-nie-je-napojeny-na-demokratov\/#breadcrumb","itemListElement":[{"@type":"ListItem","position":1,"name":"Domovsk\u00e1 str\u00e1nka","item":"https:\/\/www.smedemokrati.sk\/"},{"@type":"ListItem","position":2,"name":"\u017diadame o verejn\u00fd odpo\u010det vy\u0161etrovania, ktor\u00e9 preuk\u00e1zalo, \u017ee Cintula nie je napojen\u00fd na Demokratov"}]},{"@type":"WebSite","@id":"https:\/\/www.smedemokrati.sk\/#website","url":"https:\/\/www.smedemokrati.sk\/","name":"Smedemokrati.sk","description":"Demokracia a slu\u0161nos\u0165 zv\u00ed\u0165az\u00ed","publisher":{"@id":"https:\/\/www.smedemokrati.sk\/#organization"},"potentialAction":[{"@type":"SearchAction","target":{"@type":"EntryPoint","urlTemplate":"https:\/\/www.smedemokrati.sk\/?s={search_term_string}"},"query-input":{"@type":"PropertyValueSpecification","valueRequired":true,"valueName":"search_term_string"}}],"inLanguage":"cs-CZ"},{"@type":"Organization","@id":"https:\/\/www.smedemokrati.sk\/#organization","name":"Smedemokrati.sk","url":"https:\/\/www.smedemokrati.sk\/","logo":{"@type":"ImageObject","inLanguage":"cs-CZ","@id":"https:\/\/www.smedemokrati.sk\/#\/schema\/logo\/image\/","url":"https:\/\/www.smedemokrati.sk\/wp-content\/uploads\/2023\/04\/ff.002.jpeg","contentUrl":"https:\/\/www.smedemokrati.sk\/wp-content\/uploads\/2023\/04\/ff.002.jpeg","width":640,"height":480,"caption":"Smedemokrati.sk"},"image":{"@id":"https:\/\/www.smedemokrati.sk\/#\/schema\/logo\/image\/"},"sameAs":["https:\/\/www.facebook.com\/smedemokrati2023"]},{"@type":"Person","@id":"https:\/\/www.smedemokrati.sk\/#\/schema\/person\/21f147c88d605aa7ded900e1e7c344ba","name":"miro.sopko","image":{"@type":"ImageObject","inLanguage":"cs-CZ","@id":"https:\/\/secure.gravatar.com\/avatar\/267e4a36f704376c109afe3a78740c1f5dd8675a2180a908699e7863c9247606?s=96&d=mm&r=g","url":"https:\/\/secure.gravatar.com\/avatar\/267e4a36f704376c109afe3a78740c1f5dd8675a2180a908699e7863c9247606?s=96&d=mm&r=g","contentUrl":"https:\/\/secure.gravatar.com\/avatar\/267e4a36f704376c109afe3a78740c1f5dd8675a2180a908699e7863c9247606?s=96&d=mm&r=g","caption":"miro.sopko"},"url":"https:\/\/www.smedemokrati.sk\/cs\/author\/miro-sopko\/"}]}},"_links":{"self":[{"href":"https:\/\/www.smedemokrati.sk\/cs\/wp-json\/wp\/v2\/posts\/6665","targetHints":{"allow":["GET"]}}],"collection":[{"href":"https:\/\/www.smedemokrati.sk\/cs\/wp-json\/wp\/v2\/posts"}],"about":[{"href":"https:\/\/www.smedemokrati.sk\/cs\/wp-json\/wp\/v2\/types\/post"}],"author":[{"embeddable":true,"href":"https:\/\/www.smedemokrati.sk\/cs\/wp-json\/wp\/v2\/users\/13"}],"replies":[{"embeddable":true,"href":"https:\/\/www.smedemokrati.sk\/cs\/wp-json\/wp\/v2\/comments?post=6665"}],"version-history":[{"count":1,"href":"https:\/\/www.smedemokrati.sk\/cs\/wp-json\/wp\/v2\/posts\/6665\/revisions"}],"predecessor-version":[{"id":6667,"href":"https:\/\/www.smedemokrati.sk\/cs\/wp-json\/wp\/v2\/posts\/6665\/revisions\/6667"}],"wp:featuredmedia":[{"embeddable":true,"href":"https:\/\/www.smedemokrati.sk\/cs\/wp-json\/wp\/v2\/media\/6668"}],"wp:attachment":[{"href":"https:\/\/www.smedemokrati.sk\/cs\/wp-json\/wp\/v2\/media?parent=6665"}],"wp:term":[{"taxonomy":"category","embeddable":true,"href":"https:\/\/www.smedemokrati.sk\/cs\/wp-json\/wp\/v2\/categories?post=6665"},{"taxonomy":"post_tag","embeddable":true,"href":"https:\/\/www.smedemokrati.sk\/cs\/wp-json\/wp\/v2\/tags?post=6665"}],"curies":[{"name":"wp","href":"https:\/\/api.w.org\/{rel}","templated":true}]}}