{"id":6656,"date":"2025-03-17T17:39:26","date_gmt":"2025-03-17T16:39:26","guid":{"rendered":"https:\/\/www.smedemokrati.sk\/?p=6656"},"modified":"2025-03-18T11:31:12","modified_gmt":"2025-03-18T10:31:12","slug":"fico-za-rok-a-pol-zadlzil-slovensko-o-neuveritelnych-17-miliard-predstavujeme-riesenia-pre-ekonomiku-a-viac-penazi-v-penazenkach","status":"publish","type":"post","link":"https:\/\/www.smedemokrati.sk\/cs\/fico-za-rok-a-pol-zadlzil-slovensko-o-neuveritelnych-17-miliard-predstavujeme-riesenia-pre-ekonomiku-a-viac-penazi-v-penazenkach\/","title":{"rendered":"Fico za rok a pol zadl\u017eil Slovensko o neuverite\u013en\u00fdch 17 mili\u00e1rd, predstavujeme rie\u0161enia pre ekonomiku a viac pe\u0148az\u00ed v pe\u0148a\u017eenk\u00e1ch"},"content":{"rendered":"<div id=\"fb-root\"><\/div>\n\n<p><strong>Zru\u0161enie transak\u010dnej dane, n\u00e1vrat k rovnej dani, nulov\u00e1 da\u0148 a nulov\u00fd odvod z kryptomien a rovnako z podielov\u00fdch fondov a nulov\u00e1 da\u0148 z predaja nehnute\u013enost\u00ed. Pod\u013ea Demokratov ide o konkr\u00e9tne n\u00e1stroje, ktor\u00fdmi m\u00f4\u017eeme na\u0161tartova\u0165 ekonomiku a zabezpe\u010di\u0165 viac pe\u0148az\u00ed v pe\u0148a\u017eenk\u00e1ch be\u017en\u00fdch \u013eud\u00ed.&nbsp;<\/strong><\/p>\n\n\n\n<p>Progn\u00f3zy odborn\u00edkov hovoria, \u017ee na konci volebn\u00e9ho obdobia vl\u00e1dy Roberta Fica a pri s\u00fa\u010dasnom neodbornom mana\u017eovan\u00ed ekonomiky, bude Slovensko zadl\u017een\u00e9\u00a0na astronomick\u00fdch 100 mili\u00e1rd eur.<em>\u00a0\u201eTo cel\u00e9 ned\u00e1va zmysel. Robert Fico zvy\u0161uje dlh a z\u00e1rove\u0148 vyber\u00e1 mili\u00f3ny od ob\u010danov. Poviete si, kam tie peniaze d\u00e1vaj\u00fa? Ja sa to p\u00fdtam tie\u017e a zvl\u00e1\u0161\u0165 po tom, \u010do s\u013eubuj\u00fa \u010fal\u0161iu konsolid\u00e1ciu na \u00farovni vy\u0161e 2 mili\u00e1rd, na ktor\u00fa sa posklad\u00e1me v\u0161etci, okrem vl\u00e1dy a \u0161t\u00e1tu, ktor\u00e9 ne\u0161etria.&#8220;\u00a0<\/em>Hovor\u00ed b\u00fdval\u00fd predseda vl\u00e1dy Eduard Heger a predstavuje konkr\u00e9tne opatrenia.\u00a0<\/p>\n\n\n\n<p><em>\u201eNa \u00favod zopakujem, \u017ee zru\u0161\u00edme transak\u010dn\u00fa da\u0148, preto\u017ee predstavuje toxick\u00fd jed pre cel\u00fa ekonomiku. Treba sa vr\u00e1ti\u0165 k rovnej dani na \u00farovni maxim\u00e1lne 19% s postupn\u00fdm poklesom pod\u013ea ekonomickej situ\u00e1cie tak, ako sme to poznali z \u010dias, ke\u010f sa o Slovensku hovorilo, \u017ee je tiger Eur\u00f3py. \u010eal\u0161\u00edm opatren\u00edm je nulov\u00e1 da\u0148 a nulov\u00fd zdravotn\u00fd odvod z kryptomien, preto\u017ee Slovensko sa mus\u00ed sta\u0165 krajinou, ktor\u00e1 uk\u00e1\u017ee, \u017ee rozumie ekonomike bud\u00facnosti a pril\u00e1ka mlad\u00fdch \u013eud\u00ed a zahrani\u010dn\u00fdch investorov. Zavedieme tie\u017e nulov\u00fa da\u0148 a nulov\u00fd odvod z podielov\u00fdch fondov, preto\u017ee n\u00e1m z\u00e1le\u017e\u00ed na \u010do najvy\u0161\u0161\u00edch \u00faspor\u00e1ch\u00a0be\u017en\u00fdch \u013eud\u00ed. Tie\u017e chceme da\u0165 na nulu da\u0148 a odvod z predaja nehnute\u013enost\u00ed, preto\u017ee tak m\u00f4\u017ee najm\u00e4 mlad\u00fdm rodin\u00e1m zosta\u0165 viac pe\u0148az\u00ed v pe\u0148a\u017eenke.&#8220;<\/em>\u00a0Uzatv\u00e1ra Eduard Heger.\u00a0<\/p>\n\n\n\n<p>Dominik Sumbal \u010dlen expertnej skupiny dod\u00e1va, \u017ee kryptomeny a fintech spolo\u010dnosti tvoria neoddelite\u013en\u00fa\u00a0s\u00fa\u010das\u0165\u00a0ekonom\u00edk roku 2025.\u00a0<em>\u201ePokia\u013e nechceme by\u0165 len mont\u00e1\u017enou diel\u0148ou\u00a0Eur\u00f3py je d\u00f4le\u017eit\u00e9 prija\u0165\u00a0legislat\u00edvu ktor\u00e1 tieto spolo\u010dnosti pril\u00e1ka na Slovensko&#8220;<\/em>. \u010ealej hovor\u00ed, \u017ee Demokrati u\u017e predstavili nieko\u013eko opatren\u00ed na podporu ekonomiky, a to k\u00fapa prvej nehnute\u013enosti bez DPH, rodinn\u00fd superodpo\u010det a jednotn\u00fd odvod pre \u017eivnostn\u00edkov, ktor\u00fd maj\u00fa obrat do 100 tis\u00edc eur.\u00a0<\/p>\n\n\n<div class=\"fb-video\" data-href=\"https:\/\/fb.watch\/ynY5ChFt54\" data-allowfullscreen=\"true\" data-autoplay=\"false\" data-width=\"\" data-show-text=\"false\" data-show-captions=\"true\"><\/div>\n","protected":false},"excerpt":{"rendered":"<p>Zru\u0161enie transak\u010dnej dane, n\u00e1vrat k rovnej dani, nulov\u00e1 da\u0148 a nulov\u00fd odvod z kryptomien a rovnako z podielov\u00fdch fondov a nulov\u00e1 da\u0148 z predaja nehnute\u013enost\u00ed. Pod\u013ea Demokratov ide o konkr\u00e9tne n\u00e1stroje, ktor\u00fdmi m\u00f4\u017eeme na\u0161tartova\u0165 ekonomiku a zabezpe\u010di\u0165 viac pe\u0148az\u00ed v pe\u0148a\u017eenk\u00e1ch be\u017en\u00fdch \u013eud\u00ed.&nbsp; Progn\u00f3zy odborn\u00edkov hovoria, \u017ee na konci volebn\u00e9ho obdobia vl\u00e1dy Roberta Fica a [&hellip;]<\/p>\n","protected":false},"author":13,"featured_media":6657,"comment_status":"closed","ping_status":"closed","sticky":false,"template":"","format":"standard","meta":{"_acf_changed":false,"ngg_post_thumbnail":0,"footnotes":""},"categories":[4],"tags":[],"class_list":["post-6656","post","type-post","status-publish","format-standard","has-post-thumbnail","hentry","category-tlacove-spravy"],"acf":[],"yoast_head":"<!-- This site is optimized with the Yoast SEO plugin v27.2 - https:\/\/yoast.com\/product\/yoast-seo-wordpress\/ -->\n<title>Fico za rok a pol zadl\u017eil Slovensko o neuverite\u013en\u00fdch 17 mili\u00e1rd, predstavujeme rie\u0161enia pre ekonomiku a viac pe\u0148az\u00ed v pe\u0148a\u017eenk\u00e1ch<\/title>\n<meta name=\"robots\" content=\"index, follow, max-snippet:-1, max-image-preview:large, max-video-preview:-1\" \/>\n<link rel=\"canonical\" href=\"https:\/\/www.smedemokrati.sk\/cs\/fico-za-rok-a-pol-zadlzil-slovensko-o-neuveritelnych-17-miliard-predstavujeme-riesenia-pre-ekonomiku-a-viac-penazi-v-penazenkach\/\" \/>\n<meta property=\"og:locale\" content=\"cs_CZ\" \/>\n<meta property=\"og:locale:alternate\" content=\"en_US\" \/>\n<meta property=\"og:locale:alternate\" content=\"hu_HU\" \/>\n<meta property=\"og:locale:alternate\" content=\"sk_SK\" \/>\n<meta property=\"og:locale:alternate\" content=\"sv_SE\" \/>\n<meta property=\"og:type\" content=\"article\" \/>\n<meta property=\"og:title\" content=\"Fico za rok a pol zadl\u017eil Slovensko o neuverite\u013en\u00fdch 17 mili\u00e1rd, predstavujeme rie\u0161enia pre ekonomiku a viac pe\u0148az\u00ed v pe\u0148a\u017eenk\u00e1ch\" \/>\n<meta property=\"og:description\" content=\"Zru\u0161enie transak\u010dnej dane, n\u00e1vrat k rovnej dani, nulov\u00e1 da\u0148 a nulov\u00fd odvod z kryptomien a rovnako z podielov\u00fdch fondov a nulov\u00e1 da\u0148 z predaja nehnute\u013enost\u00ed. Pod\u013ea Demokratov ide o konkr\u00e9tne n\u00e1stroje, ktor\u00fdmi m\u00f4\u017eeme na\u0161tartova\u0165 ekonomiku a zabezpe\u010di\u0165 viac pe\u0148az\u00ed v pe\u0148a\u017eenk\u00e1ch be\u017en\u00fdch \u013eud\u00ed.&nbsp; Progn\u00f3zy odborn\u00edkov hovoria, \u017ee na konci volebn\u00e9ho obdobia vl\u00e1dy Roberta Fica a [&hellip;]\" \/>\n<meta property=\"og:url\" content=\"https:\/\/www.smedemokrati.sk\/cs\/fico-za-rok-a-pol-zadlzil-slovensko-o-neuveritelnych-17-miliard-predstavujeme-riesenia-pre-ekonomiku-a-viac-penazi-v-penazenkach\/\" \/>\n<meta property=\"og:site_name\" content=\"Smedemokrati.sk\" \/>\n<meta property=\"article:publisher\" content=\"https:\/\/www.facebook.com\/smedemokrati2023\" \/>\n<meta property=\"article:published_time\" content=\"2025-03-17T16:39:26+00:00\" \/>\n<meta property=\"article:modified_time\" content=\"2025-03-18T10:31:12+00:00\" \/>\n<meta property=\"og:image\" content=\"https:\/\/www.smedemokrati.sk\/wp-content\/uploads\/2025\/03\/navrhy-ekonomika-demokrati-scaled.jpg\" \/>\n\t<meta property=\"og:image:width\" content=\"2560\" \/>\n\t<meta property=\"og:image:height\" content=\"1362\" \/>\n\t<meta property=\"og:image:type\" content=\"image\/jpeg\" \/>\n<meta name=\"author\" content=\"miro.sopko\" \/>\n<meta name=\"twitter:card\" content=\"summary_large_image\" \/>\n<meta name=\"twitter:label1\" content=\"Napsal(a)\" \/>\n\t<meta name=\"twitter:data1\" content=\"miro.sopko\" \/>\n\t<meta name=\"twitter:label2\" content=\"Odhadovan\u00e1 doba \u010dten\u00ed\" \/>\n\t<meta name=\"twitter:data2\" content=\"2 minuty\" \/>\n<script type=\"application\/ld+json\" class=\"yoast-schema-graph\">{\"@context\":\"https:\/\/schema.org\",\"@graph\":[{\"@type\":\"Article\",\"@id\":\"https:\/\/www.smedemokrati.sk\/fico-za-rok-a-pol-zadlzil-slovensko-o-neuveritelnych-17-miliard-predstavujeme-riesenia-pre-ekonomiku-a-viac-penazi-v-penazenkach\/#article\",\"isPartOf\":{\"@id\":\"https:\/\/www.smedemokrati.sk\/fico-za-rok-a-pol-zadlzil-slovensko-o-neuveritelnych-17-miliard-predstavujeme-riesenia-pre-ekonomiku-a-viac-penazi-v-penazenkach\/\"},\"author\":{\"name\":\"miro.sopko\",\"@id\":\"https:\/\/www.smedemokrati.sk\/#\/schema\/person\/21f147c88d605aa7ded900e1e7c344ba\"},\"headline\":\"Fico za rok a pol zadl\u017eil Slovensko o neuverite\u013en\u00fdch 17 mili\u00e1rd, predstavujeme rie\u0161enia pre ekonomiku a viac pe\u0148az\u00ed v pe\u0148a\u017eenk\u00e1ch\",\"datePublished\":\"2025-03-17T16:39:26+00:00\",\"dateModified\":\"2025-03-18T10:31:12+00:00\",\"mainEntityOfPage\":{\"@id\":\"https:\/\/www.smedemokrati.sk\/fico-za-rok-a-pol-zadlzil-slovensko-o-neuveritelnych-17-miliard-predstavujeme-riesenia-pre-ekonomiku-a-viac-penazi-v-penazenkach\/\"},\"wordCount\":449,\"publisher\":{\"@id\":\"https:\/\/www.smedemokrati.sk\/#organization\"},\"image\":{\"@id\":\"https:\/\/www.smedemokrati.sk\/fico-za-rok-a-pol-zadlzil-slovensko-o-neuveritelnych-17-miliard-predstavujeme-riesenia-pre-ekonomiku-a-viac-penazi-v-penazenkach\/#primaryimage\"},\"thumbnailUrl\":\"https:\/\/www.smedemokrati.sk\/wp-content\/uploads\/2025\/03\/navrhy-ekonomika-demokrati-scaled.jpg\",\"articleSection\":[\"Tla\u010dov\u00e9 spr\u00e1vy\"],\"inLanguage\":\"cs-CZ\"},{\"@type\":\"WebPage\",\"@id\":\"https:\/\/www.smedemokrati.sk\/fico-za-rok-a-pol-zadlzil-slovensko-o-neuveritelnych-17-miliard-predstavujeme-riesenia-pre-ekonomiku-a-viac-penazi-v-penazenkach\/\",\"url\":\"https:\/\/www.smedemokrati.sk\/fico-za-rok-a-pol-zadlzil-slovensko-o-neuveritelnych-17-miliard-predstavujeme-riesenia-pre-ekonomiku-a-viac-penazi-v-penazenkach\/\",\"name\":\"Fico za rok a pol zadl\u017eil Slovensko o neuverite\u013en\u00fdch 17 mili\u00e1rd, predstavujeme rie\u0161enia pre ekonomiku a viac pe\u0148az\u00ed v pe\u0148a\u017eenk\u00e1ch\",\"isPartOf\":{\"@id\":\"https:\/\/www.smedemokrati.sk\/#website\"},\"primaryImageOfPage\":{\"@id\":\"https:\/\/www.smedemokrati.sk\/fico-za-rok-a-pol-zadlzil-slovensko-o-neuveritelnych-17-miliard-predstavujeme-riesenia-pre-ekonomiku-a-viac-penazi-v-penazenkach\/#primaryimage\"},\"image\":{\"@id\":\"https:\/\/www.smedemokrati.sk\/fico-za-rok-a-pol-zadlzil-slovensko-o-neuveritelnych-17-miliard-predstavujeme-riesenia-pre-ekonomiku-a-viac-penazi-v-penazenkach\/#primaryimage\"},\"thumbnailUrl\":\"https:\/\/www.smedemokrati.sk\/wp-content\/uploads\/2025\/03\/navrhy-ekonomika-demokrati-scaled.jpg\",\"datePublished\":\"2025-03-17T16:39:26+00:00\",\"dateModified\":\"2025-03-18T10:31:12+00:00\",\"breadcrumb\":{\"@id\":\"https:\/\/www.smedemokrati.sk\/fico-za-rok-a-pol-zadlzil-slovensko-o-neuveritelnych-17-miliard-predstavujeme-riesenia-pre-ekonomiku-a-viac-penazi-v-penazenkach\/#breadcrumb\"},\"inLanguage\":\"cs-CZ\",\"potentialAction\":[{\"@type\":\"ReadAction\",\"target\":[\"https:\/\/www.smedemokrati.sk\/fico-za-rok-a-pol-zadlzil-slovensko-o-neuveritelnych-17-miliard-predstavujeme-riesenia-pre-ekonomiku-a-viac-penazi-v-penazenkach\/\"]}]},{\"@type\":\"ImageObject\",\"inLanguage\":\"cs-CZ\",\"@id\":\"https:\/\/www.smedemokrati.sk\/fico-za-rok-a-pol-zadlzil-slovensko-o-neuveritelnych-17-miliard-predstavujeme-riesenia-pre-ekonomiku-a-viac-penazi-v-penazenkach\/#primaryimage\",\"url\":\"https:\/\/www.smedemokrati.sk\/wp-content\/uploads\/2025\/03\/navrhy-ekonomika-demokrati-scaled.jpg\",\"contentUrl\":\"https:\/\/www.smedemokrati.sk\/wp-content\/uploads\/2025\/03\/navrhy-ekonomika-demokrati-scaled.jpg\",\"width\":2560,\"height\":1362},{\"@type\":\"BreadcrumbList\",\"@id\":\"https:\/\/www.smedemokrati.sk\/fico-za-rok-a-pol-zadlzil-slovensko-o-neuveritelnych-17-miliard-predstavujeme-riesenia-pre-ekonomiku-a-viac-penazi-v-penazenkach\/#breadcrumb\",\"itemListElement\":[{\"@type\":\"ListItem\",\"position\":1,\"name\":\"Domovsk\u00e1 str\u00e1nka\",\"item\":\"https:\/\/www.smedemokrati.sk\/\"},{\"@type\":\"ListItem\",\"position\":2,\"name\":\"Fico za rok a pol zadl\u017eil Slovensko o neuverite\u013en\u00fdch 17 mili\u00e1rd, predstavujeme rie\u0161enia pre ekonomiku a viac pe\u0148az\u00ed v pe\u0148a\u017eenk\u00e1ch\"}]},{\"@type\":\"WebSite\",\"@id\":\"https:\/\/www.smedemokrati.sk\/#website\",\"url\":\"https:\/\/www.smedemokrati.sk\/\",\"name\":\"Smedemokrati.sk\",\"description\":\"Demokracia a slu\u0161nos\u0165 zv\u00ed\u0165az\u00ed\",\"publisher\":{\"@id\":\"https:\/\/www.smedemokrati.sk\/#organization\"},\"potentialAction\":[{\"@type\":\"SearchAction\",\"target\":{\"@type\":\"EntryPoint\",\"urlTemplate\":\"https:\/\/www.smedemokrati.sk\/?s={search_term_string}\"},\"query-input\":{\"@type\":\"PropertyValueSpecification\",\"valueRequired\":true,\"valueName\":\"search_term_string\"}}],\"inLanguage\":\"cs-CZ\"},{\"@type\":\"Organization\",\"@id\":\"https:\/\/www.smedemokrati.sk\/#organization\",\"name\":\"Smedemokrati.sk\",\"url\":\"https:\/\/www.smedemokrati.sk\/\",\"logo\":{\"@type\":\"ImageObject\",\"inLanguage\":\"cs-CZ\",\"@id\":\"https:\/\/www.smedemokrati.sk\/#\/schema\/logo\/image\/\",\"url\":\"https:\/\/www.smedemokrati.sk\/wp-content\/uploads\/2023\/04\/ff.002.jpeg\",\"contentUrl\":\"https:\/\/www.smedemokrati.sk\/wp-content\/uploads\/2023\/04\/ff.002.jpeg\",\"width\":640,\"height\":480,\"caption\":\"Smedemokrati.sk\"},\"image\":{\"@id\":\"https:\/\/www.smedemokrati.sk\/#\/schema\/logo\/image\/\"},\"sameAs\":[\"https:\/\/www.facebook.com\/smedemokrati2023\"]},{\"@type\":\"Person\",\"@id\":\"https:\/\/www.smedemokrati.sk\/#\/schema\/person\/21f147c88d605aa7ded900e1e7c344ba\",\"name\":\"miro.sopko\",\"image\":{\"@type\":\"ImageObject\",\"inLanguage\":\"cs-CZ\",\"@id\":\"https:\/\/secure.gravatar.com\/avatar\/267e4a36f704376c109afe3a78740c1f5dd8675a2180a908699e7863c9247606?s=96&d=mm&r=g\",\"url\":\"https:\/\/secure.gravatar.com\/avatar\/267e4a36f704376c109afe3a78740c1f5dd8675a2180a908699e7863c9247606?s=96&d=mm&r=g\",\"contentUrl\":\"https:\/\/secure.gravatar.com\/avatar\/267e4a36f704376c109afe3a78740c1f5dd8675a2180a908699e7863c9247606?s=96&d=mm&r=g\",\"caption\":\"miro.sopko\"},\"url\":\"https:\/\/www.smedemokrati.sk\/cs\/author\/miro-sopko\/\"}]}<\/script>\n<!-- \/ Yoast SEO plugin. -->","yoast_head_json":{"title":"Fico za rok a pol zadl\u017eil Slovensko o neuverite\u013en\u00fdch 17 mili\u00e1rd, predstavujeme rie\u0161enia pre ekonomiku a viac pe\u0148az\u00ed v pe\u0148a\u017eenk\u00e1ch","robots":{"index":"index","follow":"follow","max-snippet":"max-snippet:-1","max-image-preview":"max-image-preview:large","max-video-preview":"max-video-preview:-1"},"canonical":"https:\/\/www.smedemokrati.sk\/cs\/fico-za-rok-a-pol-zadlzil-slovensko-o-neuveritelnych-17-miliard-predstavujeme-riesenia-pre-ekonomiku-a-viac-penazi-v-penazenkach\/","og_locale":"cs_CZ","og_type":"article","og_title":"[:sk]Fico za rok a pol zadl\u017eil Slovensko o neuverite\u013en\u00fdch 17 mili\u00e1rd, predstavujeme rie\u0161enia pre ekonomiku a viac pe\u0148az\u00ed v pe\u0148a\u017eenk\u00e1ch[:] - Smedemokrati.sk","og_description":"Zru\u0161enie transak\u010dnej dane, n\u00e1vrat k rovnej dani, nulov\u00e1 da\u0148 a nulov\u00fd odvod z kryptomien a rovnako z podielov\u00fdch fondov a nulov\u00e1 da\u0148 z predaja nehnute\u013enost\u00ed. Pod\u013ea Demokratov ide o konkr\u00e9tne n\u00e1stroje, ktor\u00fdmi m\u00f4\u017eeme na\u0161tartova\u0165 ekonomiku a zabezpe\u010di\u0165 viac pe\u0148az\u00ed v pe\u0148a\u017eenk\u00e1ch be\u017en\u00fdch \u013eud\u00ed.&nbsp; Progn\u00f3zy odborn\u00edkov hovoria, \u017ee na konci volebn\u00e9ho obdobia vl\u00e1dy Roberta Fica a [&hellip;]","og_url":"https:\/\/www.smedemokrati.sk\/cs\/fico-za-rok-a-pol-zadlzil-slovensko-o-neuveritelnych-17-miliard-predstavujeme-riesenia-pre-ekonomiku-a-viac-penazi-v-penazenkach\/","og_site_name":"Smedemokrati.sk","article_publisher":"https:\/\/www.facebook.com\/smedemokrati2023","article_published_time":"2025-03-17T16:39:26+00:00","article_modified_time":"2025-03-18T10:31:12+00:00","og_image":[{"width":2560,"height":1362,"url":"https:\/\/www.smedemokrati.sk\/wp-content\/uploads\/2025\/03\/navrhy-ekonomika-demokrati-scaled.jpg","type":"image\/jpeg"}],"author":"miro.sopko","twitter_card":"summary_large_image","twitter_misc":{"Napsal(a)":"miro.sopko","Odhadovan\u00e1 doba \u010dten\u00ed":"2 minuty"},"schema":{"@context":"https:\/\/schema.org","@graph":[{"@type":"Article","@id":"https:\/\/www.smedemokrati.sk\/fico-za-rok-a-pol-zadlzil-slovensko-o-neuveritelnych-17-miliard-predstavujeme-riesenia-pre-ekonomiku-a-viac-penazi-v-penazenkach\/#article","isPartOf":{"@id":"https:\/\/www.smedemokrati.sk\/fico-za-rok-a-pol-zadlzil-slovensko-o-neuveritelnych-17-miliard-predstavujeme-riesenia-pre-ekonomiku-a-viac-penazi-v-penazenkach\/"},"author":{"name":"miro.sopko","@id":"https:\/\/www.smedemokrati.sk\/#\/schema\/person\/21f147c88d605aa7ded900e1e7c344ba"},"headline":"Fico za rok a pol zadl\u017eil Slovensko o neuverite\u013en\u00fdch 17 mili\u00e1rd, predstavujeme rie\u0161enia pre ekonomiku a viac pe\u0148az\u00ed v pe\u0148a\u017eenk\u00e1ch","datePublished":"2025-03-17T16:39:26+00:00","dateModified":"2025-03-18T10:31:12+00:00","mainEntityOfPage":{"@id":"https:\/\/www.smedemokrati.sk\/fico-za-rok-a-pol-zadlzil-slovensko-o-neuveritelnych-17-miliard-predstavujeme-riesenia-pre-ekonomiku-a-viac-penazi-v-penazenkach\/"},"wordCount":449,"publisher":{"@id":"https:\/\/www.smedemokrati.sk\/#organization"},"image":{"@id":"https:\/\/www.smedemokrati.sk\/fico-za-rok-a-pol-zadlzil-slovensko-o-neuveritelnych-17-miliard-predstavujeme-riesenia-pre-ekonomiku-a-viac-penazi-v-penazenkach\/#primaryimage"},"thumbnailUrl":"https:\/\/www.smedemokrati.sk\/wp-content\/uploads\/2025\/03\/navrhy-ekonomika-demokrati-scaled.jpg","articleSection":["Tla\u010dov\u00e9 spr\u00e1vy"],"inLanguage":"cs-CZ"},{"@type":"WebPage","@id":"https:\/\/www.smedemokrati.sk\/fico-za-rok-a-pol-zadlzil-slovensko-o-neuveritelnych-17-miliard-predstavujeme-riesenia-pre-ekonomiku-a-viac-penazi-v-penazenkach\/","url":"https:\/\/www.smedemokrati.sk\/fico-za-rok-a-pol-zadlzil-slovensko-o-neuveritelnych-17-miliard-predstavujeme-riesenia-pre-ekonomiku-a-viac-penazi-v-penazenkach\/","name":"Fico za rok a pol zadl\u017eil Slovensko o neuverite\u013en\u00fdch 17 mili\u00e1rd, predstavujeme rie\u0161enia pre ekonomiku a viac pe\u0148az\u00ed v pe\u0148a\u017eenk\u00e1ch","isPartOf":{"@id":"https:\/\/www.smedemokrati.sk\/#website"},"primaryImageOfPage":{"@id":"https:\/\/www.smedemokrati.sk\/fico-za-rok-a-pol-zadlzil-slovensko-o-neuveritelnych-17-miliard-predstavujeme-riesenia-pre-ekonomiku-a-viac-penazi-v-penazenkach\/#primaryimage"},"image":{"@id":"https:\/\/www.smedemokrati.sk\/fico-za-rok-a-pol-zadlzil-slovensko-o-neuveritelnych-17-miliard-predstavujeme-riesenia-pre-ekonomiku-a-viac-penazi-v-penazenkach\/#primaryimage"},"thumbnailUrl":"https:\/\/www.smedemokrati.sk\/wp-content\/uploads\/2025\/03\/navrhy-ekonomika-demokrati-scaled.jpg","datePublished":"2025-03-17T16:39:26+00:00","dateModified":"2025-03-18T10:31:12+00:00","breadcrumb":{"@id":"https:\/\/www.smedemokrati.sk\/fico-za-rok-a-pol-zadlzil-slovensko-o-neuveritelnych-17-miliard-predstavujeme-riesenia-pre-ekonomiku-a-viac-penazi-v-penazenkach\/#breadcrumb"},"inLanguage":"cs-CZ","potentialAction":[{"@type":"ReadAction","target":["https:\/\/www.smedemokrati.sk\/fico-za-rok-a-pol-zadlzil-slovensko-o-neuveritelnych-17-miliard-predstavujeme-riesenia-pre-ekonomiku-a-viac-penazi-v-penazenkach\/"]}]},{"@type":"ImageObject","inLanguage":"cs-CZ","@id":"https:\/\/www.smedemokrati.sk\/fico-za-rok-a-pol-zadlzil-slovensko-o-neuveritelnych-17-miliard-predstavujeme-riesenia-pre-ekonomiku-a-viac-penazi-v-penazenkach\/#primaryimage","url":"https:\/\/www.smedemokrati.sk\/wp-content\/uploads\/2025\/03\/navrhy-ekonomika-demokrati-scaled.jpg","contentUrl":"https:\/\/www.smedemokrati.sk\/wp-content\/uploads\/2025\/03\/navrhy-ekonomika-demokrati-scaled.jpg","width":2560,"height":1362},{"@type":"BreadcrumbList","@id":"https:\/\/www.smedemokrati.sk\/fico-za-rok-a-pol-zadlzil-slovensko-o-neuveritelnych-17-miliard-predstavujeme-riesenia-pre-ekonomiku-a-viac-penazi-v-penazenkach\/#breadcrumb","itemListElement":[{"@type":"ListItem","position":1,"name":"Domovsk\u00e1 str\u00e1nka","item":"https:\/\/www.smedemokrati.sk\/"},{"@type":"ListItem","position":2,"name":"Fico za rok a pol zadl\u017eil Slovensko o neuverite\u013en\u00fdch 17 mili\u00e1rd, predstavujeme rie\u0161enia pre ekonomiku a viac pe\u0148az\u00ed v pe\u0148a\u017eenk\u00e1ch"}]},{"@type":"WebSite","@id":"https:\/\/www.smedemokrati.sk\/#website","url":"https:\/\/www.smedemokrati.sk\/","name":"Smedemokrati.sk","description":"Demokracia a slu\u0161nos\u0165 zv\u00ed\u0165az\u00ed","publisher":{"@id":"https:\/\/www.smedemokrati.sk\/#organization"},"potentialAction":[{"@type":"SearchAction","target":{"@type":"EntryPoint","urlTemplate":"https:\/\/www.smedemokrati.sk\/?s={search_term_string}"},"query-input":{"@type":"PropertyValueSpecification","valueRequired":true,"valueName":"search_term_string"}}],"inLanguage":"cs-CZ"},{"@type":"Organization","@id":"https:\/\/www.smedemokrati.sk\/#organization","name":"Smedemokrati.sk","url":"https:\/\/www.smedemokrati.sk\/","logo":{"@type":"ImageObject","inLanguage":"cs-CZ","@id":"https:\/\/www.smedemokrati.sk\/#\/schema\/logo\/image\/","url":"https:\/\/www.smedemokrati.sk\/wp-content\/uploads\/2023\/04\/ff.002.jpeg","contentUrl":"https:\/\/www.smedemokrati.sk\/wp-content\/uploads\/2023\/04\/ff.002.jpeg","width":640,"height":480,"caption":"Smedemokrati.sk"},"image":{"@id":"https:\/\/www.smedemokrati.sk\/#\/schema\/logo\/image\/"},"sameAs":["https:\/\/www.facebook.com\/smedemokrati2023"]},{"@type":"Person","@id":"https:\/\/www.smedemokrati.sk\/#\/schema\/person\/21f147c88d605aa7ded900e1e7c344ba","name":"miro.sopko","image":{"@type":"ImageObject","inLanguage":"cs-CZ","@id":"https:\/\/secure.gravatar.com\/avatar\/267e4a36f704376c109afe3a78740c1f5dd8675a2180a908699e7863c9247606?s=96&d=mm&r=g","url":"https:\/\/secure.gravatar.com\/avatar\/267e4a36f704376c109afe3a78740c1f5dd8675a2180a908699e7863c9247606?s=96&d=mm&r=g","contentUrl":"https:\/\/secure.gravatar.com\/avatar\/267e4a36f704376c109afe3a78740c1f5dd8675a2180a908699e7863c9247606?s=96&d=mm&r=g","caption":"miro.sopko"},"url":"https:\/\/www.smedemokrati.sk\/cs\/author\/miro-sopko\/"}]}},"_links":{"self":[{"href":"https:\/\/www.smedemokrati.sk\/cs\/wp-json\/wp\/v2\/posts\/6656","targetHints":{"allow":["GET"]}}],"collection":[{"href":"https:\/\/www.smedemokrati.sk\/cs\/wp-json\/wp\/v2\/posts"}],"about":[{"href":"https:\/\/www.smedemokrati.sk\/cs\/wp-json\/wp\/v2\/types\/post"}],"author":[{"embeddable":true,"href":"https:\/\/www.smedemokrati.sk\/cs\/wp-json\/wp\/v2\/users\/13"}],"replies":[{"embeddable":true,"href":"https:\/\/www.smedemokrati.sk\/cs\/wp-json\/wp\/v2\/comments?post=6656"}],"version-history":[{"count":1,"href":"https:\/\/www.smedemokrati.sk\/cs\/wp-json\/wp\/v2\/posts\/6656\/revisions"}],"predecessor-version":[{"id":6658,"href":"https:\/\/www.smedemokrati.sk\/cs\/wp-json\/wp\/v2\/posts\/6656\/revisions\/6658"}],"wp:featuredmedia":[{"embeddable":true,"href":"https:\/\/www.smedemokrati.sk\/cs\/wp-json\/wp\/v2\/media\/6657"}],"wp:attachment":[{"href":"https:\/\/www.smedemokrati.sk\/cs\/wp-json\/wp\/v2\/media?parent=6656"}],"wp:term":[{"taxonomy":"category","embeddable":true,"href":"https:\/\/www.smedemokrati.sk\/cs\/wp-json\/wp\/v2\/categories?post=6656"},{"taxonomy":"post_tag","embeddable":true,"href":"https:\/\/www.smedemokrati.sk\/cs\/wp-json\/wp\/v2\/tags?post=6656"}],"curies":[{"name":"wp","href":"https:\/\/api.w.org\/{rel}","templated":true}]}}