{"id":6556,"date":"2025-03-04T14:39:29","date_gmt":"2025-03-04T13:39:29","guid":{"rendered":"https:\/\/www.smedemokrati.sk\/?p=6556"},"modified":"2025-03-04T14:39:30","modified_gmt":"2025-03-04T13:39:30","slug":"vyzva-premierovi-ficovi-aby-nerozbijal-jednotu-eu-a-nevetoval-spolocne-rozhodnutia","status":"publish","type":"post","link":"https:\/\/www.smedemokrati.sk\/cs\/vyzva-premierovi-ficovi-aby-nerozbijal-jednotu-eu-a-nevetoval-spolocne-rozhodnutia\/","title":{"rendered":"V\u00fdzva premi\u00e9rovi Ficovi, aby nerozb\u00edjal jednotu E\u00da a nevetoval spolo\u010dn\u00e9 rozhodnutia"},"content":{"rendered":"<div id=\"fb-root\"><\/div>\n\n<p><strong>Strana Demokrati vyz\u00fdva premi\u00e9ra Fica, aby nerozb\u00edjal jednotu E\u00da a nevetoval spolo\u010dn\u00e9 rozhodnutia, ktor\u00e9 s\u00fa strategicky nevyhnutn\u00e9 aj pre bezpe\u010dnos\u0165, prosperitu a pokojn\u00fd mierov\u00fd \u017eivot v celej Eur\u00f3pe a na Slovensku.<\/strong><\/p>\n\n\n\n<p>&#8222;\u017diadame od premi\u00e9ra Fica, aby na nast\u00e1vaj\u00facom samite E\u00da podporil snahy a rie\u0161enia, ktor\u00e9 umo\u017enia z\u00e1sadn\u00e9 a \u010do najr\u00fdchlej\u0161ie upevnenie spolo\u010dnej obranyschopnosti. S\u00fa\u010dasne, v pr\u00edpade mierovej dohody o ukon\u010den\u00ed vojny na Ukrajine, \u017eiadame premi\u00e9ra Fica, aby sa zasadil o to, aby t\u00e1to dohoda bola v znen\u00ed, ktor\u00e1 bude Ukrajinou &nbsp;akceptovate\u013en\u00e1. T\u00e1to dohoda mus\u00ed zabezpe\u010di\u0165 jej dlhodob\u00fa obranyschopnos\u0165, nez\u00e1vislos\u0165 a suverenitu v zmysle platn\u00fdch medzin\u00e1rodn\u00fdch doh\u00f4d a Charty OSN. Je tie\u017e d\u00f4le\u017eit\u00e9, aby Ukrajine ostala otvoren\u00e1 cesta pre integr\u00e1ciu do eur\u00f3pskych \u0161trukt\u00far,&#8220; zd\u00f4raznil predseda strany Demokrati Jaroslav Na\u010f.&nbsp;<\/p>\n\n\n\n<p>Demokrati tie\u017e podporuj\u00fa, aby s\u00fa\u010das\u0165ou doh\u00f4d o Ukrajine, bolo vyrie\u0161enie \u010fal\u0161ieho mo\u017en\u00e9ho tranzitu rusk\u00fdch surov\u00edn do E\u00da. &#8222;Av\u0161ak za podmienky, \u017ee s t\u00fdm bude Ukrajina s\u00fahlasi\u0165 a \u017ee to bude pre Ukrajinu aj E\u00da v\u00fdhodn\u00e9, pri\u010dom \u010das\u0165 finan\u010dn\u00fdch zdrojov, zaplaten\u00fdch Eur\u00f3panmi za rusk\u00e9 suroviny, by mal \u00eds\u0165 na obnovu Ukrajiny a na elimin\u00e1ciu \u0161k\u00f4d, sp\u00f4soben\u00fdch ruskou vojenskou inv\u00e1ziou,&#8220; dodal \u010dlen predsedn\u00edctva Demokratov a energetick\u00fd expert Karel Hirman.<\/p>\n","protected":false},"excerpt":{"rendered":"<p>Strana Demokrati vyz\u00fdva premi\u00e9ra Fica, aby nerozb\u00edjal jednotu E\u00da a nevetoval spolo\u010dn\u00e9 rozhodnutia, ktor\u00e9 s\u00fa strategicky nevyhnutn\u00e9 aj pre bezpe\u010dnos\u0165, prosperitu a pokojn\u00fd mierov\u00fd \u017eivot v celej Eur\u00f3pe a na Slovensku. &#8222;\u017diadame od premi\u00e9ra Fica, aby na nast\u00e1vaj\u00facom samite E\u00da podporil snahy a rie\u0161enia, ktor\u00e9 umo\u017enia z\u00e1sadn\u00e9 a \u010do najr\u00fdchlej\u0161ie upevnenie spolo\u010dnej obranyschopnosti. S\u00fa\u010dasne, v [&hellip;]<\/p>\n","protected":false},"author":13,"featured_media":5943,"comment_status":"closed","ping_status":"closed","sticky":false,"template":"","format":"standard","meta":{"_acf_changed":false,"ngg_post_thumbnail":0,"footnotes":""},"categories":[4],"tags":[],"class_list":["post-6556","post","type-post","status-publish","format-standard","has-post-thumbnail","hentry","category-tlacove-spravy"],"acf":[],"yoast_head":"<!-- This site is optimized with the Yoast SEO plugin v27.2 - https:\/\/yoast.com\/product\/yoast-seo-wordpress\/ -->\n<title>V\u00fdzva premi\u00e9rovi Ficovi, aby nerozb\u00edjal jednotu E\u00da a nevetoval spolo\u010dn\u00e9 rozhodnutia<\/title>\n<meta name=\"robots\" content=\"index, follow, max-snippet:-1, max-image-preview:large, max-video-preview:-1\" \/>\n<link rel=\"canonical\" href=\"https:\/\/www.smedemokrati.sk\/cs\/vyzva-premierovi-ficovi-aby-nerozbijal-jednotu-eu-a-nevetoval-spolocne-rozhodnutia\/\" \/>\n<meta property=\"og:locale\" content=\"cs_CZ\" \/>\n<meta property=\"og:locale:alternate\" content=\"en_US\" \/>\n<meta property=\"og:locale:alternate\" content=\"hu_HU\" \/>\n<meta property=\"og:locale:alternate\" content=\"sk_SK\" \/>\n<meta property=\"og:locale:alternate\" content=\"sv_SE\" \/>\n<meta property=\"og:type\" content=\"article\" \/>\n<meta property=\"og:title\" content=\"V\u00fdzva premi\u00e9rovi Ficovi, aby nerozb\u00edjal jednotu E\u00da a nevetoval spolo\u010dn\u00e9 rozhodnutia\" \/>\n<meta property=\"og:description\" content=\"Strana Demokrati vyz\u00fdva premi\u00e9ra Fica, aby nerozb\u00edjal jednotu E\u00da a nevetoval spolo\u010dn\u00e9 rozhodnutia, ktor\u00e9 s\u00fa strategicky nevyhnutn\u00e9 aj pre bezpe\u010dnos\u0165, prosperitu a pokojn\u00fd mierov\u00fd \u017eivot v celej Eur\u00f3pe a na Slovensku. &#8222;\u017diadame od premi\u00e9ra Fica, aby na nast\u00e1vaj\u00facom samite E\u00da podporil snahy a rie\u0161enia, ktor\u00e9 umo\u017enia z\u00e1sadn\u00e9 a \u010do najr\u00fdchlej\u0161ie upevnenie spolo\u010dnej obranyschopnosti. S\u00fa\u010dasne, v [&hellip;]\" \/>\n<meta property=\"og:url\" content=\"https:\/\/www.smedemokrati.sk\/cs\/vyzva-premierovi-ficovi-aby-nerozbijal-jednotu-eu-a-nevetoval-spolocne-rozhodnutia\/\" \/>\n<meta property=\"og:site_name\" content=\"Smedemokrati.sk\" \/>\n<meta property=\"article:publisher\" content=\"https:\/\/www.facebook.com\/smedemokrati2023\" \/>\n<meta property=\"article:published_time\" content=\"2025-03-04T13:39:29+00:00\" \/>\n<meta property=\"article:modified_time\" content=\"2025-03-04T13:39:30+00:00\" \/>\n<meta property=\"og:image\" content=\"https:\/\/www.smedemokrati.sk\/wp-content\/uploads\/2024\/12\/DSC5564.jpg\" \/>\n\t<meta property=\"og:image:width\" content=\"1920\" \/>\n\t<meta property=\"og:image:height\" content=\"1280\" \/>\n\t<meta property=\"og:image:type\" content=\"image\/jpeg\" \/>\n<meta name=\"author\" content=\"miro.sopko\" \/>\n<meta name=\"twitter:card\" content=\"summary_large_image\" \/>\n<meta name=\"twitter:label1\" content=\"Napsal(a)\" \/>\n\t<meta name=\"twitter:data1\" content=\"miro.sopko\" \/>\n\t<meta name=\"twitter:label2\" content=\"Odhadovan\u00e1 doba \u010dten\u00ed\" \/>\n\t<meta name=\"twitter:data2\" content=\"2 minuty\" \/>\n<script type=\"application\/ld+json\" class=\"yoast-schema-graph\">{\"@context\":\"https:\/\/schema.org\",\"@graph\":[{\"@type\":\"Article\",\"@id\":\"https:\/\/www.smedemokrati.sk\/vyzva-premierovi-ficovi-aby-nerozbijal-jednotu-eu-a-nevetoval-spolocne-rozhodnutia\/#article\",\"isPartOf\":{\"@id\":\"https:\/\/www.smedemokrati.sk\/vyzva-premierovi-ficovi-aby-nerozbijal-jednotu-eu-a-nevetoval-spolocne-rozhodnutia\/\"},\"author\":{\"name\":\"miro.sopko\",\"@id\":\"https:\/\/www.smedemokrati.sk\/#\/schema\/person\/21f147c88d605aa7ded900e1e7c344ba\"},\"headline\":\"V\u00fdzva premi\u00e9rovi Ficovi, aby nerozb\u00edjal jednotu E\u00da a nevetoval spolo\u010dn\u00e9 rozhodnutia\",\"datePublished\":\"2025-03-04T13:39:29+00:00\",\"dateModified\":\"2025-03-04T13:39:30+00:00\",\"mainEntityOfPage\":{\"@id\":\"https:\/\/www.smedemokrati.sk\/vyzva-premierovi-ficovi-aby-nerozbijal-jednotu-eu-a-nevetoval-spolocne-rozhodnutia\/\"},\"wordCount\":262,\"publisher\":{\"@id\":\"https:\/\/www.smedemokrati.sk\/#organization\"},\"image\":{\"@id\":\"https:\/\/www.smedemokrati.sk\/vyzva-premierovi-ficovi-aby-nerozbijal-jednotu-eu-a-nevetoval-spolocne-rozhodnutia\/#primaryimage\"},\"thumbnailUrl\":\"https:\/\/www.smedemokrati.sk\/wp-content\/uploads\/2024\/12\/DSC5564.jpg\",\"articleSection\":[\"Tla\u010dov\u00e9 spr\u00e1vy\"],\"inLanguage\":\"cs-CZ\"},{\"@type\":\"WebPage\",\"@id\":\"https:\/\/www.smedemokrati.sk\/vyzva-premierovi-ficovi-aby-nerozbijal-jednotu-eu-a-nevetoval-spolocne-rozhodnutia\/\",\"url\":\"https:\/\/www.smedemokrati.sk\/vyzva-premierovi-ficovi-aby-nerozbijal-jednotu-eu-a-nevetoval-spolocne-rozhodnutia\/\",\"name\":\"V\u00fdzva premi\u00e9rovi Ficovi, aby nerozb\u00edjal jednotu E\u00da a nevetoval spolo\u010dn\u00e9 rozhodnutia\",\"isPartOf\":{\"@id\":\"https:\/\/www.smedemokrati.sk\/#website\"},\"primaryImageOfPage\":{\"@id\":\"https:\/\/www.smedemokrati.sk\/vyzva-premierovi-ficovi-aby-nerozbijal-jednotu-eu-a-nevetoval-spolocne-rozhodnutia\/#primaryimage\"},\"image\":{\"@id\":\"https:\/\/www.smedemokrati.sk\/vyzva-premierovi-ficovi-aby-nerozbijal-jednotu-eu-a-nevetoval-spolocne-rozhodnutia\/#primaryimage\"},\"thumbnailUrl\":\"https:\/\/www.smedemokrati.sk\/wp-content\/uploads\/2024\/12\/DSC5564.jpg\",\"datePublished\":\"2025-03-04T13:39:29+00:00\",\"dateModified\":\"2025-03-04T13:39:30+00:00\",\"breadcrumb\":{\"@id\":\"https:\/\/www.smedemokrati.sk\/vyzva-premierovi-ficovi-aby-nerozbijal-jednotu-eu-a-nevetoval-spolocne-rozhodnutia\/#breadcrumb\"},\"inLanguage\":\"cs-CZ\",\"potentialAction\":[{\"@type\":\"ReadAction\",\"target\":[\"https:\/\/www.smedemokrati.sk\/vyzva-premierovi-ficovi-aby-nerozbijal-jednotu-eu-a-nevetoval-spolocne-rozhodnutia\/\"]}]},{\"@type\":\"ImageObject\",\"inLanguage\":\"cs-CZ\",\"@id\":\"https:\/\/www.smedemokrati.sk\/vyzva-premierovi-ficovi-aby-nerozbijal-jednotu-eu-a-nevetoval-spolocne-rozhodnutia\/#primaryimage\",\"url\":\"https:\/\/www.smedemokrati.sk\/wp-content\/uploads\/2024\/12\/DSC5564.jpg\",\"contentUrl\":\"https:\/\/www.smedemokrati.sk\/wp-content\/uploads\/2024\/12\/DSC5564.jpg\",\"width\":1920,\"height\":1280},{\"@type\":\"BreadcrumbList\",\"@id\":\"https:\/\/www.smedemokrati.sk\/vyzva-premierovi-ficovi-aby-nerozbijal-jednotu-eu-a-nevetoval-spolocne-rozhodnutia\/#breadcrumb\",\"itemListElement\":[{\"@type\":\"ListItem\",\"position\":1,\"name\":\"Domovsk\u00e1 str\u00e1nka\",\"item\":\"https:\/\/www.smedemokrati.sk\/\"},{\"@type\":\"ListItem\",\"position\":2,\"name\":\"V\u00fdzva premi\u00e9rovi Ficovi, aby nerozb\u00edjal jednotu E\u00da a nevetoval spolo\u010dn\u00e9 rozhodnutia\"}]},{\"@type\":\"WebSite\",\"@id\":\"https:\/\/www.smedemokrati.sk\/#website\",\"url\":\"https:\/\/www.smedemokrati.sk\/\",\"name\":\"Smedemokrati.sk\",\"description\":\"Demokracia a slu\u0161nos\u0165 zv\u00ed\u0165az\u00ed\",\"publisher\":{\"@id\":\"https:\/\/www.smedemokrati.sk\/#organization\"},\"potentialAction\":[{\"@type\":\"SearchAction\",\"target\":{\"@type\":\"EntryPoint\",\"urlTemplate\":\"https:\/\/www.smedemokrati.sk\/?s={search_term_string}\"},\"query-input\":{\"@type\":\"PropertyValueSpecification\",\"valueRequired\":true,\"valueName\":\"search_term_string\"}}],\"inLanguage\":\"cs-CZ\"},{\"@type\":\"Organization\",\"@id\":\"https:\/\/www.smedemokrati.sk\/#organization\",\"name\":\"Smedemokrati.sk\",\"url\":\"https:\/\/www.smedemokrati.sk\/\",\"logo\":{\"@type\":\"ImageObject\",\"inLanguage\":\"cs-CZ\",\"@id\":\"https:\/\/www.smedemokrati.sk\/#\/schema\/logo\/image\/\",\"url\":\"https:\/\/www.smedemokrati.sk\/wp-content\/uploads\/2023\/04\/ff.002.jpeg\",\"contentUrl\":\"https:\/\/www.smedemokrati.sk\/wp-content\/uploads\/2023\/04\/ff.002.jpeg\",\"width\":640,\"height\":480,\"caption\":\"Smedemokrati.sk\"},\"image\":{\"@id\":\"https:\/\/www.smedemokrati.sk\/#\/schema\/logo\/image\/\"},\"sameAs\":[\"https:\/\/www.facebook.com\/smedemokrati2023\"]},{\"@type\":\"Person\",\"@id\":\"https:\/\/www.smedemokrati.sk\/#\/schema\/person\/21f147c88d605aa7ded900e1e7c344ba\",\"name\":\"miro.sopko\",\"image\":{\"@type\":\"ImageObject\",\"inLanguage\":\"cs-CZ\",\"@id\":\"https:\/\/secure.gravatar.com\/avatar\/267e4a36f704376c109afe3a78740c1f5dd8675a2180a908699e7863c9247606?s=96&d=mm&r=g\",\"url\":\"https:\/\/secure.gravatar.com\/avatar\/267e4a36f704376c109afe3a78740c1f5dd8675a2180a908699e7863c9247606?s=96&d=mm&r=g\",\"contentUrl\":\"https:\/\/secure.gravatar.com\/avatar\/267e4a36f704376c109afe3a78740c1f5dd8675a2180a908699e7863c9247606?s=96&d=mm&r=g\",\"caption\":\"miro.sopko\"},\"url\":\"https:\/\/www.smedemokrati.sk\/cs\/author\/miro-sopko\/\"}]}<\/script>\n<!-- \/ Yoast SEO plugin. -->","yoast_head_json":{"title":"V\u00fdzva premi\u00e9rovi Ficovi, aby nerozb\u00edjal jednotu E\u00da a nevetoval spolo\u010dn\u00e9 rozhodnutia","robots":{"index":"index","follow":"follow","max-snippet":"max-snippet:-1","max-image-preview":"max-image-preview:large","max-video-preview":"max-video-preview:-1"},"canonical":"https:\/\/www.smedemokrati.sk\/cs\/vyzva-premierovi-ficovi-aby-nerozbijal-jednotu-eu-a-nevetoval-spolocne-rozhodnutia\/","og_locale":"cs_CZ","og_type":"article","og_title":"[:sk]V\u00fdzva premi\u00e9rovi Ficovi, aby nerozb\u00edjal jednotu E\u00da a nevetoval spolo\u010dn\u00e9 rozhodnutia[:] - Smedemokrati.sk","og_description":"Strana Demokrati vyz\u00fdva premi\u00e9ra Fica, aby nerozb\u00edjal jednotu E\u00da a nevetoval spolo\u010dn\u00e9 rozhodnutia, ktor\u00e9 s\u00fa strategicky nevyhnutn\u00e9 aj pre bezpe\u010dnos\u0165, prosperitu a pokojn\u00fd mierov\u00fd \u017eivot v celej Eur\u00f3pe a na Slovensku. &#8222;\u017diadame od premi\u00e9ra Fica, aby na nast\u00e1vaj\u00facom samite E\u00da podporil snahy a rie\u0161enia, ktor\u00e9 umo\u017enia z\u00e1sadn\u00e9 a \u010do najr\u00fdchlej\u0161ie upevnenie spolo\u010dnej obranyschopnosti. S\u00fa\u010dasne, v [&hellip;]","og_url":"https:\/\/www.smedemokrati.sk\/cs\/vyzva-premierovi-ficovi-aby-nerozbijal-jednotu-eu-a-nevetoval-spolocne-rozhodnutia\/","og_site_name":"Smedemokrati.sk","article_publisher":"https:\/\/www.facebook.com\/smedemokrati2023","article_published_time":"2025-03-04T13:39:29+00:00","article_modified_time":"2025-03-04T13:39:30+00:00","og_image":[{"width":1920,"height":1280,"url":"https:\/\/www.smedemokrati.sk\/wp-content\/uploads\/2024\/12\/DSC5564.jpg","type":"image\/jpeg"}],"author":"miro.sopko","twitter_card":"summary_large_image","twitter_misc":{"Napsal(a)":"miro.sopko","Odhadovan\u00e1 doba \u010dten\u00ed":"2 minuty"},"schema":{"@context":"https:\/\/schema.org","@graph":[{"@type":"Article","@id":"https:\/\/www.smedemokrati.sk\/vyzva-premierovi-ficovi-aby-nerozbijal-jednotu-eu-a-nevetoval-spolocne-rozhodnutia\/#article","isPartOf":{"@id":"https:\/\/www.smedemokrati.sk\/vyzva-premierovi-ficovi-aby-nerozbijal-jednotu-eu-a-nevetoval-spolocne-rozhodnutia\/"},"author":{"name":"miro.sopko","@id":"https:\/\/www.smedemokrati.sk\/#\/schema\/person\/21f147c88d605aa7ded900e1e7c344ba"},"headline":"V\u00fdzva premi\u00e9rovi Ficovi, aby nerozb\u00edjal jednotu E\u00da a nevetoval spolo\u010dn\u00e9 rozhodnutia","datePublished":"2025-03-04T13:39:29+00:00","dateModified":"2025-03-04T13:39:30+00:00","mainEntityOfPage":{"@id":"https:\/\/www.smedemokrati.sk\/vyzva-premierovi-ficovi-aby-nerozbijal-jednotu-eu-a-nevetoval-spolocne-rozhodnutia\/"},"wordCount":262,"publisher":{"@id":"https:\/\/www.smedemokrati.sk\/#organization"},"image":{"@id":"https:\/\/www.smedemokrati.sk\/vyzva-premierovi-ficovi-aby-nerozbijal-jednotu-eu-a-nevetoval-spolocne-rozhodnutia\/#primaryimage"},"thumbnailUrl":"https:\/\/www.smedemokrati.sk\/wp-content\/uploads\/2024\/12\/DSC5564.jpg","articleSection":["Tla\u010dov\u00e9 spr\u00e1vy"],"inLanguage":"cs-CZ"},{"@type":"WebPage","@id":"https:\/\/www.smedemokrati.sk\/vyzva-premierovi-ficovi-aby-nerozbijal-jednotu-eu-a-nevetoval-spolocne-rozhodnutia\/","url":"https:\/\/www.smedemokrati.sk\/vyzva-premierovi-ficovi-aby-nerozbijal-jednotu-eu-a-nevetoval-spolocne-rozhodnutia\/","name":"V\u00fdzva premi\u00e9rovi Ficovi, aby nerozb\u00edjal jednotu E\u00da a nevetoval spolo\u010dn\u00e9 rozhodnutia","isPartOf":{"@id":"https:\/\/www.smedemokrati.sk\/#website"},"primaryImageOfPage":{"@id":"https:\/\/www.smedemokrati.sk\/vyzva-premierovi-ficovi-aby-nerozbijal-jednotu-eu-a-nevetoval-spolocne-rozhodnutia\/#primaryimage"},"image":{"@id":"https:\/\/www.smedemokrati.sk\/vyzva-premierovi-ficovi-aby-nerozbijal-jednotu-eu-a-nevetoval-spolocne-rozhodnutia\/#primaryimage"},"thumbnailUrl":"https:\/\/www.smedemokrati.sk\/wp-content\/uploads\/2024\/12\/DSC5564.jpg","datePublished":"2025-03-04T13:39:29+00:00","dateModified":"2025-03-04T13:39:30+00:00","breadcrumb":{"@id":"https:\/\/www.smedemokrati.sk\/vyzva-premierovi-ficovi-aby-nerozbijal-jednotu-eu-a-nevetoval-spolocne-rozhodnutia\/#breadcrumb"},"inLanguage":"cs-CZ","potentialAction":[{"@type":"ReadAction","target":["https:\/\/www.smedemokrati.sk\/vyzva-premierovi-ficovi-aby-nerozbijal-jednotu-eu-a-nevetoval-spolocne-rozhodnutia\/"]}]},{"@type":"ImageObject","inLanguage":"cs-CZ","@id":"https:\/\/www.smedemokrati.sk\/vyzva-premierovi-ficovi-aby-nerozbijal-jednotu-eu-a-nevetoval-spolocne-rozhodnutia\/#primaryimage","url":"https:\/\/www.smedemokrati.sk\/wp-content\/uploads\/2024\/12\/DSC5564.jpg","contentUrl":"https:\/\/www.smedemokrati.sk\/wp-content\/uploads\/2024\/12\/DSC5564.jpg","width":1920,"height":1280},{"@type":"BreadcrumbList","@id":"https:\/\/www.smedemokrati.sk\/vyzva-premierovi-ficovi-aby-nerozbijal-jednotu-eu-a-nevetoval-spolocne-rozhodnutia\/#breadcrumb","itemListElement":[{"@type":"ListItem","position":1,"name":"Domovsk\u00e1 str\u00e1nka","item":"https:\/\/www.smedemokrati.sk\/"},{"@type":"ListItem","position":2,"name":"V\u00fdzva premi\u00e9rovi Ficovi, aby nerozb\u00edjal jednotu E\u00da a nevetoval spolo\u010dn\u00e9 rozhodnutia"}]},{"@type":"WebSite","@id":"https:\/\/www.smedemokrati.sk\/#website","url":"https:\/\/www.smedemokrati.sk\/","name":"Smedemokrati.sk","description":"Demokracia a slu\u0161nos\u0165 zv\u00ed\u0165az\u00ed","publisher":{"@id":"https:\/\/www.smedemokrati.sk\/#organization"},"potentialAction":[{"@type":"SearchAction","target":{"@type":"EntryPoint","urlTemplate":"https:\/\/www.smedemokrati.sk\/?s={search_term_string}"},"query-input":{"@type":"PropertyValueSpecification","valueRequired":true,"valueName":"search_term_string"}}],"inLanguage":"cs-CZ"},{"@type":"Organization","@id":"https:\/\/www.smedemokrati.sk\/#organization","name":"Smedemokrati.sk","url":"https:\/\/www.smedemokrati.sk\/","logo":{"@type":"ImageObject","inLanguage":"cs-CZ","@id":"https:\/\/www.smedemokrati.sk\/#\/schema\/logo\/image\/","url":"https:\/\/www.smedemokrati.sk\/wp-content\/uploads\/2023\/04\/ff.002.jpeg","contentUrl":"https:\/\/www.smedemokrati.sk\/wp-content\/uploads\/2023\/04\/ff.002.jpeg","width":640,"height":480,"caption":"Smedemokrati.sk"},"image":{"@id":"https:\/\/www.smedemokrati.sk\/#\/schema\/logo\/image\/"},"sameAs":["https:\/\/www.facebook.com\/smedemokrati2023"]},{"@type":"Person","@id":"https:\/\/www.smedemokrati.sk\/#\/schema\/person\/21f147c88d605aa7ded900e1e7c344ba","name":"miro.sopko","image":{"@type":"ImageObject","inLanguage":"cs-CZ","@id":"https:\/\/secure.gravatar.com\/avatar\/267e4a36f704376c109afe3a78740c1f5dd8675a2180a908699e7863c9247606?s=96&d=mm&r=g","url":"https:\/\/secure.gravatar.com\/avatar\/267e4a36f704376c109afe3a78740c1f5dd8675a2180a908699e7863c9247606?s=96&d=mm&r=g","contentUrl":"https:\/\/secure.gravatar.com\/avatar\/267e4a36f704376c109afe3a78740c1f5dd8675a2180a908699e7863c9247606?s=96&d=mm&r=g","caption":"miro.sopko"},"url":"https:\/\/www.smedemokrati.sk\/cs\/author\/miro-sopko\/"}]}},"_links":{"self":[{"href":"https:\/\/www.smedemokrati.sk\/cs\/wp-json\/wp\/v2\/posts\/6556","targetHints":{"allow":["GET"]}}],"collection":[{"href":"https:\/\/www.smedemokrati.sk\/cs\/wp-json\/wp\/v2\/posts"}],"about":[{"href":"https:\/\/www.smedemokrati.sk\/cs\/wp-json\/wp\/v2\/types\/post"}],"author":[{"embeddable":true,"href":"https:\/\/www.smedemokrati.sk\/cs\/wp-json\/wp\/v2\/users\/13"}],"replies":[{"embeddable":true,"href":"https:\/\/www.smedemokrati.sk\/cs\/wp-json\/wp\/v2\/comments?post=6556"}],"version-history":[{"count":1,"href":"https:\/\/www.smedemokrati.sk\/cs\/wp-json\/wp\/v2\/posts\/6556\/revisions"}],"predecessor-version":[{"id":6557,"href":"https:\/\/www.smedemokrati.sk\/cs\/wp-json\/wp\/v2\/posts\/6556\/revisions\/6557"}],"wp:featuredmedia":[{"embeddable":true,"href":"https:\/\/www.smedemokrati.sk\/cs\/wp-json\/wp\/v2\/media\/5943"}],"wp:attachment":[{"href":"https:\/\/www.smedemokrati.sk\/cs\/wp-json\/wp\/v2\/media?parent=6556"}],"wp:term":[{"taxonomy":"category","embeddable":true,"href":"https:\/\/www.smedemokrati.sk\/cs\/wp-json\/wp\/v2\/categories?post=6556"},{"taxonomy":"post_tag","embeddable":true,"href":"https:\/\/www.smedemokrati.sk\/cs\/wp-json\/wp\/v2\/tags?post=6556"}],"curies":[{"name":"wp","href":"https:\/\/api.w.org\/{rel}","templated":true}]}}