{"id":6454,"date":"2025-02-20T12:09:33","date_gmt":"2025-02-20T11:09:33","guid":{"rendered":"https:\/\/www.smedemokrati.sk\/?p=6454"},"modified":"2025-02-24T12:14:58","modified_gmt":"2025-02-24T11:14:58","slug":"predstavujeme-recnikov-na-spomienkovych-podujatiach","status":"publish","type":"post","link":"https:\/\/www.smedemokrati.sk\/cs\/predstavujeme-recnikov-na-spomienkovych-podujatiach\/","title":{"rendered":"Predstavujeme re\u010dn\u00edkov na spomienkov\u00fdch podujatiach"},"content":{"rendered":"<div id=\"fb-root\"><\/div>\n\n<p><strong>Na zhroma\u017edeniach, ktor\u00e9 organizuje strana Demokrati pri pr\u00edle\u017eitosti tragick\u00e9ho v\u00fdro\u010dia vra\u017edy J\u00e1na a Martiny a tie\u017e spomienky na vp\u00e1d rusk\u00fdch vojsk na Ukrajinu vyst\u00fapi Zlatica Ku\u0161n\u00edrov\u00e1, here\u010dka a diplomatka Magda V\u00e1\u0161aryov\u00e1, spev\u00e1k Allan Miku\u0161ek, exminister Rastislav K\u00e1\u010der, politol\u00f3g Alexander Duleba \u010di man\u017eelky policajtov, ktor\u00e9 zverejnili nahr\u00e1vku z chaty v \u010cif\u00e1roch.&nbsp;<\/strong><\/p>\n\n\n\n<p>Strana Demokrati organizuje sedem verejn\u00fdch zhroma\u017eden\u00ed,&nbsp;v piatok 21. febru\u00e1ra&nbsp;to bude v piatich slovensk\u00fdch mest\u00e1ch.&nbsp;<\/p>\n\n\n\n<p>V&nbsp;<strong>Galante&nbsp;<\/strong>vyst\u00fapi historik Patrik Dubovsk\u00fd, enviroexpert strany Michal Ki\u010da a \u010d\u00edta\u0165 bud\u00fa aj list od otca J\u00e1na Kuciaka a Zlatice Ku\u0161n\u00edrovej, matky zavra\u017edenej Martiny.&nbsp;<\/p>\n\n\n\n<p>V&nbsp;<strong>Skalici<\/strong>&nbsp;sa verejnosti prihovor\u00ed spolu\u017eiak J\u00e1na Kuciaka p. Bartal, country spev\u00e1k Allan Miku\u0161ek a s pr\u00edhovorom vyst\u00fapi aj predseda Demokratov Jaroslav Na\u010f.&nbsp;<\/p>\n\n\n\n<p>V&nbsp;<strong>Trebi\u0161ove<\/strong>&nbsp;sa na p\u00f3dium postav\u00ed ob\u010diansky aktivista Ivan Pavlov, redaktor Zempl\u00ednskeho dial\u00f3gu Marek Boka \u010di exminister hospod\u00e1rstva a \u010dlen predsedn\u00edctva Demokratov Karel Hirman a neurochirurg a krajsk\u00fd predseda strany za Ko\u0161ick\u00fd kraj Viliam Novotn\u00fd.&nbsp;<\/p>\n\n\n\n<p>Do&nbsp;<strong>Tren\u010d\u00edna<\/strong>&nbsp;za verejnos\u0165ou vycestuje expremi\u00e9r a podpredseda Demokratov Eduard Heger, exminister zahrani\u010dn\u00fdch vec\u00ed Rastislav K\u00e1\u010der a vyst\u00fapia aj man\u017eelky \u0161ikanovan\u00fdch policajtov, vr\u00e1tane krajskej predsedn\u00ed\u010dky strany Nat\u00e1lie Sv\u00edtkovej. O hudobn\u00fa \u010das\u0165 sa postar\u00e1 umelky\u0148a a \u010dlenka predsedn\u00edctva strany Dorota Nvotov\u00e1.&nbsp;<\/p>\n\n\n\n<p>V&nbsp;<strong>Partiz\u00e1nskom<\/strong>&nbsp;vyst\u00fapi napr\u00edklad u\u010dite\u013eka Denisa Penciarov\u00e1, z\u00e1stupcovia mlad\u00fdch Demokratov a \u010dlen predsedn\u00edctva strany Kristi\u00e1n \u010cechm\u00e1nek.<\/p>\n\n\n\n<p>V pondelok 24. Febru\u00e1ra&nbsp;si dve v\u00fdro\u010dia pripomen\u00fa aj v&nbsp;<strong>Pre\u0161ove<\/strong>, kde vyst\u00fapi matka zavra\u017edenej Martiny &#8211; Zlatica Ku\u0161n\u00edrov\u00e1, here\u010dka a diplomatka Magda V\u00e1\u0161aryov\u00e1, dokument\u00e1rny fotograf Andrej B\u00e1n, politol\u00f3g Alexander Duleba, historik Patrik Dubovsk\u00fd \u010di expremi\u00e9r Eduard Heger a krajsk\u00fd predseda strany Richard J\u00e1no\u0161.<\/p>\n\n\n\n<p>V&nbsp;<strong>Brezne&nbsp;<\/strong>sa verejnosti prihovor\u00ed Jaroslav Na\u010f a \u010fal\u0161\u00ed.<\/p>\n\n\n\n<p>Link na event:&nbsp;<a href=\"https:\/\/fb.me\/e\/2PI8RmLfb\" target=\"_blank\" rel=\"noreferrer noopener\">https:\/\/fb.me\/e\/2PI8RmLfb<\/a><\/p>\n","protected":false},"excerpt":{"rendered":"<p>Na zhroma\u017edeniach, ktor\u00e9 organizuje strana Demokrati pri pr\u00edle\u017eitosti tragick\u00e9ho v\u00fdro\u010dia vra\u017edy J\u00e1na a Martiny a tie\u017e spomienky na vp\u00e1d rusk\u00fdch vojsk na Ukrajinu vyst\u00fapi Zlatica Ku\u0161n\u00edrov\u00e1, here\u010dka a diplomatka Magda V\u00e1\u0161aryov\u00e1, spev\u00e1k Allan Miku\u0161ek, exminister Rastislav K\u00e1\u010der, politol\u00f3g Alexander Duleba \u010di man\u017eelky policajtov, ktor\u00e9 zverejnili nahr\u00e1vku z chaty v \u010cif\u00e1roch.&nbsp; Strana Demokrati organizuje sedem verejn\u00fdch [&hellip;]<\/p>\n","protected":false},"author":13,"featured_media":6444,"comment_status":"closed","ping_status":"closed","sticky":false,"template":"","format":"standard","meta":{"_acf_changed":false,"ngg_post_thumbnail":0,"footnotes":""},"categories":[4],"tags":[],"class_list":["post-6454","post","type-post","status-publish","format-standard","has-post-thumbnail","hentry","category-tlacove-spravy"],"acf":[],"yoast_head":"<!-- This site is optimized with the Yoast SEO plugin v27.2 - https:\/\/yoast.com\/product\/yoast-seo-wordpress\/ -->\n<title>Predstavujeme re\u010dn\u00edkov na spomienkov\u00fdch podujatiach<\/title>\n<meta name=\"robots\" content=\"index, follow, max-snippet:-1, max-image-preview:large, max-video-preview:-1\" \/>\n<link rel=\"canonical\" href=\"https:\/\/www.smedemokrati.sk\/cs\/predstavujeme-recnikov-na-spomienkovych-podujatiach\/\" \/>\n<meta property=\"og:locale\" content=\"cs_CZ\" \/>\n<meta property=\"og:locale:alternate\" content=\"en_US\" \/>\n<meta property=\"og:locale:alternate\" content=\"hu_HU\" \/>\n<meta property=\"og:locale:alternate\" content=\"sk_SK\" \/>\n<meta property=\"og:locale:alternate\" content=\"sv_SE\" \/>\n<meta property=\"og:type\" content=\"article\" \/>\n<meta property=\"og:title\" content=\"Predstavujeme re\u010dn\u00edkov na spomienkov\u00fdch podujatiach\" \/>\n<meta property=\"og:description\" content=\"Na zhroma\u017edeniach, ktor\u00e9 organizuje strana Demokrati pri pr\u00edle\u017eitosti tragick\u00e9ho v\u00fdro\u010dia vra\u017edy J\u00e1na a Martiny a tie\u017e spomienky na vp\u00e1d rusk\u00fdch vojsk na Ukrajinu vyst\u00fapi Zlatica Ku\u0161n\u00edrov\u00e1, here\u010dka a diplomatka Magda V\u00e1\u0161aryov\u00e1, spev\u00e1k Allan Miku\u0161ek, exminister Rastislav K\u00e1\u010der, politol\u00f3g Alexander Duleba \u010di man\u017eelky policajtov, ktor\u00e9 zverejnili nahr\u00e1vku z chaty v \u010cif\u00e1roch.&nbsp; Strana Demokrati organizuje sedem verejn\u00fdch [&hellip;]\" \/>\n<meta property=\"og:url\" content=\"https:\/\/www.smedemokrati.sk\/cs\/predstavujeme-recnikov-na-spomienkovych-podujatiach\/\" \/>\n<meta property=\"og:site_name\" content=\"Smedemokrati.sk\" \/>\n<meta property=\"article:publisher\" content=\"https:\/\/www.facebook.com\/smedemokrati2023\" \/>\n<meta property=\"article:published_time\" content=\"2025-02-20T11:09:33+00:00\" \/>\n<meta property=\"article:modified_time\" content=\"2025-02-24T11:14:58+00:00\" \/>\n<meta property=\"og:image\" content=\"https:\/\/www.smedemokrati.sk\/wp-content\/uploads\/2025\/02\/spomienka.jpg\" \/>\n\t<meta property=\"og:image:width\" content=\"960\" \/>\n\t<meta property=\"og:image:height\" content=\"502\" \/>\n\t<meta property=\"og:image:type\" content=\"image\/jpeg\" \/>\n<meta name=\"author\" content=\"miro.sopko\" \/>\n<meta name=\"twitter:card\" content=\"summary_large_image\" \/>\n<meta name=\"twitter:label1\" content=\"Napsal(a)\" \/>\n\t<meta name=\"twitter:data1\" content=\"miro.sopko\" \/>\n\t<meta name=\"twitter:label2\" content=\"Odhadovan\u00e1 doba \u010dten\u00ed\" \/>\n\t<meta name=\"twitter:data2\" content=\"2 minuty\" \/>\n<script type=\"application\/ld+json\" class=\"yoast-schema-graph\">{\"@context\":\"https:\/\/schema.org\",\"@graph\":[{\"@type\":\"Article\",\"@id\":\"https:\/\/www.smedemokrati.sk\/predstavujeme-recnikov-na-spomienkovych-podujatiach\/#article\",\"isPartOf\":{\"@id\":\"https:\/\/www.smedemokrati.sk\/predstavujeme-recnikov-na-spomienkovych-podujatiach\/\"},\"author\":{\"name\":\"miro.sopko\",\"@id\":\"https:\/\/www.smedemokrati.sk\/#\/schema\/person\/21f147c88d605aa7ded900e1e7c344ba\"},\"headline\":\"Predstavujeme re\u010dn\u00edkov na spomienkov\u00fdch podujatiach\",\"datePublished\":\"2025-02-20T11:09:33+00:00\",\"dateModified\":\"2025-02-24T11:14:58+00:00\",\"mainEntityOfPage\":{\"@id\":\"https:\/\/www.smedemokrati.sk\/predstavujeme-recnikov-na-spomienkovych-podujatiach\/\"},\"wordCount\":385,\"publisher\":{\"@id\":\"https:\/\/www.smedemokrati.sk\/#organization\"},\"image\":{\"@id\":\"https:\/\/www.smedemokrati.sk\/predstavujeme-recnikov-na-spomienkovych-podujatiach\/#primaryimage\"},\"thumbnailUrl\":\"https:\/\/www.smedemokrati.sk\/wp-content\/uploads\/2025\/02\/spomienka.jpg\",\"articleSection\":[\"Tla\u010dov\u00e9 spr\u00e1vy\"],\"inLanguage\":\"cs-CZ\"},{\"@type\":\"WebPage\",\"@id\":\"https:\/\/www.smedemokrati.sk\/predstavujeme-recnikov-na-spomienkovych-podujatiach\/\",\"url\":\"https:\/\/www.smedemokrati.sk\/predstavujeme-recnikov-na-spomienkovych-podujatiach\/\",\"name\":\"Predstavujeme re\u010dn\u00edkov na spomienkov\u00fdch podujatiach\",\"isPartOf\":{\"@id\":\"https:\/\/www.smedemokrati.sk\/#website\"},\"primaryImageOfPage\":{\"@id\":\"https:\/\/www.smedemokrati.sk\/predstavujeme-recnikov-na-spomienkovych-podujatiach\/#primaryimage\"},\"image\":{\"@id\":\"https:\/\/www.smedemokrati.sk\/predstavujeme-recnikov-na-spomienkovych-podujatiach\/#primaryimage\"},\"thumbnailUrl\":\"https:\/\/www.smedemokrati.sk\/wp-content\/uploads\/2025\/02\/spomienka.jpg\",\"datePublished\":\"2025-02-20T11:09:33+00:00\",\"dateModified\":\"2025-02-24T11:14:58+00:00\",\"breadcrumb\":{\"@id\":\"https:\/\/www.smedemokrati.sk\/predstavujeme-recnikov-na-spomienkovych-podujatiach\/#breadcrumb\"},\"inLanguage\":\"cs-CZ\",\"potentialAction\":[{\"@type\":\"ReadAction\",\"target\":[\"https:\/\/www.smedemokrati.sk\/predstavujeme-recnikov-na-spomienkovych-podujatiach\/\"]}]},{\"@type\":\"ImageObject\",\"inLanguage\":\"cs-CZ\",\"@id\":\"https:\/\/www.smedemokrati.sk\/predstavujeme-recnikov-na-spomienkovych-podujatiach\/#primaryimage\",\"url\":\"https:\/\/www.smedemokrati.sk\/wp-content\/uploads\/2025\/02\/spomienka.jpg\",\"contentUrl\":\"https:\/\/www.smedemokrati.sk\/wp-content\/uploads\/2025\/02\/spomienka.jpg\",\"width\":960,\"height\":502},{\"@type\":\"BreadcrumbList\",\"@id\":\"https:\/\/www.smedemokrati.sk\/predstavujeme-recnikov-na-spomienkovych-podujatiach\/#breadcrumb\",\"itemListElement\":[{\"@type\":\"ListItem\",\"position\":1,\"name\":\"Domovsk\u00e1 str\u00e1nka\",\"item\":\"https:\/\/www.smedemokrati.sk\/\"},{\"@type\":\"ListItem\",\"position\":2,\"name\":\"Predstavujeme re\u010dn\u00edkov na spomienkov\u00fdch podujatiach\"}]},{\"@type\":\"WebSite\",\"@id\":\"https:\/\/www.smedemokrati.sk\/#website\",\"url\":\"https:\/\/www.smedemokrati.sk\/\",\"name\":\"Smedemokrati.sk\",\"description\":\"Demokracia a slu\u0161nos\u0165 zv\u00ed\u0165az\u00ed\",\"publisher\":{\"@id\":\"https:\/\/www.smedemokrati.sk\/#organization\"},\"potentialAction\":[{\"@type\":\"SearchAction\",\"target\":{\"@type\":\"EntryPoint\",\"urlTemplate\":\"https:\/\/www.smedemokrati.sk\/?s={search_term_string}\"},\"query-input\":{\"@type\":\"PropertyValueSpecification\",\"valueRequired\":true,\"valueName\":\"search_term_string\"}}],\"inLanguage\":\"cs-CZ\"},{\"@type\":\"Organization\",\"@id\":\"https:\/\/www.smedemokrati.sk\/#organization\",\"name\":\"Smedemokrati.sk\",\"url\":\"https:\/\/www.smedemokrati.sk\/\",\"logo\":{\"@type\":\"ImageObject\",\"inLanguage\":\"cs-CZ\",\"@id\":\"https:\/\/www.smedemokrati.sk\/#\/schema\/logo\/image\/\",\"url\":\"https:\/\/www.smedemokrati.sk\/wp-content\/uploads\/2023\/04\/ff.002.jpeg\",\"contentUrl\":\"https:\/\/www.smedemokrati.sk\/wp-content\/uploads\/2023\/04\/ff.002.jpeg\",\"width\":640,\"height\":480,\"caption\":\"Smedemokrati.sk\"},\"image\":{\"@id\":\"https:\/\/www.smedemokrati.sk\/#\/schema\/logo\/image\/\"},\"sameAs\":[\"https:\/\/www.facebook.com\/smedemokrati2023\"]},{\"@type\":\"Person\",\"@id\":\"https:\/\/www.smedemokrati.sk\/#\/schema\/person\/21f147c88d605aa7ded900e1e7c344ba\",\"name\":\"miro.sopko\",\"image\":{\"@type\":\"ImageObject\",\"inLanguage\":\"cs-CZ\",\"@id\":\"https:\/\/secure.gravatar.com\/avatar\/267e4a36f704376c109afe3a78740c1f5dd8675a2180a908699e7863c9247606?s=96&d=mm&r=g\",\"url\":\"https:\/\/secure.gravatar.com\/avatar\/267e4a36f704376c109afe3a78740c1f5dd8675a2180a908699e7863c9247606?s=96&d=mm&r=g\",\"contentUrl\":\"https:\/\/secure.gravatar.com\/avatar\/267e4a36f704376c109afe3a78740c1f5dd8675a2180a908699e7863c9247606?s=96&d=mm&r=g\",\"caption\":\"miro.sopko\"},\"url\":\"https:\/\/www.smedemokrati.sk\/cs\/author\/miro-sopko\/\"}]}<\/script>\n<!-- \/ Yoast SEO plugin. -->","yoast_head_json":{"title":"Predstavujeme re\u010dn\u00edkov na spomienkov\u00fdch podujatiach","robots":{"index":"index","follow":"follow","max-snippet":"max-snippet:-1","max-image-preview":"max-image-preview:large","max-video-preview":"max-video-preview:-1"},"canonical":"https:\/\/www.smedemokrati.sk\/cs\/predstavujeme-recnikov-na-spomienkovych-podujatiach\/","og_locale":"cs_CZ","og_type":"article","og_title":"[:sk]Predstavujeme re\u010dn\u00edkov na spomienkov\u00fdch podujatiach[:] - Smedemokrati.sk","og_description":"Na zhroma\u017edeniach, ktor\u00e9 organizuje strana Demokrati pri pr\u00edle\u017eitosti tragick\u00e9ho v\u00fdro\u010dia vra\u017edy J\u00e1na a Martiny a tie\u017e spomienky na vp\u00e1d rusk\u00fdch vojsk na Ukrajinu vyst\u00fapi Zlatica Ku\u0161n\u00edrov\u00e1, here\u010dka a diplomatka Magda V\u00e1\u0161aryov\u00e1, spev\u00e1k Allan Miku\u0161ek, exminister Rastislav K\u00e1\u010der, politol\u00f3g Alexander Duleba \u010di man\u017eelky policajtov, ktor\u00e9 zverejnili nahr\u00e1vku z chaty v \u010cif\u00e1roch.&nbsp; Strana Demokrati organizuje sedem verejn\u00fdch [&hellip;]","og_url":"https:\/\/www.smedemokrati.sk\/cs\/predstavujeme-recnikov-na-spomienkovych-podujatiach\/","og_site_name":"Smedemokrati.sk","article_publisher":"https:\/\/www.facebook.com\/smedemokrati2023","article_published_time":"2025-02-20T11:09:33+00:00","article_modified_time":"2025-02-24T11:14:58+00:00","og_image":[{"width":960,"height":502,"url":"https:\/\/www.smedemokrati.sk\/wp-content\/uploads\/2025\/02\/spomienka.jpg","type":"image\/jpeg"}],"author":"miro.sopko","twitter_card":"summary_large_image","twitter_misc":{"Napsal(a)":"miro.sopko","Odhadovan\u00e1 doba \u010dten\u00ed":"2 minuty"},"schema":{"@context":"https:\/\/schema.org","@graph":[{"@type":"Article","@id":"https:\/\/www.smedemokrati.sk\/predstavujeme-recnikov-na-spomienkovych-podujatiach\/#article","isPartOf":{"@id":"https:\/\/www.smedemokrati.sk\/predstavujeme-recnikov-na-spomienkovych-podujatiach\/"},"author":{"name":"miro.sopko","@id":"https:\/\/www.smedemokrati.sk\/#\/schema\/person\/21f147c88d605aa7ded900e1e7c344ba"},"headline":"Predstavujeme re\u010dn\u00edkov na spomienkov\u00fdch podujatiach","datePublished":"2025-02-20T11:09:33+00:00","dateModified":"2025-02-24T11:14:58+00:00","mainEntityOfPage":{"@id":"https:\/\/www.smedemokrati.sk\/predstavujeme-recnikov-na-spomienkovych-podujatiach\/"},"wordCount":385,"publisher":{"@id":"https:\/\/www.smedemokrati.sk\/#organization"},"image":{"@id":"https:\/\/www.smedemokrati.sk\/predstavujeme-recnikov-na-spomienkovych-podujatiach\/#primaryimage"},"thumbnailUrl":"https:\/\/www.smedemokrati.sk\/wp-content\/uploads\/2025\/02\/spomienka.jpg","articleSection":["Tla\u010dov\u00e9 spr\u00e1vy"],"inLanguage":"cs-CZ"},{"@type":"WebPage","@id":"https:\/\/www.smedemokrati.sk\/predstavujeme-recnikov-na-spomienkovych-podujatiach\/","url":"https:\/\/www.smedemokrati.sk\/predstavujeme-recnikov-na-spomienkovych-podujatiach\/","name":"Predstavujeme re\u010dn\u00edkov na spomienkov\u00fdch podujatiach","isPartOf":{"@id":"https:\/\/www.smedemokrati.sk\/#website"},"primaryImageOfPage":{"@id":"https:\/\/www.smedemokrati.sk\/predstavujeme-recnikov-na-spomienkovych-podujatiach\/#primaryimage"},"image":{"@id":"https:\/\/www.smedemokrati.sk\/predstavujeme-recnikov-na-spomienkovych-podujatiach\/#primaryimage"},"thumbnailUrl":"https:\/\/www.smedemokrati.sk\/wp-content\/uploads\/2025\/02\/spomienka.jpg","datePublished":"2025-02-20T11:09:33+00:00","dateModified":"2025-02-24T11:14:58+00:00","breadcrumb":{"@id":"https:\/\/www.smedemokrati.sk\/predstavujeme-recnikov-na-spomienkovych-podujatiach\/#breadcrumb"},"inLanguage":"cs-CZ","potentialAction":[{"@type":"ReadAction","target":["https:\/\/www.smedemokrati.sk\/predstavujeme-recnikov-na-spomienkovych-podujatiach\/"]}]},{"@type":"ImageObject","inLanguage":"cs-CZ","@id":"https:\/\/www.smedemokrati.sk\/predstavujeme-recnikov-na-spomienkovych-podujatiach\/#primaryimage","url":"https:\/\/www.smedemokrati.sk\/wp-content\/uploads\/2025\/02\/spomienka.jpg","contentUrl":"https:\/\/www.smedemokrati.sk\/wp-content\/uploads\/2025\/02\/spomienka.jpg","width":960,"height":502},{"@type":"BreadcrumbList","@id":"https:\/\/www.smedemokrati.sk\/predstavujeme-recnikov-na-spomienkovych-podujatiach\/#breadcrumb","itemListElement":[{"@type":"ListItem","position":1,"name":"Domovsk\u00e1 str\u00e1nka","item":"https:\/\/www.smedemokrati.sk\/"},{"@type":"ListItem","position":2,"name":"Predstavujeme re\u010dn\u00edkov na spomienkov\u00fdch podujatiach"}]},{"@type":"WebSite","@id":"https:\/\/www.smedemokrati.sk\/#website","url":"https:\/\/www.smedemokrati.sk\/","name":"Smedemokrati.sk","description":"Demokracia a slu\u0161nos\u0165 zv\u00ed\u0165az\u00ed","publisher":{"@id":"https:\/\/www.smedemokrati.sk\/#organization"},"potentialAction":[{"@type":"SearchAction","target":{"@type":"EntryPoint","urlTemplate":"https:\/\/www.smedemokrati.sk\/?s={search_term_string}"},"query-input":{"@type":"PropertyValueSpecification","valueRequired":true,"valueName":"search_term_string"}}],"inLanguage":"cs-CZ"},{"@type":"Organization","@id":"https:\/\/www.smedemokrati.sk\/#organization","name":"Smedemokrati.sk","url":"https:\/\/www.smedemokrati.sk\/","logo":{"@type":"ImageObject","inLanguage":"cs-CZ","@id":"https:\/\/www.smedemokrati.sk\/#\/schema\/logo\/image\/","url":"https:\/\/www.smedemokrati.sk\/wp-content\/uploads\/2023\/04\/ff.002.jpeg","contentUrl":"https:\/\/www.smedemokrati.sk\/wp-content\/uploads\/2023\/04\/ff.002.jpeg","width":640,"height":480,"caption":"Smedemokrati.sk"},"image":{"@id":"https:\/\/www.smedemokrati.sk\/#\/schema\/logo\/image\/"},"sameAs":["https:\/\/www.facebook.com\/smedemokrati2023"]},{"@type":"Person","@id":"https:\/\/www.smedemokrati.sk\/#\/schema\/person\/21f147c88d605aa7ded900e1e7c344ba","name":"miro.sopko","image":{"@type":"ImageObject","inLanguage":"cs-CZ","@id":"https:\/\/secure.gravatar.com\/avatar\/267e4a36f704376c109afe3a78740c1f5dd8675a2180a908699e7863c9247606?s=96&d=mm&r=g","url":"https:\/\/secure.gravatar.com\/avatar\/267e4a36f704376c109afe3a78740c1f5dd8675a2180a908699e7863c9247606?s=96&d=mm&r=g","contentUrl":"https:\/\/secure.gravatar.com\/avatar\/267e4a36f704376c109afe3a78740c1f5dd8675a2180a908699e7863c9247606?s=96&d=mm&r=g","caption":"miro.sopko"},"url":"https:\/\/www.smedemokrati.sk\/cs\/author\/miro-sopko\/"}]}},"_links":{"self":[{"href":"https:\/\/www.smedemokrati.sk\/cs\/wp-json\/wp\/v2\/posts\/6454","targetHints":{"allow":["GET"]}}],"collection":[{"href":"https:\/\/www.smedemokrati.sk\/cs\/wp-json\/wp\/v2\/posts"}],"about":[{"href":"https:\/\/www.smedemokrati.sk\/cs\/wp-json\/wp\/v2\/types\/post"}],"author":[{"embeddable":true,"href":"https:\/\/www.smedemokrati.sk\/cs\/wp-json\/wp\/v2\/users\/13"}],"replies":[{"embeddable":true,"href":"https:\/\/www.smedemokrati.sk\/cs\/wp-json\/wp\/v2\/comments?post=6454"}],"version-history":[{"count":1,"href":"https:\/\/www.smedemokrati.sk\/cs\/wp-json\/wp\/v2\/posts\/6454\/revisions"}],"predecessor-version":[{"id":6455,"href":"https:\/\/www.smedemokrati.sk\/cs\/wp-json\/wp\/v2\/posts\/6454\/revisions\/6455"}],"wp:featuredmedia":[{"embeddable":true,"href":"https:\/\/www.smedemokrati.sk\/cs\/wp-json\/wp\/v2\/media\/6444"}],"wp:attachment":[{"href":"https:\/\/www.smedemokrati.sk\/cs\/wp-json\/wp\/v2\/media?parent=6454"}],"wp:term":[{"taxonomy":"category","embeddable":true,"href":"https:\/\/www.smedemokrati.sk\/cs\/wp-json\/wp\/v2\/categories?post=6454"},{"taxonomy":"post_tag","embeddable":true,"href":"https:\/\/www.smedemokrati.sk\/cs\/wp-json\/wp\/v2\/tags?post=6454"}],"curies":[{"name":"wp","href":"https:\/\/api.w.org\/{rel}","templated":true}]}}