{"id":6436,"date":"2025-02-18T14:45:54","date_gmt":"2025-02-18T13:45:54","guid":{"rendered":"https:\/\/www.smedemokrati.sk\/?p=6436"},"modified":"2025-02-18T14:45:55","modified_gmt":"2025-02-18T13:45:55","slug":"koalicia-zdeformovala-parlamentny-system-coho-sa-boja","status":"publish","type":"post","link":"https:\/\/www.smedemokrati.sk\/cs\/koalicia-zdeformovala-parlamentny-system-coho-sa-boja\/","title":{"rendered":"Koal\u00edcia zdeformovala parlamentn\u00fd syst\u00e9m, \u010doho sa boja?"},"content":{"rendered":"<div id=\"fb-root\"><\/div>\n\n<p><strong>Demokrati vy\u010d\u00edtaj\u00fa vl\u00e1dnej koal\u00edcii, \u017ee aj napriek opakovan\u00fdm s\u013eubom, \u017ee predstavitelia vl\u00e1dy s\u00fa ochotn\u00ed diskutova\u0165 s ob\u010danmi, relevantn\u00fdmi in\u0161tit\u00faciami a s opoz\u00edciou, blokuj\u00fa otvorenie v\u00fdborov a sch\u00f4dz\u00ed, kde by mohlo d\u00f4js\u0165 k riadnej diskusii. Parlament a vl\u00e1da s\u00fa ochromen\u00e9 a ministri Taraba s \u0160imkovi\u010dov\u00e1 zahmlievaj\u00fa opodstatnen\u00e9 d\u00f4vody na ich odvolanie.<\/strong><\/p>\n\n\n\n<p>Poslanec \u013dubom\u00edr Galko, ktor\u00fd so stranou spolupracuje hovor\u00ed, \u017ee koal\u00edcia odsabotovala dne\u0161n\u00fa sch\u00f4dzu na odvol\u00e1vanie ministrov:\u00a0<em>\u201eTaraba sa du\u0161oval, \u017ee sa ve\u013emi r\u00e1d postav\u00ed pred poslancov a sch\u00f4dzu vyu\u017eije na prezent\u00e1ciu v\u00fdsledkov na rezorte. Nestalo sa a ostalo pri re\u010diach. Tom\u00e1\u0161 Taraba tvrd\u00ed, \u017ee nevid\u00ed d\u00f4vod na jeho odvol\u00e1vanie, my sme ich na\u0161li hne\u010f vy\u0161e dvadsa\u0165,&#8220;\u00a0<\/em>hovor\u00ed \u013dubom\u00edr Galko a ako d\u00f4vody uv\u00e1dza napr\u00edklad odvolanie vy\u0161e stovky odborn\u00edkov, nesplnenie m\u00ed\u013enikov Pl\u00e1nu obnovy, \u0161kandal\u00f3zny z\u00e1mer vybudova\u0165 elektr\u00e1re\u0148 za 2,4 miliardy eur, \u010di viacer\u00e9 nehody \u0161t\u00e1tnych tajomn\u00edkov Kuffovcov, ktor\u00e9 boli sp\u00f4soben\u00e9 bu\u010f nad chr\u00e1nen\u00fdm \u00fazem\u00edm alebo na vozidle, ktor\u00e9 malo sl\u00fa\u017ei\u0165 vyslovene na pracovn\u00e9 \u00fa\u010dely.<\/p>\n\n\n\n<p><em>\u201eT\u00e1to koal\u00edcia sa c\u00edti tak bohorovne, \u017ee nechc\u00fa po\u010du\u0165 v\u00fdhrady k svojej \u010dinnosti. Ale p\u00fdtam sa verejne, m\u00e1te pocit, \u017ee sa na Slovensku za tejto vl\u00e1dy \u017eije lep\u0161ie? Dnes je op\u00e4\u0165 zapam\u00e4tate\u013en\u00fd de\u0148, kedy sa n\u00e1m vl\u00e1da smeje do tv\u00e1re. Pre\u010do ak s\u00fa ministri Taraba \u0160imkovi\u010dov\u00e1 tak\u00ed dobr\u00ed, pre\u010do sa za nich koal\u00edcia nepostav\u00ed?&#8220;\u00a0<\/em>Hovor\u00ed Juraj \u0160eliga a dod\u00e1va, \u017ee dne\u0161n\u00e9 odvol\u00e1vanie bolo skvelou pr\u00edle\u017eitos\u0165ou pre tzv. rebeluj\u00facich poslancov a tie\u017e skupinky okolo nespokojn\u00e9ho Huliaka, ktor\u00ed sa mohli postavi\u0165 za ob\u010danov, no namiesto toho si op\u00e4\u0165 vybrali cestu podpory koal\u00edcie, ktor\u00e1 nerie\u0161i ni\u010d in\u00e9, iba svoje poz\u00edcie.\u00a0<\/p>\n\n\n\n<p>Pod\u013ea Jaroslava Na\u010fa vl\u00e1da zneu\u017e\u00edva svoje postavenie a blokuje relevantn\u00e9 org\u00e1ny, ktor\u00fdmi mohla opoz\u00edcia kontrolova\u0165 vl\u00e1du:\u00a0<em>\u201eNeumo\u017e\u0148uj\u00fa uzn\u00e1\u0161aniaschopnos\u0165 v\u00fdborov, na ktor\u00fdch sa opoz\u00edcia m\u00e1 mo\u017enos\u0165 p\u00fdta\u0165, zis\u0165ova\u0165 podrobnosti ku jednotliv\u00fdm krokom vl\u00e1dy a argumentova\u0165. \u010eal\u0161ou alternat\u00edvou je kontrolova\u0165 vl\u00e1du v politick\u00fdch diskusi\u00e1ch. A \u010do robia? Bu\u010f id\u00fa do diskusie bez oponentov, alebo si vyberaj\u00fa tak\u00fdch s\u00faperov, ktor\u00ed nemaj\u00fa obsahov\u00fa expert\u00edzu. No a na z\u00e1ver blokuj\u00fa aj mimoriadne sch\u00f4dze, \u010do pova\u017eujem za vrchol arogancie. \u010coho sa boja, \u017ee nechc\u00fa diskutova\u0165?&#8220;<\/em><\/p>\n\n\n<div class=\"fb-video\" data-href=\"https:\/\/fb.watch\/xQcqVBsMHc\" data-allowfullscreen=\"true\" data-autoplay=\"false\" data-width=\"\" data-show-text=\"false\" data-show-captions=\"true\"><\/div>\n","protected":false},"excerpt":{"rendered":"<p>Demokrati vy\u010d\u00edtaj\u00fa vl\u00e1dnej koal\u00edcii, \u017ee aj napriek opakovan\u00fdm s\u013eubom, \u017ee predstavitelia vl\u00e1dy s\u00fa ochotn\u00ed diskutova\u0165 s ob\u010danmi, relevantn\u00fdmi in\u0161tit\u00faciami a s opoz\u00edciou, blokuj\u00fa otvorenie v\u00fdborov a sch\u00f4dz\u00ed, kde by mohlo d\u00f4js\u0165 k riadnej diskusii. Parlament a vl\u00e1da s\u00fa ochromen\u00e9 a ministri Taraba s \u0160imkovi\u010dov\u00e1 zahmlievaj\u00fa opodstatnen\u00e9 d\u00f4vody na ich odvolanie. Poslanec \u013dubom\u00edr Galko, ktor\u00fd so [&hellip;]<\/p>\n","protected":false},"author":13,"featured_media":6437,"comment_status":"closed","ping_status":"closed","sticky":false,"template":"","format":"standard","meta":{"_acf_changed":false,"ngg_post_thumbnail":0,"footnotes":""},"categories":[4],"tags":[],"class_list":["post-6436","post","type-post","status-publish","format-standard","has-post-thumbnail","hentry","category-tlacove-spravy"],"acf":[],"yoast_head":"<!-- This site is optimized with the Yoast SEO plugin v27.2 - https:\/\/yoast.com\/product\/yoast-seo-wordpress\/ -->\n<title>Koal\u00edcia zdeformovala parlamentn\u00fd syst\u00e9m, \u010doho sa boja?<\/title>\n<meta name=\"robots\" content=\"index, follow, max-snippet:-1, max-image-preview:large, max-video-preview:-1\" \/>\n<link rel=\"canonical\" href=\"https:\/\/www.smedemokrati.sk\/cs\/koalicia-zdeformovala-parlamentny-system-coho-sa-boja\/\" \/>\n<meta property=\"og:locale\" content=\"cs_CZ\" \/>\n<meta property=\"og:locale:alternate\" content=\"en_US\" \/>\n<meta property=\"og:locale:alternate\" content=\"hu_HU\" \/>\n<meta property=\"og:locale:alternate\" content=\"sk_SK\" \/>\n<meta property=\"og:locale:alternate\" content=\"sv_SE\" \/>\n<meta property=\"og:type\" content=\"article\" \/>\n<meta property=\"og:title\" content=\"Koal\u00edcia zdeformovala parlamentn\u00fd syst\u00e9m, \u010doho sa boja?\" \/>\n<meta property=\"og:description\" content=\"Demokrati vy\u010d\u00edtaj\u00fa vl\u00e1dnej koal\u00edcii, \u017ee aj napriek opakovan\u00fdm s\u013eubom, \u017ee predstavitelia vl\u00e1dy s\u00fa ochotn\u00ed diskutova\u0165 s ob\u010danmi, relevantn\u00fdmi in\u0161tit\u00faciami a s opoz\u00edciou, blokuj\u00fa otvorenie v\u00fdborov a sch\u00f4dz\u00ed, kde by mohlo d\u00f4js\u0165 k riadnej diskusii. Parlament a vl\u00e1da s\u00fa ochromen\u00e9 a ministri Taraba s \u0160imkovi\u010dov\u00e1 zahmlievaj\u00fa opodstatnen\u00e9 d\u00f4vody na ich odvolanie. Poslanec \u013dubom\u00edr Galko, ktor\u00fd so [&hellip;]\" \/>\n<meta property=\"og:url\" content=\"https:\/\/www.smedemokrati.sk\/cs\/koalicia-zdeformovala-parlamentny-system-coho-sa-boja\/\" \/>\n<meta property=\"og:site_name\" content=\"Smedemokrati.sk\" \/>\n<meta property=\"article:publisher\" content=\"https:\/\/www.facebook.com\/smedemokrati2023\" \/>\n<meta property=\"article:published_time\" content=\"2025-02-18T13:45:54+00:00\" \/>\n<meta property=\"article:modified_time\" content=\"2025-02-18T13:45:55+00:00\" \/>\n<meta property=\"og:image\" content=\"https:\/\/www.smedemokrati.sk\/wp-content\/uploads\/2025\/02\/koalicia_zdeformovala_politicky_system.jpg\" \/>\n\t<meta property=\"og:image:width\" content=\"699\" \/>\n\t<meta property=\"og:image:height\" content=\"438\" \/>\n\t<meta property=\"og:image:type\" content=\"image\/jpeg\" \/>\n<meta name=\"author\" content=\"miro.sopko\" \/>\n<meta name=\"twitter:card\" content=\"summary_large_image\" \/>\n<meta name=\"twitter:label1\" content=\"Napsal(a)\" \/>\n\t<meta name=\"twitter:data1\" content=\"miro.sopko\" \/>\n\t<meta name=\"twitter:label2\" content=\"Odhadovan\u00e1 doba \u010dten\u00ed\" \/>\n\t<meta name=\"twitter:data2\" content=\"2 minuty\" \/>\n<script type=\"application\/ld+json\" class=\"yoast-schema-graph\">{\"@context\":\"https:\/\/schema.org\",\"@graph\":[{\"@type\":\"Article\",\"@id\":\"https:\/\/www.smedemokrati.sk\/koalicia-zdeformovala-parlamentny-system-coho-sa-boja\/#article\",\"isPartOf\":{\"@id\":\"https:\/\/www.smedemokrati.sk\/koalicia-zdeformovala-parlamentny-system-coho-sa-boja\/\"},\"author\":{\"name\":\"miro.sopko\",\"@id\":\"https:\/\/www.smedemokrati.sk\/#\/schema\/person\/21f147c88d605aa7ded900e1e7c344ba\"},\"headline\":\"Koal\u00edcia zdeformovala parlamentn\u00fd syst\u00e9m, \u010doho sa boja?\",\"datePublished\":\"2025-02-18T13:45:54+00:00\",\"dateModified\":\"2025-02-18T13:45:55+00:00\",\"mainEntityOfPage\":{\"@id\":\"https:\/\/www.smedemokrati.sk\/koalicia-zdeformovala-parlamentny-system-coho-sa-boja\/\"},\"wordCount\":458,\"publisher\":{\"@id\":\"https:\/\/www.smedemokrati.sk\/#organization\"},\"image\":{\"@id\":\"https:\/\/www.smedemokrati.sk\/koalicia-zdeformovala-parlamentny-system-coho-sa-boja\/#primaryimage\"},\"thumbnailUrl\":\"https:\/\/www.smedemokrati.sk\/wp-content\/uploads\/2025\/02\/koalicia_zdeformovala_politicky_system.jpg\",\"articleSection\":[\"Tla\u010dov\u00e9 spr\u00e1vy\"],\"inLanguage\":\"cs-CZ\"},{\"@type\":\"WebPage\",\"@id\":\"https:\/\/www.smedemokrati.sk\/koalicia-zdeformovala-parlamentny-system-coho-sa-boja\/\",\"url\":\"https:\/\/www.smedemokrati.sk\/koalicia-zdeformovala-parlamentny-system-coho-sa-boja\/\",\"name\":\"Koal\u00edcia zdeformovala parlamentn\u00fd syst\u00e9m, \u010doho sa boja?\",\"isPartOf\":{\"@id\":\"https:\/\/www.smedemokrati.sk\/#website\"},\"primaryImageOfPage\":{\"@id\":\"https:\/\/www.smedemokrati.sk\/koalicia-zdeformovala-parlamentny-system-coho-sa-boja\/#primaryimage\"},\"image\":{\"@id\":\"https:\/\/www.smedemokrati.sk\/koalicia-zdeformovala-parlamentny-system-coho-sa-boja\/#primaryimage\"},\"thumbnailUrl\":\"https:\/\/www.smedemokrati.sk\/wp-content\/uploads\/2025\/02\/koalicia_zdeformovala_politicky_system.jpg\",\"datePublished\":\"2025-02-18T13:45:54+00:00\",\"dateModified\":\"2025-02-18T13:45:55+00:00\",\"breadcrumb\":{\"@id\":\"https:\/\/www.smedemokrati.sk\/koalicia-zdeformovala-parlamentny-system-coho-sa-boja\/#breadcrumb\"},\"inLanguage\":\"cs-CZ\",\"potentialAction\":[{\"@type\":\"ReadAction\",\"target\":[\"https:\/\/www.smedemokrati.sk\/koalicia-zdeformovala-parlamentny-system-coho-sa-boja\/\"]}]},{\"@type\":\"ImageObject\",\"inLanguage\":\"cs-CZ\",\"@id\":\"https:\/\/www.smedemokrati.sk\/koalicia-zdeformovala-parlamentny-system-coho-sa-boja\/#primaryimage\",\"url\":\"https:\/\/www.smedemokrati.sk\/wp-content\/uploads\/2025\/02\/koalicia_zdeformovala_politicky_system.jpg\",\"contentUrl\":\"https:\/\/www.smedemokrati.sk\/wp-content\/uploads\/2025\/02\/koalicia_zdeformovala_politicky_system.jpg\",\"width\":699,\"height\":438},{\"@type\":\"BreadcrumbList\",\"@id\":\"https:\/\/www.smedemokrati.sk\/koalicia-zdeformovala-parlamentny-system-coho-sa-boja\/#breadcrumb\",\"itemListElement\":[{\"@type\":\"ListItem\",\"position\":1,\"name\":\"Domovsk\u00e1 str\u00e1nka\",\"item\":\"https:\/\/www.smedemokrati.sk\/\"},{\"@type\":\"ListItem\",\"position\":2,\"name\":\"Koal\u00edcia zdeformovala parlamentn\u00fd syst\u00e9m, \u010doho sa boja?\"}]},{\"@type\":\"WebSite\",\"@id\":\"https:\/\/www.smedemokrati.sk\/#website\",\"url\":\"https:\/\/www.smedemokrati.sk\/\",\"name\":\"Smedemokrati.sk\",\"description\":\"Demokracia a slu\u0161nos\u0165 zv\u00ed\u0165az\u00ed\",\"publisher\":{\"@id\":\"https:\/\/www.smedemokrati.sk\/#organization\"},\"potentialAction\":[{\"@type\":\"SearchAction\",\"target\":{\"@type\":\"EntryPoint\",\"urlTemplate\":\"https:\/\/www.smedemokrati.sk\/?s={search_term_string}\"},\"query-input\":{\"@type\":\"PropertyValueSpecification\",\"valueRequired\":true,\"valueName\":\"search_term_string\"}}],\"inLanguage\":\"cs-CZ\"},{\"@type\":\"Organization\",\"@id\":\"https:\/\/www.smedemokrati.sk\/#organization\",\"name\":\"Smedemokrati.sk\",\"url\":\"https:\/\/www.smedemokrati.sk\/\",\"logo\":{\"@type\":\"ImageObject\",\"inLanguage\":\"cs-CZ\",\"@id\":\"https:\/\/www.smedemokrati.sk\/#\/schema\/logo\/image\/\",\"url\":\"https:\/\/www.smedemokrati.sk\/wp-content\/uploads\/2023\/04\/ff.002.jpeg\",\"contentUrl\":\"https:\/\/www.smedemokrati.sk\/wp-content\/uploads\/2023\/04\/ff.002.jpeg\",\"width\":640,\"height\":480,\"caption\":\"Smedemokrati.sk\"},\"image\":{\"@id\":\"https:\/\/www.smedemokrati.sk\/#\/schema\/logo\/image\/\"},\"sameAs\":[\"https:\/\/www.facebook.com\/smedemokrati2023\"]},{\"@type\":\"Person\",\"@id\":\"https:\/\/www.smedemokrati.sk\/#\/schema\/person\/21f147c88d605aa7ded900e1e7c344ba\",\"name\":\"miro.sopko\",\"image\":{\"@type\":\"ImageObject\",\"inLanguage\":\"cs-CZ\",\"@id\":\"https:\/\/secure.gravatar.com\/avatar\/267e4a36f704376c109afe3a78740c1f5dd8675a2180a908699e7863c9247606?s=96&d=mm&r=g\",\"url\":\"https:\/\/secure.gravatar.com\/avatar\/267e4a36f704376c109afe3a78740c1f5dd8675a2180a908699e7863c9247606?s=96&d=mm&r=g\",\"contentUrl\":\"https:\/\/secure.gravatar.com\/avatar\/267e4a36f704376c109afe3a78740c1f5dd8675a2180a908699e7863c9247606?s=96&d=mm&r=g\",\"caption\":\"miro.sopko\"},\"url\":\"https:\/\/www.smedemokrati.sk\/cs\/author\/miro-sopko\/\"}]}<\/script>\n<!-- \/ Yoast SEO plugin. -->","yoast_head_json":{"title":"Koal\u00edcia zdeformovala parlamentn\u00fd syst\u00e9m, \u010doho sa boja?","robots":{"index":"index","follow":"follow","max-snippet":"max-snippet:-1","max-image-preview":"max-image-preview:large","max-video-preview":"max-video-preview:-1"},"canonical":"https:\/\/www.smedemokrati.sk\/cs\/koalicia-zdeformovala-parlamentny-system-coho-sa-boja\/","og_locale":"cs_CZ","og_type":"article","og_title":"[:sk]Koal\u00edcia zdeformovala parlamentn\u00fd syst\u00e9m, \u010doho sa boja?[:] - Smedemokrati.sk","og_description":"Demokrati vy\u010d\u00edtaj\u00fa vl\u00e1dnej koal\u00edcii, \u017ee aj napriek opakovan\u00fdm s\u013eubom, \u017ee predstavitelia vl\u00e1dy s\u00fa ochotn\u00ed diskutova\u0165 s ob\u010danmi, relevantn\u00fdmi in\u0161tit\u00faciami a s opoz\u00edciou, blokuj\u00fa otvorenie v\u00fdborov a sch\u00f4dz\u00ed, kde by mohlo d\u00f4js\u0165 k riadnej diskusii. Parlament a vl\u00e1da s\u00fa ochromen\u00e9 a ministri Taraba s \u0160imkovi\u010dov\u00e1 zahmlievaj\u00fa opodstatnen\u00e9 d\u00f4vody na ich odvolanie. Poslanec \u013dubom\u00edr Galko, ktor\u00fd so [&hellip;]","og_url":"https:\/\/www.smedemokrati.sk\/cs\/koalicia-zdeformovala-parlamentny-system-coho-sa-boja\/","og_site_name":"Smedemokrati.sk","article_publisher":"https:\/\/www.facebook.com\/smedemokrati2023","article_published_time":"2025-02-18T13:45:54+00:00","article_modified_time":"2025-02-18T13:45:55+00:00","og_image":[{"width":699,"height":438,"url":"https:\/\/www.smedemokrati.sk\/wp-content\/uploads\/2025\/02\/koalicia_zdeformovala_politicky_system.jpg","type":"image\/jpeg"}],"author":"miro.sopko","twitter_card":"summary_large_image","twitter_misc":{"Napsal(a)":"miro.sopko","Odhadovan\u00e1 doba \u010dten\u00ed":"2 minuty"},"schema":{"@context":"https:\/\/schema.org","@graph":[{"@type":"Article","@id":"https:\/\/www.smedemokrati.sk\/koalicia-zdeformovala-parlamentny-system-coho-sa-boja\/#article","isPartOf":{"@id":"https:\/\/www.smedemokrati.sk\/koalicia-zdeformovala-parlamentny-system-coho-sa-boja\/"},"author":{"name":"miro.sopko","@id":"https:\/\/www.smedemokrati.sk\/#\/schema\/person\/21f147c88d605aa7ded900e1e7c344ba"},"headline":"Koal\u00edcia zdeformovala parlamentn\u00fd syst\u00e9m, \u010doho sa boja?","datePublished":"2025-02-18T13:45:54+00:00","dateModified":"2025-02-18T13:45:55+00:00","mainEntityOfPage":{"@id":"https:\/\/www.smedemokrati.sk\/koalicia-zdeformovala-parlamentny-system-coho-sa-boja\/"},"wordCount":458,"publisher":{"@id":"https:\/\/www.smedemokrati.sk\/#organization"},"image":{"@id":"https:\/\/www.smedemokrati.sk\/koalicia-zdeformovala-parlamentny-system-coho-sa-boja\/#primaryimage"},"thumbnailUrl":"https:\/\/www.smedemokrati.sk\/wp-content\/uploads\/2025\/02\/koalicia_zdeformovala_politicky_system.jpg","articleSection":["Tla\u010dov\u00e9 spr\u00e1vy"],"inLanguage":"cs-CZ"},{"@type":"WebPage","@id":"https:\/\/www.smedemokrati.sk\/koalicia-zdeformovala-parlamentny-system-coho-sa-boja\/","url":"https:\/\/www.smedemokrati.sk\/koalicia-zdeformovala-parlamentny-system-coho-sa-boja\/","name":"Koal\u00edcia zdeformovala parlamentn\u00fd syst\u00e9m, \u010doho sa boja?","isPartOf":{"@id":"https:\/\/www.smedemokrati.sk\/#website"},"primaryImageOfPage":{"@id":"https:\/\/www.smedemokrati.sk\/koalicia-zdeformovala-parlamentny-system-coho-sa-boja\/#primaryimage"},"image":{"@id":"https:\/\/www.smedemokrati.sk\/koalicia-zdeformovala-parlamentny-system-coho-sa-boja\/#primaryimage"},"thumbnailUrl":"https:\/\/www.smedemokrati.sk\/wp-content\/uploads\/2025\/02\/koalicia_zdeformovala_politicky_system.jpg","datePublished":"2025-02-18T13:45:54+00:00","dateModified":"2025-02-18T13:45:55+00:00","breadcrumb":{"@id":"https:\/\/www.smedemokrati.sk\/koalicia-zdeformovala-parlamentny-system-coho-sa-boja\/#breadcrumb"},"inLanguage":"cs-CZ","potentialAction":[{"@type":"ReadAction","target":["https:\/\/www.smedemokrati.sk\/koalicia-zdeformovala-parlamentny-system-coho-sa-boja\/"]}]},{"@type":"ImageObject","inLanguage":"cs-CZ","@id":"https:\/\/www.smedemokrati.sk\/koalicia-zdeformovala-parlamentny-system-coho-sa-boja\/#primaryimage","url":"https:\/\/www.smedemokrati.sk\/wp-content\/uploads\/2025\/02\/koalicia_zdeformovala_politicky_system.jpg","contentUrl":"https:\/\/www.smedemokrati.sk\/wp-content\/uploads\/2025\/02\/koalicia_zdeformovala_politicky_system.jpg","width":699,"height":438},{"@type":"BreadcrumbList","@id":"https:\/\/www.smedemokrati.sk\/koalicia-zdeformovala-parlamentny-system-coho-sa-boja\/#breadcrumb","itemListElement":[{"@type":"ListItem","position":1,"name":"Domovsk\u00e1 str\u00e1nka","item":"https:\/\/www.smedemokrati.sk\/"},{"@type":"ListItem","position":2,"name":"Koal\u00edcia zdeformovala parlamentn\u00fd syst\u00e9m, \u010doho sa boja?"}]},{"@type":"WebSite","@id":"https:\/\/www.smedemokrati.sk\/#website","url":"https:\/\/www.smedemokrati.sk\/","name":"Smedemokrati.sk","description":"Demokracia a slu\u0161nos\u0165 zv\u00ed\u0165az\u00ed","publisher":{"@id":"https:\/\/www.smedemokrati.sk\/#organization"},"potentialAction":[{"@type":"SearchAction","target":{"@type":"EntryPoint","urlTemplate":"https:\/\/www.smedemokrati.sk\/?s={search_term_string}"},"query-input":{"@type":"PropertyValueSpecification","valueRequired":true,"valueName":"search_term_string"}}],"inLanguage":"cs-CZ"},{"@type":"Organization","@id":"https:\/\/www.smedemokrati.sk\/#organization","name":"Smedemokrati.sk","url":"https:\/\/www.smedemokrati.sk\/","logo":{"@type":"ImageObject","inLanguage":"cs-CZ","@id":"https:\/\/www.smedemokrati.sk\/#\/schema\/logo\/image\/","url":"https:\/\/www.smedemokrati.sk\/wp-content\/uploads\/2023\/04\/ff.002.jpeg","contentUrl":"https:\/\/www.smedemokrati.sk\/wp-content\/uploads\/2023\/04\/ff.002.jpeg","width":640,"height":480,"caption":"Smedemokrati.sk"},"image":{"@id":"https:\/\/www.smedemokrati.sk\/#\/schema\/logo\/image\/"},"sameAs":["https:\/\/www.facebook.com\/smedemokrati2023"]},{"@type":"Person","@id":"https:\/\/www.smedemokrati.sk\/#\/schema\/person\/21f147c88d605aa7ded900e1e7c344ba","name":"miro.sopko","image":{"@type":"ImageObject","inLanguage":"cs-CZ","@id":"https:\/\/secure.gravatar.com\/avatar\/267e4a36f704376c109afe3a78740c1f5dd8675a2180a908699e7863c9247606?s=96&d=mm&r=g","url":"https:\/\/secure.gravatar.com\/avatar\/267e4a36f704376c109afe3a78740c1f5dd8675a2180a908699e7863c9247606?s=96&d=mm&r=g","contentUrl":"https:\/\/secure.gravatar.com\/avatar\/267e4a36f704376c109afe3a78740c1f5dd8675a2180a908699e7863c9247606?s=96&d=mm&r=g","caption":"miro.sopko"},"url":"https:\/\/www.smedemokrati.sk\/cs\/author\/miro-sopko\/"}]}},"_links":{"self":[{"href":"https:\/\/www.smedemokrati.sk\/cs\/wp-json\/wp\/v2\/posts\/6436","targetHints":{"allow":["GET"]}}],"collection":[{"href":"https:\/\/www.smedemokrati.sk\/cs\/wp-json\/wp\/v2\/posts"}],"about":[{"href":"https:\/\/www.smedemokrati.sk\/cs\/wp-json\/wp\/v2\/types\/post"}],"author":[{"embeddable":true,"href":"https:\/\/www.smedemokrati.sk\/cs\/wp-json\/wp\/v2\/users\/13"}],"replies":[{"embeddable":true,"href":"https:\/\/www.smedemokrati.sk\/cs\/wp-json\/wp\/v2\/comments?post=6436"}],"version-history":[{"count":1,"href":"https:\/\/www.smedemokrati.sk\/cs\/wp-json\/wp\/v2\/posts\/6436\/revisions"}],"predecessor-version":[{"id":6438,"href":"https:\/\/www.smedemokrati.sk\/cs\/wp-json\/wp\/v2\/posts\/6436\/revisions\/6438"}],"wp:featuredmedia":[{"embeddable":true,"href":"https:\/\/www.smedemokrati.sk\/cs\/wp-json\/wp\/v2\/media\/6437"}],"wp:attachment":[{"href":"https:\/\/www.smedemokrati.sk\/cs\/wp-json\/wp\/v2\/media?parent=6436"}],"wp:term":[{"taxonomy":"category","embeddable":true,"href":"https:\/\/www.smedemokrati.sk\/cs\/wp-json\/wp\/v2\/categories?post=6436"},{"taxonomy":"post_tag","embeddable":true,"href":"https:\/\/www.smedemokrati.sk\/cs\/wp-json\/wp\/v2\/tags?post=6436"}],"curies":[{"name":"wp","href":"https:\/\/api.w.org\/{rel}","templated":true}]}}