{"id":6394,"date":"2025-02-14T17:53:40","date_gmt":"2025-02-14T16:53:40","guid":{"rendered":"https:\/\/www.smedemokrati.sk\/?p=6394"},"modified":"2025-02-14T18:13:02","modified_gmt":"2025-02-14T17:13:02","slug":"vlada-ustedrila-rodicom-dvojitu-ranu-navrhujeme-superodpocet-ktory-im-usetri-stovky-eur","status":"publish","type":"post","link":"https:\/\/www.smedemokrati.sk\/cs\/vlada-ustedrila-rodicom-dvojitu-ranu-navrhujeme-superodpocet-ktory-im-usetri-stovky-eur\/","title":{"rendered":"Vl\u00e1da u\u0161tedrila rodi\u010dom dvojit\u00fa ranu, navrhujeme superodpo\u010det, ktor\u00fd im u\u0161etr\u00ed stovky eur"},"content":{"rendered":"<div id=\"fb-root\"><\/div>\n\n<p><strong>Demokrati navrhuj\u00fa, aby si rodiny s de\u0165mi mohli odpo\u010d\u00edta\u0165 z da\u0148ov\u00e9ho z\u00e1kladu v\u00fddavky na kr\u00fa\u017eky, vzdel\u00e1vanie \u010di \u0161port. Pod\u013ea strany toti\u017e vl\u00e1da u\u0161tedrila rodin\u00e1m dvojit\u00fa ranu, a to v podobe drastick\u00e9ho zn\u00ed\u017eenia da\u0148ov\u00e9ho bonusu a n\u00e1rastu \u017eivotn\u00fdch n\u00e1kladov. <\/strong><\/p>\n\n\n\n<p><em>\u201eVl\u00e1da Roberta Fica trest\u00e1 rodi\u010dov, ktor\u00ed sa staraj\u00fa o svoje deti a investuj\u00fa do ich bud\u00facnosti. Namiesto podpory rod\u00edn ich pripravuje o stovky eur ro\u010dne.&#8220;<\/em> Otv\u00e1ra t\u00e9mu b\u00fdval\u00fd predseda vl\u00e1dy Eduard Heger a r\u00e1ta, \u017ee rodina s de\u0165mi, ktor\u00e9 maj\u00fa od 15 a\u017e 18 rokov pre kroky s\u00fa\u010dasnej vl\u00e1dy m\u00f4\u017eu pr\u00eds\u0165 aj o 3 240 eur ro\u010dne.<\/p>\n\n\n\n<p>Demokrati kritizuj\u00fa n\u00e1rast \u017eivotn\u00fdch n\u00e1kladov, preto\u017ee rodi\u010dia platia viac za \u0161koln\u00e9, cestovanie aj zdravotn\u00fa starostlivos\u0165: <em>\u201eKa\u017ed\u00e9 die\u0165a stoj\u00ed dnes viac, no vl\u00e1da im namiesto pomoci berie peniaze, ktor\u00e9 by mohli investova\u0165 do ich vzdelania a rozvoja.&#8220;<\/em> Hovor\u00ed Michal Pavl\u00edk, ktor\u00fd je s\u00fa\u010das\u0165ou pracovnej skupiny Demokratov pre ekonomiku. <\/p>\n\n\n\n<p>Strana navrhuje, aby si rodiny s de\u0165mi mohli odpo\u010d\u00edta\u0165 z da\u0148ov\u00e9ho z\u00e1kladu v\u00fddavky na kr\u00fa\u017eky, vzdel\u00e1vanie \u010di \u0161port: <em>\u201eRodi\u010dia by si pod\u013ea n\u00e1\u0161ho n\u00e1vrhu mohli na deti do 15 rokov odpo\u010d\u00edta\u0165 z da\u0148ov\u00e9ho z\u00e1kladu 480 eur ro\u010dne, na deti od 15 do 18 rokov by to bolo 1 080 eur a nad 18 rokov hovor\u00edme o 600 eur\u00e1ch. Tento rodinn\u00fd superodpo\u010det je cestou ako m\u00f4\u017eeme rodiny podpori\u0165 a z\u00e1rove\u0148 investova\u0165 do bud\u00facnosti krajiny.&#8220;<\/em> Hovor\u00ed podpredseda Demokratov Eduard Heger.<\/p>\n\n\n\n<p>Pod\u013ea strany by superodpo\u010det predstavoval v\u00e4\u010d\u0161iu da\u0148ov\u00fa \u00fa\u013eavu pre rodiny, kvalitnej\u0161ie a dostupnej\u0161ie mimo\u0161kolsk\u00e9 aktivity a viedlo by to k posilneniu ekonomiky.<\/p>\n\n\n<div class=\"fb-video\" data-href=\"https:\/\/www.facebook.com\/smedemokrati2023\/videos\/632766229609036\" data-allowfullscreen=\"true\" data-autoplay=\"false\" data-width=\"\" data-show-text=\"false\" data-show-captions=\"true\"><\/div>\n","protected":false},"excerpt":{"rendered":"<p>Demokrati navrhuj\u00fa, aby si rodiny s de\u0165mi mohli odpo\u010d\u00edta\u0165 z da\u0148ov\u00e9ho z\u00e1kladu v\u00fddavky na kr\u00fa\u017eky, vzdel\u00e1vanie \u010di \u0161port. Pod\u013ea strany toti\u017e vl\u00e1da u\u0161tedrila rodin\u00e1m dvojit\u00fa ranu, a to v podobe drastick\u00e9ho zn\u00ed\u017eenia da\u0148ov\u00e9ho bonusu a n\u00e1rastu \u017eivotn\u00fdch n\u00e1kladov. \u201eVl\u00e1da Roberta Fica trest\u00e1 rodi\u010dov, ktor\u00ed sa staraj\u00fa o svoje deti a investuj\u00fa do ich bud\u00facnosti. Namiesto [&hellip;]<\/p>\n","protected":false},"author":13,"featured_media":6398,"comment_status":"closed","ping_status":"closed","sticky":false,"template":"","format":"standard","meta":{"_acf_changed":false,"ngg_post_thumbnail":0,"footnotes":""},"categories":[4],"tags":[],"class_list":["post-6394","post","type-post","status-publish","format-standard","has-post-thumbnail","hentry","category-tlacove-spravy"],"acf":[],"yoast_head":"<!-- This site is optimized with the Yoast SEO plugin v27.2 - https:\/\/yoast.com\/product\/yoast-seo-wordpress\/ -->\n<title>Vl\u00e1da u\u0161tedrila rodi\u010dom dvojit\u00fa ranu, navrhujeme superodpo\u010det, ktor\u00fd im u\u0161etr\u00ed stovky eur<\/title>\n<meta name=\"robots\" content=\"index, follow, max-snippet:-1, max-image-preview:large, max-video-preview:-1\" \/>\n<link rel=\"canonical\" href=\"https:\/\/www.smedemokrati.sk\/cs\/vlada-ustedrila-rodicom-dvojitu-ranu-navrhujeme-superodpocet-ktory-im-usetri-stovky-eur\/\" \/>\n<meta property=\"og:locale\" content=\"cs_CZ\" \/>\n<meta property=\"og:locale:alternate\" content=\"en_US\" \/>\n<meta property=\"og:locale:alternate\" content=\"hu_HU\" \/>\n<meta property=\"og:locale:alternate\" content=\"sk_SK\" \/>\n<meta property=\"og:locale:alternate\" content=\"sv_SE\" \/>\n<meta property=\"og:type\" content=\"article\" \/>\n<meta property=\"og:title\" content=\"Vl\u00e1da u\u0161tedrila rodi\u010dom dvojit\u00fa ranu, navrhujeme superodpo\u010det, ktor\u00fd im u\u0161etr\u00ed stovky eur\" \/>\n<meta property=\"og:description\" content=\"Demokrati navrhuj\u00fa, aby si rodiny s de\u0165mi mohli odpo\u010d\u00edta\u0165 z da\u0148ov\u00e9ho z\u00e1kladu v\u00fddavky na kr\u00fa\u017eky, vzdel\u00e1vanie \u010di \u0161port. Pod\u013ea strany toti\u017e vl\u00e1da u\u0161tedrila rodin\u00e1m dvojit\u00fa ranu, a to v podobe drastick\u00e9ho zn\u00ed\u017eenia da\u0148ov\u00e9ho bonusu a n\u00e1rastu \u017eivotn\u00fdch n\u00e1kladov. \u201eVl\u00e1da Roberta Fica trest\u00e1 rodi\u010dov, ktor\u00ed sa staraj\u00fa o svoje deti a investuj\u00fa do ich bud\u00facnosti. Namiesto [&hellip;]\" \/>\n<meta property=\"og:url\" content=\"https:\/\/www.smedemokrati.sk\/cs\/vlada-ustedrila-rodicom-dvojitu-ranu-navrhujeme-superodpocet-ktory-im-usetri-stovky-eur\/\" \/>\n<meta property=\"og:site_name\" content=\"Smedemokrati.sk\" \/>\n<meta property=\"article:publisher\" content=\"https:\/\/www.facebook.com\/smedemokrati2023\" \/>\n<meta property=\"article:published_time\" content=\"2025-02-14T16:53:40+00:00\" \/>\n<meta property=\"article:modified_time\" content=\"2025-02-14T17:13:02+00:00\" \/>\n<meta property=\"og:image\" content=\"https:\/\/www.smedemokrati.sk\/wp-content\/uploads\/2025\/02\/2148305910.jpg\" \/>\n\t<meta property=\"og:image:width\" content=\"1000\" \/>\n\t<meta property=\"og:image:height\" content=\"667\" \/>\n\t<meta property=\"og:image:type\" content=\"image\/jpeg\" \/>\n<meta name=\"author\" content=\"miro.sopko\" \/>\n<meta name=\"twitter:card\" content=\"summary_large_image\" \/>\n<meta name=\"twitter:label1\" content=\"Napsal(a)\" \/>\n\t<meta name=\"twitter:data1\" content=\"miro.sopko\" \/>\n\t<meta name=\"twitter:label2\" content=\"Odhadovan\u00e1 doba \u010dten\u00ed\" \/>\n\t<meta name=\"twitter:data2\" content=\"2 minuty\" \/>\n<script type=\"application\/ld+json\" class=\"yoast-schema-graph\">{\"@context\":\"https:\/\/schema.org\",\"@graph\":[{\"@type\":\"Article\",\"@id\":\"https:\/\/www.smedemokrati.sk\/vlada-ustedrila-rodicom-dvojitu-ranu-navrhujeme-superodpocet-ktory-im-usetri-stovky-eur\/#article\",\"isPartOf\":{\"@id\":\"https:\/\/www.smedemokrati.sk\/vlada-ustedrila-rodicom-dvojitu-ranu-navrhujeme-superodpocet-ktory-im-usetri-stovky-eur\/\"},\"author\":{\"name\":\"miro.sopko\",\"@id\":\"https:\/\/www.smedemokrati.sk\/#\/schema\/person\/21f147c88d605aa7ded900e1e7c344ba\"},\"headline\":\"Vl\u00e1da u\u0161tedrila rodi\u010dom dvojit\u00fa ranu, navrhujeme superodpo\u010det, ktor\u00fd im u\u0161etr\u00ed stovky eur\",\"datePublished\":\"2025-02-14T16:53:40+00:00\",\"dateModified\":\"2025-02-14T17:13:02+00:00\",\"mainEntityOfPage\":{\"@id\":\"https:\/\/www.smedemokrati.sk\/vlada-ustedrila-rodicom-dvojitu-ranu-navrhujeme-superodpocet-ktory-im-usetri-stovky-eur\/\"},\"wordCount\":335,\"publisher\":{\"@id\":\"https:\/\/www.smedemokrati.sk\/#organization\"},\"image\":{\"@id\":\"https:\/\/www.smedemokrati.sk\/vlada-ustedrila-rodicom-dvojitu-ranu-navrhujeme-superodpocet-ktory-im-usetri-stovky-eur\/#primaryimage\"},\"thumbnailUrl\":\"https:\/\/www.smedemokrati.sk\/wp-content\/uploads\/2025\/02\/2148305910.jpg\",\"articleSection\":[\"Tla\u010dov\u00e9 spr\u00e1vy\"],\"inLanguage\":\"cs-CZ\"},{\"@type\":\"WebPage\",\"@id\":\"https:\/\/www.smedemokrati.sk\/vlada-ustedrila-rodicom-dvojitu-ranu-navrhujeme-superodpocet-ktory-im-usetri-stovky-eur\/\",\"url\":\"https:\/\/www.smedemokrati.sk\/vlada-ustedrila-rodicom-dvojitu-ranu-navrhujeme-superodpocet-ktory-im-usetri-stovky-eur\/\",\"name\":\"Vl\u00e1da u\u0161tedrila rodi\u010dom dvojit\u00fa ranu, navrhujeme superodpo\u010det, ktor\u00fd im u\u0161etr\u00ed stovky eur\",\"isPartOf\":{\"@id\":\"https:\/\/www.smedemokrati.sk\/#website\"},\"primaryImageOfPage\":{\"@id\":\"https:\/\/www.smedemokrati.sk\/vlada-ustedrila-rodicom-dvojitu-ranu-navrhujeme-superodpocet-ktory-im-usetri-stovky-eur\/#primaryimage\"},\"image\":{\"@id\":\"https:\/\/www.smedemokrati.sk\/vlada-ustedrila-rodicom-dvojitu-ranu-navrhujeme-superodpocet-ktory-im-usetri-stovky-eur\/#primaryimage\"},\"thumbnailUrl\":\"https:\/\/www.smedemokrati.sk\/wp-content\/uploads\/2025\/02\/2148305910.jpg\",\"datePublished\":\"2025-02-14T16:53:40+00:00\",\"dateModified\":\"2025-02-14T17:13:02+00:00\",\"breadcrumb\":{\"@id\":\"https:\/\/www.smedemokrati.sk\/vlada-ustedrila-rodicom-dvojitu-ranu-navrhujeme-superodpocet-ktory-im-usetri-stovky-eur\/#breadcrumb\"},\"inLanguage\":\"cs-CZ\",\"potentialAction\":[{\"@type\":\"ReadAction\",\"target\":[\"https:\/\/www.smedemokrati.sk\/vlada-ustedrila-rodicom-dvojitu-ranu-navrhujeme-superodpocet-ktory-im-usetri-stovky-eur\/\"]}]},{\"@type\":\"ImageObject\",\"inLanguage\":\"cs-CZ\",\"@id\":\"https:\/\/www.smedemokrati.sk\/vlada-ustedrila-rodicom-dvojitu-ranu-navrhujeme-superodpocet-ktory-im-usetri-stovky-eur\/#primaryimage\",\"url\":\"https:\/\/www.smedemokrati.sk\/wp-content\/uploads\/2025\/02\/2148305910.jpg\",\"contentUrl\":\"https:\/\/www.smedemokrati.sk\/wp-content\/uploads\/2025\/02\/2148305910.jpg\",\"width\":1000,\"height\":667},{\"@type\":\"BreadcrumbList\",\"@id\":\"https:\/\/www.smedemokrati.sk\/vlada-ustedrila-rodicom-dvojitu-ranu-navrhujeme-superodpocet-ktory-im-usetri-stovky-eur\/#breadcrumb\",\"itemListElement\":[{\"@type\":\"ListItem\",\"position\":1,\"name\":\"Domovsk\u00e1 str\u00e1nka\",\"item\":\"https:\/\/www.smedemokrati.sk\/\"},{\"@type\":\"ListItem\",\"position\":2,\"name\":\"Vl\u00e1da u\u0161tedrila rodi\u010dom dvojit\u00fa ranu, navrhujeme superodpo\u010det, ktor\u00fd im u\u0161etr\u00ed stovky eur\"}]},{\"@type\":\"WebSite\",\"@id\":\"https:\/\/www.smedemokrati.sk\/#website\",\"url\":\"https:\/\/www.smedemokrati.sk\/\",\"name\":\"Smedemokrati.sk\",\"description\":\"Demokracia a slu\u0161nos\u0165 zv\u00ed\u0165az\u00ed\",\"publisher\":{\"@id\":\"https:\/\/www.smedemokrati.sk\/#organization\"},\"potentialAction\":[{\"@type\":\"SearchAction\",\"target\":{\"@type\":\"EntryPoint\",\"urlTemplate\":\"https:\/\/www.smedemokrati.sk\/?s={search_term_string}\"},\"query-input\":{\"@type\":\"PropertyValueSpecification\",\"valueRequired\":true,\"valueName\":\"search_term_string\"}}],\"inLanguage\":\"cs-CZ\"},{\"@type\":\"Organization\",\"@id\":\"https:\/\/www.smedemokrati.sk\/#organization\",\"name\":\"Smedemokrati.sk\",\"url\":\"https:\/\/www.smedemokrati.sk\/\",\"logo\":{\"@type\":\"ImageObject\",\"inLanguage\":\"cs-CZ\",\"@id\":\"https:\/\/www.smedemokrati.sk\/#\/schema\/logo\/image\/\",\"url\":\"https:\/\/www.smedemokrati.sk\/wp-content\/uploads\/2023\/04\/ff.002.jpeg\",\"contentUrl\":\"https:\/\/www.smedemokrati.sk\/wp-content\/uploads\/2023\/04\/ff.002.jpeg\",\"width\":640,\"height\":480,\"caption\":\"Smedemokrati.sk\"},\"image\":{\"@id\":\"https:\/\/www.smedemokrati.sk\/#\/schema\/logo\/image\/\"},\"sameAs\":[\"https:\/\/www.facebook.com\/smedemokrati2023\"]},{\"@type\":\"Person\",\"@id\":\"https:\/\/www.smedemokrati.sk\/#\/schema\/person\/21f147c88d605aa7ded900e1e7c344ba\",\"name\":\"miro.sopko\",\"image\":{\"@type\":\"ImageObject\",\"inLanguage\":\"cs-CZ\",\"@id\":\"https:\/\/secure.gravatar.com\/avatar\/267e4a36f704376c109afe3a78740c1f5dd8675a2180a908699e7863c9247606?s=96&d=mm&r=g\",\"url\":\"https:\/\/secure.gravatar.com\/avatar\/267e4a36f704376c109afe3a78740c1f5dd8675a2180a908699e7863c9247606?s=96&d=mm&r=g\",\"contentUrl\":\"https:\/\/secure.gravatar.com\/avatar\/267e4a36f704376c109afe3a78740c1f5dd8675a2180a908699e7863c9247606?s=96&d=mm&r=g\",\"caption\":\"miro.sopko\"},\"url\":\"https:\/\/www.smedemokrati.sk\/cs\/author\/miro-sopko\/\"}]}<\/script>\n<!-- \/ Yoast SEO plugin. -->","yoast_head_json":{"title":"Vl\u00e1da u\u0161tedrila rodi\u010dom dvojit\u00fa ranu, navrhujeme superodpo\u010det, ktor\u00fd im u\u0161etr\u00ed stovky eur","robots":{"index":"index","follow":"follow","max-snippet":"max-snippet:-1","max-image-preview":"max-image-preview:large","max-video-preview":"max-video-preview:-1"},"canonical":"https:\/\/www.smedemokrati.sk\/cs\/vlada-ustedrila-rodicom-dvojitu-ranu-navrhujeme-superodpocet-ktory-im-usetri-stovky-eur\/","og_locale":"cs_CZ","og_type":"article","og_title":"[:sk]Vl\u00e1da u\u0161tedrila rodi\u010dom dvojit\u00fa ranu, navrhujeme superodpo\u010det, ktor\u00fd im u\u0161etr\u00ed stovky eur[:] - Smedemokrati.sk","og_description":"Demokrati navrhuj\u00fa, aby si rodiny s de\u0165mi mohli odpo\u010d\u00edta\u0165 z da\u0148ov\u00e9ho z\u00e1kladu v\u00fddavky na kr\u00fa\u017eky, vzdel\u00e1vanie \u010di \u0161port. Pod\u013ea strany toti\u017e vl\u00e1da u\u0161tedrila rodin\u00e1m dvojit\u00fa ranu, a to v podobe drastick\u00e9ho zn\u00ed\u017eenia da\u0148ov\u00e9ho bonusu a n\u00e1rastu \u017eivotn\u00fdch n\u00e1kladov. \u201eVl\u00e1da Roberta Fica trest\u00e1 rodi\u010dov, ktor\u00ed sa staraj\u00fa o svoje deti a investuj\u00fa do ich bud\u00facnosti. Namiesto [&hellip;]","og_url":"https:\/\/www.smedemokrati.sk\/cs\/vlada-ustedrila-rodicom-dvojitu-ranu-navrhujeme-superodpocet-ktory-im-usetri-stovky-eur\/","og_site_name":"Smedemokrati.sk","article_publisher":"https:\/\/www.facebook.com\/smedemokrati2023","article_published_time":"2025-02-14T16:53:40+00:00","article_modified_time":"2025-02-14T17:13:02+00:00","og_image":[{"width":1000,"height":667,"url":"https:\/\/www.smedemokrati.sk\/wp-content\/uploads\/2025\/02\/2148305910.jpg","type":"image\/jpeg"}],"author":"miro.sopko","twitter_card":"summary_large_image","twitter_misc":{"Napsal(a)":"miro.sopko","Odhadovan\u00e1 doba \u010dten\u00ed":"2 minuty"},"schema":{"@context":"https:\/\/schema.org","@graph":[{"@type":"Article","@id":"https:\/\/www.smedemokrati.sk\/vlada-ustedrila-rodicom-dvojitu-ranu-navrhujeme-superodpocet-ktory-im-usetri-stovky-eur\/#article","isPartOf":{"@id":"https:\/\/www.smedemokrati.sk\/vlada-ustedrila-rodicom-dvojitu-ranu-navrhujeme-superodpocet-ktory-im-usetri-stovky-eur\/"},"author":{"name":"miro.sopko","@id":"https:\/\/www.smedemokrati.sk\/#\/schema\/person\/21f147c88d605aa7ded900e1e7c344ba"},"headline":"Vl\u00e1da u\u0161tedrila rodi\u010dom dvojit\u00fa ranu, navrhujeme superodpo\u010det, ktor\u00fd im u\u0161etr\u00ed stovky eur","datePublished":"2025-02-14T16:53:40+00:00","dateModified":"2025-02-14T17:13:02+00:00","mainEntityOfPage":{"@id":"https:\/\/www.smedemokrati.sk\/vlada-ustedrila-rodicom-dvojitu-ranu-navrhujeme-superodpocet-ktory-im-usetri-stovky-eur\/"},"wordCount":335,"publisher":{"@id":"https:\/\/www.smedemokrati.sk\/#organization"},"image":{"@id":"https:\/\/www.smedemokrati.sk\/vlada-ustedrila-rodicom-dvojitu-ranu-navrhujeme-superodpocet-ktory-im-usetri-stovky-eur\/#primaryimage"},"thumbnailUrl":"https:\/\/www.smedemokrati.sk\/wp-content\/uploads\/2025\/02\/2148305910.jpg","articleSection":["Tla\u010dov\u00e9 spr\u00e1vy"],"inLanguage":"cs-CZ"},{"@type":"WebPage","@id":"https:\/\/www.smedemokrati.sk\/vlada-ustedrila-rodicom-dvojitu-ranu-navrhujeme-superodpocet-ktory-im-usetri-stovky-eur\/","url":"https:\/\/www.smedemokrati.sk\/vlada-ustedrila-rodicom-dvojitu-ranu-navrhujeme-superodpocet-ktory-im-usetri-stovky-eur\/","name":"Vl\u00e1da u\u0161tedrila rodi\u010dom dvojit\u00fa ranu, navrhujeme superodpo\u010det, ktor\u00fd im u\u0161etr\u00ed stovky eur","isPartOf":{"@id":"https:\/\/www.smedemokrati.sk\/#website"},"primaryImageOfPage":{"@id":"https:\/\/www.smedemokrati.sk\/vlada-ustedrila-rodicom-dvojitu-ranu-navrhujeme-superodpocet-ktory-im-usetri-stovky-eur\/#primaryimage"},"image":{"@id":"https:\/\/www.smedemokrati.sk\/vlada-ustedrila-rodicom-dvojitu-ranu-navrhujeme-superodpocet-ktory-im-usetri-stovky-eur\/#primaryimage"},"thumbnailUrl":"https:\/\/www.smedemokrati.sk\/wp-content\/uploads\/2025\/02\/2148305910.jpg","datePublished":"2025-02-14T16:53:40+00:00","dateModified":"2025-02-14T17:13:02+00:00","breadcrumb":{"@id":"https:\/\/www.smedemokrati.sk\/vlada-ustedrila-rodicom-dvojitu-ranu-navrhujeme-superodpocet-ktory-im-usetri-stovky-eur\/#breadcrumb"},"inLanguage":"cs-CZ","potentialAction":[{"@type":"ReadAction","target":["https:\/\/www.smedemokrati.sk\/vlada-ustedrila-rodicom-dvojitu-ranu-navrhujeme-superodpocet-ktory-im-usetri-stovky-eur\/"]}]},{"@type":"ImageObject","inLanguage":"cs-CZ","@id":"https:\/\/www.smedemokrati.sk\/vlada-ustedrila-rodicom-dvojitu-ranu-navrhujeme-superodpocet-ktory-im-usetri-stovky-eur\/#primaryimage","url":"https:\/\/www.smedemokrati.sk\/wp-content\/uploads\/2025\/02\/2148305910.jpg","contentUrl":"https:\/\/www.smedemokrati.sk\/wp-content\/uploads\/2025\/02\/2148305910.jpg","width":1000,"height":667},{"@type":"BreadcrumbList","@id":"https:\/\/www.smedemokrati.sk\/vlada-ustedrila-rodicom-dvojitu-ranu-navrhujeme-superodpocet-ktory-im-usetri-stovky-eur\/#breadcrumb","itemListElement":[{"@type":"ListItem","position":1,"name":"Domovsk\u00e1 str\u00e1nka","item":"https:\/\/www.smedemokrati.sk\/"},{"@type":"ListItem","position":2,"name":"Vl\u00e1da u\u0161tedrila rodi\u010dom dvojit\u00fa ranu, navrhujeme superodpo\u010det, ktor\u00fd im u\u0161etr\u00ed stovky eur"}]},{"@type":"WebSite","@id":"https:\/\/www.smedemokrati.sk\/#website","url":"https:\/\/www.smedemokrati.sk\/","name":"Smedemokrati.sk","description":"Demokracia a slu\u0161nos\u0165 zv\u00ed\u0165az\u00ed","publisher":{"@id":"https:\/\/www.smedemokrati.sk\/#organization"},"potentialAction":[{"@type":"SearchAction","target":{"@type":"EntryPoint","urlTemplate":"https:\/\/www.smedemokrati.sk\/?s={search_term_string}"},"query-input":{"@type":"PropertyValueSpecification","valueRequired":true,"valueName":"search_term_string"}}],"inLanguage":"cs-CZ"},{"@type":"Organization","@id":"https:\/\/www.smedemokrati.sk\/#organization","name":"Smedemokrati.sk","url":"https:\/\/www.smedemokrati.sk\/","logo":{"@type":"ImageObject","inLanguage":"cs-CZ","@id":"https:\/\/www.smedemokrati.sk\/#\/schema\/logo\/image\/","url":"https:\/\/www.smedemokrati.sk\/wp-content\/uploads\/2023\/04\/ff.002.jpeg","contentUrl":"https:\/\/www.smedemokrati.sk\/wp-content\/uploads\/2023\/04\/ff.002.jpeg","width":640,"height":480,"caption":"Smedemokrati.sk"},"image":{"@id":"https:\/\/www.smedemokrati.sk\/#\/schema\/logo\/image\/"},"sameAs":["https:\/\/www.facebook.com\/smedemokrati2023"]},{"@type":"Person","@id":"https:\/\/www.smedemokrati.sk\/#\/schema\/person\/21f147c88d605aa7ded900e1e7c344ba","name":"miro.sopko","image":{"@type":"ImageObject","inLanguage":"cs-CZ","@id":"https:\/\/secure.gravatar.com\/avatar\/267e4a36f704376c109afe3a78740c1f5dd8675a2180a908699e7863c9247606?s=96&d=mm&r=g","url":"https:\/\/secure.gravatar.com\/avatar\/267e4a36f704376c109afe3a78740c1f5dd8675a2180a908699e7863c9247606?s=96&d=mm&r=g","contentUrl":"https:\/\/secure.gravatar.com\/avatar\/267e4a36f704376c109afe3a78740c1f5dd8675a2180a908699e7863c9247606?s=96&d=mm&r=g","caption":"miro.sopko"},"url":"https:\/\/www.smedemokrati.sk\/cs\/author\/miro-sopko\/"}]}},"_links":{"self":[{"href":"https:\/\/www.smedemokrati.sk\/cs\/wp-json\/wp\/v2\/posts\/6394","targetHints":{"allow":["GET"]}}],"collection":[{"href":"https:\/\/www.smedemokrati.sk\/cs\/wp-json\/wp\/v2\/posts"}],"about":[{"href":"https:\/\/www.smedemokrati.sk\/cs\/wp-json\/wp\/v2\/types\/post"}],"author":[{"embeddable":true,"href":"https:\/\/www.smedemokrati.sk\/cs\/wp-json\/wp\/v2\/users\/13"}],"replies":[{"embeddable":true,"href":"https:\/\/www.smedemokrati.sk\/cs\/wp-json\/wp\/v2\/comments?post=6394"}],"version-history":[{"count":1,"href":"https:\/\/www.smedemokrati.sk\/cs\/wp-json\/wp\/v2\/posts\/6394\/revisions"}],"predecessor-version":[{"id":6396,"href":"https:\/\/www.smedemokrati.sk\/cs\/wp-json\/wp\/v2\/posts\/6394\/revisions\/6396"}],"wp:featuredmedia":[{"embeddable":true,"href":"https:\/\/www.smedemokrati.sk\/cs\/wp-json\/wp\/v2\/media\/6398"}],"wp:attachment":[{"href":"https:\/\/www.smedemokrati.sk\/cs\/wp-json\/wp\/v2\/media?parent=6394"}],"wp:term":[{"taxonomy":"category","embeddable":true,"href":"https:\/\/www.smedemokrati.sk\/cs\/wp-json\/wp\/v2\/categories?post=6394"},{"taxonomy":"post_tag","embeddable":true,"href":"https:\/\/www.smedemokrati.sk\/cs\/wp-json\/wp\/v2\/tags?post=6394"}],"curies":[{"name":"wp","href":"https:\/\/api.w.org\/{rel}","templated":true}]}}