{"id":6365,"date":"2025-02-11T13:56:23","date_gmt":"2025-02-11T12:56:23","guid":{"rendered":"https:\/\/www.smedemokrati.sk\/?p=6365"},"modified":"2025-02-11T13:56:24","modified_gmt":"2025-02-11T12:56:24","slug":"prokuratorka-chabadova-rodena-ficova-zneuzila-svoje-postavenie-podavame-podnet-marosovi-zilinkovi","status":"publish","type":"post","link":"https:\/\/www.smedemokrati.sk\/cs\/prokuratorka-chabadova-rodena-ficova-zneuzila-svoje-postavenie-podavame-podnet-marosovi-zilinkovi\/","title":{"rendered":"Prokur\u00e1torka Chabadov\u00e1, roden\u00e1 Ficov\u00e1, zneu\u017eila svoje postavenie, pod\u00e1vame podnet Maro\u0161ovi \u017dilinkovi"},"content":{"rendered":"<div id=\"fb-root\"><\/div>\n\n<p><strong>Demokrati \u017eiadaj\u00fa disciplin\u00e1rne konanie vo\u010di prokur\u00e1torke Chabadovej, rodenej Ficovej. Prokur\u00e1torka mohla zneu\u017ei\u0165 svoje postavenie na gener\u00e1lnej prokurat\u00fare na ochranu svojho brata &#8211; premi\u00e9ra Fica. Chabadov\u00e1 toti\u017e v mene GP SR spracovala pripomienky k z\u00e1konu, ktor\u00fd by mal zabr\u00e1ni\u0165 psychol\u00f3gom a psychiatrom prich\u00e1dza\u0165 s otvoren\u00fdmi listami. Pripravovan\u00fd z\u00e1kon je reakciou vl\u00e1dy na kritiku vy\u0161e 850 psychiatrov a psychol\u00f3gov, ktor\u00ed maj\u00fa obavy o ohrozenie demokracie na Slovensku.<\/strong><\/p>\n\n\n\n<p><em>\u201eSestra Roberta Fica v reakcii na psychol\u00f3gov a psychiatrov, ktor\u00ed s\u00fa kritick\u00ed k jej bratovi, zneu\u017e\u00edva svoje postavenie na to, aby ho ochr\u00e1nila. \u013dudsky proti prokur\u00e1torke Chabadovej nem\u00e1me ni\u010d, no ide o principi\u00e1lnu vec. Ako m\u00e1me potom veri\u0165 v nestrannos\u0165 a nez\u00e1vislos\u0165 prokurat\u00fary? &#8222;,\u00a0<\/em>otv\u00e1ra t\u00e9mu\u00a0Juraj \u0160eliga, ktor\u00fd odovzdal podnet na gener\u00e1lnej prokurat\u00fare, kde \u017eiada Maro\u0161a \u017dilinku o disciplin\u00e1rne konanie vo\u010di prokur\u00e1torke.\u00a0<\/p>\n\n\n\n<p>Hovor\u00ed tie\u017e, \u017ee pripomienka zo strany GP SR, spracovan\u00e1 Chabadovou, rodenou Ficovou, v sebe nesie zn\u00e1mky zastra\u0161ovania:<em>\u00a0\u201e\u017dijeme v slobodnej krajine, kde ka\u017ed\u00fd ob\u010dan m\u00f4\u017ee prejavi\u0165 svoj n\u00e1zor. Navy\u0161e otvoren\u00fd list psychiatrov a psychol\u00f3gov bol slu\u0161ne komunikovan\u00fd n\u00e1zor a len preto, \u017ee sa Ficovi nep\u00e1\u010di, tak tu id\u00fa uml\u010diava\u0165 \u013eud\u00ed? Toto sa robilo za normaliz\u00e1cie&#8220;,\u00a0<\/em>hovor\u00ed \u0160eliga a p\u00fdta sa, kde bola gener\u00e1lna prokurat\u00fara v \u010dase, ke\u010f sa prij\u00edmala \u0161kandal\u00f3zna novela trestn\u00e9ho z\u00e1kona.<\/p>\n\n\n\n<p><em>\u201ePred tromi rokmi o tomto \u010dase sme podpisovali Dohodu o obrannej spolupr\u00e1ci s USA. Vtedy tie\u017e v r\u00e1mci medzirezortn\u00e9ho pripomienkov\u00e9ho konania poslala gener\u00e1lna prokurat\u00fara vy\u0161e 30 pripomienok a ke\u010f bol \u017dilinka pozvan\u00fd na rozporov\u00e9 konanie, nepri\u0161iel. Aj tieto pripomienky p\u00edsala Ficova sestra, na pokyn dne\u0161n\u00e9ho premi\u00e9ra?&#8220;,\u00a0<\/em>pripom\u00edna Jaroslav Na\u010f predseda Demokratov a p\u00fdta sa na kvalifik\u00e1ciu pani Chabadovej, ktor\u00e1 ju opr\u00e1v\u0148uje posudzova\u0165 relevantnos\u0165 vyjadren\u00ed lek\u00e1rov.\u00a0<em>\u201ePo Pellegriniho sestre, ktorou prezident obhajuje svoj majetok, tu m\u00e1me \u010fal\u0161ieho rodinn\u00e9ho pr\u00edslu\u0161n\u00edka, za ktor\u00e9ho s prep\u00e1\u010den\u00edm suk\u0148u, sa skr\u00fdva matador slovenskej politiky Fico.&#8220;<\/em><\/p>\n\n\n\n<p>Demokrati sa domnievaj\u00fa, \u017ee medzi gener\u00e1lnou prokurat\u00farou a vl\u00e1dnou koal\u00edciou be\u017e\u00ed nad\u0161tandardn\u00e1 komunik\u00e1cia a \u017eiadaj\u00fa zaujatie stanoviska zo strany Maro\u0161a \u017dilinku.<\/p>\n\n\n\n<div class=\"wp-block-file\"><a id=\"wp-block-file--media-e36b1202-fafe-4098-89c5-941bf7e1c7d6\" href=\"https:\/\/www.smedemokrati.sk\/wp-content\/uploads\/2025\/02\/2K25-02-11-Podanie_GP.pdf\" target=\"_blank\" rel=\"noreferrer noopener\">2K25-02-11 Podanie_GP<\/a><a href=\"https:\/\/www.smedemokrati.sk\/wp-content\/uploads\/2025\/02\/2K25-02-11-Podanie_GP.pdf\" class=\"wp-block-file__button wp-element-button\" download aria-describedby=\"wp-block-file--media-e36b1202-fafe-4098-89c5-941bf7e1c7d6\">Stiahnu\u0165<\/a><\/div>\n\n\n<div class=\"fb-video\" data-href=\"https:\/\/fb.watch\/xGWzUOF_u5\" data-allowfullscreen=\"true\" data-autoplay=\"false\" data-width=\"\" data-show-text=\"false\" data-show-captions=\"true\"><\/div>\n","protected":false},"excerpt":{"rendered":"<p>Demokrati \u017eiadaj\u00fa disciplin\u00e1rne konanie vo\u010di prokur\u00e1torke Chabadovej, rodenej Ficovej. Prokur\u00e1torka mohla zneu\u017ei\u0165 svoje postavenie na gener\u00e1lnej prokurat\u00fare na ochranu svojho brata &#8211; premi\u00e9ra Fica. Chabadov\u00e1 toti\u017e v mene GP SR spracovala pripomienky k z\u00e1konu, ktor\u00fd by mal zabr\u00e1ni\u0165 psychol\u00f3gom a psychiatrom prich\u00e1dza\u0165 s otvoren\u00fdmi listami. Pripravovan\u00fd z\u00e1kon je reakciou vl\u00e1dy na kritiku vy\u0161e 850 psychiatrov [&hellip;]<\/p>\n","protected":false},"author":13,"featured_media":6367,"comment_status":"closed","ping_status":"closed","sticky":false,"template":"","format":"standard","meta":{"_acf_changed":false,"ngg_post_thumbnail":0,"footnotes":""},"categories":[4],"tags":[],"class_list":["post-6365","post","type-post","status-publish","format-standard","has-post-thumbnail","hentry","category-tlacove-spravy"],"acf":[],"yoast_head":"<!-- This site is optimized with the Yoast SEO plugin v27.2 - https:\/\/yoast.com\/product\/yoast-seo-wordpress\/ -->\n<title>Prokur\u00e1torka Chabadov\u00e1, roden\u00e1 Ficov\u00e1, zneu\u017eila svoje postavenie, pod\u00e1vame podnet Maro\u0161ovi \u017dilinkovi<\/title>\n<meta name=\"robots\" content=\"index, follow, max-snippet:-1, max-image-preview:large, max-video-preview:-1\" \/>\n<link rel=\"canonical\" href=\"https:\/\/www.smedemokrati.sk\/cs\/prokuratorka-chabadova-rodena-ficova-zneuzila-svoje-postavenie-podavame-podnet-marosovi-zilinkovi\/\" \/>\n<meta property=\"og:locale\" content=\"cs_CZ\" \/>\n<meta property=\"og:locale:alternate\" content=\"en_US\" \/>\n<meta property=\"og:locale:alternate\" content=\"hu_HU\" \/>\n<meta property=\"og:locale:alternate\" content=\"sk_SK\" \/>\n<meta property=\"og:locale:alternate\" content=\"sv_SE\" \/>\n<meta property=\"og:type\" content=\"article\" \/>\n<meta property=\"og:title\" content=\"Prokur\u00e1torka Chabadov\u00e1, roden\u00e1 Ficov\u00e1, zneu\u017eila svoje postavenie, pod\u00e1vame podnet Maro\u0161ovi \u017dilinkovi\" \/>\n<meta property=\"og:description\" content=\"Demokrati \u017eiadaj\u00fa disciplin\u00e1rne konanie vo\u010di prokur\u00e1torke Chabadovej, rodenej Ficovej. Prokur\u00e1torka mohla zneu\u017ei\u0165 svoje postavenie na gener\u00e1lnej prokurat\u00fare na ochranu svojho brata &#8211; premi\u00e9ra Fica. Chabadov\u00e1 toti\u017e v mene GP SR spracovala pripomienky k z\u00e1konu, ktor\u00fd by mal zabr\u00e1ni\u0165 psychol\u00f3gom a psychiatrom prich\u00e1dza\u0165 s otvoren\u00fdmi listami. Pripravovan\u00fd z\u00e1kon je reakciou vl\u00e1dy na kritiku vy\u0161e 850 psychiatrov [&hellip;]\" \/>\n<meta property=\"og:url\" content=\"https:\/\/www.smedemokrati.sk\/cs\/prokuratorka-chabadova-rodena-ficova-zneuzila-svoje-postavenie-podavame-podnet-marosovi-zilinkovi\/\" \/>\n<meta property=\"og:site_name\" content=\"Smedemokrati.sk\" \/>\n<meta property=\"article:publisher\" content=\"https:\/\/www.facebook.com\/smedemokrati2023\" \/>\n<meta property=\"article:published_time\" content=\"2025-02-11T12:56:23+00:00\" \/>\n<meta property=\"article:modified_time\" content=\"2025-02-11T12:56:24+00:00\" \/>\n<meta property=\"og:image\" content=\"https:\/\/www.smedemokrati.sk\/wp-content\/uploads\/2025\/02\/ficova_sestra_gp.jpg\" \/>\n\t<meta property=\"og:image:width\" content=\"755\" \/>\n\t<meta property=\"og:image:height\" content=\"417\" \/>\n\t<meta property=\"og:image:type\" content=\"image\/jpeg\" \/>\n<meta name=\"author\" content=\"miro.sopko\" \/>\n<meta name=\"twitter:card\" content=\"summary_large_image\" \/>\n<meta name=\"twitter:label1\" content=\"Napsal(a)\" \/>\n\t<meta name=\"twitter:data1\" content=\"miro.sopko\" \/>\n\t<meta name=\"twitter:label2\" content=\"Odhadovan\u00e1 doba \u010dten\u00ed\" \/>\n\t<meta name=\"twitter:data2\" content=\"2 minuty\" \/>\n<script type=\"application\/ld+json\" class=\"yoast-schema-graph\">{\"@context\":\"https:\/\/schema.org\",\"@graph\":[{\"@type\":\"Article\",\"@id\":\"https:\/\/www.smedemokrati.sk\/prokuratorka-chabadova-rodena-ficova-zneuzila-svoje-postavenie-podavame-podnet-marosovi-zilinkovi\/#article\",\"isPartOf\":{\"@id\":\"https:\/\/www.smedemokrati.sk\/prokuratorka-chabadova-rodena-ficova-zneuzila-svoje-postavenie-podavame-podnet-marosovi-zilinkovi\/\"},\"author\":{\"name\":\"miro.sopko\",\"@id\":\"https:\/\/www.smedemokrati.sk\/#\/schema\/person\/21f147c88d605aa7ded900e1e7c344ba\"},\"headline\":\"Prokur\u00e1torka Chabadov\u00e1, roden\u00e1 Ficov\u00e1, zneu\u017eila svoje postavenie, pod\u00e1vame podnet Maro\u0161ovi \u017dilinkovi\",\"datePublished\":\"2025-02-11T12:56:23+00:00\",\"dateModified\":\"2025-02-11T12:56:24+00:00\",\"mainEntityOfPage\":{\"@id\":\"https:\/\/www.smedemokrati.sk\/prokuratorka-chabadova-rodena-ficova-zneuzila-svoje-postavenie-podavame-podnet-marosovi-zilinkovi\/\"},\"wordCount\":430,\"publisher\":{\"@id\":\"https:\/\/www.smedemokrati.sk\/#organization\"},\"image\":{\"@id\":\"https:\/\/www.smedemokrati.sk\/prokuratorka-chabadova-rodena-ficova-zneuzila-svoje-postavenie-podavame-podnet-marosovi-zilinkovi\/#primaryimage\"},\"thumbnailUrl\":\"https:\/\/www.smedemokrati.sk\/wp-content\/uploads\/2025\/02\/ficova_sestra_gp.jpg\",\"articleSection\":[\"Tla\u010dov\u00e9 spr\u00e1vy\"],\"inLanguage\":\"cs-CZ\"},{\"@type\":\"WebPage\",\"@id\":\"https:\/\/www.smedemokrati.sk\/prokuratorka-chabadova-rodena-ficova-zneuzila-svoje-postavenie-podavame-podnet-marosovi-zilinkovi\/\",\"url\":\"https:\/\/www.smedemokrati.sk\/prokuratorka-chabadova-rodena-ficova-zneuzila-svoje-postavenie-podavame-podnet-marosovi-zilinkovi\/\",\"name\":\"Prokur\u00e1torka Chabadov\u00e1, roden\u00e1 Ficov\u00e1, zneu\u017eila svoje postavenie, pod\u00e1vame podnet Maro\u0161ovi \u017dilinkovi\",\"isPartOf\":{\"@id\":\"https:\/\/www.smedemokrati.sk\/#website\"},\"primaryImageOfPage\":{\"@id\":\"https:\/\/www.smedemokrati.sk\/prokuratorka-chabadova-rodena-ficova-zneuzila-svoje-postavenie-podavame-podnet-marosovi-zilinkovi\/#primaryimage\"},\"image\":{\"@id\":\"https:\/\/www.smedemokrati.sk\/prokuratorka-chabadova-rodena-ficova-zneuzila-svoje-postavenie-podavame-podnet-marosovi-zilinkovi\/#primaryimage\"},\"thumbnailUrl\":\"https:\/\/www.smedemokrati.sk\/wp-content\/uploads\/2025\/02\/ficova_sestra_gp.jpg\",\"datePublished\":\"2025-02-11T12:56:23+00:00\",\"dateModified\":\"2025-02-11T12:56:24+00:00\",\"breadcrumb\":{\"@id\":\"https:\/\/www.smedemokrati.sk\/prokuratorka-chabadova-rodena-ficova-zneuzila-svoje-postavenie-podavame-podnet-marosovi-zilinkovi\/#breadcrumb\"},\"inLanguage\":\"cs-CZ\",\"potentialAction\":[{\"@type\":\"ReadAction\",\"target\":[\"https:\/\/www.smedemokrati.sk\/prokuratorka-chabadova-rodena-ficova-zneuzila-svoje-postavenie-podavame-podnet-marosovi-zilinkovi\/\"]}]},{\"@type\":\"ImageObject\",\"inLanguage\":\"cs-CZ\",\"@id\":\"https:\/\/www.smedemokrati.sk\/prokuratorka-chabadova-rodena-ficova-zneuzila-svoje-postavenie-podavame-podnet-marosovi-zilinkovi\/#primaryimage\",\"url\":\"https:\/\/www.smedemokrati.sk\/wp-content\/uploads\/2025\/02\/ficova_sestra_gp.jpg\",\"contentUrl\":\"https:\/\/www.smedemokrati.sk\/wp-content\/uploads\/2025\/02\/ficova_sestra_gp.jpg\",\"width\":755,\"height\":417},{\"@type\":\"BreadcrumbList\",\"@id\":\"https:\/\/www.smedemokrati.sk\/prokuratorka-chabadova-rodena-ficova-zneuzila-svoje-postavenie-podavame-podnet-marosovi-zilinkovi\/#breadcrumb\",\"itemListElement\":[{\"@type\":\"ListItem\",\"position\":1,\"name\":\"Domovsk\u00e1 str\u00e1nka\",\"item\":\"https:\/\/www.smedemokrati.sk\/\"},{\"@type\":\"ListItem\",\"position\":2,\"name\":\"Prokur\u00e1torka Chabadov\u00e1, roden\u00e1 Ficov\u00e1, zneu\u017eila svoje postavenie, pod\u00e1vame podnet Maro\u0161ovi \u017dilinkovi\"}]},{\"@type\":\"WebSite\",\"@id\":\"https:\/\/www.smedemokrati.sk\/#website\",\"url\":\"https:\/\/www.smedemokrati.sk\/\",\"name\":\"Smedemokrati.sk\",\"description\":\"Demokracia a slu\u0161nos\u0165 zv\u00ed\u0165az\u00ed\",\"publisher\":{\"@id\":\"https:\/\/www.smedemokrati.sk\/#organization\"},\"potentialAction\":[{\"@type\":\"SearchAction\",\"target\":{\"@type\":\"EntryPoint\",\"urlTemplate\":\"https:\/\/www.smedemokrati.sk\/?s={search_term_string}\"},\"query-input\":{\"@type\":\"PropertyValueSpecification\",\"valueRequired\":true,\"valueName\":\"search_term_string\"}}],\"inLanguage\":\"cs-CZ\"},{\"@type\":\"Organization\",\"@id\":\"https:\/\/www.smedemokrati.sk\/#organization\",\"name\":\"Smedemokrati.sk\",\"url\":\"https:\/\/www.smedemokrati.sk\/\",\"logo\":{\"@type\":\"ImageObject\",\"inLanguage\":\"cs-CZ\",\"@id\":\"https:\/\/www.smedemokrati.sk\/#\/schema\/logo\/image\/\",\"url\":\"https:\/\/www.smedemokrati.sk\/wp-content\/uploads\/2023\/04\/ff.002.jpeg\",\"contentUrl\":\"https:\/\/www.smedemokrati.sk\/wp-content\/uploads\/2023\/04\/ff.002.jpeg\",\"width\":640,\"height\":480,\"caption\":\"Smedemokrati.sk\"},\"image\":{\"@id\":\"https:\/\/www.smedemokrati.sk\/#\/schema\/logo\/image\/\"},\"sameAs\":[\"https:\/\/www.facebook.com\/smedemokrati2023\"]},{\"@type\":\"Person\",\"@id\":\"https:\/\/www.smedemokrati.sk\/#\/schema\/person\/21f147c88d605aa7ded900e1e7c344ba\",\"name\":\"miro.sopko\",\"image\":{\"@type\":\"ImageObject\",\"inLanguage\":\"cs-CZ\",\"@id\":\"https:\/\/secure.gravatar.com\/avatar\/267e4a36f704376c109afe3a78740c1f5dd8675a2180a908699e7863c9247606?s=96&d=mm&r=g\",\"url\":\"https:\/\/secure.gravatar.com\/avatar\/267e4a36f704376c109afe3a78740c1f5dd8675a2180a908699e7863c9247606?s=96&d=mm&r=g\",\"contentUrl\":\"https:\/\/secure.gravatar.com\/avatar\/267e4a36f704376c109afe3a78740c1f5dd8675a2180a908699e7863c9247606?s=96&d=mm&r=g\",\"caption\":\"miro.sopko\"},\"url\":\"https:\/\/www.smedemokrati.sk\/cs\/author\/miro-sopko\/\"}]}<\/script>\n<!-- \/ Yoast SEO plugin. -->","yoast_head_json":{"title":"Prokur\u00e1torka Chabadov\u00e1, roden\u00e1 Ficov\u00e1, zneu\u017eila svoje postavenie, pod\u00e1vame podnet Maro\u0161ovi \u017dilinkovi","robots":{"index":"index","follow":"follow","max-snippet":"max-snippet:-1","max-image-preview":"max-image-preview:large","max-video-preview":"max-video-preview:-1"},"canonical":"https:\/\/www.smedemokrati.sk\/cs\/prokuratorka-chabadova-rodena-ficova-zneuzila-svoje-postavenie-podavame-podnet-marosovi-zilinkovi\/","og_locale":"cs_CZ","og_type":"article","og_title":"[:sk]Prokur\u00e1torka Chabadov\u00e1, roden\u00e1 Ficov\u00e1, zneu\u017eila svoje postavenie, pod\u00e1vame podnet Maro\u0161ovi \u017dilinkovi[:] - Smedemokrati.sk","og_description":"Demokrati \u017eiadaj\u00fa disciplin\u00e1rne konanie vo\u010di prokur\u00e1torke Chabadovej, rodenej Ficovej. Prokur\u00e1torka mohla zneu\u017ei\u0165 svoje postavenie na gener\u00e1lnej prokurat\u00fare na ochranu svojho brata &#8211; premi\u00e9ra Fica. Chabadov\u00e1 toti\u017e v mene GP SR spracovala pripomienky k z\u00e1konu, ktor\u00fd by mal zabr\u00e1ni\u0165 psychol\u00f3gom a psychiatrom prich\u00e1dza\u0165 s otvoren\u00fdmi listami. Pripravovan\u00fd z\u00e1kon je reakciou vl\u00e1dy na kritiku vy\u0161e 850 psychiatrov [&hellip;]","og_url":"https:\/\/www.smedemokrati.sk\/cs\/prokuratorka-chabadova-rodena-ficova-zneuzila-svoje-postavenie-podavame-podnet-marosovi-zilinkovi\/","og_site_name":"Smedemokrati.sk","article_publisher":"https:\/\/www.facebook.com\/smedemokrati2023","article_published_time":"2025-02-11T12:56:23+00:00","article_modified_time":"2025-02-11T12:56:24+00:00","og_image":[{"width":755,"height":417,"url":"https:\/\/www.smedemokrati.sk\/wp-content\/uploads\/2025\/02\/ficova_sestra_gp.jpg","type":"image\/jpeg"}],"author":"miro.sopko","twitter_card":"summary_large_image","twitter_misc":{"Napsal(a)":"miro.sopko","Odhadovan\u00e1 doba \u010dten\u00ed":"2 minuty"},"schema":{"@context":"https:\/\/schema.org","@graph":[{"@type":"Article","@id":"https:\/\/www.smedemokrati.sk\/prokuratorka-chabadova-rodena-ficova-zneuzila-svoje-postavenie-podavame-podnet-marosovi-zilinkovi\/#article","isPartOf":{"@id":"https:\/\/www.smedemokrati.sk\/prokuratorka-chabadova-rodena-ficova-zneuzila-svoje-postavenie-podavame-podnet-marosovi-zilinkovi\/"},"author":{"name":"miro.sopko","@id":"https:\/\/www.smedemokrati.sk\/#\/schema\/person\/21f147c88d605aa7ded900e1e7c344ba"},"headline":"Prokur\u00e1torka Chabadov\u00e1, roden\u00e1 Ficov\u00e1, zneu\u017eila svoje postavenie, pod\u00e1vame podnet Maro\u0161ovi \u017dilinkovi","datePublished":"2025-02-11T12:56:23+00:00","dateModified":"2025-02-11T12:56:24+00:00","mainEntityOfPage":{"@id":"https:\/\/www.smedemokrati.sk\/prokuratorka-chabadova-rodena-ficova-zneuzila-svoje-postavenie-podavame-podnet-marosovi-zilinkovi\/"},"wordCount":430,"publisher":{"@id":"https:\/\/www.smedemokrati.sk\/#organization"},"image":{"@id":"https:\/\/www.smedemokrati.sk\/prokuratorka-chabadova-rodena-ficova-zneuzila-svoje-postavenie-podavame-podnet-marosovi-zilinkovi\/#primaryimage"},"thumbnailUrl":"https:\/\/www.smedemokrati.sk\/wp-content\/uploads\/2025\/02\/ficova_sestra_gp.jpg","articleSection":["Tla\u010dov\u00e9 spr\u00e1vy"],"inLanguage":"cs-CZ"},{"@type":"WebPage","@id":"https:\/\/www.smedemokrati.sk\/prokuratorka-chabadova-rodena-ficova-zneuzila-svoje-postavenie-podavame-podnet-marosovi-zilinkovi\/","url":"https:\/\/www.smedemokrati.sk\/prokuratorka-chabadova-rodena-ficova-zneuzila-svoje-postavenie-podavame-podnet-marosovi-zilinkovi\/","name":"Prokur\u00e1torka Chabadov\u00e1, roden\u00e1 Ficov\u00e1, zneu\u017eila svoje postavenie, pod\u00e1vame podnet Maro\u0161ovi \u017dilinkovi","isPartOf":{"@id":"https:\/\/www.smedemokrati.sk\/#website"},"primaryImageOfPage":{"@id":"https:\/\/www.smedemokrati.sk\/prokuratorka-chabadova-rodena-ficova-zneuzila-svoje-postavenie-podavame-podnet-marosovi-zilinkovi\/#primaryimage"},"image":{"@id":"https:\/\/www.smedemokrati.sk\/prokuratorka-chabadova-rodena-ficova-zneuzila-svoje-postavenie-podavame-podnet-marosovi-zilinkovi\/#primaryimage"},"thumbnailUrl":"https:\/\/www.smedemokrati.sk\/wp-content\/uploads\/2025\/02\/ficova_sestra_gp.jpg","datePublished":"2025-02-11T12:56:23+00:00","dateModified":"2025-02-11T12:56:24+00:00","breadcrumb":{"@id":"https:\/\/www.smedemokrati.sk\/prokuratorka-chabadova-rodena-ficova-zneuzila-svoje-postavenie-podavame-podnet-marosovi-zilinkovi\/#breadcrumb"},"inLanguage":"cs-CZ","potentialAction":[{"@type":"ReadAction","target":["https:\/\/www.smedemokrati.sk\/prokuratorka-chabadova-rodena-ficova-zneuzila-svoje-postavenie-podavame-podnet-marosovi-zilinkovi\/"]}]},{"@type":"ImageObject","inLanguage":"cs-CZ","@id":"https:\/\/www.smedemokrati.sk\/prokuratorka-chabadova-rodena-ficova-zneuzila-svoje-postavenie-podavame-podnet-marosovi-zilinkovi\/#primaryimage","url":"https:\/\/www.smedemokrati.sk\/wp-content\/uploads\/2025\/02\/ficova_sestra_gp.jpg","contentUrl":"https:\/\/www.smedemokrati.sk\/wp-content\/uploads\/2025\/02\/ficova_sestra_gp.jpg","width":755,"height":417},{"@type":"BreadcrumbList","@id":"https:\/\/www.smedemokrati.sk\/prokuratorka-chabadova-rodena-ficova-zneuzila-svoje-postavenie-podavame-podnet-marosovi-zilinkovi\/#breadcrumb","itemListElement":[{"@type":"ListItem","position":1,"name":"Domovsk\u00e1 str\u00e1nka","item":"https:\/\/www.smedemokrati.sk\/"},{"@type":"ListItem","position":2,"name":"Prokur\u00e1torka Chabadov\u00e1, roden\u00e1 Ficov\u00e1, zneu\u017eila svoje postavenie, pod\u00e1vame podnet Maro\u0161ovi \u017dilinkovi"}]},{"@type":"WebSite","@id":"https:\/\/www.smedemokrati.sk\/#website","url":"https:\/\/www.smedemokrati.sk\/","name":"Smedemokrati.sk","description":"Demokracia a slu\u0161nos\u0165 zv\u00ed\u0165az\u00ed","publisher":{"@id":"https:\/\/www.smedemokrati.sk\/#organization"},"potentialAction":[{"@type":"SearchAction","target":{"@type":"EntryPoint","urlTemplate":"https:\/\/www.smedemokrati.sk\/?s={search_term_string}"},"query-input":{"@type":"PropertyValueSpecification","valueRequired":true,"valueName":"search_term_string"}}],"inLanguage":"cs-CZ"},{"@type":"Organization","@id":"https:\/\/www.smedemokrati.sk\/#organization","name":"Smedemokrati.sk","url":"https:\/\/www.smedemokrati.sk\/","logo":{"@type":"ImageObject","inLanguage":"cs-CZ","@id":"https:\/\/www.smedemokrati.sk\/#\/schema\/logo\/image\/","url":"https:\/\/www.smedemokrati.sk\/wp-content\/uploads\/2023\/04\/ff.002.jpeg","contentUrl":"https:\/\/www.smedemokrati.sk\/wp-content\/uploads\/2023\/04\/ff.002.jpeg","width":640,"height":480,"caption":"Smedemokrati.sk"},"image":{"@id":"https:\/\/www.smedemokrati.sk\/#\/schema\/logo\/image\/"},"sameAs":["https:\/\/www.facebook.com\/smedemokrati2023"]},{"@type":"Person","@id":"https:\/\/www.smedemokrati.sk\/#\/schema\/person\/21f147c88d605aa7ded900e1e7c344ba","name":"miro.sopko","image":{"@type":"ImageObject","inLanguage":"cs-CZ","@id":"https:\/\/secure.gravatar.com\/avatar\/267e4a36f704376c109afe3a78740c1f5dd8675a2180a908699e7863c9247606?s=96&d=mm&r=g","url":"https:\/\/secure.gravatar.com\/avatar\/267e4a36f704376c109afe3a78740c1f5dd8675a2180a908699e7863c9247606?s=96&d=mm&r=g","contentUrl":"https:\/\/secure.gravatar.com\/avatar\/267e4a36f704376c109afe3a78740c1f5dd8675a2180a908699e7863c9247606?s=96&d=mm&r=g","caption":"miro.sopko"},"url":"https:\/\/www.smedemokrati.sk\/cs\/author\/miro-sopko\/"}]}},"_links":{"self":[{"href":"https:\/\/www.smedemokrati.sk\/cs\/wp-json\/wp\/v2\/posts\/6365","targetHints":{"allow":["GET"]}}],"collection":[{"href":"https:\/\/www.smedemokrati.sk\/cs\/wp-json\/wp\/v2\/posts"}],"about":[{"href":"https:\/\/www.smedemokrati.sk\/cs\/wp-json\/wp\/v2\/types\/post"}],"author":[{"embeddable":true,"href":"https:\/\/www.smedemokrati.sk\/cs\/wp-json\/wp\/v2\/users\/13"}],"replies":[{"embeddable":true,"href":"https:\/\/www.smedemokrati.sk\/cs\/wp-json\/wp\/v2\/comments?post=6365"}],"version-history":[{"count":1,"href":"https:\/\/www.smedemokrati.sk\/cs\/wp-json\/wp\/v2\/posts\/6365\/revisions"}],"predecessor-version":[{"id":6368,"href":"https:\/\/www.smedemokrati.sk\/cs\/wp-json\/wp\/v2\/posts\/6365\/revisions\/6368"}],"wp:featuredmedia":[{"embeddable":true,"href":"https:\/\/www.smedemokrati.sk\/cs\/wp-json\/wp\/v2\/media\/6367"}],"wp:attachment":[{"href":"https:\/\/www.smedemokrati.sk\/cs\/wp-json\/wp\/v2\/media?parent=6365"}],"wp:term":[{"taxonomy":"category","embeddable":true,"href":"https:\/\/www.smedemokrati.sk\/cs\/wp-json\/wp\/v2\/categories?post=6365"},{"taxonomy":"post_tag","embeddable":true,"href":"https:\/\/www.smedemokrati.sk\/cs\/wp-json\/wp\/v2\/tags?post=6365"}],"curies":[{"name":"wp","href":"https:\/\/api.w.org\/{rel}","templated":true}]}}