{"id":6347,"date":"2025-02-09T22:23:00","date_gmt":"2025-02-09T21:23:00","guid":{"rendered":"https:\/\/www.smedemokrati.sk\/?p=6347"},"modified":"2025-02-10T07:31:05","modified_gmt":"2025-02-10T06:31:05","slug":"reakcia-predsedu-demokratov-jaroslava-nada-k","status":"publish","type":"post","link":"https:\/\/www.smedemokrati.sk\/cs\/reakcia-predsedu-demokratov-jaroslava-nada-k\/","title":{"rendered":"Reakcia predsedu Demokratov Jaroslava Na\u010fa k vyjadreniam Tibora Ga\u0161para"},"content":{"rendered":"<div id=\"fb-root\"><\/div>\n\n<p>Reakcia sa t\u00fdka na vyjadrenia T. Ga\u0161para (Smer), ktor\u00fd v politickej rel\u00e1cii povedal, \u017ee by politick\u00e1 strana Demokrati mala by\u0165 zru\u0161en\u00e1.<\/p>\n\n\n<div class=\"fb-video\" data-href=\"https:\/\/www.facebook.com\/JaroNadPublic\/videos\/1151965472998003\" data-allowfullscreen=\"true\" data-autoplay=\"false\" data-width=\"\" data-show-text=\"false\" data-show-captions=\"true\"><\/div>\n","protected":false},"excerpt":{"rendered":"<p>Reakcia sa t\u00fdka na vyjadrenia T. Ga\u0161para (Smer), ktor\u00fd v politickej rel\u00e1cii povedal, \u017ee by politick\u00e1 strana Demokrati mala by\u0165 zru\u0161en\u00e1.<\/p>\n","protected":false},"author":13,"featured_media":6348,"comment_status":"closed","ping_status":"closed","sticky":false,"template":"","format":"standard","meta":{"_acf_changed":false,"ngg_post_thumbnail":0,"footnotes":""},"categories":[11,6],"tags":[],"class_list":["post-6347","post","type-post","status-publish","format-standard","has-post-thumbnail","hentry","category-vyhlasenia","category-videa"],"acf":[],"yoast_head":"<!-- This site is optimized with the Yoast SEO plugin v27.2 - https:\/\/yoast.com\/product\/yoast-seo-wordpress\/ -->\n<title>Reakcia predsedu Demokratov Jaroslava Na\u010fa k vyjadreniam Tibora Ga\u0161para<\/title>\n<meta name=\"robots\" content=\"index, follow, max-snippet:-1, max-image-preview:large, max-video-preview:-1\" \/>\n<link rel=\"canonical\" href=\"https:\/\/www.smedemokrati.sk\/cs\/reakcia-predsedu-demokratov-jaroslava-nada-k\/\" \/>\n<meta property=\"og:locale\" content=\"cs_CZ\" \/>\n<meta property=\"og:locale:alternate\" content=\"en_US\" \/>\n<meta property=\"og:locale:alternate\" content=\"hu_HU\" \/>\n<meta property=\"og:locale:alternate\" content=\"sk_SK\" \/>\n<meta property=\"og:locale:alternate\" content=\"sv_SE\" \/>\n<meta property=\"og:type\" content=\"article\" \/>\n<meta property=\"og:title\" content=\"Reakcia predsedu Demokratov Jaroslava Na\u010fa k vyjadreniam Tibora Ga\u0161para\" \/>\n<meta property=\"og:description\" content=\"Reakcia sa t\u00fdka na vyjadrenia T. Ga\u0161para (Smer), ktor\u00fd v politickej rel\u00e1cii povedal, \u017ee by politick\u00e1 strana Demokrati mala by\u0165 zru\u0161en\u00e1.\" \/>\n<meta property=\"og:url\" content=\"https:\/\/www.smedemokrati.sk\/cs\/reakcia-predsedu-demokratov-jaroslava-nada-k\/\" \/>\n<meta property=\"og:site_name\" content=\"Smedemokrati.sk\" \/>\n<meta property=\"article:publisher\" content=\"https:\/\/www.facebook.com\/smedemokrati2023\" \/>\n<meta property=\"article:published_time\" content=\"2025-02-09T21:23:00+00:00\" \/>\n<meta property=\"article:modified_time\" content=\"2025-02-10T06:31:05+00:00\" \/>\n<meta property=\"og:image\" content=\"https:\/\/www.smedemokrati.sk\/wp-content\/uploads\/2025\/02\/nad_vs_gaspar.jpg\" \/>\n\t<meta property=\"og:image:width\" content=\"1616\" \/>\n\t<meta property=\"og:image:height\" content=\"1036\" \/>\n\t<meta property=\"og:image:type\" content=\"image\/jpeg\" \/>\n<meta name=\"author\" content=\"miro.sopko\" \/>\n<meta name=\"twitter:card\" content=\"summary_large_image\" \/>\n<meta name=\"twitter:label1\" content=\"Napsal(a)\" \/>\n\t<meta name=\"twitter:data1\" content=\"miro.sopko\" \/>\n\t<meta name=\"twitter:label2\" content=\"Odhadovan\u00e1 doba \u010dten\u00ed\" \/>\n\t<meta name=\"twitter:data2\" content=\"1 minuta\" \/>\n<script type=\"application\/ld+json\" class=\"yoast-schema-graph\">{\"@context\":\"https:\/\/schema.org\",\"@graph\":[{\"@type\":\"Article\",\"@id\":\"https:\/\/www.smedemokrati.sk\/reakcia-predsedu-demokratov-jaroslava-nada-k\/#article\",\"isPartOf\":{\"@id\":\"https:\/\/www.smedemokrati.sk\/reakcia-predsedu-demokratov-jaroslava-nada-k\/\"},\"author\":{\"name\":\"miro.sopko\",\"@id\":\"https:\/\/www.smedemokrati.sk\/#\/schema\/person\/21f147c88d605aa7ded900e1e7c344ba\"},\"headline\":\"Reakcia predsedu Demokratov Jaroslava Na\u010fa k vyjadreniam Tibora Ga\u0161para\",\"datePublished\":\"2025-02-09T21:23:00+00:00\",\"dateModified\":\"2025-02-10T06:31:05+00:00\",\"mainEntityOfPage\":{\"@id\":\"https:\/\/www.smedemokrati.sk\/reakcia-predsedu-demokratov-jaroslava-nada-k\/\"},\"wordCount\":48,\"publisher\":{\"@id\":\"https:\/\/www.smedemokrati.sk\/#organization\"},\"image\":{\"@id\":\"https:\/\/www.smedemokrati.sk\/reakcia-predsedu-demokratov-jaroslava-nada-k\/#primaryimage\"},\"thumbnailUrl\":\"https:\/\/www.smedemokrati.sk\/wp-content\/uploads\/2025\/02\/nad_vs_gaspar.jpg\",\"articleSection\":[\"Vyhl\u00e1senia\",\"Vide\u00e1\"],\"inLanguage\":\"cs-CZ\"},{\"@type\":\"WebPage\",\"@id\":\"https:\/\/www.smedemokrati.sk\/reakcia-predsedu-demokratov-jaroslava-nada-k\/\",\"url\":\"https:\/\/www.smedemokrati.sk\/reakcia-predsedu-demokratov-jaroslava-nada-k\/\",\"name\":\"Reakcia predsedu Demokratov Jaroslava Na\u010fa k vyjadreniam Tibora Ga\u0161para\",\"isPartOf\":{\"@id\":\"https:\/\/www.smedemokrati.sk\/#website\"},\"primaryImageOfPage\":{\"@id\":\"https:\/\/www.smedemokrati.sk\/reakcia-predsedu-demokratov-jaroslava-nada-k\/#primaryimage\"},\"image\":{\"@id\":\"https:\/\/www.smedemokrati.sk\/reakcia-predsedu-demokratov-jaroslava-nada-k\/#primaryimage\"},\"thumbnailUrl\":\"https:\/\/www.smedemokrati.sk\/wp-content\/uploads\/2025\/02\/nad_vs_gaspar.jpg\",\"datePublished\":\"2025-02-09T21:23:00+00:00\",\"dateModified\":\"2025-02-10T06:31:05+00:00\",\"breadcrumb\":{\"@id\":\"https:\/\/www.smedemokrati.sk\/reakcia-predsedu-demokratov-jaroslava-nada-k\/#breadcrumb\"},\"inLanguage\":\"cs-CZ\",\"potentialAction\":[{\"@type\":\"ReadAction\",\"target\":[\"https:\/\/www.smedemokrati.sk\/reakcia-predsedu-demokratov-jaroslava-nada-k\/\"]}]},{\"@type\":\"ImageObject\",\"inLanguage\":\"cs-CZ\",\"@id\":\"https:\/\/www.smedemokrati.sk\/reakcia-predsedu-demokratov-jaroslava-nada-k\/#primaryimage\",\"url\":\"https:\/\/www.smedemokrati.sk\/wp-content\/uploads\/2025\/02\/nad_vs_gaspar.jpg\",\"contentUrl\":\"https:\/\/www.smedemokrati.sk\/wp-content\/uploads\/2025\/02\/nad_vs_gaspar.jpg\",\"width\":1616,\"height\":1036},{\"@type\":\"BreadcrumbList\",\"@id\":\"https:\/\/www.smedemokrati.sk\/reakcia-predsedu-demokratov-jaroslava-nada-k\/#breadcrumb\",\"itemListElement\":[{\"@type\":\"ListItem\",\"position\":1,\"name\":\"Domovsk\u00e1 str\u00e1nka\",\"item\":\"https:\/\/www.smedemokrati.sk\/\"},{\"@type\":\"ListItem\",\"position\":2,\"name\":\"Reakcia predsedu Demokratov Jaroslava Na\u010fa k vyjadreniam Tibora Ga\u0161para\"}]},{\"@type\":\"WebSite\",\"@id\":\"https:\/\/www.smedemokrati.sk\/#website\",\"url\":\"https:\/\/www.smedemokrati.sk\/\",\"name\":\"Smedemokrati.sk\",\"description\":\"Demokracia a slu\u0161nos\u0165 zv\u00ed\u0165az\u00ed\",\"publisher\":{\"@id\":\"https:\/\/www.smedemokrati.sk\/#organization\"},\"potentialAction\":[{\"@type\":\"SearchAction\",\"target\":{\"@type\":\"EntryPoint\",\"urlTemplate\":\"https:\/\/www.smedemokrati.sk\/?s={search_term_string}\"},\"query-input\":{\"@type\":\"PropertyValueSpecification\",\"valueRequired\":true,\"valueName\":\"search_term_string\"}}],\"inLanguage\":\"cs-CZ\"},{\"@type\":\"Organization\",\"@id\":\"https:\/\/www.smedemokrati.sk\/#organization\",\"name\":\"Smedemokrati.sk\",\"url\":\"https:\/\/www.smedemokrati.sk\/\",\"logo\":{\"@type\":\"ImageObject\",\"inLanguage\":\"cs-CZ\",\"@id\":\"https:\/\/www.smedemokrati.sk\/#\/schema\/logo\/image\/\",\"url\":\"https:\/\/www.smedemokrati.sk\/wp-content\/uploads\/2023\/04\/ff.002.jpeg\",\"contentUrl\":\"https:\/\/www.smedemokrati.sk\/wp-content\/uploads\/2023\/04\/ff.002.jpeg\",\"width\":640,\"height\":480,\"caption\":\"Smedemokrati.sk\"},\"image\":{\"@id\":\"https:\/\/www.smedemokrati.sk\/#\/schema\/logo\/image\/\"},\"sameAs\":[\"https:\/\/www.facebook.com\/smedemokrati2023\"]},{\"@type\":\"Person\",\"@id\":\"https:\/\/www.smedemokrati.sk\/#\/schema\/person\/21f147c88d605aa7ded900e1e7c344ba\",\"name\":\"miro.sopko\",\"image\":{\"@type\":\"ImageObject\",\"inLanguage\":\"cs-CZ\",\"@id\":\"https:\/\/secure.gravatar.com\/avatar\/267e4a36f704376c109afe3a78740c1f5dd8675a2180a908699e7863c9247606?s=96&d=mm&r=g\",\"url\":\"https:\/\/secure.gravatar.com\/avatar\/267e4a36f704376c109afe3a78740c1f5dd8675a2180a908699e7863c9247606?s=96&d=mm&r=g\",\"contentUrl\":\"https:\/\/secure.gravatar.com\/avatar\/267e4a36f704376c109afe3a78740c1f5dd8675a2180a908699e7863c9247606?s=96&d=mm&r=g\",\"caption\":\"miro.sopko\"},\"url\":\"https:\/\/www.smedemokrati.sk\/cs\/author\/miro-sopko\/\"}]}<\/script>\n<!-- \/ Yoast SEO plugin. -->","yoast_head_json":{"title":"Reakcia predsedu Demokratov Jaroslava Na\u010fa k vyjadreniam Tibora Ga\u0161para","robots":{"index":"index","follow":"follow","max-snippet":"max-snippet:-1","max-image-preview":"max-image-preview:large","max-video-preview":"max-video-preview:-1"},"canonical":"https:\/\/www.smedemokrati.sk\/cs\/reakcia-predsedu-demokratov-jaroslava-nada-k\/","og_locale":"cs_CZ","og_type":"article","og_title":"[:sk]Reakcia predsedu Demokratov Jaroslava Na\u010fa k vyjadreniam Tibora Ga\u0161para[:] - Smedemokrati.sk","og_description":"Reakcia sa t\u00fdka na vyjadrenia T. Ga\u0161para (Smer), ktor\u00fd v politickej rel\u00e1cii povedal, \u017ee by politick\u00e1 strana Demokrati mala by\u0165 zru\u0161en\u00e1.","og_url":"https:\/\/www.smedemokrati.sk\/cs\/reakcia-predsedu-demokratov-jaroslava-nada-k\/","og_site_name":"Smedemokrati.sk","article_publisher":"https:\/\/www.facebook.com\/smedemokrati2023","article_published_time":"2025-02-09T21:23:00+00:00","article_modified_time":"2025-02-10T06:31:05+00:00","og_image":[{"width":1616,"height":1036,"url":"https:\/\/www.smedemokrati.sk\/wp-content\/uploads\/2025\/02\/nad_vs_gaspar.jpg","type":"image\/jpeg"}],"author":"miro.sopko","twitter_card":"summary_large_image","twitter_misc":{"Napsal(a)":"miro.sopko","Odhadovan\u00e1 doba \u010dten\u00ed":"1 minuta"},"schema":{"@context":"https:\/\/schema.org","@graph":[{"@type":"Article","@id":"https:\/\/www.smedemokrati.sk\/reakcia-predsedu-demokratov-jaroslava-nada-k\/#article","isPartOf":{"@id":"https:\/\/www.smedemokrati.sk\/reakcia-predsedu-demokratov-jaroslava-nada-k\/"},"author":{"name":"miro.sopko","@id":"https:\/\/www.smedemokrati.sk\/#\/schema\/person\/21f147c88d605aa7ded900e1e7c344ba"},"headline":"Reakcia predsedu Demokratov Jaroslava Na\u010fa k vyjadreniam Tibora Ga\u0161para","datePublished":"2025-02-09T21:23:00+00:00","dateModified":"2025-02-10T06:31:05+00:00","mainEntityOfPage":{"@id":"https:\/\/www.smedemokrati.sk\/reakcia-predsedu-demokratov-jaroslava-nada-k\/"},"wordCount":48,"publisher":{"@id":"https:\/\/www.smedemokrati.sk\/#organization"},"image":{"@id":"https:\/\/www.smedemokrati.sk\/reakcia-predsedu-demokratov-jaroslava-nada-k\/#primaryimage"},"thumbnailUrl":"https:\/\/www.smedemokrati.sk\/wp-content\/uploads\/2025\/02\/nad_vs_gaspar.jpg","articleSection":["Vyhl\u00e1senia","Vide\u00e1"],"inLanguage":"cs-CZ"},{"@type":"WebPage","@id":"https:\/\/www.smedemokrati.sk\/reakcia-predsedu-demokratov-jaroslava-nada-k\/","url":"https:\/\/www.smedemokrati.sk\/reakcia-predsedu-demokratov-jaroslava-nada-k\/","name":"Reakcia predsedu Demokratov Jaroslava Na\u010fa k vyjadreniam Tibora Ga\u0161para","isPartOf":{"@id":"https:\/\/www.smedemokrati.sk\/#website"},"primaryImageOfPage":{"@id":"https:\/\/www.smedemokrati.sk\/reakcia-predsedu-demokratov-jaroslava-nada-k\/#primaryimage"},"image":{"@id":"https:\/\/www.smedemokrati.sk\/reakcia-predsedu-demokratov-jaroslava-nada-k\/#primaryimage"},"thumbnailUrl":"https:\/\/www.smedemokrati.sk\/wp-content\/uploads\/2025\/02\/nad_vs_gaspar.jpg","datePublished":"2025-02-09T21:23:00+00:00","dateModified":"2025-02-10T06:31:05+00:00","breadcrumb":{"@id":"https:\/\/www.smedemokrati.sk\/reakcia-predsedu-demokratov-jaroslava-nada-k\/#breadcrumb"},"inLanguage":"cs-CZ","potentialAction":[{"@type":"ReadAction","target":["https:\/\/www.smedemokrati.sk\/reakcia-predsedu-demokratov-jaroslava-nada-k\/"]}]},{"@type":"ImageObject","inLanguage":"cs-CZ","@id":"https:\/\/www.smedemokrati.sk\/reakcia-predsedu-demokratov-jaroslava-nada-k\/#primaryimage","url":"https:\/\/www.smedemokrati.sk\/wp-content\/uploads\/2025\/02\/nad_vs_gaspar.jpg","contentUrl":"https:\/\/www.smedemokrati.sk\/wp-content\/uploads\/2025\/02\/nad_vs_gaspar.jpg","width":1616,"height":1036},{"@type":"BreadcrumbList","@id":"https:\/\/www.smedemokrati.sk\/reakcia-predsedu-demokratov-jaroslava-nada-k\/#breadcrumb","itemListElement":[{"@type":"ListItem","position":1,"name":"Domovsk\u00e1 str\u00e1nka","item":"https:\/\/www.smedemokrati.sk\/"},{"@type":"ListItem","position":2,"name":"Reakcia predsedu Demokratov Jaroslava Na\u010fa k vyjadreniam Tibora Ga\u0161para"}]},{"@type":"WebSite","@id":"https:\/\/www.smedemokrati.sk\/#website","url":"https:\/\/www.smedemokrati.sk\/","name":"Smedemokrati.sk","description":"Demokracia a slu\u0161nos\u0165 zv\u00ed\u0165az\u00ed","publisher":{"@id":"https:\/\/www.smedemokrati.sk\/#organization"},"potentialAction":[{"@type":"SearchAction","target":{"@type":"EntryPoint","urlTemplate":"https:\/\/www.smedemokrati.sk\/?s={search_term_string}"},"query-input":{"@type":"PropertyValueSpecification","valueRequired":true,"valueName":"search_term_string"}}],"inLanguage":"cs-CZ"},{"@type":"Organization","@id":"https:\/\/www.smedemokrati.sk\/#organization","name":"Smedemokrati.sk","url":"https:\/\/www.smedemokrati.sk\/","logo":{"@type":"ImageObject","inLanguage":"cs-CZ","@id":"https:\/\/www.smedemokrati.sk\/#\/schema\/logo\/image\/","url":"https:\/\/www.smedemokrati.sk\/wp-content\/uploads\/2023\/04\/ff.002.jpeg","contentUrl":"https:\/\/www.smedemokrati.sk\/wp-content\/uploads\/2023\/04\/ff.002.jpeg","width":640,"height":480,"caption":"Smedemokrati.sk"},"image":{"@id":"https:\/\/www.smedemokrati.sk\/#\/schema\/logo\/image\/"},"sameAs":["https:\/\/www.facebook.com\/smedemokrati2023"]},{"@type":"Person","@id":"https:\/\/www.smedemokrati.sk\/#\/schema\/person\/21f147c88d605aa7ded900e1e7c344ba","name":"miro.sopko","image":{"@type":"ImageObject","inLanguage":"cs-CZ","@id":"https:\/\/secure.gravatar.com\/avatar\/267e4a36f704376c109afe3a78740c1f5dd8675a2180a908699e7863c9247606?s=96&d=mm&r=g","url":"https:\/\/secure.gravatar.com\/avatar\/267e4a36f704376c109afe3a78740c1f5dd8675a2180a908699e7863c9247606?s=96&d=mm&r=g","contentUrl":"https:\/\/secure.gravatar.com\/avatar\/267e4a36f704376c109afe3a78740c1f5dd8675a2180a908699e7863c9247606?s=96&d=mm&r=g","caption":"miro.sopko"},"url":"https:\/\/www.smedemokrati.sk\/cs\/author\/miro-sopko\/"}]}},"_links":{"self":[{"href":"https:\/\/www.smedemokrati.sk\/cs\/wp-json\/wp\/v2\/posts\/6347","targetHints":{"allow":["GET"]}}],"collection":[{"href":"https:\/\/www.smedemokrati.sk\/cs\/wp-json\/wp\/v2\/posts"}],"about":[{"href":"https:\/\/www.smedemokrati.sk\/cs\/wp-json\/wp\/v2\/types\/post"}],"author":[{"embeddable":true,"href":"https:\/\/www.smedemokrati.sk\/cs\/wp-json\/wp\/v2\/users\/13"}],"replies":[{"embeddable":true,"href":"https:\/\/www.smedemokrati.sk\/cs\/wp-json\/wp\/v2\/comments?post=6347"}],"version-history":[{"count":2,"href":"https:\/\/www.smedemokrati.sk\/cs\/wp-json\/wp\/v2\/posts\/6347\/revisions"}],"predecessor-version":[{"id":6350,"href":"https:\/\/www.smedemokrati.sk\/cs\/wp-json\/wp\/v2\/posts\/6347\/revisions\/6350"}],"wp:featuredmedia":[{"embeddable":true,"href":"https:\/\/www.smedemokrati.sk\/cs\/wp-json\/wp\/v2\/media\/6348"}],"wp:attachment":[{"href":"https:\/\/www.smedemokrati.sk\/cs\/wp-json\/wp\/v2\/media?parent=6347"}],"wp:term":[{"taxonomy":"category","embeddable":true,"href":"https:\/\/www.smedemokrati.sk\/cs\/wp-json\/wp\/v2\/categories?post=6347"},{"taxonomy":"post_tag","embeddable":true,"href":"https:\/\/www.smedemokrati.sk\/cs\/wp-json\/wp\/v2\/tags?post=6347"}],"curies":[{"name":"wp","href":"https:\/\/api.w.org\/{rel}","templated":true}]}}