{"id":6305,"date":"2025-02-05T16:20:00","date_gmt":"2025-02-05T15:20:00","guid":{"rendered":"https:\/\/www.smedemokrati.sk\/?p=6305"},"modified":"2025-02-05T19:37:20","modified_gmt":"2025-02-05T18:37:20","slug":"taraba-chce-zrychlenie-schvalit-spornu-investiciu-za-24-mld-eur","status":"publish","type":"post","link":"https:\/\/www.smedemokrati.sk\/cs\/taraba-chce-zrychlenie-schvalit-spornu-investiciu-za-24-mld-eur\/","title":{"rendered":"Taraba chce zr\u00fdchlenie schv\u00e1li\u0165 sporn\u00fa invest\u00edciu za 2,4 mld. eur"},"content":{"rendered":"<div id=\"fb-root\"><\/div>\n\n<p><strong>Ministerstvo \u017eivotn\u00e9ho prostredia SR v\u010dera predlo\u017eilo do skr\u00e1ten\u00e9ho medzirezortn\u00e9ho pripomienkov\u00e9ho konania n\u00e1vrh na ur\u010denie \u010fal\u0161ej strategickej invest\u00edcie. A to konkr\u00e9tne projektu \u201ePre\u010derp\u00e1vacia vodn\u00e1 elektr\u00e1re\u0148 M\u00e1linec\u201c za 2,386 mld. eur bez DPH, ktor\u00fd si Taraba chce necha\u0165 vl\u00e1dou schv\u00e1li\u0165 expresne a pripomienkov\u00e9 konanie z d\u00f4vodu \u201chroziacich zna\u010dn\u00fdch hospod\u00e1rskych \u0161k\u00f4d\u201d skr\u00e1til len na 5 dn\u00ed. Od\u00f4vod\u0148uje to aj \u201cpodpazuchov\u00fdm\u201d uznesen\u00edm vl\u00e1dy z decembra 2024, schv\u00e1len\u00e9ho op\u00e4\u0165 bez pripomienkov\u00e9ho konania. Potreba budovania takejto mega invest\u00edcie je sporn\u00e1 aj z energetick\u00e9ho h\u013eadiska. Pova\u017eujeme za neakceptovate\u013en\u00e9, \u017ee tak\u00e9to z\u00e1va\u017en\u00e9 kroky vl\u00e1da rob\u00ed v tichosti a bez zapojenia \u0161irokej verejnosti. Dokonca aj \u013eudia, ktor\u00ed \u017eij\u00fa priamo v regi\u00f3ne, boli odignorovan\u00ed. Robert Fico s jeho dru\u017einou nevl\u00e1dnu pre \u013eud\u00ed, ale len pre z\u00e1ujmov\u00e9 skupiny.<\/strong><\/p>\n\n\n\n<p>\u201e<em>Robert Fico po n\u00e1vrate z \u010c\u00edny len tak mimochodom ohl\u00e1sil eminentn\u00fd z\u00e1ujem tejto krajiny na financovan\u00ed v\u00fdstavby pre\u010derp\u00e1vacej vodnej elektr\u00e1rni na Ipli. A z\u00e1mer o tom \u010falej rokova\u0165. Prebehlo p\u00e1r mesiacov a u\u017e ho m\u00e1me hotov\u00fd na stole. Ak m\u00e1 ma\u0165 projekt s n\u00e1kladmi okolo 2,4 mld. eur eur ekonomick\u00e9 opodstatnenie a strategick\u00fd v\u00fdznam, ur\u010dite by sa na\u0161iel aj eur\u00f3psky investor. Ak nie, potom p\u00f4jde o obrovsk\u00fa vplyvov\u00fa akciu \u010c\u00edny. T\u00e1 bude m\u00f4c\u0165 ovplyv\u0148ova\u0165 zad\u00e1vanie z\u00e1kaziek a n\u00e1sledn\u00e9 riadenie elektr\u00e1rne. Model \u010d\u00ednskych \u0161t\u00e1tnych invest\u00edci\u00ed a finan\u010dn\u00fdch n\u00e1strojov sa uk\u00e1zal v mnoh\u00fdch krajin\u00e1ch ako ve\u013emi v\u00fdhodn\u00fd &#8211; av\u0161ak v\u017edy len pre \u010c\u00ednu,<\/em>&#8220; hovor\u00ed Michal Ki\u010da, environment\u00e1lny expert Demokratov.<\/p>\n\n\n\n<p>Priestor na \u0161pekul\u00e1cie o tomto scen\u00e1ri vytv\u00e1ra s\u00e1m Taraba, lebo o pozad\u00ed financovania invest\u00edcie ml\u010d\u00ed. Dokonca priamo navrhuje aj ozna\u010denie tzv. vy\u0161\u0161ieho verejn\u00e9ho z\u00e1ujmu v n\u00e1vrhu vl\u00e1dneho uznesenia pre \u010fal\u0161\u00ed proces \u00fazemn\u00e9ho konania, \u010do sa ale vykon\u00e1va a\u017e v \u010dase, kedy s\u00fa zn\u00e1me detailn\u00e9 parametre invest\u00edcie. M\u00e1me preto podozrenie, \u017ee chce vyblokova\u0165 ak\u00fako\u013evek zmyslupln\u00fa diskusiu o tejto megainvest\u00edcii. Osved\u010denie s tak\u00fdmto obsahom by umo\u017e\u0148ovalo expresn\u00e9 vyvlast\u0148ovanie, znehodnotilo by majetok miestnych \u013eud\u00ed, vylu\u010dovalo by zodpovednos\u0165 investora za \u0161kody a z procesu EIA by spravilo len jednosmern\u00fd automat na povolenia. Dotknut\u00ed obyvatelia sa z d\u00f4vodu situ\u00e1cie s katastrom nevedia ani kvalifikovane dozvedie\u0165, \u010di sa strategick\u00e1 invest\u00edcia so z\u00e1va\u017en\u00fdmi d\u00f4sledkami na ich pr\u00e1va t\u00fdka aj ich.&nbsp;<\/p>\n\n\n\n<p>\u201e<em>Minister vl\u00e1de navrhuje, aby namiesto relevantnej \u0161t\u00fadie efekt\u00edvnosti takejto megainvest\u00edcie, pos\u00fadenia v mechanizme hodnoty za peniaze, zd\u00f4vodnenia v\u00fdberu lokality, transparentnej s\u00fa\u0165a\u017ee o jej realiz\u00e1tora za jasn\u00fdch podmienok, p\u00e1r v\u0161eobecn\u00fdmi riadkami vo vl\u00e1dnom materi\u00e1li rozhodla, \u017ee stava\u0165 sa ide. Pova\u017eujem to za \u0161okuj\u00face a neakceptovate\u013en\u00e9,<\/em>&#8220; zd\u00f4raz\u0148uje Ki\u010da. O biznisovom pozad\u00ed SMER-u za projektom pre\u010derp\u00e1vacej vodnej elektr\u00e1rne p\u00edsal u\u017e J\u00e1n Kuciak v j\u00fali 2016, kedy rozkryl chobotnicu vz\u0165ahov za firmami, ktor\u00e9 projekt tla\u010dili.\u00a0<\/p>\n\n\n\n<p>\u201e<em>V takto predkladanom projekte re\u00e1lne hroz\u00ed, \u017ee n\u00e1klady na v\u00fdstavbu tejto superdrahej a pre potreby na\u0161ej elektriza\u010dnej s\u00fastavy spornej pre\u010derp\u00e1vacej elektr\u00e1rne, zaplatia nakoniec vo zv\u00fd\u0161en\u00fdch cen\u00e1ch elektriny spotrebitelia na Slovensku &#8211; firmy ale aj ob\u010dania. V\u00fdkon a vyroben\u00e1 elektrina bude ur\u010den\u00e1 pre potreby mimo Slovenska, ale n\u00e1klady a rizik\u00e1 pones\u00fa da\u0148ov\u00ed poplatn\u00edci a spotrebitelia elektriny na Slovensku. Minister Taraba a Ficova vl\u00e1da maj\u00fa na jednej strane mo\u017en\u00fd pl\u00e1n do zahrani\u010dia rozpred\u00e1va\u0165 lacn\u00fa ale vz\u00e1cnu \u010dist\u00fa elektrinu z Gab\u010d\u00edkova. A teraz n\u00e1m chc\u00fa zbyto\u010dne v\u00fdrazne zv\u00fd\u0161i\u0165 ceny elektriny do bud\u00facnosti, stavan\u00edm zbyto\u010dn\u00fdch a superdrah\u00fdch elektr\u00e1rn\u00ed, ur\u010den\u00fdch tie\u017e pre zahrani\u010dn\u00e9 trhy,<\/em>&#8220; upozor\u0148uje Karel Hirman, expert na energetiku a b\u00fdval\u00fd minister hospod\u00e1rstva.\u00a0<\/p>\n\n\n\n<p>Projekt je problematick\u00fd aj z h\u013eadiska z\u00e1sobovania obyvate\u013eov Slovenska pitnou vodou. Vod\u00e1rensk\u00e1 n\u00e1dr\u017e M\u00e1linec je toti\u017e ur\u010den\u00e1 prim\u00e1rne na tento \u00fa\u010del. Jej energetick\u00e9 vyu\u017eitie nie je s\u00edce a-priori vyl\u00fa\u010den\u00e9, ale dodr\u017eanie podmienok hygienick\u00fdch p\u00e1siem ochrany a hygienickej bezpe\u010dnosti samotnej n\u00e1dr\u017ee, ak by mala sl\u00fa\u017ei\u0165 ako doln\u00fd stupe\u0148 pre\u010derp\u00e1vacej elektr\u00e1rne, je \u0165a\u017eko realizovate\u013en\u00e9, ak nie \u00faplne vyl\u00fa\u010den\u00e9.&nbsp;<\/p>\n\n\n\n<p><em>\u201eA v\u0161etko sa deje za nulovej komunik\u00e1cie s miestnymi \u013eu\u010fmi. \u017diadne rokovanie, \u017eiadne stretnutie, \u017eiaden list, vysvetlenie pl\u00e1nov vl\u00e1dy. Toto je odkaz vl\u00e1dy ob\u010danom a slovensk\u00fdm firm\u00e1m. Vy sa do ni\u010doho nestarajte, my V\u00e1m zni\u010d\u00edme pr\u00edrodu a Va\u0161e osudy, a to v\u0161etko mo\u017eno pre mo\u017en\u00fd profit \u010c\u00edny a \u013eud\u00ed v pozad\u00ed za t\u00fdmto projektom,\u201d\u00a0<\/em>uzatv\u00e1ra Michal Ki\u010da.\u00a0<\/p>\n","protected":false},"excerpt":{"rendered":"<p>Ministerstvo \u017eivotn\u00e9ho prostredia SR v\u010dera predlo\u017eilo do skr\u00e1ten\u00e9ho medzirezortn\u00e9ho pripomienkov\u00e9ho konania n\u00e1vrh na ur\u010denie \u010fal\u0161ej strategickej invest\u00edcie. A to konkr\u00e9tne projektu \u201ePre\u010derp\u00e1vacia vodn\u00e1 elektr\u00e1re\u0148 M\u00e1linec\u201c za 2,386 mld. eur bez DPH, ktor\u00fd si Taraba chce necha\u0165 vl\u00e1dou schv\u00e1li\u0165 expresne a pripomienkov\u00e9 konanie z d\u00f4vodu \u201chroziacich zna\u010dn\u00fdch hospod\u00e1rskych \u0161k\u00f4d\u201d skr\u00e1til len na 5 dn\u00ed. Od\u00f4vod\u0148uje to [&hellip;]<\/p>\n","protected":false},"author":13,"featured_media":4073,"comment_status":"closed","ping_status":"closed","sticky":false,"template":"","format":"standard","meta":{"_acf_changed":false,"ngg_post_thumbnail":0,"footnotes":""},"categories":[4],"tags":[],"class_list":["post-6305","post","type-post","status-publish","format-standard","has-post-thumbnail","hentry","category-tlacove-spravy"],"acf":[],"yoast_head":"<!-- This site is optimized with the Yoast SEO plugin v27.2 - https:\/\/yoast.com\/product\/yoast-seo-wordpress\/ -->\n<title>Taraba chce zr\u00fdchlenie schv\u00e1li\u0165 sporn\u00fa invest\u00edciu za 2,4 mld. eur<\/title>\n<meta name=\"robots\" content=\"index, follow, max-snippet:-1, max-image-preview:large, max-video-preview:-1\" \/>\n<link rel=\"canonical\" href=\"https:\/\/www.smedemokrati.sk\/cs\/taraba-chce-zrychlenie-schvalit-spornu-investiciu-za-24-mld-eur\/\" \/>\n<meta property=\"og:locale\" content=\"cs_CZ\" \/>\n<meta property=\"og:locale:alternate\" content=\"en_US\" \/>\n<meta property=\"og:locale:alternate\" content=\"hu_HU\" \/>\n<meta property=\"og:locale:alternate\" content=\"sk_SK\" \/>\n<meta property=\"og:locale:alternate\" content=\"sv_SE\" \/>\n<meta property=\"og:type\" content=\"article\" \/>\n<meta property=\"og:title\" content=\"Taraba chce zr\u00fdchlenie schv\u00e1li\u0165 sporn\u00fa invest\u00edciu za 2,4 mld. eur\" \/>\n<meta property=\"og:description\" content=\"Ministerstvo \u017eivotn\u00e9ho prostredia SR v\u010dera predlo\u017eilo do skr\u00e1ten\u00e9ho medzirezortn\u00e9ho pripomienkov\u00e9ho konania n\u00e1vrh na ur\u010denie \u010fal\u0161ej strategickej invest\u00edcie. A to konkr\u00e9tne projektu \u201ePre\u010derp\u00e1vacia vodn\u00e1 elektr\u00e1re\u0148 M\u00e1linec\u201c za 2,386 mld. eur bez DPH, ktor\u00fd si Taraba chce necha\u0165 vl\u00e1dou schv\u00e1li\u0165 expresne a pripomienkov\u00e9 konanie z d\u00f4vodu \u201chroziacich zna\u010dn\u00fdch hospod\u00e1rskych \u0161k\u00f4d\u201d skr\u00e1til len na 5 dn\u00ed. Od\u00f4vod\u0148uje to [&hellip;]\" \/>\n<meta property=\"og:url\" content=\"https:\/\/www.smedemokrati.sk\/cs\/taraba-chce-zrychlenie-schvalit-spornu-investiciu-za-24-mld-eur\/\" \/>\n<meta property=\"og:site_name\" content=\"Smedemokrati.sk\" \/>\n<meta property=\"article:publisher\" content=\"https:\/\/www.facebook.com\/smedemokrati2023\" \/>\n<meta property=\"article:published_time\" content=\"2025-02-05T15:20:00+00:00\" \/>\n<meta property=\"article:modified_time\" content=\"2025-02-05T18:37:20+00:00\" \/>\n<meta property=\"og:image\" content=\"https:\/\/www.smedemokrati.sk\/wp-content\/uploads\/2024\/05\/taraba-minister.jpg\" \/>\n\t<meta property=\"og:image:width\" content=\"960\" \/>\n\t<meta property=\"og:image:height\" content=\"540\" \/>\n\t<meta property=\"og:image:type\" content=\"image\/jpeg\" \/>\n<meta name=\"author\" content=\"miro.sopko\" \/>\n<meta name=\"twitter:card\" content=\"summary_large_image\" \/>\n<meta name=\"twitter:label1\" content=\"Napsal(a)\" \/>\n\t<meta name=\"twitter:data1\" content=\"miro.sopko\" \/>\n\t<meta name=\"twitter:label2\" content=\"Odhadovan\u00e1 doba \u010dten\u00ed\" \/>\n\t<meta name=\"twitter:data2\" content=\"4 minuty\" \/>\n<script type=\"application\/ld+json\" class=\"yoast-schema-graph\">{\"@context\":\"https:\/\/schema.org\",\"@graph\":[{\"@type\":\"Article\",\"@id\":\"https:\/\/www.smedemokrati.sk\/taraba-chce-zrychlenie-schvalit-spornu-investiciu-za-24-mld-eur\/#article\",\"isPartOf\":{\"@id\":\"https:\/\/www.smedemokrati.sk\/taraba-chce-zrychlenie-schvalit-spornu-investiciu-za-24-mld-eur\/\"},\"author\":{\"name\":\"miro.sopko\",\"@id\":\"https:\/\/www.smedemokrati.sk\/#\/schema\/person\/21f147c88d605aa7ded900e1e7c344ba\"},\"headline\":\"Taraba chce zr\u00fdchlenie schv\u00e1li\u0165 sporn\u00fa invest\u00edciu za 2,4 mld. eur\",\"datePublished\":\"2025-02-05T15:20:00+00:00\",\"dateModified\":\"2025-02-05T18:37:20+00:00\",\"mainEntityOfPage\":{\"@id\":\"https:\/\/www.smedemokrati.sk\/taraba-chce-zrychlenie-schvalit-spornu-investiciu-za-24-mld-eur\/\"},\"wordCount\":870,\"publisher\":{\"@id\":\"https:\/\/www.smedemokrati.sk\/#organization\"},\"image\":{\"@id\":\"https:\/\/www.smedemokrati.sk\/taraba-chce-zrychlenie-schvalit-spornu-investiciu-za-24-mld-eur\/#primaryimage\"},\"thumbnailUrl\":\"https:\/\/www.smedemokrati.sk\/wp-content\/uploads\/2024\/05\/taraba-minister.jpg\",\"articleSection\":[\"Tla\u010dov\u00e9 spr\u00e1vy\"],\"inLanguage\":\"cs-CZ\"},{\"@type\":\"WebPage\",\"@id\":\"https:\/\/www.smedemokrati.sk\/taraba-chce-zrychlenie-schvalit-spornu-investiciu-za-24-mld-eur\/\",\"url\":\"https:\/\/www.smedemokrati.sk\/taraba-chce-zrychlenie-schvalit-spornu-investiciu-za-24-mld-eur\/\",\"name\":\"Taraba chce zr\u00fdchlenie schv\u00e1li\u0165 sporn\u00fa invest\u00edciu za 2,4 mld. eur\",\"isPartOf\":{\"@id\":\"https:\/\/www.smedemokrati.sk\/#website\"},\"primaryImageOfPage\":{\"@id\":\"https:\/\/www.smedemokrati.sk\/taraba-chce-zrychlenie-schvalit-spornu-investiciu-za-24-mld-eur\/#primaryimage\"},\"image\":{\"@id\":\"https:\/\/www.smedemokrati.sk\/taraba-chce-zrychlenie-schvalit-spornu-investiciu-za-24-mld-eur\/#primaryimage\"},\"thumbnailUrl\":\"https:\/\/www.smedemokrati.sk\/wp-content\/uploads\/2024\/05\/taraba-minister.jpg\",\"datePublished\":\"2025-02-05T15:20:00+00:00\",\"dateModified\":\"2025-02-05T18:37:20+00:00\",\"breadcrumb\":{\"@id\":\"https:\/\/www.smedemokrati.sk\/taraba-chce-zrychlenie-schvalit-spornu-investiciu-za-24-mld-eur\/#breadcrumb\"},\"inLanguage\":\"cs-CZ\",\"potentialAction\":[{\"@type\":\"ReadAction\",\"target\":[\"https:\/\/www.smedemokrati.sk\/taraba-chce-zrychlenie-schvalit-spornu-investiciu-za-24-mld-eur\/\"]}]},{\"@type\":\"ImageObject\",\"inLanguage\":\"cs-CZ\",\"@id\":\"https:\/\/www.smedemokrati.sk\/taraba-chce-zrychlenie-schvalit-spornu-investiciu-za-24-mld-eur\/#primaryimage\",\"url\":\"https:\/\/www.smedemokrati.sk\/wp-content\/uploads\/2024\/05\/taraba-minister.jpg\",\"contentUrl\":\"https:\/\/www.smedemokrati.sk\/wp-content\/uploads\/2024\/05\/taraba-minister.jpg\",\"width\":960,\"height\":540},{\"@type\":\"BreadcrumbList\",\"@id\":\"https:\/\/www.smedemokrati.sk\/taraba-chce-zrychlenie-schvalit-spornu-investiciu-za-24-mld-eur\/#breadcrumb\",\"itemListElement\":[{\"@type\":\"ListItem\",\"position\":1,\"name\":\"Domovsk\u00e1 str\u00e1nka\",\"item\":\"https:\/\/www.smedemokrati.sk\/\"},{\"@type\":\"ListItem\",\"position\":2,\"name\":\"Taraba chce zr\u00fdchlenie schv\u00e1li\u0165 sporn\u00fa invest\u00edciu za 2,4 mld. eur\"}]},{\"@type\":\"WebSite\",\"@id\":\"https:\/\/www.smedemokrati.sk\/#website\",\"url\":\"https:\/\/www.smedemokrati.sk\/\",\"name\":\"Smedemokrati.sk\",\"description\":\"Demokracia a slu\u0161nos\u0165 zv\u00ed\u0165az\u00ed\",\"publisher\":{\"@id\":\"https:\/\/www.smedemokrati.sk\/#organization\"},\"potentialAction\":[{\"@type\":\"SearchAction\",\"target\":{\"@type\":\"EntryPoint\",\"urlTemplate\":\"https:\/\/www.smedemokrati.sk\/?s={search_term_string}\"},\"query-input\":{\"@type\":\"PropertyValueSpecification\",\"valueRequired\":true,\"valueName\":\"search_term_string\"}}],\"inLanguage\":\"cs-CZ\"},{\"@type\":\"Organization\",\"@id\":\"https:\/\/www.smedemokrati.sk\/#organization\",\"name\":\"Smedemokrati.sk\",\"url\":\"https:\/\/www.smedemokrati.sk\/\",\"logo\":{\"@type\":\"ImageObject\",\"inLanguage\":\"cs-CZ\",\"@id\":\"https:\/\/www.smedemokrati.sk\/#\/schema\/logo\/image\/\",\"url\":\"https:\/\/www.smedemokrati.sk\/wp-content\/uploads\/2023\/04\/ff.002.jpeg\",\"contentUrl\":\"https:\/\/www.smedemokrati.sk\/wp-content\/uploads\/2023\/04\/ff.002.jpeg\",\"width\":640,\"height\":480,\"caption\":\"Smedemokrati.sk\"},\"image\":{\"@id\":\"https:\/\/www.smedemokrati.sk\/#\/schema\/logo\/image\/\"},\"sameAs\":[\"https:\/\/www.facebook.com\/smedemokrati2023\"]},{\"@type\":\"Person\",\"@id\":\"https:\/\/www.smedemokrati.sk\/#\/schema\/person\/21f147c88d605aa7ded900e1e7c344ba\",\"name\":\"miro.sopko\",\"image\":{\"@type\":\"ImageObject\",\"inLanguage\":\"cs-CZ\",\"@id\":\"https:\/\/secure.gravatar.com\/avatar\/267e4a36f704376c109afe3a78740c1f5dd8675a2180a908699e7863c9247606?s=96&d=mm&r=g\",\"url\":\"https:\/\/secure.gravatar.com\/avatar\/267e4a36f704376c109afe3a78740c1f5dd8675a2180a908699e7863c9247606?s=96&d=mm&r=g\",\"contentUrl\":\"https:\/\/secure.gravatar.com\/avatar\/267e4a36f704376c109afe3a78740c1f5dd8675a2180a908699e7863c9247606?s=96&d=mm&r=g\",\"caption\":\"miro.sopko\"},\"url\":\"https:\/\/www.smedemokrati.sk\/cs\/author\/miro-sopko\/\"}]}<\/script>\n<!-- \/ Yoast SEO plugin. -->","yoast_head_json":{"title":"Taraba chce zr\u00fdchlenie schv\u00e1li\u0165 sporn\u00fa invest\u00edciu za 2,4 mld. eur","robots":{"index":"index","follow":"follow","max-snippet":"max-snippet:-1","max-image-preview":"max-image-preview:large","max-video-preview":"max-video-preview:-1"},"canonical":"https:\/\/www.smedemokrati.sk\/cs\/taraba-chce-zrychlenie-schvalit-spornu-investiciu-za-24-mld-eur\/","og_locale":"cs_CZ","og_type":"article","og_title":"[:sk]Taraba chce zr\u00fdchlenie schv\u00e1li\u0165 sporn\u00fa invest\u00edciu za 2,4 mld. eur[:] - Smedemokrati.sk","og_description":"Ministerstvo \u017eivotn\u00e9ho prostredia SR v\u010dera predlo\u017eilo do skr\u00e1ten\u00e9ho medzirezortn\u00e9ho pripomienkov\u00e9ho konania n\u00e1vrh na ur\u010denie \u010fal\u0161ej strategickej invest\u00edcie. A to konkr\u00e9tne projektu \u201ePre\u010derp\u00e1vacia vodn\u00e1 elektr\u00e1re\u0148 M\u00e1linec\u201c za 2,386 mld. eur bez DPH, ktor\u00fd si Taraba chce necha\u0165 vl\u00e1dou schv\u00e1li\u0165 expresne a pripomienkov\u00e9 konanie z d\u00f4vodu \u201chroziacich zna\u010dn\u00fdch hospod\u00e1rskych \u0161k\u00f4d\u201d skr\u00e1til len na 5 dn\u00ed. Od\u00f4vod\u0148uje to [&hellip;]","og_url":"https:\/\/www.smedemokrati.sk\/cs\/taraba-chce-zrychlenie-schvalit-spornu-investiciu-za-24-mld-eur\/","og_site_name":"Smedemokrati.sk","article_publisher":"https:\/\/www.facebook.com\/smedemokrati2023","article_published_time":"2025-02-05T15:20:00+00:00","article_modified_time":"2025-02-05T18:37:20+00:00","og_image":[{"width":960,"height":540,"url":"https:\/\/www.smedemokrati.sk\/wp-content\/uploads\/2024\/05\/taraba-minister.jpg","type":"image\/jpeg"}],"author":"miro.sopko","twitter_card":"summary_large_image","twitter_misc":{"Napsal(a)":"miro.sopko","Odhadovan\u00e1 doba \u010dten\u00ed":"4 minuty"},"schema":{"@context":"https:\/\/schema.org","@graph":[{"@type":"Article","@id":"https:\/\/www.smedemokrati.sk\/taraba-chce-zrychlenie-schvalit-spornu-investiciu-za-24-mld-eur\/#article","isPartOf":{"@id":"https:\/\/www.smedemokrati.sk\/taraba-chce-zrychlenie-schvalit-spornu-investiciu-za-24-mld-eur\/"},"author":{"name":"miro.sopko","@id":"https:\/\/www.smedemokrati.sk\/#\/schema\/person\/21f147c88d605aa7ded900e1e7c344ba"},"headline":"Taraba chce zr\u00fdchlenie schv\u00e1li\u0165 sporn\u00fa invest\u00edciu za 2,4 mld. eur","datePublished":"2025-02-05T15:20:00+00:00","dateModified":"2025-02-05T18:37:20+00:00","mainEntityOfPage":{"@id":"https:\/\/www.smedemokrati.sk\/taraba-chce-zrychlenie-schvalit-spornu-investiciu-za-24-mld-eur\/"},"wordCount":870,"publisher":{"@id":"https:\/\/www.smedemokrati.sk\/#organization"},"image":{"@id":"https:\/\/www.smedemokrati.sk\/taraba-chce-zrychlenie-schvalit-spornu-investiciu-za-24-mld-eur\/#primaryimage"},"thumbnailUrl":"https:\/\/www.smedemokrati.sk\/wp-content\/uploads\/2024\/05\/taraba-minister.jpg","articleSection":["Tla\u010dov\u00e9 spr\u00e1vy"],"inLanguage":"cs-CZ"},{"@type":"WebPage","@id":"https:\/\/www.smedemokrati.sk\/taraba-chce-zrychlenie-schvalit-spornu-investiciu-za-24-mld-eur\/","url":"https:\/\/www.smedemokrati.sk\/taraba-chce-zrychlenie-schvalit-spornu-investiciu-za-24-mld-eur\/","name":"Taraba chce zr\u00fdchlenie schv\u00e1li\u0165 sporn\u00fa invest\u00edciu za 2,4 mld. eur","isPartOf":{"@id":"https:\/\/www.smedemokrati.sk\/#website"},"primaryImageOfPage":{"@id":"https:\/\/www.smedemokrati.sk\/taraba-chce-zrychlenie-schvalit-spornu-investiciu-za-24-mld-eur\/#primaryimage"},"image":{"@id":"https:\/\/www.smedemokrati.sk\/taraba-chce-zrychlenie-schvalit-spornu-investiciu-za-24-mld-eur\/#primaryimage"},"thumbnailUrl":"https:\/\/www.smedemokrati.sk\/wp-content\/uploads\/2024\/05\/taraba-minister.jpg","datePublished":"2025-02-05T15:20:00+00:00","dateModified":"2025-02-05T18:37:20+00:00","breadcrumb":{"@id":"https:\/\/www.smedemokrati.sk\/taraba-chce-zrychlenie-schvalit-spornu-investiciu-za-24-mld-eur\/#breadcrumb"},"inLanguage":"cs-CZ","potentialAction":[{"@type":"ReadAction","target":["https:\/\/www.smedemokrati.sk\/taraba-chce-zrychlenie-schvalit-spornu-investiciu-za-24-mld-eur\/"]}]},{"@type":"ImageObject","inLanguage":"cs-CZ","@id":"https:\/\/www.smedemokrati.sk\/taraba-chce-zrychlenie-schvalit-spornu-investiciu-za-24-mld-eur\/#primaryimage","url":"https:\/\/www.smedemokrati.sk\/wp-content\/uploads\/2024\/05\/taraba-minister.jpg","contentUrl":"https:\/\/www.smedemokrati.sk\/wp-content\/uploads\/2024\/05\/taraba-minister.jpg","width":960,"height":540},{"@type":"BreadcrumbList","@id":"https:\/\/www.smedemokrati.sk\/taraba-chce-zrychlenie-schvalit-spornu-investiciu-za-24-mld-eur\/#breadcrumb","itemListElement":[{"@type":"ListItem","position":1,"name":"Domovsk\u00e1 str\u00e1nka","item":"https:\/\/www.smedemokrati.sk\/"},{"@type":"ListItem","position":2,"name":"Taraba chce zr\u00fdchlenie schv\u00e1li\u0165 sporn\u00fa invest\u00edciu za 2,4 mld. eur"}]},{"@type":"WebSite","@id":"https:\/\/www.smedemokrati.sk\/#website","url":"https:\/\/www.smedemokrati.sk\/","name":"Smedemokrati.sk","description":"Demokracia a slu\u0161nos\u0165 zv\u00ed\u0165az\u00ed","publisher":{"@id":"https:\/\/www.smedemokrati.sk\/#organization"},"potentialAction":[{"@type":"SearchAction","target":{"@type":"EntryPoint","urlTemplate":"https:\/\/www.smedemokrati.sk\/?s={search_term_string}"},"query-input":{"@type":"PropertyValueSpecification","valueRequired":true,"valueName":"search_term_string"}}],"inLanguage":"cs-CZ"},{"@type":"Organization","@id":"https:\/\/www.smedemokrati.sk\/#organization","name":"Smedemokrati.sk","url":"https:\/\/www.smedemokrati.sk\/","logo":{"@type":"ImageObject","inLanguage":"cs-CZ","@id":"https:\/\/www.smedemokrati.sk\/#\/schema\/logo\/image\/","url":"https:\/\/www.smedemokrati.sk\/wp-content\/uploads\/2023\/04\/ff.002.jpeg","contentUrl":"https:\/\/www.smedemokrati.sk\/wp-content\/uploads\/2023\/04\/ff.002.jpeg","width":640,"height":480,"caption":"Smedemokrati.sk"},"image":{"@id":"https:\/\/www.smedemokrati.sk\/#\/schema\/logo\/image\/"},"sameAs":["https:\/\/www.facebook.com\/smedemokrati2023"]},{"@type":"Person","@id":"https:\/\/www.smedemokrati.sk\/#\/schema\/person\/21f147c88d605aa7ded900e1e7c344ba","name":"miro.sopko","image":{"@type":"ImageObject","inLanguage":"cs-CZ","@id":"https:\/\/secure.gravatar.com\/avatar\/267e4a36f704376c109afe3a78740c1f5dd8675a2180a908699e7863c9247606?s=96&d=mm&r=g","url":"https:\/\/secure.gravatar.com\/avatar\/267e4a36f704376c109afe3a78740c1f5dd8675a2180a908699e7863c9247606?s=96&d=mm&r=g","contentUrl":"https:\/\/secure.gravatar.com\/avatar\/267e4a36f704376c109afe3a78740c1f5dd8675a2180a908699e7863c9247606?s=96&d=mm&r=g","caption":"miro.sopko"},"url":"https:\/\/www.smedemokrati.sk\/cs\/author\/miro-sopko\/"}]}},"_links":{"self":[{"href":"https:\/\/www.smedemokrati.sk\/cs\/wp-json\/wp\/v2\/posts\/6305","targetHints":{"allow":["GET"]}}],"collection":[{"href":"https:\/\/www.smedemokrati.sk\/cs\/wp-json\/wp\/v2\/posts"}],"about":[{"href":"https:\/\/www.smedemokrati.sk\/cs\/wp-json\/wp\/v2\/types\/post"}],"author":[{"embeddable":true,"href":"https:\/\/www.smedemokrati.sk\/cs\/wp-json\/wp\/v2\/users\/13"}],"replies":[{"embeddable":true,"href":"https:\/\/www.smedemokrati.sk\/cs\/wp-json\/wp\/v2\/comments?post=6305"}],"version-history":[{"count":1,"href":"https:\/\/www.smedemokrati.sk\/cs\/wp-json\/wp\/v2\/posts\/6305\/revisions"}],"predecessor-version":[{"id":6306,"href":"https:\/\/www.smedemokrati.sk\/cs\/wp-json\/wp\/v2\/posts\/6305\/revisions\/6306"}],"wp:featuredmedia":[{"embeddable":true,"href":"https:\/\/www.smedemokrati.sk\/cs\/wp-json\/wp\/v2\/media\/4073"}],"wp:attachment":[{"href":"https:\/\/www.smedemokrati.sk\/cs\/wp-json\/wp\/v2\/media?parent=6305"}],"wp:term":[{"taxonomy":"category","embeddable":true,"href":"https:\/\/www.smedemokrati.sk\/cs\/wp-json\/wp\/v2\/categories?post=6305"},{"taxonomy":"post_tag","embeddable":true,"href":"https:\/\/www.smedemokrati.sk\/cs\/wp-json\/wp\/v2\/tags?post=6305"}],"curies":[{"name":"wp","href":"https:\/\/api.w.org\/{rel}","templated":true}]}}