{"id":6277,"date":"2025-02-03T14:13:28","date_gmt":"2025-02-03T13:13:28","guid":{"rendered":"https:\/\/www.smedemokrati.sk\/?p=6277"},"modified":"2025-02-03T14:13:56","modified_gmt":"2025-02-03T13:13:56","slug":"nesmieme-polavit-v-organizacii-protestov-pokracujeme","status":"publish","type":"post","link":"https:\/\/www.smedemokrati.sk\/cs\/nesmieme-polavit-v-organizacii-protestov-pokracujeme\/","title":{"rendered":"Nesmieme po\u013eavi\u0165, v organiz\u00e1cii protestov pokra\u010dujeme"},"content":{"rendered":"<div id=\"fb-root\"><\/div>\n\n<p><strong>Pod n\u00e1zvom &#8222;My sme Eur\u00f3pa&#8220; sa aj tento piatok (7. febru\u00e1r 2025) strana Demokrati prid\u00e1va k iniciat\u00edve ob\u010dianskych zdru\u017een\u00ed a organiza\u010dne zastre\u0161\u00ed protestn\u00e9 zhroma\u017edenia v mest\u00e1ch Pre\u0161ov, Pie\u0161\u0165any, Skalica, \u0160a\u013ea, Tren\u010d\u00edn a Galanta. Strana z\u00e1rove\u0148 povzbudzuje ostatn\u00e9 opozi\u010dn\u00e9 strany a tie\u017e mimovl\u00e1dny sektor, aby sa k podujatiam organiza\u010dne pridali.<\/strong><\/p>\n\n\n\n<p><em>\u201ePotrebujeme vytvori\u0165 siln\u00fd opozi\u010dn\u00fd ale aj ob\u010diansky tlak, aby sme z m\u00faru menom vl\u00e1da Roberta Fica postupne vy\u0165ahovali tehli\u010dky. Povzbudzujem v\u0161etk\u00fdch, ktor\u00ed maj\u00fa kapacity a odhodlanie, aby sa pridali k organiz\u00e1cii podujat\u00ed aj v in\u00fdch mest\u00e1ch. Potrebujeme zo v\u0161etk\u00fdch k\u00fatov Slovenska odk\u00e1za\u0165, \u017ee zastra\u0161i\u0165 sa ned\u00e1me a jasne poveda\u0165, \u017ee jedin\u00fd, kto rozvracia t\u00fato krajinu je s\u00fa\u010dasn\u00e1 vl\u00e1da a jej vymyslen\u00e9 majdany a pu\u010de,&#8220;\u00a0<\/em>hovor\u00ed predseda Demokratov Jaroslav Na\u010f a poz\u00fdva \u0161irok\u00fa verejnos\u0165 na ktor\u00e9ko\u013evek podujatie organizovan\u00e9 \u010di u\u017e na Slovensku alebo v zahrani\u010d\u00ed.<\/p>\n\n\n\n<p><strong><u>Protesty strany Demokrati, piatok 7. febru\u00e1r 2025:<\/u><\/strong><\/p>\n\n\n\n<p>Pre\u0161ov, 16:00 pred mestsk\u00fdm \u00faradom<\/p>\n\n\n\n<p>Pie\u0161\u0165any, 17:00 N\u00e1mestie slobody<\/p>\n\n\n\n<p>Skalica, 18:00 Poto\u010dn\u00e1 ulica, pam\u00e4tn\u00edk padl\u00fdch<\/p>\n\n\n\n<p>\u0160a\u013ea, 17:00 N\u00e1mestie Sv. Trojice<\/p>\n\n\n\n<p>Tren\u010d\u00edn, 17:00 Mierov\u00e9 n\u00e1mestie<\/p>\n\n\n\n<p>Galanta, 18:00 Mierov\u00e9 n\u00e1mestie<\/p>\n\n\n\n<p><\/p>\n\n\n\n<p><strong>FB event podujatia:<\/strong><\/p>\n\n\n\n<p><a href=\"https:\/\/fb.me\/e\/2Fr0dDFwZ\">https:\/\/fb.me\/e\/2Fr0dDFwZ<\/a><\/p>\n","protected":false},"excerpt":{"rendered":"<p>Pod n\u00e1zvom &#8222;My sme Eur\u00f3pa&#8220; sa aj tento piatok (7. febru\u00e1r 2025) strana Demokrati prid\u00e1va k iniciat\u00edve ob\u010dianskych zdru\u017een\u00ed a organiza\u010dne zastre\u0161\u00ed protestn\u00e9 zhroma\u017edenia v mest\u00e1ch Pre\u0161ov, Pie\u0161\u0165any, Skalica, \u0160a\u013ea, Tren\u010d\u00edn a Galanta. Strana z\u00e1rove\u0148 povzbudzuje ostatn\u00e9 opozi\u010dn\u00e9 strany a tie\u017e mimovl\u00e1dny sektor, aby sa k podujatiam organiza\u010dne pridali. \u201ePotrebujeme vytvori\u0165 siln\u00fd opozi\u010dn\u00fd ale aj [&hellip;]<\/p>\n","protected":false},"author":13,"featured_media":6278,"comment_status":"closed","ping_status":"closed","sticky":false,"template":"","format":"standard","meta":{"_acf_changed":false,"ngg_post_thumbnail":0,"footnotes":""},"categories":[4],"tags":[],"class_list":["post-6277","post","type-post","status-publish","format-standard","has-post-thumbnail","hentry","category-tlacove-spravy"],"acf":[],"yoast_head":"<!-- This site is optimized with the Yoast SEO plugin v27.2 - https:\/\/yoast.com\/product\/yoast-seo-wordpress\/ -->\n<title>Nesmieme po\u013eavi\u0165, v organiz\u00e1cii protestov pokra\u010dujeme<\/title>\n<meta name=\"robots\" content=\"index, follow, max-snippet:-1, max-image-preview:large, max-video-preview:-1\" \/>\n<link rel=\"canonical\" href=\"https:\/\/www.smedemokrati.sk\/cs\/nesmieme-polavit-v-organizacii-protestov-pokracujeme\/\" \/>\n<meta property=\"og:locale\" content=\"cs_CZ\" \/>\n<meta property=\"og:locale:alternate\" content=\"en_US\" \/>\n<meta property=\"og:locale:alternate\" content=\"hu_HU\" \/>\n<meta property=\"og:locale:alternate\" content=\"sk_SK\" \/>\n<meta property=\"og:locale:alternate\" content=\"sv_SE\" \/>\n<meta property=\"og:type\" content=\"article\" \/>\n<meta property=\"og:title\" content=\"Nesmieme po\u013eavi\u0165, v organiz\u00e1cii protestov pokra\u010dujeme\" \/>\n<meta property=\"og:description\" content=\"Pod n\u00e1zvom &#8222;My sme Eur\u00f3pa&#8220; sa aj tento piatok (7. febru\u00e1r 2025) strana Demokrati prid\u00e1va k iniciat\u00edve ob\u010dianskych zdru\u017een\u00ed a organiza\u010dne zastre\u0161\u00ed protestn\u00e9 zhroma\u017edenia v mest\u00e1ch Pre\u0161ov, Pie\u0161\u0165any, Skalica, \u0160a\u013ea, Tren\u010d\u00edn a Galanta. Strana z\u00e1rove\u0148 povzbudzuje ostatn\u00e9 opozi\u010dn\u00e9 strany a tie\u017e mimovl\u00e1dny sektor, aby sa k podujatiam organiza\u010dne pridali. \u201ePotrebujeme vytvori\u0165 siln\u00fd opozi\u010dn\u00fd ale aj [&hellip;]\" \/>\n<meta property=\"og:url\" content=\"https:\/\/www.smedemokrati.sk\/cs\/nesmieme-polavit-v-organizacii-protestov-pokracujeme\/\" \/>\n<meta property=\"og:site_name\" content=\"Smedemokrati.sk\" \/>\n<meta property=\"article:publisher\" content=\"https:\/\/www.facebook.com\/smedemokrati2023\" \/>\n<meta property=\"article:published_time\" content=\"2025-02-03T13:13:28+00:00\" \/>\n<meta property=\"article:modified_time\" content=\"2025-02-03T13:13:56+00:00\" \/>\n<meta property=\"og:image\" content=\"https:\/\/www.smedemokrati.sk\/wp-content\/uploads\/2025\/02\/My-sme-europa-post.png\" \/>\n\t<meta property=\"og:image:width\" content=\"1080\" \/>\n\t<meta property=\"og:image:height\" content=\"1440\" \/>\n\t<meta property=\"og:image:type\" content=\"image\/png\" \/>\n<meta name=\"author\" content=\"miro.sopko\" \/>\n<meta name=\"twitter:card\" content=\"summary_large_image\" \/>\n<meta name=\"twitter:label1\" content=\"Napsal(a)\" \/>\n\t<meta name=\"twitter:data1\" content=\"miro.sopko\" \/>\n\t<meta name=\"twitter:label2\" content=\"Odhadovan\u00e1 doba \u010dten\u00ed\" \/>\n\t<meta name=\"twitter:data2\" content=\"1 minuta\" \/>\n<script type=\"application\/ld+json\" class=\"yoast-schema-graph\">{\"@context\":\"https:\/\/schema.org\",\"@graph\":[{\"@type\":\"Article\",\"@id\":\"https:\/\/www.smedemokrati.sk\/nesmieme-polavit-v-organizacii-protestov-pokracujeme\/#article\",\"isPartOf\":{\"@id\":\"https:\/\/www.smedemokrati.sk\/nesmieme-polavit-v-organizacii-protestov-pokracujeme\/\"},\"author\":{\"name\":\"miro.sopko\",\"@id\":\"https:\/\/www.smedemokrati.sk\/#\/schema\/person\/21f147c88d605aa7ded900e1e7c344ba\"},\"headline\":\"Nesmieme po\u013eavi\u0165, v organiz\u00e1cii protestov pokra\u010dujeme\",\"datePublished\":\"2025-02-03T13:13:28+00:00\",\"dateModified\":\"2025-02-03T13:13:56+00:00\",\"mainEntityOfPage\":{\"@id\":\"https:\/\/www.smedemokrati.sk\/nesmieme-polavit-v-organizacii-protestov-pokracujeme\/\"},\"wordCount\":234,\"publisher\":{\"@id\":\"https:\/\/www.smedemokrati.sk\/#organization\"},\"image\":{\"@id\":\"https:\/\/www.smedemokrati.sk\/nesmieme-polavit-v-organizacii-protestov-pokracujeme\/#primaryimage\"},\"thumbnailUrl\":\"https:\/\/www.smedemokrati.sk\/wp-content\/uploads\/2025\/02\/My-sme-europa-post.png\",\"articleSection\":[\"Tla\u010dov\u00e9 spr\u00e1vy\"],\"inLanguage\":\"cs-CZ\"},{\"@type\":\"WebPage\",\"@id\":\"https:\/\/www.smedemokrati.sk\/nesmieme-polavit-v-organizacii-protestov-pokracujeme\/\",\"url\":\"https:\/\/www.smedemokrati.sk\/nesmieme-polavit-v-organizacii-protestov-pokracujeme\/\",\"name\":\"Nesmieme po\u013eavi\u0165, v organiz\u00e1cii protestov pokra\u010dujeme\",\"isPartOf\":{\"@id\":\"https:\/\/www.smedemokrati.sk\/#website\"},\"primaryImageOfPage\":{\"@id\":\"https:\/\/www.smedemokrati.sk\/nesmieme-polavit-v-organizacii-protestov-pokracujeme\/#primaryimage\"},\"image\":{\"@id\":\"https:\/\/www.smedemokrati.sk\/nesmieme-polavit-v-organizacii-protestov-pokracujeme\/#primaryimage\"},\"thumbnailUrl\":\"https:\/\/www.smedemokrati.sk\/wp-content\/uploads\/2025\/02\/My-sme-europa-post.png\",\"datePublished\":\"2025-02-03T13:13:28+00:00\",\"dateModified\":\"2025-02-03T13:13:56+00:00\",\"breadcrumb\":{\"@id\":\"https:\/\/www.smedemokrati.sk\/nesmieme-polavit-v-organizacii-protestov-pokracujeme\/#breadcrumb\"},\"inLanguage\":\"cs-CZ\",\"potentialAction\":[{\"@type\":\"ReadAction\",\"target\":[\"https:\/\/www.smedemokrati.sk\/nesmieme-polavit-v-organizacii-protestov-pokracujeme\/\"]}]},{\"@type\":\"ImageObject\",\"inLanguage\":\"cs-CZ\",\"@id\":\"https:\/\/www.smedemokrati.sk\/nesmieme-polavit-v-organizacii-protestov-pokracujeme\/#primaryimage\",\"url\":\"https:\/\/www.smedemokrati.sk\/wp-content\/uploads\/2025\/02\/My-sme-europa-post.png\",\"contentUrl\":\"https:\/\/www.smedemokrati.sk\/wp-content\/uploads\/2025\/02\/My-sme-europa-post.png\",\"width\":1080,\"height\":1440},{\"@type\":\"BreadcrumbList\",\"@id\":\"https:\/\/www.smedemokrati.sk\/nesmieme-polavit-v-organizacii-protestov-pokracujeme\/#breadcrumb\",\"itemListElement\":[{\"@type\":\"ListItem\",\"position\":1,\"name\":\"Domovsk\u00e1 str\u00e1nka\",\"item\":\"https:\/\/www.smedemokrati.sk\/\"},{\"@type\":\"ListItem\",\"position\":2,\"name\":\"Nesmieme po\u013eavi\u0165, v organiz\u00e1cii protestov pokra\u010dujeme\"}]},{\"@type\":\"WebSite\",\"@id\":\"https:\/\/www.smedemokrati.sk\/#website\",\"url\":\"https:\/\/www.smedemokrati.sk\/\",\"name\":\"Smedemokrati.sk\",\"description\":\"Demokracia a slu\u0161nos\u0165 zv\u00ed\u0165az\u00ed\",\"publisher\":{\"@id\":\"https:\/\/www.smedemokrati.sk\/#organization\"},\"potentialAction\":[{\"@type\":\"SearchAction\",\"target\":{\"@type\":\"EntryPoint\",\"urlTemplate\":\"https:\/\/www.smedemokrati.sk\/?s={search_term_string}\"},\"query-input\":{\"@type\":\"PropertyValueSpecification\",\"valueRequired\":true,\"valueName\":\"search_term_string\"}}],\"inLanguage\":\"cs-CZ\"},{\"@type\":\"Organization\",\"@id\":\"https:\/\/www.smedemokrati.sk\/#organization\",\"name\":\"Smedemokrati.sk\",\"url\":\"https:\/\/www.smedemokrati.sk\/\",\"logo\":{\"@type\":\"ImageObject\",\"inLanguage\":\"cs-CZ\",\"@id\":\"https:\/\/www.smedemokrati.sk\/#\/schema\/logo\/image\/\",\"url\":\"https:\/\/www.smedemokrati.sk\/wp-content\/uploads\/2023\/04\/ff.002.jpeg\",\"contentUrl\":\"https:\/\/www.smedemokrati.sk\/wp-content\/uploads\/2023\/04\/ff.002.jpeg\",\"width\":640,\"height\":480,\"caption\":\"Smedemokrati.sk\"},\"image\":{\"@id\":\"https:\/\/www.smedemokrati.sk\/#\/schema\/logo\/image\/\"},\"sameAs\":[\"https:\/\/www.facebook.com\/smedemokrati2023\"]},{\"@type\":\"Person\",\"@id\":\"https:\/\/www.smedemokrati.sk\/#\/schema\/person\/21f147c88d605aa7ded900e1e7c344ba\",\"name\":\"miro.sopko\",\"image\":{\"@type\":\"ImageObject\",\"inLanguage\":\"cs-CZ\",\"@id\":\"https:\/\/secure.gravatar.com\/avatar\/267e4a36f704376c109afe3a78740c1f5dd8675a2180a908699e7863c9247606?s=96&d=mm&r=g\",\"url\":\"https:\/\/secure.gravatar.com\/avatar\/267e4a36f704376c109afe3a78740c1f5dd8675a2180a908699e7863c9247606?s=96&d=mm&r=g\",\"contentUrl\":\"https:\/\/secure.gravatar.com\/avatar\/267e4a36f704376c109afe3a78740c1f5dd8675a2180a908699e7863c9247606?s=96&d=mm&r=g\",\"caption\":\"miro.sopko\"},\"url\":\"https:\/\/www.smedemokrati.sk\/cs\/author\/miro-sopko\/\"}]}<\/script>\n<!-- \/ Yoast SEO plugin. -->","yoast_head_json":{"title":"Nesmieme po\u013eavi\u0165, v organiz\u00e1cii protestov pokra\u010dujeme","robots":{"index":"index","follow":"follow","max-snippet":"max-snippet:-1","max-image-preview":"max-image-preview:large","max-video-preview":"max-video-preview:-1"},"canonical":"https:\/\/www.smedemokrati.sk\/cs\/nesmieme-polavit-v-organizacii-protestov-pokracujeme\/","og_locale":"cs_CZ","og_type":"article","og_title":"[:sk]Nesmieme po\u013eavi\u0165, v organiz\u00e1cii protestov pokra\u010dujeme[:] - Smedemokrati.sk","og_description":"Pod n\u00e1zvom &#8222;My sme Eur\u00f3pa&#8220; sa aj tento piatok (7. febru\u00e1r 2025) strana Demokrati prid\u00e1va k iniciat\u00edve ob\u010dianskych zdru\u017een\u00ed a organiza\u010dne zastre\u0161\u00ed protestn\u00e9 zhroma\u017edenia v mest\u00e1ch Pre\u0161ov, Pie\u0161\u0165any, Skalica, \u0160a\u013ea, Tren\u010d\u00edn a Galanta. Strana z\u00e1rove\u0148 povzbudzuje ostatn\u00e9 opozi\u010dn\u00e9 strany a tie\u017e mimovl\u00e1dny sektor, aby sa k podujatiam organiza\u010dne pridali. \u201ePotrebujeme vytvori\u0165 siln\u00fd opozi\u010dn\u00fd ale aj [&hellip;]","og_url":"https:\/\/www.smedemokrati.sk\/cs\/nesmieme-polavit-v-organizacii-protestov-pokracujeme\/","og_site_name":"Smedemokrati.sk","article_publisher":"https:\/\/www.facebook.com\/smedemokrati2023","article_published_time":"2025-02-03T13:13:28+00:00","article_modified_time":"2025-02-03T13:13:56+00:00","og_image":[{"width":1080,"height":1440,"url":"https:\/\/www.smedemokrati.sk\/wp-content\/uploads\/2025\/02\/My-sme-europa-post.png","type":"image\/png"}],"author":"miro.sopko","twitter_card":"summary_large_image","twitter_misc":{"Napsal(a)":"miro.sopko","Odhadovan\u00e1 doba \u010dten\u00ed":"1 minuta"},"schema":{"@context":"https:\/\/schema.org","@graph":[{"@type":"Article","@id":"https:\/\/www.smedemokrati.sk\/nesmieme-polavit-v-organizacii-protestov-pokracujeme\/#article","isPartOf":{"@id":"https:\/\/www.smedemokrati.sk\/nesmieme-polavit-v-organizacii-protestov-pokracujeme\/"},"author":{"name":"miro.sopko","@id":"https:\/\/www.smedemokrati.sk\/#\/schema\/person\/21f147c88d605aa7ded900e1e7c344ba"},"headline":"Nesmieme po\u013eavi\u0165, v organiz\u00e1cii protestov pokra\u010dujeme","datePublished":"2025-02-03T13:13:28+00:00","dateModified":"2025-02-03T13:13:56+00:00","mainEntityOfPage":{"@id":"https:\/\/www.smedemokrati.sk\/nesmieme-polavit-v-organizacii-protestov-pokracujeme\/"},"wordCount":234,"publisher":{"@id":"https:\/\/www.smedemokrati.sk\/#organization"},"image":{"@id":"https:\/\/www.smedemokrati.sk\/nesmieme-polavit-v-organizacii-protestov-pokracujeme\/#primaryimage"},"thumbnailUrl":"https:\/\/www.smedemokrati.sk\/wp-content\/uploads\/2025\/02\/My-sme-europa-post.png","articleSection":["Tla\u010dov\u00e9 spr\u00e1vy"],"inLanguage":"cs-CZ"},{"@type":"WebPage","@id":"https:\/\/www.smedemokrati.sk\/nesmieme-polavit-v-organizacii-protestov-pokracujeme\/","url":"https:\/\/www.smedemokrati.sk\/nesmieme-polavit-v-organizacii-protestov-pokracujeme\/","name":"Nesmieme po\u013eavi\u0165, v organiz\u00e1cii protestov pokra\u010dujeme","isPartOf":{"@id":"https:\/\/www.smedemokrati.sk\/#website"},"primaryImageOfPage":{"@id":"https:\/\/www.smedemokrati.sk\/nesmieme-polavit-v-organizacii-protestov-pokracujeme\/#primaryimage"},"image":{"@id":"https:\/\/www.smedemokrati.sk\/nesmieme-polavit-v-organizacii-protestov-pokracujeme\/#primaryimage"},"thumbnailUrl":"https:\/\/www.smedemokrati.sk\/wp-content\/uploads\/2025\/02\/My-sme-europa-post.png","datePublished":"2025-02-03T13:13:28+00:00","dateModified":"2025-02-03T13:13:56+00:00","breadcrumb":{"@id":"https:\/\/www.smedemokrati.sk\/nesmieme-polavit-v-organizacii-protestov-pokracujeme\/#breadcrumb"},"inLanguage":"cs-CZ","potentialAction":[{"@type":"ReadAction","target":["https:\/\/www.smedemokrati.sk\/nesmieme-polavit-v-organizacii-protestov-pokracujeme\/"]}]},{"@type":"ImageObject","inLanguage":"cs-CZ","@id":"https:\/\/www.smedemokrati.sk\/nesmieme-polavit-v-organizacii-protestov-pokracujeme\/#primaryimage","url":"https:\/\/www.smedemokrati.sk\/wp-content\/uploads\/2025\/02\/My-sme-europa-post.png","contentUrl":"https:\/\/www.smedemokrati.sk\/wp-content\/uploads\/2025\/02\/My-sme-europa-post.png","width":1080,"height":1440},{"@type":"BreadcrumbList","@id":"https:\/\/www.smedemokrati.sk\/nesmieme-polavit-v-organizacii-protestov-pokracujeme\/#breadcrumb","itemListElement":[{"@type":"ListItem","position":1,"name":"Domovsk\u00e1 str\u00e1nka","item":"https:\/\/www.smedemokrati.sk\/"},{"@type":"ListItem","position":2,"name":"Nesmieme po\u013eavi\u0165, v organiz\u00e1cii protestov pokra\u010dujeme"}]},{"@type":"WebSite","@id":"https:\/\/www.smedemokrati.sk\/#website","url":"https:\/\/www.smedemokrati.sk\/","name":"Smedemokrati.sk","description":"Demokracia a slu\u0161nos\u0165 zv\u00ed\u0165az\u00ed","publisher":{"@id":"https:\/\/www.smedemokrati.sk\/#organization"},"potentialAction":[{"@type":"SearchAction","target":{"@type":"EntryPoint","urlTemplate":"https:\/\/www.smedemokrati.sk\/?s={search_term_string}"},"query-input":{"@type":"PropertyValueSpecification","valueRequired":true,"valueName":"search_term_string"}}],"inLanguage":"cs-CZ"},{"@type":"Organization","@id":"https:\/\/www.smedemokrati.sk\/#organization","name":"Smedemokrati.sk","url":"https:\/\/www.smedemokrati.sk\/","logo":{"@type":"ImageObject","inLanguage":"cs-CZ","@id":"https:\/\/www.smedemokrati.sk\/#\/schema\/logo\/image\/","url":"https:\/\/www.smedemokrati.sk\/wp-content\/uploads\/2023\/04\/ff.002.jpeg","contentUrl":"https:\/\/www.smedemokrati.sk\/wp-content\/uploads\/2023\/04\/ff.002.jpeg","width":640,"height":480,"caption":"Smedemokrati.sk"},"image":{"@id":"https:\/\/www.smedemokrati.sk\/#\/schema\/logo\/image\/"},"sameAs":["https:\/\/www.facebook.com\/smedemokrati2023"]},{"@type":"Person","@id":"https:\/\/www.smedemokrati.sk\/#\/schema\/person\/21f147c88d605aa7ded900e1e7c344ba","name":"miro.sopko","image":{"@type":"ImageObject","inLanguage":"cs-CZ","@id":"https:\/\/secure.gravatar.com\/avatar\/267e4a36f704376c109afe3a78740c1f5dd8675a2180a908699e7863c9247606?s=96&d=mm&r=g","url":"https:\/\/secure.gravatar.com\/avatar\/267e4a36f704376c109afe3a78740c1f5dd8675a2180a908699e7863c9247606?s=96&d=mm&r=g","contentUrl":"https:\/\/secure.gravatar.com\/avatar\/267e4a36f704376c109afe3a78740c1f5dd8675a2180a908699e7863c9247606?s=96&d=mm&r=g","caption":"miro.sopko"},"url":"https:\/\/www.smedemokrati.sk\/cs\/author\/miro-sopko\/"}]}},"_links":{"self":[{"href":"https:\/\/www.smedemokrati.sk\/cs\/wp-json\/wp\/v2\/posts\/6277","targetHints":{"allow":["GET"]}}],"collection":[{"href":"https:\/\/www.smedemokrati.sk\/cs\/wp-json\/wp\/v2\/posts"}],"about":[{"href":"https:\/\/www.smedemokrati.sk\/cs\/wp-json\/wp\/v2\/types\/post"}],"author":[{"embeddable":true,"href":"https:\/\/www.smedemokrati.sk\/cs\/wp-json\/wp\/v2\/users\/13"}],"replies":[{"embeddable":true,"href":"https:\/\/www.smedemokrati.sk\/cs\/wp-json\/wp\/v2\/comments?post=6277"}],"version-history":[{"count":2,"href":"https:\/\/www.smedemokrati.sk\/cs\/wp-json\/wp\/v2\/posts\/6277\/revisions"}],"predecessor-version":[{"id":6280,"href":"https:\/\/www.smedemokrati.sk\/cs\/wp-json\/wp\/v2\/posts\/6277\/revisions\/6280"}],"wp:featuredmedia":[{"embeddable":true,"href":"https:\/\/www.smedemokrati.sk\/cs\/wp-json\/wp\/v2\/media\/6278"}],"wp:attachment":[{"href":"https:\/\/www.smedemokrati.sk\/cs\/wp-json\/wp\/v2\/media?parent=6277"}],"wp:term":[{"taxonomy":"category","embeddable":true,"href":"https:\/\/www.smedemokrati.sk\/cs\/wp-json\/wp\/v2\/categories?post=6277"},{"taxonomy":"post_tag","embeddable":true,"href":"https:\/\/www.smedemokrati.sk\/cs\/wp-json\/wp\/v2\/tags?post=6277"}],"curies":[{"name":"wp","href":"https:\/\/api.w.org\/{rel}","templated":true}]}}