{"id":6233,"date":"2025-01-29T11:15:00","date_gmt":"2025-01-29T10:15:00","guid":{"rendered":"https:\/\/www.smedemokrati.sk\/?p=6233"},"modified":"2025-01-29T12:13:35","modified_gmt":"2025-01-29T11:13:35","slug":"vlada-zlyhala-v-stavebnej-reforme-vyzyvame-na-jej-odklad-inak-hrozi-kolaps-stavebnych-konani","status":"publish","type":"post","link":"https:\/\/www.smedemokrati.sk\/cs\/vlada-zlyhala-v-stavebnej-reforme-vyzyvame-na-jej-odklad-inak-hrozi-kolaps-stavebnych-konani\/","title":{"rendered":"Vl\u00e1da zlyhala v stavebnej reforme, vyz\u00fdvame na jej odklad, inak hroz\u00ed kolaps stavebn\u00fdch konan\u00ed"},"content":{"rendered":"<div id=\"fb-root\"><\/div>\n\n<p><strong>V \u010dase prebiehaj\u00facej koali\u010dnej kr\u00edzy dnes (29. janu\u00e1r 2025) vl\u00e1da schva\u013euje k\u013e\u00fa\u010dov\u00fa \u010das\u0165 stavebnej reformy, ktorou sa men\u00ed \u010fal\u0161\u00edch 75 z\u00e1konov (tzv. zbern\u00fd z\u00e1kon). Cel\u00fa stavebn\u00fa reformu pova\u017euj\u00fa Demokrati za nepripraven\u00fa, predlo\u017een\u00fd z\u00e1kon za mimoriadne oneskoren\u00fd a lobistick\u00fd so \u0161kodliv\u00fdmi vplyvmi na pamiatkov\u00fa starostlivos\u0165 a ochranu pr\u00edrody. Z d\u00f4vodu nepripravenosti sa strana ob\u00e1va hroziaceho kolapsu stavebn\u00fdch konan\u00ed od 1. apr\u00edla. Vyz\u00fdva preto na jeho odklad minim\u00e1lne o nieko\u013eko mesiacov.&nbsp;<\/strong><\/p>\n\n\n\n<p>Minister R\u00e1\u017e vie minim\u00e1lne rok, \u017ee od 1. apr\u00edla nastane v stavebn\u00fdch konaniach pr\u00e1vne v\u00e1kuum. No napriek tomu, vl\u00e1da a\u017e dnes schva\u013euje nevyhnutn\u00fa legislat\u00edvu na fungovanie stavebn\u00fdch konan\u00ed. \u201e<em>Zbern\u00fd z\u00e1kon verejnos\u0165 vid\u00ed po prv\u00fdkr\u00e1t a\u017e teraz, predlo\u017een\u00fd bol bez medzirezortn\u00e9ho pripomienkov\u00e9ho konania, bez pos\u00fadenia legislat\u00edvnou radou vl\u00e1dy a m\u00e1 sa schv\u00e1li\u0165 expresne v skr\u00e1tenom legislat\u00edvnom konan\u00ed. Pova\u017eujeme za nepr\u00edpustn\u00e9 tak\u00fdmto sp\u00f4sobom schva\u013eova\u0165 k\u013e\u00fa\u010dov\u00fa legislat\u00edvu \u0161t\u00e1tu. Bu\u010f sa jedn\u00e1 o neuverite\u013en\u00e9 babr\u00e1ctvo, alebo o op\u00e4tovn\u00fd scen\u00e1r \u010do najviac obmedzi\u0165 diskusiu ako pri trestn\u00fdch k\u00f3dexoch, preto\u017ee z\u00e1kon op\u00e4\u0165 posl\u00fa\u017ei t\u00fdm \u201cspr\u00e1vnym\u201d \u013eu\u010fom, bohu\u017eia\u013e, na \u00fakor verejnosti,<\/em>\u201d uv\u00e1dza Michal Ki\u010da, environment\u00e1lny expert strany Demokrati.\u00a0<\/p>\n\n\n\n<p>Z\u00e1kon obsahuje aj viacer\u00e9 kontroverzn\u00e9 ustanovenia. Pri stavebnom z\u00e1mere ru\u0161\u00ed samostatn\u00e9 v\u00fdrubov\u00e9 konanie na dreviny, org\u00e1n ochrany pr\u00edrody bude u\u017e iba vyd\u00e1va\u0165 stanovisko, d\u00f4sledkom \u010doho bude nemo\u017enos\u0165 vyrubi\u0165 finan\u010dn\u00fa n\u00e1hradu a ani povinnos\u0165 ulo\u017eenia n\u00e1hradnej v\u00fdsadby. \u201e<em>Pre developerov sa jedn\u00e1 o mili\u00f3nov\u00e9 \u00fa\u013eavy. V spojitosti s predch\u00e1dzaj\u00facimi novelami tak mestsk\u00e1 zele\u0148 a individu\u00e1lne dreviny prich\u00e1dzaj\u00fa o ak\u00fako\u013evek efekt\u00edvnu pr\u00e1vnu ochranu. N\u00e1vrh z\u00e1rove\u0148 predstavuje v\u00fdrazn\u00fd v\u00fdpadok v pr\u00edjmoch miest a obc\u00ed z finan\u010dnej n\u00e1hrady,<\/em>\u201d upozor\u0148uje Michal Ki\u010da.\u00a0<\/p>\n\n\n\n<p>Z\u00e1kon \u010falej zav\u00e1dza tzv. fikciu s\u00fahlasu aj pre org\u00e1ny pamiatkovej starostlivosti. Tie s\u00fa dlhodobo poddimenzovan\u00e9, za tejto vl\u00e1dy naviac systematicky oslabovan\u00e9. Po novom tak bude sta\u010di\u0165, ak sa nestihn\u00fa vyjadri\u0165 a v pamiatkovej z\u00f3ne m\u00f4\u017ee developer robi\u0165 prakticky \u010doko\u013evek. Na druhej strane je nepochopite\u013en\u00e9, pre\u010do sa id\u00fa bez pripomienkov\u00e9ho konania nanovo upravova\u0165 podmienky pre umiest\u0148ovanie reklamn\u00fdch stavieb (billboardy, megaboardy) na \u0161t\u00e1tnych pozemkoch \u010di nanovo upravova\u0165 pravidl\u00e1 pre predaj prebyto\u010dn\u00e9ho majetku \u0161t\u00e1tu.<\/p>\n\n\n\n<p>Pre fungovanie stavebn\u00e9ho konania je nevyhnutn\u00fd aj informa\u010dn\u00fd syst\u00e9m, o ktor\u00e9ho pripravenosti nem\u00e1 verejnos\u0165 \u017eiadne inform\u00e1cie. Nabieha\u0165 m\u00e1 z\u00e1rove\u0148 v \u010dase kolapsu katastr\u00e1lneho syst\u00e9mu. Demokrati pova\u017euj\u00fa \u010falej za prakticky vyl\u00fa\u010den\u00e9, aby v tak extr\u00e9mne kr\u00e1tkom \u010dase boli pripraven\u00e9 na tak\u00e9to mas\u00edvne zmeny \u00farady, obce, stavebn\u00edci a priemysel.&nbsp;&nbsp;<\/p>\n\n\n\n<p>\u201e<em>V tejto situ\u00e1cii pova\u017eujeme za jedin\u00fd zodpovedn\u00fd pr\u00edstup prizna\u0165 si, \u017ee vl\u00e1da pr\u00edpravu stavebnej reformy nezvl\u00e1dla. V z\u00e1ujme pred\u00eddenia kolapsu stavebn\u00fdch konan\u00ed, chaosu v parlamente a schva\u013eovaniu lobistick\u00fdch pozme\u0148uj\u00facich n\u00e1vrhov vyz\u00fdvame na odklad \u00fa\u010dinnos\u0165 t\u00fdchto zmien posun\u00fa\u0165 minim\u00e1lne o nieko\u013eko mesiacov ak nie a\u017e k 1. janu\u00e1ru 2026. Kolaps stavebn\u00fdch konan\u00ed v \u010dase fini\u0161ovania invest\u00edci\u00ed z pl\u00e1nu obnovy a eurofondov by sp\u00f4sobil obrovsk\u00e9 hospod\u00e1rske \u0161kody cel\u00e9mu \u0161t\u00e1tu. Preto vyz\u00fdvame vl\u00e1du na zodpovednos\u0165 k vlastnej krajine,<\/em>\u201d vyz\u00fdva Michal Ki\u010da.\u00a0<\/p>\n\n\n\n<p>TK sa t\u00e9me venuje v druhej \u010dasti:<\/p>\n\n\n<div class=\"fb-video\" data-href=\"https:\/\/fb.watch\/xpIZ50TEZE\" data-allowfullscreen=\"true\" data-autoplay=\"false\" data-width=\"\" data-show-text=\"false\" data-show-captions=\"true\"><\/div>\n","protected":false},"excerpt":{"rendered":"<p>V \u010dase prebiehaj\u00facej koali\u010dnej kr\u00edzy dnes (29. janu\u00e1r 2025) vl\u00e1da schva\u013euje k\u013e\u00fa\u010dov\u00fa \u010das\u0165 stavebnej reformy, ktorou sa men\u00ed \u010fal\u0161\u00edch 75 z\u00e1konov (tzv. zbern\u00fd z\u00e1kon). Cel\u00fa stavebn\u00fa reformu pova\u017euj\u00fa Demokrati za nepripraven\u00fa, predlo\u017een\u00fd z\u00e1kon za mimoriadne oneskoren\u00fd a lobistick\u00fd so \u0161kodliv\u00fdmi vplyvmi na pamiatkov\u00fa starostlivos\u0165 a ochranu pr\u00edrody. Z d\u00f4vodu nepripravenosti sa strana ob\u00e1va hroziaceho kolapsu [&hellip;]<\/p>\n","protected":false},"author":13,"featured_media":2592,"comment_status":"closed","ping_status":"closed","sticky":false,"template":"","format":"standard","meta":{"_acf_changed":false,"ngg_post_thumbnail":0,"footnotes":""},"categories":[1],"tags":[],"class_list":["post-6233","post","type-post","status-publish","format-standard","has-post-thumbnail","hentry","category-uncategorized"],"acf":[],"yoast_head":"<!-- This site is optimized with the Yoast SEO plugin v27.2 - https:\/\/yoast.com\/product\/yoast-seo-wordpress\/ -->\n<title>Vl\u00e1da zlyhala v stavebnej reforme, vyz\u00fdvame na jej odklad, inak hroz\u00ed kolaps stavebn\u00fdch konan\u00ed<\/title>\n<meta name=\"robots\" content=\"index, follow, max-snippet:-1, max-image-preview:large, max-video-preview:-1\" \/>\n<link rel=\"canonical\" href=\"https:\/\/www.smedemokrati.sk\/cs\/vlada-zlyhala-v-stavebnej-reforme-vyzyvame-na-jej-odklad-inak-hrozi-kolaps-stavebnych-konani\/\" \/>\n<meta property=\"og:locale\" content=\"cs_CZ\" \/>\n<meta property=\"og:locale:alternate\" content=\"en_US\" \/>\n<meta property=\"og:locale:alternate\" content=\"hu_HU\" \/>\n<meta property=\"og:locale:alternate\" content=\"sk_SK\" \/>\n<meta property=\"og:locale:alternate\" content=\"sv_SE\" \/>\n<meta property=\"og:type\" content=\"article\" \/>\n<meta property=\"og:title\" content=\"Vl\u00e1da zlyhala v stavebnej reforme, vyz\u00fdvame na jej odklad, inak hroz\u00ed kolaps stavebn\u00fdch konan\u00ed\" \/>\n<meta property=\"og:description\" content=\"V \u010dase prebiehaj\u00facej koali\u010dnej kr\u00edzy dnes (29. janu\u00e1r 2025) vl\u00e1da schva\u013euje k\u013e\u00fa\u010dov\u00fa \u010das\u0165 stavebnej reformy, ktorou sa men\u00ed \u010fal\u0161\u00edch 75 z\u00e1konov (tzv. zbern\u00fd z\u00e1kon). Cel\u00fa stavebn\u00fa reformu pova\u017euj\u00fa Demokrati za nepripraven\u00fa, predlo\u017een\u00fd z\u00e1kon za mimoriadne oneskoren\u00fd a lobistick\u00fd so \u0161kodliv\u00fdmi vplyvmi na pamiatkov\u00fa starostlivos\u0165 a ochranu pr\u00edrody. Z d\u00f4vodu nepripravenosti sa strana ob\u00e1va hroziaceho kolapsu [&hellip;]\" \/>\n<meta property=\"og:url\" content=\"https:\/\/www.smedemokrati.sk\/cs\/vlada-zlyhala-v-stavebnej-reforme-vyzyvame-na-jej-odklad-inak-hrozi-kolaps-stavebnych-konani\/\" \/>\n<meta property=\"og:site_name\" content=\"Smedemokrati.sk\" \/>\n<meta property=\"article:publisher\" content=\"https:\/\/www.facebook.com\/smedemokrati2023\" \/>\n<meta property=\"article:published_time\" content=\"2025-01-29T10:15:00+00:00\" \/>\n<meta property=\"article:modified_time\" content=\"2025-01-29T11:13:35+00:00\" \/>\n<meta property=\"og:image\" content=\"https:\/\/www.smedemokrati.sk\/wp-content\/uploads\/2024\/02\/raz.jpg\" \/>\n\t<meta property=\"og:image:width\" content=\"1017\" \/>\n\t<meta property=\"og:image:height\" content=\"573\" \/>\n\t<meta property=\"og:image:type\" content=\"image\/jpeg\" \/>\n<meta name=\"author\" content=\"miro.sopko\" \/>\n<meta name=\"twitter:card\" content=\"summary_large_image\" \/>\n<meta name=\"twitter:label1\" content=\"Napsal(a)\" \/>\n\t<meta name=\"twitter:data1\" content=\"miro.sopko\" \/>\n\t<meta name=\"twitter:label2\" content=\"Odhadovan\u00e1 doba \u010dten\u00ed\" \/>\n\t<meta name=\"twitter:data2\" content=\"3 minuty\" \/>\n<script type=\"application\/ld+json\" class=\"yoast-schema-graph\">{\"@context\":\"https:\/\/schema.org\",\"@graph\":[{\"@type\":\"Article\",\"@id\":\"https:\/\/www.smedemokrati.sk\/vlada-zlyhala-v-stavebnej-reforme-vyzyvame-na-jej-odklad-inak-hrozi-kolaps-stavebnych-konani\/#article\",\"isPartOf\":{\"@id\":\"https:\/\/www.smedemokrati.sk\/vlada-zlyhala-v-stavebnej-reforme-vyzyvame-na-jej-odklad-inak-hrozi-kolaps-stavebnych-konani\/\"},\"author\":{\"name\":\"miro.sopko\",\"@id\":\"https:\/\/www.smedemokrati.sk\/#\/schema\/person\/21f147c88d605aa7ded900e1e7c344ba\"},\"headline\":\"Vl\u00e1da zlyhala v stavebnej reforme, vyz\u00fdvame na jej odklad, inak hroz\u00ed kolaps stavebn\u00fdch konan\u00ed\",\"datePublished\":\"2025-01-29T10:15:00+00:00\",\"dateModified\":\"2025-01-29T11:13:35+00:00\",\"mainEntityOfPage\":{\"@id\":\"https:\/\/www.smedemokrati.sk\/vlada-zlyhala-v-stavebnej-reforme-vyzyvame-na-jej-odklad-inak-hrozi-kolaps-stavebnych-konani\/\"},\"wordCount\":636,\"publisher\":{\"@id\":\"https:\/\/www.smedemokrati.sk\/#organization\"},\"image\":{\"@id\":\"https:\/\/www.smedemokrati.sk\/vlada-zlyhala-v-stavebnej-reforme-vyzyvame-na-jej-odklad-inak-hrozi-kolaps-stavebnych-konani\/#primaryimage\"},\"thumbnailUrl\":\"https:\/\/www.smedemokrati.sk\/wp-content\/uploads\/2024\/02\/raz.jpg\",\"articleSection\":[\"Uncategorized\"],\"inLanguage\":\"cs-CZ\"},{\"@type\":\"WebPage\",\"@id\":\"https:\/\/www.smedemokrati.sk\/vlada-zlyhala-v-stavebnej-reforme-vyzyvame-na-jej-odklad-inak-hrozi-kolaps-stavebnych-konani\/\",\"url\":\"https:\/\/www.smedemokrati.sk\/vlada-zlyhala-v-stavebnej-reforme-vyzyvame-na-jej-odklad-inak-hrozi-kolaps-stavebnych-konani\/\",\"name\":\"Vl\u00e1da zlyhala v stavebnej reforme, vyz\u00fdvame na jej odklad, inak hroz\u00ed kolaps stavebn\u00fdch konan\u00ed\",\"isPartOf\":{\"@id\":\"https:\/\/www.smedemokrati.sk\/#website\"},\"primaryImageOfPage\":{\"@id\":\"https:\/\/www.smedemokrati.sk\/vlada-zlyhala-v-stavebnej-reforme-vyzyvame-na-jej-odklad-inak-hrozi-kolaps-stavebnych-konani\/#primaryimage\"},\"image\":{\"@id\":\"https:\/\/www.smedemokrati.sk\/vlada-zlyhala-v-stavebnej-reforme-vyzyvame-na-jej-odklad-inak-hrozi-kolaps-stavebnych-konani\/#primaryimage\"},\"thumbnailUrl\":\"https:\/\/www.smedemokrati.sk\/wp-content\/uploads\/2024\/02\/raz.jpg\",\"datePublished\":\"2025-01-29T10:15:00+00:00\",\"dateModified\":\"2025-01-29T11:13:35+00:00\",\"breadcrumb\":{\"@id\":\"https:\/\/www.smedemokrati.sk\/vlada-zlyhala-v-stavebnej-reforme-vyzyvame-na-jej-odklad-inak-hrozi-kolaps-stavebnych-konani\/#breadcrumb\"},\"inLanguage\":\"cs-CZ\",\"potentialAction\":[{\"@type\":\"ReadAction\",\"target\":[\"https:\/\/www.smedemokrati.sk\/vlada-zlyhala-v-stavebnej-reforme-vyzyvame-na-jej-odklad-inak-hrozi-kolaps-stavebnych-konani\/\"]}]},{\"@type\":\"ImageObject\",\"inLanguage\":\"cs-CZ\",\"@id\":\"https:\/\/www.smedemokrati.sk\/vlada-zlyhala-v-stavebnej-reforme-vyzyvame-na-jej-odklad-inak-hrozi-kolaps-stavebnych-konani\/#primaryimage\",\"url\":\"https:\/\/www.smedemokrati.sk\/wp-content\/uploads\/2024\/02\/raz.jpg\",\"contentUrl\":\"https:\/\/www.smedemokrati.sk\/wp-content\/uploads\/2024\/02\/raz.jpg\",\"width\":1017,\"height\":573},{\"@type\":\"BreadcrumbList\",\"@id\":\"https:\/\/www.smedemokrati.sk\/vlada-zlyhala-v-stavebnej-reforme-vyzyvame-na-jej-odklad-inak-hrozi-kolaps-stavebnych-konani\/#breadcrumb\",\"itemListElement\":[{\"@type\":\"ListItem\",\"position\":1,\"name\":\"Domovsk\u00e1 str\u00e1nka\",\"item\":\"https:\/\/www.smedemokrati.sk\/\"},{\"@type\":\"ListItem\",\"position\":2,\"name\":\"Vl\u00e1da zlyhala v stavebnej reforme, vyz\u00fdvame na jej odklad, inak hroz\u00ed kolaps stavebn\u00fdch konan\u00ed\"}]},{\"@type\":\"WebSite\",\"@id\":\"https:\/\/www.smedemokrati.sk\/#website\",\"url\":\"https:\/\/www.smedemokrati.sk\/\",\"name\":\"Smedemokrati.sk\",\"description\":\"Demokracia a slu\u0161nos\u0165 zv\u00ed\u0165az\u00ed\",\"publisher\":{\"@id\":\"https:\/\/www.smedemokrati.sk\/#organization\"},\"potentialAction\":[{\"@type\":\"SearchAction\",\"target\":{\"@type\":\"EntryPoint\",\"urlTemplate\":\"https:\/\/www.smedemokrati.sk\/?s={search_term_string}\"},\"query-input\":{\"@type\":\"PropertyValueSpecification\",\"valueRequired\":true,\"valueName\":\"search_term_string\"}}],\"inLanguage\":\"cs-CZ\"},{\"@type\":\"Organization\",\"@id\":\"https:\/\/www.smedemokrati.sk\/#organization\",\"name\":\"Smedemokrati.sk\",\"url\":\"https:\/\/www.smedemokrati.sk\/\",\"logo\":{\"@type\":\"ImageObject\",\"inLanguage\":\"cs-CZ\",\"@id\":\"https:\/\/www.smedemokrati.sk\/#\/schema\/logo\/image\/\",\"url\":\"https:\/\/www.smedemokrati.sk\/wp-content\/uploads\/2023\/04\/ff.002.jpeg\",\"contentUrl\":\"https:\/\/www.smedemokrati.sk\/wp-content\/uploads\/2023\/04\/ff.002.jpeg\",\"width\":640,\"height\":480,\"caption\":\"Smedemokrati.sk\"},\"image\":{\"@id\":\"https:\/\/www.smedemokrati.sk\/#\/schema\/logo\/image\/\"},\"sameAs\":[\"https:\/\/www.facebook.com\/smedemokrati2023\"]},{\"@type\":\"Person\",\"@id\":\"https:\/\/www.smedemokrati.sk\/#\/schema\/person\/21f147c88d605aa7ded900e1e7c344ba\",\"name\":\"miro.sopko\",\"image\":{\"@type\":\"ImageObject\",\"inLanguage\":\"cs-CZ\",\"@id\":\"https:\/\/secure.gravatar.com\/avatar\/267e4a36f704376c109afe3a78740c1f5dd8675a2180a908699e7863c9247606?s=96&d=mm&r=g\",\"url\":\"https:\/\/secure.gravatar.com\/avatar\/267e4a36f704376c109afe3a78740c1f5dd8675a2180a908699e7863c9247606?s=96&d=mm&r=g\",\"contentUrl\":\"https:\/\/secure.gravatar.com\/avatar\/267e4a36f704376c109afe3a78740c1f5dd8675a2180a908699e7863c9247606?s=96&d=mm&r=g\",\"caption\":\"miro.sopko\"},\"url\":\"https:\/\/www.smedemokrati.sk\/cs\/author\/miro-sopko\/\"}]}<\/script>\n<!-- \/ Yoast SEO plugin. -->","yoast_head_json":{"title":"Vl\u00e1da zlyhala v stavebnej reforme, vyz\u00fdvame na jej odklad, inak hroz\u00ed kolaps stavebn\u00fdch konan\u00ed","robots":{"index":"index","follow":"follow","max-snippet":"max-snippet:-1","max-image-preview":"max-image-preview:large","max-video-preview":"max-video-preview:-1"},"canonical":"https:\/\/www.smedemokrati.sk\/cs\/vlada-zlyhala-v-stavebnej-reforme-vyzyvame-na-jej-odklad-inak-hrozi-kolaps-stavebnych-konani\/","og_locale":"cs_CZ","og_type":"article","og_title":"[:sk]Vl\u00e1da zlyhala v stavebnej reforme, vyz\u00fdvame na jej odklad, inak hroz\u00ed kolaps stavebn\u00fdch konan\u00ed[:] - Smedemokrati.sk","og_description":"V \u010dase prebiehaj\u00facej koali\u010dnej kr\u00edzy dnes (29. janu\u00e1r 2025) vl\u00e1da schva\u013euje k\u013e\u00fa\u010dov\u00fa \u010das\u0165 stavebnej reformy, ktorou sa men\u00ed \u010fal\u0161\u00edch 75 z\u00e1konov (tzv. zbern\u00fd z\u00e1kon). Cel\u00fa stavebn\u00fa reformu pova\u017euj\u00fa Demokrati za nepripraven\u00fa, predlo\u017een\u00fd z\u00e1kon za mimoriadne oneskoren\u00fd a lobistick\u00fd so \u0161kodliv\u00fdmi vplyvmi na pamiatkov\u00fa starostlivos\u0165 a ochranu pr\u00edrody. Z d\u00f4vodu nepripravenosti sa strana ob\u00e1va hroziaceho kolapsu [&hellip;]","og_url":"https:\/\/www.smedemokrati.sk\/cs\/vlada-zlyhala-v-stavebnej-reforme-vyzyvame-na-jej-odklad-inak-hrozi-kolaps-stavebnych-konani\/","og_site_name":"Smedemokrati.sk","article_publisher":"https:\/\/www.facebook.com\/smedemokrati2023","article_published_time":"2025-01-29T10:15:00+00:00","article_modified_time":"2025-01-29T11:13:35+00:00","og_image":[{"width":1017,"height":573,"url":"https:\/\/www.smedemokrati.sk\/wp-content\/uploads\/2024\/02\/raz.jpg","type":"image\/jpeg"}],"author":"miro.sopko","twitter_card":"summary_large_image","twitter_misc":{"Napsal(a)":"miro.sopko","Odhadovan\u00e1 doba \u010dten\u00ed":"3 minuty"},"schema":{"@context":"https:\/\/schema.org","@graph":[{"@type":"Article","@id":"https:\/\/www.smedemokrati.sk\/vlada-zlyhala-v-stavebnej-reforme-vyzyvame-na-jej-odklad-inak-hrozi-kolaps-stavebnych-konani\/#article","isPartOf":{"@id":"https:\/\/www.smedemokrati.sk\/vlada-zlyhala-v-stavebnej-reforme-vyzyvame-na-jej-odklad-inak-hrozi-kolaps-stavebnych-konani\/"},"author":{"name":"miro.sopko","@id":"https:\/\/www.smedemokrati.sk\/#\/schema\/person\/21f147c88d605aa7ded900e1e7c344ba"},"headline":"Vl\u00e1da zlyhala v stavebnej reforme, vyz\u00fdvame na jej odklad, inak hroz\u00ed kolaps stavebn\u00fdch konan\u00ed","datePublished":"2025-01-29T10:15:00+00:00","dateModified":"2025-01-29T11:13:35+00:00","mainEntityOfPage":{"@id":"https:\/\/www.smedemokrati.sk\/vlada-zlyhala-v-stavebnej-reforme-vyzyvame-na-jej-odklad-inak-hrozi-kolaps-stavebnych-konani\/"},"wordCount":636,"publisher":{"@id":"https:\/\/www.smedemokrati.sk\/#organization"},"image":{"@id":"https:\/\/www.smedemokrati.sk\/vlada-zlyhala-v-stavebnej-reforme-vyzyvame-na-jej-odklad-inak-hrozi-kolaps-stavebnych-konani\/#primaryimage"},"thumbnailUrl":"https:\/\/www.smedemokrati.sk\/wp-content\/uploads\/2024\/02\/raz.jpg","articleSection":["Uncategorized"],"inLanguage":"cs-CZ"},{"@type":"WebPage","@id":"https:\/\/www.smedemokrati.sk\/vlada-zlyhala-v-stavebnej-reforme-vyzyvame-na-jej-odklad-inak-hrozi-kolaps-stavebnych-konani\/","url":"https:\/\/www.smedemokrati.sk\/vlada-zlyhala-v-stavebnej-reforme-vyzyvame-na-jej-odklad-inak-hrozi-kolaps-stavebnych-konani\/","name":"Vl\u00e1da zlyhala v stavebnej reforme, vyz\u00fdvame na jej odklad, inak hroz\u00ed kolaps stavebn\u00fdch konan\u00ed","isPartOf":{"@id":"https:\/\/www.smedemokrati.sk\/#website"},"primaryImageOfPage":{"@id":"https:\/\/www.smedemokrati.sk\/vlada-zlyhala-v-stavebnej-reforme-vyzyvame-na-jej-odklad-inak-hrozi-kolaps-stavebnych-konani\/#primaryimage"},"image":{"@id":"https:\/\/www.smedemokrati.sk\/vlada-zlyhala-v-stavebnej-reforme-vyzyvame-na-jej-odklad-inak-hrozi-kolaps-stavebnych-konani\/#primaryimage"},"thumbnailUrl":"https:\/\/www.smedemokrati.sk\/wp-content\/uploads\/2024\/02\/raz.jpg","datePublished":"2025-01-29T10:15:00+00:00","dateModified":"2025-01-29T11:13:35+00:00","breadcrumb":{"@id":"https:\/\/www.smedemokrati.sk\/vlada-zlyhala-v-stavebnej-reforme-vyzyvame-na-jej-odklad-inak-hrozi-kolaps-stavebnych-konani\/#breadcrumb"},"inLanguage":"cs-CZ","potentialAction":[{"@type":"ReadAction","target":["https:\/\/www.smedemokrati.sk\/vlada-zlyhala-v-stavebnej-reforme-vyzyvame-na-jej-odklad-inak-hrozi-kolaps-stavebnych-konani\/"]}]},{"@type":"ImageObject","inLanguage":"cs-CZ","@id":"https:\/\/www.smedemokrati.sk\/vlada-zlyhala-v-stavebnej-reforme-vyzyvame-na-jej-odklad-inak-hrozi-kolaps-stavebnych-konani\/#primaryimage","url":"https:\/\/www.smedemokrati.sk\/wp-content\/uploads\/2024\/02\/raz.jpg","contentUrl":"https:\/\/www.smedemokrati.sk\/wp-content\/uploads\/2024\/02\/raz.jpg","width":1017,"height":573},{"@type":"BreadcrumbList","@id":"https:\/\/www.smedemokrati.sk\/vlada-zlyhala-v-stavebnej-reforme-vyzyvame-na-jej-odklad-inak-hrozi-kolaps-stavebnych-konani\/#breadcrumb","itemListElement":[{"@type":"ListItem","position":1,"name":"Domovsk\u00e1 str\u00e1nka","item":"https:\/\/www.smedemokrati.sk\/"},{"@type":"ListItem","position":2,"name":"Vl\u00e1da zlyhala v stavebnej reforme, vyz\u00fdvame na jej odklad, inak hroz\u00ed kolaps stavebn\u00fdch konan\u00ed"}]},{"@type":"WebSite","@id":"https:\/\/www.smedemokrati.sk\/#website","url":"https:\/\/www.smedemokrati.sk\/","name":"Smedemokrati.sk","description":"Demokracia a slu\u0161nos\u0165 zv\u00ed\u0165az\u00ed","publisher":{"@id":"https:\/\/www.smedemokrati.sk\/#organization"},"potentialAction":[{"@type":"SearchAction","target":{"@type":"EntryPoint","urlTemplate":"https:\/\/www.smedemokrati.sk\/?s={search_term_string}"},"query-input":{"@type":"PropertyValueSpecification","valueRequired":true,"valueName":"search_term_string"}}],"inLanguage":"cs-CZ"},{"@type":"Organization","@id":"https:\/\/www.smedemokrati.sk\/#organization","name":"Smedemokrati.sk","url":"https:\/\/www.smedemokrati.sk\/","logo":{"@type":"ImageObject","inLanguage":"cs-CZ","@id":"https:\/\/www.smedemokrati.sk\/#\/schema\/logo\/image\/","url":"https:\/\/www.smedemokrati.sk\/wp-content\/uploads\/2023\/04\/ff.002.jpeg","contentUrl":"https:\/\/www.smedemokrati.sk\/wp-content\/uploads\/2023\/04\/ff.002.jpeg","width":640,"height":480,"caption":"Smedemokrati.sk"},"image":{"@id":"https:\/\/www.smedemokrati.sk\/#\/schema\/logo\/image\/"},"sameAs":["https:\/\/www.facebook.com\/smedemokrati2023"]},{"@type":"Person","@id":"https:\/\/www.smedemokrati.sk\/#\/schema\/person\/21f147c88d605aa7ded900e1e7c344ba","name":"miro.sopko","image":{"@type":"ImageObject","inLanguage":"cs-CZ","@id":"https:\/\/secure.gravatar.com\/avatar\/267e4a36f704376c109afe3a78740c1f5dd8675a2180a908699e7863c9247606?s=96&d=mm&r=g","url":"https:\/\/secure.gravatar.com\/avatar\/267e4a36f704376c109afe3a78740c1f5dd8675a2180a908699e7863c9247606?s=96&d=mm&r=g","contentUrl":"https:\/\/secure.gravatar.com\/avatar\/267e4a36f704376c109afe3a78740c1f5dd8675a2180a908699e7863c9247606?s=96&d=mm&r=g","caption":"miro.sopko"},"url":"https:\/\/www.smedemokrati.sk\/cs\/author\/miro-sopko\/"}]}},"_links":{"self":[{"href":"https:\/\/www.smedemokrati.sk\/cs\/wp-json\/wp\/v2\/posts\/6233","targetHints":{"allow":["GET"]}}],"collection":[{"href":"https:\/\/www.smedemokrati.sk\/cs\/wp-json\/wp\/v2\/posts"}],"about":[{"href":"https:\/\/www.smedemokrati.sk\/cs\/wp-json\/wp\/v2\/types\/post"}],"author":[{"embeddable":true,"href":"https:\/\/www.smedemokrati.sk\/cs\/wp-json\/wp\/v2\/users\/13"}],"replies":[{"embeddable":true,"href":"https:\/\/www.smedemokrati.sk\/cs\/wp-json\/wp\/v2\/comments?post=6233"}],"version-history":[{"count":1,"href":"https:\/\/www.smedemokrati.sk\/cs\/wp-json\/wp\/v2\/posts\/6233\/revisions"}],"predecessor-version":[{"id":6234,"href":"https:\/\/www.smedemokrati.sk\/cs\/wp-json\/wp\/v2\/posts\/6233\/revisions\/6234"}],"wp:featuredmedia":[{"embeddable":true,"href":"https:\/\/www.smedemokrati.sk\/cs\/wp-json\/wp\/v2\/media\/2592"}],"wp:attachment":[{"href":"https:\/\/www.smedemokrati.sk\/cs\/wp-json\/wp\/v2\/media?parent=6233"}],"wp:term":[{"taxonomy":"category","embeddable":true,"href":"https:\/\/www.smedemokrati.sk\/cs\/wp-json\/wp\/v2\/categories?post=6233"},{"taxonomy":"post_tag","embeddable":true,"href":"https:\/\/www.smedemokrati.sk\/cs\/wp-json\/wp\/v2\/tags?post=6233"}],"curies":[{"name":"wp","href":"https:\/\/api.w.org\/{rel}","templated":true}]}}