{"id":6223,"date":"2025-01-28T13:05:23","date_gmt":"2025-01-28T12:05:23","guid":{"rendered":"https:\/\/www.smedemokrati.sk\/?p=6223"},"modified":"2025-01-28T16:21:55","modified_gmt":"2025-01-28T15:21:55","slug":"vyzyvame-pellegriniho-aby-sa-vzdal-funkcie-cestneho-predsedu-v-hlase","status":"publish","type":"post","link":"https:\/\/www.smedemokrati.sk\/cs\/vyzyvame-pellegriniho-aby-sa-vzdal-funkcie-cestneho-predsedu-v-hlase\/","title":{"rendered":"Vyz\u00fdvame Pellegriniho aby sa vzdal funkcie \u010destn\u00e9ho predsedu v Hlase"},"content":{"rendered":"<div id=\"fb-root\"><\/div>\n\n<p><strong>Peter Pellegrini nie je nadstran\u00edcky prezident, st\u00e1le riadi Hlas a je koali\u010dn\u00fdm partnerom. Je to nie\u010do, \u010do je nezlu\u010dite\u013en\u00e9 s v\u00fdkonom funkcie prezidenta, Demokrati ho vyz\u00fdvaj\u00fa, aby prestal s anga\u017eovan\u00edm sa v strane a vzdal sa ak\u00e9hoko\u013evek \u010dlenstva v Hlase.&nbsp;<\/strong><\/p>\n\n\n\n<p><em>\u201eAko m\u00e1me veri\u0165 Pellegrinimu, \u017ee h\u00e1ji z\u00e1ujmy v\u0161etk\u00fdch ob\u010danov, ak potajme chodieva na stran\u00edcke akcie, kde navy\u0161e, vstupuje do aktu\u00e1lnej politickej situ\u00e1cie?\u00a0 Ak Peter Pellegrini\u00a0 re\u0161pektuje v\u00e1hu vlastn\u00e9ho \u00faradu, ktor\u00fd do\u010dasne zast\u00e1va, mus\u00ed sa okam\u017eite vzda\u0165 ak\u00e9hoko\u013evek \u010dlenstva v strane. Dokonca, s\u00e1m Pellegrini to s\u013euboval ob\u010danom pred vo\u013ebami. Ak p\u00e1n Pellegrini st\u00e1le chce by\u0165 ako\u017ee \u010destn\u00fd predseda Hlasu, tak preber\u00e1 pln\u00fa zodpovednos\u0165 za v\u0161etko \u010do koal\u00edcia rob\u00ed. Vy\u0161\u0161ia kriminalita, probl\u00e9my v zdravotn\u00edctve alebo neschopnos\u0165 \u010derpa\u0165 eurofondy. Ob\u00e1vam sa, \u017ee Peter Pellegrini rob\u00ed z prezidentsk\u00e9ho pal\u00e1ca stran\u00edcku centr\u00e1lu, potom na prezidentsk\u00fd pal\u00e1c treba nalepi\u0165 aj tabu\u013eku, centr\u00e1la strany Hlas.&#8220; H<\/em>ovor\u00ed podpredseda Demokratov Juraj \u0160eliga a dod\u00e1va, \u017ee hist\u00f3ria Slovenska si nepam\u00e4t\u00e1 prezidenta, ktor\u00fd by takpovediac, sedel na dvoch stoli\u010dk\u00e1ch. Z\u00e1rove\u0148 hovor\u00ed, \u017ee nar\u00fdchlo zvolan\u00e1 bezpe\u010dnostn\u00e1 rada k \u00fadajn\u00fdm hrozb\u00e1m na protestoch, bez adekv\u00e1tnych z\u00e1verov a d\u00f4kazov, mohla by\u0165 predpr\u00edprava k tomu, \u010do nasledovalo po rokovan\u00ed, a to vyl\u00fa\u010denie rebeluj\u00facich poslancov Hlasu.<\/p>\n\n\n\n<p><em>\u201ePeter Pellegrini pomyselne zvesil prezidentsk\u00fa \u0161tandardu z Grasalkovi\u010dovho pal\u00e1ca a vymenil ju za transparent strany Hlas. Samozvan\u00fd prezident &#8222;v\u0161etk\u00fdch \u013eud\u00ed&#8220; sa u\u017e dlho spr\u00e1va ako prezident vybranej skupiny a st\u00e1le akt\u00edvne zasahuje do chodu strany. Peter Pellegrini t\u00fdm, \u017ee nie je nadstran\u00edcky, podviedol v\u0161etk\u00fdch \u013eud\u00ed a mus\u00ed si vybra\u0165, ak\u00fd post chce vlastne zast\u00e1va\u0165,&#8220;<\/em>\u00a0uzatv\u00e1ra podpredseda strany a b\u00fdval\u00fd premi\u00e9r Eduard Heger.<\/p>\n\n\n<div class=\"fb-video\" data-href=\"https:\/\/fb.watch\/xopsWT0dNq\" data-allowfullscreen=\"true\" data-autoplay=\"false\" data-width=\"\" data-show-text=\"false\" data-show-captions=\"true\"><\/div>\n","protected":false},"excerpt":{"rendered":"<p>Peter Pellegrini nie je nadstran\u00edcky prezident, st\u00e1le riadi Hlas a je koali\u010dn\u00fdm partnerom. Je to nie\u010do, \u010do je nezlu\u010dite\u013en\u00e9 s v\u00fdkonom funkcie prezidenta, Demokrati ho vyz\u00fdvaj\u00fa, aby prestal s anga\u017eovan\u00edm sa v strane a vzdal sa ak\u00e9hoko\u013evek \u010dlenstva v Hlase.&nbsp; \u201eAko m\u00e1me veri\u0165 Pellegrinimu, \u017ee h\u00e1ji z\u00e1ujmy v\u0161etk\u00fdch ob\u010danov, ak potajme chodieva na stran\u00edcke akcie, [&hellip;]<\/p>\n","protected":false},"author":13,"featured_media":3355,"comment_status":"closed","ping_status":"closed","sticky":false,"template":"","format":"standard","meta":{"_acf_changed":false,"ngg_post_thumbnail":0,"footnotes":""},"categories":[4],"tags":[],"class_list":["post-6223","post","type-post","status-publish","format-standard","has-post-thumbnail","hentry","category-tlacove-spravy"],"acf":[],"yoast_head":"<!-- This site is optimized with the Yoast SEO plugin v27.2 - https:\/\/yoast.com\/product\/yoast-seo-wordpress\/ -->\n<title>Vyz\u00fdvame Pellegriniho aby sa vzdal funkcie \u010destn\u00e9ho predsedu v Hlase<\/title>\n<meta name=\"robots\" content=\"index, follow, max-snippet:-1, max-image-preview:large, max-video-preview:-1\" \/>\n<link rel=\"canonical\" href=\"https:\/\/www.smedemokrati.sk\/cs\/vyzyvame-pellegriniho-aby-sa-vzdal-funkcie-cestneho-predsedu-v-hlase\/\" \/>\n<meta property=\"og:locale\" content=\"cs_CZ\" \/>\n<meta property=\"og:locale:alternate\" content=\"en_US\" \/>\n<meta property=\"og:locale:alternate\" content=\"hu_HU\" \/>\n<meta property=\"og:locale:alternate\" content=\"sk_SK\" \/>\n<meta property=\"og:locale:alternate\" content=\"sv_SE\" \/>\n<meta property=\"og:type\" content=\"article\" \/>\n<meta property=\"og:title\" content=\"Vyz\u00fdvame Pellegriniho aby sa vzdal funkcie \u010destn\u00e9ho predsedu v Hlase\" \/>\n<meta property=\"og:description\" content=\"Peter Pellegrini nie je nadstran\u00edcky prezident, st\u00e1le riadi Hlas a je koali\u010dn\u00fdm partnerom. Je to nie\u010do, \u010do je nezlu\u010dite\u013en\u00e9 s v\u00fdkonom funkcie prezidenta, Demokrati ho vyz\u00fdvaj\u00fa, aby prestal s anga\u017eovan\u00edm sa v strane a vzdal sa ak\u00e9hoko\u013evek \u010dlenstva v Hlase.&nbsp; \u201eAko m\u00e1me veri\u0165 Pellegrinimu, \u017ee h\u00e1ji z\u00e1ujmy v\u0161etk\u00fdch ob\u010danov, ak potajme chodieva na stran\u00edcke akcie, [&hellip;]\" \/>\n<meta property=\"og:url\" content=\"https:\/\/www.smedemokrati.sk\/cs\/vyzyvame-pellegriniho-aby-sa-vzdal-funkcie-cestneho-predsedu-v-hlase\/\" \/>\n<meta property=\"og:site_name\" content=\"Smedemokrati.sk\" \/>\n<meta property=\"article:publisher\" content=\"https:\/\/www.facebook.com\/smedemokrati2023\" \/>\n<meta property=\"article:published_time\" content=\"2025-01-28T12:05:23+00:00\" \/>\n<meta property=\"article:modified_time\" content=\"2025-01-28T15:21:55+00:00\" \/>\n<meta property=\"og:image\" content=\"https:\/\/www.smedemokrati.sk\/wp-content\/uploads\/2024\/04\/pp.jpg\" \/>\n\t<meta property=\"og:image:width\" content=\"1200\" \/>\n\t<meta property=\"og:image:height\" content=\"630\" \/>\n\t<meta property=\"og:image:type\" content=\"image\/jpeg\" \/>\n<meta name=\"author\" content=\"miro.sopko\" \/>\n<meta name=\"twitter:card\" content=\"summary_large_image\" \/>\n<meta name=\"twitter:label1\" content=\"Napsal(a)\" \/>\n\t<meta name=\"twitter:data1\" content=\"miro.sopko\" \/>\n\t<meta name=\"twitter:label2\" content=\"Odhadovan\u00e1 doba \u010dten\u00ed\" \/>\n\t<meta name=\"twitter:data2\" content=\"2 minuty\" \/>\n<script type=\"application\/ld+json\" class=\"yoast-schema-graph\">{\"@context\":\"https:\/\/schema.org\",\"@graph\":[{\"@type\":\"Article\",\"@id\":\"https:\/\/www.smedemokrati.sk\/vyzyvame-pellegriniho-aby-sa-vzdal-funkcie-cestneho-predsedu-v-hlase\/#article\",\"isPartOf\":{\"@id\":\"https:\/\/www.smedemokrati.sk\/vyzyvame-pellegriniho-aby-sa-vzdal-funkcie-cestneho-predsedu-v-hlase\/\"},\"author\":{\"name\":\"miro.sopko\",\"@id\":\"https:\/\/www.smedemokrati.sk\/#\/schema\/person\/21f147c88d605aa7ded900e1e7c344ba\"},\"headline\":\"Vyz\u00fdvame Pellegriniho aby sa vzdal funkcie \u010destn\u00e9ho predsedu v Hlase\",\"datePublished\":\"2025-01-28T12:05:23+00:00\",\"dateModified\":\"2025-01-28T15:21:55+00:00\",\"mainEntityOfPage\":{\"@id\":\"https:\/\/www.smedemokrati.sk\/vyzyvame-pellegriniho-aby-sa-vzdal-funkcie-cestneho-predsedu-v-hlase\/\"},\"wordCount\":358,\"publisher\":{\"@id\":\"https:\/\/www.smedemokrati.sk\/#organization\"},\"image\":{\"@id\":\"https:\/\/www.smedemokrati.sk\/vyzyvame-pellegriniho-aby-sa-vzdal-funkcie-cestneho-predsedu-v-hlase\/#primaryimage\"},\"thumbnailUrl\":\"https:\/\/www.smedemokrati.sk\/wp-content\/uploads\/2024\/04\/pp.jpg\",\"articleSection\":[\"Tla\u010dov\u00e9 spr\u00e1vy\"],\"inLanguage\":\"cs-CZ\"},{\"@type\":\"WebPage\",\"@id\":\"https:\/\/www.smedemokrati.sk\/vyzyvame-pellegriniho-aby-sa-vzdal-funkcie-cestneho-predsedu-v-hlase\/\",\"url\":\"https:\/\/www.smedemokrati.sk\/vyzyvame-pellegriniho-aby-sa-vzdal-funkcie-cestneho-predsedu-v-hlase\/\",\"name\":\"Vyz\u00fdvame Pellegriniho aby sa vzdal funkcie \u010destn\u00e9ho predsedu v Hlase\",\"isPartOf\":{\"@id\":\"https:\/\/www.smedemokrati.sk\/#website\"},\"primaryImageOfPage\":{\"@id\":\"https:\/\/www.smedemokrati.sk\/vyzyvame-pellegriniho-aby-sa-vzdal-funkcie-cestneho-predsedu-v-hlase\/#primaryimage\"},\"image\":{\"@id\":\"https:\/\/www.smedemokrati.sk\/vyzyvame-pellegriniho-aby-sa-vzdal-funkcie-cestneho-predsedu-v-hlase\/#primaryimage\"},\"thumbnailUrl\":\"https:\/\/www.smedemokrati.sk\/wp-content\/uploads\/2024\/04\/pp.jpg\",\"datePublished\":\"2025-01-28T12:05:23+00:00\",\"dateModified\":\"2025-01-28T15:21:55+00:00\",\"breadcrumb\":{\"@id\":\"https:\/\/www.smedemokrati.sk\/vyzyvame-pellegriniho-aby-sa-vzdal-funkcie-cestneho-predsedu-v-hlase\/#breadcrumb\"},\"inLanguage\":\"cs-CZ\",\"potentialAction\":[{\"@type\":\"ReadAction\",\"target\":[\"https:\/\/www.smedemokrati.sk\/vyzyvame-pellegriniho-aby-sa-vzdal-funkcie-cestneho-predsedu-v-hlase\/\"]}]},{\"@type\":\"ImageObject\",\"inLanguage\":\"cs-CZ\",\"@id\":\"https:\/\/www.smedemokrati.sk\/vyzyvame-pellegriniho-aby-sa-vzdal-funkcie-cestneho-predsedu-v-hlase\/#primaryimage\",\"url\":\"https:\/\/www.smedemokrati.sk\/wp-content\/uploads\/2024\/04\/pp.jpg\",\"contentUrl\":\"https:\/\/www.smedemokrati.sk\/wp-content\/uploads\/2024\/04\/pp.jpg\",\"width\":1200,\"height\":630},{\"@type\":\"BreadcrumbList\",\"@id\":\"https:\/\/www.smedemokrati.sk\/vyzyvame-pellegriniho-aby-sa-vzdal-funkcie-cestneho-predsedu-v-hlase\/#breadcrumb\",\"itemListElement\":[{\"@type\":\"ListItem\",\"position\":1,\"name\":\"Domovsk\u00e1 str\u00e1nka\",\"item\":\"https:\/\/www.smedemokrati.sk\/\"},{\"@type\":\"ListItem\",\"position\":2,\"name\":\"Vyz\u00fdvame Pellegriniho aby sa vzdal funkcie \u010destn\u00e9ho predsedu v Hlase\"}]},{\"@type\":\"WebSite\",\"@id\":\"https:\/\/www.smedemokrati.sk\/#website\",\"url\":\"https:\/\/www.smedemokrati.sk\/\",\"name\":\"Smedemokrati.sk\",\"description\":\"Demokracia a slu\u0161nos\u0165 zv\u00ed\u0165az\u00ed\",\"publisher\":{\"@id\":\"https:\/\/www.smedemokrati.sk\/#organization\"},\"potentialAction\":[{\"@type\":\"SearchAction\",\"target\":{\"@type\":\"EntryPoint\",\"urlTemplate\":\"https:\/\/www.smedemokrati.sk\/?s={search_term_string}\"},\"query-input\":{\"@type\":\"PropertyValueSpecification\",\"valueRequired\":true,\"valueName\":\"search_term_string\"}}],\"inLanguage\":\"cs-CZ\"},{\"@type\":\"Organization\",\"@id\":\"https:\/\/www.smedemokrati.sk\/#organization\",\"name\":\"Smedemokrati.sk\",\"url\":\"https:\/\/www.smedemokrati.sk\/\",\"logo\":{\"@type\":\"ImageObject\",\"inLanguage\":\"cs-CZ\",\"@id\":\"https:\/\/www.smedemokrati.sk\/#\/schema\/logo\/image\/\",\"url\":\"https:\/\/www.smedemokrati.sk\/wp-content\/uploads\/2023\/04\/ff.002.jpeg\",\"contentUrl\":\"https:\/\/www.smedemokrati.sk\/wp-content\/uploads\/2023\/04\/ff.002.jpeg\",\"width\":640,\"height\":480,\"caption\":\"Smedemokrati.sk\"},\"image\":{\"@id\":\"https:\/\/www.smedemokrati.sk\/#\/schema\/logo\/image\/\"},\"sameAs\":[\"https:\/\/www.facebook.com\/smedemokrati2023\"]},{\"@type\":\"Person\",\"@id\":\"https:\/\/www.smedemokrati.sk\/#\/schema\/person\/21f147c88d605aa7ded900e1e7c344ba\",\"name\":\"miro.sopko\",\"image\":{\"@type\":\"ImageObject\",\"inLanguage\":\"cs-CZ\",\"@id\":\"https:\/\/secure.gravatar.com\/avatar\/267e4a36f704376c109afe3a78740c1f5dd8675a2180a908699e7863c9247606?s=96&d=mm&r=g\",\"url\":\"https:\/\/secure.gravatar.com\/avatar\/267e4a36f704376c109afe3a78740c1f5dd8675a2180a908699e7863c9247606?s=96&d=mm&r=g\",\"contentUrl\":\"https:\/\/secure.gravatar.com\/avatar\/267e4a36f704376c109afe3a78740c1f5dd8675a2180a908699e7863c9247606?s=96&d=mm&r=g\",\"caption\":\"miro.sopko\"},\"url\":\"https:\/\/www.smedemokrati.sk\/cs\/author\/miro-sopko\/\"}]}<\/script>\n<!-- \/ Yoast SEO plugin. -->","yoast_head_json":{"title":"Vyz\u00fdvame Pellegriniho aby sa vzdal funkcie \u010destn\u00e9ho predsedu v Hlase","robots":{"index":"index","follow":"follow","max-snippet":"max-snippet:-1","max-image-preview":"max-image-preview:large","max-video-preview":"max-video-preview:-1"},"canonical":"https:\/\/www.smedemokrati.sk\/cs\/vyzyvame-pellegriniho-aby-sa-vzdal-funkcie-cestneho-predsedu-v-hlase\/","og_locale":"cs_CZ","og_type":"article","og_title":"[:sk]Vyz\u00fdvame Pellegriniho aby sa vzdal funkcie \u010destn\u00e9ho predsedu v Hlase[:] - Smedemokrati.sk","og_description":"Peter Pellegrini nie je nadstran\u00edcky prezident, st\u00e1le riadi Hlas a je koali\u010dn\u00fdm partnerom. Je to nie\u010do, \u010do je nezlu\u010dite\u013en\u00e9 s v\u00fdkonom funkcie prezidenta, Demokrati ho vyz\u00fdvaj\u00fa, aby prestal s anga\u017eovan\u00edm sa v strane a vzdal sa ak\u00e9hoko\u013evek \u010dlenstva v Hlase.&nbsp; \u201eAko m\u00e1me veri\u0165 Pellegrinimu, \u017ee h\u00e1ji z\u00e1ujmy v\u0161etk\u00fdch ob\u010danov, ak potajme chodieva na stran\u00edcke akcie, [&hellip;]","og_url":"https:\/\/www.smedemokrati.sk\/cs\/vyzyvame-pellegriniho-aby-sa-vzdal-funkcie-cestneho-predsedu-v-hlase\/","og_site_name":"Smedemokrati.sk","article_publisher":"https:\/\/www.facebook.com\/smedemokrati2023","article_published_time":"2025-01-28T12:05:23+00:00","article_modified_time":"2025-01-28T15:21:55+00:00","og_image":[{"width":1200,"height":630,"url":"https:\/\/www.smedemokrati.sk\/wp-content\/uploads\/2024\/04\/pp.jpg","type":"image\/jpeg"}],"author":"miro.sopko","twitter_card":"summary_large_image","twitter_misc":{"Napsal(a)":"miro.sopko","Odhadovan\u00e1 doba \u010dten\u00ed":"2 minuty"},"schema":{"@context":"https:\/\/schema.org","@graph":[{"@type":"Article","@id":"https:\/\/www.smedemokrati.sk\/vyzyvame-pellegriniho-aby-sa-vzdal-funkcie-cestneho-predsedu-v-hlase\/#article","isPartOf":{"@id":"https:\/\/www.smedemokrati.sk\/vyzyvame-pellegriniho-aby-sa-vzdal-funkcie-cestneho-predsedu-v-hlase\/"},"author":{"name":"miro.sopko","@id":"https:\/\/www.smedemokrati.sk\/#\/schema\/person\/21f147c88d605aa7ded900e1e7c344ba"},"headline":"Vyz\u00fdvame Pellegriniho aby sa vzdal funkcie \u010destn\u00e9ho predsedu v Hlase","datePublished":"2025-01-28T12:05:23+00:00","dateModified":"2025-01-28T15:21:55+00:00","mainEntityOfPage":{"@id":"https:\/\/www.smedemokrati.sk\/vyzyvame-pellegriniho-aby-sa-vzdal-funkcie-cestneho-predsedu-v-hlase\/"},"wordCount":358,"publisher":{"@id":"https:\/\/www.smedemokrati.sk\/#organization"},"image":{"@id":"https:\/\/www.smedemokrati.sk\/vyzyvame-pellegriniho-aby-sa-vzdal-funkcie-cestneho-predsedu-v-hlase\/#primaryimage"},"thumbnailUrl":"https:\/\/www.smedemokrati.sk\/wp-content\/uploads\/2024\/04\/pp.jpg","articleSection":["Tla\u010dov\u00e9 spr\u00e1vy"],"inLanguage":"cs-CZ"},{"@type":"WebPage","@id":"https:\/\/www.smedemokrati.sk\/vyzyvame-pellegriniho-aby-sa-vzdal-funkcie-cestneho-predsedu-v-hlase\/","url":"https:\/\/www.smedemokrati.sk\/vyzyvame-pellegriniho-aby-sa-vzdal-funkcie-cestneho-predsedu-v-hlase\/","name":"Vyz\u00fdvame Pellegriniho aby sa vzdal funkcie \u010destn\u00e9ho predsedu v Hlase","isPartOf":{"@id":"https:\/\/www.smedemokrati.sk\/#website"},"primaryImageOfPage":{"@id":"https:\/\/www.smedemokrati.sk\/vyzyvame-pellegriniho-aby-sa-vzdal-funkcie-cestneho-predsedu-v-hlase\/#primaryimage"},"image":{"@id":"https:\/\/www.smedemokrati.sk\/vyzyvame-pellegriniho-aby-sa-vzdal-funkcie-cestneho-predsedu-v-hlase\/#primaryimage"},"thumbnailUrl":"https:\/\/www.smedemokrati.sk\/wp-content\/uploads\/2024\/04\/pp.jpg","datePublished":"2025-01-28T12:05:23+00:00","dateModified":"2025-01-28T15:21:55+00:00","breadcrumb":{"@id":"https:\/\/www.smedemokrati.sk\/vyzyvame-pellegriniho-aby-sa-vzdal-funkcie-cestneho-predsedu-v-hlase\/#breadcrumb"},"inLanguage":"cs-CZ","potentialAction":[{"@type":"ReadAction","target":["https:\/\/www.smedemokrati.sk\/vyzyvame-pellegriniho-aby-sa-vzdal-funkcie-cestneho-predsedu-v-hlase\/"]}]},{"@type":"ImageObject","inLanguage":"cs-CZ","@id":"https:\/\/www.smedemokrati.sk\/vyzyvame-pellegriniho-aby-sa-vzdal-funkcie-cestneho-predsedu-v-hlase\/#primaryimage","url":"https:\/\/www.smedemokrati.sk\/wp-content\/uploads\/2024\/04\/pp.jpg","contentUrl":"https:\/\/www.smedemokrati.sk\/wp-content\/uploads\/2024\/04\/pp.jpg","width":1200,"height":630},{"@type":"BreadcrumbList","@id":"https:\/\/www.smedemokrati.sk\/vyzyvame-pellegriniho-aby-sa-vzdal-funkcie-cestneho-predsedu-v-hlase\/#breadcrumb","itemListElement":[{"@type":"ListItem","position":1,"name":"Domovsk\u00e1 str\u00e1nka","item":"https:\/\/www.smedemokrati.sk\/"},{"@type":"ListItem","position":2,"name":"Vyz\u00fdvame Pellegriniho aby sa vzdal funkcie \u010destn\u00e9ho predsedu v Hlase"}]},{"@type":"WebSite","@id":"https:\/\/www.smedemokrati.sk\/#website","url":"https:\/\/www.smedemokrati.sk\/","name":"Smedemokrati.sk","description":"Demokracia a slu\u0161nos\u0165 zv\u00ed\u0165az\u00ed","publisher":{"@id":"https:\/\/www.smedemokrati.sk\/#organization"},"potentialAction":[{"@type":"SearchAction","target":{"@type":"EntryPoint","urlTemplate":"https:\/\/www.smedemokrati.sk\/?s={search_term_string}"},"query-input":{"@type":"PropertyValueSpecification","valueRequired":true,"valueName":"search_term_string"}}],"inLanguage":"cs-CZ"},{"@type":"Organization","@id":"https:\/\/www.smedemokrati.sk\/#organization","name":"Smedemokrati.sk","url":"https:\/\/www.smedemokrati.sk\/","logo":{"@type":"ImageObject","inLanguage":"cs-CZ","@id":"https:\/\/www.smedemokrati.sk\/#\/schema\/logo\/image\/","url":"https:\/\/www.smedemokrati.sk\/wp-content\/uploads\/2023\/04\/ff.002.jpeg","contentUrl":"https:\/\/www.smedemokrati.sk\/wp-content\/uploads\/2023\/04\/ff.002.jpeg","width":640,"height":480,"caption":"Smedemokrati.sk"},"image":{"@id":"https:\/\/www.smedemokrati.sk\/#\/schema\/logo\/image\/"},"sameAs":["https:\/\/www.facebook.com\/smedemokrati2023"]},{"@type":"Person","@id":"https:\/\/www.smedemokrati.sk\/#\/schema\/person\/21f147c88d605aa7ded900e1e7c344ba","name":"miro.sopko","image":{"@type":"ImageObject","inLanguage":"cs-CZ","@id":"https:\/\/secure.gravatar.com\/avatar\/267e4a36f704376c109afe3a78740c1f5dd8675a2180a908699e7863c9247606?s=96&d=mm&r=g","url":"https:\/\/secure.gravatar.com\/avatar\/267e4a36f704376c109afe3a78740c1f5dd8675a2180a908699e7863c9247606?s=96&d=mm&r=g","contentUrl":"https:\/\/secure.gravatar.com\/avatar\/267e4a36f704376c109afe3a78740c1f5dd8675a2180a908699e7863c9247606?s=96&d=mm&r=g","caption":"miro.sopko"},"url":"https:\/\/www.smedemokrati.sk\/cs\/author\/miro-sopko\/"}]}},"_links":{"self":[{"href":"https:\/\/www.smedemokrati.sk\/cs\/wp-json\/wp\/v2\/posts\/6223","targetHints":{"allow":["GET"]}}],"collection":[{"href":"https:\/\/www.smedemokrati.sk\/cs\/wp-json\/wp\/v2\/posts"}],"about":[{"href":"https:\/\/www.smedemokrati.sk\/cs\/wp-json\/wp\/v2\/types\/post"}],"author":[{"embeddable":true,"href":"https:\/\/www.smedemokrati.sk\/cs\/wp-json\/wp\/v2\/users\/13"}],"replies":[{"embeddable":true,"href":"https:\/\/www.smedemokrati.sk\/cs\/wp-json\/wp\/v2\/comments?post=6223"}],"version-history":[{"count":1,"href":"https:\/\/www.smedemokrati.sk\/cs\/wp-json\/wp\/v2\/posts\/6223\/revisions"}],"predecessor-version":[{"id":6224,"href":"https:\/\/www.smedemokrati.sk\/cs\/wp-json\/wp\/v2\/posts\/6223\/revisions\/6224"}],"wp:featuredmedia":[{"embeddable":true,"href":"https:\/\/www.smedemokrati.sk\/cs\/wp-json\/wp\/v2\/media\/3355"}],"wp:attachment":[{"href":"https:\/\/www.smedemokrati.sk\/cs\/wp-json\/wp\/v2\/media?parent=6223"}],"wp:term":[{"taxonomy":"category","embeddable":true,"href":"https:\/\/www.smedemokrati.sk\/cs\/wp-json\/wp\/v2\/categories?post=6223"},{"taxonomy":"post_tag","embeddable":true,"href":"https:\/\/www.smedemokrati.sk\/cs\/wp-json\/wp\/v2\/tags?post=6223"}],"curies":[{"name":"wp","href":"https:\/\/api.w.org\/{rel}","templated":true}]}}