{"id":6193,"date":"2025-01-22T17:14:08","date_gmt":"2025-01-22T16:14:08","guid":{"rendered":"https:\/\/www.smedemokrati.sk\/?p=6193"},"modified":"2025-01-28T15:16:57","modified_gmt":"2025-01-28T14:16:57","slug":"odmietame-ficove-klamstva-a-vyzyvame-ho-aby-netraumatizoval-spolocnost","status":"publish","type":"post","link":"https:\/\/www.smedemokrati.sk\/cs\/odmietame-ficove-klamstva-a-vyzyvame-ho-aby-netraumatizoval-spolocnost\/","title":{"rendered":"Odmietame Ficove klamstv\u00e1 a vyz\u00fdvame ho, aby netraumatizoval spolo\u010dnos\u0165"},"content":{"rendered":"<div id=\"fb-root\"><\/div>\n\n<p><strong>\u00dato\u010dn\u00edk Cintula nebol sympatizantom strany Demokrati, ani jej \u010dlenom, nikdy stranu finan\u010dne nepodporil a nikdy s n\u00edm neprebehla \u017eiadna ofici\u00e1lna komunik\u00e1cia. Demokrati r\u00e1zne odmietaj\u00fa tvrdenia Roberta Fica o napojeniach Cintulu na stranu a vyz\u00fdvaj\u00fa premi\u00e9ra aby netraumatizoval spolo\u010dnos\u0165 vyhr\u00e1\u017ekami a klamstvami.&nbsp;<\/strong><\/p>\n\n\n\n<p><em>\u201eTo, \u010do predviedol Robert Fico sme u\u017e v\u0161etko videli. Re\u010di o \u00fatoku na vl\u00e1dne budovy, majdan a pu\u010d, to v\u0161etko tu u\u017e bolo v 2018 a skon\u010dilo to tak, \u017ee ho davy \u013eud\u00ed slu\u0161ne ale r\u00e1zne vyprevadili z \u00faradu. Premi\u00e9r stiahol Demokratov do \u0161ir\u0161ej hry, preto\u017ee vie, \u017ee nedoru\u010dil \u013eu\u010fom ani jeden z predvolebn\u00fdch s\u013eubov. Po\u010dty s\u00fa jasn\u00e9, ak sa Demokrati dostan\u00fa do parlamentu vie vznikn\u00fa\u0165 vl\u00e1dna alternat\u00edva bez Hlasu a samozrejme Smeru, to si uvedomuje aj Fico a preto urob\u00ed v\u0161etko, aby n\u00e1s, tak povediac vymazal,&#8220;\u00a0<\/em>hovor\u00ed podpredseda Demokratov Juraja \u0160eliga a vyz\u00fdva Roberta Fica aby prestal traumatizova\u0165 spolo\u010dnos\u0165 vyhr\u00e1\u017ekami a nechal \u013eud\u00ed slobodne protestova\u0165 tak, ako to kedysi robieval on v polohe opozi\u010dn\u00e9ho poslanca.\u00a0<\/p>\n\n\n\n<p><em>\u201eVyz\u00fdvam aj Petra Pellegriniho aby nesl\u00fa\u017eil ako prostriedok t\u00fdchto komunistick\u00fdch prakt\u00edk. Re\u0161pektujeme v\u00fdsledky volieb, no nem\u00f4\u017eeme sa zmieri\u0165 so sp\u00f4sobom a obsahom vl\u00e1dnutia. \u017diadam vl\u00e1dnych predstavite\u013eov a prezidenta aby neprilievali olej do oh\u0148a,&#8220;\u00a0<\/em>uzatv\u00e1ra \u0160eliga.<\/p>\n\n\n<div class=\"fb-video\" data-href=\"https:\/\/fb.watch\/xgLDP5l833\" data-allowfullscreen=\"true\" data-autoplay=\"false\" data-width=\"\" data-show-text=\"false\" data-show-captions=\"true\"><\/div>\n","protected":false},"excerpt":{"rendered":"<p>\u00dato\u010dn\u00edk Cintula nebol sympatizantom strany Demokrati, ani jej \u010dlenom, nikdy stranu finan\u010dne nepodporil a nikdy s n\u00edm neprebehla \u017eiadna ofici\u00e1lna komunik\u00e1cia. Demokrati r\u00e1zne odmietaj\u00fa tvrdenia Roberta Fica o napojeniach Cintulu na stranu a vyz\u00fdvaj\u00fa premi\u00e9ra aby netraumatizoval spolo\u010dnos\u0165 vyhr\u00e1\u017ekami a klamstvami.&nbsp; \u201eTo, \u010do predviedol Robert Fico sme u\u017e v\u0161etko videli. Re\u010di o \u00fatoku na vl\u00e1dne [&hellip;]<\/p>\n","protected":false},"author":13,"featured_media":1849,"comment_status":"closed","ping_status":"closed","sticky":false,"template":"","format":"standard","meta":{"_acf_changed":false,"ngg_post_thumbnail":0,"footnotes":""},"categories":[4],"tags":[],"class_list":["post-6193","post","type-post","status-publish","format-standard","has-post-thumbnail","hentry","category-tlacove-spravy"],"acf":[],"yoast_head":"<!-- This site is optimized with the Yoast SEO plugin v27.2 - https:\/\/yoast.com\/product\/yoast-seo-wordpress\/ -->\n<title>Odmietame Ficove klamstv\u00e1 a vyz\u00fdvame ho, aby netraumatizoval spolo\u010dnos\u0165<\/title>\n<meta name=\"robots\" content=\"index, follow, max-snippet:-1, max-image-preview:large, max-video-preview:-1\" \/>\n<link rel=\"canonical\" href=\"https:\/\/www.smedemokrati.sk\/cs\/odmietame-ficove-klamstva-a-vyzyvame-ho-aby-netraumatizoval-spolocnost\/\" \/>\n<meta property=\"og:locale\" content=\"cs_CZ\" \/>\n<meta property=\"og:locale:alternate\" content=\"en_US\" \/>\n<meta property=\"og:locale:alternate\" content=\"hu_HU\" \/>\n<meta property=\"og:locale:alternate\" content=\"sk_SK\" \/>\n<meta property=\"og:locale:alternate\" content=\"sv_SE\" \/>\n<meta property=\"og:type\" content=\"article\" \/>\n<meta property=\"og:title\" content=\"Odmietame Ficove klamstv\u00e1 a vyz\u00fdvame ho, aby netraumatizoval spolo\u010dnos\u0165\" \/>\n<meta property=\"og:description\" content=\"\u00dato\u010dn\u00edk Cintula nebol sympatizantom strany Demokrati, ani jej \u010dlenom, nikdy stranu finan\u010dne nepodporil a nikdy s n\u00edm neprebehla \u017eiadna ofici\u00e1lna komunik\u00e1cia. Demokrati r\u00e1zne odmietaj\u00fa tvrdenia Roberta Fica o napojeniach Cintulu na stranu a vyz\u00fdvaj\u00fa premi\u00e9ra aby netraumatizoval spolo\u010dnos\u0165 vyhr\u00e1\u017ekami a klamstvami.&nbsp; \u201eTo, \u010do predviedol Robert Fico sme u\u017e v\u0161etko videli. Re\u010di o \u00fatoku na vl\u00e1dne [&hellip;]\" \/>\n<meta property=\"og:url\" content=\"https:\/\/www.smedemokrati.sk\/cs\/odmietame-ficove-klamstva-a-vyzyvame-ho-aby-netraumatizoval-spolocnost\/\" \/>\n<meta property=\"og:site_name\" content=\"Smedemokrati.sk\" \/>\n<meta property=\"article:publisher\" content=\"https:\/\/www.facebook.com\/smedemokrati2023\" \/>\n<meta property=\"article:published_time\" content=\"2025-01-22T16:14:08+00:00\" \/>\n<meta property=\"article:modified_time\" content=\"2025-01-28T14:16:57+00:00\" \/>\n<meta property=\"og:image\" content=\"https:\/\/www.smedemokrati.sk\/wp-content\/uploads\/2023\/08\/smer-lubos-blaha-robert-fico-zvolen-oslavy-snp-miroslav-suja_06-galeria.jpg\" \/>\n\t<meta property=\"og:image:width\" content=\"1200\" \/>\n\t<meta property=\"og:image:height\" content=\"800\" \/>\n\t<meta property=\"og:image:type\" content=\"image\/jpeg\" \/>\n<meta name=\"author\" content=\"miro.sopko\" \/>\n<meta name=\"twitter:card\" content=\"summary_large_image\" \/>\n<meta name=\"twitter:label1\" content=\"Napsal(a)\" \/>\n\t<meta name=\"twitter:data1\" content=\"miro.sopko\" \/>\n\t<meta name=\"twitter:label2\" content=\"Odhadovan\u00e1 doba \u010dten\u00ed\" \/>\n\t<meta name=\"twitter:data2\" content=\"2 minuty\" \/>\n<script type=\"application\/ld+json\" class=\"yoast-schema-graph\">{\"@context\":\"https:\/\/schema.org\",\"@graph\":[{\"@type\":\"Article\",\"@id\":\"https:\/\/www.smedemokrati.sk\/odmietame-ficove-klamstva-a-vyzyvame-ho-aby-netraumatizoval-spolocnost\/#article\",\"isPartOf\":{\"@id\":\"https:\/\/www.smedemokrati.sk\/odmietame-ficove-klamstva-a-vyzyvame-ho-aby-netraumatizoval-spolocnost\/\"},\"author\":{\"name\":\"miro.sopko\",\"@id\":\"https:\/\/www.smedemokrati.sk\/#\/schema\/person\/21f147c88d605aa7ded900e1e7c344ba\"},\"headline\":\"Odmietame Ficove klamstv\u00e1 a vyz\u00fdvame ho, aby netraumatizoval spolo\u010dnos\u0165\",\"datePublished\":\"2025-01-22T16:14:08+00:00\",\"dateModified\":\"2025-01-28T14:16:57+00:00\",\"mainEntityOfPage\":{\"@id\":\"https:\/\/www.smedemokrati.sk\/odmietame-ficove-klamstva-a-vyzyvame-ho-aby-netraumatizoval-spolocnost\/\"},\"wordCount\":263,\"publisher\":{\"@id\":\"https:\/\/www.smedemokrati.sk\/#organization\"},\"image\":{\"@id\":\"https:\/\/www.smedemokrati.sk\/odmietame-ficove-klamstva-a-vyzyvame-ho-aby-netraumatizoval-spolocnost\/#primaryimage\"},\"thumbnailUrl\":\"https:\/\/www.smedemokrati.sk\/wp-content\/uploads\/2023\/08\/smer-lubos-blaha-robert-fico-zvolen-oslavy-snp-miroslav-suja_06-galeria.jpg\",\"articleSection\":[\"Tla\u010dov\u00e9 spr\u00e1vy\"],\"inLanguage\":\"cs-CZ\"},{\"@type\":\"WebPage\",\"@id\":\"https:\/\/www.smedemokrati.sk\/odmietame-ficove-klamstva-a-vyzyvame-ho-aby-netraumatizoval-spolocnost\/\",\"url\":\"https:\/\/www.smedemokrati.sk\/odmietame-ficove-klamstva-a-vyzyvame-ho-aby-netraumatizoval-spolocnost\/\",\"name\":\"Odmietame Ficove klamstv\u00e1 a vyz\u00fdvame ho, aby netraumatizoval spolo\u010dnos\u0165\",\"isPartOf\":{\"@id\":\"https:\/\/www.smedemokrati.sk\/#website\"},\"primaryImageOfPage\":{\"@id\":\"https:\/\/www.smedemokrati.sk\/odmietame-ficove-klamstva-a-vyzyvame-ho-aby-netraumatizoval-spolocnost\/#primaryimage\"},\"image\":{\"@id\":\"https:\/\/www.smedemokrati.sk\/odmietame-ficove-klamstva-a-vyzyvame-ho-aby-netraumatizoval-spolocnost\/#primaryimage\"},\"thumbnailUrl\":\"https:\/\/www.smedemokrati.sk\/wp-content\/uploads\/2023\/08\/smer-lubos-blaha-robert-fico-zvolen-oslavy-snp-miroslav-suja_06-galeria.jpg\",\"datePublished\":\"2025-01-22T16:14:08+00:00\",\"dateModified\":\"2025-01-28T14:16:57+00:00\",\"breadcrumb\":{\"@id\":\"https:\/\/www.smedemokrati.sk\/odmietame-ficove-klamstva-a-vyzyvame-ho-aby-netraumatizoval-spolocnost\/#breadcrumb\"},\"inLanguage\":\"cs-CZ\",\"potentialAction\":[{\"@type\":\"ReadAction\",\"target\":[\"https:\/\/www.smedemokrati.sk\/odmietame-ficove-klamstva-a-vyzyvame-ho-aby-netraumatizoval-spolocnost\/\"]}]},{\"@type\":\"ImageObject\",\"inLanguage\":\"cs-CZ\",\"@id\":\"https:\/\/www.smedemokrati.sk\/odmietame-ficove-klamstva-a-vyzyvame-ho-aby-netraumatizoval-spolocnost\/#primaryimage\",\"url\":\"https:\/\/www.smedemokrati.sk\/wp-content\/uploads\/2023\/08\/smer-lubos-blaha-robert-fico-zvolen-oslavy-snp-miroslav-suja_06-galeria.jpg\",\"contentUrl\":\"https:\/\/www.smedemokrati.sk\/wp-content\/uploads\/2023\/08\/smer-lubos-blaha-robert-fico-zvolen-oslavy-snp-miroslav-suja_06-galeria.jpg\",\"width\":1200,\"height\":800},{\"@type\":\"BreadcrumbList\",\"@id\":\"https:\/\/www.smedemokrati.sk\/odmietame-ficove-klamstva-a-vyzyvame-ho-aby-netraumatizoval-spolocnost\/#breadcrumb\",\"itemListElement\":[{\"@type\":\"ListItem\",\"position\":1,\"name\":\"Domovsk\u00e1 str\u00e1nka\",\"item\":\"https:\/\/www.smedemokrati.sk\/\"},{\"@type\":\"ListItem\",\"position\":2,\"name\":\"Odmietame Ficove klamstv\u00e1 a vyz\u00fdvame ho, aby netraumatizoval spolo\u010dnos\u0165\"}]},{\"@type\":\"WebSite\",\"@id\":\"https:\/\/www.smedemokrati.sk\/#website\",\"url\":\"https:\/\/www.smedemokrati.sk\/\",\"name\":\"Smedemokrati.sk\",\"description\":\"Demokracia a slu\u0161nos\u0165 zv\u00ed\u0165az\u00ed\",\"publisher\":{\"@id\":\"https:\/\/www.smedemokrati.sk\/#organization\"},\"potentialAction\":[{\"@type\":\"SearchAction\",\"target\":{\"@type\":\"EntryPoint\",\"urlTemplate\":\"https:\/\/www.smedemokrati.sk\/?s={search_term_string}\"},\"query-input\":{\"@type\":\"PropertyValueSpecification\",\"valueRequired\":true,\"valueName\":\"search_term_string\"}}],\"inLanguage\":\"cs-CZ\"},{\"@type\":\"Organization\",\"@id\":\"https:\/\/www.smedemokrati.sk\/#organization\",\"name\":\"Smedemokrati.sk\",\"url\":\"https:\/\/www.smedemokrati.sk\/\",\"logo\":{\"@type\":\"ImageObject\",\"inLanguage\":\"cs-CZ\",\"@id\":\"https:\/\/www.smedemokrati.sk\/#\/schema\/logo\/image\/\",\"url\":\"https:\/\/www.smedemokrati.sk\/wp-content\/uploads\/2023\/04\/ff.002.jpeg\",\"contentUrl\":\"https:\/\/www.smedemokrati.sk\/wp-content\/uploads\/2023\/04\/ff.002.jpeg\",\"width\":640,\"height\":480,\"caption\":\"Smedemokrati.sk\"},\"image\":{\"@id\":\"https:\/\/www.smedemokrati.sk\/#\/schema\/logo\/image\/\"},\"sameAs\":[\"https:\/\/www.facebook.com\/smedemokrati2023\"]},{\"@type\":\"Person\",\"@id\":\"https:\/\/www.smedemokrati.sk\/#\/schema\/person\/21f147c88d605aa7ded900e1e7c344ba\",\"name\":\"miro.sopko\",\"image\":{\"@type\":\"ImageObject\",\"inLanguage\":\"cs-CZ\",\"@id\":\"https:\/\/secure.gravatar.com\/avatar\/267e4a36f704376c109afe3a78740c1f5dd8675a2180a908699e7863c9247606?s=96&d=mm&r=g\",\"url\":\"https:\/\/secure.gravatar.com\/avatar\/267e4a36f704376c109afe3a78740c1f5dd8675a2180a908699e7863c9247606?s=96&d=mm&r=g\",\"contentUrl\":\"https:\/\/secure.gravatar.com\/avatar\/267e4a36f704376c109afe3a78740c1f5dd8675a2180a908699e7863c9247606?s=96&d=mm&r=g\",\"caption\":\"miro.sopko\"},\"url\":\"https:\/\/www.smedemokrati.sk\/cs\/author\/miro-sopko\/\"}]}<\/script>\n<!-- \/ Yoast SEO plugin. -->","yoast_head_json":{"title":"Odmietame Ficove klamstv\u00e1 a vyz\u00fdvame ho, aby netraumatizoval spolo\u010dnos\u0165","robots":{"index":"index","follow":"follow","max-snippet":"max-snippet:-1","max-image-preview":"max-image-preview:large","max-video-preview":"max-video-preview:-1"},"canonical":"https:\/\/www.smedemokrati.sk\/cs\/odmietame-ficove-klamstva-a-vyzyvame-ho-aby-netraumatizoval-spolocnost\/","og_locale":"cs_CZ","og_type":"article","og_title":"[:sk]Odmietame Ficove klamstv\u00e1 a vyz\u00fdvame ho, aby netraumatizoval spolo\u010dnos\u0165[:] - Smedemokrati.sk","og_description":"\u00dato\u010dn\u00edk Cintula nebol sympatizantom strany Demokrati, ani jej \u010dlenom, nikdy stranu finan\u010dne nepodporil a nikdy s n\u00edm neprebehla \u017eiadna ofici\u00e1lna komunik\u00e1cia. Demokrati r\u00e1zne odmietaj\u00fa tvrdenia Roberta Fica o napojeniach Cintulu na stranu a vyz\u00fdvaj\u00fa premi\u00e9ra aby netraumatizoval spolo\u010dnos\u0165 vyhr\u00e1\u017ekami a klamstvami.&nbsp; \u201eTo, \u010do predviedol Robert Fico sme u\u017e v\u0161etko videli. Re\u010di o \u00fatoku na vl\u00e1dne [&hellip;]","og_url":"https:\/\/www.smedemokrati.sk\/cs\/odmietame-ficove-klamstva-a-vyzyvame-ho-aby-netraumatizoval-spolocnost\/","og_site_name":"Smedemokrati.sk","article_publisher":"https:\/\/www.facebook.com\/smedemokrati2023","article_published_time":"2025-01-22T16:14:08+00:00","article_modified_time":"2025-01-28T14:16:57+00:00","og_image":[{"width":1200,"height":800,"url":"https:\/\/www.smedemokrati.sk\/wp-content\/uploads\/2023\/08\/smer-lubos-blaha-robert-fico-zvolen-oslavy-snp-miroslav-suja_06-galeria.jpg","type":"image\/jpeg"}],"author":"miro.sopko","twitter_card":"summary_large_image","twitter_misc":{"Napsal(a)":"miro.sopko","Odhadovan\u00e1 doba \u010dten\u00ed":"2 minuty"},"schema":{"@context":"https:\/\/schema.org","@graph":[{"@type":"Article","@id":"https:\/\/www.smedemokrati.sk\/odmietame-ficove-klamstva-a-vyzyvame-ho-aby-netraumatizoval-spolocnost\/#article","isPartOf":{"@id":"https:\/\/www.smedemokrati.sk\/odmietame-ficove-klamstva-a-vyzyvame-ho-aby-netraumatizoval-spolocnost\/"},"author":{"name":"miro.sopko","@id":"https:\/\/www.smedemokrati.sk\/#\/schema\/person\/21f147c88d605aa7ded900e1e7c344ba"},"headline":"Odmietame Ficove klamstv\u00e1 a vyz\u00fdvame ho, aby netraumatizoval spolo\u010dnos\u0165","datePublished":"2025-01-22T16:14:08+00:00","dateModified":"2025-01-28T14:16:57+00:00","mainEntityOfPage":{"@id":"https:\/\/www.smedemokrati.sk\/odmietame-ficove-klamstva-a-vyzyvame-ho-aby-netraumatizoval-spolocnost\/"},"wordCount":263,"publisher":{"@id":"https:\/\/www.smedemokrati.sk\/#organization"},"image":{"@id":"https:\/\/www.smedemokrati.sk\/odmietame-ficove-klamstva-a-vyzyvame-ho-aby-netraumatizoval-spolocnost\/#primaryimage"},"thumbnailUrl":"https:\/\/www.smedemokrati.sk\/wp-content\/uploads\/2023\/08\/smer-lubos-blaha-robert-fico-zvolen-oslavy-snp-miroslav-suja_06-galeria.jpg","articleSection":["Tla\u010dov\u00e9 spr\u00e1vy"],"inLanguage":"cs-CZ"},{"@type":"WebPage","@id":"https:\/\/www.smedemokrati.sk\/odmietame-ficove-klamstva-a-vyzyvame-ho-aby-netraumatizoval-spolocnost\/","url":"https:\/\/www.smedemokrati.sk\/odmietame-ficove-klamstva-a-vyzyvame-ho-aby-netraumatizoval-spolocnost\/","name":"Odmietame Ficove klamstv\u00e1 a vyz\u00fdvame ho, aby netraumatizoval spolo\u010dnos\u0165","isPartOf":{"@id":"https:\/\/www.smedemokrati.sk\/#website"},"primaryImageOfPage":{"@id":"https:\/\/www.smedemokrati.sk\/odmietame-ficove-klamstva-a-vyzyvame-ho-aby-netraumatizoval-spolocnost\/#primaryimage"},"image":{"@id":"https:\/\/www.smedemokrati.sk\/odmietame-ficove-klamstva-a-vyzyvame-ho-aby-netraumatizoval-spolocnost\/#primaryimage"},"thumbnailUrl":"https:\/\/www.smedemokrati.sk\/wp-content\/uploads\/2023\/08\/smer-lubos-blaha-robert-fico-zvolen-oslavy-snp-miroslav-suja_06-galeria.jpg","datePublished":"2025-01-22T16:14:08+00:00","dateModified":"2025-01-28T14:16:57+00:00","breadcrumb":{"@id":"https:\/\/www.smedemokrati.sk\/odmietame-ficove-klamstva-a-vyzyvame-ho-aby-netraumatizoval-spolocnost\/#breadcrumb"},"inLanguage":"cs-CZ","potentialAction":[{"@type":"ReadAction","target":["https:\/\/www.smedemokrati.sk\/odmietame-ficove-klamstva-a-vyzyvame-ho-aby-netraumatizoval-spolocnost\/"]}]},{"@type":"ImageObject","inLanguage":"cs-CZ","@id":"https:\/\/www.smedemokrati.sk\/odmietame-ficove-klamstva-a-vyzyvame-ho-aby-netraumatizoval-spolocnost\/#primaryimage","url":"https:\/\/www.smedemokrati.sk\/wp-content\/uploads\/2023\/08\/smer-lubos-blaha-robert-fico-zvolen-oslavy-snp-miroslav-suja_06-galeria.jpg","contentUrl":"https:\/\/www.smedemokrati.sk\/wp-content\/uploads\/2023\/08\/smer-lubos-blaha-robert-fico-zvolen-oslavy-snp-miroslav-suja_06-galeria.jpg","width":1200,"height":800},{"@type":"BreadcrumbList","@id":"https:\/\/www.smedemokrati.sk\/odmietame-ficove-klamstva-a-vyzyvame-ho-aby-netraumatizoval-spolocnost\/#breadcrumb","itemListElement":[{"@type":"ListItem","position":1,"name":"Domovsk\u00e1 str\u00e1nka","item":"https:\/\/www.smedemokrati.sk\/"},{"@type":"ListItem","position":2,"name":"Odmietame Ficove klamstv\u00e1 a vyz\u00fdvame ho, aby netraumatizoval spolo\u010dnos\u0165"}]},{"@type":"WebSite","@id":"https:\/\/www.smedemokrati.sk\/#website","url":"https:\/\/www.smedemokrati.sk\/","name":"Smedemokrati.sk","description":"Demokracia a slu\u0161nos\u0165 zv\u00ed\u0165az\u00ed","publisher":{"@id":"https:\/\/www.smedemokrati.sk\/#organization"},"potentialAction":[{"@type":"SearchAction","target":{"@type":"EntryPoint","urlTemplate":"https:\/\/www.smedemokrati.sk\/?s={search_term_string}"},"query-input":{"@type":"PropertyValueSpecification","valueRequired":true,"valueName":"search_term_string"}}],"inLanguage":"cs-CZ"},{"@type":"Organization","@id":"https:\/\/www.smedemokrati.sk\/#organization","name":"Smedemokrati.sk","url":"https:\/\/www.smedemokrati.sk\/","logo":{"@type":"ImageObject","inLanguage":"cs-CZ","@id":"https:\/\/www.smedemokrati.sk\/#\/schema\/logo\/image\/","url":"https:\/\/www.smedemokrati.sk\/wp-content\/uploads\/2023\/04\/ff.002.jpeg","contentUrl":"https:\/\/www.smedemokrati.sk\/wp-content\/uploads\/2023\/04\/ff.002.jpeg","width":640,"height":480,"caption":"Smedemokrati.sk"},"image":{"@id":"https:\/\/www.smedemokrati.sk\/#\/schema\/logo\/image\/"},"sameAs":["https:\/\/www.facebook.com\/smedemokrati2023"]},{"@type":"Person","@id":"https:\/\/www.smedemokrati.sk\/#\/schema\/person\/21f147c88d605aa7ded900e1e7c344ba","name":"miro.sopko","image":{"@type":"ImageObject","inLanguage":"cs-CZ","@id":"https:\/\/secure.gravatar.com\/avatar\/267e4a36f704376c109afe3a78740c1f5dd8675a2180a908699e7863c9247606?s=96&d=mm&r=g","url":"https:\/\/secure.gravatar.com\/avatar\/267e4a36f704376c109afe3a78740c1f5dd8675a2180a908699e7863c9247606?s=96&d=mm&r=g","contentUrl":"https:\/\/secure.gravatar.com\/avatar\/267e4a36f704376c109afe3a78740c1f5dd8675a2180a908699e7863c9247606?s=96&d=mm&r=g","caption":"miro.sopko"},"url":"https:\/\/www.smedemokrati.sk\/cs\/author\/miro-sopko\/"}]}},"_links":{"self":[{"href":"https:\/\/www.smedemokrati.sk\/cs\/wp-json\/wp\/v2\/posts\/6193","targetHints":{"allow":["GET"]}}],"collection":[{"href":"https:\/\/www.smedemokrati.sk\/cs\/wp-json\/wp\/v2\/posts"}],"about":[{"href":"https:\/\/www.smedemokrati.sk\/cs\/wp-json\/wp\/v2\/types\/post"}],"author":[{"embeddable":true,"href":"https:\/\/www.smedemokrati.sk\/cs\/wp-json\/wp\/v2\/users\/13"}],"replies":[{"embeddable":true,"href":"https:\/\/www.smedemokrati.sk\/cs\/wp-json\/wp\/v2\/comments?post=6193"}],"version-history":[{"count":1,"href":"https:\/\/www.smedemokrati.sk\/cs\/wp-json\/wp\/v2\/posts\/6193\/revisions"}],"predecessor-version":[{"id":6195,"href":"https:\/\/www.smedemokrati.sk\/cs\/wp-json\/wp\/v2\/posts\/6193\/revisions\/6195"}],"wp:featuredmedia":[{"embeddable":true,"href":"https:\/\/www.smedemokrati.sk\/cs\/wp-json\/wp\/v2\/media\/1849"}],"wp:attachment":[{"href":"https:\/\/www.smedemokrati.sk\/cs\/wp-json\/wp\/v2\/media?parent=6193"}],"wp:term":[{"taxonomy":"category","embeddable":true,"href":"https:\/\/www.smedemokrati.sk\/cs\/wp-json\/wp\/v2\/categories?post=6193"},{"taxonomy":"post_tag","embeddable":true,"href":"https:\/\/www.smedemokrati.sk\/cs\/wp-json\/wp\/v2\/tags?post=6193"}],"curies":[{"name":"wp","href":"https:\/\/api.w.org\/{rel}","templated":true}]}}