{"id":6164,"date":"2025-01-20T16:45:00","date_gmt":"2025-01-20T15:45:00","guid":{"rendered":"https:\/\/www.smedemokrati.sk\/?p=6164"},"modified":"2025-01-28T16:22:48","modified_gmt":"2025-01-28T15:22:48","slug":"solak-do-bosny-a-hercegoviny-ferencak-do-varsavy-huliakovi-kataster-a-matecna-do-slovinska-to-je-cena-za-udrzanie-vlady-roberta-fica","status":"publish","type":"post","link":"https:\/\/www.smedemokrati.sk\/cs\/solak-do-bosny-a-hercegoviny-ferencak-do-varsavy-huliakovi-kataster-a-matecna-do-slovinska-to-je-cena-za-udrzanie-vlady-roberta-fica\/","title":{"rendered":"Sol\u00e1k do Bosny a Hercegoviny, Feren\u010d\u00e1k do Var\u0161avy, Huliakovi kataster a Mate\u010dn\u00e1 do Slovinska, to je cena za udr\u017eanie vl\u00e1dy R\u00f3berta Fica"},"content":{"rendered":"<div id=\"fb-root\"><\/div>\n\n<p><strong>Pod\u013ea inform\u00e1ci\u00ed Demokratov sa chystaj\u00fa viacer\u00e9 zmeny na vysok\u00fdch \u0161t\u00e1tnych poz\u00edci\u00e1ch. Poslanec Feren\u010d\u00e1k (Hlas) m\u00e1 ponuku by\u0165 ve\u013evyslanec vo Var\u0161ave, \u0161t\u00e1tna tajomn\u00ed\u010dka Gabriala Mate\u010dn\u00e1 (SNS) m\u00e1 p\u00f4sobi\u0165 na ambas\u00e1de v Slovinsku a po novom, by mal dnes u\u017e exprezident policajn\u00e9ho zboru zastupova\u0165 Slovensko ako pridelenec v Bosne a Hercegovine. Huliak (N\u00e1rodn\u00e1 koal\u00edcia) m\u00e1 obsadi\u0165 nominantami kataster a obsadi\u0165 \u0160t\u00e1tne lesy. Miga\u013eovi (Hlas) maj\u00fa vyjs\u0165 v \u00fastrety so z\u00e1konom o \u0161porte pri &#8222;alternat\u00edvnych \u0161portoch&#8220;. Strana Demokrati hovor\u00ed o politickom k\u0161efte, kupovan\u00ed poslancov a snahe za ka\u017ed\u00fa cenu udr\u017ea\u0165 vl\u00e1du Roberta Fica.<\/strong><\/p>\n\n\n\n<p><em>\u201eKde je ten Fico, ktor\u00fd sa b\u00fachal do p\u0155s a hovoril, \u017ee ak niekto bude kup\u010di\u0165 s poz\u00edciami po\u0161le na neho bezpe\u010dnostn\u00e9 zlo\u017eky \u0161t\u00e1tu? Dnes po\u010d\u00favame, \u017ee Feren\u010d\u00e1k z Hlasu bal\u00ed kufre na ambas\u00e1du do Var\u0161avy. Rovnako tak \u0161t\u00e1tna tajomn\u00ed\u010dka, viac zn\u00e1ma pre kauzu Dobytk\u00e1r, Gabriela Mate\u010dn\u00e1 m\u00e1 ma\u0165 nov\u00e9 p\u00f4sobisko v Slovinsku,&#8220;<\/em>\u00a0otv\u00e1ra t\u00e9mu Juraj \u0160eliga podpredseda strany Demokrati.<\/p>\n\n\n\n<p>Pokra\u010duje kritikou, \u017ee b\u00fdval\u00fd prezident policajn\u00e9ho zboru \u013dubom\u00edr Sol\u00e1k, ktor\u00e9ho pre probl\u00e9my s katastrom odvolal Mat\u00fa\u0161 \u0160utaj E\u0161tok, m\u00e1 za odmenu zastupova\u0165 Slovensko v Bosne a Hercegovine:\u00a0<em>\u201eTak Mat\u00fa\u0161 \u0160utaj E\u0161tok ho na oko karh\u00e1 t\u00fdm, \u017ee ho v sobotu odvol\u00e1 ale v zap\u00e4t\u00ed dostanem inform\u00e1ciu, \u017ee za odmenu ho posiela ako pridelenca do Bosny a Hercegoviny. To si z n\u00e1s naozaj rob\u00ed dobr\u00fd de\u0148?&#8220;<\/em>\u00a0Hovor\u00ed Juraj \u0160eliga a dod\u00e1va, \u017ee niekdaj\u0161\u00ed viceprezident policajn\u00e9ho zboru Hab\u0161t\u00e1k, m\u00e1 by\u0165 po novom pridelenec v Moskve.<\/p>\n\n\n\n<p>Demokrati hovoria, \u017ee v snahe udr\u017ea\u0165 vl\u00e1du R\u00f3berta Fica, bude pravdepodobne vyhoven\u00e9 aj poslancovi Samuelovi Miga\u013eovi a Rudolfovi Huliakovi:\u00a0<em>\u201eSledujte v\u00fdvoj v parlamente, o\u010dak\u00e1vam, \u017ee bude schv\u00e1len\u00fd pozme\u0148uj\u00faci n\u00e1vrh k z\u00e1kone o \u0161portu tak, aby vyhoveli poslancovi Miga\u013eovi. Jeho z\u00e1merom je, aby sa o \u0161t\u00e1tnu podporu mohli uch\u00e1dza\u0165 aj tzv. alternat\u00edvne \u0161porty. P\u00fdtam sa tie\u017e, \u010do je pravdy na tom, \u017ee Rudolf Huliak m\u00e1 dosta\u0165 pod kontrolu kataster a tie\u017e m\u00f4\u017ee dosadi\u0165 svojich \u013eud\u00ed do \u0161t\u00e1tnych lesov. Rebeli z Hlasu a SNS s\u00fa len papierov\u00e9 draky, vyzeraj\u00fa ako principi\u00e1lni, ale \u010dakaj\u00fa na k\u0161eft!&#8220;<\/em><\/p>\n\n\n\n<p>Juraj \u0160eliga hovor\u00ed, \u017ee v\u0161etky tieto nomin\u00e1cie maj\u00fa smerova\u0165 k podpore Ficovej vl\u00e1dy a ozna\u010duje to na politick\u00fd k\u0161ef.<\/p>\n\n\n<div class=\"fb-video\" data-href=\"https:\/\/fb.watch\/xe3UsOCOHB\" data-allowfullscreen=\"true\" data-autoplay=\"false\" data-width=\"\" data-show-text=\"false\" data-show-captions=\"true\"><\/div>\n","protected":false},"excerpt":{"rendered":"<p>Pod\u013ea inform\u00e1ci\u00ed Demokratov sa chystaj\u00fa viacer\u00e9 zmeny na vysok\u00fdch \u0161t\u00e1tnych poz\u00edci\u00e1ch. Poslanec Feren\u010d\u00e1k (Hlas) m\u00e1 ponuku by\u0165 ve\u013evyslanec vo Var\u0161ave, \u0161t\u00e1tna tajomn\u00ed\u010dka Gabriala Mate\u010dn\u00e1 (SNS) m\u00e1 p\u00f4sobi\u0165 na ambas\u00e1de v Slovinsku a po novom, by mal dnes u\u017e exprezident policajn\u00e9ho zboru zastupova\u0165 Slovensko ako pridelenec v Bosne a Hercegovine. Huliak (N\u00e1rodn\u00e1 koal\u00edcia) m\u00e1 obsadi\u0165 nominantami [&hellip;]<\/p>\n","protected":false},"author":13,"featured_media":6165,"comment_status":"closed","ping_status":"closed","sticky":false,"template":"","format":"standard","meta":{"_acf_changed":false,"ngg_post_thumbnail":0,"footnotes":""},"categories":[4],"tags":[],"class_list":["post-6164","post","type-post","status-publish","format-standard","has-post-thumbnail","hentry","category-tlacove-spravy"],"acf":[],"yoast_head":"<!-- This site is optimized with the Yoast SEO plugin v27.2 - https:\/\/yoast.com\/product\/yoast-seo-wordpress\/ -->\n<title>Sol\u00e1k do Bosny a Hercegoviny, Feren\u010d\u00e1k do Var\u0161avy, Huliakovi kataster a Mate\u010dn\u00e1 do Slovinska, to je cena za udr\u017eanie vl\u00e1dy R\u00f3berta Fica<\/title>\n<meta name=\"robots\" content=\"index, follow, max-snippet:-1, max-image-preview:large, max-video-preview:-1\" \/>\n<link rel=\"canonical\" href=\"https:\/\/www.smedemokrati.sk\/cs\/solak-do-bosny-a-hercegoviny-ferencak-do-varsavy-huliakovi-kataster-a-matecna-do-slovinska-to-je-cena-za-udrzanie-vlady-roberta-fica\/\" \/>\n<meta property=\"og:locale\" content=\"cs_CZ\" \/>\n<meta property=\"og:locale:alternate\" content=\"en_US\" \/>\n<meta property=\"og:locale:alternate\" content=\"hu_HU\" \/>\n<meta property=\"og:locale:alternate\" content=\"sk_SK\" \/>\n<meta property=\"og:locale:alternate\" content=\"sv_SE\" \/>\n<meta property=\"og:type\" content=\"article\" \/>\n<meta property=\"og:title\" content=\"Sol\u00e1k do Bosny a Hercegoviny, Feren\u010d\u00e1k do Var\u0161avy, Huliakovi kataster a Mate\u010dn\u00e1 do Slovinska, to je cena za udr\u017eanie vl\u00e1dy R\u00f3berta Fica\" \/>\n<meta property=\"og:description\" content=\"Pod\u013ea inform\u00e1ci\u00ed Demokratov sa chystaj\u00fa viacer\u00e9 zmeny na vysok\u00fdch \u0161t\u00e1tnych poz\u00edci\u00e1ch. Poslanec Feren\u010d\u00e1k (Hlas) m\u00e1 ponuku by\u0165 ve\u013evyslanec vo Var\u0161ave, \u0161t\u00e1tna tajomn\u00ed\u010dka Gabriala Mate\u010dn\u00e1 (SNS) m\u00e1 p\u00f4sobi\u0165 na ambas\u00e1de v Slovinsku a po novom, by mal dnes u\u017e exprezident policajn\u00e9ho zboru zastupova\u0165 Slovensko ako pridelenec v Bosne a Hercegovine. Huliak (N\u00e1rodn\u00e1 koal\u00edcia) m\u00e1 obsadi\u0165 nominantami [&hellip;]\" \/>\n<meta property=\"og:url\" content=\"https:\/\/www.smedemokrati.sk\/cs\/solak-do-bosny-a-hercegoviny-ferencak-do-varsavy-huliakovi-kataster-a-matecna-do-slovinska-to-je-cena-za-udrzanie-vlady-roberta-fica\/\" \/>\n<meta property=\"og:site_name\" content=\"Smedemokrati.sk\" \/>\n<meta property=\"article:publisher\" content=\"https:\/\/www.facebook.com\/smedemokrati2023\" \/>\n<meta property=\"article:published_time\" content=\"2025-01-20T15:45:00+00:00\" \/>\n<meta property=\"article:modified_time\" content=\"2025-01-28T15:22:48+00:00\" \/>\n<meta property=\"og:image\" content=\"https:\/\/www.smedemokrati.sk\/wp-content\/uploads\/2025\/01\/trafiky.jpg\" \/>\n\t<meta property=\"og:image:width\" content=\"761\" \/>\n\t<meta property=\"og:image:height\" content=\"425\" \/>\n\t<meta property=\"og:image:type\" content=\"image\/jpeg\" \/>\n<meta name=\"author\" content=\"miro.sopko\" \/>\n<meta name=\"twitter:card\" content=\"summary_large_image\" \/>\n<meta name=\"twitter:label1\" content=\"Napsal(a)\" \/>\n\t<meta name=\"twitter:data1\" content=\"miro.sopko\" \/>\n\t<meta name=\"twitter:label2\" content=\"Odhadovan\u00e1 doba \u010dten\u00ed\" \/>\n\t<meta name=\"twitter:data2\" content=\"2 minuty\" \/>\n<script type=\"application\/ld+json\" class=\"yoast-schema-graph\">{\"@context\":\"https:\/\/schema.org\",\"@graph\":[{\"@type\":\"Article\",\"@id\":\"https:\/\/www.smedemokrati.sk\/solak-do-bosny-a-hercegoviny-ferencak-do-varsavy-huliakovi-kataster-a-matecna-do-slovinska-to-je-cena-za-udrzanie-vlady-roberta-fica\/#article\",\"isPartOf\":{\"@id\":\"https:\/\/www.smedemokrati.sk\/solak-do-bosny-a-hercegoviny-ferencak-do-varsavy-huliakovi-kataster-a-matecna-do-slovinska-to-je-cena-za-udrzanie-vlady-roberta-fica\/\"},\"author\":{\"name\":\"miro.sopko\",\"@id\":\"https:\/\/www.smedemokrati.sk\/#\/schema\/person\/21f147c88d605aa7ded900e1e7c344ba\"},\"headline\":\"Sol\u00e1k do Bosny a Hercegoviny, Feren\u010d\u00e1k do Var\u0161avy, Huliakovi kataster a Mate\u010dn\u00e1 do Slovinska, to je cena za udr\u017eanie vl\u00e1dy R\u00f3berta Fica\",\"datePublished\":\"2025-01-20T15:45:00+00:00\",\"dateModified\":\"2025-01-28T15:22:48+00:00\",\"mainEntityOfPage\":{\"@id\":\"https:\/\/www.smedemokrati.sk\/solak-do-bosny-a-hercegoviny-ferencak-do-varsavy-huliakovi-kataster-a-matecna-do-slovinska-to-je-cena-za-udrzanie-vlady-roberta-fica\/\"},\"wordCount\":474,\"publisher\":{\"@id\":\"https:\/\/www.smedemokrati.sk\/#organization\"},\"image\":{\"@id\":\"https:\/\/www.smedemokrati.sk\/solak-do-bosny-a-hercegoviny-ferencak-do-varsavy-huliakovi-kataster-a-matecna-do-slovinska-to-je-cena-za-udrzanie-vlady-roberta-fica\/#primaryimage\"},\"thumbnailUrl\":\"https:\/\/www.smedemokrati.sk\/wp-content\/uploads\/2025\/01\/trafiky.jpg\",\"articleSection\":[\"Tla\u010dov\u00e9 spr\u00e1vy\"],\"inLanguage\":\"cs-CZ\"},{\"@type\":\"WebPage\",\"@id\":\"https:\/\/www.smedemokrati.sk\/solak-do-bosny-a-hercegoviny-ferencak-do-varsavy-huliakovi-kataster-a-matecna-do-slovinska-to-je-cena-za-udrzanie-vlady-roberta-fica\/\",\"url\":\"https:\/\/www.smedemokrati.sk\/solak-do-bosny-a-hercegoviny-ferencak-do-varsavy-huliakovi-kataster-a-matecna-do-slovinska-to-je-cena-za-udrzanie-vlady-roberta-fica\/\",\"name\":\"Sol\u00e1k do Bosny a Hercegoviny, Feren\u010d\u00e1k do Var\u0161avy, Huliakovi kataster a Mate\u010dn\u00e1 do Slovinska, to je cena za udr\u017eanie vl\u00e1dy R\u00f3berta Fica\",\"isPartOf\":{\"@id\":\"https:\/\/www.smedemokrati.sk\/#website\"},\"primaryImageOfPage\":{\"@id\":\"https:\/\/www.smedemokrati.sk\/solak-do-bosny-a-hercegoviny-ferencak-do-varsavy-huliakovi-kataster-a-matecna-do-slovinska-to-je-cena-za-udrzanie-vlady-roberta-fica\/#primaryimage\"},\"image\":{\"@id\":\"https:\/\/www.smedemokrati.sk\/solak-do-bosny-a-hercegoviny-ferencak-do-varsavy-huliakovi-kataster-a-matecna-do-slovinska-to-je-cena-za-udrzanie-vlady-roberta-fica\/#primaryimage\"},\"thumbnailUrl\":\"https:\/\/www.smedemokrati.sk\/wp-content\/uploads\/2025\/01\/trafiky.jpg\",\"datePublished\":\"2025-01-20T15:45:00+00:00\",\"dateModified\":\"2025-01-28T15:22:48+00:00\",\"breadcrumb\":{\"@id\":\"https:\/\/www.smedemokrati.sk\/solak-do-bosny-a-hercegoviny-ferencak-do-varsavy-huliakovi-kataster-a-matecna-do-slovinska-to-je-cena-za-udrzanie-vlady-roberta-fica\/#breadcrumb\"},\"inLanguage\":\"cs-CZ\",\"potentialAction\":[{\"@type\":\"ReadAction\",\"target\":[\"https:\/\/www.smedemokrati.sk\/solak-do-bosny-a-hercegoviny-ferencak-do-varsavy-huliakovi-kataster-a-matecna-do-slovinska-to-je-cena-za-udrzanie-vlady-roberta-fica\/\"]}]},{\"@type\":\"ImageObject\",\"inLanguage\":\"cs-CZ\",\"@id\":\"https:\/\/www.smedemokrati.sk\/solak-do-bosny-a-hercegoviny-ferencak-do-varsavy-huliakovi-kataster-a-matecna-do-slovinska-to-je-cena-za-udrzanie-vlady-roberta-fica\/#primaryimage\",\"url\":\"https:\/\/www.smedemokrati.sk\/wp-content\/uploads\/2025\/01\/trafiky.jpg\",\"contentUrl\":\"https:\/\/www.smedemokrati.sk\/wp-content\/uploads\/2025\/01\/trafiky.jpg\",\"width\":761,\"height\":425},{\"@type\":\"BreadcrumbList\",\"@id\":\"https:\/\/www.smedemokrati.sk\/solak-do-bosny-a-hercegoviny-ferencak-do-varsavy-huliakovi-kataster-a-matecna-do-slovinska-to-je-cena-za-udrzanie-vlady-roberta-fica\/#breadcrumb\",\"itemListElement\":[{\"@type\":\"ListItem\",\"position\":1,\"name\":\"Domovsk\u00e1 str\u00e1nka\",\"item\":\"https:\/\/www.smedemokrati.sk\/\"},{\"@type\":\"ListItem\",\"position\":2,\"name\":\"Sol\u00e1k do Bosny a Hercegoviny, Feren\u010d\u00e1k do Var\u0161avy, Huliakovi kataster a Mate\u010dn\u00e1 do Slovinska, to je cena za udr\u017eanie vl\u00e1dy R\u00f3berta Fica\"}]},{\"@type\":\"WebSite\",\"@id\":\"https:\/\/www.smedemokrati.sk\/#website\",\"url\":\"https:\/\/www.smedemokrati.sk\/\",\"name\":\"Smedemokrati.sk\",\"description\":\"Demokracia a slu\u0161nos\u0165 zv\u00ed\u0165az\u00ed\",\"publisher\":{\"@id\":\"https:\/\/www.smedemokrati.sk\/#organization\"},\"potentialAction\":[{\"@type\":\"SearchAction\",\"target\":{\"@type\":\"EntryPoint\",\"urlTemplate\":\"https:\/\/www.smedemokrati.sk\/?s={search_term_string}\"},\"query-input\":{\"@type\":\"PropertyValueSpecification\",\"valueRequired\":true,\"valueName\":\"search_term_string\"}}],\"inLanguage\":\"cs-CZ\"},{\"@type\":\"Organization\",\"@id\":\"https:\/\/www.smedemokrati.sk\/#organization\",\"name\":\"Smedemokrati.sk\",\"url\":\"https:\/\/www.smedemokrati.sk\/\",\"logo\":{\"@type\":\"ImageObject\",\"inLanguage\":\"cs-CZ\",\"@id\":\"https:\/\/www.smedemokrati.sk\/#\/schema\/logo\/image\/\",\"url\":\"https:\/\/www.smedemokrati.sk\/wp-content\/uploads\/2023\/04\/ff.002.jpeg\",\"contentUrl\":\"https:\/\/www.smedemokrati.sk\/wp-content\/uploads\/2023\/04\/ff.002.jpeg\",\"width\":640,\"height\":480,\"caption\":\"Smedemokrati.sk\"},\"image\":{\"@id\":\"https:\/\/www.smedemokrati.sk\/#\/schema\/logo\/image\/\"},\"sameAs\":[\"https:\/\/www.facebook.com\/smedemokrati2023\"]},{\"@type\":\"Person\",\"@id\":\"https:\/\/www.smedemokrati.sk\/#\/schema\/person\/21f147c88d605aa7ded900e1e7c344ba\",\"name\":\"miro.sopko\",\"image\":{\"@type\":\"ImageObject\",\"inLanguage\":\"cs-CZ\",\"@id\":\"https:\/\/secure.gravatar.com\/avatar\/267e4a36f704376c109afe3a78740c1f5dd8675a2180a908699e7863c9247606?s=96&d=mm&r=g\",\"url\":\"https:\/\/secure.gravatar.com\/avatar\/267e4a36f704376c109afe3a78740c1f5dd8675a2180a908699e7863c9247606?s=96&d=mm&r=g\",\"contentUrl\":\"https:\/\/secure.gravatar.com\/avatar\/267e4a36f704376c109afe3a78740c1f5dd8675a2180a908699e7863c9247606?s=96&d=mm&r=g\",\"caption\":\"miro.sopko\"},\"url\":\"https:\/\/www.smedemokrati.sk\/cs\/author\/miro-sopko\/\"}]}<\/script>\n<!-- \/ Yoast SEO plugin. -->","yoast_head_json":{"title":"Sol\u00e1k do Bosny a Hercegoviny, Feren\u010d\u00e1k do Var\u0161avy, Huliakovi kataster a Mate\u010dn\u00e1 do Slovinska, to je cena za udr\u017eanie vl\u00e1dy R\u00f3berta Fica","robots":{"index":"index","follow":"follow","max-snippet":"max-snippet:-1","max-image-preview":"max-image-preview:large","max-video-preview":"max-video-preview:-1"},"canonical":"https:\/\/www.smedemokrati.sk\/cs\/solak-do-bosny-a-hercegoviny-ferencak-do-varsavy-huliakovi-kataster-a-matecna-do-slovinska-to-je-cena-za-udrzanie-vlady-roberta-fica\/","og_locale":"cs_CZ","og_type":"article","og_title":"[:sk]Sol\u00e1k do Bosny a Hercegoviny, Feren\u010d\u00e1k do Var\u0161avy, Huliakovi kataster a Mate\u010dn\u00e1 do Slovinska, to je cena za udr\u017eanie vl\u00e1dy R\u00f3berta Fica[:] - Smedemokrati.sk","og_description":"Pod\u013ea inform\u00e1ci\u00ed Demokratov sa chystaj\u00fa viacer\u00e9 zmeny na vysok\u00fdch \u0161t\u00e1tnych poz\u00edci\u00e1ch. Poslanec Feren\u010d\u00e1k (Hlas) m\u00e1 ponuku by\u0165 ve\u013evyslanec vo Var\u0161ave, \u0161t\u00e1tna tajomn\u00ed\u010dka Gabriala Mate\u010dn\u00e1 (SNS) m\u00e1 p\u00f4sobi\u0165 na ambas\u00e1de v Slovinsku a po novom, by mal dnes u\u017e exprezident policajn\u00e9ho zboru zastupova\u0165 Slovensko ako pridelenec v Bosne a Hercegovine. Huliak (N\u00e1rodn\u00e1 koal\u00edcia) m\u00e1 obsadi\u0165 nominantami [&hellip;]","og_url":"https:\/\/www.smedemokrati.sk\/cs\/solak-do-bosny-a-hercegoviny-ferencak-do-varsavy-huliakovi-kataster-a-matecna-do-slovinska-to-je-cena-za-udrzanie-vlady-roberta-fica\/","og_site_name":"Smedemokrati.sk","article_publisher":"https:\/\/www.facebook.com\/smedemokrati2023","article_published_time":"2025-01-20T15:45:00+00:00","article_modified_time":"2025-01-28T15:22:48+00:00","og_image":[{"width":761,"height":425,"url":"https:\/\/www.smedemokrati.sk\/wp-content\/uploads\/2025\/01\/trafiky.jpg","type":"image\/jpeg"}],"author":"miro.sopko","twitter_card":"summary_large_image","twitter_misc":{"Napsal(a)":"miro.sopko","Odhadovan\u00e1 doba \u010dten\u00ed":"2 minuty"},"schema":{"@context":"https:\/\/schema.org","@graph":[{"@type":"Article","@id":"https:\/\/www.smedemokrati.sk\/solak-do-bosny-a-hercegoviny-ferencak-do-varsavy-huliakovi-kataster-a-matecna-do-slovinska-to-je-cena-za-udrzanie-vlady-roberta-fica\/#article","isPartOf":{"@id":"https:\/\/www.smedemokrati.sk\/solak-do-bosny-a-hercegoviny-ferencak-do-varsavy-huliakovi-kataster-a-matecna-do-slovinska-to-je-cena-za-udrzanie-vlady-roberta-fica\/"},"author":{"name":"miro.sopko","@id":"https:\/\/www.smedemokrati.sk\/#\/schema\/person\/21f147c88d605aa7ded900e1e7c344ba"},"headline":"Sol\u00e1k do Bosny a Hercegoviny, Feren\u010d\u00e1k do Var\u0161avy, Huliakovi kataster a Mate\u010dn\u00e1 do Slovinska, to je cena za udr\u017eanie vl\u00e1dy R\u00f3berta Fica","datePublished":"2025-01-20T15:45:00+00:00","dateModified":"2025-01-28T15:22:48+00:00","mainEntityOfPage":{"@id":"https:\/\/www.smedemokrati.sk\/solak-do-bosny-a-hercegoviny-ferencak-do-varsavy-huliakovi-kataster-a-matecna-do-slovinska-to-je-cena-za-udrzanie-vlady-roberta-fica\/"},"wordCount":474,"publisher":{"@id":"https:\/\/www.smedemokrati.sk\/#organization"},"image":{"@id":"https:\/\/www.smedemokrati.sk\/solak-do-bosny-a-hercegoviny-ferencak-do-varsavy-huliakovi-kataster-a-matecna-do-slovinska-to-je-cena-za-udrzanie-vlady-roberta-fica\/#primaryimage"},"thumbnailUrl":"https:\/\/www.smedemokrati.sk\/wp-content\/uploads\/2025\/01\/trafiky.jpg","articleSection":["Tla\u010dov\u00e9 spr\u00e1vy"],"inLanguage":"cs-CZ"},{"@type":"WebPage","@id":"https:\/\/www.smedemokrati.sk\/solak-do-bosny-a-hercegoviny-ferencak-do-varsavy-huliakovi-kataster-a-matecna-do-slovinska-to-je-cena-za-udrzanie-vlady-roberta-fica\/","url":"https:\/\/www.smedemokrati.sk\/solak-do-bosny-a-hercegoviny-ferencak-do-varsavy-huliakovi-kataster-a-matecna-do-slovinska-to-je-cena-za-udrzanie-vlady-roberta-fica\/","name":"Sol\u00e1k do Bosny a Hercegoviny, Feren\u010d\u00e1k do Var\u0161avy, Huliakovi kataster a Mate\u010dn\u00e1 do Slovinska, to je cena za udr\u017eanie vl\u00e1dy R\u00f3berta Fica","isPartOf":{"@id":"https:\/\/www.smedemokrati.sk\/#website"},"primaryImageOfPage":{"@id":"https:\/\/www.smedemokrati.sk\/solak-do-bosny-a-hercegoviny-ferencak-do-varsavy-huliakovi-kataster-a-matecna-do-slovinska-to-je-cena-za-udrzanie-vlady-roberta-fica\/#primaryimage"},"image":{"@id":"https:\/\/www.smedemokrati.sk\/solak-do-bosny-a-hercegoviny-ferencak-do-varsavy-huliakovi-kataster-a-matecna-do-slovinska-to-je-cena-za-udrzanie-vlady-roberta-fica\/#primaryimage"},"thumbnailUrl":"https:\/\/www.smedemokrati.sk\/wp-content\/uploads\/2025\/01\/trafiky.jpg","datePublished":"2025-01-20T15:45:00+00:00","dateModified":"2025-01-28T15:22:48+00:00","breadcrumb":{"@id":"https:\/\/www.smedemokrati.sk\/solak-do-bosny-a-hercegoviny-ferencak-do-varsavy-huliakovi-kataster-a-matecna-do-slovinska-to-je-cena-za-udrzanie-vlady-roberta-fica\/#breadcrumb"},"inLanguage":"cs-CZ","potentialAction":[{"@type":"ReadAction","target":["https:\/\/www.smedemokrati.sk\/solak-do-bosny-a-hercegoviny-ferencak-do-varsavy-huliakovi-kataster-a-matecna-do-slovinska-to-je-cena-za-udrzanie-vlady-roberta-fica\/"]}]},{"@type":"ImageObject","inLanguage":"cs-CZ","@id":"https:\/\/www.smedemokrati.sk\/solak-do-bosny-a-hercegoviny-ferencak-do-varsavy-huliakovi-kataster-a-matecna-do-slovinska-to-je-cena-za-udrzanie-vlady-roberta-fica\/#primaryimage","url":"https:\/\/www.smedemokrati.sk\/wp-content\/uploads\/2025\/01\/trafiky.jpg","contentUrl":"https:\/\/www.smedemokrati.sk\/wp-content\/uploads\/2025\/01\/trafiky.jpg","width":761,"height":425},{"@type":"BreadcrumbList","@id":"https:\/\/www.smedemokrati.sk\/solak-do-bosny-a-hercegoviny-ferencak-do-varsavy-huliakovi-kataster-a-matecna-do-slovinska-to-je-cena-za-udrzanie-vlady-roberta-fica\/#breadcrumb","itemListElement":[{"@type":"ListItem","position":1,"name":"Domovsk\u00e1 str\u00e1nka","item":"https:\/\/www.smedemokrati.sk\/"},{"@type":"ListItem","position":2,"name":"Sol\u00e1k do Bosny a Hercegoviny, Feren\u010d\u00e1k do Var\u0161avy, Huliakovi kataster a Mate\u010dn\u00e1 do Slovinska, to je cena za udr\u017eanie vl\u00e1dy R\u00f3berta Fica"}]},{"@type":"WebSite","@id":"https:\/\/www.smedemokrati.sk\/#website","url":"https:\/\/www.smedemokrati.sk\/","name":"Smedemokrati.sk","description":"Demokracia a slu\u0161nos\u0165 zv\u00ed\u0165az\u00ed","publisher":{"@id":"https:\/\/www.smedemokrati.sk\/#organization"},"potentialAction":[{"@type":"SearchAction","target":{"@type":"EntryPoint","urlTemplate":"https:\/\/www.smedemokrati.sk\/?s={search_term_string}"},"query-input":{"@type":"PropertyValueSpecification","valueRequired":true,"valueName":"search_term_string"}}],"inLanguage":"cs-CZ"},{"@type":"Organization","@id":"https:\/\/www.smedemokrati.sk\/#organization","name":"Smedemokrati.sk","url":"https:\/\/www.smedemokrati.sk\/","logo":{"@type":"ImageObject","inLanguage":"cs-CZ","@id":"https:\/\/www.smedemokrati.sk\/#\/schema\/logo\/image\/","url":"https:\/\/www.smedemokrati.sk\/wp-content\/uploads\/2023\/04\/ff.002.jpeg","contentUrl":"https:\/\/www.smedemokrati.sk\/wp-content\/uploads\/2023\/04\/ff.002.jpeg","width":640,"height":480,"caption":"Smedemokrati.sk"},"image":{"@id":"https:\/\/www.smedemokrati.sk\/#\/schema\/logo\/image\/"},"sameAs":["https:\/\/www.facebook.com\/smedemokrati2023"]},{"@type":"Person","@id":"https:\/\/www.smedemokrati.sk\/#\/schema\/person\/21f147c88d605aa7ded900e1e7c344ba","name":"miro.sopko","image":{"@type":"ImageObject","inLanguage":"cs-CZ","@id":"https:\/\/secure.gravatar.com\/avatar\/267e4a36f704376c109afe3a78740c1f5dd8675a2180a908699e7863c9247606?s=96&d=mm&r=g","url":"https:\/\/secure.gravatar.com\/avatar\/267e4a36f704376c109afe3a78740c1f5dd8675a2180a908699e7863c9247606?s=96&d=mm&r=g","contentUrl":"https:\/\/secure.gravatar.com\/avatar\/267e4a36f704376c109afe3a78740c1f5dd8675a2180a908699e7863c9247606?s=96&d=mm&r=g","caption":"miro.sopko"},"url":"https:\/\/www.smedemokrati.sk\/cs\/author\/miro-sopko\/"}]}},"_links":{"self":[{"href":"https:\/\/www.smedemokrati.sk\/cs\/wp-json\/wp\/v2\/posts\/6164","targetHints":{"allow":["GET"]}}],"collection":[{"href":"https:\/\/www.smedemokrati.sk\/cs\/wp-json\/wp\/v2\/posts"}],"about":[{"href":"https:\/\/www.smedemokrati.sk\/cs\/wp-json\/wp\/v2\/types\/post"}],"author":[{"embeddable":true,"href":"https:\/\/www.smedemokrati.sk\/cs\/wp-json\/wp\/v2\/users\/13"}],"replies":[{"embeddable":true,"href":"https:\/\/www.smedemokrati.sk\/cs\/wp-json\/wp\/v2\/comments?post=6164"}],"version-history":[{"count":2,"href":"https:\/\/www.smedemokrati.sk\/cs\/wp-json\/wp\/v2\/posts\/6164\/revisions"}],"predecessor-version":[{"id":6170,"href":"https:\/\/www.smedemokrati.sk\/cs\/wp-json\/wp\/v2\/posts\/6164\/revisions\/6170"}],"wp:featuredmedia":[{"embeddable":true,"href":"https:\/\/www.smedemokrati.sk\/cs\/wp-json\/wp\/v2\/media\/6165"}],"wp:attachment":[{"href":"https:\/\/www.smedemokrati.sk\/cs\/wp-json\/wp\/v2\/media?parent=6164"}],"wp:term":[{"taxonomy":"category","embeddable":true,"href":"https:\/\/www.smedemokrati.sk\/cs\/wp-json\/wp\/v2\/categories?post=6164"},{"taxonomy":"post_tag","embeddable":true,"href":"https:\/\/www.smedemokrati.sk\/cs\/wp-json\/wp\/v2\/tags?post=6164"}],"curies":[{"name":"wp","href":"https:\/\/api.w.org\/{rel}","templated":true}]}}