{"id":6146,"date":"2025-01-17T12:13:19","date_gmt":"2025-01-17T11:13:19","guid":{"rendered":"https:\/\/www.smedemokrati.sk\/?p=6146"},"modified":"2025-01-20T21:52:32","modified_gmt":"2025-01-20T20:52:32","slug":"korupcnici-na-katastri-alebo-ako-je-sef-it-na-katastri-clovek-o-ktorom-kiss-vypovedal-na-naka","status":"publish","type":"post","link":"https:\/\/www.smedemokrati.sk\/cs\/korupcnici-na-katastri-alebo-ako-je-sef-it-na-katastri-clovek-o-ktorom-kiss-vypovedal-na-naka\/","title":{"rendered":"Korup\u010dn\u00edci na katastri? Alebo ako je \u0161\u00e9f IT na katastri \u010dlovek, o ktorom Kiss vypovedal na NAKA"},"content":{"rendered":"<div id=\"fb-root\"><\/div>\n\n<p><strong>Demokrati a&nbsp;strana Pir\u00e1ti pouk\u00e1zali na toxick\u00e9 a&nbsp;korup\u010dn\u00e9 prepojenia medzi nomin\u00e1ciami na \u00darade geod\u00e9zie, kartografie a&nbsp;katastra SR a Finan\u010dnej spr\u00e1vy SR. Upozor\u0148uj\u00fa na fakt, \u017ee s\u00fa\u010dasn\u00fd prezident finan\u010dnej spr\u00e1vy Jozef Kiss pri svojom zadr\u017ean\u00ed NAKA v&nbsp;j\u00fani 2022 ozna\u010dil s\u00fa\u010dasn\u00e9ho riadite\u013ea IT sekcie na \u00darade geod\u00e9zie, kartografie a&nbsp;katastra SR Petra Vavra za osobu, ktor\u00e1 sa ho v&nbsp;minulosti, po\u010das jeho p\u00f4sobenia na&nbsp;poz\u00edcii gener\u00e1lneho riadite\u013ea PPA pok\u00fasila korumpova\u0165 v&nbsp;s\u00favislosti s&nbsp;IT z\u00e1kazkou v&nbsp;hodnote 60 mil. EUR. Kiss pri svojom zadr\u017ean\u00ed uviedol, \u017ee tieto inform\u00e1cie oznamoval SIS, ktor\u00e1 v\u0161ak tieto inform\u00e1cie n\u00e1sledne v&nbsp;celom rozsahu v&nbsp;do\u017eiadan\u00ed NAKA ozna\u010dila za nepravdiv\u00e9 tvrdenia Jozefa Kissa.<\/strong><\/p>\n\n\n\n<p><em>\u201eZa posledn\u00fd rok, teda rok 2024 sa do kybernetickej ochrany na katastri investovalo len pribli\u017ene 10\u00a0000 eur. S\u00fa to verejne doh\u013eadate\u013en\u00e9 inform\u00e1cie uverejnen\u00e9 v\u00a0centr\u00e1lnom registri zml\u00fav. Na druhej strane na konzulta\u010dn\u00e9 slu\u017eby, SLA a\u00a0licencie i\u0161lo len za rok 2024 cca. do 4 mil. eur,&#8220;\u00a0<\/em>otv\u00e1ra t\u00e9mu Zuzana \u0160ubov\u00e1, predsedn\u00ed\u010dka strany Pir\u00e1ti.\u00a0<\/p>\n\n\n\n<p>Za nomin\u00e1ciu \u0161\u00e9fa \u00daradu geod\u00e9zie, kartografie a\u00a0katastra SR je plne zodpovedn\u00fd minister p\u00f4dohospod\u00e1rstva Richard Tak\u00e1\u010d, ktor\u00fd Juraja Cellera navrhol vymenova\u0165 do funkcie Vl\u00e1de SR. Aj z\u00a0tohto d\u00f4vodu je na mieste nielen odst\u00fapenie samotn\u00e9ho \u0161\u00e9fa \u00daGKK, ale v\u00a0prvom rade rezortn\u00e9ho ministra Richarda Tak\u00e1\u010da. Ako sa mohol sta\u0165 \u0161\u00e9fom IT sekcie na katastri \u010dlovek, ktor\u00e9ho e\u0161te v\u00a0roku 2022 s\u00fa\u010dasn\u00fd prezident Finan\u010dnej spr\u00e1vy SR Jozef Kiss ozna\u010dil pri svojej v\u00fdpovedi za korup\u010dn\u00edka a\u00a0e\u0161te k\u00a0tomu v\u00a0priamej s\u00favislosti s\u00a0obstaran\u00edm IT syst\u00e9mov pre \u0161t\u00e1tnu in\u0161tit\u00faciu? A\u00a0v\u00a0neposlednom rade je zauj\u00edmav\u00fd aj fakt, \u017ee na katastri sa dlhodobo ako dod\u00e1vatelia vyskytuj\u00fa spolo\u010dnosti okolo oligarchu Jozefa Brhela.<\/p>\n\n\n\n<p>Po\u010d\u00edta\u010de na katastr\u00e1lnych \u00faradoch s\u00fa v&nbsp;spr\u00e1ve Ministerstva vn\u00fatra SR, ktor\u00e9ho IT sekciu riadi \u010dlovek, ktor\u00fd bol spom\u00ednan\u00fd v&nbsp;trestnom ozn\u00e1men\u00ed Zuzany \u0160ubovej na P\u00f4dohospod\u00e1rskej platobnej agent\u00fare (PPA). Jednalo sa o&nbsp;manipul\u00e1ciu verejn\u00e9ho obstar\u00e1vania v&nbsp;s\u00favislosti s&nbsp;verejn\u00fdm obstar\u00e1van\u00edm z\u00e1kazky t\u00fdkaj\u00facej sa informa\u010dnej a&nbsp;kybernetickej bezpe\u010dnosti na PPA. Jedn\u00e1 sa o&nbsp;riadite\u013ea IT sekcie na Ministerstve vn\u00fatra SR Martina Hrachalu.<\/p>\n\n\n\n<p><em>\u201eP\u00fdtame sa, \u010di s\u00fa t\u00edto \u013eudia dostato\u010dne preveren\u00ed, \u010di t\u00edto \u013eudia, o\u00a0ktor\u00fdch maj\u00fa bezpe\u010dnostn\u00e9 zlo\u017eky \u0161t\u00e1tu dostato\u010dn\u00e9 inform\u00e1cie disponuj\u00fa bezpe\u010dnostn\u00fdmi previerkami a\u00a0ak \u00e1no, tak \u010di nie je d\u00f4vod na ich otvorenie, preto\u017ee podozrenia vo\u010di t\u00fdmto \u013eu\u010fom s\u00fa v\u00e1\u017ene. Mat\u00fa\u0161 \u0160utaj E\u0161tok a minister Tak\u00e1\u010d do funkci\u00ed nominovali \u013eud\u00ed, ktor\u00ed s\u00fa podozriv\u00ed z\u00a0nez\u00e1konn\u00fdch postupov, boli na nich podan\u00e9 trestn\u00e9 ozn\u00e1menia, dokonca opakujeme samotn\u00fd riadite\u013e finan\u010dnej spr\u00e1vy Kiss vypoved\u00e1 o Vavrovi, \u017ee sa ho mal pok\u00fasi\u0165 korumpova\u0165. Dokonca tvrd\u00ed, \u017ee toto konanie nahl\u00e1sil Slovenskej informa\u010dnej slu\u017ebe,&#8220;\u00a0<\/em>povedal Juraj \u0160eliga podpredseda strany Demokrati.<\/p>\n\n\n\n<p>Strany vyz\u00fdvaj\u00fa na zriadenie vy\u0161etrovacieho t\u00edmu, rovnako na zriadenie kr\u00edzov\u00e9ho \u0161t\u00e1bu, ktor\u00fd bude mana\u017eova\u0165 situ\u00e1ciu na katastri. Pod\u013ea inform\u00e1ci\u00ed ani z\u010faleka nie je situ\u00e1cia na katastri stabilizovan\u00e1. Naopak m\u00f4\u017ee to trva\u0165 mesiace, k\u00fdm sa podar\u00ed rozbehn\u00fa\u0165 cel\u00e9 syst\u00e9my.\u00a0<em>\u201eKto sa bude pozera\u0165, \u010di nepri\u0161lo k\u00a0podvodom a\u00a0nez\u00e1konn\u00fdm prepisom na mal\u00fdch podieloch, na pozemkoch, ktor\u00e9 s\u00fa napr\u00edklad v\u00a0spr\u00e1ve pozemkov\u00e9ho fondu? \u0160t\u00e1t evidentne dnes zlyh\u00e1va v\u00a0ochrane majetku ob\u010danov a\u00a0kompetentn\u00ed sa tv\u00e1ria, \u017ee ich sa to net\u00fdka. Alebo si chystaj\u00fa biznis pre seba a\u00a0svoje firmy? A\u00a0toto cel\u00e9 je zastierac\u00ed man\u00e9ver? Aby sme neboli prekvapen\u00ed, ako vo ve\u013ekom sa teraz bud\u00fa nakupova\u0165 nov\u00e9 po\u010d\u00edta\u010de a\u00a0nov\u00e9 syst\u00e9my, op\u00e4\u0165 od firiem, ktor\u00e9 aj dnes dod\u00e1vaj\u00fa IT na kataster. Firmy, ktor\u00e9 maj\u00fa<\/em> <em>\u201edobr\u00e9 meno\u201c v\u00a0tejto vl\u00e1de,&#8220;<\/em>\u00a0uzavrel Juraj \u0160eliga.<\/p>\n\n\n<div class=\"fb-video\" data-href=\"https:\/\/fb.watch\/x9K4cKCwnB\" data-allowfullscreen=\"true\" data-autoplay=\"false\" data-width=\"\" data-show-text=\"false\" data-show-captions=\"true\"><\/div>\n","protected":false},"excerpt":{"rendered":"<p>Demokrati a&nbsp;strana Pir\u00e1ti pouk\u00e1zali na toxick\u00e9 a&nbsp;korup\u010dn\u00e9 prepojenia medzi nomin\u00e1ciami na \u00darade geod\u00e9zie, kartografie a&nbsp;katastra SR a Finan\u010dnej spr\u00e1vy SR. Upozor\u0148uj\u00fa na fakt, \u017ee s\u00fa\u010dasn\u00fd prezident finan\u010dnej spr\u00e1vy Jozef Kiss pri svojom zadr\u017ean\u00ed NAKA v&nbsp;j\u00fani 2022 ozna\u010dil s\u00fa\u010dasn\u00e9ho riadite\u013ea IT sekcie na \u00darade geod\u00e9zie, kartografie a&nbsp;katastra SR Petra Vavra za osobu, ktor\u00e1 sa ho v&nbsp;minulosti, [&hellip;]<\/p>\n","protected":false},"author":13,"featured_media":6147,"comment_status":"closed","ping_status":"closed","sticky":false,"template":"","format":"standard","meta":{"_acf_changed":false,"ngg_post_thumbnail":0,"footnotes":""},"categories":[4],"tags":[],"class_list":["post-6146","post","type-post","status-publish","format-standard","has-post-thumbnail","hentry","category-tlacove-spravy"],"acf":[],"yoast_head":"<!-- This site is optimized with the Yoast SEO plugin v27.2 - https:\/\/yoast.com\/product\/yoast-seo-wordpress\/ -->\n<title>Korup\u010dn\u00edci na katastri? Alebo ako je \u0161\u00e9f IT na katastri \u010dlovek, o ktorom Kiss vypovedal na NAKA<\/title>\n<meta name=\"robots\" content=\"index, follow, max-snippet:-1, max-image-preview:large, max-video-preview:-1\" \/>\n<link rel=\"canonical\" href=\"https:\/\/www.smedemokrati.sk\/cs\/korupcnici-na-katastri-alebo-ako-je-sef-it-na-katastri-clovek-o-ktorom-kiss-vypovedal-na-naka\/\" \/>\n<meta property=\"og:locale\" content=\"cs_CZ\" \/>\n<meta property=\"og:locale:alternate\" content=\"en_US\" \/>\n<meta property=\"og:locale:alternate\" content=\"hu_HU\" \/>\n<meta property=\"og:locale:alternate\" content=\"sk_SK\" \/>\n<meta property=\"og:locale:alternate\" content=\"sv_SE\" \/>\n<meta property=\"og:type\" content=\"article\" \/>\n<meta property=\"og:title\" content=\"Korup\u010dn\u00edci na katastri? Alebo ako je \u0161\u00e9f IT na katastri \u010dlovek, o ktorom Kiss vypovedal na NAKA\" \/>\n<meta property=\"og:description\" content=\"Demokrati a&nbsp;strana Pir\u00e1ti pouk\u00e1zali na toxick\u00e9 a&nbsp;korup\u010dn\u00e9 prepojenia medzi nomin\u00e1ciami na \u00darade geod\u00e9zie, kartografie a&nbsp;katastra SR a Finan\u010dnej spr\u00e1vy SR. Upozor\u0148uj\u00fa na fakt, \u017ee s\u00fa\u010dasn\u00fd prezident finan\u010dnej spr\u00e1vy Jozef Kiss pri svojom zadr\u017ean\u00ed NAKA v&nbsp;j\u00fani 2022 ozna\u010dil s\u00fa\u010dasn\u00e9ho riadite\u013ea IT sekcie na \u00darade geod\u00e9zie, kartografie a&nbsp;katastra SR Petra Vavra za osobu, ktor\u00e1 sa ho v&nbsp;minulosti, [&hellip;]\" \/>\n<meta property=\"og:url\" content=\"https:\/\/www.smedemokrati.sk\/cs\/korupcnici-na-katastri-alebo-ako-je-sef-it-na-katastri-clovek-o-ktorom-kiss-vypovedal-na-naka\/\" \/>\n<meta property=\"og:site_name\" content=\"Smedemokrati.sk\" \/>\n<meta property=\"article:publisher\" content=\"https:\/\/www.facebook.com\/smedemokrati2023\" \/>\n<meta property=\"article:published_time\" content=\"2025-01-17T11:13:19+00:00\" \/>\n<meta property=\"article:modified_time\" content=\"2025-01-20T20:52:32+00:00\" \/>\n<meta property=\"og:image\" content=\"https:\/\/www.smedemokrati.sk\/wp-content\/uploads\/2025\/01\/kataster_it.jpg\" \/>\n\t<meta property=\"og:image:width\" content=\"793\" \/>\n\t<meta property=\"og:image:height\" content=\"410\" \/>\n\t<meta property=\"og:image:type\" content=\"image\/jpeg\" \/>\n<meta name=\"author\" content=\"miro.sopko\" \/>\n<meta name=\"twitter:card\" content=\"summary_large_image\" \/>\n<meta name=\"twitter:label1\" content=\"Napsal(a)\" \/>\n\t<meta name=\"twitter:data1\" content=\"miro.sopko\" \/>\n\t<meta name=\"twitter:label2\" content=\"Odhadovan\u00e1 doba \u010dten\u00ed\" \/>\n\t<meta name=\"twitter:data2\" content=\"4 minuty\" \/>\n<script type=\"application\/ld+json\" class=\"yoast-schema-graph\">{\"@context\":\"https:\/\/schema.org\",\"@graph\":[{\"@type\":\"Article\",\"@id\":\"https:\/\/www.smedemokrati.sk\/korupcnici-na-katastri-alebo-ako-je-sef-it-na-katastri-clovek-o-ktorom-kiss-vypovedal-na-naka\/#article\",\"isPartOf\":{\"@id\":\"https:\/\/www.smedemokrati.sk\/korupcnici-na-katastri-alebo-ako-je-sef-it-na-katastri-clovek-o-ktorom-kiss-vypovedal-na-naka\/\"},\"author\":{\"name\":\"miro.sopko\",\"@id\":\"https:\/\/www.smedemokrati.sk\/#\/schema\/person\/21f147c88d605aa7ded900e1e7c344ba\"},\"headline\":\"Korup\u010dn\u00edci na katastri? Alebo ako je \u0161\u00e9f IT na katastri \u010dlovek, o ktorom Kiss vypovedal na NAKA\",\"datePublished\":\"2025-01-17T11:13:19+00:00\",\"dateModified\":\"2025-01-20T20:52:32+00:00\",\"mainEntityOfPage\":{\"@id\":\"https:\/\/www.smedemokrati.sk\/korupcnici-na-katastri-alebo-ako-je-sef-it-na-katastri-clovek-o-ktorom-kiss-vypovedal-na-naka\/\"},\"wordCount\":757,\"publisher\":{\"@id\":\"https:\/\/www.smedemokrati.sk\/#organization\"},\"image\":{\"@id\":\"https:\/\/www.smedemokrati.sk\/korupcnici-na-katastri-alebo-ako-je-sef-it-na-katastri-clovek-o-ktorom-kiss-vypovedal-na-naka\/#primaryimage\"},\"thumbnailUrl\":\"https:\/\/www.smedemokrati.sk\/wp-content\/uploads\/2025\/01\/kataster_it.jpg\",\"articleSection\":[\"Tla\u010dov\u00e9 spr\u00e1vy\"],\"inLanguage\":\"cs-CZ\"},{\"@type\":\"WebPage\",\"@id\":\"https:\/\/www.smedemokrati.sk\/korupcnici-na-katastri-alebo-ako-je-sef-it-na-katastri-clovek-o-ktorom-kiss-vypovedal-na-naka\/\",\"url\":\"https:\/\/www.smedemokrati.sk\/korupcnici-na-katastri-alebo-ako-je-sef-it-na-katastri-clovek-o-ktorom-kiss-vypovedal-na-naka\/\",\"name\":\"Korup\u010dn\u00edci na katastri? Alebo ako je \u0161\u00e9f IT na katastri \u010dlovek, o ktorom Kiss vypovedal na NAKA\",\"isPartOf\":{\"@id\":\"https:\/\/www.smedemokrati.sk\/#website\"},\"primaryImageOfPage\":{\"@id\":\"https:\/\/www.smedemokrati.sk\/korupcnici-na-katastri-alebo-ako-je-sef-it-na-katastri-clovek-o-ktorom-kiss-vypovedal-na-naka\/#primaryimage\"},\"image\":{\"@id\":\"https:\/\/www.smedemokrati.sk\/korupcnici-na-katastri-alebo-ako-je-sef-it-na-katastri-clovek-o-ktorom-kiss-vypovedal-na-naka\/#primaryimage\"},\"thumbnailUrl\":\"https:\/\/www.smedemokrati.sk\/wp-content\/uploads\/2025\/01\/kataster_it.jpg\",\"datePublished\":\"2025-01-17T11:13:19+00:00\",\"dateModified\":\"2025-01-20T20:52:32+00:00\",\"breadcrumb\":{\"@id\":\"https:\/\/www.smedemokrati.sk\/korupcnici-na-katastri-alebo-ako-je-sef-it-na-katastri-clovek-o-ktorom-kiss-vypovedal-na-naka\/#breadcrumb\"},\"inLanguage\":\"cs-CZ\",\"potentialAction\":[{\"@type\":\"ReadAction\",\"target\":[\"https:\/\/www.smedemokrati.sk\/korupcnici-na-katastri-alebo-ako-je-sef-it-na-katastri-clovek-o-ktorom-kiss-vypovedal-na-naka\/\"]}]},{\"@type\":\"ImageObject\",\"inLanguage\":\"cs-CZ\",\"@id\":\"https:\/\/www.smedemokrati.sk\/korupcnici-na-katastri-alebo-ako-je-sef-it-na-katastri-clovek-o-ktorom-kiss-vypovedal-na-naka\/#primaryimage\",\"url\":\"https:\/\/www.smedemokrati.sk\/wp-content\/uploads\/2025\/01\/kataster_it.jpg\",\"contentUrl\":\"https:\/\/www.smedemokrati.sk\/wp-content\/uploads\/2025\/01\/kataster_it.jpg\",\"width\":793,\"height\":410},{\"@type\":\"BreadcrumbList\",\"@id\":\"https:\/\/www.smedemokrati.sk\/korupcnici-na-katastri-alebo-ako-je-sef-it-na-katastri-clovek-o-ktorom-kiss-vypovedal-na-naka\/#breadcrumb\",\"itemListElement\":[{\"@type\":\"ListItem\",\"position\":1,\"name\":\"Domovsk\u00e1 str\u00e1nka\",\"item\":\"https:\/\/www.smedemokrati.sk\/\"},{\"@type\":\"ListItem\",\"position\":2,\"name\":\"Korup\u010dn\u00edci na katastri? Alebo ako je \u0161\u00e9f IT na katastri \u010dlovek, o ktorom Kiss vypovedal na NAKA\"}]},{\"@type\":\"WebSite\",\"@id\":\"https:\/\/www.smedemokrati.sk\/#website\",\"url\":\"https:\/\/www.smedemokrati.sk\/\",\"name\":\"Smedemokrati.sk\",\"description\":\"Demokracia a slu\u0161nos\u0165 zv\u00ed\u0165az\u00ed\",\"publisher\":{\"@id\":\"https:\/\/www.smedemokrati.sk\/#organization\"},\"potentialAction\":[{\"@type\":\"SearchAction\",\"target\":{\"@type\":\"EntryPoint\",\"urlTemplate\":\"https:\/\/www.smedemokrati.sk\/?s={search_term_string}\"},\"query-input\":{\"@type\":\"PropertyValueSpecification\",\"valueRequired\":true,\"valueName\":\"search_term_string\"}}],\"inLanguage\":\"cs-CZ\"},{\"@type\":\"Organization\",\"@id\":\"https:\/\/www.smedemokrati.sk\/#organization\",\"name\":\"Smedemokrati.sk\",\"url\":\"https:\/\/www.smedemokrati.sk\/\",\"logo\":{\"@type\":\"ImageObject\",\"inLanguage\":\"cs-CZ\",\"@id\":\"https:\/\/www.smedemokrati.sk\/#\/schema\/logo\/image\/\",\"url\":\"https:\/\/www.smedemokrati.sk\/wp-content\/uploads\/2023\/04\/ff.002.jpeg\",\"contentUrl\":\"https:\/\/www.smedemokrati.sk\/wp-content\/uploads\/2023\/04\/ff.002.jpeg\",\"width\":640,\"height\":480,\"caption\":\"Smedemokrati.sk\"},\"image\":{\"@id\":\"https:\/\/www.smedemokrati.sk\/#\/schema\/logo\/image\/\"},\"sameAs\":[\"https:\/\/www.facebook.com\/smedemokrati2023\"]},{\"@type\":\"Person\",\"@id\":\"https:\/\/www.smedemokrati.sk\/#\/schema\/person\/21f147c88d605aa7ded900e1e7c344ba\",\"name\":\"miro.sopko\",\"image\":{\"@type\":\"ImageObject\",\"inLanguage\":\"cs-CZ\",\"@id\":\"https:\/\/secure.gravatar.com\/avatar\/267e4a36f704376c109afe3a78740c1f5dd8675a2180a908699e7863c9247606?s=96&d=mm&r=g\",\"url\":\"https:\/\/secure.gravatar.com\/avatar\/267e4a36f704376c109afe3a78740c1f5dd8675a2180a908699e7863c9247606?s=96&d=mm&r=g\",\"contentUrl\":\"https:\/\/secure.gravatar.com\/avatar\/267e4a36f704376c109afe3a78740c1f5dd8675a2180a908699e7863c9247606?s=96&d=mm&r=g\",\"caption\":\"miro.sopko\"},\"url\":\"https:\/\/www.smedemokrati.sk\/cs\/author\/miro-sopko\/\"}]}<\/script>\n<!-- \/ Yoast SEO plugin. -->","yoast_head_json":{"title":"Korup\u010dn\u00edci na katastri? Alebo ako je \u0161\u00e9f IT na katastri \u010dlovek, o ktorom Kiss vypovedal na NAKA","robots":{"index":"index","follow":"follow","max-snippet":"max-snippet:-1","max-image-preview":"max-image-preview:large","max-video-preview":"max-video-preview:-1"},"canonical":"https:\/\/www.smedemokrati.sk\/cs\/korupcnici-na-katastri-alebo-ako-je-sef-it-na-katastri-clovek-o-ktorom-kiss-vypovedal-na-naka\/","og_locale":"cs_CZ","og_type":"article","og_title":"[:sk]Korup\u010dn\u00edci na katastri? Alebo ako je \u0161\u00e9f IT na katastri \u010dlovek, o ktorom Kiss vypovedal na NAKA[:] - Smedemokrati.sk","og_description":"Demokrati a&nbsp;strana Pir\u00e1ti pouk\u00e1zali na toxick\u00e9 a&nbsp;korup\u010dn\u00e9 prepojenia medzi nomin\u00e1ciami na \u00darade geod\u00e9zie, kartografie a&nbsp;katastra SR a Finan\u010dnej spr\u00e1vy SR. Upozor\u0148uj\u00fa na fakt, \u017ee s\u00fa\u010dasn\u00fd prezident finan\u010dnej spr\u00e1vy Jozef Kiss pri svojom zadr\u017ean\u00ed NAKA v&nbsp;j\u00fani 2022 ozna\u010dil s\u00fa\u010dasn\u00e9ho riadite\u013ea IT sekcie na \u00darade geod\u00e9zie, kartografie a&nbsp;katastra SR Petra Vavra za osobu, ktor\u00e1 sa ho v&nbsp;minulosti, [&hellip;]","og_url":"https:\/\/www.smedemokrati.sk\/cs\/korupcnici-na-katastri-alebo-ako-je-sef-it-na-katastri-clovek-o-ktorom-kiss-vypovedal-na-naka\/","og_site_name":"Smedemokrati.sk","article_publisher":"https:\/\/www.facebook.com\/smedemokrati2023","article_published_time":"2025-01-17T11:13:19+00:00","article_modified_time":"2025-01-20T20:52:32+00:00","og_image":[{"width":793,"height":410,"url":"https:\/\/www.smedemokrati.sk\/wp-content\/uploads\/2025\/01\/kataster_it.jpg","type":"image\/jpeg"}],"author":"miro.sopko","twitter_card":"summary_large_image","twitter_misc":{"Napsal(a)":"miro.sopko","Odhadovan\u00e1 doba \u010dten\u00ed":"4 minuty"},"schema":{"@context":"https:\/\/schema.org","@graph":[{"@type":"Article","@id":"https:\/\/www.smedemokrati.sk\/korupcnici-na-katastri-alebo-ako-je-sef-it-na-katastri-clovek-o-ktorom-kiss-vypovedal-na-naka\/#article","isPartOf":{"@id":"https:\/\/www.smedemokrati.sk\/korupcnici-na-katastri-alebo-ako-je-sef-it-na-katastri-clovek-o-ktorom-kiss-vypovedal-na-naka\/"},"author":{"name":"miro.sopko","@id":"https:\/\/www.smedemokrati.sk\/#\/schema\/person\/21f147c88d605aa7ded900e1e7c344ba"},"headline":"Korup\u010dn\u00edci na katastri? Alebo ako je \u0161\u00e9f IT na katastri \u010dlovek, o ktorom Kiss vypovedal na NAKA","datePublished":"2025-01-17T11:13:19+00:00","dateModified":"2025-01-20T20:52:32+00:00","mainEntityOfPage":{"@id":"https:\/\/www.smedemokrati.sk\/korupcnici-na-katastri-alebo-ako-je-sef-it-na-katastri-clovek-o-ktorom-kiss-vypovedal-na-naka\/"},"wordCount":757,"publisher":{"@id":"https:\/\/www.smedemokrati.sk\/#organization"},"image":{"@id":"https:\/\/www.smedemokrati.sk\/korupcnici-na-katastri-alebo-ako-je-sef-it-na-katastri-clovek-o-ktorom-kiss-vypovedal-na-naka\/#primaryimage"},"thumbnailUrl":"https:\/\/www.smedemokrati.sk\/wp-content\/uploads\/2025\/01\/kataster_it.jpg","articleSection":["Tla\u010dov\u00e9 spr\u00e1vy"],"inLanguage":"cs-CZ"},{"@type":"WebPage","@id":"https:\/\/www.smedemokrati.sk\/korupcnici-na-katastri-alebo-ako-je-sef-it-na-katastri-clovek-o-ktorom-kiss-vypovedal-na-naka\/","url":"https:\/\/www.smedemokrati.sk\/korupcnici-na-katastri-alebo-ako-je-sef-it-na-katastri-clovek-o-ktorom-kiss-vypovedal-na-naka\/","name":"Korup\u010dn\u00edci na katastri? Alebo ako je \u0161\u00e9f IT na katastri \u010dlovek, o ktorom Kiss vypovedal na NAKA","isPartOf":{"@id":"https:\/\/www.smedemokrati.sk\/#website"},"primaryImageOfPage":{"@id":"https:\/\/www.smedemokrati.sk\/korupcnici-na-katastri-alebo-ako-je-sef-it-na-katastri-clovek-o-ktorom-kiss-vypovedal-na-naka\/#primaryimage"},"image":{"@id":"https:\/\/www.smedemokrati.sk\/korupcnici-na-katastri-alebo-ako-je-sef-it-na-katastri-clovek-o-ktorom-kiss-vypovedal-na-naka\/#primaryimage"},"thumbnailUrl":"https:\/\/www.smedemokrati.sk\/wp-content\/uploads\/2025\/01\/kataster_it.jpg","datePublished":"2025-01-17T11:13:19+00:00","dateModified":"2025-01-20T20:52:32+00:00","breadcrumb":{"@id":"https:\/\/www.smedemokrati.sk\/korupcnici-na-katastri-alebo-ako-je-sef-it-na-katastri-clovek-o-ktorom-kiss-vypovedal-na-naka\/#breadcrumb"},"inLanguage":"cs-CZ","potentialAction":[{"@type":"ReadAction","target":["https:\/\/www.smedemokrati.sk\/korupcnici-na-katastri-alebo-ako-je-sef-it-na-katastri-clovek-o-ktorom-kiss-vypovedal-na-naka\/"]}]},{"@type":"ImageObject","inLanguage":"cs-CZ","@id":"https:\/\/www.smedemokrati.sk\/korupcnici-na-katastri-alebo-ako-je-sef-it-na-katastri-clovek-o-ktorom-kiss-vypovedal-na-naka\/#primaryimage","url":"https:\/\/www.smedemokrati.sk\/wp-content\/uploads\/2025\/01\/kataster_it.jpg","contentUrl":"https:\/\/www.smedemokrati.sk\/wp-content\/uploads\/2025\/01\/kataster_it.jpg","width":793,"height":410},{"@type":"BreadcrumbList","@id":"https:\/\/www.smedemokrati.sk\/korupcnici-na-katastri-alebo-ako-je-sef-it-na-katastri-clovek-o-ktorom-kiss-vypovedal-na-naka\/#breadcrumb","itemListElement":[{"@type":"ListItem","position":1,"name":"Domovsk\u00e1 str\u00e1nka","item":"https:\/\/www.smedemokrati.sk\/"},{"@type":"ListItem","position":2,"name":"Korup\u010dn\u00edci na katastri? Alebo ako je \u0161\u00e9f IT na katastri \u010dlovek, o ktorom Kiss vypovedal na NAKA"}]},{"@type":"WebSite","@id":"https:\/\/www.smedemokrati.sk\/#website","url":"https:\/\/www.smedemokrati.sk\/","name":"Smedemokrati.sk","description":"Demokracia a slu\u0161nos\u0165 zv\u00ed\u0165az\u00ed","publisher":{"@id":"https:\/\/www.smedemokrati.sk\/#organization"},"potentialAction":[{"@type":"SearchAction","target":{"@type":"EntryPoint","urlTemplate":"https:\/\/www.smedemokrati.sk\/?s={search_term_string}"},"query-input":{"@type":"PropertyValueSpecification","valueRequired":true,"valueName":"search_term_string"}}],"inLanguage":"cs-CZ"},{"@type":"Organization","@id":"https:\/\/www.smedemokrati.sk\/#organization","name":"Smedemokrati.sk","url":"https:\/\/www.smedemokrati.sk\/","logo":{"@type":"ImageObject","inLanguage":"cs-CZ","@id":"https:\/\/www.smedemokrati.sk\/#\/schema\/logo\/image\/","url":"https:\/\/www.smedemokrati.sk\/wp-content\/uploads\/2023\/04\/ff.002.jpeg","contentUrl":"https:\/\/www.smedemokrati.sk\/wp-content\/uploads\/2023\/04\/ff.002.jpeg","width":640,"height":480,"caption":"Smedemokrati.sk"},"image":{"@id":"https:\/\/www.smedemokrati.sk\/#\/schema\/logo\/image\/"},"sameAs":["https:\/\/www.facebook.com\/smedemokrati2023"]},{"@type":"Person","@id":"https:\/\/www.smedemokrati.sk\/#\/schema\/person\/21f147c88d605aa7ded900e1e7c344ba","name":"miro.sopko","image":{"@type":"ImageObject","inLanguage":"cs-CZ","@id":"https:\/\/secure.gravatar.com\/avatar\/267e4a36f704376c109afe3a78740c1f5dd8675a2180a908699e7863c9247606?s=96&d=mm&r=g","url":"https:\/\/secure.gravatar.com\/avatar\/267e4a36f704376c109afe3a78740c1f5dd8675a2180a908699e7863c9247606?s=96&d=mm&r=g","contentUrl":"https:\/\/secure.gravatar.com\/avatar\/267e4a36f704376c109afe3a78740c1f5dd8675a2180a908699e7863c9247606?s=96&d=mm&r=g","caption":"miro.sopko"},"url":"https:\/\/www.smedemokrati.sk\/cs\/author\/miro-sopko\/"}]}},"_links":{"self":[{"href":"https:\/\/www.smedemokrati.sk\/cs\/wp-json\/wp\/v2\/posts\/6146","targetHints":{"allow":["GET"]}}],"collection":[{"href":"https:\/\/www.smedemokrati.sk\/cs\/wp-json\/wp\/v2\/posts"}],"about":[{"href":"https:\/\/www.smedemokrati.sk\/cs\/wp-json\/wp\/v2\/types\/post"}],"author":[{"embeddable":true,"href":"https:\/\/www.smedemokrati.sk\/cs\/wp-json\/wp\/v2\/users\/13"}],"replies":[{"embeddable":true,"href":"https:\/\/www.smedemokrati.sk\/cs\/wp-json\/wp\/v2\/comments?post=6146"}],"version-history":[{"count":1,"href":"https:\/\/www.smedemokrati.sk\/cs\/wp-json\/wp\/v2\/posts\/6146\/revisions"}],"predecessor-version":[{"id":6148,"href":"https:\/\/www.smedemokrati.sk\/cs\/wp-json\/wp\/v2\/posts\/6146\/revisions\/6148"}],"wp:featuredmedia":[{"embeddable":true,"href":"https:\/\/www.smedemokrati.sk\/cs\/wp-json\/wp\/v2\/media\/6147"}],"wp:attachment":[{"href":"https:\/\/www.smedemokrati.sk\/cs\/wp-json\/wp\/v2\/media?parent=6146"}],"wp:term":[{"taxonomy":"category","embeddable":true,"href":"https:\/\/www.smedemokrati.sk\/cs\/wp-json\/wp\/v2\/categories?post=6146"},{"taxonomy":"post_tag","embeddable":true,"href":"https:\/\/www.smedemokrati.sk\/cs\/wp-json\/wp\/v2\/tags?post=6146"}],"curies":[{"name":"wp","href":"https:\/\/api.w.org\/{rel}","templated":true}]}}