{"id":6120,"date":"2025-01-14T12:08:11","date_gmt":"2025-01-14T11:08:11","guid":{"rendered":"https:\/\/www.smedemokrati.sk\/?p=6120"},"modified":"2025-01-17T10:20:37","modified_gmt":"2025-01-17T09:20:37","slug":"revizia-planu-obnovy-je-zlyhanim-tomasa-tarabu-a-prehrou-pre-zivotne-prostredie","status":"publish","type":"post","link":"https:\/\/www.smedemokrati.sk\/cs\/revizia-planu-obnovy-je-zlyhanim-tomasa-tarabu-a-prehrou-pre-zivotne-prostredie\/","title":{"rendered":"Rev\u00edzia Pl\u00e1nu obnovy je zlyhan\u00edm Tom\u00e1\u0161a Tarabu a prehrou pre \u017eivotn\u00e9 prostredie"},"content":{"rendered":"<div id=\"fb-root\"><\/div>\n\n<p><strong>Vl\u00e1da bude pravdepodobne u\u017e zajtra (15. janu\u00e1r 2025) schva\u013eova\u0165 rev\u00edziu Pl\u00e1nu obnovy. Pod\u013ea \u010diasto\u010dne zverejnen\u00fdch kont\u00far a inform\u00e1ci\u00ed strany Demokrati m\u00e1 invest\u00edciu do v\u00fdkupu pozemkov v n\u00e1rodn\u00fdch parkoch z pl\u00e1nu obnovy za 68 mil. eur nahradi\u0165 \u201cv\u00fdsadba lesov\u201d. Opatrenie v sume 50 mil. eur sa m\u00e1 t\u00fdka\u0165 v\u00fdlu\u010dne \u0161t\u00e1tnych lesov a hospod\u00e1rskych \u00fazem\u00ed, v z\u00e1sade m\u00e1 \u00eds\u0165 o be\u017en\u00e9 zales\u0148ovanie po \u0165a\u017ebe. Zmeni\u0165 sa m\u00e1 aj gestor invest\u00edcie, z ministerstva \u017eivotn\u00e9ho prostredia na ministerstvo p\u00f4dohospod\u00e1rstva a rozvoja vidieka. Toto opatrenie v\u0161ak nesp\u013a\u0148a pr\u00ednos pre rozvoj biodiverzity. Rev\u00edzia Pl\u00e1nu obnovy sa m\u00e1 naviac schv\u00e1li\u0165 bez riadnej verejnej diskusie. Vyz\u00fdvame vl\u00e1du na jej predlo\u017eenie do medzirezortn\u00e9ho pripomienkov\u00e9ho konania.&nbsp;<\/strong><\/p>\n\n\n\n<p>\u201e<em>Som ve\u013emi zvedav\u00fd, ako bud\u00fa p\u00e1ni prezentova\u0165 pr\u00ednos tohto opatrenia pre biodiverzitu. Podpredseda vl\u00e1dy Kmec na eur\u00f3pskom v\u00fdbore nov\u00e9 opatrenie obhajoval tak insitne, \u017ee je zrejm\u00e9, \u017ee tento rozmer mu \u00faplne u\u0161iel. Pod\u013ea pravidiel Pl\u00e1nu obnovy sa m\u00e1 (a to aj pri rev\u00edzii), minim\u00e1lne 37 % prostriedkov vy\u010dleni\u0165 na klimatick\u00e9 opatrenia a biodiverzitu (v \u013eubovo\u013enom pomere),<\/em>&#8220; upozor\u0148uje Michal Ki\u010da enviroexpert srany.\u00a0<\/p>\n\n\n\n<p>V Pl\u00e1ne obnovy, ktor\u00fd schv\u00e1lila vl\u00e1da Eduarda Hegera, bolo t\u00fdm jedin\u00fdm \u201cbiodiverzitn\u00fdm\u201d opatren\u00edm pr\u00e1ve majetkov\u00e9 vysporiadanie s vlastn\u00edkmi v chr\u00e1nen\u00fdch \u00fazemiach. Jeho cie\u013eom je vytv\u00e1ra\u0165 podmienky pre roz\u0161irovanie pr\u00edsne chr\u00e1nen\u00fdch \u00fazem\u00ed a t\u00fdm biodiverzitu posil\u0148ova\u0165. \u201e<em>\u017dia\u013e, opatrenie \u010delilo nev\u00eddanej dezinforma\u010dnej kampane zo strany \u013eud\u00ed ako Huliak, Kuffa \u010di Taraba a ich poradcov, tak\u017ee strach a l\u017ei u\u0161kodili z\u00e1ujmu vlastn\u00edkov o v\u00fdkup. Taraba ho naviac svojvo\u013ene zru\u0161il bez adekv\u00e1tnej n\u00e1hrady,<\/em>&#8220; hovor\u00ed Ki\u010da.<\/p>\n\n\n\n<p>Pr\u00e1ve toto opatrenie vl\u00e1da navrhuje nahradi\u0165 v\u00fdsadbou lesov po \u0165a\u017ebe mimo chr\u00e1nen\u00fdch \u00fazem\u00ed. M\u00e1me objekt\u00edvne obavy, \u017ee v podan\u00ed Tak\u00e1\u010da p\u00f4jde len o be\u017en\u00fa aktivitu bez pr\u00ednosu k podpore biodiverzity, ktor\u00fa musia naviac vykon\u00e1va\u0165 obhospodarovatelia lesov u\u017e teraz. V obrovsk\u00fdch v\u00fdmer\u00e1ch, najm\u00e4 na Horehron\u00ed, sa hospod\u00e1rske lesy pod z\u00e1mienkou spracovania kalamity vyr\u00fabu a n\u00e1sledne ideme ako\u017ee zachra\u0148ova\u0165 pr\u00edrodu v\u00fdsadbou lesov. Ide\u00e1lne za eur\u00f3pske peniaze. Opatrenie ako tak\u00e9 smeruje len k zachovaniu ekonomickej a ekologickej stability hospod\u00e1rskych lesov, \u010do je na rozvoj ekosyst\u00e9mov a nap\u013a\u0148anie eur\u00f3pskej biodiverzitnej strat\u00e9gie celkom nedostato\u010dn\u00e9. Vl\u00e1da tak bude ma\u0165 probl\u00e9m preuk\u00e1za\u0165 s\u00falad tohto opatrenia s cie\u013emi Pl\u00e1nu obnovy a presved\u010di\u0165 Eur\u00f3psku komisiu na ods\u00fahlasenie rev\u00edzie, preto\u017ee kontext s\u00fa\u010dasnej situ\u00e1cie s \u0165a\u017ebou na Slovensku je tie\u017e relevantn\u00fd a komisia je o z\u00e1mere informovan\u00e1.<\/p>\n\n\n\n<p>\u201e<em>Rovnako nie je zn\u00e1me, ako k tomu pr\u00eddu ne\u0161t\u00e1tni vlastn\u00edci a urb\u00e1re, ke\u010f\u017ee zatia\u013e nevieme o tom, \u017ee by sa pripravovala sch\u00e9ma \u0161t\u00e1tnej pomoci aj pre nich, aby sa mohli zapoji\u0165. V podan\u00ed Tarabu a Tak\u00e1\u010da sa tak pravdepodobne schy\u013euje k \u010fal\u0161iemu megatendru na be\u017en\u00fa pestovn\u00fa \u010dinnos\u0165 pre LESY SR, \u0161. p. za 50 mil. eur. A vieme, ako sa tak\u00e9to bombastick\u00e9 tendre v \u0161t\u00e1tnych lesoch v ostatnom obdob\u00ed chystaj\u00fa. Hroz\u00ed, \u017ee sa pripravia iba pre \u00fazky okruh uch\u00e1dza\u010dov\u2026<\/em>&#8222;, zd\u00f4raz\u0148uje Ki\u010da.<\/p>\n\n\n\n<p>Pre Tarabu sa \u0161krt\u00e1 aj skoro 300 mil. eur z dekarboniz\u00e1cie priemyslu \u010di 10 mil. eur na invest\u00edcie do energetickej efekt\u00edvnosti dom\u00e1cnost\u00ed postihnut\u00fdch energetickou chudobou a zlou kvalitou ovzdu\u0161ia (najm\u00e4 oblas\u0165 Jel\u0161avy). Tarabov rezort v rev\u00edzii prich\u00e1dza celkovo o skoro 400 mil. eur. Minister nebol rok schopn\u00fd vyrokova\u0165 ni\u010d konkr\u00e9tne, predstavi\u0165 ak\u00fdko\u013evek relevantn\u00fd projekt na podporu biodiverzity a slovenskej pr\u00edrody.&nbsp;<\/p>\n\n\n\n<p>Rev\u00edzia Pl\u00e1nu obnovy potvrdzuje neuverite\u013en\u00e9 mana\u017e\u00e9rske zlyhanie najm\u00e4 Tom\u00e1\u0161a Tarabu. K\u00fdm na za\u010diatku bol rezort \u017eivotn\u00e9ho prostredia naj\u00faspe\u0161nej\u0161\u00ed v presadzovan\u00ed prior\u00edt, pod Tarabov\u00fdm veden\u00edm sa stal skoro najslab\u0161\u00edm hr\u00e1\u010dom. Skoro 400 mil. eur na ozelenenie priemyslu, podporu pr\u00edrody a zlep\u0161enie \u017eivota \u013eud\u00ed v regi\u00f3noch je nen\u00e1vratne pre\u010d. Kv\u00f4li jeho arogancii a neschopnosti.&nbsp;<\/p>\n\n\n\n<p>Za \u0161kandal\u00f3zny pova\u017eujeme aj sp\u00f4sob schva\u013eovania rev\u00edzie Pl\u00e1nu obnovy. \u201e<em>Pl\u00e1n obnovy v roku 2021 a jeho rev\u00edzia v roku 2023 boli predmetom riadneho medzirezortn\u00e9ho pripomienkov\u00e9ho konania s pln\u00fdm pr\u00edstupom verejnosti. Rev\u00edzia s\u00fa\u010dasnej vl\u00e1dy bude bez medzirezortn\u00e9ho pripomienkov\u00e9ho konania, bez verejnosti, a hroz\u00ed, \u017ee len tak priamo p\u00f4jde u\u017e t\u00fato stredu na rokovanie vl\u00e1dy a n\u00e1sledne do Bruselu. Vyz\u00fdvame vl\u00e1du aby si splnila svoju povinnos\u0165 a materi\u00e1l predlo\u017eila do riadneho pripomienkov\u00e9ho konania,<\/em>\u201d uzavrel Eduard Heger, b\u00fdval\u00fd premi\u00e9r a podpredseda strany.\u00a0<\/p>\n","protected":false},"excerpt":{"rendered":"<p>Vl\u00e1da bude pravdepodobne u\u017e zajtra (15. janu\u00e1r 2025) schva\u013eova\u0165 rev\u00edziu Pl\u00e1nu obnovy. Pod\u013ea \u010diasto\u010dne zverejnen\u00fdch kont\u00far a inform\u00e1ci\u00ed strany Demokrati m\u00e1 invest\u00edciu do v\u00fdkupu pozemkov v n\u00e1rodn\u00fdch parkoch z pl\u00e1nu obnovy za 68 mil. eur nahradi\u0165 \u201cv\u00fdsadba lesov\u201d. Opatrenie v sume 50 mil. eur sa m\u00e1 t\u00fdka\u0165 v\u00fdlu\u010dne \u0161t\u00e1tnych lesov a hospod\u00e1rskych \u00fazem\u00ed, v z\u00e1sade [&hellip;]<\/p>\n","protected":false},"author":13,"featured_media":2494,"comment_status":"closed","ping_status":"closed","sticky":false,"template":"","format":"standard","meta":{"_acf_changed":false,"ngg_post_thumbnail":0,"footnotes":""},"categories":[4],"tags":[],"class_list":["post-6120","post","type-post","status-publish","format-standard","has-post-thumbnail","hentry","category-tlacove-spravy"],"acf":[],"yoast_head":"<!-- This site is optimized with the Yoast SEO plugin v27.2 - https:\/\/yoast.com\/product\/yoast-seo-wordpress\/ -->\n<title>Rev\u00edzia Pl\u00e1nu obnovy je zlyhan\u00edm Tom\u00e1\u0161a Tarabu a prehrou pre \u017eivotn\u00e9 prostredie<\/title>\n<meta name=\"robots\" content=\"index, follow, max-snippet:-1, max-image-preview:large, max-video-preview:-1\" \/>\n<link rel=\"canonical\" href=\"https:\/\/www.smedemokrati.sk\/cs\/revizia-planu-obnovy-je-zlyhanim-tomasa-tarabu-a-prehrou-pre-zivotne-prostredie\/\" \/>\n<meta property=\"og:locale\" content=\"cs_CZ\" \/>\n<meta property=\"og:locale:alternate\" content=\"en_US\" \/>\n<meta property=\"og:locale:alternate\" content=\"hu_HU\" \/>\n<meta property=\"og:locale:alternate\" content=\"sk_SK\" \/>\n<meta property=\"og:locale:alternate\" content=\"sv_SE\" \/>\n<meta property=\"og:type\" content=\"article\" \/>\n<meta property=\"og:title\" content=\"Rev\u00edzia Pl\u00e1nu obnovy je zlyhan\u00edm Tom\u00e1\u0161a Tarabu a prehrou pre \u017eivotn\u00e9 prostredie\" \/>\n<meta property=\"og:description\" content=\"Vl\u00e1da bude pravdepodobne u\u017e zajtra (15. janu\u00e1r 2025) schva\u013eova\u0165 rev\u00edziu Pl\u00e1nu obnovy. Pod\u013ea \u010diasto\u010dne zverejnen\u00fdch kont\u00far a inform\u00e1ci\u00ed strany Demokrati m\u00e1 invest\u00edciu do v\u00fdkupu pozemkov v n\u00e1rodn\u00fdch parkoch z pl\u00e1nu obnovy za 68 mil. eur nahradi\u0165 \u201cv\u00fdsadba lesov\u201d. Opatrenie v sume 50 mil. eur sa m\u00e1 t\u00fdka\u0165 v\u00fdlu\u010dne \u0161t\u00e1tnych lesov a hospod\u00e1rskych \u00fazem\u00ed, v z\u00e1sade [&hellip;]\" \/>\n<meta property=\"og:url\" content=\"https:\/\/www.smedemokrati.sk\/cs\/revizia-planu-obnovy-je-zlyhanim-tomasa-tarabu-a-prehrou-pre-zivotne-prostredie\/\" \/>\n<meta property=\"og:site_name\" content=\"Smedemokrati.sk\" \/>\n<meta property=\"article:publisher\" content=\"https:\/\/www.facebook.com\/smedemokrati2023\" \/>\n<meta property=\"article:published_time\" content=\"2025-01-14T11:08:11+00:00\" \/>\n<meta property=\"article:modified_time\" content=\"2025-01-17T09:20:37+00:00\" \/>\n<meta property=\"og:image\" content=\"https:\/\/www.smedemokrati.sk\/wp-content\/uploads\/2024\/01\/413939852_1124540205628862_5756816653039672516_n.jpg\" \/>\n\t<meta property=\"og:image:width\" content=\"1536\" \/>\n\t<meta property=\"og:image:height\" content=\"1081\" \/>\n\t<meta property=\"og:image:type\" content=\"image\/jpeg\" \/>\n<meta name=\"author\" content=\"miro.sopko\" \/>\n<meta name=\"twitter:card\" content=\"summary_large_image\" \/>\n<meta name=\"twitter:label1\" content=\"Napsal(a)\" \/>\n\t<meta name=\"twitter:data1\" content=\"miro.sopko\" \/>\n\t<meta name=\"twitter:label2\" content=\"Odhadovan\u00e1 doba \u010dten\u00ed\" \/>\n\t<meta name=\"twitter:data2\" content=\"4 minuty\" \/>\n<script type=\"application\/ld+json\" class=\"yoast-schema-graph\">{\"@context\":\"https:\/\/schema.org\",\"@graph\":[{\"@type\":\"Article\",\"@id\":\"https:\/\/www.smedemokrati.sk\/revizia-planu-obnovy-je-zlyhanim-tomasa-tarabu-a-prehrou-pre-zivotne-prostredie\/#article\",\"isPartOf\":{\"@id\":\"https:\/\/www.smedemokrati.sk\/revizia-planu-obnovy-je-zlyhanim-tomasa-tarabu-a-prehrou-pre-zivotne-prostredie\/\"},\"author\":{\"name\":\"miro.sopko\",\"@id\":\"https:\/\/www.smedemokrati.sk\/#\/schema\/person\/21f147c88d605aa7ded900e1e7c344ba\"},\"headline\":\"Rev\u00edzia Pl\u00e1nu obnovy je zlyhan\u00edm Tom\u00e1\u0161a Tarabu a prehrou pre \u017eivotn\u00e9 prostredie\",\"datePublished\":\"2025-01-14T11:08:11+00:00\",\"dateModified\":\"2025-01-17T09:20:37+00:00\",\"mainEntityOfPage\":{\"@id\":\"https:\/\/www.smedemokrati.sk\/revizia-planu-obnovy-je-zlyhanim-tomasa-tarabu-a-prehrou-pre-zivotne-prostredie\/\"},\"wordCount\":858,\"publisher\":{\"@id\":\"https:\/\/www.smedemokrati.sk\/#organization\"},\"image\":{\"@id\":\"https:\/\/www.smedemokrati.sk\/revizia-planu-obnovy-je-zlyhanim-tomasa-tarabu-a-prehrou-pre-zivotne-prostredie\/#primaryimage\"},\"thumbnailUrl\":\"https:\/\/www.smedemokrati.sk\/wp-content\/uploads\/2024\/01\/413939852_1124540205628862_5756816653039672516_n.jpg\",\"articleSection\":[\"Tla\u010dov\u00e9 spr\u00e1vy\"],\"inLanguage\":\"cs-CZ\"},{\"@type\":\"WebPage\",\"@id\":\"https:\/\/www.smedemokrati.sk\/revizia-planu-obnovy-je-zlyhanim-tomasa-tarabu-a-prehrou-pre-zivotne-prostredie\/\",\"url\":\"https:\/\/www.smedemokrati.sk\/revizia-planu-obnovy-je-zlyhanim-tomasa-tarabu-a-prehrou-pre-zivotne-prostredie\/\",\"name\":\"Rev\u00edzia Pl\u00e1nu obnovy je zlyhan\u00edm Tom\u00e1\u0161a Tarabu a prehrou pre \u017eivotn\u00e9 prostredie\",\"isPartOf\":{\"@id\":\"https:\/\/www.smedemokrati.sk\/#website\"},\"primaryImageOfPage\":{\"@id\":\"https:\/\/www.smedemokrati.sk\/revizia-planu-obnovy-je-zlyhanim-tomasa-tarabu-a-prehrou-pre-zivotne-prostredie\/#primaryimage\"},\"image\":{\"@id\":\"https:\/\/www.smedemokrati.sk\/revizia-planu-obnovy-je-zlyhanim-tomasa-tarabu-a-prehrou-pre-zivotne-prostredie\/#primaryimage\"},\"thumbnailUrl\":\"https:\/\/www.smedemokrati.sk\/wp-content\/uploads\/2024\/01\/413939852_1124540205628862_5756816653039672516_n.jpg\",\"datePublished\":\"2025-01-14T11:08:11+00:00\",\"dateModified\":\"2025-01-17T09:20:37+00:00\",\"breadcrumb\":{\"@id\":\"https:\/\/www.smedemokrati.sk\/revizia-planu-obnovy-je-zlyhanim-tomasa-tarabu-a-prehrou-pre-zivotne-prostredie\/#breadcrumb\"},\"inLanguage\":\"cs-CZ\",\"potentialAction\":[{\"@type\":\"ReadAction\",\"target\":[\"https:\/\/www.smedemokrati.sk\/revizia-planu-obnovy-je-zlyhanim-tomasa-tarabu-a-prehrou-pre-zivotne-prostredie\/\"]}]},{\"@type\":\"ImageObject\",\"inLanguage\":\"cs-CZ\",\"@id\":\"https:\/\/www.smedemokrati.sk\/revizia-planu-obnovy-je-zlyhanim-tomasa-tarabu-a-prehrou-pre-zivotne-prostredie\/#primaryimage\",\"url\":\"https:\/\/www.smedemokrati.sk\/wp-content\/uploads\/2024\/01\/413939852_1124540205628862_5756816653039672516_n.jpg\",\"contentUrl\":\"https:\/\/www.smedemokrati.sk\/wp-content\/uploads\/2024\/01\/413939852_1124540205628862_5756816653039672516_n.jpg\",\"width\":1536,\"height\":1081},{\"@type\":\"BreadcrumbList\",\"@id\":\"https:\/\/www.smedemokrati.sk\/revizia-planu-obnovy-je-zlyhanim-tomasa-tarabu-a-prehrou-pre-zivotne-prostredie\/#breadcrumb\",\"itemListElement\":[{\"@type\":\"ListItem\",\"position\":1,\"name\":\"Domovsk\u00e1 str\u00e1nka\",\"item\":\"https:\/\/www.smedemokrati.sk\/\"},{\"@type\":\"ListItem\",\"position\":2,\"name\":\"Rev\u00edzia Pl\u00e1nu obnovy je zlyhan\u00edm Tom\u00e1\u0161a Tarabu a prehrou pre \u017eivotn\u00e9 prostredie\"}]},{\"@type\":\"WebSite\",\"@id\":\"https:\/\/www.smedemokrati.sk\/#website\",\"url\":\"https:\/\/www.smedemokrati.sk\/\",\"name\":\"Smedemokrati.sk\",\"description\":\"Demokracia a slu\u0161nos\u0165 zv\u00ed\u0165az\u00ed\",\"publisher\":{\"@id\":\"https:\/\/www.smedemokrati.sk\/#organization\"},\"potentialAction\":[{\"@type\":\"SearchAction\",\"target\":{\"@type\":\"EntryPoint\",\"urlTemplate\":\"https:\/\/www.smedemokrati.sk\/?s={search_term_string}\"},\"query-input\":{\"@type\":\"PropertyValueSpecification\",\"valueRequired\":true,\"valueName\":\"search_term_string\"}}],\"inLanguage\":\"cs-CZ\"},{\"@type\":\"Organization\",\"@id\":\"https:\/\/www.smedemokrati.sk\/#organization\",\"name\":\"Smedemokrati.sk\",\"url\":\"https:\/\/www.smedemokrati.sk\/\",\"logo\":{\"@type\":\"ImageObject\",\"inLanguage\":\"cs-CZ\",\"@id\":\"https:\/\/www.smedemokrati.sk\/#\/schema\/logo\/image\/\",\"url\":\"https:\/\/www.smedemokrati.sk\/wp-content\/uploads\/2023\/04\/ff.002.jpeg\",\"contentUrl\":\"https:\/\/www.smedemokrati.sk\/wp-content\/uploads\/2023\/04\/ff.002.jpeg\",\"width\":640,\"height\":480,\"caption\":\"Smedemokrati.sk\"},\"image\":{\"@id\":\"https:\/\/www.smedemokrati.sk\/#\/schema\/logo\/image\/\"},\"sameAs\":[\"https:\/\/www.facebook.com\/smedemokrati2023\"]},{\"@type\":\"Person\",\"@id\":\"https:\/\/www.smedemokrati.sk\/#\/schema\/person\/21f147c88d605aa7ded900e1e7c344ba\",\"name\":\"miro.sopko\",\"image\":{\"@type\":\"ImageObject\",\"inLanguage\":\"cs-CZ\",\"@id\":\"https:\/\/secure.gravatar.com\/avatar\/267e4a36f704376c109afe3a78740c1f5dd8675a2180a908699e7863c9247606?s=96&d=mm&r=g\",\"url\":\"https:\/\/secure.gravatar.com\/avatar\/267e4a36f704376c109afe3a78740c1f5dd8675a2180a908699e7863c9247606?s=96&d=mm&r=g\",\"contentUrl\":\"https:\/\/secure.gravatar.com\/avatar\/267e4a36f704376c109afe3a78740c1f5dd8675a2180a908699e7863c9247606?s=96&d=mm&r=g\",\"caption\":\"miro.sopko\"},\"url\":\"https:\/\/www.smedemokrati.sk\/cs\/author\/miro-sopko\/\"}]}<\/script>\n<!-- \/ Yoast SEO plugin. -->","yoast_head_json":{"title":"Rev\u00edzia Pl\u00e1nu obnovy je zlyhan\u00edm Tom\u00e1\u0161a Tarabu a prehrou pre \u017eivotn\u00e9 prostredie","robots":{"index":"index","follow":"follow","max-snippet":"max-snippet:-1","max-image-preview":"max-image-preview:large","max-video-preview":"max-video-preview:-1"},"canonical":"https:\/\/www.smedemokrati.sk\/cs\/revizia-planu-obnovy-je-zlyhanim-tomasa-tarabu-a-prehrou-pre-zivotne-prostredie\/","og_locale":"cs_CZ","og_type":"article","og_title":"[:sk]Rev\u00edzia Pl\u00e1nu obnovy je zlyhan\u00edm Tom\u00e1\u0161a Tarabu a prehrou pre \u017eivotn\u00e9 prostredie[:] - Smedemokrati.sk","og_description":"Vl\u00e1da bude pravdepodobne u\u017e zajtra (15. janu\u00e1r 2025) schva\u013eova\u0165 rev\u00edziu Pl\u00e1nu obnovy. Pod\u013ea \u010diasto\u010dne zverejnen\u00fdch kont\u00far a inform\u00e1ci\u00ed strany Demokrati m\u00e1 invest\u00edciu do v\u00fdkupu pozemkov v n\u00e1rodn\u00fdch parkoch z pl\u00e1nu obnovy za 68 mil. eur nahradi\u0165 \u201cv\u00fdsadba lesov\u201d. Opatrenie v sume 50 mil. eur sa m\u00e1 t\u00fdka\u0165 v\u00fdlu\u010dne \u0161t\u00e1tnych lesov a hospod\u00e1rskych \u00fazem\u00ed, v z\u00e1sade [&hellip;]","og_url":"https:\/\/www.smedemokrati.sk\/cs\/revizia-planu-obnovy-je-zlyhanim-tomasa-tarabu-a-prehrou-pre-zivotne-prostredie\/","og_site_name":"Smedemokrati.sk","article_publisher":"https:\/\/www.facebook.com\/smedemokrati2023","article_published_time":"2025-01-14T11:08:11+00:00","article_modified_time":"2025-01-17T09:20:37+00:00","og_image":[{"width":1536,"height":1081,"url":"https:\/\/www.smedemokrati.sk\/wp-content\/uploads\/2024\/01\/413939852_1124540205628862_5756816653039672516_n.jpg","type":"image\/jpeg"}],"author":"miro.sopko","twitter_card":"summary_large_image","twitter_misc":{"Napsal(a)":"miro.sopko","Odhadovan\u00e1 doba \u010dten\u00ed":"4 minuty"},"schema":{"@context":"https:\/\/schema.org","@graph":[{"@type":"Article","@id":"https:\/\/www.smedemokrati.sk\/revizia-planu-obnovy-je-zlyhanim-tomasa-tarabu-a-prehrou-pre-zivotne-prostredie\/#article","isPartOf":{"@id":"https:\/\/www.smedemokrati.sk\/revizia-planu-obnovy-je-zlyhanim-tomasa-tarabu-a-prehrou-pre-zivotne-prostredie\/"},"author":{"name":"miro.sopko","@id":"https:\/\/www.smedemokrati.sk\/#\/schema\/person\/21f147c88d605aa7ded900e1e7c344ba"},"headline":"Rev\u00edzia Pl\u00e1nu obnovy je zlyhan\u00edm Tom\u00e1\u0161a Tarabu a prehrou pre \u017eivotn\u00e9 prostredie","datePublished":"2025-01-14T11:08:11+00:00","dateModified":"2025-01-17T09:20:37+00:00","mainEntityOfPage":{"@id":"https:\/\/www.smedemokrati.sk\/revizia-planu-obnovy-je-zlyhanim-tomasa-tarabu-a-prehrou-pre-zivotne-prostredie\/"},"wordCount":858,"publisher":{"@id":"https:\/\/www.smedemokrati.sk\/#organization"},"image":{"@id":"https:\/\/www.smedemokrati.sk\/revizia-planu-obnovy-je-zlyhanim-tomasa-tarabu-a-prehrou-pre-zivotne-prostredie\/#primaryimage"},"thumbnailUrl":"https:\/\/www.smedemokrati.sk\/wp-content\/uploads\/2024\/01\/413939852_1124540205628862_5756816653039672516_n.jpg","articleSection":["Tla\u010dov\u00e9 spr\u00e1vy"],"inLanguage":"cs-CZ"},{"@type":"WebPage","@id":"https:\/\/www.smedemokrati.sk\/revizia-planu-obnovy-je-zlyhanim-tomasa-tarabu-a-prehrou-pre-zivotne-prostredie\/","url":"https:\/\/www.smedemokrati.sk\/revizia-planu-obnovy-je-zlyhanim-tomasa-tarabu-a-prehrou-pre-zivotne-prostredie\/","name":"Rev\u00edzia Pl\u00e1nu obnovy je zlyhan\u00edm Tom\u00e1\u0161a Tarabu a prehrou pre \u017eivotn\u00e9 prostredie","isPartOf":{"@id":"https:\/\/www.smedemokrati.sk\/#website"},"primaryImageOfPage":{"@id":"https:\/\/www.smedemokrati.sk\/revizia-planu-obnovy-je-zlyhanim-tomasa-tarabu-a-prehrou-pre-zivotne-prostredie\/#primaryimage"},"image":{"@id":"https:\/\/www.smedemokrati.sk\/revizia-planu-obnovy-je-zlyhanim-tomasa-tarabu-a-prehrou-pre-zivotne-prostredie\/#primaryimage"},"thumbnailUrl":"https:\/\/www.smedemokrati.sk\/wp-content\/uploads\/2024\/01\/413939852_1124540205628862_5756816653039672516_n.jpg","datePublished":"2025-01-14T11:08:11+00:00","dateModified":"2025-01-17T09:20:37+00:00","breadcrumb":{"@id":"https:\/\/www.smedemokrati.sk\/revizia-planu-obnovy-je-zlyhanim-tomasa-tarabu-a-prehrou-pre-zivotne-prostredie\/#breadcrumb"},"inLanguage":"cs-CZ","potentialAction":[{"@type":"ReadAction","target":["https:\/\/www.smedemokrati.sk\/revizia-planu-obnovy-je-zlyhanim-tomasa-tarabu-a-prehrou-pre-zivotne-prostredie\/"]}]},{"@type":"ImageObject","inLanguage":"cs-CZ","@id":"https:\/\/www.smedemokrati.sk\/revizia-planu-obnovy-je-zlyhanim-tomasa-tarabu-a-prehrou-pre-zivotne-prostredie\/#primaryimage","url":"https:\/\/www.smedemokrati.sk\/wp-content\/uploads\/2024\/01\/413939852_1124540205628862_5756816653039672516_n.jpg","contentUrl":"https:\/\/www.smedemokrati.sk\/wp-content\/uploads\/2024\/01\/413939852_1124540205628862_5756816653039672516_n.jpg","width":1536,"height":1081},{"@type":"BreadcrumbList","@id":"https:\/\/www.smedemokrati.sk\/revizia-planu-obnovy-je-zlyhanim-tomasa-tarabu-a-prehrou-pre-zivotne-prostredie\/#breadcrumb","itemListElement":[{"@type":"ListItem","position":1,"name":"Domovsk\u00e1 str\u00e1nka","item":"https:\/\/www.smedemokrati.sk\/"},{"@type":"ListItem","position":2,"name":"Rev\u00edzia Pl\u00e1nu obnovy je zlyhan\u00edm Tom\u00e1\u0161a Tarabu a prehrou pre \u017eivotn\u00e9 prostredie"}]},{"@type":"WebSite","@id":"https:\/\/www.smedemokrati.sk\/#website","url":"https:\/\/www.smedemokrati.sk\/","name":"Smedemokrati.sk","description":"Demokracia a slu\u0161nos\u0165 zv\u00ed\u0165az\u00ed","publisher":{"@id":"https:\/\/www.smedemokrati.sk\/#organization"},"potentialAction":[{"@type":"SearchAction","target":{"@type":"EntryPoint","urlTemplate":"https:\/\/www.smedemokrati.sk\/?s={search_term_string}"},"query-input":{"@type":"PropertyValueSpecification","valueRequired":true,"valueName":"search_term_string"}}],"inLanguage":"cs-CZ"},{"@type":"Organization","@id":"https:\/\/www.smedemokrati.sk\/#organization","name":"Smedemokrati.sk","url":"https:\/\/www.smedemokrati.sk\/","logo":{"@type":"ImageObject","inLanguage":"cs-CZ","@id":"https:\/\/www.smedemokrati.sk\/#\/schema\/logo\/image\/","url":"https:\/\/www.smedemokrati.sk\/wp-content\/uploads\/2023\/04\/ff.002.jpeg","contentUrl":"https:\/\/www.smedemokrati.sk\/wp-content\/uploads\/2023\/04\/ff.002.jpeg","width":640,"height":480,"caption":"Smedemokrati.sk"},"image":{"@id":"https:\/\/www.smedemokrati.sk\/#\/schema\/logo\/image\/"},"sameAs":["https:\/\/www.facebook.com\/smedemokrati2023"]},{"@type":"Person","@id":"https:\/\/www.smedemokrati.sk\/#\/schema\/person\/21f147c88d605aa7ded900e1e7c344ba","name":"miro.sopko","image":{"@type":"ImageObject","inLanguage":"cs-CZ","@id":"https:\/\/secure.gravatar.com\/avatar\/267e4a36f704376c109afe3a78740c1f5dd8675a2180a908699e7863c9247606?s=96&d=mm&r=g","url":"https:\/\/secure.gravatar.com\/avatar\/267e4a36f704376c109afe3a78740c1f5dd8675a2180a908699e7863c9247606?s=96&d=mm&r=g","contentUrl":"https:\/\/secure.gravatar.com\/avatar\/267e4a36f704376c109afe3a78740c1f5dd8675a2180a908699e7863c9247606?s=96&d=mm&r=g","caption":"miro.sopko"},"url":"https:\/\/www.smedemokrati.sk\/cs\/author\/miro-sopko\/"}]}},"_links":{"self":[{"href":"https:\/\/www.smedemokrati.sk\/cs\/wp-json\/wp\/v2\/posts\/6120","targetHints":{"allow":["GET"]}}],"collection":[{"href":"https:\/\/www.smedemokrati.sk\/cs\/wp-json\/wp\/v2\/posts"}],"about":[{"href":"https:\/\/www.smedemokrati.sk\/cs\/wp-json\/wp\/v2\/types\/post"}],"author":[{"embeddable":true,"href":"https:\/\/www.smedemokrati.sk\/cs\/wp-json\/wp\/v2\/users\/13"}],"replies":[{"embeddable":true,"href":"https:\/\/www.smedemokrati.sk\/cs\/wp-json\/wp\/v2\/comments?post=6120"}],"version-history":[{"count":1,"href":"https:\/\/www.smedemokrati.sk\/cs\/wp-json\/wp\/v2\/posts\/6120\/revisions"}],"predecessor-version":[{"id":6121,"href":"https:\/\/www.smedemokrati.sk\/cs\/wp-json\/wp\/v2\/posts\/6120\/revisions\/6121"}],"wp:featuredmedia":[{"embeddable":true,"href":"https:\/\/www.smedemokrati.sk\/cs\/wp-json\/wp\/v2\/media\/2494"}],"wp:attachment":[{"href":"https:\/\/www.smedemokrati.sk\/cs\/wp-json\/wp\/v2\/media?parent=6120"}],"wp:term":[{"taxonomy":"category","embeddable":true,"href":"https:\/\/www.smedemokrati.sk\/cs\/wp-json\/wp\/v2\/categories?post=6120"},{"taxonomy":"post_tag","embeddable":true,"href":"https:\/\/www.smedemokrati.sk\/cs\/wp-json\/wp\/v2\/tags?post=6120"}],"curies":[{"name":"wp","href":"https:\/\/api.w.org\/{rel}","templated":true}]}}