{"id":6050,"date":"2025-01-03T16:59:15","date_gmt":"2025-01-03T15:59:15","guid":{"rendered":"https:\/\/www.smedemokrati.sk\/?p=6050"},"modified":"2025-01-03T16:59:16","modified_gmt":"2025-01-03T15:59:16","slug":"tender-na-tazbu-dreva-je-diskriminacny-vyzyvame-takaca-aby-ho-zrusil","status":"publish","type":"post","link":"https:\/\/www.smedemokrati.sk\/cs\/tender-na-tazbu-dreva-je-diskriminacny-vyzyvame-takaca-aby-ho-zrusil\/","title":{"rendered":"Tender na \u0165a\u017ebu dreva je diskrimina\u010dn\u00fd, vyz\u00fdvame Tak\u00e1\u010da, aby ho zru\u0161il"},"content":{"rendered":"<div id=\"fb-root\"><\/div>\n\n<p><strong>Megatender za skoro sto mili\u00f3nov eur na \u0165a\u017ebu dreva je diskrimina\u010dn\u00fd. Jednou z hlavn\u00fdch podmienok je, \u017ee prihl\u00e1si\u0165 sa m\u00f4\u017ee len tie firmy, ktor\u00e9 v predch\u00e1dzaj\u00facich troch rokoch vy\u0165a\u017eili najmenej 1,6 kub\u00edkov dreva. To vie splni\u0165 v\u0161ak len minimum firiem, \u010d\u00edm rezort p\u00f4dohospod\u00e1rstva eliminuje drviv\u00fa v\u00e4\u010d\u0161inu region\u00e1lnych subjektov.<\/strong><\/p>\n\n\n\n<p><em>\u201e\u0160t\u00e1tny podnik Lesy Slovenskej republiky v gescii ministra p\u00f4dohospod\u00e1rstva Tak\u00e1\u010da vyp\u00edsal kr\u00e1tko pred Vianocami, samozrejme, aby s\u0165a\u017eil pod\u00e1vanie n\u00e1mietok, megatender za skoro 100 mil. eur op\u00e4\u0165 na \u0165a\u017ebu dreva. Ide o 3,2 mil. kub\u00edkov kalamity. Z\u00fa\u010dastni\u0165 sa v\u0161ak m\u00f4\u017eu iba spolo\u010dnosti, ktor\u00e9 v predch\u00e1dzaj\u00facich troch rokoch vy\u0165a\u017eili aspo\u0148 1,6 mil. kub\u00edkov dreva. To je pre drviv\u00fa v\u00e4\u010d\u0161inu subjektov na trhu ale nesplnite\u013en\u00e9. Pova\u017eujeme to za diskrimina\u010dn\u00fa podmienku, ktor\u00e1 m\u00f4\u017ee cel\u00fa z\u00e1kazku predra\u017ei\u0165. Miestne firmy, ktor\u00e9 by vedeli spravi\u0165 rovnak\u00fa slu\u017ebu mo\u017eno lacnej\u0161ie, sa do tendra skr\u00e1tka nedostan\u00fa,\u201d<\/em>\u00a0vysvet\u013euje Michal Ki\u010da a dod\u00e1va, \u017ee vo veci u\u017e podal podnet na \u00darad pre verejn\u00e9 obstar\u00e1vanie.<\/p>\n\n\n\n<p><em>\u201eUkazuje sa prav\u00e1 tv\u00e1r predstavite\u013eov SNS a SMER-u. Za slovami o rozvoji vidieka, boji proti lyko\u017er\u00fatovi a d\u00e9monizovan\u00edm ochran\u00e1rov s\u00fa skutky. Sporn\u00e9 mili\u00f3nov\u00e9 z\u00e1kazky na \u0165a\u017ebu dreva pre nezn\u00e1me firmy alebo st\u00e1mili\u00f3nov\u00e9 tendre u\u0161it\u00e9 na mieru konkr\u00e9tnym v\u00ed\u0165azom. Vyz\u00fdvam ministra Tak\u00e1\u010da aby sporn\u00fa s\u00fa\u0165a\u017e okam\u017eite minim\u00e1lne upravil, ak nie zru\u0161il,&#8220;<\/em>&nbsp;doplnil Michal Ki\u010da.&nbsp;<\/p>\n\n\n\n<p>Ak \u0161t\u00e1tne lesy tender dokon\u010dia, \u010doskoro uvid\u00edme, pre koho bola t\u00e1to z\u00e1kazka desa\u0165ro\u010dia u\u0161it\u00e1 na mieru. \u201e<em>Scen\u00e1r u\u017e pozn\u00e1me z minulosti a z rozpr\u00e1van\u00ed v\u00a0r\u00f4znych vide\u00e1ch. V lesoch bud\u00fa na subdod\u00e1vkach re\u00e1lne pracova\u0165 miestne firmy a rozdiel, o ktor\u00fd sa z\u00e1kazka m\u00f4\u017ee predra\u017ei\u0165, skon\u010d\u00ed vo va\u010dku t\u00fdch &#8222;spr\u00e1vnych&#8220; \u013eud\u00ed,&#8220;<\/em>\u00a0uzavrel Ki\u010da.\u00a0<\/p>\n","protected":false},"excerpt":{"rendered":"<p>Megatender za skoro sto mili\u00f3nov eur na \u0165a\u017ebu dreva je diskrimina\u010dn\u00fd. Jednou z hlavn\u00fdch podmienok je, \u017ee prihl\u00e1si\u0165 sa m\u00f4\u017ee len tie firmy, ktor\u00e9 v predch\u00e1dzaj\u00facich troch rokoch vy\u0165a\u017eili najmenej 1,6 kub\u00edkov dreva. To vie splni\u0165 v\u0161ak len minimum firiem, \u010d\u00edm rezort p\u00f4dohospod\u00e1rstva eliminuje drviv\u00fa v\u00e4\u010d\u0161inu region\u00e1lnych subjektov. \u201e\u0160t\u00e1tny podnik Lesy Slovenskej republiky v gescii [&hellip;]<\/p>\n","protected":false},"author":13,"featured_media":2486,"comment_status":"closed","ping_status":"closed","sticky":false,"template":"","format":"standard","meta":{"_acf_changed":false,"ngg_post_thumbnail":0,"footnotes":""},"categories":[4],"tags":[],"class_list":["post-6050","post","type-post","status-publish","format-standard","has-post-thumbnail","hentry","category-tlacove-spravy"],"acf":[],"yoast_head":"<!-- This site is optimized with the Yoast SEO plugin v27.2 - https:\/\/yoast.com\/product\/yoast-seo-wordpress\/ -->\n<title>Tender na \u0165a\u017ebu dreva je diskrimina\u010dn\u00fd, vyz\u00fdvame Tak\u00e1\u010da, aby ho zru\u0161il<\/title>\n<meta name=\"robots\" content=\"index, follow, max-snippet:-1, max-image-preview:large, max-video-preview:-1\" \/>\n<link rel=\"canonical\" href=\"https:\/\/www.smedemokrati.sk\/cs\/tender-na-tazbu-dreva-je-diskriminacny-vyzyvame-takaca-aby-ho-zrusil\/\" \/>\n<meta property=\"og:locale\" content=\"cs_CZ\" \/>\n<meta property=\"og:locale:alternate\" content=\"en_US\" \/>\n<meta property=\"og:locale:alternate\" content=\"hu_HU\" \/>\n<meta property=\"og:locale:alternate\" content=\"sk_SK\" \/>\n<meta property=\"og:locale:alternate\" content=\"sv_SE\" \/>\n<meta property=\"og:type\" content=\"article\" \/>\n<meta property=\"og:title\" content=\"Tender na \u0165a\u017ebu dreva je diskrimina\u010dn\u00fd, vyz\u00fdvame Tak\u00e1\u010da, aby ho zru\u0161il\" \/>\n<meta property=\"og:description\" content=\"Megatender za skoro sto mili\u00f3nov eur na \u0165a\u017ebu dreva je diskrimina\u010dn\u00fd. Jednou z hlavn\u00fdch podmienok je, \u017ee prihl\u00e1si\u0165 sa m\u00f4\u017ee len tie firmy, ktor\u00e9 v predch\u00e1dzaj\u00facich troch rokoch vy\u0165a\u017eili najmenej 1,6 kub\u00edkov dreva. To vie splni\u0165 v\u0161ak len minimum firiem, \u010d\u00edm rezort p\u00f4dohospod\u00e1rstva eliminuje drviv\u00fa v\u00e4\u010d\u0161inu region\u00e1lnych subjektov. \u201e\u0160t\u00e1tny podnik Lesy Slovenskej republiky v gescii [&hellip;]\" \/>\n<meta property=\"og:url\" content=\"https:\/\/www.smedemokrati.sk\/cs\/tender-na-tazbu-dreva-je-diskriminacny-vyzyvame-takaca-aby-ho-zrusil\/\" \/>\n<meta property=\"og:site_name\" content=\"Smedemokrati.sk\" \/>\n<meta property=\"article:publisher\" content=\"https:\/\/www.facebook.com\/smedemokrati2023\" \/>\n<meta property=\"article:published_time\" content=\"2025-01-03T15:59:15+00:00\" \/>\n<meta property=\"article:modified_time\" content=\"2025-01-03T15:59:16+00:00\" \/>\n<meta property=\"og:image\" content=\"https:\/\/www.smedemokrati.sk\/wp-content\/uploads\/2024\/01\/Kica.jpg\" \/>\n\t<meta property=\"og:image:width\" content=\"1901\" \/>\n\t<meta property=\"og:image:height\" content=\"1066\" \/>\n\t<meta property=\"og:image:type\" content=\"image\/jpeg\" \/>\n<meta name=\"author\" content=\"miro.sopko\" \/>\n<meta name=\"twitter:card\" content=\"summary_large_image\" \/>\n<meta name=\"twitter:label1\" content=\"Napsal(a)\" \/>\n\t<meta name=\"twitter:data1\" content=\"miro.sopko\" \/>\n\t<meta name=\"twitter:label2\" content=\"Odhadovan\u00e1 doba \u010dten\u00ed\" \/>\n\t<meta name=\"twitter:data2\" content=\"2 minuty\" \/>\n<script type=\"application\/ld+json\" class=\"yoast-schema-graph\">{\"@context\":\"https:\/\/schema.org\",\"@graph\":[{\"@type\":\"Article\",\"@id\":\"https:\/\/www.smedemokrati.sk\/tender-na-tazbu-dreva-je-diskriminacny-vyzyvame-takaca-aby-ho-zrusil\/#article\",\"isPartOf\":{\"@id\":\"https:\/\/www.smedemokrati.sk\/tender-na-tazbu-dreva-je-diskriminacny-vyzyvame-takaca-aby-ho-zrusil\/\"},\"author\":{\"name\":\"miro.sopko\",\"@id\":\"https:\/\/www.smedemokrati.sk\/#\/schema\/person\/21f147c88d605aa7ded900e1e7c344ba\"},\"headline\":\"Tender na \u0165a\u017ebu dreva je diskrimina\u010dn\u00fd, vyz\u00fdvame Tak\u00e1\u010da, aby ho zru\u0161il\",\"datePublished\":\"2025-01-03T15:59:15+00:00\",\"dateModified\":\"2025-01-03T15:59:16+00:00\",\"mainEntityOfPage\":{\"@id\":\"https:\/\/www.smedemokrati.sk\/tender-na-tazbu-dreva-je-diskriminacny-vyzyvame-takaca-aby-ho-zrusil\/\"},\"wordCount\":369,\"publisher\":{\"@id\":\"https:\/\/www.smedemokrati.sk\/#organization\"},\"image\":{\"@id\":\"https:\/\/www.smedemokrati.sk\/tender-na-tazbu-dreva-je-diskriminacny-vyzyvame-takaca-aby-ho-zrusil\/#primaryimage\"},\"thumbnailUrl\":\"https:\/\/www.smedemokrati.sk\/wp-content\/uploads\/2024\/01\/Kica.jpg\",\"articleSection\":[\"Tla\u010dov\u00e9 spr\u00e1vy\"],\"inLanguage\":\"cs-CZ\"},{\"@type\":\"WebPage\",\"@id\":\"https:\/\/www.smedemokrati.sk\/tender-na-tazbu-dreva-je-diskriminacny-vyzyvame-takaca-aby-ho-zrusil\/\",\"url\":\"https:\/\/www.smedemokrati.sk\/tender-na-tazbu-dreva-je-diskriminacny-vyzyvame-takaca-aby-ho-zrusil\/\",\"name\":\"Tender na \u0165a\u017ebu dreva je diskrimina\u010dn\u00fd, vyz\u00fdvame Tak\u00e1\u010da, aby ho zru\u0161il\",\"isPartOf\":{\"@id\":\"https:\/\/www.smedemokrati.sk\/#website\"},\"primaryImageOfPage\":{\"@id\":\"https:\/\/www.smedemokrati.sk\/tender-na-tazbu-dreva-je-diskriminacny-vyzyvame-takaca-aby-ho-zrusil\/#primaryimage\"},\"image\":{\"@id\":\"https:\/\/www.smedemokrati.sk\/tender-na-tazbu-dreva-je-diskriminacny-vyzyvame-takaca-aby-ho-zrusil\/#primaryimage\"},\"thumbnailUrl\":\"https:\/\/www.smedemokrati.sk\/wp-content\/uploads\/2024\/01\/Kica.jpg\",\"datePublished\":\"2025-01-03T15:59:15+00:00\",\"dateModified\":\"2025-01-03T15:59:16+00:00\",\"breadcrumb\":{\"@id\":\"https:\/\/www.smedemokrati.sk\/tender-na-tazbu-dreva-je-diskriminacny-vyzyvame-takaca-aby-ho-zrusil\/#breadcrumb\"},\"inLanguage\":\"cs-CZ\",\"potentialAction\":[{\"@type\":\"ReadAction\",\"target\":[\"https:\/\/www.smedemokrati.sk\/tender-na-tazbu-dreva-je-diskriminacny-vyzyvame-takaca-aby-ho-zrusil\/\"]}]},{\"@type\":\"ImageObject\",\"inLanguage\":\"cs-CZ\",\"@id\":\"https:\/\/www.smedemokrati.sk\/tender-na-tazbu-dreva-je-diskriminacny-vyzyvame-takaca-aby-ho-zrusil\/#primaryimage\",\"url\":\"https:\/\/www.smedemokrati.sk\/wp-content\/uploads\/2024\/01\/Kica.jpg\",\"contentUrl\":\"https:\/\/www.smedemokrati.sk\/wp-content\/uploads\/2024\/01\/Kica.jpg\",\"width\":1901,\"height\":1066},{\"@type\":\"BreadcrumbList\",\"@id\":\"https:\/\/www.smedemokrati.sk\/tender-na-tazbu-dreva-je-diskriminacny-vyzyvame-takaca-aby-ho-zrusil\/#breadcrumb\",\"itemListElement\":[{\"@type\":\"ListItem\",\"position\":1,\"name\":\"Domovsk\u00e1 str\u00e1nka\",\"item\":\"https:\/\/www.smedemokrati.sk\/\"},{\"@type\":\"ListItem\",\"position\":2,\"name\":\"Tender na \u0165a\u017ebu dreva je diskrimina\u010dn\u00fd, vyz\u00fdvame Tak\u00e1\u010da, aby ho zru\u0161il\"}]},{\"@type\":\"WebSite\",\"@id\":\"https:\/\/www.smedemokrati.sk\/#website\",\"url\":\"https:\/\/www.smedemokrati.sk\/\",\"name\":\"Smedemokrati.sk\",\"description\":\"Demokracia a slu\u0161nos\u0165 zv\u00ed\u0165az\u00ed\",\"publisher\":{\"@id\":\"https:\/\/www.smedemokrati.sk\/#organization\"},\"potentialAction\":[{\"@type\":\"SearchAction\",\"target\":{\"@type\":\"EntryPoint\",\"urlTemplate\":\"https:\/\/www.smedemokrati.sk\/?s={search_term_string}\"},\"query-input\":{\"@type\":\"PropertyValueSpecification\",\"valueRequired\":true,\"valueName\":\"search_term_string\"}}],\"inLanguage\":\"cs-CZ\"},{\"@type\":\"Organization\",\"@id\":\"https:\/\/www.smedemokrati.sk\/#organization\",\"name\":\"Smedemokrati.sk\",\"url\":\"https:\/\/www.smedemokrati.sk\/\",\"logo\":{\"@type\":\"ImageObject\",\"inLanguage\":\"cs-CZ\",\"@id\":\"https:\/\/www.smedemokrati.sk\/#\/schema\/logo\/image\/\",\"url\":\"https:\/\/www.smedemokrati.sk\/wp-content\/uploads\/2023\/04\/ff.002.jpeg\",\"contentUrl\":\"https:\/\/www.smedemokrati.sk\/wp-content\/uploads\/2023\/04\/ff.002.jpeg\",\"width\":640,\"height\":480,\"caption\":\"Smedemokrati.sk\"},\"image\":{\"@id\":\"https:\/\/www.smedemokrati.sk\/#\/schema\/logo\/image\/\"},\"sameAs\":[\"https:\/\/www.facebook.com\/smedemokrati2023\"]},{\"@type\":\"Person\",\"@id\":\"https:\/\/www.smedemokrati.sk\/#\/schema\/person\/21f147c88d605aa7ded900e1e7c344ba\",\"name\":\"miro.sopko\",\"image\":{\"@type\":\"ImageObject\",\"inLanguage\":\"cs-CZ\",\"@id\":\"https:\/\/secure.gravatar.com\/avatar\/267e4a36f704376c109afe3a78740c1f5dd8675a2180a908699e7863c9247606?s=96&d=mm&r=g\",\"url\":\"https:\/\/secure.gravatar.com\/avatar\/267e4a36f704376c109afe3a78740c1f5dd8675a2180a908699e7863c9247606?s=96&d=mm&r=g\",\"contentUrl\":\"https:\/\/secure.gravatar.com\/avatar\/267e4a36f704376c109afe3a78740c1f5dd8675a2180a908699e7863c9247606?s=96&d=mm&r=g\",\"caption\":\"miro.sopko\"},\"url\":\"https:\/\/www.smedemokrati.sk\/cs\/author\/miro-sopko\/\"}]}<\/script>\n<!-- \/ Yoast SEO plugin. -->","yoast_head_json":{"title":"Tender na \u0165a\u017ebu dreva je diskrimina\u010dn\u00fd, vyz\u00fdvame Tak\u00e1\u010da, aby ho zru\u0161il","robots":{"index":"index","follow":"follow","max-snippet":"max-snippet:-1","max-image-preview":"max-image-preview:large","max-video-preview":"max-video-preview:-1"},"canonical":"https:\/\/www.smedemokrati.sk\/cs\/tender-na-tazbu-dreva-je-diskriminacny-vyzyvame-takaca-aby-ho-zrusil\/","og_locale":"cs_CZ","og_type":"article","og_title":"[:sk]Tender na \u0165a\u017ebu dreva je diskrimina\u010dn\u00fd, vyz\u00fdvame Tak\u00e1\u010da, aby ho zru\u0161il[:] - Smedemokrati.sk","og_description":"Megatender za skoro sto mili\u00f3nov eur na \u0165a\u017ebu dreva je diskrimina\u010dn\u00fd. Jednou z hlavn\u00fdch podmienok je, \u017ee prihl\u00e1si\u0165 sa m\u00f4\u017ee len tie firmy, ktor\u00e9 v predch\u00e1dzaj\u00facich troch rokoch vy\u0165a\u017eili najmenej 1,6 kub\u00edkov dreva. To vie splni\u0165 v\u0161ak len minimum firiem, \u010d\u00edm rezort p\u00f4dohospod\u00e1rstva eliminuje drviv\u00fa v\u00e4\u010d\u0161inu region\u00e1lnych subjektov. \u201e\u0160t\u00e1tny podnik Lesy Slovenskej republiky v gescii [&hellip;]","og_url":"https:\/\/www.smedemokrati.sk\/cs\/tender-na-tazbu-dreva-je-diskriminacny-vyzyvame-takaca-aby-ho-zrusil\/","og_site_name":"Smedemokrati.sk","article_publisher":"https:\/\/www.facebook.com\/smedemokrati2023","article_published_time":"2025-01-03T15:59:15+00:00","article_modified_time":"2025-01-03T15:59:16+00:00","og_image":[{"width":1901,"height":1066,"url":"https:\/\/www.smedemokrati.sk\/wp-content\/uploads\/2024\/01\/Kica.jpg","type":"image\/jpeg"}],"author":"miro.sopko","twitter_card":"summary_large_image","twitter_misc":{"Napsal(a)":"miro.sopko","Odhadovan\u00e1 doba \u010dten\u00ed":"2 minuty"},"schema":{"@context":"https:\/\/schema.org","@graph":[{"@type":"Article","@id":"https:\/\/www.smedemokrati.sk\/tender-na-tazbu-dreva-je-diskriminacny-vyzyvame-takaca-aby-ho-zrusil\/#article","isPartOf":{"@id":"https:\/\/www.smedemokrati.sk\/tender-na-tazbu-dreva-je-diskriminacny-vyzyvame-takaca-aby-ho-zrusil\/"},"author":{"name":"miro.sopko","@id":"https:\/\/www.smedemokrati.sk\/#\/schema\/person\/21f147c88d605aa7ded900e1e7c344ba"},"headline":"Tender na \u0165a\u017ebu dreva je diskrimina\u010dn\u00fd, vyz\u00fdvame Tak\u00e1\u010da, aby ho zru\u0161il","datePublished":"2025-01-03T15:59:15+00:00","dateModified":"2025-01-03T15:59:16+00:00","mainEntityOfPage":{"@id":"https:\/\/www.smedemokrati.sk\/tender-na-tazbu-dreva-je-diskriminacny-vyzyvame-takaca-aby-ho-zrusil\/"},"wordCount":369,"publisher":{"@id":"https:\/\/www.smedemokrati.sk\/#organization"},"image":{"@id":"https:\/\/www.smedemokrati.sk\/tender-na-tazbu-dreva-je-diskriminacny-vyzyvame-takaca-aby-ho-zrusil\/#primaryimage"},"thumbnailUrl":"https:\/\/www.smedemokrati.sk\/wp-content\/uploads\/2024\/01\/Kica.jpg","articleSection":["Tla\u010dov\u00e9 spr\u00e1vy"],"inLanguage":"cs-CZ"},{"@type":"WebPage","@id":"https:\/\/www.smedemokrati.sk\/tender-na-tazbu-dreva-je-diskriminacny-vyzyvame-takaca-aby-ho-zrusil\/","url":"https:\/\/www.smedemokrati.sk\/tender-na-tazbu-dreva-je-diskriminacny-vyzyvame-takaca-aby-ho-zrusil\/","name":"Tender na \u0165a\u017ebu dreva je diskrimina\u010dn\u00fd, vyz\u00fdvame Tak\u00e1\u010da, aby ho zru\u0161il","isPartOf":{"@id":"https:\/\/www.smedemokrati.sk\/#website"},"primaryImageOfPage":{"@id":"https:\/\/www.smedemokrati.sk\/tender-na-tazbu-dreva-je-diskriminacny-vyzyvame-takaca-aby-ho-zrusil\/#primaryimage"},"image":{"@id":"https:\/\/www.smedemokrati.sk\/tender-na-tazbu-dreva-je-diskriminacny-vyzyvame-takaca-aby-ho-zrusil\/#primaryimage"},"thumbnailUrl":"https:\/\/www.smedemokrati.sk\/wp-content\/uploads\/2024\/01\/Kica.jpg","datePublished":"2025-01-03T15:59:15+00:00","dateModified":"2025-01-03T15:59:16+00:00","breadcrumb":{"@id":"https:\/\/www.smedemokrati.sk\/tender-na-tazbu-dreva-je-diskriminacny-vyzyvame-takaca-aby-ho-zrusil\/#breadcrumb"},"inLanguage":"cs-CZ","potentialAction":[{"@type":"ReadAction","target":["https:\/\/www.smedemokrati.sk\/tender-na-tazbu-dreva-je-diskriminacny-vyzyvame-takaca-aby-ho-zrusil\/"]}]},{"@type":"ImageObject","inLanguage":"cs-CZ","@id":"https:\/\/www.smedemokrati.sk\/tender-na-tazbu-dreva-je-diskriminacny-vyzyvame-takaca-aby-ho-zrusil\/#primaryimage","url":"https:\/\/www.smedemokrati.sk\/wp-content\/uploads\/2024\/01\/Kica.jpg","contentUrl":"https:\/\/www.smedemokrati.sk\/wp-content\/uploads\/2024\/01\/Kica.jpg","width":1901,"height":1066},{"@type":"BreadcrumbList","@id":"https:\/\/www.smedemokrati.sk\/tender-na-tazbu-dreva-je-diskriminacny-vyzyvame-takaca-aby-ho-zrusil\/#breadcrumb","itemListElement":[{"@type":"ListItem","position":1,"name":"Domovsk\u00e1 str\u00e1nka","item":"https:\/\/www.smedemokrati.sk\/"},{"@type":"ListItem","position":2,"name":"Tender na \u0165a\u017ebu dreva je diskrimina\u010dn\u00fd, vyz\u00fdvame Tak\u00e1\u010da, aby ho zru\u0161il"}]},{"@type":"WebSite","@id":"https:\/\/www.smedemokrati.sk\/#website","url":"https:\/\/www.smedemokrati.sk\/","name":"Smedemokrati.sk","description":"Demokracia a slu\u0161nos\u0165 zv\u00ed\u0165az\u00ed","publisher":{"@id":"https:\/\/www.smedemokrati.sk\/#organization"},"potentialAction":[{"@type":"SearchAction","target":{"@type":"EntryPoint","urlTemplate":"https:\/\/www.smedemokrati.sk\/?s={search_term_string}"},"query-input":{"@type":"PropertyValueSpecification","valueRequired":true,"valueName":"search_term_string"}}],"inLanguage":"cs-CZ"},{"@type":"Organization","@id":"https:\/\/www.smedemokrati.sk\/#organization","name":"Smedemokrati.sk","url":"https:\/\/www.smedemokrati.sk\/","logo":{"@type":"ImageObject","inLanguage":"cs-CZ","@id":"https:\/\/www.smedemokrati.sk\/#\/schema\/logo\/image\/","url":"https:\/\/www.smedemokrati.sk\/wp-content\/uploads\/2023\/04\/ff.002.jpeg","contentUrl":"https:\/\/www.smedemokrati.sk\/wp-content\/uploads\/2023\/04\/ff.002.jpeg","width":640,"height":480,"caption":"Smedemokrati.sk"},"image":{"@id":"https:\/\/www.smedemokrati.sk\/#\/schema\/logo\/image\/"},"sameAs":["https:\/\/www.facebook.com\/smedemokrati2023"]},{"@type":"Person","@id":"https:\/\/www.smedemokrati.sk\/#\/schema\/person\/21f147c88d605aa7ded900e1e7c344ba","name":"miro.sopko","image":{"@type":"ImageObject","inLanguage":"cs-CZ","@id":"https:\/\/secure.gravatar.com\/avatar\/267e4a36f704376c109afe3a78740c1f5dd8675a2180a908699e7863c9247606?s=96&d=mm&r=g","url":"https:\/\/secure.gravatar.com\/avatar\/267e4a36f704376c109afe3a78740c1f5dd8675a2180a908699e7863c9247606?s=96&d=mm&r=g","contentUrl":"https:\/\/secure.gravatar.com\/avatar\/267e4a36f704376c109afe3a78740c1f5dd8675a2180a908699e7863c9247606?s=96&d=mm&r=g","caption":"miro.sopko"},"url":"https:\/\/www.smedemokrati.sk\/cs\/author\/miro-sopko\/"}]}},"_links":{"self":[{"href":"https:\/\/www.smedemokrati.sk\/cs\/wp-json\/wp\/v2\/posts\/6050","targetHints":{"allow":["GET"]}}],"collection":[{"href":"https:\/\/www.smedemokrati.sk\/cs\/wp-json\/wp\/v2\/posts"}],"about":[{"href":"https:\/\/www.smedemokrati.sk\/cs\/wp-json\/wp\/v2\/types\/post"}],"author":[{"embeddable":true,"href":"https:\/\/www.smedemokrati.sk\/cs\/wp-json\/wp\/v2\/users\/13"}],"replies":[{"embeddable":true,"href":"https:\/\/www.smedemokrati.sk\/cs\/wp-json\/wp\/v2\/comments?post=6050"}],"version-history":[{"count":1,"href":"https:\/\/www.smedemokrati.sk\/cs\/wp-json\/wp\/v2\/posts\/6050\/revisions"}],"predecessor-version":[{"id":6051,"href":"https:\/\/www.smedemokrati.sk\/cs\/wp-json\/wp\/v2\/posts\/6050\/revisions\/6051"}],"wp:featuredmedia":[{"embeddable":true,"href":"https:\/\/www.smedemokrati.sk\/cs\/wp-json\/wp\/v2\/media\/2486"}],"wp:attachment":[{"href":"https:\/\/www.smedemokrati.sk\/cs\/wp-json\/wp\/v2\/media?parent=6050"}],"wp:term":[{"taxonomy":"category","embeddable":true,"href":"https:\/\/www.smedemokrati.sk\/cs\/wp-json\/wp\/v2\/categories?post=6050"},{"taxonomy":"post_tag","embeddable":true,"href":"https:\/\/www.smedemokrati.sk\/cs\/wp-json\/wp\/v2\/tags?post=6050"}],"curies":[{"name":"wp","href":"https:\/\/api.w.org\/{rel}","templated":true}]}}