{"id":6006,"date":"2024-12-16T20:23:00","date_gmt":"2024-12-16T19:23:00","guid":{"rendered":"https:\/\/www.smedemokrati.sk\/?p=6006"},"modified":"2025-01-03T17:11:14","modified_gmt":"2025-01-03T16:11:14","slug":"ziadna-slava-k-ziadosti-o-platbu-z-planu-obnovy-sa-nekona-taraba-milniky-nesplnil","status":"publish","type":"post","link":"https:\/\/www.smedemokrati.sk\/cs\/ziadna-slava-k-ziadosti-o-platbu-z-planu-obnovy-sa-nekona-taraba-milniky-nesplnil\/","title":{"rendered":"\u017diadna sl\u00e1va k \u017eiadosti o platbu z pl\u00e1nu obnovy sa nekon\u00e1, Taraba m\u00ed\u013eniky nesplnil"},"content":{"rendered":"<div id=\"fb-root\"><\/div>\n\n<p><strong>Vicepremi\u00e9r pre pl\u00e1n obnovy Peter Kmec sa n\u00e1s dnes sna\u017eil opi\u0165 ro\u017ekom, ako \u00faspe\u0161ne posielaj\u00fa piatu \u017eiados\u0165 o platbu z pl\u00e1nu obnovy. Opak je v\u0161ak pravdou. Vl\u00e1da absol\u00fatne rezignovala na m\u00ed\u013eniky rezortu \u017eivotn\u00e9ho prostredia, kde sa jasne ukazuje Tarabova mana\u017e\u00e9rska neschopnos\u0165. Jej d\u00f4sledkom je kr\u00e1tenie piatej \u017eiadosti o platbu v sume skoro 90 mil. eur, za ktor\u00e9 zodpoved\u00e1 najm\u00e4 rezort \u017eivotn\u00e9ho prostredia. Okrem kr\u00e1tenia Slovensku hrozia za nezrealizovan\u00e9 invest\u00edcie a reformy aj finan\u010dn\u00e9 sankcie za skoro 172 mil. eur.&nbsp;<\/strong><\/p>\n\n\n\n<p>Tom\u00e1\u0161 Taraba n\u00e1s v lete uis\u0165oval, \u017ee \u017eiadne euro z pl\u00e1nu obnovy neprepadne. Dnes vieme, \u017ee i\u0161lo o plan\u00e9 re\u010di. \u201e<em>Piata \u017eiados\u0165 o platbu toti\u017e neobsahuje splnenie invest\u00edcie v\u00fdkupov pozemkov v n\u00e1rodn\u00fdch parkoch za 68 mil. eur a ani jej adekv\u00e1tnu n\u00e1hradu. Minister Taraba sa pred rokom rozhodol svojvo\u013ene t\u00fato invest\u00edciu zru\u0161i\u0165. Tvrdenie, \u017ee m\u00e1 \u00eds\u0165 o \u201erealitn\u00fd biznis mimovl\u00e1dok\u201d, pritom vyvr\u00e1tilo samotn\u00e9 ministerstvo. Taraba nie je viac ako rok schopn\u00fd predstavi\u0165 a vyrokova\u0165 s Eur\u00f3pskou komisiou ani \u017eiadnu n\u00e1hradu. Jeho re\u010di o zales\u0148ovan\u00ed k rozvoju biodiverzity nepom\u00f4\u017eu, pritom toto m\u00e1 by\u0165 \u00fa\u010del invest\u00edcie. Nepo\u017eiadanie o zaplatenie 68 mil. eur je tak jeho osobnou zodpovednos\u0165ou. V pr\u00edpade \u00fapln\u00e9ho nesplnenia invest\u00edcie navy\u0161e hroz\u00ed aj sankcia v podobe \u010fal\u0161ieho kr\u00e1tenia pl\u00e1nu obnovy do 28 mil. eur,<\/em>\u201d upozor\u0148uje Michal Ki\u010da, enviroexpert strany Demokrati.&nbsp;&nbsp;<\/p>\n\n\n\n<p>S\u00fa\u010dasnej vl\u00e1de trvalo takmer rok zaslanie \u0161tvrtej \u017eiadosti o platbu a Slovensko sa ocitlo skoro na chvoste v plnen\u00ed pl\u00e1nu obnovy. Ani do piatej \u017eiadosti o platbu sa nestihli reflektova\u0165 ome\u0161kan\u00e9 Tarabove dom\u00e1ce \u00falohy. Jedin\u00e9, na \u010do sa vl\u00e1da zmohla, je e\u0161te len avizova\u0165 rev\u00edziu pl\u00e1nu obnovy. Z premiantov sme sa stali t\u00ed, ktor\u00ed s\u00fa odk\u00e1zan\u00ed na milos\u0165 a ochotu Eur\u00f3pskej komisie robi\u0165 kompromisy.<\/p>\n\n\n\n<p>\u201e<em>Pochybnosti vyvol\u00e1va aj splnenie reformy krajinn\u00e9ho pl\u00e1novania. T\u00fa sa sna\u017e\u00ed Taraba odbi\u0165 nieko\u013eko riadkov\u00fdm poslaneck\u00fdm pozme\u0148ov\u00e1kom, ktor\u00fd ale ciele pl\u00e1nu obnovy nesp\u013a\u0148a. V hre je tak sankcia v podobe \u010fal\u0161ieho kr\u00e1tenia pl\u00e1nu obnovy, v tomto pr\u00edpade mo\u017eno a\u017e do 144 mil. eur. Taraba naviac doteraz nepredstavil ani \u017eiadnu n\u00e1hradu na nezrealizovan\u00fa invest\u00edciu na dekarboniz\u00e1ciu priemyslu v ko\u0161ick\u00fdch oceliar\u0148ach za skoro 400 mil. eur, ktor\u00fa by vyrokoval s Eur\u00f3pskou komisiou. Pritom, \u010das na vy\u010derpanie pl\u00e1nu obnovy sa nezadr\u017eate\u013ene kr\u00e1ti<\/em>,\u201d upozor\u0148uje Michal Ki\u010da.<\/p>\n\n\n\n<p>Rev\u00edzia pl\u00e1nu obnovy je neist\u00e1 a netrv\u00e1 kr\u00e1tko. Vl\u00e1da s \u0148ou mala u\u017e d\u00e1vno za\u010da\u0165. Neschopnos\u0165 vyu\u017ei\u0165 desiatky mili\u00f3nov eur na rozvoj Slovenska je v \u010dase, kedy s\u00fa pre na\u0161u krajinu v\u0161etky finan\u010dn\u00e9 zdroje navy\u0161e z\u00e1chrann\u00fdm kolesom, absol\u00fatne nezodpovedn\u00e9. \u201e<em>Z premi\u00e9rskej t\u00e9my sa stal len chaotick\u00fd zlepenec, do ktor\u00e9ho nikto poriadne nevid\u00ed. Tom\u00e1\u0161 Taraba sa st\u00e1va synonymom pre neschopnos\u0165 a katastrofu v\u0161etk\u00e9ho, \u010doho sa chyt\u00ed. Jeho nev\u00f4la systematicky rie\u0161i\u0165 pl\u00e1n obnovy n\u00e1s m\u00f4\u017ee diskvalifikova\u0165 z n\u00e1roku na eur\u00f3pske finan\u010dn\u00e9 zdroje, ktor\u00e9 rozhodne nem\u00f4\u017eeme pova\u017eova\u0165 za zanedbate\u013en\u00e9 omrvinky,<\/em>\u201d uzatv\u00e1ra Michal Ki\u010da.&nbsp;<\/p>\n\n\n\n<figure class=\"wp-block-video\"><video height=\"1080\" style=\"aspect-ratio: 1920 \/ 1080;\" width=\"1920\" controls src=\"https:\/\/www.smedemokrati.sk\/wp-content\/uploads\/2024\/12\/Img-5155.mp4\"><\/video><\/figure>\n","protected":false},"excerpt":{"rendered":"<p>Vicepremi\u00e9r pre pl\u00e1n obnovy Peter Kmec sa n\u00e1s dnes sna\u017eil opi\u0165 ro\u017ekom, ako \u00faspe\u0161ne posielaj\u00fa piatu \u017eiados\u0165 o platbu z pl\u00e1nu obnovy. Opak je v\u0161ak pravdou. Vl\u00e1da absol\u00fatne rezignovala na m\u00ed\u013eniky rezortu \u017eivotn\u00e9ho prostredia, kde sa jasne ukazuje Tarabova mana\u017e\u00e9rska neschopnos\u0165. Jej d\u00f4sledkom je kr\u00e1tenie piatej \u017eiadosti o platbu v sume skoro 90 mil. eur, [&hellip;]<\/p>\n","protected":false},"author":13,"featured_media":4207,"comment_status":"closed","ping_status":"closed","sticky":false,"template":"","format":"standard","meta":{"_acf_changed":false,"ngg_post_thumbnail":0,"footnotes":""},"categories":[4],"tags":[],"class_list":["post-6006","post","type-post","status-publish","format-standard","has-post-thumbnail","hentry","category-tlacove-spravy"],"acf":[],"yoast_head":"<!-- This site is optimized with the Yoast SEO plugin v27.2 - https:\/\/yoast.com\/product\/yoast-seo-wordpress\/ -->\n<title>\u017diadna sl\u00e1va k \u017eiadosti o platbu z pl\u00e1nu obnovy sa nekon\u00e1, Taraba m\u00ed\u013eniky nesplnil<\/title>\n<meta name=\"robots\" content=\"index, follow, max-snippet:-1, max-image-preview:large, max-video-preview:-1\" \/>\n<link rel=\"canonical\" href=\"https:\/\/www.smedemokrati.sk\/cs\/ziadna-slava-k-ziadosti-o-platbu-z-planu-obnovy-sa-nekona-taraba-milniky-nesplnil\/\" \/>\n<meta property=\"og:locale\" content=\"cs_CZ\" \/>\n<meta property=\"og:locale:alternate\" content=\"en_US\" \/>\n<meta property=\"og:locale:alternate\" content=\"hu_HU\" \/>\n<meta property=\"og:locale:alternate\" content=\"sk_SK\" \/>\n<meta property=\"og:locale:alternate\" content=\"sv_SE\" \/>\n<meta property=\"og:type\" content=\"article\" \/>\n<meta property=\"og:title\" content=\"\u017diadna sl\u00e1va k \u017eiadosti o platbu z pl\u00e1nu obnovy sa nekon\u00e1, Taraba m\u00ed\u013eniky nesplnil\" \/>\n<meta property=\"og:description\" content=\"Vicepremi\u00e9r pre pl\u00e1n obnovy Peter Kmec sa n\u00e1s dnes sna\u017eil opi\u0165 ro\u017ekom, ako \u00faspe\u0161ne posielaj\u00fa piatu \u017eiados\u0165 o platbu z pl\u00e1nu obnovy. Opak je v\u0161ak pravdou. Vl\u00e1da absol\u00fatne rezignovala na m\u00ed\u013eniky rezortu \u017eivotn\u00e9ho prostredia, kde sa jasne ukazuje Tarabova mana\u017e\u00e9rska neschopnos\u0165. Jej d\u00f4sledkom je kr\u00e1tenie piatej \u017eiadosti o platbu v sume skoro 90 mil. eur, [&hellip;]\" \/>\n<meta property=\"og:url\" content=\"https:\/\/www.smedemokrati.sk\/cs\/ziadna-slava-k-ziadosti-o-platbu-z-planu-obnovy-sa-nekona-taraba-milniky-nesplnil\/\" \/>\n<meta property=\"og:site_name\" content=\"Smedemokrati.sk\" \/>\n<meta property=\"article:publisher\" content=\"https:\/\/www.facebook.com\/smedemokrati2023\" \/>\n<meta property=\"article:published_time\" content=\"2024-12-16T19:23:00+00:00\" \/>\n<meta property=\"article:modified_time\" content=\"2025-01-03T16:11:14+00:00\" \/>\n<meta property=\"og:image\" content=\"https:\/\/www.smedemokrati.sk\/wp-content\/uploads\/2024\/05\/taraba-amnestia-vyrub.jpg\" \/>\n\t<meta property=\"og:image:width\" content=\"1920\" \/>\n\t<meta property=\"og:image:height\" content=\"1271\" \/>\n\t<meta property=\"og:image:type\" content=\"image\/jpeg\" \/>\n<meta name=\"author\" content=\"miro.sopko\" \/>\n<meta name=\"twitter:card\" content=\"summary_large_image\" \/>\n<meta name=\"twitter:label1\" content=\"Napsal(a)\" \/>\n\t<meta name=\"twitter:data1\" content=\"miro.sopko\" \/>\n\t<meta name=\"twitter:label2\" content=\"Odhadovan\u00e1 doba \u010dten\u00ed\" \/>\n\t<meta name=\"twitter:data2\" content=\"3 minuty\" \/>\n<script type=\"application\/ld+json\" class=\"yoast-schema-graph\">{\"@context\":\"https:\/\/schema.org\",\"@graph\":[{\"@type\":\"Article\",\"@id\":\"https:\/\/www.smedemokrati.sk\/ziadna-slava-k-ziadosti-o-platbu-z-planu-obnovy-sa-nekona-taraba-milniky-nesplnil\/#article\",\"isPartOf\":{\"@id\":\"https:\/\/www.smedemokrati.sk\/ziadna-slava-k-ziadosti-o-platbu-z-planu-obnovy-sa-nekona-taraba-milniky-nesplnil\/\"},\"author\":{\"name\":\"miro.sopko\",\"@id\":\"https:\/\/www.smedemokrati.sk\/#\/schema\/person\/21f147c88d605aa7ded900e1e7c344ba\"},\"headline\":\"\u017diadna sl\u00e1va k \u017eiadosti o platbu z pl\u00e1nu obnovy sa nekon\u00e1, Taraba m\u00ed\u013eniky nesplnil\",\"datePublished\":\"2024-12-16T19:23:00+00:00\",\"dateModified\":\"2025-01-03T16:11:14+00:00\",\"mainEntityOfPage\":{\"@id\":\"https:\/\/www.smedemokrati.sk\/ziadna-slava-k-ziadosti-o-platbu-z-planu-obnovy-sa-nekona-taraba-milniky-nesplnil\/\"},\"wordCount\":587,\"publisher\":{\"@id\":\"https:\/\/www.smedemokrati.sk\/#organization\"},\"image\":{\"@id\":\"https:\/\/www.smedemokrati.sk\/ziadna-slava-k-ziadosti-o-platbu-z-planu-obnovy-sa-nekona-taraba-milniky-nesplnil\/#primaryimage\"},\"thumbnailUrl\":\"https:\/\/www.smedemokrati.sk\/wp-content\/uploads\/2024\/05\/taraba-amnestia-vyrub.jpg\",\"articleSection\":[\"Tla\u010dov\u00e9 spr\u00e1vy\"],\"inLanguage\":\"cs-CZ\"},{\"@type\":\"WebPage\",\"@id\":\"https:\/\/www.smedemokrati.sk\/ziadna-slava-k-ziadosti-o-platbu-z-planu-obnovy-sa-nekona-taraba-milniky-nesplnil\/\",\"url\":\"https:\/\/www.smedemokrati.sk\/ziadna-slava-k-ziadosti-o-platbu-z-planu-obnovy-sa-nekona-taraba-milniky-nesplnil\/\",\"name\":\"\u017diadna sl\u00e1va k \u017eiadosti o platbu z pl\u00e1nu obnovy sa nekon\u00e1, Taraba m\u00ed\u013eniky nesplnil\",\"isPartOf\":{\"@id\":\"https:\/\/www.smedemokrati.sk\/#website\"},\"primaryImageOfPage\":{\"@id\":\"https:\/\/www.smedemokrati.sk\/ziadna-slava-k-ziadosti-o-platbu-z-planu-obnovy-sa-nekona-taraba-milniky-nesplnil\/#primaryimage\"},\"image\":{\"@id\":\"https:\/\/www.smedemokrati.sk\/ziadna-slava-k-ziadosti-o-platbu-z-planu-obnovy-sa-nekona-taraba-milniky-nesplnil\/#primaryimage\"},\"thumbnailUrl\":\"https:\/\/www.smedemokrati.sk\/wp-content\/uploads\/2024\/05\/taraba-amnestia-vyrub.jpg\",\"datePublished\":\"2024-12-16T19:23:00+00:00\",\"dateModified\":\"2025-01-03T16:11:14+00:00\",\"breadcrumb\":{\"@id\":\"https:\/\/www.smedemokrati.sk\/ziadna-slava-k-ziadosti-o-platbu-z-planu-obnovy-sa-nekona-taraba-milniky-nesplnil\/#breadcrumb\"},\"inLanguage\":\"cs-CZ\",\"potentialAction\":[{\"@type\":\"ReadAction\",\"target\":[\"https:\/\/www.smedemokrati.sk\/ziadna-slava-k-ziadosti-o-platbu-z-planu-obnovy-sa-nekona-taraba-milniky-nesplnil\/\"]}]},{\"@type\":\"ImageObject\",\"inLanguage\":\"cs-CZ\",\"@id\":\"https:\/\/www.smedemokrati.sk\/ziadna-slava-k-ziadosti-o-platbu-z-planu-obnovy-sa-nekona-taraba-milniky-nesplnil\/#primaryimage\",\"url\":\"https:\/\/www.smedemokrati.sk\/wp-content\/uploads\/2024\/05\/taraba-amnestia-vyrub.jpg\",\"contentUrl\":\"https:\/\/www.smedemokrati.sk\/wp-content\/uploads\/2024\/05\/taraba-amnestia-vyrub.jpg\",\"width\":1920,\"height\":1271},{\"@type\":\"BreadcrumbList\",\"@id\":\"https:\/\/www.smedemokrati.sk\/ziadna-slava-k-ziadosti-o-platbu-z-planu-obnovy-sa-nekona-taraba-milniky-nesplnil\/#breadcrumb\",\"itemListElement\":[{\"@type\":\"ListItem\",\"position\":1,\"name\":\"Domovsk\u00e1 str\u00e1nka\",\"item\":\"https:\/\/www.smedemokrati.sk\/\"},{\"@type\":\"ListItem\",\"position\":2,\"name\":\"\u017diadna sl\u00e1va k \u017eiadosti o platbu z pl\u00e1nu obnovy sa nekon\u00e1, Taraba m\u00ed\u013eniky nesplnil\"}]},{\"@type\":\"WebSite\",\"@id\":\"https:\/\/www.smedemokrati.sk\/#website\",\"url\":\"https:\/\/www.smedemokrati.sk\/\",\"name\":\"Smedemokrati.sk\",\"description\":\"Demokracia a slu\u0161nos\u0165 zv\u00ed\u0165az\u00ed\",\"publisher\":{\"@id\":\"https:\/\/www.smedemokrati.sk\/#organization\"},\"potentialAction\":[{\"@type\":\"SearchAction\",\"target\":{\"@type\":\"EntryPoint\",\"urlTemplate\":\"https:\/\/www.smedemokrati.sk\/?s={search_term_string}\"},\"query-input\":{\"@type\":\"PropertyValueSpecification\",\"valueRequired\":true,\"valueName\":\"search_term_string\"}}],\"inLanguage\":\"cs-CZ\"},{\"@type\":\"Organization\",\"@id\":\"https:\/\/www.smedemokrati.sk\/#organization\",\"name\":\"Smedemokrati.sk\",\"url\":\"https:\/\/www.smedemokrati.sk\/\",\"logo\":{\"@type\":\"ImageObject\",\"inLanguage\":\"cs-CZ\",\"@id\":\"https:\/\/www.smedemokrati.sk\/#\/schema\/logo\/image\/\",\"url\":\"https:\/\/www.smedemokrati.sk\/wp-content\/uploads\/2023\/04\/ff.002.jpeg\",\"contentUrl\":\"https:\/\/www.smedemokrati.sk\/wp-content\/uploads\/2023\/04\/ff.002.jpeg\",\"width\":640,\"height\":480,\"caption\":\"Smedemokrati.sk\"},\"image\":{\"@id\":\"https:\/\/www.smedemokrati.sk\/#\/schema\/logo\/image\/\"},\"sameAs\":[\"https:\/\/www.facebook.com\/smedemokrati2023\"]},{\"@type\":\"Person\",\"@id\":\"https:\/\/www.smedemokrati.sk\/#\/schema\/person\/21f147c88d605aa7ded900e1e7c344ba\",\"name\":\"miro.sopko\",\"image\":{\"@type\":\"ImageObject\",\"inLanguage\":\"cs-CZ\",\"@id\":\"https:\/\/secure.gravatar.com\/avatar\/267e4a36f704376c109afe3a78740c1f5dd8675a2180a908699e7863c9247606?s=96&d=mm&r=g\",\"url\":\"https:\/\/secure.gravatar.com\/avatar\/267e4a36f704376c109afe3a78740c1f5dd8675a2180a908699e7863c9247606?s=96&d=mm&r=g\",\"contentUrl\":\"https:\/\/secure.gravatar.com\/avatar\/267e4a36f704376c109afe3a78740c1f5dd8675a2180a908699e7863c9247606?s=96&d=mm&r=g\",\"caption\":\"miro.sopko\"},\"url\":\"https:\/\/www.smedemokrati.sk\/cs\/author\/miro-sopko\/\"}]}<\/script>\n<!-- \/ Yoast SEO plugin. -->","yoast_head_json":{"title":"\u017diadna sl\u00e1va k \u017eiadosti o platbu z pl\u00e1nu obnovy sa nekon\u00e1, Taraba m\u00ed\u013eniky nesplnil","robots":{"index":"index","follow":"follow","max-snippet":"max-snippet:-1","max-image-preview":"max-image-preview:large","max-video-preview":"max-video-preview:-1"},"canonical":"https:\/\/www.smedemokrati.sk\/cs\/ziadna-slava-k-ziadosti-o-platbu-z-planu-obnovy-sa-nekona-taraba-milniky-nesplnil\/","og_locale":"cs_CZ","og_type":"article","og_title":"[:sk]\u017diadna sl\u00e1va k \u017eiadosti o platbu z pl\u00e1nu obnovy sa nekon\u00e1, Taraba m\u00ed\u013eniky nesplnil[:] - Smedemokrati.sk","og_description":"Vicepremi\u00e9r pre pl\u00e1n obnovy Peter Kmec sa n\u00e1s dnes sna\u017eil opi\u0165 ro\u017ekom, ako \u00faspe\u0161ne posielaj\u00fa piatu \u017eiados\u0165 o platbu z pl\u00e1nu obnovy. Opak je v\u0161ak pravdou. Vl\u00e1da absol\u00fatne rezignovala na m\u00ed\u013eniky rezortu \u017eivotn\u00e9ho prostredia, kde sa jasne ukazuje Tarabova mana\u017e\u00e9rska neschopnos\u0165. Jej d\u00f4sledkom je kr\u00e1tenie piatej \u017eiadosti o platbu v sume skoro 90 mil. eur, [&hellip;]","og_url":"https:\/\/www.smedemokrati.sk\/cs\/ziadna-slava-k-ziadosti-o-platbu-z-planu-obnovy-sa-nekona-taraba-milniky-nesplnil\/","og_site_name":"Smedemokrati.sk","article_publisher":"https:\/\/www.facebook.com\/smedemokrati2023","article_published_time":"2024-12-16T19:23:00+00:00","article_modified_time":"2025-01-03T16:11:14+00:00","og_image":[{"width":1920,"height":1271,"url":"https:\/\/www.smedemokrati.sk\/wp-content\/uploads\/2024\/05\/taraba-amnestia-vyrub.jpg","type":"image\/jpeg"}],"author":"miro.sopko","twitter_card":"summary_large_image","twitter_misc":{"Napsal(a)":"miro.sopko","Odhadovan\u00e1 doba \u010dten\u00ed":"3 minuty"},"schema":{"@context":"https:\/\/schema.org","@graph":[{"@type":"Article","@id":"https:\/\/www.smedemokrati.sk\/ziadna-slava-k-ziadosti-o-platbu-z-planu-obnovy-sa-nekona-taraba-milniky-nesplnil\/#article","isPartOf":{"@id":"https:\/\/www.smedemokrati.sk\/ziadna-slava-k-ziadosti-o-platbu-z-planu-obnovy-sa-nekona-taraba-milniky-nesplnil\/"},"author":{"name":"miro.sopko","@id":"https:\/\/www.smedemokrati.sk\/#\/schema\/person\/21f147c88d605aa7ded900e1e7c344ba"},"headline":"\u017diadna sl\u00e1va k \u017eiadosti o platbu z pl\u00e1nu obnovy sa nekon\u00e1, Taraba m\u00ed\u013eniky nesplnil","datePublished":"2024-12-16T19:23:00+00:00","dateModified":"2025-01-03T16:11:14+00:00","mainEntityOfPage":{"@id":"https:\/\/www.smedemokrati.sk\/ziadna-slava-k-ziadosti-o-platbu-z-planu-obnovy-sa-nekona-taraba-milniky-nesplnil\/"},"wordCount":587,"publisher":{"@id":"https:\/\/www.smedemokrati.sk\/#organization"},"image":{"@id":"https:\/\/www.smedemokrati.sk\/ziadna-slava-k-ziadosti-o-platbu-z-planu-obnovy-sa-nekona-taraba-milniky-nesplnil\/#primaryimage"},"thumbnailUrl":"https:\/\/www.smedemokrati.sk\/wp-content\/uploads\/2024\/05\/taraba-amnestia-vyrub.jpg","articleSection":["Tla\u010dov\u00e9 spr\u00e1vy"],"inLanguage":"cs-CZ"},{"@type":"WebPage","@id":"https:\/\/www.smedemokrati.sk\/ziadna-slava-k-ziadosti-o-platbu-z-planu-obnovy-sa-nekona-taraba-milniky-nesplnil\/","url":"https:\/\/www.smedemokrati.sk\/ziadna-slava-k-ziadosti-o-platbu-z-planu-obnovy-sa-nekona-taraba-milniky-nesplnil\/","name":"\u017diadna sl\u00e1va k \u017eiadosti o platbu z pl\u00e1nu obnovy sa nekon\u00e1, Taraba m\u00ed\u013eniky nesplnil","isPartOf":{"@id":"https:\/\/www.smedemokrati.sk\/#website"},"primaryImageOfPage":{"@id":"https:\/\/www.smedemokrati.sk\/ziadna-slava-k-ziadosti-o-platbu-z-planu-obnovy-sa-nekona-taraba-milniky-nesplnil\/#primaryimage"},"image":{"@id":"https:\/\/www.smedemokrati.sk\/ziadna-slava-k-ziadosti-o-platbu-z-planu-obnovy-sa-nekona-taraba-milniky-nesplnil\/#primaryimage"},"thumbnailUrl":"https:\/\/www.smedemokrati.sk\/wp-content\/uploads\/2024\/05\/taraba-amnestia-vyrub.jpg","datePublished":"2024-12-16T19:23:00+00:00","dateModified":"2025-01-03T16:11:14+00:00","breadcrumb":{"@id":"https:\/\/www.smedemokrati.sk\/ziadna-slava-k-ziadosti-o-platbu-z-planu-obnovy-sa-nekona-taraba-milniky-nesplnil\/#breadcrumb"},"inLanguage":"cs-CZ","potentialAction":[{"@type":"ReadAction","target":["https:\/\/www.smedemokrati.sk\/ziadna-slava-k-ziadosti-o-platbu-z-planu-obnovy-sa-nekona-taraba-milniky-nesplnil\/"]}]},{"@type":"ImageObject","inLanguage":"cs-CZ","@id":"https:\/\/www.smedemokrati.sk\/ziadna-slava-k-ziadosti-o-platbu-z-planu-obnovy-sa-nekona-taraba-milniky-nesplnil\/#primaryimage","url":"https:\/\/www.smedemokrati.sk\/wp-content\/uploads\/2024\/05\/taraba-amnestia-vyrub.jpg","contentUrl":"https:\/\/www.smedemokrati.sk\/wp-content\/uploads\/2024\/05\/taraba-amnestia-vyrub.jpg","width":1920,"height":1271},{"@type":"BreadcrumbList","@id":"https:\/\/www.smedemokrati.sk\/ziadna-slava-k-ziadosti-o-platbu-z-planu-obnovy-sa-nekona-taraba-milniky-nesplnil\/#breadcrumb","itemListElement":[{"@type":"ListItem","position":1,"name":"Domovsk\u00e1 str\u00e1nka","item":"https:\/\/www.smedemokrati.sk\/"},{"@type":"ListItem","position":2,"name":"\u017diadna sl\u00e1va k \u017eiadosti o platbu z pl\u00e1nu obnovy sa nekon\u00e1, Taraba m\u00ed\u013eniky nesplnil"}]},{"@type":"WebSite","@id":"https:\/\/www.smedemokrati.sk\/#website","url":"https:\/\/www.smedemokrati.sk\/","name":"Smedemokrati.sk","description":"Demokracia a slu\u0161nos\u0165 zv\u00ed\u0165az\u00ed","publisher":{"@id":"https:\/\/www.smedemokrati.sk\/#organization"},"potentialAction":[{"@type":"SearchAction","target":{"@type":"EntryPoint","urlTemplate":"https:\/\/www.smedemokrati.sk\/?s={search_term_string}"},"query-input":{"@type":"PropertyValueSpecification","valueRequired":true,"valueName":"search_term_string"}}],"inLanguage":"cs-CZ"},{"@type":"Organization","@id":"https:\/\/www.smedemokrati.sk\/#organization","name":"Smedemokrati.sk","url":"https:\/\/www.smedemokrati.sk\/","logo":{"@type":"ImageObject","inLanguage":"cs-CZ","@id":"https:\/\/www.smedemokrati.sk\/#\/schema\/logo\/image\/","url":"https:\/\/www.smedemokrati.sk\/wp-content\/uploads\/2023\/04\/ff.002.jpeg","contentUrl":"https:\/\/www.smedemokrati.sk\/wp-content\/uploads\/2023\/04\/ff.002.jpeg","width":640,"height":480,"caption":"Smedemokrati.sk"},"image":{"@id":"https:\/\/www.smedemokrati.sk\/#\/schema\/logo\/image\/"},"sameAs":["https:\/\/www.facebook.com\/smedemokrati2023"]},{"@type":"Person","@id":"https:\/\/www.smedemokrati.sk\/#\/schema\/person\/21f147c88d605aa7ded900e1e7c344ba","name":"miro.sopko","image":{"@type":"ImageObject","inLanguage":"cs-CZ","@id":"https:\/\/secure.gravatar.com\/avatar\/267e4a36f704376c109afe3a78740c1f5dd8675a2180a908699e7863c9247606?s=96&d=mm&r=g","url":"https:\/\/secure.gravatar.com\/avatar\/267e4a36f704376c109afe3a78740c1f5dd8675a2180a908699e7863c9247606?s=96&d=mm&r=g","contentUrl":"https:\/\/secure.gravatar.com\/avatar\/267e4a36f704376c109afe3a78740c1f5dd8675a2180a908699e7863c9247606?s=96&d=mm&r=g","caption":"miro.sopko"},"url":"https:\/\/www.smedemokrati.sk\/cs\/author\/miro-sopko\/"}]}},"_links":{"self":[{"href":"https:\/\/www.smedemokrati.sk\/cs\/wp-json\/wp\/v2\/posts\/6006","targetHints":{"allow":["GET"]}}],"collection":[{"href":"https:\/\/www.smedemokrati.sk\/cs\/wp-json\/wp\/v2\/posts"}],"about":[{"href":"https:\/\/www.smedemokrati.sk\/cs\/wp-json\/wp\/v2\/types\/post"}],"author":[{"embeddable":true,"href":"https:\/\/www.smedemokrati.sk\/cs\/wp-json\/wp\/v2\/users\/13"}],"replies":[{"embeddable":true,"href":"https:\/\/www.smedemokrati.sk\/cs\/wp-json\/wp\/v2\/comments?post=6006"}],"version-history":[{"count":2,"href":"https:\/\/www.smedemokrati.sk\/cs\/wp-json\/wp\/v2\/posts\/6006\/revisions"}],"predecessor-version":[{"id":6010,"href":"https:\/\/www.smedemokrati.sk\/cs\/wp-json\/wp\/v2\/posts\/6006\/revisions\/6010"}],"wp:featuredmedia":[{"embeddable":true,"href":"https:\/\/www.smedemokrati.sk\/cs\/wp-json\/wp\/v2\/media\/4207"}],"wp:attachment":[{"href":"https:\/\/www.smedemokrati.sk\/cs\/wp-json\/wp\/v2\/media?parent=6006"}],"wp:term":[{"taxonomy":"category","embeddable":true,"href":"https:\/\/www.smedemokrati.sk\/cs\/wp-json\/wp\/v2\/categories?post=6006"},{"taxonomy":"post_tag","embeddable":true,"href":"https:\/\/www.smedemokrati.sk\/cs\/wp-json\/wp\/v2\/tags?post=6006"}],"curies":[{"name":"wp","href":"https:\/\/api.w.org\/{rel}","templated":true}]}}