{"id":6000,"date":"2024-12-16T11:01:45","date_gmt":"2024-12-16T10:01:45","guid":{"rendered":"https:\/\/www.smedemokrati.sk\/?p=6000"},"modified":"2024-12-19T09:37:04","modified_gmt":"2024-12-19T08:37:04","slug":"podavame-podnet-na-europsku-komisiu-novela-zakona-o-ochrane-prirody-je-obrovsky-skandal","status":"publish","type":"post","link":"https:\/\/www.smedemokrati.sk\/cs\/podavame-podnet-na-europsku-komisiu-novela-zakona-o-ochrane-prirody-je-obrovsky-skandal\/","title":{"rendered":"Pod\u00e1vame podnet na Eur\u00f3psku komisiu: novela z\u00e1kona o ochrane pr\u00edrody je obrovsk\u00fd \u0161kand\u00e1l"},"content":{"rendered":"<div id=\"fb-root\"><\/div>\n\n<p><strong>Environment\u00e1lny expert strany Michal Ki\u010da dnes pod\u00e1va podnet Eur\u00f3pskej komisii oh\u013eadom novely z\u00e1kona o ochrane pr\u00edrody, schv\u00e1lenej v novembri 2024. T\u00e1 ide priamo v rozpore s eur\u00f3pskym pr\u00e1vom, na \u010do Komisia m\u00f4\u017ee reagova\u0165 v prospech ochrany pr\u00edrody na Slovensku.&nbsp;<\/strong><\/p>\n\n\n\n<p>\u201e<em>Dnes u\u017e vieme, \u017ee na prezidenta Pellegriniho sa nem\u00f4\u017eeme spo\u013eahn\u00fa\u0165, ak ide o ochranu pr\u00edrody na Slovensku. Cel\u00e1 koal\u00edcia ide ruka v ruke s jej drancovan\u00edm a ustupovan\u00edm lobistom, a to s plnou podporou Petra Pellegriniho. \u017dia\u013e, dosved\u010duj\u00fa to novela z\u00e1kona o ochrane pr\u00edrody \u010di posledn\u00fd z\u00e1kon, ktor\u00fd umo\u017e\u0148uje zo zahrani\u010dia dov\u00e1\u017ea\u0165 r\u00e1dioakt\u00edvny odpad, prezident v\u0161etko podp\u00edsal bez oh\u013eadu na z\u00e1ujmy a zdravie ob\u010danov<\/em>&#8222;, upozor\u0148uje Michal Ki\u010da.<\/p>\n\n\n\n<p>Napriek tomu s\u00fa e\u0161te n\u00e1stroje, ktor\u00e9 vieme v ochrane pr\u00edrody vyu\u017ei\u0165. T\u00fdm, \u017ee novela z\u00e1kona je priamo v rozpore s eur\u00f3pskou legislat\u00edvou, osobitne so smernicou o biotopoch, tak pr\u00e1ve podnet na Eur\u00f3psku komisiu by koal\u00edcii mohol na\u0161trbi\u0165 z\u00e1mer fat\u00e1lne obmedzi\u0165 ochranu pr\u00edrody na Slovensku.<\/p>\n\n\n\n<p>\u201e<em>Ide asi o najnebezpe\u010dnej\u0161iu novelu, s akou koal\u00edcia pri\u0161la. Degraduje dobrovo\u013en\u00fa str\u00e1\u017e pr\u00edrody na Slovensku, obmedzuje pr\u00e1va ob\u010danov a ukr\u00fdva v sebe in\u0161tit\u00fat fikt\u00edvneho s\u00fahlasu, \u010do je absol\u00fatny nonsens v demokratickej krajine. Slovensko s t\u00fdm u\u017e probl\u00e9m kv\u00f4li nes\u00faladu s pr\u00e1vom E\u00da malo,<\/em>&#8220; vysvet\u013euje Ki\u010da.<\/p>\n\n\n\n<p>Fikt\u00edvny s\u00fahlas de facto znamen\u00e1, \u017ee ak sa org\u00e1n ochrany nestihne vyjadri\u0165 k akejko\u013evek v\u00fdstavbe alebo \u0165a\u017ebe, tak sa to automaticky vn\u00edma ako kladn\u00e9 stanovisko. Enviroorganiz\u00e1cie sa u\u017e rovnako nebud\u00fa m\u00f4c\u0165 \u00fa\u010dinne vyjadrova\u0165 v konaniach pod\u013ea z\u00e1kona o ochrane pr\u00edrody. Ak si to spoj\u00edme s bezprecedentn\u00fdm prep\u00fa\u0161\u0165an\u00edm v \u0160t\u00e1tnej ochrane pr\u00edrody a n\u00e1rodn\u00fdch parkoch, je to smrtiaci koktejl pre slovensk\u00fa pr\u00edrodu. Nebude ju ma\u0165 skr\u00e1tka kto chr\u00e1ni\u0165.<\/p>\n\n\n\n<p>\u201e<em>Na\u0161e \u017eivotn\u00e9 prostredie \u010del\u00ed mas\u00edvnemu \u00fatoku zo strany vl\u00e1dnej koal\u00edcie. Ak sa neza\u010dneme vo\u010di mnoh\u00fdm n\u00e1vrhom jasne vymedzova\u0165 a vyu\u017e\u00edva\u0165 v\u0161etky sp\u00f4soby, ktor\u00fdmi m\u00f4\u017eeme ich nebezpe\u010dn\u00e9 hry zvr\u00e1ti\u0165, tak Slovensko bude jednou z najohrozenej\u0161\u00edch kraj\u00edn zasiahnut\u00fdch klimatick\u00fdmi zmenami. Pr\u00eddeme o v\u0161etko, \u010do n\u00e1s m\u00e1lo robi\u0165 odolnou krajinou, ktor\u00e1 m\u00e1 dostato\u010dn\u00e9 pr\u00edrodn\u00e9 zdroje, aby zmeny ust\u00e1la,<\/em>\u201d uzavrel Ki\u010da.<\/p>\n","protected":false},"excerpt":{"rendered":"<p>Environment\u00e1lny expert strany Michal Ki\u010da dnes pod\u00e1va podnet Eur\u00f3pskej komisii oh\u013eadom novely z\u00e1kona o ochrane pr\u00edrody, schv\u00e1lenej v novembri 2024. T\u00e1 ide priamo v rozpore s eur\u00f3pskym pr\u00e1vom, na \u010do Komisia m\u00f4\u017ee reagova\u0165 v prospech ochrany pr\u00edrody na Slovensku.&nbsp; \u201eDnes u\u017e vieme, \u017ee na prezidenta Pellegriniho sa nem\u00f4\u017eeme spo\u013eahn\u00fa\u0165, ak ide o ochranu pr\u00edrody na [&hellip;]<\/p>\n","protected":false},"author":13,"featured_media":2526,"comment_status":"closed","ping_status":"closed","sticky":false,"template":"","format":"standard","meta":{"_acf_changed":false,"ngg_post_thumbnail":0,"footnotes":""},"categories":[4],"tags":[],"class_list":["post-6000","post","type-post","status-publish","format-standard","has-post-thumbnail","hentry","category-tlacove-spravy"],"acf":[],"yoast_head":"<!-- This site is optimized with the Yoast SEO plugin v27.2 - https:\/\/yoast.com\/product\/yoast-seo-wordpress\/ -->\n<title>Pod\u00e1vame podnet na Eur\u00f3psku komisiu: novela z\u00e1kona o ochrane pr\u00edrody je obrovsk\u00fd \u0161kand\u00e1l<\/title>\n<meta name=\"robots\" content=\"index, follow, max-snippet:-1, max-image-preview:large, max-video-preview:-1\" \/>\n<link rel=\"canonical\" href=\"https:\/\/www.smedemokrati.sk\/cs\/podavame-podnet-na-europsku-komisiu-novela-zakona-o-ochrane-prirody-je-obrovsky-skandal\/\" \/>\n<meta property=\"og:locale\" content=\"cs_CZ\" \/>\n<meta property=\"og:locale:alternate\" content=\"en_US\" \/>\n<meta property=\"og:locale:alternate\" content=\"hu_HU\" \/>\n<meta property=\"og:locale:alternate\" content=\"sk_SK\" \/>\n<meta property=\"og:locale:alternate\" content=\"sv_SE\" \/>\n<meta property=\"og:type\" content=\"article\" \/>\n<meta property=\"og:title\" content=\"Pod\u00e1vame podnet na Eur\u00f3psku komisiu: novela z\u00e1kona o ochrane pr\u00edrody je obrovsk\u00fd \u0161kand\u00e1l\" \/>\n<meta property=\"og:description\" content=\"Environment\u00e1lny expert strany Michal Ki\u010da dnes pod\u00e1va podnet Eur\u00f3pskej komisii oh\u013eadom novely z\u00e1kona o ochrane pr\u00edrody, schv\u00e1lenej v novembri 2024. T\u00e1 ide priamo v rozpore s eur\u00f3pskym pr\u00e1vom, na \u010do Komisia m\u00f4\u017ee reagova\u0165 v prospech ochrany pr\u00edrody na Slovensku.&nbsp; \u201eDnes u\u017e vieme, \u017ee na prezidenta Pellegriniho sa nem\u00f4\u017eeme spo\u013eahn\u00fa\u0165, ak ide o ochranu pr\u00edrody na [&hellip;]\" \/>\n<meta property=\"og:url\" content=\"https:\/\/www.smedemokrati.sk\/cs\/podavame-podnet-na-europsku-komisiu-novela-zakona-o-ochrane-prirody-je-obrovsky-skandal\/\" \/>\n<meta property=\"og:site_name\" content=\"Smedemokrati.sk\" \/>\n<meta property=\"article:publisher\" content=\"https:\/\/www.facebook.com\/smedemokrati2023\" \/>\n<meta property=\"article:published_time\" content=\"2024-12-16T10:01:45+00:00\" \/>\n<meta property=\"article:modified_time\" content=\"2024-12-19T08:37:04+00:00\" \/>\n<meta property=\"og:image\" content=\"https:\/\/www.smedemokrati.sk\/wp-content\/uploads\/2024\/01\/kica-1.jpg\" \/>\n\t<meta property=\"og:image:width\" content=\"1897\" \/>\n\t<meta property=\"og:image:height\" content=\"1057\" \/>\n\t<meta property=\"og:image:type\" content=\"image\/jpeg\" \/>\n<meta name=\"author\" content=\"miro.sopko\" \/>\n<meta name=\"twitter:card\" content=\"summary_large_image\" \/>\n<meta name=\"twitter:label1\" content=\"Napsal(a)\" \/>\n\t<meta name=\"twitter:data1\" content=\"miro.sopko\" \/>\n\t<meta name=\"twitter:label2\" content=\"Odhadovan\u00e1 doba \u010dten\u00ed\" \/>\n\t<meta name=\"twitter:data2\" content=\"2 minuty\" \/>\n<script type=\"application\/ld+json\" class=\"yoast-schema-graph\">{\"@context\":\"https:\/\/schema.org\",\"@graph\":[{\"@type\":\"Article\",\"@id\":\"https:\/\/www.smedemokrati.sk\/podavame-podnet-na-europsku-komisiu-novela-zakona-o-ochrane-prirody-je-obrovsky-skandal\/#article\",\"isPartOf\":{\"@id\":\"https:\/\/www.smedemokrati.sk\/podavame-podnet-na-europsku-komisiu-novela-zakona-o-ochrane-prirody-je-obrovsky-skandal\/\"},\"author\":{\"name\":\"miro.sopko\",\"@id\":\"https:\/\/www.smedemokrati.sk\/#\/schema\/person\/21f147c88d605aa7ded900e1e7c344ba\"},\"headline\":\"Pod\u00e1vame podnet na Eur\u00f3psku komisiu: novela z\u00e1kona o ochrane pr\u00edrody je obrovsk\u00fd \u0161kand\u00e1l\",\"datePublished\":\"2024-12-16T10:01:45+00:00\",\"dateModified\":\"2024-12-19T08:37:04+00:00\",\"mainEntityOfPage\":{\"@id\":\"https:\/\/www.smedemokrati.sk\/podavame-podnet-na-europsku-komisiu-novela-zakona-o-ochrane-prirody-je-obrovsky-skandal\/\"},\"wordCount\":459,\"publisher\":{\"@id\":\"https:\/\/www.smedemokrati.sk\/#organization\"},\"image\":{\"@id\":\"https:\/\/www.smedemokrati.sk\/podavame-podnet-na-europsku-komisiu-novela-zakona-o-ochrane-prirody-je-obrovsky-skandal\/#primaryimage\"},\"thumbnailUrl\":\"https:\/\/www.smedemokrati.sk\/wp-content\/uploads\/2024\/01\/kica-1.jpg\",\"articleSection\":[\"Tla\u010dov\u00e9 spr\u00e1vy\"],\"inLanguage\":\"cs-CZ\"},{\"@type\":\"WebPage\",\"@id\":\"https:\/\/www.smedemokrati.sk\/podavame-podnet-na-europsku-komisiu-novela-zakona-o-ochrane-prirody-je-obrovsky-skandal\/\",\"url\":\"https:\/\/www.smedemokrati.sk\/podavame-podnet-na-europsku-komisiu-novela-zakona-o-ochrane-prirody-je-obrovsky-skandal\/\",\"name\":\"Pod\u00e1vame podnet na Eur\u00f3psku komisiu: novela z\u00e1kona o ochrane pr\u00edrody je obrovsk\u00fd \u0161kand\u00e1l\",\"isPartOf\":{\"@id\":\"https:\/\/www.smedemokrati.sk\/#website\"},\"primaryImageOfPage\":{\"@id\":\"https:\/\/www.smedemokrati.sk\/podavame-podnet-na-europsku-komisiu-novela-zakona-o-ochrane-prirody-je-obrovsky-skandal\/#primaryimage\"},\"image\":{\"@id\":\"https:\/\/www.smedemokrati.sk\/podavame-podnet-na-europsku-komisiu-novela-zakona-o-ochrane-prirody-je-obrovsky-skandal\/#primaryimage\"},\"thumbnailUrl\":\"https:\/\/www.smedemokrati.sk\/wp-content\/uploads\/2024\/01\/kica-1.jpg\",\"datePublished\":\"2024-12-16T10:01:45+00:00\",\"dateModified\":\"2024-12-19T08:37:04+00:00\",\"breadcrumb\":{\"@id\":\"https:\/\/www.smedemokrati.sk\/podavame-podnet-na-europsku-komisiu-novela-zakona-o-ochrane-prirody-je-obrovsky-skandal\/#breadcrumb\"},\"inLanguage\":\"cs-CZ\",\"potentialAction\":[{\"@type\":\"ReadAction\",\"target\":[\"https:\/\/www.smedemokrati.sk\/podavame-podnet-na-europsku-komisiu-novela-zakona-o-ochrane-prirody-je-obrovsky-skandal\/\"]}]},{\"@type\":\"ImageObject\",\"inLanguage\":\"cs-CZ\",\"@id\":\"https:\/\/www.smedemokrati.sk\/podavame-podnet-na-europsku-komisiu-novela-zakona-o-ochrane-prirody-je-obrovsky-skandal\/#primaryimage\",\"url\":\"https:\/\/www.smedemokrati.sk\/wp-content\/uploads\/2024\/01\/kica-1.jpg\",\"contentUrl\":\"https:\/\/www.smedemokrati.sk\/wp-content\/uploads\/2024\/01\/kica-1.jpg\",\"width\":1897,\"height\":1057},{\"@type\":\"BreadcrumbList\",\"@id\":\"https:\/\/www.smedemokrati.sk\/podavame-podnet-na-europsku-komisiu-novela-zakona-o-ochrane-prirody-je-obrovsky-skandal\/#breadcrumb\",\"itemListElement\":[{\"@type\":\"ListItem\",\"position\":1,\"name\":\"Domovsk\u00e1 str\u00e1nka\",\"item\":\"https:\/\/www.smedemokrati.sk\/\"},{\"@type\":\"ListItem\",\"position\":2,\"name\":\"Pod\u00e1vame podnet na Eur\u00f3psku komisiu: novela z\u00e1kona o ochrane pr\u00edrody je obrovsk\u00fd \u0161kand\u00e1l\"}]},{\"@type\":\"WebSite\",\"@id\":\"https:\/\/www.smedemokrati.sk\/#website\",\"url\":\"https:\/\/www.smedemokrati.sk\/\",\"name\":\"Smedemokrati.sk\",\"description\":\"Demokracia a slu\u0161nos\u0165 zv\u00ed\u0165az\u00ed\",\"publisher\":{\"@id\":\"https:\/\/www.smedemokrati.sk\/#organization\"},\"potentialAction\":[{\"@type\":\"SearchAction\",\"target\":{\"@type\":\"EntryPoint\",\"urlTemplate\":\"https:\/\/www.smedemokrati.sk\/?s={search_term_string}\"},\"query-input\":{\"@type\":\"PropertyValueSpecification\",\"valueRequired\":true,\"valueName\":\"search_term_string\"}}],\"inLanguage\":\"cs-CZ\"},{\"@type\":\"Organization\",\"@id\":\"https:\/\/www.smedemokrati.sk\/#organization\",\"name\":\"Smedemokrati.sk\",\"url\":\"https:\/\/www.smedemokrati.sk\/\",\"logo\":{\"@type\":\"ImageObject\",\"inLanguage\":\"cs-CZ\",\"@id\":\"https:\/\/www.smedemokrati.sk\/#\/schema\/logo\/image\/\",\"url\":\"https:\/\/www.smedemokrati.sk\/wp-content\/uploads\/2023\/04\/ff.002.jpeg\",\"contentUrl\":\"https:\/\/www.smedemokrati.sk\/wp-content\/uploads\/2023\/04\/ff.002.jpeg\",\"width\":640,\"height\":480,\"caption\":\"Smedemokrati.sk\"},\"image\":{\"@id\":\"https:\/\/www.smedemokrati.sk\/#\/schema\/logo\/image\/\"},\"sameAs\":[\"https:\/\/www.facebook.com\/smedemokrati2023\"]},{\"@type\":\"Person\",\"@id\":\"https:\/\/www.smedemokrati.sk\/#\/schema\/person\/21f147c88d605aa7ded900e1e7c344ba\",\"name\":\"miro.sopko\",\"image\":{\"@type\":\"ImageObject\",\"inLanguage\":\"cs-CZ\",\"@id\":\"https:\/\/secure.gravatar.com\/avatar\/267e4a36f704376c109afe3a78740c1f5dd8675a2180a908699e7863c9247606?s=96&d=mm&r=g\",\"url\":\"https:\/\/secure.gravatar.com\/avatar\/267e4a36f704376c109afe3a78740c1f5dd8675a2180a908699e7863c9247606?s=96&d=mm&r=g\",\"contentUrl\":\"https:\/\/secure.gravatar.com\/avatar\/267e4a36f704376c109afe3a78740c1f5dd8675a2180a908699e7863c9247606?s=96&d=mm&r=g\",\"caption\":\"miro.sopko\"},\"url\":\"https:\/\/www.smedemokrati.sk\/cs\/author\/miro-sopko\/\"}]}<\/script>\n<!-- \/ Yoast SEO plugin. -->","yoast_head_json":{"title":"Pod\u00e1vame podnet na Eur\u00f3psku komisiu: novela z\u00e1kona o ochrane pr\u00edrody je obrovsk\u00fd \u0161kand\u00e1l","robots":{"index":"index","follow":"follow","max-snippet":"max-snippet:-1","max-image-preview":"max-image-preview:large","max-video-preview":"max-video-preview:-1"},"canonical":"https:\/\/www.smedemokrati.sk\/cs\/podavame-podnet-na-europsku-komisiu-novela-zakona-o-ochrane-prirody-je-obrovsky-skandal\/","og_locale":"cs_CZ","og_type":"article","og_title":"[:sk]Pod\u00e1vame podnet na Eur\u00f3psku komisiu: novela z\u00e1kona o ochrane pr\u00edrody je obrovsk\u00fd \u0161kand\u00e1l[:] - Smedemokrati.sk","og_description":"Environment\u00e1lny expert strany Michal Ki\u010da dnes pod\u00e1va podnet Eur\u00f3pskej komisii oh\u013eadom novely z\u00e1kona o ochrane pr\u00edrody, schv\u00e1lenej v novembri 2024. T\u00e1 ide priamo v rozpore s eur\u00f3pskym pr\u00e1vom, na \u010do Komisia m\u00f4\u017ee reagova\u0165 v prospech ochrany pr\u00edrody na Slovensku.&nbsp; \u201eDnes u\u017e vieme, \u017ee na prezidenta Pellegriniho sa nem\u00f4\u017eeme spo\u013eahn\u00fa\u0165, ak ide o ochranu pr\u00edrody na [&hellip;]","og_url":"https:\/\/www.smedemokrati.sk\/cs\/podavame-podnet-na-europsku-komisiu-novela-zakona-o-ochrane-prirody-je-obrovsky-skandal\/","og_site_name":"Smedemokrati.sk","article_publisher":"https:\/\/www.facebook.com\/smedemokrati2023","article_published_time":"2024-12-16T10:01:45+00:00","article_modified_time":"2024-12-19T08:37:04+00:00","og_image":[{"width":1897,"height":1057,"url":"https:\/\/www.smedemokrati.sk\/wp-content\/uploads\/2024\/01\/kica-1.jpg","type":"image\/jpeg"}],"author":"miro.sopko","twitter_card":"summary_large_image","twitter_misc":{"Napsal(a)":"miro.sopko","Odhadovan\u00e1 doba \u010dten\u00ed":"2 minuty"},"schema":{"@context":"https:\/\/schema.org","@graph":[{"@type":"Article","@id":"https:\/\/www.smedemokrati.sk\/podavame-podnet-na-europsku-komisiu-novela-zakona-o-ochrane-prirody-je-obrovsky-skandal\/#article","isPartOf":{"@id":"https:\/\/www.smedemokrati.sk\/podavame-podnet-na-europsku-komisiu-novela-zakona-o-ochrane-prirody-je-obrovsky-skandal\/"},"author":{"name":"miro.sopko","@id":"https:\/\/www.smedemokrati.sk\/#\/schema\/person\/21f147c88d605aa7ded900e1e7c344ba"},"headline":"Pod\u00e1vame podnet na Eur\u00f3psku komisiu: novela z\u00e1kona o ochrane pr\u00edrody je obrovsk\u00fd \u0161kand\u00e1l","datePublished":"2024-12-16T10:01:45+00:00","dateModified":"2024-12-19T08:37:04+00:00","mainEntityOfPage":{"@id":"https:\/\/www.smedemokrati.sk\/podavame-podnet-na-europsku-komisiu-novela-zakona-o-ochrane-prirody-je-obrovsky-skandal\/"},"wordCount":459,"publisher":{"@id":"https:\/\/www.smedemokrati.sk\/#organization"},"image":{"@id":"https:\/\/www.smedemokrati.sk\/podavame-podnet-na-europsku-komisiu-novela-zakona-o-ochrane-prirody-je-obrovsky-skandal\/#primaryimage"},"thumbnailUrl":"https:\/\/www.smedemokrati.sk\/wp-content\/uploads\/2024\/01\/kica-1.jpg","articleSection":["Tla\u010dov\u00e9 spr\u00e1vy"],"inLanguage":"cs-CZ"},{"@type":"WebPage","@id":"https:\/\/www.smedemokrati.sk\/podavame-podnet-na-europsku-komisiu-novela-zakona-o-ochrane-prirody-je-obrovsky-skandal\/","url":"https:\/\/www.smedemokrati.sk\/podavame-podnet-na-europsku-komisiu-novela-zakona-o-ochrane-prirody-je-obrovsky-skandal\/","name":"Pod\u00e1vame podnet na Eur\u00f3psku komisiu: novela z\u00e1kona o ochrane pr\u00edrody je obrovsk\u00fd \u0161kand\u00e1l","isPartOf":{"@id":"https:\/\/www.smedemokrati.sk\/#website"},"primaryImageOfPage":{"@id":"https:\/\/www.smedemokrati.sk\/podavame-podnet-na-europsku-komisiu-novela-zakona-o-ochrane-prirody-je-obrovsky-skandal\/#primaryimage"},"image":{"@id":"https:\/\/www.smedemokrati.sk\/podavame-podnet-na-europsku-komisiu-novela-zakona-o-ochrane-prirody-je-obrovsky-skandal\/#primaryimage"},"thumbnailUrl":"https:\/\/www.smedemokrati.sk\/wp-content\/uploads\/2024\/01\/kica-1.jpg","datePublished":"2024-12-16T10:01:45+00:00","dateModified":"2024-12-19T08:37:04+00:00","breadcrumb":{"@id":"https:\/\/www.smedemokrati.sk\/podavame-podnet-na-europsku-komisiu-novela-zakona-o-ochrane-prirody-je-obrovsky-skandal\/#breadcrumb"},"inLanguage":"cs-CZ","potentialAction":[{"@type":"ReadAction","target":["https:\/\/www.smedemokrati.sk\/podavame-podnet-na-europsku-komisiu-novela-zakona-o-ochrane-prirody-je-obrovsky-skandal\/"]}]},{"@type":"ImageObject","inLanguage":"cs-CZ","@id":"https:\/\/www.smedemokrati.sk\/podavame-podnet-na-europsku-komisiu-novela-zakona-o-ochrane-prirody-je-obrovsky-skandal\/#primaryimage","url":"https:\/\/www.smedemokrati.sk\/wp-content\/uploads\/2024\/01\/kica-1.jpg","contentUrl":"https:\/\/www.smedemokrati.sk\/wp-content\/uploads\/2024\/01\/kica-1.jpg","width":1897,"height":1057},{"@type":"BreadcrumbList","@id":"https:\/\/www.smedemokrati.sk\/podavame-podnet-na-europsku-komisiu-novela-zakona-o-ochrane-prirody-je-obrovsky-skandal\/#breadcrumb","itemListElement":[{"@type":"ListItem","position":1,"name":"Domovsk\u00e1 str\u00e1nka","item":"https:\/\/www.smedemokrati.sk\/"},{"@type":"ListItem","position":2,"name":"Pod\u00e1vame podnet na Eur\u00f3psku komisiu: novela z\u00e1kona o ochrane pr\u00edrody je obrovsk\u00fd \u0161kand\u00e1l"}]},{"@type":"WebSite","@id":"https:\/\/www.smedemokrati.sk\/#website","url":"https:\/\/www.smedemokrati.sk\/","name":"Smedemokrati.sk","description":"Demokracia a slu\u0161nos\u0165 zv\u00ed\u0165az\u00ed","publisher":{"@id":"https:\/\/www.smedemokrati.sk\/#organization"},"potentialAction":[{"@type":"SearchAction","target":{"@type":"EntryPoint","urlTemplate":"https:\/\/www.smedemokrati.sk\/?s={search_term_string}"},"query-input":{"@type":"PropertyValueSpecification","valueRequired":true,"valueName":"search_term_string"}}],"inLanguage":"cs-CZ"},{"@type":"Organization","@id":"https:\/\/www.smedemokrati.sk\/#organization","name":"Smedemokrati.sk","url":"https:\/\/www.smedemokrati.sk\/","logo":{"@type":"ImageObject","inLanguage":"cs-CZ","@id":"https:\/\/www.smedemokrati.sk\/#\/schema\/logo\/image\/","url":"https:\/\/www.smedemokrati.sk\/wp-content\/uploads\/2023\/04\/ff.002.jpeg","contentUrl":"https:\/\/www.smedemokrati.sk\/wp-content\/uploads\/2023\/04\/ff.002.jpeg","width":640,"height":480,"caption":"Smedemokrati.sk"},"image":{"@id":"https:\/\/www.smedemokrati.sk\/#\/schema\/logo\/image\/"},"sameAs":["https:\/\/www.facebook.com\/smedemokrati2023"]},{"@type":"Person","@id":"https:\/\/www.smedemokrati.sk\/#\/schema\/person\/21f147c88d605aa7ded900e1e7c344ba","name":"miro.sopko","image":{"@type":"ImageObject","inLanguage":"cs-CZ","@id":"https:\/\/secure.gravatar.com\/avatar\/267e4a36f704376c109afe3a78740c1f5dd8675a2180a908699e7863c9247606?s=96&d=mm&r=g","url":"https:\/\/secure.gravatar.com\/avatar\/267e4a36f704376c109afe3a78740c1f5dd8675a2180a908699e7863c9247606?s=96&d=mm&r=g","contentUrl":"https:\/\/secure.gravatar.com\/avatar\/267e4a36f704376c109afe3a78740c1f5dd8675a2180a908699e7863c9247606?s=96&d=mm&r=g","caption":"miro.sopko"},"url":"https:\/\/www.smedemokrati.sk\/cs\/author\/miro-sopko\/"}]}},"_links":{"self":[{"href":"https:\/\/www.smedemokrati.sk\/cs\/wp-json\/wp\/v2\/posts\/6000","targetHints":{"allow":["GET"]}}],"collection":[{"href":"https:\/\/www.smedemokrati.sk\/cs\/wp-json\/wp\/v2\/posts"}],"about":[{"href":"https:\/\/www.smedemokrati.sk\/cs\/wp-json\/wp\/v2\/types\/post"}],"author":[{"embeddable":true,"href":"https:\/\/www.smedemokrati.sk\/cs\/wp-json\/wp\/v2\/users\/13"}],"replies":[{"embeddable":true,"href":"https:\/\/www.smedemokrati.sk\/cs\/wp-json\/wp\/v2\/comments?post=6000"}],"version-history":[{"count":1,"href":"https:\/\/www.smedemokrati.sk\/cs\/wp-json\/wp\/v2\/posts\/6000\/revisions"}],"predecessor-version":[{"id":6001,"href":"https:\/\/www.smedemokrati.sk\/cs\/wp-json\/wp\/v2\/posts\/6000\/revisions\/6001"}],"wp:featuredmedia":[{"embeddable":true,"href":"https:\/\/www.smedemokrati.sk\/cs\/wp-json\/wp\/v2\/media\/2526"}],"wp:attachment":[{"href":"https:\/\/www.smedemokrati.sk\/cs\/wp-json\/wp\/v2\/media?parent=6000"}],"wp:term":[{"taxonomy":"category","embeddable":true,"href":"https:\/\/www.smedemokrati.sk\/cs\/wp-json\/wp\/v2\/categories?post=6000"},{"taxonomy":"post_tag","embeddable":true,"href":"https:\/\/www.smedemokrati.sk\/cs\/wp-json\/wp\/v2\/tags?post=6000"}],"curies":[{"name":"wp","href":"https:\/\/api.w.org\/{rel}","templated":true}]}}